{"id":1005,"date":"2022-03-14T09:40:57","date_gmt":"2022-03-14T09:40:57","guid":{"rendered":"http:\/\/www.mavihaber.com.tr\/?p=1005"},"modified":"2022-03-14T09:40:57","modified_gmt":"2022-03-14T09:40:57","slug":"chp-iktidara-yuruyor","status":"publish","type":"post","link":"https:\/\/www.mavihaber.com.tr\/?p=1005","title":{"rendered":"CHP \u0130ktidara Y\u00fcr\u00fcyor&#8230;"},"content":{"rendered":"<p>CHP \u0130KT\u0130DARA Y\u00dcR\u00dcYOR<\/p>\n<p>CHP&#8217;DEN G\u00d6RKEML\u0130 TOPLANTI<\/p>\n<p>&#8220;\u0130kinci Y\u00fczy\u0131l Bildirgesi I\u015f\u0131\u011f\u0131nda \u0130ktidar Hedefi&#8221; slogan\u0131yla Cumhuriyet Halk Partisi(CHP) Adana \u0130l Ba\u015fkanl\u0131\u011f\u0131, CHP Adana Geni\u015fletilmi\u015f \u0130l Dan\u0131\u015fma Kurulu toplant\u0131s\u0131n\u0131 ger\u00e7ekle\u015ftirdi. \u015e\u00f6len havas\u0131nda ge\u00e7en toplant\u0131da binlerce partilinin salonu doldurdu\u011fu g\u00f6zlendi.<\/p>\n<p>Adana\u2019da ASK\u0130 Spor Salonu\u2019nda d\u00fczenlenen CHP Geni\u015fletilmi\u015f \u0130l Dan\u0131\u015fma Kurulu Toplant\u0131s\u0131\u2019na; CHP Genel Ba\u015fkan Yard\u0131mc\u0131s\u0131 O\u011fuz Kaan Sal\u0131c\u0131, CHP Grup Ba\u015fkan Vekili \u00d6zg\u00fcr \u00d6zel, CHP \u0130l Ba\u015fkan\u0131 Mehmet \u00c7elebi ve y\u00f6netimi, Adana B\u00fcy\u00fck\u015fehir Belediye Ba\u015fkan\u0131 Zeydan Karalar, Adana Milletvekilleri Ayhan Barut, Orhan S\u00fcmer, M\u00fczeyyen \u015eevkin, Burhanettin Bulut, \u0130l\u00e7e Belediye Ba\u015fkanlar\u0131 Akif Kemal Akay, Soner \u00c7etin, Kas\u0131m Karak\u00f6se, H\u00fclya Erdem, CHP PM ve YDK \u00dcyeleri, sivil toplum kurulu\u015flar\u0131n\u0131n temsilcileri, meclis \u00fcyeleri, kad\u0131n ve gen\u00e7lik kollar\u0131n\u0131n yan\u0131 s\u0131ra \u00e7ok say\u0131da partili kat\u0131ld\u0131.<\/p>\n<p>Sayg\u0131 duru\u015fu ve \u0130stiklal Mar\u015f\u0131 okunmas\u0131n\u0131n ard\u0131ndan hazirunu selamlayan \u0130l Ba\u015fkan\u0131 Mehmet \u00c7elebi toplant\u0131n\u0131n a\u00e7\u0131l\u0131\u015f konu\u015fmas\u0131n\u0131 yapt\u0131. G\u00f6reve geldikleri g\u00fcnden bug\u00fcne yapt\u0131klar\u0131 icraatlar\u0131 anlatt\u0131. CHP \u0130l Ba\u015fkan\u0131 Mehmet \u00c7elebi konu\u015fmas\u0131nda \u015fu de\u011ferlendirmelere yer verdi: &#8220;\u00dclkemiz zor bir d\u00f6nemden ge\u00e7iyor, milletimiz zamlar\u0131n ve hayat pahal\u0131l\u0131\u011f\u0131n\u0131n alt\u0131nda adeta ezilmi\u015f durumda. Halk\u0131n g\u00fcndeminden tamamen kopan bu iktidar; bir avu\u00e7 az\u0131nl\u0131\u011f\u0131 zenginle\u015ftirirken, milletimizi yoksullu\u011fa terk etti. Yurtta\u015f\u0131m\u0131z; \u0131s\u0131nma, bar\u0131nma, beslenme gibi en temel ihtiya\u00e7lar\u0131n\u0131 kar\u015f\u0131layamaz duruma geldi. \u00c7ift\u00e7ilerimiz artan girdi maliyetleri y\u00fcz\u00fcnden \u00fcretim yapam\u0131yor, esnaf\u0131m\u0131z kiras\u0131n\u0131, vergisini \u00f6deyemiyor, i\u015f\u00e7imiz eme\u011finin kar\u015f\u0131l\u0131\u011f\u0131n\u0131 alam\u0131yor. \u0130\u015fsizlik rekor seviyeye ula\u015ft\u0131, art\u0131k T\u00dc\u0130K\u2019 in makyajl\u0131 rakamlar\u0131 bile ya\u015fanan ekonomik krizi \u00f6rtmeye yetmiyor. \u00dcniversite mezunlar\u0131m\u0131z gelece\u011fe umutla bakam\u0131yor, maalesef \u00fclkeden ayr\u0131lman\u0131n yollar\u0131n\u0131 ar\u0131yor. Yap\u0131lan ara\u015ft\u0131rmalara g\u00f6re vatanda\u015flar\u0131m\u0131z\u0131n %37\u2019si ete ula\u015fam\u0131yor, yani sa\u011fl\u0131kl\u0131 beslenemiyor. Belediyelerin Halk Ekmek b\u00fcfeleri \u00f6n\u00fcnde kilometreyi bulan kuyruklar olu\u015fuyor. Sosyal yard\u0131mlarla ge\u00e7inen yurtta\u015flar\u0131m\u0131z\u0131n say\u0131s\u0131 son bir y\u0131l i\u00e7inde ikiye katlanarak 7 milyona yakla\u015ft\u0131. \u0130cra dairelerindeki dosya say\u0131s\u0131 ise 25 milyonu buldu. 20 y\u0131ll\u0131k AKP iktidar\u0131n\u0131n faturas\u0131 \u00e7ok a\u011f\u0131r oldu.<\/p>\n<p>B\u00fct\u00fcn bu olumsuz ko\u015fullara ra\u011fmen hi\u00e7bir yurtta\u015f\u0131m\u0131z karamsar olmamal\u0131. Ya\u015fad\u0131\u011f\u0131m\u0131z t\u00fcm sorunlar\u0131n \u00e7\u00f6z\u00fcmleri mevcut ve ilk se\u00e7imde iktidar olup bu sorunlar\u0131 \u00e7\u00f6zece\u011fiz. Millet ittifak\u0131 iktidar\u0131nda \u00fclkemizin kaynaklar\u0131 betona ve ranta de\u011fil; vatanda\u015fa hizmet i\u00e7in kullan\u0131lacak. Bize d\u00fc\u015fen g\u00f6rev partimizin \u00e7\u00f6z\u00fcm \u00f6nerilerini vatanda\u015fa aktarmakt\u0131r. Bildi\u011finiz gibi 6 siyasi parti ile g\u00fc\u00e7lendirilmi\u015f parlamenter sistem konusunda bir mutabakata vard\u0131k. Genel ba\u015fkan\u0131m\u0131z b\u00fcy\u00fck bir \u00f6zveri ve sorumluluk duygusu ile hareket ederek bu s\u00fcreci ba\u015far\u0131l\u0131 \u015fekilde y\u00f6netiyor. Partimiz, \u00fclkenin gidi\u015fat\u0131ndan rahats\u0131z olan t\u00fcm demokrasi g\u00fc\u00e7lerini kucaklayarak \u00f6rg\u00fctl\u00fc ve g\u00fc\u00e7l\u00fc bir muhalefet yapman\u0131n yani s\u0131ra; iktidar oldu\u011funda yapaca\u011f\u0131 icraatlar\u0131 da anlat\u0131yor ve topluma g\u00fcven vererek iktidara y\u00fcr\u00fcyor. \u0130l \u00f6rg\u00fct\u00fc olarak biz de ayn\u0131 sorumluluk duygusu ile hareket ediyoruz. Kent \u00f6l\u00e7e\u011finde toplumsal muhalefeti \u00f6rg\u00fctl\u00fcyor, siyasi partiler ile temaslar kuruyoruz. Genel merkezimiz ile eylem ve s\u00f6ylem birli\u011fi i\u00e7inde, her ge\u00e7en g\u00fcn artan bir azimle \u00f6rg\u00fct \u00e7al\u0131\u015fmalar\u0131n\u0131 s\u00fcrd\u00fcr\u00fcyoruz. Stk, meslek odalar\u0131, hem\u015feri dernekleri, vak\u0131flar, muhtarlar ve toplumun t\u00fcm kesimleri ile s\u00fcrekli diyalog halindeyiz. Gerek \u00f6rg\u00fct faaliyetleri, gerek belediye hizmetleri ile alakal\u0131 yo\u011fun bir \u00e7al\u0131\u015fma y\u00fcr\u00fct\u00fcyor,<\/p>\n<p>tespit edilen sorunlar\u0131 ve \u00f6nerileri de\u011ferlendirerek sorunlar\u0131n \u00e7\u00f6z\u00fcm\u00fc i\u00e7in \u00e7aba harc\u0131yoruz. B\u00fcy\u00fck\u015fehir belediye ba\u015fkan\u0131m\u0131z, milletvekillerimiz, il\u00e7e belediye ba\u015fkanlar\u0131m\u0131z, il\u00e7e ba\u015fkanlar\u0131m\u0131z, kad\u0131n ve gen\u00e7lik kollar\u0131m\u0131z ile uyum i\u00e7inde \u00e7al\u0131\u015fmalar\u0131m\u0131za devam ediyoruz. Se\u00e7ime az bir zaman kald\u0131. Parti \u00f6rg\u00fct\u00fcm\u00fcz sand\u0131k se\u00e7men listelerinin kontrollerine ba\u015flad\u0131. Sizler de bu \u00e7al\u0131\u015fmalara kat\u0131lmal\u0131, kendi isminizi ve binan\u0131zdaki se\u00e7menleri kontrol etmelisiniz. Hi\u00e7 kimse sizin se\u00e7im b\u00f6lgenizde sizin kadar rahat \u00e7al\u0131\u015fma y\u00fcr\u00fctemez. Her parti \u00fcyemiz, bulundu\u011fu se\u00e7im b\u00f6lgesinde sorumluluk almal\u0131, kom\u015fuluk ili\u015fkilerine \u00f6nem vermeli, il\u00e7e \u00f6rg\u00fctleri ile diyalog kurmal\u0131, yap\u0131c\u0131 ele\u015ftiriler ve \u00e7\u00f6z\u00fcm \u00f6nerileriyle parti \u00e7al\u0131\u015fmalar\u0131na katk\u0131 koymal\u0131d\u0131r&#8221;<\/p>\n<p>\u0130l Ba\u015fkan\u0131 Mehmet \u00c7elebi&#8217;den sonra s\u00f6z alan CHP Grup Ba\u015fkan Vekili \u00d6zg\u00fcr \u00d6zel&#8217;de Genel Ba\u015fkan\u0131 Kemal K\u0131l\u0131\u00e7daro\u011flu\u2019 nun d\u00fcnya siyaset tarihinin en uzun ve en kapsaml\u0131 adalet y\u00fcr\u00fcy\u00fc\u015f\u00fcn\u00fc ger\u00e7ekle\u015ftirdi\u011fini s\u00f6yleyip, 31 Mart se\u00e7iminde 11 b\u00fcy\u00fck\u015fehri kazand\u0131klar\u0131n\u0131 s\u00f6yledi. Olas\u0131 bir erken se\u00e7imde veya zaman\u0131nda yap\u0131l\u0131rsa 2023 se\u00e7imlerinde de ba\u015far\u0131 sa\u011flayacaklar\u0131n\u0131 kaydeden \u00d6zel, \u201cHi\u00e7 kimseyi, hi\u00e7bir se\u00e7meni d\u0131\u015flamadan ve se\u00e7menin oyuyla gelmi\u015f hi\u00e7bir partiyi d\u0131\u015flamadan hep beraber, omuz omuza, kucak kuca\u011fa gelece\u011fi do\u011fru y\u00fcr\u00fcyoruz. Bundan sonraki s\u00fcre\u00e7te de T\u00fcrkiye i\u00e7in en do\u011frusunu hep birlikte yapaca\u011f\u0131z\u201d dedi.<\/p>\n<p>CHP Genel Ba\u015fkan Yard\u0131mc\u0131s\u0131 O\u011fuz Kaan Sal\u0131c\u0131 ise \u00fclkede bir krizin var oldu\u011funu, bunun Ukrayna- Rusya sava\u015f\u0131yla veya pandemiyle bir ilgisinin olmad\u0131\u011f\u0131n\u0131, krizin son 4 y\u0131ld\u0131r ya\u015fand\u0131\u011f\u0131n\u0131 ve son 7-8 ayd\u0131r da iyice hissedildi\u011fini belirtip, bunun ortadan kalkmas\u0131 i\u00e7in T\u00fcrkiye&#8217;nin CHP iktidar\u0131na ihtiyac\u0131 oldu\u011funu belirtti.<\/p>\n","protected":false},"excerpt":{"rendered":"<p>CHP \u0130KT\u0130DARA Y\u00dcR\u00dcYOR CHP&#8217;DEN G\u00d6RKEML\u0130 TOPLANTI &#8220;\u0130kinci Y\u00fczy\u0131l Bildirgesi I\u015f\u0131\u011f\u0131nda \u0130ktidar Hedefi&#8221; slogan\u0131yla Cumhuriyet Halk Partisi(CHP) Adana \u0130l Ba\u015fkanl\u0131\u011f\u0131, CHP<\/p>\n","protected":false},"author":1,"featured_media":0,"comment_status":"open","ping_status":"open","sticky":false,"template":"","format":"standard","meta":{"footnotes":""},"categories":[13],"tags":[],"class_list":["post-1005","post","type-post","status-publish","format-standard","hentry","category-siyaset"],"yoast_head":"<!-- This site is optimized with the Yoast SEO plugin v28.2 - https:\/\/yoast.com\/product\/yoast-seo-wordpress\/ -->\n<title>CHP \u0130ktidara Y\u00fcr\u00fcyor... - MAV\u0130 HABER<\/title>\n<meta name=\"robots\" content=\"index, follow, max-snippet:-1, max-image-preview:large, max-video-preview:-1\" \/>\n<link rel=\"canonical\" href=\"https:\/\/www.mavihaber.com.tr\/?p=1005\" \/>\n<meta property=\"og:locale\" content=\"tr_TR\" \/>\n<meta property=\"og:type\" content=\"article\" \/>\n<meta property=\"og:title\" content=\"CHP \u0130ktidara Y\u00fcr\u00fcyor... - MAV\u0130 HABER\" \/>\n<meta property=\"og:description\" content=\"CHP \u0130KT\u0130DARA Y\u00dcR\u00dcYOR CHP&#8217;DEN G\u00d6RKEML\u0130 TOPLANTI &#8220;\u0130kinci Y\u00fczy\u0131l Bildirgesi I\u015f\u0131\u011f\u0131nda \u0130ktidar Hedefi&#8221; slogan\u0131yla Cumhuriyet Halk Partisi(CHP) Adana \u0130l Ba\u015fkanl\u0131\u011f\u0131, CHP\" \/>\n<meta property=\"og:url\" content=\"https:\/\/www.mavihaber.com.tr\/?p=1005\" \/>\n<meta property=\"og:site_name\" content=\"MAV\u0130 HABER\" \/>\n<meta property=\"article:publisher\" content=\"https:\/\/www.facebook.com\/ceyhan.mavi.142\/\" \/>\n<meta property=\"article:published_time\" content=\"2022-03-14T09:40:57+00:00\" \/>\n<meta name=\"author\" content=\"MAV\u0130 HABER\" \/>\n<meta name=\"twitter:card\" content=\"summary_large_image\" \/>\n<meta name=\"twitter:creator\" content=\"@ceyhanmavihaber\" \/>\n<meta name=\"twitter:site\" content=\"@ceyhanmavihaber\" \/>\n<meta name=\"twitter:label1\" content=\"Yazan:\" \/>\n\t<meta name=\"twitter:data1\" content=\"MAV\u0130 HABER\" \/>\n\t<meta name=\"twitter:label2\" content=\"Tahmini okuma s\u00fcresi\" \/>\n\t<meta name=\"twitter:data2\" content=\"4 dakika\" \/>\n<script type=\"application\/ld+json\" class=\"yoast-schema-graph\">{\"@context\":\"https:\\\/\\\/schema.org\",\"@graph\":[{\"@type\":\"Article\",\"@id\":\"https:\\\/\\\/www.mavihaber.com.tr\\\/?p=1005#article\",\"isPartOf\":{\"@id\":\"https:\\\/\\\/www.mavihaber.com.tr\\\/?p=1005\"},\"author\":{\"name\":\"MAV\u0130 HABER\",\"@id\":\"https:\\\/\\\/www.mavihaber.com.tr\\\/#\\\/schema\\\/person\\\/6b483c36decdaf2ea80ccc7e00592ec5\"},\"headline\":\"CHP \u0130ktidara Y\u00fcr\u00fcyor&#8230;\",\"datePublished\":\"2022-03-14T09:40:57+00:00\",\"mainEntityOfPage\":{\"@id\":\"https:\\\/\\\/www.mavihaber.com.tr\\\/?p=1005\"},\"wordCount\":1010,\"commentCount\":0,\"publisher\":{\"@id\":\"https:\\\/\\\/www.mavihaber.com.tr\\\/#organization\"},\"articleSection\":[\"Siyaset\"],\"inLanguage\":\"tr\",\"potentialAction\":[{\"@type\":\"CommentAction\",\"name\":\"Comment\",\"target\":[\"https:\\\/\\\/www.mavihaber.com.tr\\\/?p=1005#respond\"]}]},{\"@type\":\"WebPage\",\"@id\":\"https:\\\/\\\/www.mavihaber.com.tr\\\/?p=1005\",\"url\":\"https:\\\/\\\/www.mavihaber.com.tr\\\/?p=1005\",\"name\":\"CHP \u0130ktidara Y\u00fcr\u00fcyor... - MAV\u0130 HABER\",\"isPartOf\":{\"@id\":\"https:\\\/\\\/www.mavihaber.com.tr\\\/#website\"},\"datePublished\":\"2022-03-14T09:40:57+00:00\",\"breadcrumb\":{\"@id\":\"https:\\\/\\\/www.mavihaber.com.tr\\\/?p=1005#breadcrumb\"},\"inLanguage\":\"tr\",\"potentialAction\":[{\"@type\":\"ReadAction\",\"target\":[\"https:\\\/\\\/www.mavihaber.com.tr\\\/?p=1005\"]}]},{\"@type\":\"BreadcrumbList\",\"@id\":\"https:\\\/\\\/www.mavihaber.com.tr\\\/?p=1005#breadcrumb\",\"itemListElement\":[{\"@type\":\"ListItem\",\"position\":1,\"name\":\"Anasayfa\",\"item\":\"https:\\\/\\\/www.mavihaber.com.tr\\\/\"},{\"@type\":\"ListItem\",\"position\":2,\"name\":\"CHP \u0130ktidara Y\u00fcr\u00fcyor&#8230;\"}]},{\"@type\":\"WebSite\",\"@id\":\"https:\\\/\\\/www.mavihaber.com.tr\\\/#website\",\"url\":\"https:\\\/\\\/www.mavihaber.com.tr\\\/\",\"name\":\"MAV\u0130 HABER\",\"description\":\"S&Ouml;Z U&Ccedil;AR YAZI KALIR\",\"publisher\":{\"@id\":\"https:\\\/\\\/www.mavihaber.com.tr\\\/#organization\"},\"potentialAction\":[{\"@type\":\"SearchAction\",\"target\":{\"@type\":\"EntryPoint\",\"urlTemplate\":\"https:\\\/\\\/www.mavihaber.com.tr\\\/?s={search_term_string}\"},\"query-input\":{\"@type\":\"PropertyValueSpecification\",\"valueRequired\":true,\"valueName\":\"search_term_string\"}}],\"inLanguage\":\"tr\"},{\"@type\":\"Organization\",\"@id\":\"https:\\\/\\\/www.mavihaber.com.tr\\\/#organization\",\"name\":\"MAV\u0130 HABER\",\"url\":\"https:\\\/\\\/www.mavihaber.com.tr\\\/\",\"logo\":{\"@type\":\"ImageObject\",\"inLanguage\":\"tr\",\"@id\":\"https:\\\/\\\/www.mavihaber.com.tr\\\/#\\\/schema\\\/logo\\\/image\\\/\",\"url\":\"http:\\\/\\\/www.mavihaber.com.tr\\\/wp-content\\\/uploads\\\/2022\\\/02\\\/mavi-logo.png\",\"contentUrl\":\"http:\\\/\\\/www.mavihaber.com.tr\\\/wp-content\\\/uploads\\\/2022\\\/02\\\/mavi-logo.png\",\"width\":301,\"height\":81,\"caption\":\"MAV\u0130 HABER\"},\"image\":{\"@id\":\"https:\\\/\\\/www.mavihaber.com.tr\\\/#\\\/schema\\\/logo\\\/image\\\/\"},\"sameAs\":[\"https:\\\/\\\/www.facebook.com\\\/ceyhan.mavi.142\\\/\",\"https:\\\/\\\/x.com\\\/ceyhanmavihaber\",\"https:\\\/\\\/www.instagram.com\\\/ceyhanmavihaber\\\/\",\"https:\\\/\\\/www.youtube.com\\\/channel\\\/UCJQ-0-AFgj2GjI269QDUwNw\"]},{\"@type\":\"Person\",\"@id\":\"https:\\\/\\\/www.mavihaber.com.tr\\\/#\\\/schema\\\/person\\\/6b483c36decdaf2ea80ccc7e00592ec5\",\"name\":\"MAV\u0130 HABER\",\"image\":{\"@type\":\"ImageObject\",\"inLanguage\":\"tr\",\"@id\":\"https:\\\/\\\/secure.gravatar.com\\\/avatar\\\/8ec447ff07537b3472bb74c7b4212a4d84d9e722e01a066cab36264a08dd2a23?s=96&d=mm&r=g\",\"url\":\"https:\\\/\\\/secure.gravatar.com\\\/avatar\\\/8ec447ff07537b3472bb74c7b4212a4d84d9e722e01a066cab36264a08dd2a23?s=96&d=mm&r=g\",\"contentUrl\":\"https:\\\/\\\/secure.gravatar.com\\\/avatar\\\/8ec447ff07537b3472bb74c7b4212a4d84d9e722e01a066cab36264a08dd2a23?s=96&d=mm&r=g\",\"caption\":\"MAV\u0130 HABER\"},\"sameAs\":[\"http:\\\/\\\/www.mavihaber.com.tr\"],\"url\":\"https:\\\/\\\/www.mavihaber.com.tr\\\/?author=1\"}]}<\/script>\n<!-- \/ Yoast SEO plugin. -->","yoast_head_json":{"title":"CHP \u0130ktidara Y\u00fcr\u00fcyor... - MAV\u0130 HABER","robots":{"index":"index","follow":"follow","max-snippet":"max-snippet:-1","max-image-preview":"max-image-preview:large","max-video-preview":"max-video-preview:-1"},"canonical":"https:\/\/www.mavihaber.com.tr\/?p=1005","og_locale":"tr_TR","og_type":"article","og_title":"CHP \u0130ktidara Y\u00fcr\u00fcyor... - MAV\u0130 HABER","og_description":"CHP \u0130KT\u0130DARA Y\u00dcR\u00dcYOR CHP&#8217;DEN G\u00d6RKEML\u0130 TOPLANTI &#8220;\u0130kinci Y\u00fczy\u0131l Bildirgesi I\u015f\u0131\u011f\u0131nda \u0130ktidar Hedefi&#8221; slogan\u0131yla Cumhuriyet Halk Partisi(CHP) Adana \u0130l Ba\u015fkanl\u0131\u011f\u0131, CHP","og_url":"https:\/\/www.mavihaber.com.tr\/?p=1005","og_site_name":"MAV\u0130 HABER","article_publisher":"https:\/\/www.facebook.com\/ceyhan.mavi.142\/","article_published_time":"2022-03-14T09:40:57+00:00","author":"MAV\u0130 HABER","twitter_card":"summary_large_image","twitter_creator":"@ceyhanmavihaber","twitter_site":"@ceyhanmavihaber","twitter_misc":{"Yazan:":"MAV\u0130 HABER","Tahmini okuma s\u00fcresi":"4 dakika"},"schema":{"@context":"https:\/\/schema.org","@graph":[{"@type":"Article","@id":"https:\/\/www.mavihaber.com.tr\/?p=1005#article","isPartOf":{"@id":"https:\/\/www.mavihaber.com.tr\/?p=1005"},"author":{"name":"MAV\u0130 HABER","@id":"https:\/\/www.mavihaber.com.tr\/#\/schema\/person\/6b483c36decdaf2ea80ccc7e00592ec5"},"headline":"CHP \u0130ktidara Y\u00fcr\u00fcyor&#8230;","datePublished":"2022-03-14T09:40:57+00:00","mainEntityOfPage":{"@id":"https:\/\/www.mavihaber.com.tr\/?p=1005"},"wordCount":1010,"commentCount":0,"publisher":{"@id":"https:\/\/www.mavihaber.com.tr\/#organization"},"articleSection":["Siyaset"],"inLanguage":"tr","potentialAction":[{"@type":"CommentAction","name":"Comment","target":["https:\/\/www.mavihaber.com.tr\/?p=1005#respond"]}]},{"@type":"WebPage","@id":"https:\/\/www.mavihaber.com.tr\/?p=1005","url":"https:\/\/www.mavihaber.com.tr\/?p=1005","name":"CHP \u0130ktidara Y\u00fcr\u00fcyor... - MAV\u0130 HABER","isPartOf":{"@id":"https:\/\/www.mavihaber.com.tr\/#website"},"datePublished":"2022-03-14T09:40:57+00:00","breadcrumb":{"@id":"https:\/\/www.mavihaber.com.tr\/?p=1005#breadcrumb"},"inLanguage":"tr","potentialAction":[{"@type":"ReadAction","target":["https:\/\/www.mavihaber.com.tr\/?p=1005"]}]},{"@type":"BreadcrumbList","@id":"https:\/\/www.mavihaber.com.tr\/?p=1005#breadcrumb","itemListElement":[{"@type":"ListItem","position":1,"name":"Anasayfa","item":"https:\/\/www.mavihaber.com.tr\/"},{"@type":"ListItem","position":2,"name":"CHP \u0130ktidara Y\u00fcr\u00fcyor&#8230;"}]},{"@type":"WebSite","@id":"https:\/\/www.mavihaber.com.tr\/#website","url":"https:\/\/www.mavihaber.com.tr\/","name":"MAV\u0130 HABER","description":"S&Ouml;Z U&Ccedil;AR YAZI KALIR","publisher":{"@id":"https:\/\/www.mavihaber.com.tr\/#organization"},"potentialAction":[{"@type":"SearchAction","target":{"@type":"EntryPoint","urlTemplate":"https:\/\/www.mavihaber.com.tr\/?s={search_term_string}"},"query-input":{"@type":"PropertyValueSpecification","valueRequired":true,"valueName":"search_term_string"}}],"inLanguage":"tr"},{"@type":"Organization","@id":"https:\/\/www.mavihaber.com.tr\/#organization","name":"MAV\u0130 HABER","url":"https:\/\/www.mavihaber.com.tr\/","logo":{"@type":"ImageObject","inLanguage":"tr","@id":"https:\/\/www.mavihaber.com.tr\/#\/schema\/logo\/image\/","url":"http:\/\/www.mavihaber.com.tr\/wp-content\/uploads\/2022\/02\/mavi-logo.png","contentUrl":"http:\/\/www.mavihaber.com.tr\/wp-content\/uploads\/2022\/02\/mavi-logo.png","width":301,"height":81,"caption":"MAV\u0130 HABER"},"image":{"@id":"https:\/\/www.mavihaber.com.tr\/#\/schema\/logo\/image\/"},"sameAs":["https:\/\/www.facebook.com\/ceyhan.mavi.142\/","https:\/\/x.com\/ceyhanmavihaber","https:\/\/www.instagram.com\/ceyhanmavihaber\/","https:\/\/www.youtube.com\/channel\/UCJQ-0-AFgj2GjI269QDUwNw"]},{"@type":"Person","@id":"https:\/\/www.mavihaber.com.tr\/#\/schema\/person\/6b483c36decdaf2ea80ccc7e00592ec5","name":"MAV\u0130 HABER","image":{"@type":"ImageObject","inLanguage":"tr","@id":"https:\/\/secure.gravatar.com\/avatar\/8ec447ff07537b3472bb74c7b4212a4d84d9e722e01a066cab36264a08dd2a23?s=96&d=mm&r=g","url":"https:\/\/secure.gravatar.com\/avatar\/8ec447ff07537b3472bb74c7b4212a4d84d9e722e01a066cab36264a08dd2a23?s=96&d=mm&r=g","contentUrl":"https:\/\/secure.gravatar.com\/avatar\/8ec447ff07537b3472bb74c7b4212a4d84d9e722e01a066cab36264a08dd2a23?s=96&d=mm&r=g","caption":"MAV\u0130 HABER"},"sameAs":["http:\/\/www.mavihaber.com.tr"],"url":"https:\/\/www.mavihaber.com.tr\/?author=1"}]}},"views":319,"_links":{"self":[{"href":"https:\/\/www.mavihaber.com.tr\/index.php?rest_route=\/wp\/v2\/posts\/1005","targetHints":{"allow":["GET"]}}],"collection":[{"href":"https:\/\/www.mavihaber.com.tr\/index.php?rest_route=\/wp\/v2\/posts"}],"about":[{"href":"https:\/\/www.mavihaber.com.tr\/index.php?rest_route=\/wp\/v2\/types\/post"}],"author":[{"embeddable":true,"href":"https:\/\/www.mavihaber.com.tr\/index.php?rest_route=\/wp\/v2\/users\/1"}],"replies":[{"embeddable":true,"href":"https:\/\/www.mavihaber.com.tr\/index.php?rest_route=%2Fwp%2Fv2%2Fcomments&post=1005"}],"version-history":[{"count":1,"href":"https:\/\/www.mavihaber.com.tr\/index.php?rest_route=\/wp\/v2\/posts\/1005\/revisions"}],"predecessor-version":[{"id":1007,"href":"https:\/\/www.mavihaber.com.tr\/index.php?rest_route=\/wp\/v2\/posts\/1005\/revisions\/1007"}],"wp:attachment":[{"href":"https:\/\/www.mavihaber.com.tr\/index.php?rest_route=%2Fwp%2Fv2%2Fmedia&parent=1005"}],"wp:term":[{"taxonomy":"category","embeddable":true,"href":"https:\/\/www.mavihaber.com.tr\/index.php?rest_route=%2Fwp%2Fv2%2Fcategories&post=1005"},{"taxonomy":"post_tag","embeddable":true,"href":"https:\/\/www.mavihaber.com.tr\/index.php?rest_route=%2Fwp%2Fv2%2Ftags&post=1005"}],"curies":[{"name":"wp","href":"https:\/\/api.w.org\/{rel}","templated":true}]}}