{"id":1008,"date":"2022-03-14T09:56:37","date_gmt":"2022-03-14T09:56:37","guid":{"rendered":"http:\/\/www.mavihaber.com.tr\/?p=1008"},"modified":"2022-03-14T09:56:49","modified_gmt":"2022-03-14T09:56:49","slug":"seflerden-cgcye-ziyaret","status":"publish","type":"post","link":"https:\/\/www.mavihaber.com.tr\/?p=1008","title":{"rendered":"\u015eeflerden \u00c7GC\u2019ye ziyaret"},"content":{"rendered":"<p>Yeni kurulan Adana \u015eefler Kul\u00fcb\u00fc Ba\u015fkan ve Y\u00f6netim Kurulu \u00fcyeleri, \u00c7ukurova Gazeteciler Cemiyeti\u2019ni (\u00c7GC) ziyaret etti. Adana\u2019n\u0131n y\u00f6resel yemeklerine y\u00f6n veren \u015feflerin bir araya geldi\u011fi Adana \u015eefler Kul\u00fcb\u00fc\u2019n\u00fcn Ba\u015fkanl\u0131\u011f\u0131n\u0131 Cemal Dav\u015fan yap\u0131yor.<\/p>\n<p>2 \u015eubat 2022\u2019de faaliyete ba\u015flayan kul\u00fcb\u00fcn \u00f6ncelikli amac\u0131n\u0131n Adana\u2019n\u0131n y\u00f6resel yemeklerini t\u00fcm d\u00fcnyaya tan\u0131tmak ve Adana\u2019y\u0131 gastronomi merkezi haline getirmek oldu\u011funu, yeni \u015fefler yeti\u015ftirerek Adana\u2019n\u0131n yemek k\u00fclt\u00fcr\u00fcn\u00fc ya\u015fatmay\u0131 ve yayg\u0131nla\u015ft\u0131rmay\u0131 d\u00fc\u015f\u00fcnd\u00fcklerini ifade eden Dav\u015fan, kul\u00fcp olarak \u015fefleri standart kimli\u011fe b\u00fcr\u00fcnd\u00fcr\u00fcp, i\u015f bulmalar\u0131 ve haklar\u0131n\u0131n aranmas\u0131na da yard\u0131mc\u0131 olacaklar\u0131n\u0131 kaydederek, \u201cAd\u0131m\u0131z\u0131 daha s\u0131k\u00e7a duyacaks\u0131n\u0131z\u201d dedi.<\/p>\n<p>\u00c7GC Ba\u015fkan\u0131 Cafer Esendemir\u2019i ziyaret eden, Adana \u015eefler Kul\u00fcb\u00fc Dav\u015fan, Adana Gastronomisi ba\u015fta olmak \u00fczere Adana Gastronomisine y\u00f6n veren usta, \u015fef ve \u0130\u015fletmeler hakk\u0131nda genel bilgiler verdi.<\/p>\n<p>Adana\u2019n\u0131n tan\u0131t\u0131m\u0131n\u0131 ve belli bir kal\u0131b\u0131n d\u0131\u015f\u0131na \u00e7\u0131kacak \u00e7al\u0131\u015fmalar\u0131 sergilemeyi hedeflediklerini s\u00f6yleyen Dav\u015fan; Gastronomi sekt\u00f6r\u00fcnde \u00e7al\u0131\u015fan \u015fefleri bir standarda getirmek ve yeni \u015fef adaylar\u0131n\u0131 yeti\u015ftirmek i\u00e7in \u00e7al\u0131\u015fmalar yapmak, Ki\u015fi ay\u0131rmadan imkanlar\u0131m\u0131z\u0131 kullanarak ve yurt i\u00e7inde ve yurtd\u0131\u015f\u0131 meslekta\u015flar\u0131m\u0131za i\u015f imkan\u0131 konusunda yard\u0131mc\u0131 olmak, \u00d6ncelikle Adana ba\u015fta olmak \u00fczere t\u00fcm T\u00fcrkiye\u2019de ve uluslararas\u0131 platformlarda gastronomi i\u00e7erikli faaliyetlerde bulunmak, Ulusal ve uluslararas\u0131 festival ve fuarlarda yer alarak Adana y\u00f6resel mutfak tan\u0131t\u0131m\u0131n\u0131 yapmalar\u0131n\u0131 sa\u011flamak. Bunu yaparken \u00fcyelerin hak hukuk i\u00e7erisinde festival ve fuarlarda yar\u0131\u015fmalar\u0131n\u0131 sa\u011flamak. Buralarda \u00fcyelerin temsil hakk\u0131n\u0131n yine adil ve \u00e7o\u011funlu\u011fun onay\u0131 ile olmas\u0131n\u0131 sa\u011flamak, \u00dcniversitelerde, meslek liselerinde konferanslar ve s\u00f6yle\u015filer d\u00fczenleyip gastronomi alan\u0131nda bilgilendirmeler yaparak e\u011fitime destek vermek gibi faaliyetler i\u00e7erisinde olacaklar\u0131n\u0131 ifade etti.<\/p>\n<p>Adana \u015eefler Kul\u00fcb\u00fc ile birlikte \u00f6n\u00fcm\u00fczdeki s\u00fcre\u00e7te ortak faaliyetler i\u00e7erisinde olmaya \u00e7al\u0131\u015facaklar\u0131n\u0131 da dile getiren \u00c7GC Ba\u015fkan\u0131 Cafer Esendemir, Adana \u015eefler Kul\u00fcb\u00fc Ba\u015fkan ve Y\u00f6netiminin ziyaretinden memnunluk duydu\u011funu belirterek, yeni d\u00f6nemde \u00e7al\u0131\u015fmalar\u0131nda ba\u015far\u0131lar diledi.<\/p>\n<p>\u00c7GC K\u00fclt\u00fcr ve Sosyal Tesisleri\u2019nde ger\u00e7ekle\u015fen ziyarete; Adana \u015eefler Kul\u00fcb\u00fc Ba\u015fkan\u0131 Cemal Dav\u015fan\u2019\u0131n yan\u0131 s\u0131ra Ba\u015fkan Yard\u0131mc\u0131s\u0131 Mehmet Akif Sipahi ile Y\u00f6netim Kurulu \u00fcyeleri Cemali \u00d6zer, Cahit Tik, \u00c7a\u011fla Tokay, Emine \u00d6ztorun ve Yasemin Tu\u015fta\u015f da kat\u0131ld\u0131.<\/p>\n","protected":false},"excerpt":{"rendered":"<p>Yeni kurulan Adana \u015eefler Kul\u00fcb\u00fc Ba\u015fkan ve Y\u00f6netim Kurulu \u00fcyeleri, \u00c7ukurova Gazeteciler Cemiyeti\u2019ni (\u00c7GC) ziyaret etti. Adana\u2019n\u0131n y\u00f6resel yemeklerine y\u00f6n<\/p>\n","protected":false},"author":1,"featured_media":0,"comment_status":"open","ping_status":"open","sticky":false,"template":"","format":"standard","meta":{"footnotes":""},"categories":[24],"tags":[],"class_list":["post-1008","post","type-post","status-publish","format-standard","hentry","category-egitim"],"yoast_head":"<!-- This site is optimized with the Yoast SEO plugin v28.2 - https:\/\/yoast.com\/product\/yoast-seo-wordpress\/ -->\n<title>\u015eeflerden \u00c7GC\u2019ye ziyaret - MAV\u0130 HABER<\/title>\n<meta name=\"robots\" content=\"index, follow, max-snippet:-1, max-image-preview:large, max-video-preview:-1\" \/>\n<link rel=\"canonical\" href=\"https:\/\/www.mavihaber.com.tr\/?p=1008\" \/>\n<meta property=\"og:locale\" content=\"tr_TR\" \/>\n<meta property=\"og:type\" content=\"article\" \/>\n<meta property=\"og:title\" content=\"\u015eeflerden \u00c7GC\u2019ye ziyaret - MAV\u0130 HABER\" \/>\n<meta property=\"og:description\" content=\"Yeni kurulan Adana \u015eefler Kul\u00fcb\u00fc Ba\u015fkan ve Y\u00f6netim Kurulu \u00fcyeleri, \u00c7ukurova Gazeteciler Cemiyeti\u2019ni (\u00c7GC) ziyaret etti. Adana\u2019n\u0131n y\u00f6resel yemeklerine y\u00f6n\" \/>\n<meta property=\"og:url\" content=\"https:\/\/www.mavihaber.com.tr\/?p=1008\" \/>\n<meta property=\"og:site_name\" content=\"MAV\u0130 HABER\" \/>\n<meta property=\"article:publisher\" content=\"https:\/\/www.facebook.com\/ceyhan.mavi.142\/\" \/>\n<meta property=\"article:published_time\" content=\"2022-03-14T09:56:37+00:00\" \/>\n<meta property=\"article:modified_time\" content=\"2022-03-14T09:56:49+00:00\" \/>\n<meta name=\"author\" content=\"MAV\u0130 HABER\" \/>\n<meta name=\"twitter:card\" content=\"summary_large_image\" \/>\n<meta name=\"twitter:creator\" content=\"@ceyhanmavihaber\" \/>\n<meta name=\"twitter:site\" content=\"@ceyhanmavihaber\" \/>\n<meta name=\"twitter:label1\" content=\"Yazan:\" \/>\n\t<meta name=\"twitter:data1\" content=\"MAV\u0130 HABER\" \/>\n\t<meta name=\"twitter:label2\" content=\"Tahmini okuma s\u00fcresi\" \/>\n\t<meta name=\"twitter:data2\" content=\"2 dakika\" \/>\n<script type=\"application\/ld+json\" class=\"yoast-schema-graph\">{\"@context\":\"https:\\\/\\\/schema.org\",\"@graph\":[{\"@type\":\"Article\",\"@id\":\"https:\\\/\\\/www.mavihaber.com.tr\\\/?p=1008#article\",\"isPartOf\":{\"@id\":\"https:\\\/\\\/www.mavihaber.com.tr\\\/?p=1008\"},\"author\":{\"name\":\"MAV\u0130 HABER\",\"@id\":\"https:\\\/\\\/www.mavihaber.com.tr\\\/#\\\/schema\\\/person\\\/6b483c36decdaf2ea80ccc7e00592ec5\"},\"headline\":\"\u015eeflerden \u00c7GC\u2019ye ziyaret\",\"datePublished\":\"2022-03-14T09:56:37+00:00\",\"dateModified\":\"2022-03-14T09:56:49+00:00\",\"mainEntityOfPage\":{\"@id\":\"https:\\\/\\\/www.mavihaber.com.tr\\\/?p=1008\"},\"wordCount\":457,\"commentCount\":0,\"publisher\":{\"@id\":\"https:\\\/\\\/www.mavihaber.com.tr\\\/#organization\"},\"articleSection\":[\"E\u011fitim\"],\"inLanguage\":\"tr\",\"potentialAction\":[{\"@type\":\"CommentAction\",\"name\":\"Comment\",\"target\":[\"https:\\\/\\\/www.mavihaber.com.tr\\\/?p=1008#respond\"]}]},{\"@type\":\"WebPage\",\"@id\":\"https:\\\/\\\/www.mavihaber.com.tr\\\/?p=1008\",\"url\":\"https:\\\/\\\/www.mavihaber.com.tr\\\/?p=1008\",\"name\":\"\u015eeflerden \u00c7GC\u2019ye ziyaret - MAV\u0130 HABER\",\"isPartOf\":{\"@id\":\"https:\\\/\\\/www.mavihaber.com.tr\\\/#website\"},\"datePublished\":\"2022-03-14T09:56:37+00:00\",\"dateModified\":\"2022-03-14T09:56:49+00:00\",\"breadcrumb\":{\"@id\":\"https:\\\/\\\/www.mavihaber.com.tr\\\/?p=1008#breadcrumb\"},\"inLanguage\":\"tr\",\"potentialAction\":[{\"@type\":\"ReadAction\",\"target\":[\"https:\\\/\\\/www.mavihaber.com.tr\\\/?p=1008\"]}]},{\"@type\":\"BreadcrumbList\",\"@id\":\"https:\\\/\\\/www.mavihaber.com.tr\\\/?p=1008#breadcrumb\",\"itemListElement\":[{\"@type\":\"ListItem\",\"position\":1,\"name\":\"Anasayfa\",\"item\":\"https:\\\/\\\/www.mavihaber.com.tr\\\/\"},{\"@type\":\"ListItem\",\"position\":2,\"name\":\"\u015eeflerden \u00c7GC\u2019ye ziyaret\"}]},{\"@type\":\"WebSite\",\"@id\":\"https:\\\/\\\/www.mavihaber.com.tr\\\/#website\",\"url\":\"https:\\\/\\\/www.mavihaber.com.tr\\\/\",\"name\":\"MAV\u0130 HABER\",\"description\":\"S&Ouml;Z U&Ccedil;AR YAZI KALIR\",\"publisher\":{\"@id\":\"https:\\\/\\\/www.mavihaber.com.tr\\\/#organization\"},\"potentialAction\":[{\"@type\":\"SearchAction\",\"target\":{\"@type\":\"EntryPoint\",\"urlTemplate\":\"https:\\\/\\\/www.mavihaber.com.tr\\\/?s={search_term_string}\"},\"query-input\":{\"@type\":\"PropertyValueSpecification\",\"valueRequired\":true,\"valueName\":\"search_term_string\"}}],\"inLanguage\":\"tr\"},{\"@type\":\"Organization\",\"@id\":\"https:\\\/\\\/www.mavihaber.com.tr\\\/#organization\",\"name\":\"MAV\u0130 HABER\",\"url\":\"https:\\\/\\\/www.mavihaber.com.tr\\\/\",\"logo\":{\"@type\":\"ImageObject\",\"inLanguage\":\"tr\",\"@id\":\"https:\\\/\\\/www.mavihaber.com.tr\\\/#\\\/schema\\\/logo\\\/image\\\/\",\"url\":\"http:\\\/\\\/www.mavihaber.com.tr\\\/wp-content\\\/uploads\\\/2022\\\/02\\\/mavi-logo.png\",\"contentUrl\":\"http:\\\/\\\/www.mavihaber.com.tr\\\/wp-content\\\/uploads\\\/2022\\\/02\\\/mavi-logo.png\",\"width\":301,\"height\":81,\"caption\":\"MAV\u0130 HABER\"},\"image\":{\"@id\":\"https:\\\/\\\/www.mavihaber.com.tr\\\/#\\\/schema\\\/logo\\\/image\\\/\"},\"sameAs\":[\"https:\\\/\\\/www.facebook.com\\\/ceyhan.mavi.142\\\/\",\"https:\\\/\\\/x.com\\\/ceyhanmavihaber\",\"https:\\\/\\\/www.instagram.com\\\/ceyhanmavihaber\\\/\",\"https:\\\/\\\/www.youtube.com\\\/channel\\\/UCJQ-0-AFgj2GjI269QDUwNw\"]},{\"@type\":\"Person\",\"@id\":\"https:\\\/\\\/www.mavihaber.com.tr\\\/#\\\/schema\\\/person\\\/6b483c36decdaf2ea80ccc7e00592ec5\",\"name\":\"MAV\u0130 HABER\",\"image\":{\"@type\":\"ImageObject\",\"inLanguage\":\"tr\",\"@id\":\"https:\\\/\\\/secure.gravatar.com\\\/avatar\\\/8ec447ff07537b3472bb74c7b4212a4d84d9e722e01a066cab36264a08dd2a23?s=96&d=mm&r=g\",\"url\":\"https:\\\/\\\/secure.gravatar.com\\\/avatar\\\/8ec447ff07537b3472bb74c7b4212a4d84d9e722e01a066cab36264a08dd2a23?s=96&d=mm&r=g\",\"contentUrl\":\"https:\\\/\\\/secure.gravatar.com\\\/avatar\\\/8ec447ff07537b3472bb74c7b4212a4d84d9e722e01a066cab36264a08dd2a23?s=96&d=mm&r=g\",\"caption\":\"MAV\u0130 HABER\"},\"sameAs\":[\"http:\\\/\\\/www.mavihaber.com.tr\"],\"url\":\"https:\\\/\\\/www.mavihaber.com.tr\\\/?author=1\"}]}<\/script>\n<!-- \/ Yoast SEO plugin. -->","yoast_head_json":{"title":"\u015eeflerden \u00c7GC\u2019ye ziyaret - MAV\u0130 HABER","robots":{"index":"index","follow":"follow","max-snippet":"max-snippet:-1","max-image-preview":"max-image-preview:large","max-video-preview":"max-video-preview:-1"},"canonical":"https:\/\/www.mavihaber.com.tr\/?p=1008","og_locale":"tr_TR","og_type":"article","og_title":"\u015eeflerden \u00c7GC\u2019ye ziyaret - MAV\u0130 HABER","og_description":"Yeni kurulan Adana \u015eefler Kul\u00fcb\u00fc Ba\u015fkan ve Y\u00f6netim Kurulu \u00fcyeleri, \u00c7ukurova Gazeteciler Cemiyeti\u2019ni (\u00c7GC) ziyaret etti. Adana\u2019n\u0131n y\u00f6resel yemeklerine y\u00f6n","og_url":"https:\/\/www.mavihaber.com.tr\/?p=1008","og_site_name":"MAV\u0130 HABER","article_publisher":"https:\/\/www.facebook.com\/ceyhan.mavi.142\/","article_published_time":"2022-03-14T09:56:37+00:00","article_modified_time":"2022-03-14T09:56:49+00:00","author":"MAV\u0130 HABER","twitter_card":"summary_large_image","twitter_creator":"@ceyhanmavihaber","twitter_site":"@ceyhanmavihaber","twitter_misc":{"Yazan:":"MAV\u0130 HABER","Tahmini okuma s\u00fcresi":"2 dakika"},"schema":{"@context":"https:\/\/schema.org","@graph":[{"@type":"Article","@id":"https:\/\/www.mavihaber.com.tr\/?p=1008#article","isPartOf":{"@id":"https:\/\/www.mavihaber.com.tr\/?p=1008"},"author":{"name":"MAV\u0130 HABER","@id":"https:\/\/www.mavihaber.com.tr\/#\/schema\/person\/6b483c36decdaf2ea80ccc7e00592ec5"},"headline":"\u015eeflerden \u00c7GC\u2019ye ziyaret","datePublished":"2022-03-14T09:56:37+00:00","dateModified":"2022-03-14T09:56:49+00:00","mainEntityOfPage":{"@id":"https:\/\/www.mavihaber.com.tr\/?p=1008"},"wordCount":457,"commentCount":0,"publisher":{"@id":"https:\/\/www.mavihaber.com.tr\/#organization"},"articleSection":["E\u011fitim"],"inLanguage":"tr","potentialAction":[{"@type":"CommentAction","name":"Comment","target":["https:\/\/www.mavihaber.com.tr\/?p=1008#respond"]}]},{"@type":"WebPage","@id":"https:\/\/www.mavihaber.com.tr\/?p=1008","url":"https:\/\/www.mavihaber.com.tr\/?p=1008","name":"\u015eeflerden \u00c7GC\u2019ye ziyaret - MAV\u0130 HABER","isPartOf":{"@id":"https:\/\/www.mavihaber.com.tr\/#website"},"datePublished":"2022-03-14T09:56:37+00:00","dateModified":"2022-03-14T09:56:49+00:00","breadcrumb":{"@id":"https:\/\/www.mavihaber.com.tr\/?p=1008#breadcrumb"},"inLanguage":"tr","potentialAction":[{"@type":"ReadAction","target":["https:\/\/www.mavihaber.com.tr\/?p=1008"]}]},{"@type":"BreadcrumbList","@id":"https:\/\/www.mavihaber.com.tr\/?p=1008#breadcrumb","itemListElement":[{"@type":"ListItem","position":1,"name":"Anasayfa","item":"https:\/\/www.mavihaber.com.tr\/"},{"@type":"ListItem","position":2,"name":"\u015eeflerden \u00c7GC\u2019ye ziyaret"}]},{"@type":"WebSite","@id":"https:\/\/www.mavihaber.com.tr\/#website","url":"https:\/\/www.mavihaber.com.tr\/","name":"MAV\u0130 HABER","description":"S&Ouml;Z U&Ccedil;AR YAZI KALIR","publisher":{"@id":"https:\/\/www.mavihaber.com.tr\/#organization"},"potentialAction":[{"@type":"SearchAction","target":{"@type":"EntryPoint","urlTemplate":"https:\/\/www.mavihaber.com.tr\/?s={search_term_string}"},"query-input":{"@type":"PropertyValueSpecification","valueRequired":true,"valueName":"search_term_string"}}],"inLanguage":"tr"},{"@type":"Organization","@id":"https:\/\/www.mavihaber.com.tr\/#organization","name":"MAV\u0130 HABER","url":"https:\/\/www.mavihaber.com.tr\/","logo":{"@type":"ImageObject","inLanguage":"tr","@id":"https:\/\/www.mavihaber.com.tr\/#\/schema\/logo\/image\/","url":"http:\/\/www.mavihaber.com.tr\/wp-content\/uploads\/2022\/02\/mavi-logo.png","contentUrl":"http:\/\/www.mavihaber.com.tr\/wp-content\/uploads\/2022\/02\/mavi-logo.png","width":301,"height":81,"caption":"MAV\u0130 HABER"},"image":{"@id":"https:\/\/www.mavihaber.com.tr\/#\/schema\/logo\/image\/"},"sameAs":["https:\/\/www.facebook.com\/ceyhan.mavi.142\/","https:\/\/x.com\/ceyhanmavihaber","https:\/\/www.instagram.com\/ceyhanmavihaber\/","https:\/\/www.youtube.com\/channel\/UCJQ-0-AFgj2GjI269QDUwNw"]},{"@type":"Person","@id":"https:\/\/www.mavihaber.com.tr\/#\/schema\/person\/6b483c36decdaf2ea80ccc7e00592ec5","name":"MAV\u0130 HABER","image":{"@type":"ImageObject","inLanguage":"tr","@id":"https:\/\/secure.gravatar.com\/avatar\/8ec447ff07537b3472bb74c7b4212a4d84d9e722e01a066cab36264a08dd2a23?s=96&d=mm&r=g","url":"https:\/\/secure.gravatar.com\/avatar\/8ec447ff07537b3472bb74c7b4212a4d84d9e722e01a066cab36264a08dd2a23?s=96&d=mm&r=g","contentUrl":"https:\/\/secure.gravatar.com\/avatar\/8ec447ff07537b3472bb74c7b4212a4d84d9e722e01a066cab36264a08dd2a23?s=96&d=mm&r=g","caption":"MAV\u0130 HABER"},"sameAs":["http:\/\/www.mavihaber.com.tr"],"url":"https:\/\/www.mavihaber.com.tr\/?author=1"}]}},"views":441,"_links":{"self":[{"href":"https:\/\/www.mavihaber.com.tr\/index.php?rest_route=\/wp\/v2\/posts\/1008","targetHints":{"allow":["GET"]}}],"collection":[{"href":"https:\/\/www.mavihaber.com.tr\/index.php?rest_route=\/wp\/v2\/posts"}],"about":[{"href":"https:\/\/www.mavihaber.com.tr\/index.php?rest_route=\/wp\/v2\/types\/post"}],"author":[{"embeddable":true,"href":"https:\/\/www.mavihaber.com.tr\/index.php?rest_route=\/wp\/v2\/users\/1"}],"replies":[{"embeddable":true,"href":"https:\/\/www.mavihaber.com.tr\/index.php?rest_route=%2Fwp%2Fv2%2Fcomments&post=1008"}],"version-history":[{"count":1,"href":"https:\/\/www.mavihaber.com.tr\/index.php?rest_route=\/wp\/v2\/posts\/1008\/revisions"}],"predecessor-version":[{"id":1010,"href":"https:\/\/www.mavihaber.com.tr\/index.php?rest_route=\/wp\/v2\/posts\/1008\/revisions\/1010"}],"wp:attachment":[{"href":"https:\/\/www.mavihaber.com.tr\/index.php?rest_route=%2Fwp%2Fv2%2Fmedia&parent=1008"}],"wp:term":[{"taxonomy":"category","embeddable":true,"href":"https:\/\/www.mavihaber.com.tr\/index.php?rest_route=%2Fwp%2Fv2%2Fcategories&post=1008"},{"taxonomy":"post_tag","embeddable":true,"href":"https:\/\/www.mavihaber.com.tr\/index.php?rest_route=%2Fwp%2Fv2%2Ftags&post=1008"}],"curies":[{"name":"wp","href":"https:\/\/api.w.org\/{rel}","templated":true}]}}