{"id":1061,"date":"2022-03-16T09:38:21","date_gmt":"2022-03-16T09:38:21","guid":{"rendered":"http:\/\/www.mavihaber.com.tr\/?p=1061"},"modified":"2022-03-16T09:38:21","modified_gmt":"2022-03-16T09:38:21","slug":"milli-mucadelenin-ilk-isigi-tibbiyede-yakildi","status":"publish","type":"post","link":"https:\/\/www.mavihaber.com.tr\/?p=1061","title":{"rendered":"\u2018Milli M\u00fccadele\u2019nin ilk \u0131\u015f\u0131\u011f\u0131 T\u0131bbiye\u2019de yak\u0131ld\u0131\u2019"},"content":{"rendered":"<p>\u00c7ukurova Devlet Hastanesi\u2019nde 14 Mart T\u0131p Bayram\u0131 kutlamalar\u0131, ba\u015fta hekimler olmak \u00fczere sa\u011fl\u0131k \u00e7al\u0131\u015fanlar\u0131n\u0131n yo\u011fun kat\u0131l\u0131mlar\u0131 ile ger\u00e7ekle\u015ftirildi.<\/p>\n<p>Adanal\u0131 doktorlar ve sa\u011fl\u0131k \u00e7al\u0131\u015fanlar\u0131, bu y\u0131l 14 Mart T\u0131p Bayram\u0131 etkinliklerini hastanelerde, hem \u201cg\u00f6rev ba\u015f\u0131nda\u201d hem de grev ortam\u0131nda kutlarken, moral tazelediler. \u00c7ukurova Devlet Hastanesi Ba\u015fhekimi Uzman Dr. Akif K\u00fc\u00e7\u00fckcan, 14 Mart\u2019\u0131n \u00f6nemini anlat\u0131rken, 1919 y\u0131l\u0131nda \u0130ngiliz i\u015fgali alt\u0131ndaki en \u00f6nemli direni\u015fi \u0130stanbul\u2019da T\u0131bbiyeli \u00f6\u011frencilerin ger\u00e7ekle\u015ftirdi\u011fini s\u00f6yledi, \u201cMilli m\u00fccadelenin ilk \u0131\u015f\u0131\u011f\u0131n\u0131 14 Mart kutlamalar\u0131 vesilesi ile T\u0131bbiyeli \u00f6\u011frenciler yakm\u0131\u015ft\u0131r. Bu \u0131\u015f\u0131k ulusal kurtulu\u015f Sava\u015f\u0131\u2019n\u0131n ba\u015flamas\u0131ndaki en \u00f6nemli etkenlerden birini olu\u015fturmu\u015ftur\u201d dedi.<\/p>\n<p>ADANA- Sa\u011fl\u0131k ordusunun en \u00f6n saftaki emek\u00e7ileri olan doktorlar ve sa\u011fl\u0131k \u00e7al\u0131\u015fanlar\u0131, 14 Mart T\u0131p Bayram\u0131 nedeniyle bir etkinlik d\u00fczenlediler. Sa\u011fl\u0131k Ordusunun vefakar ve cefakar g\u00f6n\u00fcll\u00fcleri, T\u0131p Bayram\u0131\u2019n\u0131n bu y\u0131l taleplerini ilgili makamlara duyurmak ve seslendirmek istedikleri g\u00fcn ile ayn\u0131 zamana denk gelmesine ra\u011fmen hasta ma\u011fduriyetine yol a\u00e7mamaya \u00f6zen g\u00f6sterdiler ve bu anlaml\u0131 g\u00fcn\u00fc b\u00fcy\u00fck bir olgunluk i\u00e7erisinde,topluma yeni ve takdir edilecek bir davran\u0131\u015f \u00f6rne\u011fi g\u00f6stererek kutlad\u0131lar.<\/p>\n<p>\u00c7ukurova Devlet Hastanesi\u2019nde \u201ck\u0131sac\u0131k bir nefes alma molas\u0131 gibi\u201d anlat\u0131labilecek bir d\u00fczeyde ger\u00e7ekle\u015ftirilen \u201cSa\u011fl\u0131k\u00e7\u0131lar\u0131n grev n\u00f6betindeki T\u0131p Bayram\u0131 co\u015fkusu\u201dna, Hastane Ba\u015fhekimi Uzm. Dr. Akif K\u00fc\u00e7\u00fckcan, Ba\u015fhekim Yard\u0131mc\u0131lar\u0131, Uzm. Dr. Asl\u0131han Giray \u00d6zt\u00fcfek\u00e7i, Uzm. Dr. Yusuf Kahraman, Uzm. Dr. Filiz Apucu, Hastane \u0130dari ve Mali \u0130\u015fler M\u00fcd\u00fcr\u00fc Handan Sava\u015f, Sa\u011fl\u0131k Hizmetleri M\u00fcd\u00fcr\u00fc Huriye Sevim Akb\u0131y\u0131k, Sa\u011fl\u0131k Hizmetleri M\u00fcd\u00fcr Yard\u0131mc\u0131s\u0131 Filiz Y\u0131ld\u0131r\u0131m, idari ve mali i\u015fler m\u00fcd\u00fcr yard\u0131mc\u0131s\u0131 \u015euayip Ar\u0131kan, \u00d6zg\u00fcr Alptekin ve \u00c7ukurova Devlet Hastanesi\u2019nde g\u00f6rev yapan doktorlar, hem\u015fireler ile \u00e7e\u015fitli birimlerde hizmet veren di\u011fer t\u00fcm sa\u011fl\u0131k \u00e7al\u0131\u015fanlar\u0131, emekli sa\u011fl\u0131k\u00e7\u0131lar ve bu anlaml\u0131 g\u00fcnde sa\u011fl\u0131k\u00e7\u0131lar\u0131n yan\u0131nda olmay\u0131 g\u00f6rev sayan g\u00f6n\u00fcll\u00fcler kat\u0131ld\u0131.<\/p>\n<p>14 Mart T\u0131p Bayram\u0131 etkinlikleri \u00e7er\u00e7evesinde \u00c7ukurova Devlet Hastanesi\u2019nde g\u00f6rev yapan ve mesleklerinde \u201ck\u0131demli\u201d onuruna eri\u015fen doktorlar ile bu anlaml\u0131 meslekte y\u0131llar y\u0131l\u0131 hizmet verdikten sonra emekli olanlar da unutulmad\u0131 ve onurland\u0131r\u0131larak plaketler sunuldu.<\/p>\n<p><img loading=\"lazy\" decoding=\"async\" class=\"alignnone size-medium wp-image-1063\" src=\"http:\/\/www.mavihaber.com.tr\/wp-content\/uploads\/2022\/03\/Tip-Bayrami-etkinlikleri-1.-Dr.-Akif-Ku\u0308c\u0327u\u0308kcan-1-139x300.jpg\" alt=\"\" width=\"139\" height=\"300\" \/><\/p>\n<p>HEM \u2018G\u00d6REV\u2019DELER, HEM \u2018GREV\u2019DELER!<\/p>\n<p>T\u0131p Bayram\u0131 etkinlikleri, gece g\u00fcnd\u00fcz demeden kendilerini sa\u011fl\u0131k hizmetine adayan doktor ve hastane g\u00f6revlilerinin \u201cT\u0131p Bayram\u0131 kutlama\u201d g\u00f6r\u00fcnt\u00fcleri ile haf\u0131zalarda yer buldu.<\/p>\n<p>Adana\u2019n\u0131n pandemi ile m\u00fccadelesinde \u00f6nde gelen sa\u011fl\u0131k tesislerinden olan, ba\u015far\u0131l\u0131 sa\u011fl\u0131k hizmet sunumu ile dikkatleri \u00fczerinde toplayan \u00c7ukurova Devlet Hastanesi Ba\u015fhekimi Uzm. Dr. Akif K\u00fc\u00e7\u00fckcan yapt\u0131\u011f\u0131 konu\u015fmada, \u201c Sa\u011fl\u0131k hizmetlerinin \u00fclkemizde en \u00fcst seviyeye \u00e7\u0131kmas\u0131 i\u00e7in \u00f6zveri ile \u00e7al\u0131\u015fan, sa\u011fl\u0131k alan\u0131nda \u00f6nemli katk\u0131larda bulunan ve bulunmaya devam eden, gecesini g\u00fcnd\u00fcz\u00fcne katarak fedakarca hizmet veren de\u011ferli doktorlar\u0131m\u0131z\u0131n ve t\u00fcm sa\u011fl\u0131k \u00e7al\u0131\u015fan\u0131 arkada\u015flar\u0131m\u0131n 14 Mart T\u0131p Bayramlar\u0131n\u0131 kutluyorum.<\/p>\n<p>T\u00fcm sa\u011fl\u0131k\u00e7\u0131lar\u0131m\u0131za, daha verimli ve daha sa\u011fl\u0131kl\u0131 ortamlarda nice T\u0131p Bayramlar\u0131nda bulu\u015fma dile\u011fimi iletiyor, g\u00f6rev ba\u015f\u0131nda en anlaml\u0131 ve kutsal hizmeti vermeye \u00e7aba g\u00f6steren t\u00fcm sa\u011fl\u0131k\u00e7\u0131lar\u0131m\u0131z\u0131n her birine ayr\u0131 ayr\u0131 sayg\u0131lar\u0131m\u0131 iletiyorum\u201d diye konu\u015ftu.<\/p>\n<p><img loading=\"lazy\" decoding=\"async\" class=\"alignnone size-medium wp-image-1062\" src=\"http:\/\/www.mavihaber.com.tr\/wp-content\/uploads\/2022\/03\/Tip-Bayrami-etkinlikleri-3-300x176.jpeg\" alt=\"\" width=\"300\" height=\"176\" \/><\/p>\n<p>ULUSAL D\u0130REN\u0130\u015e\u0130N \u0130LK HAMLES\u0130 TIBB\u0130YEL\u0130LERDEN GELD\u0130<\/p>\n<p>Son y\u0131llarda olu\u015fan pandemi d\u00f6nemide sa\u011fl\u0131k ordusunun azimle \u00e7al\u0131\u015fmalar\u0131na bizzat tan\u0131kl\u0131k etti\u011fine, y\u00fcreklerindeki insan sevgisinin yans\u0131mas\u0131n\u0131 g\u00f6zlemlemenin gurur ve onurunu ya\u015fad\u0131\u011f\u0131n\u0131 s\u00f6yleyen Ba\u015fhekim Dr. K\u00fc\u00e7\u00fckcan, \u201cT\u0131p<\/p>\n<p>Bayram\u0131\u2019n\u0131 kutlarken, bu g\u00fcn\u00fcn anlam ve \u00f6neminin de mutlaka hat\u0131rlanmas\u0131 gerekti\u011fine inan\u0131yorum. 14 Mart, Osmanl\u0131 d\u00f6neminde a\u00e7\u0131lan T\u0131bbiye-i \u015eahane Okulu\u2019nun bah\u00e7esine T\u00fcrk Bayra\u011f\u0131n\u0131n a\u00e7\u0131ld\u0131\u011f\u0131 g\u00fcn olarak tarihte yerini al\u0131rken, haf\u0131zalarda kalan en \u00f6nemli g\u00f6r\u00fcnt\u00fcs\u00fc, 1919 y\u0131l\u0131nda, i\u015fgal alt\u0131ndaki \u0130stanbul\u2019da milli direni\u015fin \u0131\u015f\u0131klar\u0131n\u0131n yak\u0131ld\u0131\u011f\u0131 g\u00fcn olarak ortaya \u00e7\u0131km\u0131\u015ft\u0131r. 14 Mart g\u00fcn\u00fcn\u00fc bir sembol ve bir kutlama g\u00fcn\u00fc olarak ilan eden T\u0131bbiyeli \u00f6\u011frenciler, bu vesile ile ulusal m\u00fccadelenin ilk \u00f6nemli hamlesinin olu\u015fmas\u0131n\u0131 da sa\u011flam\u0131\u015flard\u0131r. Bu \u00f6nemli direni\u015f hamlesi, 1915\u2019te \u00c7anakkale\u2019de \u015fehit olan T\u0131bbiyeli birinci s\u0131n\u0131f \u00f6\u011frencilerinin ortaya koydu\u011fu fedakarl\u0131k sonras\u0131 en \u00f6nemli giri\u015fimlerden biri olarak tarihte yerini alm\u0131\u015ft\u0131r. O g\u00fcnden bu g\u00fcne, bu \u00fclke ve bu vatan u\u011fruna b\u00fcy\u00fck fedakarl\u0131k g\u00f6steren t\u00fcm hekimlerimizi ve sa\u011fl\u0131k \u00e7al\u0131\u015fanlar\u0131m\u0131z\u0131 sayg\u0131, rahmet ve h\u00fcrmenle an\u0131yorum\u201d diye konu\u015ftu.<\/p>\n<p><img loading=\"lazy\" decoding=\"async\" class=\"alignnone size-medium wp-image-1064\" src=\"http:\/\/www.mavihaber.com.tr\/wp-content\/uploads\/2022\/03\/Tip-Bayrami-etkinlikleri-4-300x167.jpeg\" alt=\"\" width=\"300\" height=\"167\" \/><\/p>\n<p>PANDEM\u0130N\u0130N Y\u00dcK\u00dcN\u00dc SA\u011eLIK\u00c7ILAR \u00dcSTLEND\u0130<\/p>\n<p>Pandemi s\u00fcrecinde iki y\u0131l\u0131 a\u015fk\u0131n s\u00fcredir yo\u011fun tempoda \u00e7al\u0131\u015fan personelimize, Sa\u011fl\u0131k Bakanl\u0131\u011f\u0131m\u0131z\u0131n yeni normalle\u015fme kriterleri g\u00f6zetilerek, Pandemi Genel Koordinasyon Komisyonu g\u00f6r\u00fc\u015f ve \u00f6nerileri do\u011frultusunda, sa\u011fl\u0131k \u00e7al\u0131\u015fanlar\u0131na bir nebze nefes ald\u0131rmak, hizmet sunumunda moral ve motivasyonlar\u0131n\u0131 artt\u0131rmak i\u00e7in 14 Mart T\u0131p Bayram\u0131\u2019n\u0131 planlad\u0131klar\u0131n\u0131 ifade etti.<\/p>\n<p>Y\u00fcre\u011fir Belediye Ba\u015fkan\u0131 Av. Fatih Kocaispir taraf\u0131ndan etkinlik ikramlar\u0131n\u0131n kar\u015f\u0131land\u0131\u011f\u0131n\u0131 belirten Ba\u015fhekim Dr. K\u00fc\u00e7\u00fckcan, Ba\u015fkan Kocaispir ve Belediye yetkililerine g\u00f6sterdikleri yak\u0131nl\u0131k ve duyarl\u0131l\u0131k nedeniyle de ayr\u0131ca te\u015fekk\u00fcr etti.<\/p>\n<p>\u00c7ukurova Devlet Hastanesi\u2019nde d\u00fczenlenen 14 Mart T\u0131p Bayram\u0131 kutlamalar\u0131nda, hastanede g\u00f6rev yapan ve hizmet s\u00fcresi a\u00e7\u0131s\u0131ndan \u201ck\u0131demli\u201d denilebilecek, y\u0131llarca hizmeti bulunan Op. Dr. Kemal Y\u0131lmaz, Uzm. Dr. Nurden Y\u0131lmaz ve Uzm. Dr. T\u00fclay B\u00fcy\u00fckiz\u2019e te\u015fekk\u00fcr ve onur plaketleri sunuldu.<\/p>\n<p>\u00c7ukurova Devlet Hastanesi\u2019nde d\u00fczenlenen \u201cT\u0131p Bayram\u0131\u201d etkinlikleri \u015fiir ve m\u00fczik dinletisi e\u015fli\u011finde ikramlar, dans g\u00f6sterileri ve kat\u0131l\u0131mc\u0131lar\u0131n daha umutlu ve sa\u011fl\u0131kl\u0131 gelecek temennileri ile son bu<\/p>\n","protected":false},"excerpt":{"rendered":"<p>\u00c7ukurova Devlet Hastanesi\u2019nde 14 Mart T\u0131p Bayram\u0131 kutlamalar\u0131, ba\u015fta hekimler olmak \u00fczere sa\u011fl\u0131k \u00e7al\u0131\u015fanlar\u0131n\u0131n yo\u011fun kat\u0131l\u0131mlar\u0131 ile ger\u00e7ekle\u015ftirildi. Adanal\u0131 doktorlar<\/p>\n","protected":false},"author":1,"featured_media":0,"comment_status":"open","ping_status":"open","sticky":false,"template":"","format":"standard","meta":{"footnotes":""},"categories":[12],"tags":[],"class_list":["post-1061","post","type-post","status-publish","format-standard","hentry","category-saglik"],"yoast_head":"<!-- This site is optimized with the Yoast SEO plugin v28.2 - https:\/\/yoast.com\/product\/yoast-seo-wordpress\/ -->\n<title>\u2018Milli M\u00fccadele\u2019nin ilk \u0131\u015f\u0131\u011f\u0131 T\u0131bbiye\u2019de yak\u0131ld\u0131\u2019 - MAV\u0130 HABER<\/title>\n<meta name=\"robots\" content=\"index, follow, max-snippet:-1, max-image-preview:large, max-video-preview:-1\" \/>\n<link rel=\"canonical\" href=\"https:\/\/www.mavihaber.com.tr\/?p=1061\" \/>\n<meta property=\"og:locale\" content=\"tr_TR\" \/>\n<meta property=\"og:type\" content=\"article\" \/>\n<meta property=\"og:title\" content=\"\u2018Milli M\u00fccadele\u2019nin ilk \u0131\u015f\u0131\u011f\u0131 T\u0131bbiye\u2019de yak\u0131ld\u0131\u2019 - MAV\u0130 HABER\" \/>\n<meta property=\"og:description\" content=\"\u00c7ukurova Devlet Hastanesi\u2019nde 14 Mart T\u0131p Bayram\u0131 kutlamalar\u0131, ba\u015fta hekimler olmak \u00fczere sa\u011fl\u0131k \u00e7al\u0131\u015fanlar\u0131n\u0131n yo\u011fun kat\u0131l\u0131mlar\u0131 ile ger\u00e7ekle\u015ftirildi. Adanal\u0131 doktorlar\" \/>\n<meta property=\"og:url\" content=\"https:\/\/www.mavihaber.com.tr\/?p=1061\" \/>\n<meta property=\"og:site_name\" content=\"MAV\u0130 HABER\" \/>\n<meta property=\"article:publisher\" content=\"https:\/\/www.facebook.com\/ceyhan.mavi.142\/\" \/>\n<meta property=\"article:published_time\" content=\"2022-03-16T09:38:21+00:00\" \/>\n<meta name=\"author\" content=\"MAV\u0130 HABER\" \/>\n<meta name=\"twitter:card\" content=\"summary_large_image\" \/>\n<meta name=\"twitter:creator\" content=\"@ceyhanmavihaber\" \/>\n<meta name=\"twitter:site\" content=\"@ceyhanmavihaber\" \/>\n<meta name=\"twitter:label1\" content=\"Yazan:\" \/>\n\t<meta name=\"twitter:data1\" content=\"MAV\u0130 HABER\" \/>\n\t<meta name=\"twitter:label2\" content=\"Tahmini okuma s\u00fcresi\" \/>\n\t<meta name=\"twitter:data2\" content=\"6 dakika\" \/>\n<script type=\"application\/ld+json\" class=\"yoast-schema-graph\">{\"@context\":\"https:\\\/\\\/schema.org\",\"@graph\":[{\"@type\":\"Article\",\"@id\":\"https:\\\/\\\/www.mavihaber.com.tr\\\/?p=1061#article\",\"isPartOf\":{\"@id\":\"https:\\\/\\\/www.mavihaber.com.tr\\\/?p=1061\"},\"author\":{\"name\":\"MAV\u0130 HABER\",\"@id\":\"https:\\\/\\\/www.mavihaber.com.tr\\\/#\\\/schema\\\/person\\\/6b483c36decdaf2ea80ccc7e00592ec5\"},\"headline\":\"\u2018Milli M\u00fccadele\u2019nin ilk \u0131\u015f\u0131\u011f\u0131 T\u0131bbiye\u2019de yak\u0131ld\u0131\u2019\",\"datePublished\":\"2022-03-16T09:38:21+00:00\",\"mainEntityOfPage\":{\"@id\":\"https:\\\/\\\/www.mavihaber.com.tr\\\/?p=1061\"},\"wordCount\":1114,\"commentCount\":0,\"publisher\":{\"@id\":\"https:\\\/\\\/www.mavihaber.com.tr\\\/#organization\"},\"image\":{\"@id\":\"https:\\\/\\\/www.mavihaber.com.tr\\\/?p=1061#primaryimage\"},\"thumbnailUrl\":\"http:\\\/\\\/www.mavihaber.com.tr\\\/wp-content\\\/uploads\\\/2022\\\/03\\\/Tip-Bayrami-etkinlikleri-3-300x176.jpeg\",\"articleSection\":[\"Sa\u011fl\u0131k\"],\"inLanguage\":\"tr\",\"potentialAction\":[{\"@type\":\"CommentAction\",\"name\":\"Comment\",\"target\":[\"https:\\\/\\\/www.mavihaber.com.tr\\\/?p=1061#respond\"]}]},{\"@type\":\"WebPage\",\"@id\":\"https:\\\/\\\/www.mavihaber.com.tr\\\/?p=1061\",\"url\":\"https:\\\/\\\/www.mavihaber.com.tr\\\/?p=1061\",\"name\":\"\u2018Milli M\u00fccadele\u2019nin ilk \u0131\u015f\u0131\u011f\u0131 T\u0131bbiye\u2019de yak\u0131ld\u0131\u2019 - MAV\u0130 HABER\",\"isPartOf\":{\"@id\":\"https:\\\/\\\/www.mavihaber.com.tr\\\/#website\"},\"primaryImageOfPage\":{\"@id\":\"https:\\\/\\\/www.mavihaber.com.tr\\\/?p=1061#primaryimage\"},\"image\":{\"@id\":\"https:\\\/\\\/www.mavihaber.com.tr\\\/?p=1061#primaryimage\"},\"thumbnailUrl\":\"http:\\\/\\\/www.mavihaber.com.tr\\\/wp-content\\\/uploads\\\/2022\\\/03\\\/Tip-Bayrami-etkinlikleri-3-300x176.jpeg\",\"datePublished\":\"2022-03-16T09:38:21+00:00\",\"breadcrumb\":{\"@id\":\"https:\\\/\\\/www.mavihaber.com.tr\\\/?p=1061#breadcrumb\"},\"inLanguage\":\"tr\",\"potentialAction\":[{\"@type\":\"ReadAction\",\"target\":[\"https:\\\/\\\/www.mavihaber.com.tr\\\/?p=1061\"]}]},{\"@type\":\"ImageObject\",\"inLanguage\":\"tr\",\"@id\":\"https:\\\/\\\/www.mavihaber.com.tr\\\/?p=1061#primaryimage\",\"url\":\"\",\"contentUrl\":\"\"},{\"@type\":\"BreadcrumbList\",\"@id\":\"https:\\\/\\\/www.mavihaber.com.tr\\\/?p=1061#breadcrumb\",\"itemListElement\":[{\"@type\":\"ListItem\",\"position\":1,\"name\":\"Anasayfa\",\"item\":\"https:\\\/\\\/www.mavihaber.com.tr\\\/\"},{\"@type\":\"ListItem\",\"position\":2,\"name\":\"\u2018Milli M\u00fccadele\u2019nin ilk \u0131\u015f\u0131\u011f\u0131 T\u0131bbiye\u2019de yak\u0131ld\u0131\u2019\"}]},{\"@type\":\"WebSite\",\"@id\":\"https:\\\/\\\/www.mavihaber.com.tr\\\/#website\",\"url\":\"https:\\\/\\\/www.mavihaber.com.tr\\\/\",\"name\":\"MAV\u0130 HABER\",\"description\":\"S&Ouml;Z U&Ccedil;AR YAZI KALIR\",\"publisher\":{\"@id\":\"https:\\\/\\\/www.mavihaber.com.tr\\\/#organization\"},\"potentialAction\":[{\"@type\":\"SearchAction\",\"target\":{\"@type\":\"EntryPoint\",\"urlTemplate\":\"https:\\\/\\\/www.mavihaber.com.tr\\\/?s={search_term_string}\"},\"query-input\":{\"@type\":\"PropertyValueSpecification\",\"valueRequired\":true,\"valueName\":\"search_term_string\"}}],\"inLanguage\":\"tr\"},{\"@type\":\"Organization\",\"@id\":\"https:\\\/\\\/www.mavihaber.com.tr\\\/#organization\",\"name\":\"MAV\u0130 HABER\",\"url\":\"https:\\\/\\\/www.mavihaber.com.tr\\\/\",\"logo\":{\"@type\":\"ImageObject\",\"inLanguage\":\"tr\",\"@id\":\"https:\\\/\\\/www.mavihaber.com.tr\\\/#\\\/schema\\\/logo\\\/image\\\/\",\"url\":\"http:\\\/\\\/www.mavihaber.com.tr\\\/wp-content\\\/uploads\\\/2022\\\/02\\\/mavi-logo.png\",\"contentUrl\":\"http:\\\/\\\/www.mavihaber.com.tr\\\/wp-content\\\/uploads\\\/2022\\\/02\\\/mavi-logo.png\",\"width\":301,\"height\":81,\"caption\":\"MAV\u0130 HABER\"},\"image\":{\"@id\":\"https:\\\/\\\/www.mavihaber.com.tr\\\/#\\\/schema\\\/logo\\\/image\\\/\"},\"sameAs\":[\"https:\\\/\\\/www.facebook.com\\\/ceyhan.mavi.142\\\/\",\"https:\\\/\\\/x.com\\\/ceyhanmavihaber\",\"https:\\\/\\\/www.instagram.com\\\/ceyhanmavihaber\\\/\",\"https:\\\/\\\/www.youtube.com\\\/channel\\\/UCJQ-0-AFgj2GjI269QDUwNw\"]},{\"@type\":\"Person\",\"@id\":\"https:\\\/\\\/www.mavihaber.com.tr\\\/#\\\/schema\\\/person\\\/6b483c36decdaf2ea80ccc7e00592ec5\",\"name\":\"MAV\u0130 HABER\",\"image\":{\"@type\":\"ImageObject\",\"inLanguage\":\"tr\",\"@id\":\"https:\\\/\\\/secure.gravatar.com\\\/avatar\\\/8ec447ff07537b3472bb74c7b4212a4d84d9e722e01a066cab36264a08dd2a23?s=96&d=mm&r=g\",\"url\":\"https:\\\/\\\/secure.gravatar.com\\\/avatar\\\/8ec447ff07537b3472bb74c7b4212a4d84d9e722e01a066cab36264a08dd2a23?s=96&d=mm&r=g\",\"contentUrl\":\"https:\\\/\\\/secure.gravatar.com\\\/avatar\\\/8ec447ff07537b3472bb74c7b4212a4d84d9e722e01a066cab36264a08dd2a23?s=96&d=mm&r=g\",\"caption\":\"MAV\u0130 HABER\"},\"sameAs\":[\"http:\\\/\\\/www.mavihaber.com.tr\"],\"url\":\"https:\\\/\\\/www.mavihaber.com.tr\\\/?author=1\"}]}<\/script>\n<!-- \/ Yoast SEO plugin. -->","yoast_head_json":{"title":"\u2018Milli M\u00fccadele\u2019nin ilk \u0131\u015f\u0131\u011f\u0131 T\u0131bbiye\u2019de yak\u0131ld\u0131\u2019 - MAV\u0130 HABER","robots":{"index":"index","follow":"follow","max-snippet":"max-snippet:-1","max-image-preview":"max-image-preview:large","max-video-preview":"max-video-preview:-1"},"canonical":"https:\/\/www.mavihaber.com.tr\/?p=1061","og_locale":"tr_TR","og_type":"article","og_title":"\u2018Milli M\u00fccadele\u2019nin ilk \u0131\u015f\u0131\u011f\u0131 T\u0131bbiye\u2019de yak\u0131ld\u0131\u2019 - MAV\u0130 HABER","og_description":"\u00c7ukurova Devlet Hastanesi\u2019nde 14 Mart T\u0131p Bayram\u0131 kutlamalar\u0131, ba\u015fta hekimler olmak \u00fczere sa\u011fl\u0131k \u00e7al\u0131\u015fanlar\u0131n\u0131n yo\u011fun kat\u0131l\u0131mlar\u0131 ile ger\u00e7ekle\u015ftirildi. Adanal\u0131 doktorlar","og_url":"https:\/\/www.mavihaber.com.tr\/?p=1061","og_site_name":"MAV\u0130 HABER","article_publisher":"https:\/\/www.facebook.com\/ceyhan.mavi.142\/","article_published_time":"2022-03-16T09:38:21+00:00","author":"MAV\u0130 HABER","twitter_card":"summary_large_image","twitter_creator":"@ceyhanmavihaber","twitter_site":"@ceyhanmavihaber","twitter_misc":{"Yazan:":"MAV\u0130 HABER","Tahmini okuma s\u00fcresi":"6 dakika"},"schema":{"@context":"https:\/\/schema.org","@graph":[{"@type":"Article","@id":"https:\/\/www.mavihaber.com.tr\/?p=1061#article","isPartOf":{"@id":"https:\/\/www.mavihaber.com.tr\/?p=1061"},"author":{"name":"MAV\u0130 HABER","@id":"https:\/\/www.mavihaber.com.tr\/#\/schema\/person\/6b483c36decdaf2ea80ccc7e00592ec5"},"headline":"\u2018Milli M\u00fccadele\u2019nin ilk \u0131\u015f\u0131\u011f\u0131 T\u0131bbiye\u2019de yak\u0131ld\u0131\u2019","datePublished":"2022-03-16T09:38:21+00:00","mainEntityOfPage":{"@id":"https:\/\/www.mavihaber.com.tr\/?p=1061"},"wordCount":1114,"commentCount":0,"publisher":{"@id":"https:\/\/www.mavihaber.com.tr\/#organization"},"image":{"@id":"https:\/\/www.mavihaber.com.tr\/?p=1061#primaryimage"},"thumbnailUrl":"http:\/\/www.mavihaber.com.tr\/wp-content\/uploads\/2022\/03\/Tip-Bayrami-etkinlikleri-3-300x176.jpeg","articleSection":["Sa\u011fl\u0131k"],"inLanguage":"tr","potentialAction":[{"@type":"CommentAction","name":"Comment","target":["https:\/\/www.mavihaber.com.tr\/?p=1061#respond"]}]},{"@type":"WebPage","@id":"https:\/\/www.mavihaber.com.tr\/?p=1061","url":"https:\/\/www.mavihaber.com.tr\/?p=1061","name":"\u2018Milli M\u00fccadele\u2019nin ilk \u0131\u015f\u0131\u011f\u0131 T\u0131bbiye\u2019de yak\u0131ld\u0131\u2019 - MAV\u0130 HABER","isPartOf":{"@id":"https:\/\/www.mavihaber.com.tr\/#website"},"primaryImageOfPage":{"@id":"https:\/\/www.mavihaber.com.tr\/?p=1061#primaryimage"},"image":{"@id":"https:\/\/www.mavihaber.com.tr\/?p=1061#primaryimage"},"thumbnailUrl":"http:\/\/www.mavihaber.com.tr\/wp-content\/uploads\/2022\/03\/Tip-Bayrami-etkinlikleri-3-300x176.jpeg","datePublished":"2022-03-16T09:38:21+00:00","breadcrumb":{"@id":"https:\/\/www.mavihaber.com.tr\/?p=1061#breadcrumb"},"inLanguage":"tr","potentialAction":[{"@type":"ReadAction","target":["https:\/\/www.mavihaber.com.tr\/?p=1061"]}]},{"@type":"ImageObject","inLanguage":"tr","@id":"https:\/\/www.mavihaber.com.tr\/?p=1061#primaryimage","url":"","contentUrl":""},{"@type":"BreadcrumbList","@id":"https:\/\/www.mavihaber.com.tr\/?p=1061#breadcrumb","itemListElement":[{"@type":"ListItem","position":1,"name":"Anasayfa","item":"https:\/\/www.mavihaber.com.tr\/"},{"@type":"ListItem","position":2,"name":"\u2018Milli M\u00fccadele\u2019nin ilk \u0131\u015f\u0131\u011f\u0131 T\u0131bbiye\u2019de yak\u0131ld\u0131\u2019"}]},{"@type":"WebSite","@id":"https:\/\/www.mavihaber.com.tr\/#website","url":"https:\/\/www.mavihaber.com.tr\/","name":"MAV\u0130 HABER","description":"S&Ouml;Z U&Ccedil;AR YAZI KALIR","publisher":{"@id":"https:\/\/www.mavihaber.com.tr\/#organization"},"potentialAction":[{"@type":"SearchAction","target":{"@type":"EntryPoint","urlTemplate":"https:\/\/www.mavihaber.com.tr\/?s={search_term_string}"},"query-input":{"@type":"PropertyValueSpecification","valueRequired":true,"valueName":"search_term_string"}}],"inLanguage":"tr"},{"@type":"Organization","@id":"https:\/\/www.mavihaber.com.tr\/#organization","name":"MAV\u0130 HABER","url":"https:\/\/www.mavihaber.com.tr\/","logo":{"@type":"ImageObject","inLanguage":"tr","@id":"https:\/\/www.mavihaber.com.tr\/#\/schema\/logo\/image\/","url":"http:\/\/www.mavihaber.com.tr\/wp-content\/uploads\/2022\/02\/mavi-logo.png","contentUrl":"http:\/\/www.mavihaber.com.tr\/wp-content\/uploads\/2022\/02\/mavi-logo.png","width":301,"height":81,"caption":"MAV\u0130 HABER"},"image":{"@id":"https:\/\/www.mavihaber.com.tr\/#\/schema\/logo\/image\/"},"sameAs":["https:\/\/www.facebook.com\/ceyhan.mavi.142\/","https:\/\/x.com\/ceyhanmavihaber","https:\/\/www.instagram.com\/ceyhanmavihaber\/","https:\/\/www.youtube.com\/channel\/UCJQ-0-AFgj2GjI269QDUwNw"]},{"@type":"Person","@id":"https:\/\/www.mavihaber.com.tr\/#\/schema\/person\/6b483c36decdaf2ea80ccc7e00592ec5","name":"MAV\u0130 HABER","image":{"@type":"ImageObject","inLanguage":"tr","@id":"https:\/\/secure.gravatar.com\/avatar\/8ec447ff07537b3472bb74c7b4212a4d84d9e722e01a066cab36264a08dd2a23?s=96&d=mm&r=g","url":"https:\/\/secure.gravatar.com\/avatar\/8ec447ff07537b3472bb74c7b4212a4d84d9e722e01a066cab36264a08dd2a23?s=96&d=mm&r=g","contentUrl":"https:\/\/secure.gravatar.com\/avatar\/8ec447ff07537b3472bb74c7b4212a4d84d9e722e01a066cab36264a08dd2a23?s=96&d=mm&r=g","caption":"MAV\u0130 HABER"},"sameAs":["http:\/\/www.mavihaber.com.tr"],"url":"https:\/\/www.mavihaber.com.tr\/?author=1"}]}},"views":352,"_links":{"self":[{"href":"https:\/\/www.mavihaber.com.tr\/index.php?rest_route=\/wp\/v2\/posts\/1061","targetHints":{"allow":["GET"]}}],"collection":[{"href":"https:\/\/www.mavihaber.com.tr\/index.php?rest_route=\/wp\/v2\/posts"}],"about":[{"href":"https:\/\/www.mavihaber.com.tr\/index.php?rest_route=\/wp\/v2\/types\/post"}],"author":[{"embeddable":true,"href":"https:\/\/www.mavihaber.com.tr\/index.php?rest_route=\/wp\/v2\/users\/1"}],"replies":[{"embeddable":true,"href":"https:\/\/www.mavihaber.com.tr\/index.php?rest_route=%2Fwp%2Fv2%2Fcomments&post=1061"}],"version-history":[{"count":1,"href":"https:\/\/www.mavihaber.com.tr\/index.php?rest_route=\/wp\/v2\/posts\/1061\/revisions"}],"predecessor-version":[{"id":1066,"href":"https:\/\/www.mavihaber.com.tr\/index.php?rest_route=\/wp\/v2\/posts\/1061\/revisions\/1066"}],"wp:attachment":[{"href":"https:\/\/www.mavihaber.com.tr\/index.php?rest_route=%2Fwp%2Fv2%2Fmedia&parent=1061"}],"wp:term":[{"taxonomy":"category","embeddable":true,"href":"https:\/\/www.mavihaber.com.tr\/index.php?rest_route=%2Fwp%2Fv2%2Fcategories&post=1061"},{"taxonomy":"post_tag","embeddable":true,"href":"https:\/\/www.mavihaber.com.tr\/index.php?rest_route=%2Fwp%2Fv2%2Ftags&post=1061"}],"curies":[{"name":"wp","href":"https:\/\/api.w.org\/{rel}","templated":true}]}}