{"id":1122,"date":"2022-03-17T11:49:21","date_gmt":"2022-03-17T11:49:21","guid":{"rendered":"http:\/\/www.mavihaber.com.tr\/?p=1122"},"modified":"2022-03-17T11:49:21","modified_gmt":"2022-03-17T11:49:21","slug":"baskan-uzm-dr-mentes-14-martlar-artik-bayram-degil-anmadir","status":"publish","type":"post","link":"https:\/\/www.mavihaber.com.tr\/?p=1122","title":{"rendered":"Ba\u015fkan Uzm. Dr. Mente\u015f. \u201c14 Mart\u2019lar art\u0131k bayram de\u011fil, anmad\u0131r\u201d"},"content":{"rendered":"<p>Uzm. Dr. Mente\u015f, \u201c14 Mart art\u0131k bayram de\u011fil, anmad\u0131r\u201d<\/p>\n<p>&nbsp;<\/p>\n<p>Adana Tabip Odas\u0131 y\u00f6netimi, yeni hizmet binas\u0131nda d\u00fczenledi\u011fi t\u00f6ren ile hekimlik mesle\u011finde 40 ve 50 y\u0131l\u0131n\u0131 dolduran \u00fcyelerine hizmet plaketi vererek te\u015fekk\u00fcr etti. Ba\u015fkan Uzm. Dr. Mente\u015f, \u201c14 Mart\u2019lar art\u0131k bayram de\u011fil, anmad\u0131r\u201d dedi.<\/p>\n<figure id=\"attachment_1123\" aria-describedby=\"caption-attachment-1123\" style=\"width: 300px\" class=\"wp-caption alignnone\"><img loading=\"lazy\" decoding=\"async\" class=\"size-medium wp-image-1123\" src=\"http:\/\/www.mavihaber.com.tr\/wp-content\/uploads\/2022\/03\/Doktor-plaket-3-300x169.jpg\" alt=\"\" width=\"300\" height=\"169\" \/><figcaption id=\"caption-attachment-1123\" class=\"wp-caption-text\">????????????????????????????????????<\/figcaption><\/figure>\n<p>YAYDI\u011eINIZ I\u015eI\u011eI S\u00dcRD\u00dcRMEYE \u00c7ALI\u015eIYORUZ<\/p>\n<p>14 Mart\u2019\u0131n 1827 Osmal\u0131 Padi\u015fahi 2. Mahmut d\u00f6neminde kurdu\u011fu Mektep-i T\u0131bbiye-i \u015eahenenin kurulu\u015funun y\u0131ld\u00f6n\u00fcm\u00fc oldu\u011funu hat\u0131rlatarak konu\u015fmas\u0131na ba\u015flayan Adana Tabip Odas\u0131 Ba\u015fkan\u0131 Uzm. Dr. Selahattin Mente\u015f, \u201c1919 y\u0131l\u0131n\u0131n 14 Mart\u0131nda bu \u00fclkenin hekimleri emperyalist g\u00fc\u00e7lere kar\u015f\u0131 direni\u015f bayra\u011f\u0131n\u0131 a\u00e7m\u0131\u015ft\u0131r. Mustafa Kemal Atat\u00fcrk\u2019\u00fcn Samsuna \u00e7\u0131kt\u0131\u011f\u0131 Band\u0131rma vapurunda yine bizim meslekta\u015flar\u0131m\u0131z vard\u0131r. Atat\u00fcrk ile kurtulu\u015f m\u00fccadelesi vermi\u015flerdir. Bu nedenle 14 Mart bir bayram olarak kutlanmasa da bir anma g\u00fcn\u00fcd\u00fcr. Hekimlerin bir arada olmas\u0131na, birbirlerini g\u00f6rmesine vesile olmaktad\u0131r. Bu vesile bizde siz de\u011ferli abilerimiz, ablalar\u0131m\u0131z\u0131n ellerinden \u00f6perek yayd\u0131\u011f\u0131n\u0131z \u0131\u015f\u0131\u011f\u0131 s\u00fcrd\u00fcrmeye \u00e7al\u0131\u015f\u0131yoruz. Bizlerin bu \u00fclkeye i\u00e7in, iyi hekim olabilmemiz i\u00e7in ellerinizden geleni yapt\u0131n\u0131z.Yine sizlerin eme\u011fi ve \u00f6denen aidatlarla bu yeni hizmet binam\u0131z\u0131 hep birlikte yapt\u0131k. Emeklerinize sa\u011fl\u0131k. Y\u00f6netim kurulu olarak hepinize \u015f\u00fckranlar\u0131m\u0131z\u0131 sunuyoruz.\u201d dedi.<\/p>\n<p>40 VE 50 YILLIK DOKTORLARA PLAKET<\/p>\n<p>Konu\u015fman\u0131n ard\u0131ndan hekimlik mesle\u011finde 50 y\u0131l\u0131n\u0131 dolduran Prof. Dr. Yakup Sar\u0131ca, Dr. Abdullah \u015eahin U\u011furlu, Dr. Ayla \u00c7ayhan, Prof. Dr. Fatma Tuncay \u00d6zg\u00fcnen, Dr. G\u00fcnser Candevir, Dr. Mustafa U\u00e7ar, Prof. Dr. Sabahattin Hac\u0131yakupo\u011flu, Dr. Ahmet Onur \u0130bri\u015fim ve Dr. Cumhur G\u00f6nl\u00fc\u015fen\u2019e, Mesle\u011finde 40 y\u0131l\u0131n\u0131 dolduran Prof. Dr. A. Cemil Dalay, Dr. L\u00fctfi \u00d6zer, Dr. Abdurahman Y\u0131ld\u0131r\u0131m, Dr. Adil G\u00fclery\u00fcz, Dr. Ahmet Batu, Dr. Ali Tans\u0131, Dr. Ali Galip \u00dcnal, Dr. Celal Ard\u0131\u00e7, Dr. \u00c7i\u011fdem Soyubol, Dr. Emine G\u00fclen Atila Ayd\u0131n, Prof. Dr. Figen Doran, Dr. H. Co\u015fkun Din\u00e7er, Prof. Dr. Hacer Bozdemir, Dr. H\u00fcseyin Ayy\u0131ld\u0131z, Prof. Dr. \u0130brahim Karayaylal\u0131, Dr. \u0130brahim Etem Yeni\u00e7un, Dr. \u0130brahim Murat Kuru, Dr. \u0130zzet \u0130zci, Dr. Kadir \u0130ncikli, Prof. Dr. Levent Soylu, Dr. Mehmet Canhilal, Dr. Mehmet Koyut\u00fcrk, Prof. Dr. Merih Banu Soylu, Prof. Dr. Mustafa Herdem, Dr. Hac\u0131 Mustafa P\u00fct\u00fcn, Dr. Mustafa Kemal Atilla, Dr. Nazmiye Akmanlar, Prof. Dr. O\u011fuz Y\u00fccel, Prof. Dr. Osman Metin Yavuz, Prof. Dr. \u00d6zg\u00fcr Ya\u011fmur, Dr. Yakup Sabri Ar\u0131ker, Dr. Y\u0131lmaz S\u00fcrek, Dr. L\u00fctfi Kars, Dr. Elif G\u00fcrb\u00fcz, Dr. Levent \u015eener ve Dr. Hasan Kurt\u2019a plaketleri oda y\u00f6neticileri taraf\u0131ndan verildi.<\/p>\n","protected":false},"excerpt":{"rendered":"<p>Uzm. Dr. Mente\u015f, \u201c14 Mart art\u0131k bayram de\u011fil, anmad\u0131r\u201d &nbsp; Adana Tabip Odas\u0131 y\u00f6netimi, yeni hizmet binas\u0131nda d\u00fczenledi\u011fi t\u00f6ren ile<\/p>\n","protected":false},"author":1,"featured_media":0,"comment_status":"open","ping_status":"open","sticky":false,"template":"","format":"standard","meta":{"footnotes":""},"categories":[12],"tags":[],"class_list":["post-1122","post","type-post","status-publish","format-standard","hentry","category-saglik"],"yoast_head":"<!-- This site is optimized with the Yoast SEO plugin v28.2 - https:\/\/yoast.com\/product\/yoast-seo-wordpress\/ -->\n<title>Ba\u015fkan Uzm. Dr. Mente\u015f. \u201c14 Mart\u2019lar art\u0131k bayram de\u011fil, anmad\u0131r\u201d - MAV\u0130 HABER<\/title>\n<meta name=\"robots\" content=\"index, follow, max-snippet:-1, max-image-preview:large, max-video-preview:-1\" \/>\n<link rel=\"canonical\" href=\"https:\/\/www.mavihaber.com.tr\/?p=1122\" \/>\n<meta property=\"og:locale\" content=\"tr_TR\" \/>\n<meta property=\"og:type\" content=\"article\" \/>\n<meta property=\"og:title\" content=\"Ba\u015fkan Uzm. Dr. Mente\u015f. \u201c14 Mart\u2019lar art\u0131k bayram de\u011fil, anmad\u0131r\u201d - MAV\u0130 HABER\" \/>\n<meta property=\"og:description\" content=\"Uzm. Dr. Mente\u015f, \u201c14 Mart art\u0131k bayram de\u011fil, anmad\u0131r\u201d &nbsp; Adana Tabip Odas\u0131 y\u00f6netimi, yeni hizmet binas\u0131nda d\u00fczenledi\u011fi t\u00f6ren ile\" \/>\n<meta property=\"og:url\" content=\"https:\/\/www.mavihaber.com.tr\/?p=1122\" \/>\n<meta property=\"og:site_name\" content=\"MAV\u0130 HABER\" \/>\n<meta property=\"article:publisher\" content=\"https:\/\/www.facebook.com\/ceyhan.mavi.142\/\" \/>\n<meta property=\"article:published_time\" content=\"2022-03-17T11:49:21+00:00\" \/>\n<meta name=\"author\" content=\"MAV\u0130 HABER\" \/>\n<meta name=\"twitter:card\" content=\"summary_large_image\" \/>\n<meta name=\"twitter:creator\" content=\"@ceyhanmavihaber\" \/>\n<meta name=\"twitter:site\" content=\"@ceyhanmavihaber\" \/>\n<meta name=\"twitter:label1\" content=\"Yazan:\" \/>\n\t<meta name=\"twitter:data1\" content=\"MAV\u0130 HABER\" \/>\n\t<meta name=\"twitter:label2\" content=\"Tahmini okuma s\u00fcresi\" \/>\n\t<meta name=\"twitter:data2\" content=\"2 dakika\" \/>\n<script type=\"application\/ld+json\" class=\"yoast-schema-graph\">{\"@context\":\"https:\\\/\\\/schema.org\",\"@graph\":[{\"@type\":\"Article\",\"@id\":\"https:\\\/\\\/www.mavihaber.com.tr\\\/?p=1122#article\",\"isPartOf\":{\"@id\":\"https:\\\/\\\/www.mavihaber.com.tr\\\/?p=1122\"},\"author\":{\"name\":\"MAV\u0130 HABER\",\"@id\":\"https:\\\/\\\/www.mavihaber.com.tr\\\/#\\\/schema\\\/person\\\/6b483c36decdaf2ea80ccc7e00592ec5\"},\"headline\":\"Ba\u015fkan Uzm. Dr. Mente\u015f. \u201c14 Mart\u2019lar art\u0131k bayram de\u011fil, anmad\u0131r\u201d\",\"datePublished\":\"2022-03-17T11:49:21+00:00\",\"mainEntityOfPage\":{\"@id\":\"https:\\\/\\\/www.mavihaber.com.tr\\\/?p=1122\"},\"wordCount\":498,\"commentCount\":0,\"publisher\":{\"@id\":\"https:\\\/\\\/www.mavihaber.com.tr\\\/#organization\"},\"image\":{\"@id\":\"https:\\\/\\\/www.mavihaber.com.tr\\\/?p=1122#primaryimage\"},\"thumbnailUrl\":\"http:\\\/\\\/www.mavihaber.com.tr\\\/wp-content\\\/uploads\\\/2022\\\/03\\\/Doktor-plaket-3-300x169.jpg\",\"articleSection\":[\"Sa\u011fl\u0131k\"],\"inLanguage\":\"tr\",\"potentialAction\":[{\"@type\":\"CommentAction\",\"name\":\"Comment\",\"target\":[\"https:\\\/\\\/www.mavihaber.com.tr\\\/?p=1122#respond\"]}]},{\"@type\":\"WebPage\",\"@id\":\"https:\\\/\\\/www.mavihaber.com.tr\\\/?p=1122\",\"url\":\"https:\\\/\\\/www.mavihaber.com.tr\\\/?p=1122\",\"name\":\"Ba\u015fkan Uzm. Dr. Mente\u015f. \u201c14 Mart\u2019lar art\u0131k bayram de\u011fil, anmad\u0131r\u201d - MAV\u0130 HABER\",\"isPartOf\":{\"@id\":\"https:\\\/\\\/www.mavihaber.com.tr\\\/#website\"},\"primaryImageOfPage\":{\"@id\":\"https:\\\/\\\/www.mavihaber.com.tr\\\/?p=1122#primaryimage\"},\"image\":{\"@id\":\"https:\\\/\\\/www.mavihaber.com.tr\\\/?p=1122#primaryimage\"},\"thumbnailUrl\":\"http:\\\/\\\/www.mavihaber.com.tr\\\/wp-content\\\/uploads\\\/2022\\\/03\\\/Doktor-plaket-3-300x169.jpg\",\"datePublished\":\"2022-03-17T11:49:21+00:00\",\"breadcrumb\":{\"@id\":\"https:\\\/\\\/www.mavihaber.com.tr\\\/?p=1122#breadcrumb\"},\"inLanguage\":\"tr\",\"potentialAction\":[{\"@type\":\"ReadAction\",\"target\":[\"https:\\\/\\\/www.mavihaber.com.tr\\\/?p=1122\"]}]},{\"@type\":\"ImageObject\",\"inLanguage\":\"tr\",\"@id\":\"https:\\\/\\\/www.mavihaber.com.tr\\\/?p=1122#primaryimage\",\"url\":\"\",\"contentUrl\":\"\"},{\"@type\":\"BreadcrumbList\",\"@id\":\"https:\\\/\\\/www.mavihaber.com.tr\\\/?p=1122#breadcrumb\",\"itemListElement\":[{\"@type\":\"ListItem\",\"position\":1,\"name\":\"Anasayfa\",\"item\":\"https:\\\/\\\/www.mavihaber.com.tr\\\/\"},{\"@type\":\"ListItem\",\"position\":2,\"name\":\"Ba\u015fkan Uzm. Dr. Mente\u015f. \u201c14 Mart\u2019lar art\u0131k bayram de\u011fil, anmad\u0131r\u201d\"}]},{\"@type\":\"WebSite\",\"@id\":\"https:\\\/\\\/www.mavihaber.com.tr\\\/#website\",\"url\":\"https:\\\/\\\/www.mavihaber.com.tr\\\/\",\"name\":\"MAV\u0130 HABER\",\"description\":\"S&Ouml;Z U&Ccedil;AR YAZI KALIR\",\"publisher\":{\"@id\":\"https:\\\/\\\/www.mavihaber.com.tr\\\/#organization\"},\"potentialAction\":[{\"@type\":\"SearchAction\",\"target\":{\"@type\":\"EntryPoint\",\"urlTemplate\":\"https:\\\/\\\/www.mavihaber.com.tr\\\/?s={search_term_string}\"},\"query-input\":{\"@type\":\"PropertyValueSpecification\",\"valueRequired\":true,\"valueName\":\"search_term_string\"}}],\"inLanguage\":\"tr\"},{\"@type\":\"Organization\",\"@id\":\"https:\\\/\\\/www.mavihaber.com.tr\\\/#organization\",\"name\":\"MAV\u0130 HABER\",\"url\":\"https:\\\/\\\/www.mavihaber.com.tr\\\/\",\"logo\":{\"@type\":\"ImageObject\",\"inLanguage\":\"tr\",\"@id\":\"https:\\\/\\\/www.mavihaber.com.tr\\\/#\\\/schema\\\/logo\\\/image\\\/\",\"url\":\"http:\\\/\\\/www.mavihaber.com.tr\\\/wp-content\\\/uploads\\\/2022\\\/02\\\/mavi-logo.png\",\"contentUrl\":\"http:\\\/\\\/www.mavihaber.com.tr\\\/wp-content\\\/uploads\\\/2022\\\/02\\\/mavi-logo.png\",\"width\":301,\"height\":81,\"caption\":\"MAV\u0130 HABER\"},\"image\":{\"@id\":\"https:\\\/\\\/www.mavihaber.com.tr\\\/#\\\/schema\\\/logo\\\/image\\\/\"},\"sameAs\":[\"https:\\\/\\\/www.facebook.com\\\/ceyhan.mavi.142\\\/\",\"https:\\\/\\\/x.com\\\/ceyhanmavihaber\",\"https:\\\/\\\/www.instagram.com\\\/ceyhanmavihaber\\\/\",\"https:\\\/\\\/www.youtube.com\\\/channel\\\/UCJQ-0-AFgj2GjI269QDUwNw\"]},{\"@type\":\"Person\",\"@id\":\"https:\\\/\\\/www.mavihaber.com.tr\\\/#\\\/schema\\\/person\\\/6b483c36decdaf2ea80ccc7e00592ec5\",\"name\":\"MAV\u0130 HABER\",\"image\":{\"@type\":\"ImageObject\",\"inLanguage\":\"tr\",\"@id\":\"https:\\\/\\\/secure.gravatar.com\\\/avatar\\\/8ec447ff07537b3472bb74c7b4212a4d84d9e722e01a066cab36264a08dd2a23?s=96&d=mm&r=g\",\"url\":\"https:\\\/\\\/secure.gravatar.com\\\/avatar\\\/8ec447ff07537b3472bb74c7b4212a4d84d9e722e01a066cab36264a08dd2a23?s=96&d=mm&r=g\",\"contentUrl\":\"https:\\\/\\\/secure.gravatar.com\\\/avatar\\\/8ec447ff07537b3472bb74c7b4212a4d84d9e722e01a066cab36264a08dd2a23?s=96&d=mm&r=g\",\"caption\":\"MAV\u0130 HABER\"},\"sameAs\":[\"http:\\\/\\\/www.mavihaber.com.tr\"],\"url\":\"https:\\\/\\\/www.mavihaber.com.tr\\\/?author=1\"}]}<\/script>\n<!-- \/ Yoast SEO plugin. -->","yoast_head_json":{"title":"Ba\u015fkan Uzm. Dr. Mente\u015f. \u201c14 Mart\u2019lar art\u0131k bayram de\u011fil, anmad\u0131r\u201d - MAV\u0130 HABER","robots":{"index":"index","follow":"follow","max-snippet":"max-snippet:-1","max-image-preview":"max-image-preview:large","max-video-preview":"max-video-preview:-1"},"canonical":"https:\/\/www.mavihaber.com.tr\/?p=1122","og_locale":"tr_TR","og_type":"article","og_title":"Ba\u015fkan Uzm. Dr. Mente\u015f. \u201c14 Mart\u2019lar art\u0131k bayram de\u011fil, anmad\u0131r\u201d - MAV\u0130 HABER","og_description":"Uzm. Dr. Mente\u015f, \u201c14 Mart art\u0131k bayram de\u011fil, anmad\u0131r\u201d &nbsp; Adana Tabip Odas\u0131 y\u00f6netimi, yeni hizmet binas\u0131nda d\u00fczenledi\u011fi t\u00f6ren ile","og_url":"https:\/\/www.mavihaber.com.tr\/?p=1122","og_site_name":"MAV\u0130 HABER","article_publisher":"https:\/\/www.facebook.com\/ceyhan.mavi.142\/","article_published_time":"2022-03-17T11:49:21+00:00","author":"MAV\u0130 HABER","twitter_card":"summary_large_image","twitter_creator":"@ceyhanmavihaber","twitter_site":"@ceyhanmavihaber","twitter_misc":{"Yazan:":"MAV\u0130 HABER","Tahmini okuma s\u00fcresi":"2 dakika"},"schema":{"@context":"https:\/\/schema.org","@graph":[{"@type":"Article","@id":"https:\/\/www.mavihaber.com.tr\/?p=1122#article","isPartOf":{"@id":"https:\/\/www.mavihaber.com.tr\/?p=1122"},"author":{"name":"MAV\u0130 HABER","@id":"https:\/\/www.mavihaber.com.tr\/#\/schema\/person\/6b483c36decdaf2ea80ccc7e00592ec5"},"headline":"Ba\u015fkan Uzm. Dr. Mente\u015f. \u201c14 Mart\u2019lar art\u0131k bayram de\u011fil, anmad\u0131r\u201d","datePublished":"2022-03-17T11:49:21+00:00","mainEntityOfPage":{"@id":"https:\/\/www.mavihaber.com.tr\/?p=1122"},"wordCount":498,"commentCount":0,"publisher":{"@id":"https:\/\/www.mavihaber.com.tr\/#organization"},"image":{"@id":"https:\/\/www.mavihaber.com.tr\/?p=1122#primaryimage"},"thumbnailUrl":"http:\/\/www.mavihaber.com.tr\/wp-content\/uploads\/2022\/03\/Doktor-plaket-3-300x169.jpg","articleSection":["Sa\u011fl\u0131k"],"inLanguage":"tr","potentialAction":[{"@type":"CommentAction","name":"Comment","target":["https:\/\/www.mavihaber.com.tr\/?p=1122#respond"]}]},{"@type":"WebPage","@id":"https:\/\/www.mavihaber.com.tr\/?p=1122","url":"https:\/\/www.mavihaber.com.tr\/?p=1122","name":"Ba\u015fkan Uzm. Dr. Mente\u015f. \u201c14 Mart\u2019lar art\u0131k bayram de\u011fil, anmad\u0131r\u201d - MAV\u0130 HABER","isPartOf":{"@id":"https:\/\/www.mavihaber.com.tr\/#website"},"primaryImageOfPage":{"@id":"https:\/\/www.mavihaber.com.tr\/?p=1122#primaryimage"},"image":{"@id":"https:\/\/www.mavihaber.com.tr\/?p=1122#primaryimage"},"thumbnailUrl":"http:\/\/www.mavihaber.com.tr\/wp-content\/uploads\/2022\/03\/Doktor-plaket-3-300x169.jpg","datePublished":"2022-03-17T11:49:21+00:00","breadcrumb":{"@id":"https:\/\/www.mavihaber.com.tr\/?p=1122#breadcrumb"},"inLanguage":"tr","potentialAction":[{"@type":"ReadAction","target":["https:\/\/www.mavihaber.com.tr\/?p=1122"]}]},{"@type":"ImageObject","inLanguage":"tr","@id":"https:\/\/www.mavihaber.com.tr\/?p=1122#primaryimage","url":"","contentUrl":""},{"@type":"BreadcrumbList","@id":"https:\/\/www.mavihaber.com.tr\/?p=1122#breadcrumb","itemListElement":[{"@type":"ListItem","position":1,"name":"Anasayfa","item":"https:\/\/www.mavihaber.com.tr\/"},{"@type":"ListItem","position":2,"name":"Ba\u015fkan Uzm. Dr. Mente\u015f. \u201c14 Mart\u2019lar art\u0131k bayram de\u011fil, anmad\u0131r\u201d"}]},{"@type":"WebSite","@id":"https:\/\/www.mavihaber.com.tr\/#website","url":"https:\/\/www.mavihaber.com.tr\/","name":"MAV\u0130 HABER","description":"S&Ouml;Z U&Ccedil;AR YAZI KALIR","publisher":{"@id":"https:\/\/www.mavihaber.com.tr\/#organization"},"potentialAction":[{"@type":"SearchAction","target":{"@type":"EntryPoint","urlTemplate":"https:\/\/www.mavihaber.com.tr\/?s={search_term_string}"},"query-input":{"@type":"PropertyValueSpecification","valueRequired":true,"valueName":"search_term_string"}}],"inLanguage":"tr"},{"@type":"Organization","@id":"https:\/\/www.mavihaber.com.tr\/#organization","name":"MAV\u0130 HABER","url":"https:\/\/www.mavihaber.com.tr\/","logo":{"@type":"ImageObject","inLanguage":"tr","@id":"https:\/\/www.mavihaber.com.tr\/#\/schema\/logo\/image\/","url":"http:\/\/www.mavihaber.com.tr\/wp-content\/uploads\/2022\/02\/mavi-logo.png","contentUrl":"http:\/\/www.mavihaber.com.tr\/wp-content\/uploads\/2022\/02\/mavi-logo.png","width":301,"height":81,"caption":"MAV\u0130 HABER"},"image":{"@id":"https:\/\/www.mavihaber.com.tr\/#\/schema\/logo\/image\/"},"sameAs":["https:\/\/www.facebook.com\/ceyhan.mavi.142\/","https:\/\/x.com\/ceyhanmavihaber","https:\/\/www.instagram.com\/ceyhanmavihaber\/","https:\/\/www.youtube.com\/channel\/UCJQ-0-AFgj2GjI269QDUwNw"]},{"@type":"Person","@id":"https:\/\/www.mavihaber.com.tr\/#\/schema\/person\/6b483c36decdaf2ea80ccc7e00592ec5","name":"MAV\u0130 HABER","image":{"@type":"ImageObject","inLanguage":"tr","@id":"https:\/\/secure.gravatar.com\/avatar\/8ec447ff07537b3472bb74c7b4212a4d84d9e722e01a066cab36264a08dd2a23?s=96&d=mm&r=g","url":"https:\/\/secure.gravatar.com\/avatar\/8ec447ff07537b3472bb74c7b4212a4d84d9e722e01a066cab36264a08dd2a23?s=96&d=mm&r=g","contentUrl":"https:\/\/secure.gravatar.com\/avatar\/8ec447ff07537b3472bb74c7b4212a4d84d9e722e01a066cab36264a08dd2a23?s=96&d=mm&r=g","caption":"MAV\u0130 HABER"},"sameAs":["http:\/\/www.mavihaber.com.tr"],"url":"https:\/\/www.mavihaber.com.tr\/?author=1"}]}},"views":338,"_links":{"self":[{"href":"https:\/\/www.mavihaber.com.tr\/index.php?rest_route=\/wp\/v2\/posts\/1122","targetHints":{"allow":["GET"]}}],"collection":[{"href":"https:\/\/www.mavihaber.com.tr\/index.php?rest_route=\/wp\/v2\/posts"}],"about":[{"href":"https:\/\/www.mavihaber.com.tr\/index.php?rest_route=\/wp\/v2\/types\/post"}],"author":[{"embeddable":true,"href":"https:\/\/www.mavihaber.com.tr\/index.php?rest_route=\/wp\/v2\/users\/1"}],"replies":[{"embeddable":true,"href":"https:\/\/www.mavihaber.com.tr\/index.php?rest_route=%2Fwp%2Fv2%2Fcomments&post=1122"}],"version-history":[{"count":1,"href":"https:\/\/www.mavihaber.com.tr\/index.php?rest_route=\/wp\/v2\/posts\/1122\/revisions"}],"predecessor-version":[{"id":1125,"href":"https:\/\/www.mavihaber.com.tr\/index.php?rest_route=\/wp\/v2\/posts\/1122\/revisions\/1125"}],"wp:attachment":[{"href":"https:\/\/www.mavihaber.com.tr\/index.php?rest_route=%2Fwp%2Fv2%2Fmedia&parent=1122"}],"wp:term":[{"taxonomy":"category","embeddable":true,"href":"https:\/\/www.mavihaber.com.tr\/index.php?rest_route=%2Fwp%2Fv2%2Fcategories&post=1122"},{"taxonomy":"post_tag","embeddable":true,"href":"https:\/\/www.mavihaber.com.tr\/index.php?rest_route=%2Fwp%2Fv2%2Ftags&post=1122"}],"curies":[{"name":"wp","href":"https:\/\/api.w.org\/{rel}","templated":true}]}}