{"id":1133,"date":"2022-03-18T05:47:19","date_gmt":"2022-03-18T05:47:19","guid":{"rendered":"http:\/\/www.mavihaber.com.tr\/?p=1133"},"modified":"2022-03-18T05:47:19","modified_gmt":"2022-03-18T05:47:19","slug":"kisaciktan-sehitleri-anma-gunu-mesaji","status":"publish","type":"post","link":"https:\/\/www.mavihaber.com.tr\/?p=1133","title":{"rendered":"KISACIK&#8217;TAN \u015eehitleri Anma G\u00fcn\u00fc Mesaj\u0131"},"content":{"rendered":"<p>DEMOKRAS\u0130 VE ATILIM (DEVA) PART\u0130S\u0130 ADANA \u0130L BA\u015eKANI SADULLAH<br \/>\nKISACIK&#8217;TAN 18 MART \u00c7ANAKKALE ZAFER\u0130 VE \u015eEH\u0130TLER\u0130 ANMA G\u00dcN\u00dc<br \/>\nDEVA Partisi Adana \u0130l Ba\u015fkan\u0131 Sadullah K\u0131sac\u0131k, 18 Mart \u00c7anakkale Zaferi ve<br \/>\n\u015eehitleri Anma G\u00fcn\u00fc m\u00fcnasebetiyle bir mesaj yay\u0131nlad\u0131.<br \/>\nTarihte \u00e7ok az say\u0131da sava\u015f, sadece bir ordunun de\u011fil, bir \u00fclkenin, bir milletin \u00f6l\u00fcm kal\u0131m<br \/>\nsava\u015f\u0131 kimli\u011fine b\u00fcr\u00fcnerek D\u00fcnya tarihinin ak\u0131\u015f\u0131n\u0131 de\u011fi\u015ftirmi\u015f ve sava\u015fan taraflar aras\u0131nda bar\u0131\u015f\u00e7\u0131l ve<br \/>\nk\u00fclt\u00fcrel ili\u015fkilerin temelinin at\u0131lmas\u0131na vesile olmu\u015ftur. Bu t\u00fcrden sava\u015flar, \u00f6l\u00fcm kal\u0131m m\u00fccadelesi<br \/>\nveren bir milletin sadece siyasi, askeri ve ekonomik olarak de\u011fil; milli benli\u011finin t\u00fcm unsurlar\u0131n\u0131; \u015feref,<br \/>\nhaysiyet ve vatan duygusu ile birle\u015ftirir. Bu manevi birle\u015fim, milletin her bir ferdini top yek\u00fcn sava\u015f<br \/>\n\u015fartlar\u0131nda can\u0131ndan, vatan\u0131 u\u011fruna seve seve vaz ge\u00e7mesi gibi kahramanl\u0131klar\u0131n g\u00f6r\u00fcld\u00fc\u011f\u00fc ve etkileri<br \/>\nitibariyle de sava\u015fan taraflar\u0131n ortak hissiyatlar\u0131n\u0131n y\u00fckselmesine sebep olur.<br \/>\n\u00c7anakkale Sava\u015flar\u0131 bu hususta D\u00fcnya\u2019ya \u00f6rnek te\u015fkil edecek en iyi ve en ac\u0131 \u00f6rneklerdendir.<br \/>\nTarihimiz bak\u0131m\u0131ndan, bitmi\u015f ve \u00f6lmek \u00fczere olan devletimizin ve milletimizin ba\u011f\u0131ms\u0131zl\u0131\u011f\u0131na, ba\u015far\u0131l\u0131<br \/>\nbir deniz sava\u015f\u0131 ile son verilerek, sava\u015f\u0131 kazanma inisiyatifini elde edece\u011fine inanan \u0130ngiltere ve Fransa<br \/>\nile s\u00f6m\u00fcrge halklar\u0131ndan olu\u015fan ordusuna kar\u015f\u0131; morali son derece kuvvetli, manevi g\u00fcc\u00fc y\u00fcksek, iyi<br \/>\nsava\u015fan, fedak\u00e2r komutanlar ve askerlerin destans\u0131 vatan m\u00fcdafas\u0131 son derece \u00f6nemlidir. \u00c7\u00fcnk\u00fc<br \/>\nac\u0131mas\u0131z, kanl\u0131 deniz ve kara sava\u015flar\u0131nda bir milletin, b\u00fct\u00fcn milli ve manevi de\u011ferleri ile ortaya<br \/>\nkoydu\u011fu bu m\u00fccadele, \u00c7anakkale Bo\u011faz\u0131\u2019nda, Sedd\u00fclbahir\u2019de, Ar\u0131burnu\u2019nda, Conk Bay\u0131r\u0131\u2019nda,<br \/>\nAnafartalarda geri d\u00f6nmeyi asla d\u00fc\u015f\u00fcnmeyen \u015fehadeti g\u00f6ze al\u0131p g\u00f6nl\u00fc ile kabullenen<br \/>\nMehmet\u00e7iklerimizin fedakarl\u0131\u011f\u0131 ile T\u00fcrkiye Cumhuriyetimizin ba\u011f\u0131ms\u0131zl\u0131k m\u00fccadelesine de b\u00fcy\u00fck bir<br \/>\nilham kayna\u011f\u0131 olmu\u015ftur.<br \/>\n\u00d6te yandan, medeniyetin sahibi ve temsilcisi olduklar\u0131n\u0131 iddia ve dikte eden b\u00fcy\u00fck D\u00fcnya<br \/>\ng\u00fc\u00e7leri I. D\u00fcnya Sava\u015f\u0131\u2019nda; medeniyet, insanl\u0131k ve hukuk s\u0131navlar\u0131nda s\u0131n\u0131fta kal\u0131rken, milletimiz<br \/>\ninsani de\u011ferleri ile D\u00fcnya milletlerine ve k\u00fclt\u00fcrlerine \u00f6rnek olmu\u015ftur. Bu durumun en a\u00e7\u0131k kan\u0131t\u0131;<br \/>\nSava\u015fta \u0130ngiltere ordusu i\u00e7in sava\u015fmak zorunda olan Avustralyal\u0131 ve Yeni Zelandal\u0131 askerlerin torunlar\u0131<br \/>\nile Osmanl\u0131 askerlerinin torunlar\u0131 bug\u00fcn, Gelibolu Yar\u0131madas\u0131\u2019nda dedelerini, kendi din\u00ee ve k\u00fclt\u00fcrel<br \/>\nrit\u00fcelleriyle serbest\u00e7e, \u00f6zg\u00fcrce ve rahat\u00e7a an\u0131yorlar. Dedelerinin y\u0131llar \u00f6nce sava\u015ft\u0131\u011f\u0131 topraklarda,<br \/>\ndost\u00e7a, tarihin bir araya getirdi\u011fi kader insanlar\u0131 olarak, sayg\u0131yla birbirlerini kabulleniyorlar. \u0130\u015fte bu<br \/>\nk\u00fclt\u00fcrel ba\u011fl\u0131l\u0131\u011f\u0131n olu\u015fumunda milletimizin, sava\u015f halinde bile, insanl\u0131k vas\u0131flar\u0131n\u0131n y\u00fcksekli\u011fini<br \/>\nyitirmemesinin, yads\u0131namaz derecede etkisi vard\u0131r.<br \/>\nTarihimizdeki en \u00f6nemli var olu\u015f m\u00fccadelelerimizden birisi olan \u00c7anakkale Deniz ve Kara<br \/>\nSava\u015flar\u0131 m\u00fcnasebetiyle kutlad\u0131\u011f\u0131m\u0131z \u00c7anakkale Zaferi ve \u015eehitlerimizi Anma G\u00fcn\u00fc\u2019n\u00fcn 107. Y\u0131l<br \/>\nD\u00f6n\u00fcm\u00fcnde; 18 Mart 1915 Deniz Zaferi\u2019nin Muzaffer Komutan\u0131 Cevat \u00c7obanl\u0131 Pa\u015fa\u2019y\u0131, kara sava\u015flar\u0131<br \/>\ns\u0131ras\u0131nda ald\u0131\u011f\u0131 kararlar ve inisiyatifle \u00e7ok \u00f6nemli zaferler kazan\u0131lmas\u0131n\u0131 sa\u011flayan Selahaddin Adil<br \/>\nPa\u015fa\u2019y\u0131, Sedd\u00fclbahir Savunmas\u0131\u2019nda ordumuza zaman kazand\u0131rmak i\u00e7in alaylar\u0131n\u0131n ba\u015f\u0131nda d\u00fc\u015fman<br \/>\naskeri ile can siperane \u00e7arp\u0131\u015fan Yarbay Mehmed \u015eefik Bey ve Binba\u015f\u0131 Mahmud Sabri Beyi, Anafartalar<br \/>\nKahraman\u0131m\u0131z, Ulu \u00d6nderimiz Mustafa Kemal Atat\u00fcrk\u2019\u00fc ve silah arkada\u015flar\u0131n\u0131, vatan u\u011fruna geri<br \/>\nd\u00f6nmeyi asla d\u00fc\u015f\u00fcnmeyen 57. Alay\u0131m\u0131z\u0131 ve t\u00fcm \u015fehitlerimizi rahmet ve minnetle an\u0131yorum.<\/p>\n","protected":false},"excerpt":{"rendered":"<p>DEMOKRAS\u0130 VE ATILIM (DEVA) PART\u0130S\u0130 ADANA \u0130L BA\u015eKANI SADULLAH KISACIK&#8217;TAN 18 MART \u00c7ANAKKALE ZAFER\u0130 VE \u015eEH\u0130TLER\u0130 ANMA G\u00dcN\u00dc DEVA Partisi<\/p>\n","protected":false},"author":1,"featured_media":0,"comment_status":"open","ping_status":"open","sticky":false,"template":"","format":"standard","meta":{"footnotes":""},"categories":[10,13],"tags":[],"class_list":["post-1133","post","type-post","status-publish","format-standard","hentry","category-gundem","category-siyaset"],"yoast_head":"<!-- This site is optimized with the Yoast SEO plugin v28.2 - https:\/\/yoast.com\/product\/yoast-seo-wordpress\/ -->\n<title>KISACIK&#039;TAN \u015eehitleri Anma G\u00fcn\u00fc Mesaj\u0131 - MAV\u0130 HABER<\/title>\n<meta name=\"robots\" content=\"index, follow, max-snippet:-1, max-image-preview:large, max-video-preview:-1\" \/>\n<link rel=\"canonical\" href=\"https:\/\/www.mavihaber.com.tr\/?p=1133\" \/>\n<meta property=\"og:locale\" content=\"tr_TR\" \/>\n<meta property=\"og:type\" content=\"article\" \/>\n<meta property=\"og:title\" content=\"KISACIK&#039;TAN \u015eehitleri Anma G\u00fcn\u00fc Mesaj\u0131 - MAV\u0130 HABER\" \/>\n<meta property=\"og:description\" content=\"DEMOKRAS\u0130 VE ATILIM (DEVA) PART\u0130S\u0130 ADANA \u0130L BA\u015eKANI SADULLAH KISACIK&#8217;TAN 18 MART \u00c7ANAKKALE ZAFER\u0130 VE \u015eEH\u0130TLER\u0130 ANMA G\u00dcN\u00dc DEVA Partisi\" \/>\n<meta property=\"og:url\" content=\"https:\/\/www.mavihaber.com.tr\/?p=1133\" \/>\n<meta property=\"og:site_name\" content=\"MAV\u0130 HABER\" \/>\n<meta property=\"article:publisher\" content=\"https:\/\/www.facebook.com\/ceyhan.mavi.142\/\" \/>\n<meta property=\"article:published_time\" content=\"2022-03-18T05:47:19+00:00\" \/>\n<meta name=\"author\" content=\"MAV\u0130 HABER\" \/>\n<meta name=\"twitter:card\" content=\"summary_large_image\" \/>\n<meta name=\"twitter:creator\" content=\"@ceyhanmavihaber\" \/>\n<meta name=\"twitter:site\" content=\"@ceyhanmavihaber\" \/>\n<meta name=\"twitter:label1\" content=\"Yazan:\" \/>\n\t<meta name=\"twitter:data1\" content=\"MAV\u0130 HABER\" \/>\n\t<meta name=\"twitter:label2\" content=\"Tahmini okuma s\u00fcresi\" \/>\n\t<meta name=\"twitter:data2\" content=\"3 dakika\" \/>\n<script type=\"application\/ld+json\" class=\"yoast-schema-graph\">{\"@context\":\"https:\\\/\\\/schema.org\",\"@graph\":[{\"@type\":\"Article\",\"@id\":\"https:\\\/\\\/www.mavihaber.com.tr\\\/?p=1133#article\",\"isPartOf\":{\"@id\":\"https:\\\/\\\/www.mavihaber.com.tr\\\/?p=1133\"},\"author\":{\"name\":\"MAV\u0130 HABER\",\"@id\":\"https:\\\/\\\/www.mavihaber.com.tr\\\/#\\\/schema\\\/person\\\/6b483c36decdaf2ea80ccc7e00592ec5\"},\"headline\":\"KISACIK&#8217;TAN \u015eehitleri Anma G\u00fcn\u00fc Mesaj\u0131\",\"datePublished\":\"2022-03-18T05:47:19+00:00\",\"mainEntityOfPage\":{\"@id\":\"https:\\\/\\\/www.mavihaber.com.tr\\\/?p=1133\"},\"wordCount\":648,\"commentCount\":0,\"publisher\":{\"@id\":\"https:\\\/\\\/www.mavihaber.com.tr\\\/#organization\"},\"articleSection\":[\"G\u00fcndem\",\"Siyaset\"],\"inLanguage\":\"tr\",\"potentialAction\":[{\"@type\":\"CommentAction\",\"name\":\"Comment\",\"target\":[\"https:\\\/\\\/www.mavihaber.com.tr\\\/?p=1133#respond\"]}]},{\"@type\":\"WebPage\",\"@id\":\"https:\\\/\\\/www.mavihaber.com.tr\\\/?p=1133\",\"url\":\"https:\\\/\\\/www.mavihaber.com.tr\\\/?p=1133\",\"name\":\"KISACIK'TAN \u015eehitleri Anma G\u00fcn\u00fc Mesaj\u0131 - MAV\u0130 HABER\",\"isPartOf\":{\"@id\":\"https:\\\/\\\/www.mavihaber.com.tr\\\/#website\"},\"datePublished\":\"2022-03-18T05:47:19+00:00\",\"breadcrumb\":{\"@id\":\"https:\\\/\\\/www.mavihaber.com.tr\\\/?p=1133#breadcrumb\"},\"inLanguage\":\"tr\",\"potentialAction\":[{\"@type\":\"ReadAction\",\"target\":[\"https:\\\/\\\/www.mavihaber.com.tr\\\/?p=1133\"]}]},{\"@type\":\"BreadcrumbList\",\"@id\":\"https:\\\/\\\/www.mavihaber.com.tr\\\/?p=1133#breadcrumb\",\"itemListElement\":[{\"@type\":\"ListItem\",\"position\":1,\"name\":\"Anasayfa\",\"item\":\"https:\\\/\\\/www.mavihaber.com.tr\\\/\"},{\"@type\":\"ListItem\",\"position\":2,\"name\":\"KISACIK&#8217;TAN \u015eehitleri Anma G\u00fcn\u00fc Mesaj\u0131\"}]},{\"@type\":\"WebSite\",\"@id\":\"https:\\\/\\\/www.mavihaber.com.tr\\\/#website\",\"url\":\"https:\\\/\\\/www.mavihaber.com.tr\\\/\",\"name\":\"MAV\u0130 HABER\",\"description\":\"S&Ouml;Z U&Ccedil;AR YAZI KALIR\",\"publisher\":{\"@id\":\"https:\\\/\\\/www.mavihaber.com.tr\\\/#organization\"},\"potentialAction\":[{\"@type\":\"SearchAction\",\"target\":{\"@type\":\"EntryPoint\",\"urlTemplate\":\"https:\\\/\\\/www.mavihaber.com.tr\\\/?s={search_term_string}\"},\"query-input\":{\"@type\":\"PropertyValueSpecification\",\"valueRequired\":true,\"valueName\":\"search_term_string\"}}],\"inLanguage\":\"tr\"},{\"@type\":\"Organization\",\"@id\":\"https:\\\/\\\/www.mavihaber.com.tr\\\/#organization\",\"name\":\"MAV\u0130 HABER\",\"url\":\"https:\\\/\\\/www.mavihaber.com.tr\\\/\",\"logo\":{\"@type\":\"ImageObject\",\"inLanguage\":\"tr\",\"@id\":\"https:\\\/\\\/www.mavihaber.com.tr\\\/#\\\/schema\\\/logo\\\/image\\\/\",\"url\":\"http:\\\/\\\/www.mavihaber.com.tr\\\/wp-content\\\/uploads\\\/2022\\\/02\\\/mavi-logo.png\",\"contentUrl\":\"http:\\\/\\\/www.mavihaber.com.tr\\\/wp-content\\\/uploads\\\/2022\\\/02\\\/mavi-logo.png\",\"width\":301,\"height\":81,\"caption\":\"MAV\u0130 HABER\"},\"image\":{\"@id\":\"https:\\\/\\\/www.mavihaber.com.tr\\\/#\\\/schema\\\/logo\\\/image\\\/\"},\"sameAs\":[\"https:\\\/\\\/www.facebook.com\\\/ceyhan.mavi.142\\\/\",\"https:\\\/\\\/x.com\\\/ceyhanmavihaber\",\"https:\\\/\\\/www.instagram.com\\\/ceyhanmavihaber\\\/\",\"https:\\\/\\\/www.youtube.com\\\/channel\\\/UCJQ-0-AFgj2GjI269QDUwNw\"]},{\"@type\":\"Person\",\"@id\":\"https:\\\/\\\/www.mavihaber.com.tr\\\/#\\\/schema\\\/person\\\/6b483c36decdaf2ea80ccc7e00592ec5\",\"name\":\"MAV\u0130 HABER\",\"image\":{\"@type\":\"ImageObject\",\"inLanguage\":\"tr\",\"@id\":\"https:\\\/\\\/secure.gravatar.com\\\/avatar\\\/8ec447ff07537b3472bb74c7b4212a4d84d9e722e01a066cab36264a08dd2a23?s=96&d=mm&r=g\",\"url\":\"https:\\\/\\\/secure.gravatar.com\\\/avatar\\\/8ec447ff07537b3472bb74c7b4212a4d84d9e722e01a066cab36264a08dd2a23?s=96&d=mm&r=g\",\"contentUrl\":\"https:\\\/\\\/secure.gravatar.com\\\/avatar\\\/8ec447ff07537b3472bb74c7b4212a4d84d9e722e01a066cab36264a08dd2a23?s=96&d=mm&r=g\",\"caption\":\"MAV\u0130 HABER\"},\"sameAs\":[\"http:\\\/\\\/www.mavihaber.com.tr\"],\"url\":\"https:\\\/\\\/www.mavihaber.com.tr\\\/?author=1\"}]}<\/script>\n<!-- \/ Yoast SEO plugin. -->","yoast_head_json":{"title":"KISACIK'TAN \u015eehitleri Anma G\u00fcn\u00fc Mesaj\u0131 - MAV\u0130 HABER","robots":{"index":"index","follow":"follow","max-snippet":"max-snippet:-1","max-image-preview":"max-image-preview:large","max-video-preview":"max-video-preview:-1"},"canonical":"https:\/\/www.mavihaber.com.tr\/?p=1133","og_locale":"tr_TR","og_type":"article","og_title":"KISACIK'TAN \u015eehitleri Anma G\u00fcn\u00fc Mesaj\u0131 - MAV\u0130 HABER","og_description":"DEMOKRAS\u0130 VE ATILIM (DEVA) PART\u0130S\u0130 ADANA \u0130L BA\u015eKANI SADULLAH KISACIK&#8217;TAN 18 MART \u00c7ANAKKALE ZAFER\u0130 VE \u015eEH\u0130TLER\u0130 ANMA G\u00dcN\u00dc DEVA Partisi","og_url":"https:\/\/www.mavihaber.com.tr\/?p=1133","og_site_name":"MAV\u0130 HABER","article_publisher":"https:\/\/www.facebook.com\/ceyhan.mavi.142\/","article_published_time":"2022-03-18T05:47:19+00:00","author":"MAV\u0130 HABER","twitter_card":"summary_large_image","twitter_creator":"@ceyhanmavihaber","twitter_site":"@ceyhanmavihaber","twitter_misc":{"Yazan:":"MAV\u0130 HABER","Tahmini okuma s\u00fcresi":"3 dakika"},"schema":{"@context":"https:\/\/schema.org","@graph":[{"@type":"Article","@id":"https:\/\/www.mavihaber.com.tr\/?p=1133#article","isPartOf":{"@id":"https:\/\/www.mavihaber.com.tr\/?p=1133"},"author":{"name":"MAV\u0130 HABER","@id":"https:\/\/www.mavihaber.com.tr\/#\/schema\/person\/6b483c36decdaf2ea80ccc7e00592ec5"},"headline":"KISACIK&#8217;TAN \u015eehitleri Anma G\u00fcn\u00fc Mesaj\u0131","datePublished":"2022-03-18T05:47:19+00:00","mainEntityOfPage":{"@id":"https:\/\/www.mavihaber.com.tr\/?p=1133"},"wordCount":648,"commentCount":0,"publisher":{"@id":"https:\/\/www.mavihaber.com.tr\/#organization"},"articleSection":["G\u00fcndem","Siyaset"],"inLanguage":"tr","potentialAction":[{"@type":"CommentAction","name":"Comment","target":["https:\/\/www.mavihaber.com.tr\/?p=1133#respond"]}]},{"@type":"WebPage","@id":"https:\/\/www.mavihaber.com.tr\/?p=1133","url":"https:\/\/www.mavihaber.com.tr\/?p=1133","name":"KISACIK'TAN \u015eehitleri Anma G\u00fcn\u00fc Mesaj\u0131 - MAV\u0130 HABER","isPartOf":{"@id":"https:\/\/www.mavihaber.com.tr\/#website"},"datePublished":"2022-03-18T05:47:19+00:00","breadcrumb":{"@id":"https:\/\/www.mavihaber.com.tr\/?p=1133#breadcrumb"},"inLanguage":"tr","potentialAction":[{"@type":"ReadAction","target":["https:\/\/www.mavihaber.com.tr\/?p=1133"]}]},{"@type":"BreadcrumbList","@id":"https:\/\/www.mavihaber.com.tr\/?p=1133#breadcrumb","itemListElement":[{"@type":"ListItem","position":1,"name":"Anasayfa","item":"https:\/\/www.mavihaber.com.tr\/"},{"@type":"ListItem","position":2,"name":"KISACIK&#8217;TAN \u015eehitleri Anma G\u00fcn\u00fc Mesaj\u0131"}]},{"@type":"WebSite","@id":"https:\/\/www.mavihaber.com.tr\/#website","url":"https:\/\/www.mavihaber.com.tr\/","name":"MAV\u0130 HABER","description":"S&Ouml;Z U&Ccedil;AR YAZI KALIR","publisher":{"@id":"https:\/\/www.mavihaber.com.tr\/#organization"},"potentialAction":[{"@type":"SearchAction","target":{"@type":"EntryPoint","urlTemplate":"https:\/\/www.mavihaber.com.tr\/?s={search_term_string}"},"query-input":{"@type":"PropertyValueSpecification","valueRequired":true,"valueName":"search_term_string"}}],"inLanguage":"tr"},{"@type":"Organization","@id":"https:\/\/www.mavihaber.com.tr\/#organization","name":"MAV\u0130 HABER","url":"https:\/\/www.mavihaber.com.tr\/","logo":{"@type":"ImageObject","inLanguage":"tr","@id":"https:\/\/www.mavihaber.com.tr\/#\/schema\/logo\/image\/","url":"http:\/\/www.mavihaber.com.tr\/wp-content\/uploads\/2022\/02\/mavi-logo.png","contentUrl":"http:\/\/www.mavihaber.com.tr\/wp-content\/uploads\/2022\/02\/mavi-logo.png","width":301,"height":81,"caption":"MAV\u0130 HABER"},"image":{"@id":"https:\/\/www.mavihaber.com.tr\/#\/schema\/logo\/image\/"},"sameAs":["https:\/\/www.facebook.com\/ceyhan.mavi.142\/","https:\/\/x.com\/ceyhanmavihaber","https:\/\/www.instagram.com\/ceyhanmavihaber\/","https:\/\/www.youtube.com\/channel\/UCJQ-0-AFgj2GjI269QDUwNw"]},{"@type":"Person","@id":"https:\/\/www.mavihaber.com.tr\/#\/schema\/person\/6b483c36decdaf2ea80ccc7e00592ec5","name":"MAV\u0130 HABER","image":{"@type":"ImageObject","inLanguage":"tr","@id":"https:\/\/secure.gravatar.com\/avatar\/8ec447ff07537b3472bb74c7b4212a4d84d9e722e01a066cab36264a08dd2a23?s=96&d=mm&r=g","url":"https:\/\/secure.gravatar.com\/avatar\/8ec447ff07537b3472bb74c7b4212a4d84d9e722e01a066cab36264a08dd2a23?s=96&d=mm&r=g","contentUrl":"https:\/\/secure.gravatar.com\/avatar\/8ec447ff07537b3472bb74c7b4212a4d84d9e722e01a066cab36264a08dd2a23?s=96&d=mm&r=g","caption":"MAV\u0130 HABER"},"sameAs":["http:\/\/www.mavihaber.com.tr"],"url":"https:\/\/www.mavihaber.com.tr\/?author=1"}]}},"views":291,"_links":{"self":[{"href":"https:\/\/www.mavihaber.com.tr\/index.php?rest_route=\/wp\/v2\/posts\/1133","targetHints":{"allow":["GET"]}}],"collection":[{"href":"https:\/\/www.mavihaber.com.tr\/index.php?rest_route=\/wp\/v2\/posts"}],"about":[{"href":"https:\/\/www.mavihaber.com.tr\/index.php?rest_route=\/wp\/v2\/types\/post"}],"author":[{"embeddable":true,"href":"https:\/\/www.mavihaber.com.tr\/index.php?rest_route=\/wp\/v2\/users\/1"}],"replies":[{"embeddable":true,"href":"https:\/\/www.mavihaber.com.tr\/index.php?rest_route=%2Fwp%2Fv2%2Fcomments&post=1133"}],"version-history":[{"count":1,"href":"https:\/\/www.mavihaber.com.tr\/index.php?rest_route=\/wp\/v2\/posts\/1133\/revisions"}],"predecessor-version":[{"id":1135,"href":"https:\/\/www.mavihaber.com.tr\/index.php?rest_route=\/wp\/v2\/posts\/1133\/revisions\/1135"}],"wp:attachment":[{"href":"https:\/\/www.mavihaber.com.tr\/index.php?rest_route=%2Fwp%2Fv2%2Fmedia&parent=1133"}],"wp:term":[{"taxonomy":"category","embeddable":true,"href":"https:\/\/www.mavihaber.com.tr\/index.php?rest_route=%2Fwp%2Fv2%2Fcategories&post=1133"},{"taxonomy":"post_tag","embeddable":true,"href":"https:\/\/www.mavihaber.com.tr\/index.php?rest_route=%2Fwp%2Fv2%2Ftags&post=1133"}],"curies":[{"name":"wp","href":"https:\/\/api.w.org\/{rel}","templated":true}]}}