{"id":1153,"date":"2022-03-18T08:02:16","date_gmt":"2022-03-18T08:02:16","guid":{"rendered":"http:\/\/www.mavihaber.com.tr\/?p=1153"},"modified":"2022-03-18T08:02:16","modified_gmt":"2022-03-18T08:02:16","slug":"canakkalebagimsizligin-simgesidir","status":"publish","type":"post","link":"https:\/\/www.mavihaber.com.tr\/?p=1153","title":{"rendered":"\u201c\u00c7anakkale,ba\u011f\u0131ms\u0131zl\u0131\u011f\u0131n simgesidir\u201d"},"content":{"rendered":"<p>Esendemir.<\/p>\n<p>\u00c7ukurova Gazeteciler Cemiyeti Ba\u015fkan\u0131 Cafer Esendemir, T\u00fcrkiye ve d\u00fcnya tarihinin ak\u0131\u015f\u0131n\u0131 de\u011fi\u015ftiren \u00c7anakkale Zaferi\u2019nin 107. y\u0131l\u0131n\u0131 kutlaman\u0131n onurunu ya\u015fad\u0131klar\u0131n\u0131 belirterek, t\u00fcm d\u00fcnyay\u0131 etkisi alt\u0131na alan sava\u015f r\u00fczg\u00e2rlar\u0131n\u0131n g\u00f6lgesindeki T\u00fcrk halk\u0131n\u0131n her zamankinden daha \u00e7ok birlik ve beraberlik i\u00e7erisinde kenetlenmesi gerekti\u011fini s\u00f6yledi.<\/p>\n<p>Y\u00f6netim kurulu ad\u0131na a\u00e7\u0131klama yapan Esendemir, \u201c\u00c7anakkale ba\u011f\u0131ms\u0131zl\u0131\u011f\u0131n simgesidir. 18 Mart 1915 tarihinde \u00c7anakkale&#8217;de d\u00fcnyada e\u015fi g\u00f6r\u00fclmemi\u015f bir direni\u015f sergileyen kahraman ordumuz ile can\u0131n\u0131 seve seve veren y\u00fcce milletimiz, gerek kara, gerekse deniz sava\u015flar\u0131nda d\u00fc\u015fmana &#8216;\u00c7anakkale Ge\u00e7ilmez&#8217; dedirtmi\u015ftir. Atat\u00fcrk\u2019\u00fcn h\u00fcr ve ba\u011f\u0131ms\u0131z ya\u015fama kararl\u0131l\u0131\u011f\u0131na inanan T\u00fcrk Milleti, emperyalizme kar\u015f\u0131 kurtulu\u015f m\u00fccadelesinin nas\u0131l yap\u0131laca\u011f\u0131n\u0131 yedi d\u00fcvele g\u00f6stermi\u015ftir\u201d dedi.<\/p>\n<p>T\u00fcrkiye Cumhuriyeti\u2019nin ilk Cumhurba\u015fkan\u0131 Mustafa Kemal Atat\u00fcrk\u2019\u00fcn sava\u015fta hayat\u0131n\u0131 kaybeden Anzak askerlerinin Avustralyal\u0131 ve Yeni Zelandal\u0131 annelerine dostluk mesaj\u0131 g\u00f6nderdi\u011fini hat\u0131rlatan Esendemir, \u201cAtat\u00fcrk, \u2018Bu memleketin topraklar\u0131 \u00fczerinde kanlar\u0131n\u0131 d\u00f6ken kahramanlar! Burada bir dost vatan\u0131n topra\u011f\u0131ndas\u0131n\u0131z. Huzur ve s\u00fck\u00fbn i\u00e7inde uyuyunuz. Sizler, Mehmet\u00e7iklerle yanyana, koyun koyunas\u0131n\u0131z. Uzak diyarlardan evl\u00e2tlar\u0131n\u0131 harbe g\u00f6nderen analar! G\u00f6zya\u015flar\u0131n\u0131z\u0131 dindiriniz. Evl\u00e2tlar\u0131n\u0131z bizim ba\u011fr\u0131m\u0131zdad\u0131r.\u2019 diyerek, kahramanl\u0131\u011f\u0131n\u0131 g\u00f6stermi\u015ftir.\u201d \u015feklinde konu\u015ftu.<\/p>\n<p>Ba\u015fkan Esendemir \u015funlar\u0131 s\u00f6yledi: \u201c\u00c7anakkale, silah arkada\u015flar\u0131na ve halk\u0131na sonuna kadar inanan ve g\u00fcvenen Gazi Mustafa Kemal Atat\u00fcrk gibi askeri bir dehan\u0131n destan\u0131d\u0131r. Ba\u011f\u0131ms\u0131z bir devlet kurmay\u0131 ba\u015faran y\u00fcce milletimizin bu destan\u0131, vatan ve millet sevgisinin \u00e7elikle\u015fmi\u015f ifadesidir. Bu destan\u0131 yazan B\u00fcy\u00fck \u00d6nderimiz Gazi Mustafa Kemal Atat\u00fcrk ba\u015fta olmak \u00fczere silah arkada\u015flar\u0131 ve varl\u0131klar\u0131yla \u015feref duydu\u011fumuz t\u00fcm \u015fehitlerimizi sayg\u0131 ve minnetle an\u0131yorum.<\/p>\n<p><img loading=\"lazy\" decoding=\"async\" class=\"alignnone size-medium wp-image-1154\" src=\"http:\/\/www.mavihaber.com.tr\/wp-content\/uploads\/2022\/03\/Cafer-Esendemir5-300x217.png\" alt=\"\" width=\"300\" height=\"217\" \/><\/p>\n<p>&nbsp;<\/p>\n<p>&nbsp;<\/p>\n","protected":false},"excerpt":{"rendered":"<p>Esendemir. \u00c7ukurova Gazeteciler Cemiyeti Ba\u015fkan\u0131 Cafer Esendemir, T\u00fcrkiye ve d\u00fcnya tarihinin ak\u0131\u015f\u0131n\u0131 de\u011fi\u015ftiren \u00c7anakkale Zaferi\u2019nin 107. y\u0131l\u0131n\u0131 kutlaman\u0131n onurunu ya\u015fad\u0131klar\u0131n\u0131<\/p>\n","protected":false},"author":1,"featured_media":0,"comment_status":"open","ping_status":"open","sticky":false,"template":"","format":"standard","meta":{"footnotes":""},"categories":[8,10,13],"tags":[],"class_list":["post-1153","post","type-post","status-publish","format-standard","hentry","category-ekonomi","category-gundem","category-siyaset"],"yoast_head":"<!-- This site is optimized with the Yoast SEO plugin v28.2 - https:\/\/yoast.com\/product\/yoast-seo-wordpress\/ -->\n<title>\u201c\u00c7anakkale,ba\u011f\u0131ms\u0131zl\u0131\u011f\u0131n simgesidir\u201d - MAV\u0130 HABER<\/title>\n<meta name=\"robots\" content=\"index, follow, max-snippet:-1, max-image-preview:large, max-video-preview:-1\" \/>\n<link rel=\"canonical\" href=\"https:\/\/www.mavihaber.com.tr\/?p=1153\" \/>\n<meta property=\"og:locale\" content=\"tr_TR\" \/>\n<meta property=\"og:type\" content=\"article\" \/>\n<meta property=\"og:title\" content=\"\u201c\u00c7anakkale,ba\u011f\u0131ms\u0131zl\u0131\u011f\u0131n simgesidir\u201d - MAV\u0130 HABER\" \/>\n<meta property=\"og:description\" content=\"Esendemir. \u00c7ukurova Gazeteciler Cemiyeti Ba\u015fkan\u0131 Cafer Esendemir, T\u00fcrkiye ve d\u00fcnya tarihinin ak\u0131\u015f\u0131n\u0131 de\u011fi\u015ftiren \u00c7anakkale Zaferi\u2019nin 107. y\u0131l\u0131n\u0131 kutlaman\u0131n onurunu ya\u015fad\u0131klar\u0131n\u0131\" \/>\n<meta property=\"og:url\" content=\"https:\/\/www.mavihaber.com.tr\/?p=1153\" \/>\n<meta property=\"og:site_name\" content=\"MAV\u0130 HABER\" \/>\n<meta property=\"article:publisher\" content=\"https:\/\/www.facebook.com\/ceyhan.mavi.142\/\" \/>\n<meta property=\"article:published_time\" content=\"2022-03-18T08:02:16+00:00\" \/>\n<meta name=\"author\" content=\"MAV\u0130 HABER\" \/>\n<meta name=\"twitter:card\" content=\"summary_large_image\" \/>\n<meta name=\"twitter:creator\" content=\"@ceyhanmavihaber\" \/>\n<meta name=\"twitter:site\" content=\"@ceyhanmavihaber\" \/>\n<meta name=\"twitter:label1\" content=\"Yazan:\" \/>\n\t<meta name=\"twitter:data1\" content=\"MAV\u0130 HABER\" \/>\n\t<meta name=\"twitter:label2\" content=\"Tahmini okuma s\u00fcresi\" \/>\n\t<meta name=\"twitter:data2\" content=\"2 dakika\" \/>\n<script type=\"application\/ld+json\" class=\"yoast-schema-graph\">{\"@context\":\"https:\\\/\\\/schema.org\",\"@graph\":[{\"@type\":\"Article\",\"@id\":\"https:\\\/\\\/www.mavihaber.com.tr\\\/?p=1153#article\",\"isPartOf\":{\"@id\":\"https:\\\/\\\/www.mavihaber.com.tr\\\/?p=1153\"},\"author\":{\"name\":\"MAV\u0130 HABER\",\"@id\":\"https:\\\/\\\/www.mavihaber.com.tr\\\/#\\\/schema\\\/person\\\/6b483c36decdaf2ea80ccc7e00592ec5\"},\"headline\":\"\u201c\u00c7anakkale,ba\u011f\u0131ms\u0131zl\u0131\u011f\u0131n simgesidir\u201d\",\"datePublished\":\"2022-03-18T08:02:16+00:00\",\"mainEntityOfPage\":{\"@id\":\"https:\\\/\\\/www.mavihaber.com.tr\\\/?p=1153\"},\"wordCount\":354,\"commentCount\":0,\"publisher\":{\"@id\":\"https:\\\/\\\/www.mavihaber.com.tr\\\/#organization\"},\"image\":{\"@id\":\"https:\\\/\\\/www.mavihaber.com.tr\\\/?p=1153#primaryimage\"},\"thumbnailUrl\":\"http:\\\/\\\/www.mavihaber.com.tr\\\/wp-content\\\/uploads\\\/2022\\\/03\\\/Cafer-Esendemir5-300x217.png\",\"articleSection\":[\"Ekonomi\",\"G\u00fcndem\",\"Siyaset\"],\"inLanguage\":\"tr\",\"potentialAction\":[{\"@type\":\"CommentAction\",\"name\":\"Comment\",\"target\":[\"https:\\\/\\\/www.mavihaber.com.tr\\\/?p=1153#respond\"]}]},{\"@type\":\"WebPage\",\"@id\":\"https:\\\/\\\/www.mavihaber.com.tr\\\/?p=1153\",\"url\":\"https:\\\/\\\/www.mavihaber.com.tr\\\/?p=1153\",\"name\":\"\u201c\u00c7anakkale,ba\u011f\u0131ms\u0131zl\u0131\u011f\u0131n simgesidir\u201d - MAV\u0130 HABER\",\"isPartOf\":{\"@id\":\"https:\\\/\\\/www.mavihaber.com.tr\\\/#website\"},\"primaryImageOfPage\":{\"@id\":\"https:\\\/\\\/www.mavihaber.com.tr\\\/?p=1153#primaryimage\"},\"image\":{\"@id\":\"https:\\\/\\\/www.mavihaber.com.tr\\\/?p=1153#primaryimage\"},\"thumbnailUrl\":\"http:\\\/\\\/www.mavihaber.com.tr\\\/wp-content\\\/uploads\\\/2022\\\/03\\\/Cafer-Esendemir5-300x217.png\",\"datePublished\":\"2022-03-18T08:02:16+00:00\",\"breadcrumb\":{\"@id\":\"https:\\\/\\\/www.mavihaber.com.tr\\\/?p=1153#breadcrumb\"},\"inLanguage\":\"tr\",\"potentialAction\":[{\"@type\":\"ReadAction\",\"target\":[\"https:\\\/\\\/www.mavihaber.com.tr\\\/?p=1153\"]}]},{\"@type\":\"ImageObject\",\"inLanguage\":\"tr\",\"@id\":\"https:\\\/\\\/www.mavihaber.com.tr\\\/?p=1153#primaryimage\",\"url\":\"\",\"contentUrl\":\"\"},{\"@type\":\"BreadcrumbList\",\"@id\":\"https:\\\/\\\/www.mavihaber.com.tr\\\/?p=1153#breadcrumb\",\"itemListElement\":[{\"@type\":\"ListItem\",\"position\":1,\"name\":\"Anasayfa\",\"item\":\"https:\\\/\\\/www.mavihaber.com.tr\\\/\"},{\"@type\":\"ListItem\",\"position\":2,\"name\":\"\u201c\u00c7anakkale,ba\u011f\u0131ms\u0131zl\u0131\u011f\u0131n simgesidir\u201d\"}]},{\"@type\":\"WebSite\",\"@id\":\"https:\\\/\\\/www.mavihaber.com.tr\\\/#website\",\"url\":\"https:\\\/\\\/www.mavihaber.com.tr\\\/\",\"name\":\"MAV\u0130 HABER\",\"description\":\"S&Ouml;Z U&Ccedil;AR YAZI KALIR\",\"publisher\":{\"@id\":\"https:\\\/\\\/www.mavihaber.com.tr\\\/#organization\"},\"potentialAction\":[{\"@type\":\"SearchAction\",\"target\":{\"@type\":\"EntryPoint\",\"urlTemplate\":\"https:\\\/\\\/www.mavihaber.com.tr\\\/?s={search_term_string}\"},\"query-input\":{\"@type\":\"PropertyValueSpecification\",\"valueRequired\":true,\"valueName\":\"search_term_string\"}}],\"inLanguage\":\"tr\"},{\"@type\":\"Organization\",\"@id\":\"https:\\\/\\\/www.mavihaber.com.tr\\\/#organization\",\"name\":\"MAV\u0130 HABER\",\"url\":\"https:\\\/\\\/www.mavihaber.com.tr\\\/\",\"logo\":{\"@type\":\"ImageObject\",\"inLanguage\":\"tr\",\"@id\":\"https:\\\/\\\/www.mavihaber.com.tr\\\/#\\\/schema\\\/logo\\\/image\\\/\",\"url\":\"http:\\\/\\\/www.mavihaber.com.tr\\\/wp-content\\\/uploads\\\/2022\\\/02\\\/mavi-logo.png\",\"contentUrl\":\"http:\\\/\\\/www.mavihaber.com.tr\\\/wp-content\\\/uploads\\\/2022\\\/02\\\/mavi-logo.png\",\"width\":301,\"height\":81,\"caption\":\"MAV\u0130 HABER\"},\"image\":{\"@id\":\"https:\\\/\\\/www.mavihaber.com.tr\\\/#\\\/schema\\\/logo\\\/image\\\/\"},\"sameAs\":[\"https:\\\/\\\/www.facebook.com\\\/ceyhan.mavi.142\\\/\",\"https:\\\/\\\/x.com\\\/ceyhanmavihaber\",\"https:\\\/\\\/www.instagram.com\\\/ceyhanmavihaber\\\/\",\"https:\\\/\\\/www.youtube.com\\\/channel\\\/UCJQ-0-AFgj2GjI269QDUwNw\"]},{\"@type\":\"Person\",\"@id\":\"https:\\\/\\\/www.mavihaber.com.tr\\\/#\\\/schema\\\/person\\\/6b483c36decdaf2ea80ccc7e00592ec5\",\"name\":\"MAV\u0130 HABER\",\"image\":{\"@type\":\"ImageObject\",\"inLanguage\":\"tr\",\"@id\":\"https:\\\/\\\/secure.gravatar.com\\\/avatar\\\/8ec447ff07537b3472bb74c7b4212a4d84d9e722e01a066cab36264a08dd2a23?s=96&d=mm&r=g\",\"url\":\"https:\\\/\\\/secure.gravatar.com\\\/avatar\\\/8ec447ff07537b3472bb74c7b4212a4d84d9e722e01a066cab36264a08dd2a23?s=96&d=mm&r=g\",\"contentUrl\":\"https:\\\/\\\/secure.gravatar.com\\\/avatar\\\/8ec447ff07537b3472bb74c7b4212a4d84d9e722e01a066cab36264a08dd2a23?s=96&d=mm&r=g\",\"caption\":\"MAV\u0130 HABER\"},\"sameAs\":[\"http:\\\/\\\/www.mavihaber.com.tr\"],\"url\":\"https:\\\/\\\/www.mavihaber.com.tr\\\/?author=1\"}]}<\/script>\n<!-- \/ Yoast SEO plugin. -->","yoast_head_json":{"title":"\u201c\u00c7anakkale,ba\u011f\u0131ms\u0131zl\u0131\u011f\u0131n simgesidir\u201d - MAV\u0130 HABER","robots":{"index":"index","follow":"follow","max-snippet":"max-snippet:-1","max-image-preview":"max-image-preview:large","max-video-preview":"max-video-preview:-1"},"canonical":"https:\/\/www.mavihaber.com.tr\/?p=1153","og_locale":"tr_TR","og_type":"article","og_title":"\u201c\u00c7anakkale,ba\u011f\u0131ms\u0131zl\u0131\u011f\u0131n simgesidir\u201d - MAV\u0130 HABER","og_description":"Esendemir. \u00c7ukurova Gazeteciler Cemiyeti Ba\u015fkan\u0131 Cafer Esendemir, T\u00fcrkiye ve d\u00fcnya tarihinin ak\u0131\u015f\u0131n\u0131 de\u011fi\u015ftiren \u00c7anakkale Zaferi\u2019nin 107. y\u0131l\u0131n\u0131 kutlaman\u0131n onurunu ya\u015fad\u0131klar\u0131n\u0131","og_url":"https:\/\/www.mavihaber.com.tr\/?p=1153","og_site_name":"MAV\u0130 HABER","article_publisher":"https:\/\/www.facebook.com\/ceyhan.mavi.142\/","article_published_time":"2022-03-18T08:02:16+00:00","author":"MAV\u0130 HABER","twitter_card":"summary_large_image","twitter_creator":"@ceyhanmavihaber","twitter_site":"@ceyhanmavihaber","twitter_misc":{"Yazan:":"MAV\u0130 HABER","Tahmini okuma s\u00fcresi":"2 dakika"},"schema":{"@context":"https:\/\/schema.org","@graph":[{"@type":"Article","@id":"https:\/\/www.mavihaber.com.tr\/?p=1153#article","isPartOf":{"@id":"https:\/\/www.mavihaber.com.tr\/?p=1153"},"author":{"name":"MAV\u0130 HABER","@id":"https:\/\/www.mavihaber.com.tr\/#\/schema\/person\/6b483c36decdaf2ea80ccc7e00592ec5"},"headline":"\u201c\u00c7anakkale,ba\u011f\u0131ms\u0131zl\u0131\u011f\u0131n simgesidir\u201d","datePublished":"2022-03-18T08:02:16+00:00","mainEntityOfPage":{"@id":"https:\/\/www.mavihaber.com.tr\/?p=1153"},"wordCount":354,"commentCount":0,"publisher":{"@id":"https:\/\/www.mavihaber.com.tr\/#organization"},"image":{"@id":"https:\/\/www.mavihaber.com.tr\/?p=1153#primaryimage"},"thumbnailUrl":"http:\/\/www.mavihaber.com.tr\/wp-content\/uploads\/2022\/03\/Cafer-Esendemir5-300x217.png","articleSection":["Ekonomi","G\u00fcndem","Siyaset"],"inLanguage":"tr","potentialAction":[{"@type":"CommentAction","name":"Comment","target":["https:\/\/www.mavihaber.com.tr\/?p=1153#respond"]}]},{"@type":"WebPage","@id":"https:\/\/www.mavihaber.com.tr\/?p=1153","url":"https:\/\/www.mavihaber.com.tr\/?p=1153","name":"\u201c\u00c7anakkale,ba\u011f\u0131ms\u0131zl\u0131\u011f\u0131n simgesidir\u201d - MAV\u0130 HABER","isPartOf":{"@id":"https:\/\/www.mavihaber.com.tr\/#website"},"primaryImageOfPage":{"@id":"https:\/\/www.mavihaber.com.tr\/?p=1153#primaryimage"},"image":{"@id":"https:\/\/www.mavihaber.com.tr\/?p=1153#primaryimage"},"thumbnailUrl":"http:\/\/www.mavihaber.com.tr\/wp-content\/uploads\/2022\/03\/Cafer-Esendemir5-300x217.png","datePublished":"2022-03-18T08:02:16+00:00","breadcrumb":{"@id":"https:\/\/www.mavihaber.com.tr\/?p=1153#breadcrumb"},"inLanguage":"tr","potentialAction":[{"@type":"ReadAction","target":["https:\/\/www.mavihaber.com.tr\/?p=1153"]}]},{"@type":"ImageObject","inLanguage":"tr","@id":"https:\/\/www.mavihaber.com.tr\/?p=1153#primaryimage","url":"","contentUrl":""},{"@type":"BreadcrumbList","@id":"https:\/\/www.mavihaber.com.tr\/?p=1153#breadcrumb","itemListElement":[{"@type":"ListItem","position":1,"name":"Anasayfa","item":"https:\/\/www.mavihaber.com.tr\/"},{"@type":"ListItem","position":2,"name":"\u201c\u00c7anakkale,ba\u011f\u0131ms\u0131zl\u0131\u011f\u0131n simgesidir\u201d"}]},{"@type":"WebSite","@id":"https:\/\/www.mavihaber.com.tr\/#website","url":"https:\/\/www.mavihaber.com.tr\/","name":"MAV\u0130 HABER","description":"S&Ouml;Z U&Ccedil;AR YAZI KALIR","publisher":{"@id":"https:\/\/www.mavihaber.com.tr\/#organization"},"potentialAction":[{"@type":"SearchAction","target":{"@type":"EntryPoint","urlTemplate":"https:\/\/www.mavihaber.com.tr\/?s={search_term_string}"},"query-input":{"@type":"PropertyValueSpecification","valueRequired":true,"valueName":"search_term_string"}}],"inLanguage":"tr"},{"@type":"Organization","@id":"https:\/\/www.mavihaber.com.tr\/#organization","name":"MAV\u0130 HABER","url":"https:\/\/www.mavihaber.com.tr\/","logo":{"@type":"ImageObject","inLanguage":"tr","@id":"https:\/\/www.mavihaber.com.tr\/#\/schema\/logo\/image\/","url":"http:\/\/www.mavihaber.com.tr\/wp-content\/uploads\/2022\/02\/mavi-logo.png","contentUrl":"http:\/\/www.mavihaber.com.tr\/wp-content\/uploads\/2022\/02\/mavi-logo.png","width":301,"height":81,"caption":"MAV\u0130 HABER"},"image":{"@id":"https:\/\/www.mavihaber.com.tr\/#\/schema\/logo\/image\/"},"sameAs":["https:\/\/www.facebook.com\/ceyhan.mavi.142\/","https:\/\/x.com\/ceyhanmavihaber","https:\/\/www.instagram.com\/ceyhanmavihaber\/","https:\/\/www.youtube.com\/channel\/UCJQ-0-AFgj2GjI269QDUwNw"]},{"@type":"Person","@id":"https:\/\/www.mavihaber.com.tr\/#\/schema\/person\/6b483c36decdaf2ea80ccc7e00592ec5","name":"MAV\u0130 HABER","image":{"@type":"ImageObject","inLanguage":"tr","@id":"https:\/\/secure.gravatar.com\/avatar\/8ec447ff07537b3472bb74c7b4212a4d84d9e722e01a066cab36264a08dd2a23?s=96&d=mm&r=g","url":"https:\/\/secure.gravatar.com\/avatar\/8ec447ff07537b3472bb74c7b4212a4d84d9e722e01a066cab36264a08dd2a23?s=96&d=mm&r=g","contentUrl":"https:\/\/secure.gravatar.com\/avatar\/8ec447ff07537b3472bb74c7b4212a4d84d9e722e01a066cab36264a08dd2a23?s=96&d=mm&r=g","caption":"MAV\u0130 HABER"},"sameAs":["http:\/\/www.mavihaber.com.tr"],"url":"https:\/\/www.mavihaber.com.tr\/?author=1"}]}},"views":375,"_links":{"self":[{"href":"https:\/\/www.mavihaber.com.tr\/index.php?rest_route=\/wp\/v2\/posts\/1153","targetHints":{"allow":["GET"]}}],"collection":[{"href":"https:\/\/www.mavihaber.com.tr\/index.php?rest_route=\/wp\/v2\/posts"}],"about":[{"href":"https:\/\/www.mavihaber.com.tr\/index.php?rest_route=\/wp\/v2\/types\/post"}],"author":[{"embeddable":true,"href":"https:\/\/www.mavihaber.com.tr\/index.php?rest_route=\/wp\/v2\/users\/1"}],"replies":[{"embeddable":true,"href":"https:\/\/www.mavihaber.com.tr\/index.php?rest_route=%2Fwp%2Fv2%2Fcomments&post=1153"}],"version-history":[{"count":1,"href":"https:\/\/www.mavihaber.com.tr\/index.php?rest_route=\/wp\/v2\/posts\/1153\/revisions"}],"predecessor-version":[{"id":1156,"href":"https:\/\/www.mavihaber.com.tr\/index.php?rest_route=\/wp\/v2\/posts\/1153\/revisions\/1156"}],"wp:attachment":[{"href":"https:\/\/www.mavihaber.com.tr\/index.php?rest_route=%2Fwp%2Fv2%2Fmedia&parent=1153"}],"wp:term":[{"taxonomy":"category","embeddable":true,"href":"https:\/\/www.mavihaber.com.tr\/index.php?rest_route=%2Fwp%2Fv2%2Fcategories&post=1153"},{"taxonomy":"post_tag","embeddable":true,"href":"https:\/\/www.mavihaber.com.tr\/index.php?rest_route=%2Fwp%2Fv2%2Ftags&post=1153"}],"curies":[{"name":"wp","href":"https:\/\/api.w.org\/{rel}","templated":true}]}}