{"id":1237,"date":"2022-03-21T13:28:41","date_gmt":"2022-03-21T13:28:41","guid":{"rendered":"http:\/\/www.mavihaber.com.tr\/?p=1237"},"modified":"2022-03-21T13:28:41","modified_gmt":"2022-03-21T13:28:41","slug":"karadeniz-adanada-balikcilar-ve-sektor-temsilcileri-ile-bulustu","status":"publish","type":"post","link":"https:\/\/www.mavihaber.com.tr\/?p=1237","title":{"rendered":"Karadeniz Adana&#8217;da bal\u0131k\u00e7\u0131lar ve sekt\u00f6r temsilcileri ile bulu\u015ftu."},"content":{"rendered":"<p>Cumhuriyet Halk Partisi Genel Ba\u015fkan\u0131 Kemal K\u0131l\u0131\u00e7daro\u011flu taraf\u0131ndan Denizcilik Bal\u0131k\u00e7\u0131l\u0131k ve Su \u00dcr\u00fcnleri Sekt\u00f6r\u00fc Saha \u00c7al\u0131\u015fmas\u0131 Ba\u015fkan\u0131 olarak atanan Sinop Milletvekili Bar\u0131\u015f Karadeniz \u00e7al\u0131\u015fmalar\u0131n\u0131 Adana&#8217;da s\u00fcrd\u00fcrd\u00fc. Karadeniz Adana&#8217;da bal\u0131k\u00e7\u0131lar ve sekt\u00f6r temsilcileri ile bir araya geldi. Adana&#8217;da temaslarda bulunan Karadeniz Adana&#8217;daki sorunlar\u0131 dile getirdi. Karadeniz yapt\u0131\u011f\u0131 a\u00e7\u0131klamada; &#8221;Genel Merkezimizce, Genel Ba\u015fkan\u0131m\u0131z Say\u0131n Kemal K\u0131l\u0131\u00e7daro\u011flu&#8217;nun verdi\u011fi g\u00f6rev kapsam\u0131nda \u00e7al\u0131\u015fmalar\u0131m\u0131z devam ediyor.<\/p>\n<p><img loading=\"lazy\" decoding=\"async\" class=\"alignnone size-medium wp-image-1238\" src=\"http:\/\/www.mavihaber.com.tr\/wp-content\/uploads\/2022\/03\/WhatsApp-Image-2022-03-20-at-11.25.31-1-300x200.jpeg\" alt=\"\" width=\"300\" height=\"200\" \/><\/p>\n<p>\u0130l Ba\u015fkan\u0131m\u0131z Mehmet \u00c7elebi, Adana Milletvekillerimiz M\u00fczeyyen \u015eevkin ve Orhan S\u00fcmer, Karata\u015f \u0130l\u00e7e Ba\u015fkan\u0131m\u0131z Cengiz \u015eim\u015fek, Yumurtal\u0131k \u0130l\u00e7e Ba\u015fkan\u0131m\u0131z Erdin\u00e7 Alt\u0131ok, \u0130l Ba\u015fkan Yard\u0131mc\u0131lar\u0131m\u0131z Cahit \u0130ncefikir, Halit Atik, \u00d6zg\u00fcr Alt\u0131ok ve Adana Disiplin Kurulu Ba\u015fkan\u0131m\u0131z Ramazan Atikaslan&#8217;\u0131n kat\u0131l\u0131mlar\u0131yla Adana Su \u00fcr\u00fcnleri Fak\u00fcltesi Dekanl\u0131\u011f\u0131, Karata\u015f Su \u00fcr\u00fcnleri Kooperatifi ve Yumurtal\u0131k&#8217;ta bal\u0131k\u00e7\u0131lar\u0131m\u0131zla sekt\u00f6r temsilcilerimizle bir araya geldik.<\/p>\n<p>Burada da Denizcilik Bakanl\u0131\u011f\u0131&#8217;n\u0131n gereklili\u011fini bir kez daha anlad\u0131k. \u00c7ok y\u00fcksek su \u00fcr\u00fcnleri potansiyelimiz var yap\u0131lan bir tek \u015fey yok. \u00dcniversite ile \u00f6zel sekt\u00f6r\u00fcn ba\u011flar\u0131 zay\u0131f yap\u0131lacak detayl\u0131 bir \u00e7al\u0131\u015fmayla bu potansiyeli a\u00e7\u0131\u011fa \u00e7\u0131karabilir, \u00e7ok say\u0131da vatanda\u015f\u0131m\u0131z\u0131 da istihdam edebiliriz.<\/p>\n<p>Su \u00fcr\u00fcnleri m\u00fchendisleri \u00f6tekile\u015ftirilmi\u015f, i\u015f olana\u011f\u0131 olmad\u0131\u011f\u0131ndan gen\u00e7lerimiz art\u0131k tercih etmiyor. Bu m\u00fchendis arkada\u015flar\u0131m\u0131z\u0131n imza yetkisi bile yok. Bunlar yasal d\u00fczenlemelerle hayata ge\u00e7ecek \u00e7ok basit \u00e7\u00f6z\u00fcmler fakat ne yaz\u0131k ki burada da bal\u0131k\u00e7\u0131lar unutulmu\u015f, iktidar denize s\u0131rt\u0131n\u0131 d\u00f6nm\u00fc\u015f. \u00d6zel \u015firketlere verilecek paray\u0131 \u00fcniversitelere aktarsan\u0131z bilimle ak\u0131lla y\u00fcr\u00fct\u00fclse bu s\u00fcre\u00e7 \u00e7ok daha ba\u015far\u0131l\u0131 olaca\u011f\u0131z, su \u00fcr\u00fcnleri \u00e7e\u015fitlili\u011fini artt\u0131raca\u011f\u0131z.Devletin art\u0131k bu fak\u00fcltelerle proje y\u00fcr\u00fctmesi elzem, do\u011fa elden gidiyor deniz elden gidiyor&#8221;dedi.<\/p>\n<p>Karadeniz konu\u015fmalar\u0131n\u0131n devam\u0131nda Karata\u015f&#8217;\u0131n Adana&#8217;da denize a\u00e7\u0131lan penceresi oldu\u011fu belirterek;&#8221; Karata\u015f \u00e7o\u011funlu\u011fu bal\u0131k\u00e7\u0131l\u0131kla ge\u00e7inen yakla\u015f\u0131k 5 bin vatanda\u015f\u0131m\u0131z\u0131n ekme\u011fini denizden \u00e7\u0131kard\u0131\u011f\u0131 bir yerle\u015fim alan\u0131m\u0131z. Kriz burada da yine bal\u0131k\u00e7\u0131 karde\u015fimi vurmu\u015f, sezon bitmeden kontak kapatan \u00e7ok say\u0131da bal\u0131k\u00e7\u0131m\u0131z var. Maliyetler y\u00fckseldi, fatura s\u00fcrekli bal\u0131k\u00e7\u0131ya kesiliyor.<\/p>\n<p><img loading=\"lazy\" decoding=\"async\" class=\"alignnone size-medium wp-image-1240\" src=\"http:\/\/www.mavihaber.com.tr\/wp-content\/uploads\/2022\/03\/WhatsApp-Image-2022-03-20-at-11.25.32-1-300x225.jpeg\" alt=\"\" width=\"300\" height=\"225\" \/><\/p>\n<p>Bal\u0131k\u00e7\u0131 karde\u015fim bal\u0131k\u00e7\u0131 oldu\u011fum halde ben bal\u0131k yiyemiyorum, hallere yolluyorum diyor ge\u00e7im s\u0131k\u0131nt\u0131s\u0131 art\u0131k her yerde. Bu bal\u0131k\u00e7\u0131ya sahip \u00e7\u0131k\u0131lmas\u0131 laz\u0131m, denizin bal\u0131k\u00e7\u0131l\u0131\u011f\u0131n ve bu sekt\u00f6r\u00fcn canland\u0131r\u0131lmas\u0131 laz\u0131m. K\u0131l\u0131\u00e7 bal\u0131\u011f\u0131 avc\u0131l\u0131\u011f\u0131 i\u00e7in bal\u0131k\u00e7\u0131 karde\u015fim belge al\u0131yor, a\u011f yapt\u0131r\u0131yor sonra devlet bu avc\u0131l\u0131\u011f\u0131 yasakl\u0131yor. Siz bal\u0131k\u00e7\u0131 karde\u015fimle dalga m\u0131 ge\u00e7iyorsunuz? Bal\u0131k\u00e7\u0131 mazot b\u00f6yle devam derse seneye sezonda \u00e7al\u0131\u015famay\u0131z diyor bu insanlar\u0131n sesini duyun&#8221; c\u00fcmlelerini kulland\u0131. Yumurtal\u0131k&#8217;ta da bal\u0131k\u00e7\u0131n\u0131n b\u00fcy\u00fck s\u0131k\u0131nt\u0131lar\u0131 oldu\u011funu belirten CHP Sinop Milletvekili Bar\u0131\u015f Karadeniz;&#8221; Bal\u0131k\u00e7\u0131 art\u0131k isyan etme noktas\u0131na gelmi\u015f ge\u00e7im s\u0131k\u0131nt\u0131s\u0131yla m\u0131 u\u011fra\u015facak denize mi a\u00e7\u0131lacak? Her \u015feyin maliyeti artt\u0131.<\/p>\n<p>Bal\u0131k\u00e7\u0131 karde\u015fim Yumurtal\u0131k&#8217;ta diyor ki b\u00f6yle giderse denize \u00e7\u0131kamayaca\u011f\u0131z. \u00dc\u00e7 taraf\u0131 denizlerle \u00e7evrili \u00fclkemizde bal\u0131k\u00e7\u0131l\u0131k bitiyor deniz elden gidiyor. Ne yaz\u0131k ki iktidar temsilcileri bu sorunlar\u0131 s\u00fcmen alt\u0131 ediyor duymamazl\u0131ktan geliyor.Yumurtal\u0131k&#8217;ta y\u0131llard\u0131r yap\u0131lmayan projede kalan liman projesi var. Neden yapm\u0131yorsunuz? Bal\u0131k\u00e7\u0131n\u0131n av sahas\u0131 darald\u0131 bal\u0131k\u00e7\u0131 hareket edemiyor neden g\u00f6rm\u00fcyorsunuz? Bal\u0131k\u00e7\u0131y\u0131 ancak ceza kesmek i\u00e7in hat\u0131rlayan bir iktidar var bal\u0131k\u00e7\u0131y\u0131 a\u011f\u0131r cezalarla kar\u015f\u0131 kar\u015f\u0131ya b\u0131rakan bal\u0131k\u00e7\u0131l\u0131\u011f\u0131 bitirmeye \u00e7al\u0131\u015fan bir iktidar var. Gelin Yumurtal\u0131k&#8217;a bal\u0131k\u00e7\u0131 karde\u015flerimi dinleyin sorunlar\u0131 g\u00f6r\u00fcn bu insanlar i\u00e7in harekete ge\u00e7in. Denizlerimizi bal\u0131k\u00e7\u0131lar\u0131m\u0131z\u0131 kurtaral\u0131m. Siz yapmazsan\u0131z da biz iktidar\u0131m\u0131zda Denizcilik Bal\u0131k\u00e7\u0131l\u0131k Bakanl\u0131\u011f\u0131&#8217;n\u0131 kuraca\u011f\u0131z bu sorunlar\u0131 bal\u0131k\u00e7\u0131lar\u0131m\u0131zla sekt\u00f6r temsilcilerimizle oturup \u00e7\u00f6zece\u011fiz. T\u00fcrkiye&#8217;nin en g\u00fcvenli liman\u0131 biz olaca\u011f\u0131z&#8221; s\u00f6zleri ile c\u00fcmlelerini sonland\u0131rd\u0131.<\/p>\n","protected":false},"excerpt":{"rendered":"<p>Cumhuriyet Halk Partisi Genel Ba\u015fkan\u0131 Kemal K\u0131l\u0131\u00e7daro\u011flu taraf\u0131ndan Denizcilik Bal\u0131k\u00e7\u0131l\u0131k ve Su \u00dcr\u00fcnleri Sekt\u00f6r\u00fc Saha \u00c7al\u0131\u015fmas\u0131 Ba\u015fkan\u0131 olarak atanan Sinop<\/p>\n","protected":false},"author":1,"featured_media":0,"comment_status":"open","ping_status":"open","sticky":false,"template":"","format":"standard","meta":{"footnotes":""},"categories":[8,13],"tags":[],"class_list":["post-1237","post","type-post","status-publish","format-standard","hentry","category-ekonomi","category-siyaset"],"yoast_head":"<!-- This site is optimized with the Yoast SEO plugin v28.2 - https:\/\/yoast.com\/product\/yoast-seo-wordpress\/ -->\n<title>Karadeniz Adana&#039;da bal\u0131k\u00e7\u0131lar ve sekt\u00f6r temsilcileri ile bulu\u015ftu. - MAV\u0130 HABER<\/title>\n<meta name=\"robots\" content=\"index, follow, max-snippet:-1, max-image-preview:large, max-video-preview:-1\" \/>\n<link rel=\"canonical\" href=\"https:\/\/www.mavihaber.com.tr\/?p=1237\" \/>\n<meta property=\"og:locale\" content=\"tr_TR\" \/>\n<meta property=\"og:type\" content=\"article\" \/>\n<meta property=\"og:title\" content=\"Karadeniz Adana&#039;da bal\u0131k\u00e7\u0131lar ve sekt\u00f6r temsilcileri ile bulu\u015ftu. - MAV\u0130 HABER\" \/>\n<meta property=\"og:description\" content=\"Cumhuriyet Halk Partisi Genel Ba\u015fkan\u0131 Kemal K\u0131l\u0131\u00e7daro\u011flu taraf\u0131ndan Denizcilik Bal\u0131k\u00e7\u0131l\u0131k ve Su \u00dcr\u00fcnleri Sekt\u00f6r\u00fc Saha \u00c7al\u0131\u015fmas\u0131 Ba\u015fkan\u0131 olarak atanan Sinop\" \/>\n<meta property=\"og:url\" content=\"https:\/\/www.mavihaber.com.tr\/?p=1237\" \/>\n<meta property=\"og:site_name\" content=\"MAV\u0130 HABER\" \/>\n<meta property=\"article:publisher\" content=\"https:\/\/www.facebook.com\/ceyhan.mavi.142\/\" \/>\n<meta property=\"article:published_time\" content=\"2022-03-21T13:28:41+00:00\" \/>\n<meta name=\"author\" content=\"MAV\u0130 HABER\" \/>\n<meta name=\"twitter:card\" content=\"summary_large_image\" \/>\n<meta name=\"twitter:creator\" content=\"@ceyhanmavihaber\" \/>\n<meta name=\"twitter:site\" content=\"@ceyhanmavihaber\" \/>\n<meta name=\"twitter:label1\" content=\"Yazan:\" \/>\n\t<meta name=\"twitter:data1\" content=\"MAV\u0130 HABER\" \/>\n\t<meta name=\"twitter:label2\" content=\"Tahmini okuma s\u00fcresi\" \/>\n\t<meta name=\"twitter:data2\" content=\"4 dakika\" \/>\n<script type=\"application\/ld+json\" class=\"yoast-schema-graph\">{\"@context\":\"https:\\\/\\\/schema.org\",\"@graph\":[{\"@type\":\"Article\",\"@id\":\"https:\\\/\\\/www.mavihaber.com.tr\\\/?p=1237#article\",\"isPartOf\":{\"@id\":\"https:\\\/\\\/www.mavihaber.com.tr\\\/?p=1237\"},\"author\":{\"name\":\"MAV\u0130 HABER\",\"@id\":\"https:\\\/\\\/www.mavihaber.com.tr\\\/#\\\/schema\\\/person\\\/6b483c36decdaf2ea80ccc7e00592ec5\"},\"headline\":\"Karadeniz Adana&#8217;da bal\u0131k\u00e7\u0131lar ve sekt\u00f6r temsilcileri ile bulu\u015ftu.\",\"datePublished\":\"2022-03-21T13:28:41+00:00\",\"mainEntityOfPage\":{\"@id\":\"https:\\\/\\\/www.mavihaber.com.tr\\\/?p=1237\"},\"wordCount\":775,\"commentCount\":0,\"publisher\":{\"@id\":\"https:\\\/\\\/www.mavihaber.com.tr\\\/#organization\"},\"image\":{\"@id\":\"https:\\\/\\\/www.mavihaber.com.tr\\\/?p=1237#primaryimage\"},\"thumbnailUrl\":\"http:\\\/\\\/www.mavihaber.com.tr\\\/wp-content\\\/uploads\\\/2022\\\/03\\\/WhatsApp-Image-2022-03-20-at-11.25.31-1-300x200.jpeg\",\"articleSection\":[\"Ekonomi\",\"Siyaset\"],\"inLanguage\":\"tr\",\"potentialAction\":[{\"@type\":\"CommentAction\",\"name\":\"Comment\",\"target\":[\"https:\\\/\\\/www.mavihaber.com.tr\\\/?p=1237#respond\"]}]},{\"@type\":\"WebPage\",\"@id\":\"https:\\\/\\\/www.mavihaber.com.tr\\\/?p=1237\",\"url\":\"https:\\\/\\\/www.mavihaber.com.tr\\\/?p=1237\",\"name\":\"Karadeniz Adana'da bal\u0131k\u00e7\u0131lar ve sekt\u00f6r temsilcileri ile bulu\u015ftu. - MAV\u0130 HABER\",\"isPartOf\":{\"@id\":\"https:\\\/\\\/www.mavihaber.com.tr\\\/#website\"},\"primaryImageOfPage\":{\"@id\":\"https:\\\/\\\/www.mavihaber.com.tr\\\/?p=1237#primaryimage\"},\"image\":{\"@id\":\"https:\\\/\\\/www.mavihaber.com.tr\\\/?p=1237#primaryimage\"},\"thumbnailUrl\":\"http:\\\/\\\/www.mavihaber.com.tr\\\/wp-content\\\/uploads\\\/2022\\\/03\\\/WhatsApp-Image-2022-03-20-at-11.25.31-1-300x200.jpeg\",\"datePublished\":\"2022-03-21T13:28:41+00:00\",\"breadcrumb\":{\"@id\":\"https:\\\/\\\/www.mavihaber.com.tr\\\/?p=1237#breadcrumb\"},\"inLanguage\":\"tr\",\"potentialAction\":[{\"@type\":\"ReadAction\",\"target\":[\"https:\\\/\\\/www.mavihaber.com.tr\\\/?p=1237\"]}]},{\"@type\":\"ImageObject\",\"inLanguage\":\"tr\",\"@id\":\"https:\\\/\\\/www.mavihaber.com.tr\\\/?p=1237#primaryimage\",\"url\":\"\",\"contentUrl\":\"\"},{\"@type\":\"BreadcrumbList\",\"@id\":\"https:\\\/\\\/www.mavihaber.com.tr\\\/?p=1237#breadcrumb\",\"itemListElement\":[{\"@type\":\"ListItem\",\"position\":1,\"name\":\"Anasayfa\",\"item\":\"https:\\\/\\\/www.mavihaber.com.tr\\\/\"},{\"@type\":\"ListItem\",\"position\":2,\"name\":\"Karadeniz Adana&#8217;da bal\u0131k\u00e7\u0131lar ve sekt\u00f6r temsilcileri ile bulu\u015ftu.\"}]},{\"@type\":\"WebSite\",\"@id\":\"https:\\\/\\\/www.mavihaber.com.tr\\\/#website\",\"url\":\"https:\\\/\\\/www.mavihaber.com.tr\\\/\",\"name\":\"MAV\u0130 HABER\",\"description\":\"S&Ouml;Z U&Ccedil;AR YAZI KALIR\",\"publisher\":{\"@id\":\"https:\\\/\\\/www.mavihaber.com.tr\\\/#organization\"},\"potentialAction\":[{\"@type\":\"SearchAction\",\"target\":{\"@type\":\"EntryPoint\",\"urlTemplate\":\"https:\\\/\\\/www.mavihaber.com.tr\\\/?s={search_term_string}\"},\"query-input\":{\"@type\":\"PropertyValueSpecification\",\"valueRequired\":true,\"valueName\":\"search_term_string\"}}],\"inLanguage\":\"tr\"},{\"@type\":\"Organization\",\"@id\":\"https:\\\/\\\/www.mavihaber.com.tr\\\/#organization\",\"name\":\"MAV\u0130 HABER\",\"url\":\"https:\\\/\\\/www.mavihaber.com.tr\\\/\",\"logo\":{\"@type\":\"ImageObject\",\"inLanguage\":\"tr\",\"@id\":\"https:\\\/\\\/www.mavihaber.com.tr\\\/#\\\/schema\\\/logo\\\/image\\\/\",\"url\":\"http:\\\/\\\/www.mavihaber.com.tr\\\/wp-content\\\/uploads\\\/2022\\\/02\\\/mavi-logo.png\",\"contentUrl\":\"http:\\\/\\\/www.mavihaber.com.tr\\\/wp-content\\\/uploads\\\/2022\\\/02\\\/mavi-logo.png\",\"width\":301,\"height\":81,\"caption\":\"MAV\u0130 HABER\"},\"image\":{\"@id\":\"https:\\\/\\\/www.mavihaber.com.tr\\\/#\\\/schema\\\/logo\\\/image\\\/\"},\"sameAs\":[\"https:\\\/\\\/www.facebook.com\\\/ceyhan.mavi.142\\\/\",\"https:\\\/\\\/x.com\\\/ceyhanmavihaber\",\"https:\\\/\\\/www.instagram.com\\\/ceyhanmavihaber\\\/\",\"https:\\\/\\\/www.youtube.com\\\/channel\\\/UCJQ-0-AFgj2GjI269QDUwNw\"]},{\"@type\":\"Person\",\"@id\":\"https:\\\/\\\/www.mavihaber.com.tr\\\/#\\\/schema\\\/person\\\/6b483c36decdaf2ea80ccc7e00592ec5\",\"name\":\"MAV\u0130 HABER\",\"image\":{\"@type\":\"ImageObject\",\"inLanguage\":\"tr\",\"@id\":\"https:\\\/\\\/secure.gravatar.com\\\/avatar\\\/8ec447ff07537b3472bb74c7b4212a4d84d9e722e01a066cab36264a08dd2a23?s=96&d=mm&r=g\",\"url\":\"https:\\\/\\\/secure.gravatar.com\\\/avatar\\\/8ec447ff07537b3472bb74c7b4212a4d84d9e722e01a066cab36264a08dd2a23?s=96&d=mm&r=g\",\"contentUrl\":\"https:\\\/\\\/secure.gravatar.com\\\/avatar\\\/8ec447ff07537b3472bb74c7b4212a4d84d9e722e01a066cab36264a08dd2a23?s=96&d=mm&r=g\",\"caption\":\"MAV\u0130 HABER\"},\"sameAs\":[\"http:\\\/\\\/www.mavihaber.com.tr\"],\"url\":\"https:\\\/\\\/www.mavihaber.com.tr\\\/?author=1\"}]}<\/script>\n<!-- \/ Yoast SEO plugin. -->","yoast_head_json":{"title":"Karadeniz Adana'da bal\u0131k\u00e7\u0131lar ve sekt\u00f6r temsilcileri ile bulu\u015ftu. - MAV\u0130 HABER","robots":{"index":"index","follow":"follow","max-snippet":"max-snippet:-1","max-image-preview":"max-image-preview:large","max-video-preview":"max-video-preview:-1"},"canonical":"https:\/\/www.mavihaber.com.tr\/?p=1237","og_locale":"tr_TR","og_type":"article","og_title":"Karadeniz Adana'da bal\u0131k\u00e7\u0131lar ve sekt\u00f6r temsilcileri ile bulu\u015ftu. - MAV\u0130 HABER","og_description":"Cumhuriyet Halk Partisi Genel Ba\u015fkan\u0131 Kemal K\u0131l\u0131\u00e7daro\u011flu taraf\u0131ndan Denizcilik Bal\u0131k\u00e7\u0131l\u0131k ve Su \u00dcr\u00fcnleri Sekt\u00f6r\u00fc Saha \u00c7al\u0131\u015fmas\u0131 Ba\u015fkan\u0131 olarak atanan Sinop","og_url":"https:\/\/www.mavihaber.com.tr\/?p=1237","og_site_name":"MAV\u0130 HABER","article_publisher":"https:\/\/www.facebook.com\/ceyhan.mavi.142\/","article_published_time":"2022-03-21T13:28:41+00:00","author":"MAV\u0130 HABER","twitter_card":"summary_large_image","twitter_creator":"@ceyhanmavihaber","twitter_site":"@ceyhanmavihaber","twitter_misc":{"Yazan:":"MAV\u0130 HABER","Tahmini okuma s\u00fcresi":"4 dakika"},"schema":{"@context":"https:\/\/schema.org","@graph":[{"@type":"Article","@id":"https:\/\/www.mavihaber.com.tr\/?p=1237#article","isPartOf":{"@id":"https:\/\/www.mavihaber.com.tr\/?p=1237"},"author":{"name":"MAV\u0130 HABER","@id":"https:\/\/www.mavihaber.com.tr\/#\/schema\/person\/6b483c36decdaf2ea80ccc7e00592ec5"},"headline":"Karadeniz Adana&#8217;da bal\u0131k\u00e7\u0131lar ve sekt\u00f6r temsilcileri ile bulu\u015ftu.","datePublished":"2022-03-21T13:28:41+00:00","mainEntityOfPage":{"@id":"https:\/\/www.mavihaber.com.tr\/?p=1237"},"wordCount":775,"commentCount":0,"publisher":{"@id":"https:\/\/www.mavihaber.com.tr\/#organization"},"image":{"@id":"https:\/\/www.mavihaber.com.tr\/?p=1237#primaryimage"},"thumbnailUrl":"http:\/\/www.mavihaber.com.tr\/wp-content\/uploads\/2022\/03\/WhatsApp-Image-2022-03-20-at-11.25.31-1-300x200.jpeg","articleSection":["Ekonomi","Siyaset"],"inLanguage":"tr","potentialAction":[{"@type":"CommentAction","name":"Comment","target":["https:\/\/www.mavihaber.com.tr\/?p=1237#respond"]}]},{"@type":"WebPage","@id":"https:\/\/www.mavihaber.com.tr\/?p=1237","url":"https:\/\/www.mavihaber.com.tr\/?p=1237","name":"Karadeniz Adana'da bal\u0131k\u00e7\u0131lar ve sekt\u00f6r temsilcileri ile bulu\u015ftu. - MAV\u0130 HABER","isPartOf":{"@id":"https:\/\/www.mavihaber.com.tr\/#website"},"primaryImageOfPage":{"@id":"https:\/\/www.mavihaber.com.tr\/?p=1237#primaryimage"},"image":{"@id":"https:\/\/www.mavihaber.com.tr\/?p=1237#primaryimage"},"thumbnailUrl":"http:\/\/www.mavihaber.com.tr\/wp-content\/uploads\/2022\/03\/WhatsApp-Image-2022-03-20-at-11.25.31-1-300x200.jpeg","datePublished":"2022-03-21T13:28:41+00:00","breadcrumb":{"@id":"https:\/\/www.mavihaber.com.tr\/?p=1237#breadcrumb"},"inLanguage":"tr","potentialAction":[{"@type":"ReadAction","target":["https:\/\/www.mavihaber.com.tr\/?p=1237"]}]},{"@type":"ImageObject","inLanguage":"tr","@id":"https:\/\/www.mavihaber.com.tr\/?p=1237#primaryimage","url":"","contentUrl":""},{"@type":"BreadcrumbList","@id":"https:\/\/www.mavihaber.com.tr\/?p=1237#breadcrumb","itemListElement":[{"@type":"ListItem","position":1,"name":"Anasayfa","item":"https:\/\/www.mavihaber.com.tr\/"},{"@type":"ListItem","position":2,"name":"Karadeniz Adana&#8217;da bal\u0131k\u00e7\u0131lar ve sekt\u00f6r temsilcileri ile bulu\u015ftu."}]},{"@type":"WebSite","@id":"https:\/\/www.mavihaber.com.tr\/#website","url":"https:\/\/www.mavihaber.com.tr\/","name":"MAV\u0130 HABER","description":"S&Ouml;Z U&Ccedil;AR YAZI KALIR","publisher":{"@id":"https:\/\/www.mavihaber.com.tr\/#organization"},"potentialAction":[{"@type":"SearchAction","target":{"@type":"EntryPoint","urlTemplate":"https:\/\/www.mavihaber.com.tr\/?s={search_term_string}"},"query-input":{"@type":"PropertyValueSpecification","valueRequired":true,"valueName":"search_term_string"}}],"inLanguage":"tr"},{"@type":"Organization","@id":"https:\/\/www.mavihaber.com.tr\/#organization","name":"MAV\u0130 HABER","url":"https:\/\/www.mavihaber.com.tr\/","logo":{"@type":"ImageObject","inLanguage":"tr","@id":"https:\/\/www.mavihaber.com.tr\/#\/schema\/logo\/image\/","url":"http:\/\/www.mavihaber.com.tr\/wp-content\/uploads\/2022\/02\/mavi-logo.png","contentUrl":"http:\/\/www.mavihaber.com.tr\/wp-content\/uploads\/2022\/02\/mavi-logo.png","width":301,"height":81,"caption":"MAV\u0130 HABER"},"image":{"@id":"https:\/\/www.mavihaber.com.tr\/#\/schema\/logo\/image\/"},"sameAs":["https:\/\/www.facebook.com\/ceyhan.mavi.142\/","https:\/\/x.com\/ceyhanmavihaber","https:\/\/www.instagram.com\/ceyhanmavihaber\/","https:\/\/www.youtube.com\/channel\/UCJQ-0-AFgj2GjI269QDUwNw"]},{"@type":"Person","@id":"https:\/\/www.mavihaber.com.tr\/#\/schema\/person\/6b483c36decdaf2ea80ccc7e00592ec5","name":"MAV\u0130 HABER","image":{"@type":"ImageObject","inLanguage":"tr","@id":"https:\/\/secure.gravatar.com\/avatar\/8ec447ff07537b3472bb74c7b4212a4d84d9e722e01a066cab36264a08dd2a23?s=96&d=mm&r=g","url":"https:\/\/secure.gravatar.com\/avatar\/8ec447ff07537b3472bb74c7b4212a4d84d9e722e01a066cab36264a08dd2a23?s=96&d=mm&r=g","contentUrl":"https:\/\/secure.gravatar.com\/avatar\/8ec447ff07537b3472bb74c7b4212a4d84d9e722e01a066cab36264a08dd2a23?s=96&d=mm&r=g","caption":"MAV\u0130 HABER"},"sameAs":["http:\/\/www.mavihaber.com.tr"],"url":"https:\/\/www.mavihaber.com.tr\/?author=1"}]}},"views":345,"_links":{"self":[{"href":"https:\/\/www.mavihaber.com.tr\/index.php?rest_route=\/wp\/v2\/posts\/1237","targetHints":{"allow":["GET"]}}],"collection":[{"href":"https:\/\/www.mavihaber.com.tr\/index.php?rest_route=\/wp\/v2\/posts"}],"about":[{"href":"https:\/\/www.mavihaber.com.tr\/index.php?rest_route=\/wp\/v2\/types\/post"}],"author":[{"embeddable":true,"href":"https:\/\/www.mavihaber.com.tr\/index.php?rest_route=\/wp\/v2\/users\/1"}],"replies":[{"embeddable":true,"href":"https:\/\/www.mavihaber.com.tr\/index.php?rest_route=%2Fwp%2Fv2%2Fcomments&post=1237"}],"version-history":[{"count":1,"href":"https:\/\/www.mavihaber.com.tr\/index.php?rest_route=\/wp\/v2\/posts\/1237\/revisions"}],"predecessor-version":[{"id":1242,"href":"https:\/\/www.mavihaber.com.tr\/index.php?rest_route=\/wp\/v2\/posts\/1237\/revisions\/1242"}],"wp:attachment":[{"href":"https:\/\/www.mavihaber.com.tr\/index.php?rest_route=%2Fwp%2Fv2%2Fmedia&parent=1237"}],"wp:term":[{"taxonomy":"category","embeddable":true,"href":"https:\/\/www.mavihaber.com.tr\/index.php?rest_route=%2Fwp%2Fv2%2Fcategories&post=1237"},{"taxonomy":"post_tag","embeddable":true,"href":"https:\/\/www.mavihaber.com.tr\/index.php?rest_route=%2Fwp%2Fv2%2Ftags&post=1237"}],"curies":[{"name":"wp","href":"https:\/\/api.w.org\/{rel}","templated":true}]}}