{"id":1281,"date":"2022-03-24T14:30:12","date_gmt":"2022-03-24T14:30:12","guid":{"rendered":"http:\/\/www.mavihaber.com.tr\/?p=1281"},"modified":"2022-03-24T14:30:48","modified_gmt":"2022-03-24T14:30:48","slug":"ahmet-davutoglundan-tarihi-cagri-bu-iki-kirli-senaryoya-karsi","status":"publish","type":"post","link":"https:\/\/www.mavihaber.com.tr\/?p=1281","title":{"rendered":"Davuto\u011flu\u2019ndan tarihi \u00e7a\u011fr\u0131: Bu iki kirli senaryoya kar\u015f\u0131&#8230;"},"content":{"rendered":"<p>Gelecek Partisi Genel Ba\u015fkan\u0131 Prof. Dr. Ahmet Davuto\u011flu, d\u00fczenledi\u011fi bas\u0131n toplant\u0131s\u0131 ile partisinin g\u00fcndeme ili\u015fkin g\u00f6r\u00fc\u015flerini a\u00e7\u0131klad\u0131.<\/p>\n<p>Cumhurba\u015fkan\u0131 Erdo\u011fan\u2019\u0131n Adana\u2019da ya\u015fanan ve b\u00fcy\u00fck tepki toplayan polis i\u015fkencesine kar\u015f\u0131 sessiz kalmas\u0131n\u0131 ele\u015ftiren Davuto\u011flu, \u201cSay\u0131n Erdo\u011fan bir yol ayr\u0131m\u0131ndad\u0131r. Hala konu\u015fabilir ve tavr\u0131n\u0131 ortaya koyabilir\u201d ifadelerini kulland\u0131.<\/p>\n<p>\u0130\u00e7i\u015fleri Bakan\u0131 S\u00fcleyman Soylu\u2019nun g\u00f6r\u00fcn\u00fc\u015fte Erdo\u011fan\u2019a, esasta Bah\u00e7eli\u2019ye ba\u011fl\u0131 oldu\u011funu s\u00f6yleyen Davuto\u011flu, devletin \u00e7ift ba\u015fl\u0131 bir nitelik kazand\u0131\u011f\u0131n\u0131 s\u00f6yledi.<\/p>\n<p>Devreye sokulmak istenen iki kirli ve \u015faibeli senaryoya kar\u015f\u0131 uyar\u0131larda bulunan Davuto\u011flu, AK Partili milletvekilleri ve halen AK Parti\u2019yi destekleyen kitlelere de tarihi bir \u00e7a\u011fr\u0131da bulundu.<\/p>\n<p>Davuto\u011flu\u2019nun a\u00e7\u0131klamalar\u0131ndan baz\u0131 sat\u0131r ba\u015flar\u0131 \u015fu \u015fekilde:<\/p>\n<p>Adana\u2019da ya\u015fanan ve kamu vicdan\u0131n\u0131 yaralayan, kad\u0131n ve \u00e7ocuklar\u0131n da oldu\u011fu topluluklar\u0131n sokak ortas\u0131nda copland\u0131\u011f\u0131 fiili i\u015fkence g\u00f6r\u00fcnt\u00fcleri ile ilgili olarak Say\u0131n Cumhurba\u015fkan\u0131na a\u00e7\u0131klama yapmas\u0131 \u00e7a\u011fr\u0131s\u0131nda bulunmu\u015ftum. Ancak, kamu vicdan\u0131n\u0131 teskin edecek bir a\u00e7\u0131klama yapmak yerine kritik konularda her zaman yapt\u0131\u011f\u0131 gibi meydan\u0131 Say\u0131n Bah\u00e7eli ve Soylu\u2019ya b\u0131rakarak sessizli\u011fe g\u00f6m\u00fclmeyi tercih etti. Sesi ile ilgili sa\u011fl\u0131k sorunu nedeni ile grup toplant\u0131s\u0131 yapamad\u0131\u011f\u0131 s\u00f6ylendi. Ge\u00e7mi\u015f olsun dileklerinde bulunuyorum; ancak bu bir mazeret de\u011fildir. Ortaya \u00e7\u0131kan tabloyu k\u0131nayan ve sorumlular\u0131 i\u00e7in gerekli i\u015flemin yap\u0131laca\u011f\u0131n\u0131 ifade eden k\u0131sa bir tweet mesaj\u0131 bile ilk a\u015famada yeterli olabilirdi.<\/p>\n<p>\u0130\u00c7\u0130\u015eLER\u0130 BAKANI G\u00d6R\u00dcN\u00dc\u015eTE ERDO\u011eAN\u2019A, ESASTA BAH\u00c7EL\u0130\u2019YE BA\u011eLIDIR<\/p>\n<p>Cumhurba\u015fkan\u0131 e\u011fer vatanda\u015f\u0131na sahip \u00e7\u0131ksa idi, hukuksuz davranan kamu g\u00f6revlisinin de\u011fil, ma\u011fdurun yan\u0131nda olsayd\u0131 \u00e7\u0131kar tebrik ederdim. E\u011fer kendisini o makamlara getiren din ve vicdan \u00f6zg\u00fcrl\u00fc\u011f\u00fcne duyarl\u0131 muhafazak\u00e2r kesimlerin s\u00f6zc\u00fcs\u00fc olabilseydi destek verirdim. E\u011fer \u00f6zellikle yabanc\u0131 devlet adamlar\u0131na seslendi\u011fi gibi Ey Bah\u00e7eli deyip, iktidar\u0131n k\u00fc\u00e7\u00fck orta\u011f\u0131n\u0131n mutlak g\u00fc\u00e7 sahibi gibi T\u00fcrkiye\u2019de din ve vicdan \u00f6zg\u00fcrl\u00fc\u011f\u00fcn\u00fc rehin almas\u0131na kar\u015f\u0131 durabilseydi alk\u0131\u015flard\u0131m. Ama yapmad\u0131, yapamad\u0131; \u00e7\u00fcnk\u00fc iradesini teslim etti\u011fi Bah\u00e7eli Sal\u0131 g\u00fcn\u00fc grup toplant\u0131s\u0131nda konu ile ilgili s\u0131n\u0131rlar\u0131 \u00e7izen bir racon kesmi\u015fti. Bunu yaparken de bu tablonun birinci sorumlusu olan \u0130\u00e7i\u015fleri<\/p>\n<p>Bakan\u0131n\u0131n kendisinin himayesinde oldu\u011funu bir kez daha g\u00f6stermi\u015fti. \u0130\u00e7i\u015fleri Bakan\u0131 g\u00f6r\u00fcn\u00fc\u015fte Cumhurba\u015fkan\u0131na esasta Bah\u00e7eli\u2019ye ba\u011fl\u0131d\u0131r. Ge\u00e7en sene Sedat Peker\u2019in iddialar\u0131nda oldu\u011fu gibi bu sene de bu g\u00f6r\u00fcnt\u00fcler kar\u015f\u0131s\u0131nda Bah\u00e7eli\u2019nin himayesi ile makam\u0131n\u0131 korumu\u015ftur. Bu anlamda devlet \u00e7ift ba\u015fl\u0131 bir nitelik kazanm\u0131\u015ft\u0131r. Bu nedenledir ki, Cumhurba\u015fkan\u0131 ba\u015f edemeyece\u011fi bir sorun oldu\u011funda ve say\u0131n Bah\u00e7eli \u00f6nce davran\u0131p s\u0131n\u0131r \u00e7izdi\u011finde aynen daha \u00f6nce yapt\u0131\u011f\u0131 gibi sessiz kalmay\u0131 tercih etmi\u015ftir. Sessiz kalarak \u00fclke y\u00f6netilemez.<\/p>\n<p>ERDO\u011eAN B\u0130R YOL AYRIMINDADIR<\/p>\n<p>Say\u0131n Erdo\u011fan bir yol ayr\u0131m\u0131ndad\u0131r. Hala konu\u015fabilir ve tavr\u0131n\u0131 ortaya koyabilir. Bu rezalet kar\u015f\u0131s\u0131nda sus pus kalabilir, Bah\u00e7eli\u2019nin vesayetini kabul ederek birka\u00e7 c\u00fcmle ile durumu ge\u00e7i\u015ftirebilir veya \u00fclkenin Cumhurba\u015fkan\u0131 oldu\u011funu ispatlar, \u00f6nce mafya a\u011fz\u0131yla konu\u015fup hukuku takmad\u0131\u011f\u0131n\u0131 ifade eden bakan\u0131 g\u00f6revden al\u0131r ve i\u015fkenceyi, hukuksuzlu\u011fu ve gaddarl\u0131\u011f\u0131 tebrik eden Bah\u00e7eli\u2019ye a\u011fz\u0131n\u0131n pay\u0131n\u0131 verir. Bizim tavsiyemiz, Say\u0131n Erdo\u011fan\u2019\u0131n makam\u0131na, demokrasiye, hukuk devletine ve insan haklar\u0131na sahip \u00e7\u0131kmas\u0131d\u0131r. Bizim beklentimiz, milletimizin kameralar \u00f6n\u00fcnde bunlar ya\u015fan\u0131yorsa kapal\u0131 yerlerde neler olabilir tedirginli\u011finin bir an evvel giderilmesidir.<\/p>\n<p>BA\u015e\u00d6RT\u00dcS\u00dc VURGUSU \u0130KT\u0130DARIN R\u0130YAKAR S\u0130YASET\u0130N\u0130 \u0130F\u015eA ETM\u0130\u015eT\u0130R<\/p>\n<p>\u00d6ncelikle bilinmesi gerekir ki mesele asla \u015fu veya bu cemaati veya toplulu\u011fu savunmak de\u011fildir. Hi\u00e7 kimse hukukun \u00fcst\u00fcnde de\u011fildir. Bir su\u00e7 isnad\u0131 varsa bunun \u00e7\u00f6z\u00fclece\u011fi yer yarg\u0131 makamlar\u0131d\u0131r. Mesele, sadece ba\u015f\u00f6rt\u00fcl\u00fc kad\u0131nlar\u0131n coplanmas\u0131 da de\u011fildir; mesele ba\u015f\u00f6rt\u00fcl\u00fc olsun olmas\u0131n, kad\u0131n olsun erkek olsun hangi siyasi d\u00fc\u015f\u00fcnce ve inanca sahip olursa olsun insanlar\u0131n sokak ortas\u0131nda i\u015fkenceye tabi tutulmas\u0131 ve otoriterle\u015fme y\u00f6n\u00fcnde vahim a\u015famaya ge\u00e7ilmi\u015f olmas\u0131d\u0131r. Ba\u015f\u00f6rt\u00fcl\u00fc kad\u0131n\u0131n \u00f6ne \u00e7\u0131kmas\u0131 iktidar sahiplerinin iktidarda kalabilmek i\u00e7in istismar etti\u011fi 28 \u015eubat tehdidindeki iki y\u00fczl\u00fc riyakar siyaseti if\u015fa etmesi bak\u0131m\u0131ndan \u00f6nemlidir. Bu tablo, son y\u0131llarda anlatmaya \u00e7al\u0131\u015ft\u0131\u011f\u0131m\u0131z bir ger\u00e7e\u011fin b\u00fct\u00fcn \u00e7\u0131plakl\u0131\u011f\u0131yla anla\u015f\u0131lmas\u0131 bak\u0131m\u0131ndan \u00f6nemlidir. Bug\u00fcn bu ger\u00e7e\u011fin anla\u015f\u0131lmas\u0131 \u00fclkemizin \u00f6n\u00fcndeki ony\u0131llar\u0131n belirlenmesi a\u00e7\u0131s\u0131ndan hayati derecede \u00f6nemlidir.<\/p>\n<p>\u0130K\u0130 K\u0130RL\u0130 VE \u015eA\u0130BEL\u0130 SENARYOYA KAR\u015eI M\u0130LLET\u0130M\u0130Z\u0130 UYARIYORUM!<\/p>\n<p>\u00d6n\u00fcm\u00fczdeki se\u00e7imler bizden sonraki nesillerin Cumhuriyetimizin ikinci y\u00fczy\u0131l\u0131m\u0131z\u0131 nas\u0131l ya\u015fayacaklar\u0131n\u0131 da belirleyecektir. Devreye sokulmak istenen iki kirli ve \u015faibeli senaryoya kar\u015f\u0131 aziz milletimize \u00e7a\u011fr\u0131da bulunaca\u011f\u0131m.<\/p>\n<p>Birinci senaryo, s\u00f6ylemde ve sloganda milli ve manevi de\u011ferleri istismar eden, yolsuzluklarla \u00e7\u00fcr\u00fcm\u00fc\u015f, halk\u0131 yoksullu\u011fa mahkum etmi\u015f bu iktidar\u0131n bir d\u00f6nem daha devam etmesidir. B\u00f6ylece iktidar\u0131n temsil etti\u011fini iddia etti\u011fi milli birikim itibars\u0131zla\u015facak ve yeni nesillerin sadece iktidara de\u011fil, istismar etti\u011fi de\u011ferlere de tepki ile deizm benzeri ak\u0131mlara savrulmas\u0131 ve 28 \u015eubat zihniyetinin bir sonraki d\u00f6nemde mutlak bir \u015fekilde egemen olmas\u0131 sa\u011flanacakt\u0131r.<\/p>\n<p>\u0130kinci senaryo, bu iktidara y\u00f6nelik tepkilerin sadece iktidardaki k\u00fc\u00e7\u00fck z\u00fcmreye de\u011fil onun temsil etti\u011fini iddia etti\u011fi b\u00fct\u00fcn kesimlere y\u00f6neltilmesi ile bir iktidar de\u011fi\u015fiminin r\u00f6van\u015fist bir zeminde ger\u00e7ekle\u015fmesi ve alternatif jakoben bir otoriterli\u011fin yeni bir yolsuzluklar a\u011f\u0131 ile devreye girmesidir. B\u00f6yle bir r\u00f6van\u015fist jakoben laiklik ise bug\u00fcnk\u00fc uygulamalar\u0131 da \u00f6rnek g\u00f6stererek her g\u00f6steriyi coplarla durdurma, itaat etmeyen her vakfa kayyum atama, her \u00fcniversiteyi kapatma hakk\u0131n\u0131 kendinde g\u00f6recektir.<\/p>\n<p>KISIR D\u00d6NG\u00dc DEMOKRAS\u0130M\u0130Z\u0130 YOK EDECEK TEHL\u0130KELER BARINDIRIYOR<\/p>\n<p>\u00d6n\u00fcm\u00fczdeki se\u00e7imlerde bu iki \u015fer senaryosundan birinin ger\u00e7ekle\u015fmesi halinde \u00fclkemizin belki ony\u0131llarca s\u00fcrecek bir i\u00e7 gerilim sarmal\u0131na girmesi ka\u00e7\u0131n\u0131lmaz olacakt\u0131r. Otoriter milliyet\u00e7i-muhafazakarl\u0131k ile otoriter r\u00f6van\u015fist jakoben laiklik aras\u0131ndaki k\u0131s\u0131r d\u00f6ng\u00fc milletimizin b\u00fct\u00fcnl\u00fc\u011f\u00fcn\u00fc zedeleyecek, \u00fclkemizin dar kaynaklar\u0131n\u0131 t\u00fcketecek ve Cumhuriyetimizin demokratik niteli\u011fini yok edecek tehlikeler bar\u0131nd\u0131rmaktad\u0131r.<\/p>\n<p>Adana\u2019daki tablo bu iki \u015fer senaryosuna zemin haz\u0131rlayacak nitelikte oldu\u011fu i\u00e7in alarm edicidir. 28 \u015eubata giden manzaralar\u0131n nas\u0131l olu\u015fturuldu\u011funu l\u00fctfen hat\u0131rlay\u0131n. Susurluk skandal\u0131ndan Fadime \u015eahinlere, Ali Kalkanc\u0131lardan Aczimendilere kadar giden s\u00fcre\u00e7ler hala haf\u0131zalardad\u0131r. \u00d6nce g\u00f6zlerimiz bu g\u00f6r\u00fcnt\u00fclere al\u0131\u015ft\u0131r\u0131lmak ve bu yolla sokak ortas\u0131nda \u015fiddet ve i\u015fkence olgusu normalle\u015ftirilmek isteniyor. Sonra da hukuk denetimine tabi olmayan yol ve y\u00f6ntemlere dayal\u0131 otoriter bir sistem kal\u0131c\u0131 olarak yerle\u015ftirilmeye \u00e7al\u0131\u015f\u0131lacakt\u0131r.<\/p>\n<p>FARKLI S\u0130YAS\u0130 PART\u0130LERLE \u0130\u015eB\u0130RL\u0130\u011e\u0130 YAPARKEN TEMEL \u00d6NCEL\u0130\u011e\u0130M\u0130Z&#8230;<\/p>\n<p>Gelecek Partisi olarak bizim siyasetimizin temel amac\u0131 \u00f6nce bu iki \u015fer senaryosunun engellenmesi sonra da insan onuruna dayal\u0131 bir gelecek vizyonunun hayata ge\u00e7irilmesidir. \u00d6zg\u00fcrl\u00fck\u00e7\u00fc demokrasi in\u015fa edebilmek i\u00e7in her kesimden farkl\u0131 siyasi partilerle i\u015fbirli\u011fi yaparken de en temel \u00f6nceli\u011fimiz budur. Farkl\u0131 siyasi ge\u00e7mi\u015flerden gelmekle birlikte \u00f6zg\u00fcrl\u00fck\u00e7\u00fc demokrasiyi<\/p>\n<p>savunan herkesin bir araya gelerek bu karanl\u0131k senaryolar\u0131 engelleme sorumlulu\u011fu vard\u0131r.Biz \u00fclkemizin yasaklara de\u011fil \u00f6zg\u00fcrl\u00fc\u011fe, kutupla\u015fmaya de\u011fil kayna\u015fmaya, polis devletine de\u011fil hukuk devletine, otoriterli\u011fe de\u011fil demokrasiye, kaosa de\u011fil kamu d\u00fczenine, yoksullu\u011fa de\u011fil refaha, yolsuzlu\u011fa de\u011fil temiz siyasete kavu\u015fmas\u0131 i\u00e7in \u00e7aba sarf ediyoruz.<\/p>\n<p>AK PART\u0130L\u0130LERE \u00c7A\u011eRI: BU YOLUN VARACA\u011eI YER U\u00c7URUM!<\/p>\n<p>Bu vahim tablo kar\u015f\u0131s\u0131nda tarihi \u00f6nemi haiz bir uyar\u0131 yapma sorumlulu\u011fu ile kar\u015f\u0131n\u0131zday\u0131m. Bug\u00fcn bu tablo kar\u015f\u0131s\u0131nda bile susmay\u0131 tercih eden AK Partili milletvekillerine ve ge\u00e7mi\u015fte AK Parti\u2019ye destek vermi\u015f sivil toplum kurulu\u015flar\u0131na ve geni\u015f kitlelere hepimizin zihinlerine gen\u00e7lik y\u0131llar\u0131m\u0131zda yerle\u015fmi\u015f \u201cdurun kalabal\u0131klar!\u201d nidas\u0131yla seslenmek istiyorum. Bir kez olsun trol \u00e7etelerince y\u00fcr\u00fct\u00fclen ve ac\u0131mas\u0131zca i\u015fleyen propaganda makinesinin tesirinden \u00e7\u0131k\u0131n, durun ve d\u00fc\u015f\u00fcn\u00fcn! Nereye gidiyoruz?<\/p>\n<p>G\u00fc\u00e7 yozla\u015fmas\u0131na kap\u0131lmam\u0131\u015f De\u011ferli AK Partili karde\u015flerim, biz bu iki \u015fer senaryoyu durdurabilmek i\u00e7in her t\u00fcrl\u00fc bask\u0131ya direnerek \u00e7aba g\u00f6stermeye devam edece\u011fiz. Ancak burada tarihi g\u00f6rev ve sorumluluk size d\u00fc\u015f\u00fcyor. Bu \u015fer senaryolar\u0131n\u0131 engellemek i\u00e7in harekete ge\u00e7in. E\u011fer hala partinizin d\u00fczelebilece\u011fine inan\u0131yorsan\u0131z, korkmay\u0131n ve sesinizi y\u00fckseltin. Kapal\u0131 kap\u0131lar ard\u0131nda yapt\u0131\u011f\u0131n\u0131z ele\u015ftirilerin hi\u00e7bir faydas\u0131 olmuyor, sadece riyakar bir k\u00fclt\u00fcr\u00fcn yay\u0131lmas\u0131na yol a\u00e7\u0131yor. E\u011fer partinizin d\u00fczelece\u011fine inanc\u0131n\u0131z\u0131 kaybettiyseniz, bu k\u00f6t\u00fc gidi\u015fe destek vermeyin ve saflar\u0131m\u0131za kat\u0131l\u0131n. Korkmay\u0131n! Sizin korkarak ge\u00e7irdi\u011finiz her an gelecek nesillerin istikbalinden bir ta\u015f\u0131n daha s\u00f6k\u00fclmesine yol a\u00e7\u0131yor. Nepotizmin, yolsuzluk ve hukuksuzluklar\u0131n sistemik bir hal ald\u0131\u011f\u0131 bu d\u00fczene ne zaman itiraz edeceksiniz? Kamyonun yoku\u015f a\u015fa\u011f\u0131 yuvarland\u0131\u011f\u0131 bu yol, yol de\u011fildir. Bu yolun varaca\u011f\u0131 yer u\u00e7urumdur.<\/p>\n","protected":false},"excerpt":{"rendered":"<p>Gelecek Partisi Genel Ba\u015fkan\u0131 Prof. Dr. Ahmet Davuto\u011flu, d\u00fczenledi\u011fi bas\u0131n toplant\u0131s\u0131 ile partisinin g\u00fcndeme ili\u015fkin g\u00f6r\u00fc\u015flerini a\u00e7\u0131klad\u0131. Cumhurba\u015fkan\u0131 Erdo\u011fan\u2019\u0131n Adana\u2019da<\/p>\n","protected":false},"author":1,"featured_media":0,"comment_status":"open","ping_status":"open","sticky":false,"template":"","format":"standard","meta":{"footnotes":""},"categories":[13],"tags":[],"class_list":["post-1281","post","type-post","status-publish","format-standard","hentry","category-siyaset"],"yoast_head":"<!-- This site is optimized with the Yoast SEO plugin v28.2 - https:\/\/yoast.com\/product\/yoast-seo-wordpress\/ -->\n<title>Davuto\u011flu\u2019ndan tarihi \u00e7a\u011fr\u0131: Bu iki kirli senaryoya kar\u015f\u0131... - MAV\u0130 HABER<\/title>\n<meta name=\"robots\" content=\"index, follow, max-snippet:-1, max-image-preview:large, max-video-preview:-1\" \/>\n<link rel=\"canonical\" href=\"https:\/\/www.mavihaber.com.tr\/?p=1281\" \/>\n<meta property=\"og:locale\" content=\"tr_TR\" \/>\n<meta property=\"og:type\" content=\"article\" \/>\n<meta property=\"og:title\" content=\"Davuto\u011flu\u2019ndan tarihi \u00e7a\u011fr\u0131: Bu iki kirli senaryoya kar\u015f\u0131... - MAV\u0130 HABER\" \/>\n<meta property=\"og:description\" content=\"Gelecek Partisi Genel Ba\u015fkan\u0131 Prof. Dr. Ahmet Davuto\u011flu, d\u00fczenledi\u011fi bas\u0131n toplant\u0131s\u0131 ile partisinin g\u00fcndeme ili\u015fkin g\u00f6r\u00fc\u015flerini a\u00e7\u0131klad\u0131. Cumhurba\u015fkan\u0131 Erdo\u011fan\u2019\u0131n Adana\u2019da\" \/>\n<meta property=\"og:url\" content=\"https:\/\/www.mavihaber.com.tr\/?p=1281\" \/>\n<meta property=\"og:site_name\" content=\"MAV\u0130 HABER\" \/>\n<meta property=\"article:publisher\" content=\"https:\/\/www.facebook.com\/ceyhan.mavi.142\/\" \/>\n<meta property=\"article:published_time\" content=\"2022-03-24T14:30:12+00:00\" \/>\n<meta property=\"article:modified_time\" content=\"2022-03-24T14:30:48+00:00\" \/>\n<meta name=\"author\" content=\"MAV\u0130 HABER\" \/>\n<meta name=\"twitter:card\" content=\"summary_large_image\" \/>\n<meta name=\"twitter:creator\" content=\"@ceyhanmavihaber\" \/>\n<meta name=\"twitter:site\" content=\"@ceyhanmavihaber\" \/>\n<meta name=\"twitter:label1\" content=\"Yazan:\" \/>\n\t<meta name=\"twitter:data1\" content=\"MAV\u0130 HABER\" \/>\n\t<meta name=\"twitter:label2\" content=\"Tahmini okuma s\u00fcresi\" \/>\n\t<meta name=\"twitter:data2\" content=\"7 dakika\" \/>\n<script type=\"application\/ld+json\" class=\"yoast-schema-graph\">{\"@context\":\"https:\\\/\\\/schema.org\",\"@graph\":[{\"@type\":\"Article\",\"@id\":\"https:\\\/\\\/www.mavihaber.com.tr\\\/?p=1281#article\",\"isPartOf\":{\"@id\":\"https:\\\/\\\/www.mavihaber.com.tr\\\/?p=1281\"},\"author\":{\"name\":\"MAV\u0130 HABER\",\"@id\":\"https:\\\/\\\/www.mavihaber.com.tr\\\/#\\\/schema\\\/person\\\/6b483c36decdaf2ea80ccc7e00592ec5\"},\"headline\":\"Davuto\u011flu\u2019ndan tarihi \u00e7a\u011fr\u0131: Bu iki kirli senaryoya kar\u015f\u0131&#8230;\",\"datePublished\":\"2022-03-24T14:30:12+00:00\",\"dateModified\":\"2022-03-24T14:30:48+00:00\",\"mainEntityOfPage\":{\"@id\":\"https:\\\/\\\/www.mavihaber.com.tr\\\/?p=1281\"},\"wordCount\":1685,\"commentCount\":0,\"publisher\":{\"@id\":\"https:\\\/\\\/www.mavihaber.com.tr\\\/#organization\"},\"articleSection\":[\"Siyaset\"],\"inLanguage\":\"tr\",\"potentialAction\":[{\"@type\":\"CommentAction\",\"name\":\"Comment\",\"target\":[\"https:\\\/\\\/www.mavihaber.com.tr\\\/?p=1281#respond\"]}]},{\"@type\":\"WebPage\",\"@id\":\"https:\\\/\\\/www.mavihaber.com.tr\\\/?p=1281\",\"url\":\"https:\\\/\\\/www.mavihaber.com.tr\\\/?p=1281\",\"name\":\"Davuto\u011flu\u2019ndan tarihi \u00e7a\u011fr\u0131: Bu iki kirli senaryoya kar\u015f\u0131... - MAV\u0130 HABER\",\"isPartOf\":{\"@id\":\"https:\\\/\\\/www.mavihaber.com.tr\\\/#website\"},\"datePublished\":\"2022-03-24T14:30:12+00:00\",\"dateModified\":\"2022-03-24T14:30:48+00:00\",\"breadcrumb\":{\"@id\":\"https:\\\/\\\/www.mavihaber.com.tr\\\/?p=1281#breadcrumb\"},\"inLanguage\":\"tr\",\"potentialAction\":[{\"@type\":\"ReadAction\",\"target\":[\"https:\\\/\\\/www.mavihaber.com.tr\\\/?p=1281\"]}]},{\"@type\":\"BreadcrumbList\",\"@id\":\"https:\\\/\\\/www.mavihaber.com.tr\\\/?p=1281#breadcrumb\",\"itemListElement\":[{\"@type\":\"ListItem\",\"position\":1,\"name\":\"Anasayfa\",\"item\":\"https:\\\/\\\/www.mavihaber.com.tr\\\/\"},{\"@type\":\"ListItem\",\"position\":2,\"name\":\"Davuto\u011flu\u2019ndan tarihi \u00e7a\u011fr\u0131: Bu iki kirli senaryoya kar\u015f\u0131&#8230;\"}]},{\"@type\":\"WebSite\",\"@id\":\"https:\\\/\\\/www.mavihaber.com.tr\\\/#website\",\"url\":\"https:\\\/\\\/www.mavihaber.com.tr\\\/\",\"name\":\"MAV\u0130 HABER\",\"description\":\"S&Ouml;Z U&Ccedil;AR YAZI KALIR\",\"publisher\":{\"@id\":\"https:\\\/\\\/www.mavihaber.com.tr\\\/#organization\"},\"potentialAction\":[{\"@type\":\"SearchAction\",\"target\":{\"@type\":\"EntryPoint\",\"urlTemplate\":\"https:\\\/\\\/www.mavihaber.com.tr\\\/?s={search_term_string}\"},\"query-input\":{\"@type\":\"PropertyValueSpecification\",\"valueRequired\":true,\"valueName\":\"search_term_string\"}}],\"inLanguage\":\"tr\"},{\"@type\":\"Organization\",\"@id\":\"https:\\\/\\\/www.mavihaber.com.tr\\\/#organization\",\"name\":\"MAV\u0130 HABER\",\"url\":\"https:\\\/\\\/www.mavihaber.com.tr\\\/\",\"logo\":{\"@type\":\"ImageObject\",\"inLanguage\":\"tr\",\"@id\":\"https:\\\/\\\/www.mavihaber.com.tr\\\/#\\\/schema\\\/logo\\\/image\\\/\",\"url\":\"http:\\\/\\\/www.mavihaber.com.tr\\\/wp-content\\\/uploads\\\/2022\\\/02\\\/mavi-logo.png\",\"contentUrl\":\"http:\\\/\\\/www.mavihaber.com.tr\\\/wp-content\\\/uploads\\\/2022\\\/02\\\/mavi-logo.png\",\"width\":301,\"height\":81,\"caption\":\"MAV\u0130 HABER\"},\"image\":{\"@id\":\"https:\\\/\\\/www.mavihaber.com.tr\\\/#\\\/schema\\\/logo\\\/image\\\/\"},\"sameAs\":[\"https:\\\/\\\/www.facebook.com\\\/ceyhan.mavi.142\\\/\",\"https:\\\/\\\/x.com\\\/ceyhanmavihaber\",\"https:\\\/\\\/www.instagram.com\\\/ceyhanmavihaber\\\/\",\"https:\\\/\\\/www.youtube.com\\\/channel\\\/UCJQ-0-AFgj2GjI269QDUwNw\"]},{\"@type\":\"Person\",\"@id\":\"https:\\\/\\\/www.mavihaber.com.tr\\\/#\\\/schema\\\/person\\\/6b483c36decdaf2ea80ccc7e00592ec5\",\"name\":\"MAV\u0130 HABER\",\"image\":{\"@type\":\"ImageObject\",\"inLanguage\":\"tr\",\"@id\":\"https:\\\/\\\/secure.gravatar.com\\\/avatar\\\/8ec447ff07537b3472bb74c7b4212a4d84d9e722e01a066cab36264a08dd2a23?s=96&d=mm&r=g\",\"url\":\"https:\\\/\\\/secure.gravatar.com\\\/avatar\\\/8ec447ff07537b3472bb74c7b4212a4d84d9e722e01a066cab36264a08dd2a23?s=96&d=mm&r=g\",\"contentUrl\":\"https:\\\/\\\/secure.gravatar.com\\\/avatar\\\/8ec447ff07537b3472bb74c7b4212a4d84d9e722e01a066cab36264a08dd2a23?s=96&d=mm&r=g\",\"caption\":\"MAV\u0130 HABER\"},\"sameAs\":[\"http:\\\/\\\/www.mavihaber.com.tr\"],\"url\":\"https:\\\/\\\/www.mavihaber.com.tr\\\/?author=1\"}]}<\/script>\n<!-- \/ Yoast SEO plugin. -->","yoast_head_json":{"title":"Davuto\u011flu\u2019ndan tarihi \u00e7a\u011fr\u0131: Bu iki kirli senaryoya kar\u015f\u0131... - MAV\u0130 HABER","robots":{"index":"index","follow":"follow","max-snippet":"max-snippet:-1","max-image-preview":"max-image-preview:large","max-video-preview":"max-video-preview:-1"},"canonical":"https:\/\/www.mavihaber.com.tr\/?p=1281","og_locale":"tr_TR","og_type":"article","og_title":"Davuto\u011flu\u2019ndan tarihi \u00e7a\u011fr\u0131: Bu iki kirli senaryoya kar\u015f\u0131... - MAV\u0130 HABER","og_description":"Gelecek Partisi Genel Ba\u015fkan\u0131 Prof. Dr. Ahmet Davuto\u011flu, d\u00fczenledi\u011fi bas\u0131n toplant\u0131s\u0131 ile partisinin g\u00fcndeme ili\u015fkin g\u00f6r\u00fc\u015flerini a\u00e7\u0131klad\u0131. Cumhurba\u015fkan\u0131 Erdo\u011fan\u2019\u0131n Adana\u2019da","og_url":"https:\/\/www.mavihaber.com.tr\/?p=1281","og_site_name":"MAV\u0130 HABER","article_publisher":"https:\/\/www.facebook.com\/ceyhan.mavi.142\/","article_published_time":"2022-03-24T14:30:12+00:00","article_modified_time":"2022-03-24T14:30:48+00:00","author":"MAV\u0130 HABER","twitter_card":"summary_large_image","twitter_creator":"@ceyhanmavihaber","twitter_site":"@ceyhanmavihaber","twitter_misc":{"Yazan:":"MAV\u0130 HABER","Tahmini okuma s\u00fcresi":"7 dakika"},"schema":{"@context":"https:\/\/schema.org","@graph":[{"@type":"Article","@id":"https:\/\/www.mavihaber.com.tr\/?p=1281#article","isPartOf":{"@id":"https:\/\/www.mavihaber.com.tr\/?p=1281"},"author":{"name":"MAV\u0130 HABER","@id":"https:\/\/www.mavihaber.com.tr\/#\/schema\/person\/6b483c36decdaf2ea80ccc7e00592ec5"},"headline":"Davuto\u011flu\u2019ndan tarihi \u00e7a\u011fr\u0131: Bu iki kirli senaryoya kar\u015f\u0131&#8230;","datePublished":"2022-03-24T14:30:12+00:00","dateModified":"2022-03-24T14:30:48+00:00","mainEntityOfPage":{"@id":"https:\/\/www.mavihaber.com.tr\/?p=1281"},"wordCount":1685,"commentCount":0,"publisher":{"@id":"https:\/\/www.mavihaber.com.tr\/#organization"},"articleSection":["Siyaset"],"inLanguage":"tr","potentialAction":[{"@type":"CommentAction","name":"Comment","target":["https:\/\/www.mavihaber.com.tr\/?p=1281#respond"]}]},{"@type":"WebPage","@id":"https:\/\/www.mavihaber.com.tr\/?p=1281","url":"https:\/\/www.mavihaber.com.tr\/?p=1281","name":"Davuto\u011flu\u2019ndan tarihi \u00e7a\u011fr\u0131: Bu iki kirli senaryoya kar\u015f\u0131... - MAV\u0130 HABER","isPartOf":{"@id":"https:\/\/www.mavihaber.com.tr\/#website"},"datePublished":"2022-03-24T14:30:12+00:00","dateModified":"2022-03-24T14:30:48+00:00","breadcrumb":{"@id":"https:\/\/www.mavihaber.com.tr\/?p=1281#breadcrumb"},"inLanguage":"tr","potentialAction":[{"@type":"ReadAction","target":["https:\/\/www.mavihaber.com.tr\/?p=1281"]}]},{"@type":"BreadcrumbList","@id":"https:\/\/www.mavihaber.com.tr\/?p=1281#breadcrumb","itemListElement":[{"@type":"ListItem","position":1,"name":"Anasayfa","item":"https:\/\/www.mavihaber.com.tr\/"},{"@type":"ListItem","position":2,"name":"Davuto\u011flu\u2019ndan tarihi \u00e7a\u011fr\u0131: Bu iki kirli senaryoya kar\u015f\u0131&#8230;"}]},{"@type":"WebSite","@id":"https:\/\/www.mavihaber.com.tr\/#website","url":"https:\/\/www.mavihaber.com.tr\/","name":"MAV\u0130 HABER","description":"S&Ouml;Z U&Ccedil;AR YAZI KALIR","publisher":{"@id":"https:\/\/www.mavihaber.com.tr\/#organization"},"potentialAction":[{"@type":"SearchAction","target":{"@type":"EntryPoint","urlTemplate":"https:\/\/www.mavihaber.com.tr\/?s={search_term_string}"},"query-input":{"@type":"PropertyValueSpecification","valueRequired":true,"valueName":"search_term_string"}}],"inLanguage":"tr"},{"@type":"Organization","@id":"https:\/\/www.mavihaber.com.tr\/#organization","name":"MAV\u0130 HABER","url":"https:\/\/www.mavihaber.com.tr\/","logo":{"@type":"ImageObject","inLanguage":"tr","@id":"https:\/\/www.mavihaber.com.tr\/#\/schema\/logo\/image\/","url":"http:\/\/www.mavihaber.com.tr\/wp-content\/uploads\/2022\/02\/mavi-logo.png","contentUrl":"http:\/\/www.mavihaber.com.tr\/wp-content\/uploads\/2022\/02\/mavi-logo.png","width":301,"height":81,"caption":"MAV\u0130 HABER"},"image":{"@id":"https:\/\/www.mavihaber.com.tr\/#\/schema\/logo\/image\/"},"sameAs":["https:\/\/www.facebook.com\/ceyhan.mavi.142\/","https:\/\/x.com\/ceyhanmavihaber","https:\/\/www.instagram.com\/ceyhanmavihaber\/","https:\/\/www.youtube.com\/channel\/UCJQ-0-AFgj2GjI269QDUwNw"]},{"@type":"Person","@id":"https:\/\/www.mavihaber.com.tr\/#\/schema\/person\/6b483c36decdaf2ea80ccc7e00592ec5","name":"MAV\u0130 HABER","image":{"@type":"ImageObject","inLanguage":"tr","@id":"https:\/\/secure.gravatar.com\/avatar\/8ec447ff07537b3472bb74c7b4212a4d84d9e722e01a066cab36264a08dd2a23?s=96&d=mm&r=g","url":"https:\/\/secure.gravatar.com\/avatar\/8ec447ff07537b3472bb74c7b4212a4d84d9e722e01a066cab36264a08dd2a23?s=96&d=mm&r=g","contentUrl":"https:\/\/secure.gravatar.com\/avatar\/8ec447ff07537b3472bb74c7b4212a4d84d9e722e01a066cab36264a08dd2a23?s=96&d=mm&r=g","caption":"MAV\u0130 HABER"},"sameAs":["http:\/\/www.mavihaber.com.tr"],"url":"https:\/\/www.mavihaber.com.tr\/?author=1"}]}},"views":323,"_links":{"self":[{"href":"https:\/\/www.mavihaber.com.tr\/index.php?rest_route=\/wp\/v2\/posts\/1281","targetHints":{"allow":["GET"]}}],"collection":[{"href":"https:\/\/www.mavihaber.com.tr\/index.php?rest_route=\/wp\/v2\/posts"}],"about":[{"href":"https:\/\/www.mavihaber.com.tr\/index.php?rest_route=\/wp\/v2\/types\/post"}],"author":[{"embeddable":true,"href":"https:\/\/www.mavihaber.com.tr\/index.php?rest_route=\/wp\/v2\/users\/1"}],"replies":[{"embeddable":true,"href":"https:\/\/www.mavihaber.com.tr\/index.php?rest_route=%2Fwp%2Fv2%2Fcomments&post=1281"}],"version-history":[{"count":2,"href":"https:\/\/www.mavihaber.com.tr\/index.php?rest_route=\/wp\/v2\/posts\/1281\/revisions"}],"predecessor-version":[{"id":1284,"href":"https:\/\/www.mavihaber.com.tr\/index.php?rest_route=\/wp\/v2\/posts\/1281\/revisions\/1284"}],"wp:attachment":[{"href":"https:\/\/www.mavihaber.com.tr\/index.php?rest_route=%2Fwp%2Fv2%2Fmedia&parent=1281"}],"wp:term":[{"taxonomy":"category","embeddable":true,"href":"https:\/\/www.mavihaber.com.tr\/index.php?rest_route=%2Fwp%2Fv2%2Fcategories&post=1281"},{"taxonomy":"post_tag","embeddable":true,"href":"https:\/\/www.mavihaber.com.tr\/index.php?rest_route=%2Fwp%2Fv2%2Ftags&post=1281"}],"curies":[{"name":"wp","href":"https:\/\/api.w.org\/{rel}","templated":true}]}}