{"id":1304,"date":"2022-03-25T05:37:09","date_gmt":"2022-03-25T05:37:09","guid":{"rendered":"http:\/\/www.mavihaber.com.tr\/?p=1304"},"modified":"2022-03-25T05:37:09","modified_gmt":"2022-03-25T05:37:09","slug":"gelecek-partisi-heyeti-kktcde-temaslarini-tam-gaz-surduruyor","status":"publish","type":"post","link":"https:\/\/www.mavihaber.com.tr\/?p=1304","title":{"rendered":"Gelecek Partisi Heyeti KKTC\u2019de Temaslar\u0131n\u0131 Tam Gaz S\u00fcrd\u00fcr\u00fcyor"},"content":{"rendered":"<p>Gelecek Partisi D\u0131\u015f \u0130li\u015fkiler Ba\u015fkanl\u0131\u011f\u0131\u2019n\u0131n koordinasyonunda 3 g\u00fcnl\u00fck bir ziyaret(24-26 Mart) i\u00e7in Kuzey K\u0131br\u0131s T\u00fcrk Cumhuriyetine giden geni\u015f kat\u0131l\u0131ml\u0131 parti heyeti d\u00fcn sabah saatlerinde K\u0131br\u0131s\u2019a ayak basar basmaz yo\u011fun temas trafi\u011fiyle g\u00fcne merhaba dedi.<\/p>\n<p>Programlar\u0131na ilk olarak \u015eehitler An\u0131t\u0131\u2019na \u00e7elenk koyarak ba\u015flayan heyet daha sonra T\u00fcrk Mukavamet Te\u015fkilat\u0131 genel Merkezine ge\u00e7erek Genel Ba\u015fkan Y\u0131lmaz Bora ve ekibiyle bir araya geldi. Burada bir konu\u015fma yapan Gelecek Partisi Genel Ba\u015fkan Yard\u0131mc\u0131s\u0131 ve Sosyal Politikalar Ba\u015fkan\u0131 Abdullah Ba\u015f\u00e7\u0131, TMT\u2019nin Ada\u2019daki T\u00fcrk varl\u0131\u011f\u0131n\u0131n korunmas\u0131yla ilgili ge\u00e7mi\u015ften bug\u00fcne yapt\u0131\u011f\u0131 faaliyetlerden \u00f6vg\u00fcyle s\u00f6z etti ve liderleri Ahmet Davuto\u011flu\u2019nun bu ziyareti \u00f6zellikle istedi\u011finin alt\u0131n\u0131 \u00e7izerek \u2018\u2019\u00e7ok \u00f6zel\u2019\u2019 selamlar\u0131n\u0131 iletti.<\/p>\n<p>TMT Genel Ba\u015fkan\u0131 Bora ise epey uzun zamand\u0131r T\u00fcrkiye\u2019den gelen heyetlerin kendilerini ziyaret etmedi\u011fini ve dolay\u0131\u0131yla bu anlaml\u0131 ziyaretten b\u00fcy\u00fck memnuniyet ve gurur duyduklar\u0131n\u0131 ifade ederek heyete ve Genel Ba\u015fkan Davuto\u011flu\u2019na \u015f\u00fckran ve minnetlerini sunduklar\u0131n\u0131 s\u00f6yledi.<\/p>\n<p>Daha sonra Genel Ba\u015fkan Yard\u0131mc\u0131lar\u0131 \u00dcmit Yard\u0131m ve Sel\u00e7uk \u00d6zda\u011f\u2019\u0131n K\u0131br\u0131s televizyonunda\u2019\u2019Bahar Sancar\u2019la A\u2019dan Z\u2019ye\u2019\u2019 program\u0131na kat\u0131lmas\u0131 ard\u0131ndan ziyaretlerine devam eden Gelecek Partisi heyeti, iktidar orta\u011f\u0131 Demokrat Parti binas\u0131na ge\u00e7ti ve Genel Ba\u015fkan Temsilcisi eski bakan Mustafa Arabac\u0131o\u011flu ile bir araya geldi.<\/p>\n<p>Bu g\u00f6r\u00fc\u015fmenin ard\u0131ndan YDP (Yeniden Do\u011fu\u015f Partisi) Genel Merkezine ge\u00e7en heyet Genel Ba\u015fkan ve KKTC Tar\u0131m Bakanl\u0131\u011f\u0131 g\u00f6revini y\u00fcr\u00fcten Erhan Ar\u0131kl\u0131 taraf\u0131ndan a\u011f\u0131rland\u0131. Programlar\u0131na KKTC Cumhurba\u015fkanl\u0131\u011f\u0131 \u00d6zel Temsilcisi Erg\u00fcn Olgun ziyaretiyle devam eden heyet daha sonra K\u0131br\u0131s \u0130\u015fadamlar\u0131 Derne\u011fi taraf\u0131ndan onurlar\u0131na verilen ak\u015fam yeme\u011fine kat\u0131ld\u0131.<\/p>\n<p>Bug\u00fcnk\u00fc temaslar\u0131na K\u0131br\u0131s davas\u0131n\u0131n sembol \u00f6nderlerinin an\u0131t ve \u015fehitliklerini ziyaretle devam edecek olan Gelecek Partisi heyetinin daha sonra dinlenmek \u00fczere otellerine \u00e7ekilece\u011fi bildirildi.<\/p>\n","protected":false},"excerpt":{"rendered":"<p>Gelecek Partisi D\u0131\u015f \u0130li\u015fkiler Ba\u015fkanl\u0131\u011f\u0131\u2019n\u0131n koordinasyonunda 3 g\u00fcnl\u00fck bir ziyaret(24-26 Mart) i\u00e7in Kuzey K\u0131br\u0131s T\u00fcrk Cumhuriyetine giden geni\u015f kat\u0131l\u0131ml\u0131 parti<\/p>\n","protected":false},"author":1,"featured_media":0,"comment_status":"open","ping_status":"open","sticky":false,"template":"","format":"standard","meta":{"footnotes":""},"categories":[13],"tags":[],"class_list":["post-1304","post","type-post","status-publish","format-standard","hentry","category-siyaset"],"yoast_head":"<!-- This site is optimized with the Yoast SEO plugin v28.2 - https:\/\/yoast.com\/product\/yoast-seo-wordpress\/ -->\n<title>Gelecek Partisi Heyeti KKTC\u2019de Temaslar\u0131n\u0131 Tam Gaz S\u00fcrd\u00fcr\u00fcyor - MAV\u0130 HABER<\/title>\n<meta name=\"robots\" content=\"index, follow, max-snippet:-1, max-image-preview:large, max-video-preview:-1\" \/>\n<link rel=\"canonical\" href=\"https:\/\/www.mavihaber.com.tr\/?p=1304\" \/>\n<meta property=\"og:locale\" content=\"tr_TR\" \/>\n<meta property=\"og:type\" content=\"article\" \/>\n<meta property=\"og:title\" content=\"Gelecek Partisi Heyeti KKTC\u2019de Temaslar\u0131n\u0131 Tam Gaz S\u00fcrd\u00fcr\u00fcyor - MAV\u0130 HABER\" \/>\n<meta property=\"og:description\" content=\"Gelecek Partisi D\u0131\u015f \u0130li\u015fkiler Ba\u015fkanl\u0131\u011f\u0131\u2019n\u0131n koordinasyonunda 3 g\u00fcnl\u00fck bir ziyaret(24-26 Mart) i\u00e7in Kuzey K\u0131br\u0131s T\u00fcrk Cumhuriyetine giden geni\u015f kat\u0131l\u0131ml\u0131 parti\" \/>\n<meta property=\"og:url\" content=\"https:\/\/www.mavihaber.com.tr\/?p=1304\" \/>\n<meta property=\"og:site_name\" content=\"MAV\u0130 HABER\" \/>\n<meta property=\"article:publisher\" content=\"https:\/\/www.facebook.com\/ceyhan.mavi.142\/\" \/>\n<meta property=\"article:published_time\" content=\"2022-03-25T05:37:09+00:00\" \/>\n<meta name=\"author\" content=\"MAV\u0130 HABER\" \/>\n<meta name=\"twitter:card\" content=\"summary_large_image\" \/>\n<meta name=\"twitter:creator\" content=\"@ceyhanmavihaber\" \/>\n<meta name=\"twitter:site\" content=\"@ceyhanmavihaber\" \/>\n<meta name=\"twitter:label1\" content=\"Yazan:\" \/>\n\t<meta name=\"twitter:data1\" content=\"MAV\u0130 HABER\" \/>\n\t<meta name=\"twitter:label2\" content=\"Tahmini okuma s\u00fcresi\" \/>\n\t<meta name=\"twitter:data2\" content=\"2 dakika\" \/>\n<script type=\"application\/ld+json\" class=\"yoast-schema-graph\">{\"@context\":\"https:\\\/\\\/schema.org\",\"@graph\":[{\"@type\":\"Article\",\"@id\":\"https:\\\/\\\/www.mavihaber.com.tr\\\/?p=1304#article\",\"isPartOf\":{\"@id\":\"https:\\\/\\\/www.mavihaber.com.tr\\\/?p=1304\"},\"author\":{\"name\":\"MAV\u0130 HABER\",\"@id\":\"https:\\\/\\\/www.mavihaber.com.tr\\\/#\\\/schema\\\/person\\\/6b483c36decdaf2ea80ccc7e00592ec5\"},\"headline\":\"Gelecek Partisi Heyeti KKTC\u2019de Temaslar\u0131n\u0131 Tam Gaz S\u00fcrd\u00fcr\u00fcyor\",\"datePublished\":\"2022-03-25T05:37:09+00:00\",\"mainEntityOfPage\":{\"@id\":\"https:\\\/\\\/www.mavihaber.com.tr\\\/?p=1304\"},\"wordCount\":376,\"commentCount\":0,\"publisher\":{\"@id\":\"https:\\\/\\\/www.mavihaber.com.tr\\\/#organization\"},\"articleSection\":[\"Siyaset\"],\"inLanguage\":\"tr\",\"potentialAction\":[{\"@type\":\"CommentAction\",\"name\":\"Comment\",\"target\":[\"https:\\\/\\\/www.mavihaber.com.tr\\\/?p=1304#respond\"]}]},{\"@type\":\"WebPage\",\"@id\":\"https:\\\/\\\/www.mavihaber.com.tr\\\/?p=1304\",\"url\":\"https:\\\/\\\/www.mavihaber.com.tr\\\/?p=1304\",\"name\":\"Gelecek Partisi Heyeti KKTC\u2019de Temaslar\u0131n\u0131 Tam Gaz S\u00fcrd\u00fcr\u00fcyor - MAV\u0130 HABER\",\"isPartOf\":{\"@id\":\"https:\\\/\\\/www.mavihaber.com.tr\\\/#website\"},\"datePublished\":\"2022-03-25T05:37:09+00:00\",\"breadcrumb\":{\"@id\":\"https:\\\/\\\/www.mavihaber.com.tr\\\/?p=1304#breadcrumb\"},\"inLanguage\":\"tr\",\"potentialAction\":[{\"@type\":\"ReadAction\",\"target\":[\"https:\\\/\\\/www.mavihaber.com.tr\\\/?p=1304\"]}]},{\"@type\":\"BreadcrumbList\",\"@id\":\"https:\\\/\\\/www.mavihaber.com.tr\\\/?p=1304#breadcrumb\",\"itemListElement\":[{\"@type\":\"ListItem\",\"position\":1,\"name\":\"Anasayfa\",\"item\":\"https:\\\/\\\/www.mavihaber.com.tr\\\/\"},{\"@type\":\"ListItem\",\"position\":2,\"name\":\"Gelecek Partisi Heyeti KKTC\u2019de Temaslar\u0131n\u0131 Tam Gaz S\u00fcrd\u00fcr\u00fcyor\"}]},{\"@type\":\"WebSite\",\"@id\":\"https:\\\/\\\/www.mavihaber.com.tr\\\/#website\",\"url\":\"https:\\\/\\\/www.mavihaber.com.tr\\\/\",\"name\":\"MAV\u0130 HABER\",\"description\":\"S&Ouml;Z U&Ccedil;AR YAZI KALIR\",\"publisher\":{\"@id\":\"https:\\\/\\\/www.mavihaber.com.tr\\\/#organization\"},\"potentialAction\":[{\"@type\":\"SearchAction\",\"target\":{\"@type\":\"EntryPoint\",\"urlTemplate\":\"https:\\\/\\\/www.mavihaber.com.tr\\\/?s={search_term_string}\"},\"query-input\":{\"@type\":\"PropertyValueSpecification\",\"valueRequired\":true,\"valueName\":\"search_term_string\"}}],\"inLanguage\":\"tr\"},{\"@type\":\"Organization\",\"@id\":\"https:\\\/\\\/www.mavihaber.com.tr\\\/#organization\",\"name\":\"MAV\u0130 HABER\",\"url\":\"https:\\\/\\\/www.mavihaber.com.tr\\\/\",\"logo\":{\"@type\":\"ImageObject\",\"inLanguage\":\"tr\",\"@id\":\"https:\\\/\\\/www.mavihaber.com.tr\\\/#\\\/schema\\\/logo\\\/image\\\/\",\"url\":\"http:\\\/\\\/www.mavihaber.com.tr\\\/wp-content\\\/uploads\\\/2022\\\/02\\\/mavi-logo.png\",\"contentUrl\":\"http:\\\/\\\/www.mavihaber.com.tr\\\/wp-content\\\/uploads\\\/2022\\\/02\\\/mavi-logo.png\",\"width\":301,\"height\":81,\"caption\":\"MAV\u0130 HABER\"},\"image\":{\"@id\":\"https:\\\/\\\/www.mavihaber.com.tr\\\/#\\\/schema\\\/logo\\\/image\\\/\"},\"sameAs\":[\"https:\\\/\\\/www.facebook.com\\\/ceyhan.mavi.142\\\/\",\"https:\\\/\\\/x.com\\\/ceyhanmavihaber\",\"https:\\\/\\\/www.instagram.com\\\/ceyhanmavihaber\\\/\",\"https:\\\/\\\/www.youtube.com\\\/channel\\\/UCJQ-0-AFgj2GjI269QDUwNw\"]},{\"@type\":\"Person\",\"@id\":\"https:\\\/\\\/www.mavihaber.com.tr\\\/#\\\/schema\\\/person\\\/6b483c36decdaf2ea80ccc7e00592ec5\",\"name\":\"MAV\u0130 HABER\",\"image\":{\"@type\":\"ImageObject\",\"inLanguage\":\"tr\",\"@id\":\"https:\\\/\\\/secure.gravatar.com\\\/avatar\\\/8ec447ff07537b3472bb74c7b4212a4d84d9e722e01a066cab36264a08dd2a23?s=96&d=mm&r=g\",\"url\":\"https:\\\/\\\/secure.gravatar.com\\\/avatar\\\/8ec447ff07537b3472bb74c7b4212a4d84d9e722e01a066cab36264a08dd2a23?s=96&d=mm&r=g\",\"contentUrl\":\"https:\\\/\\\/secure.gravatar.com\\\/avatar\\\/8ec447ff07537b3472bb74c7b4212a4d84d9e722e01a066cab36264a08dd2a23?s=96&d=mm&r=g\",\"caption\":\"MAV\u0130 HABER\"},\"sameAs\":[\"http:\\\/\\\/www.mavihaber.com.tr\"],\"url\":\"https:\\\/\\\/www.mavihaber.com.tr\\\/?author=1\"}]}<\/script>\n<!-- \/ Yoast SEO plugin. -->","yoast_head_json":{"title":"Gelecek Partisi Heyeti KKTC\u2019de Temaslar\u0131n\u0131 Tam Gaz S\u00fcrd\u00fcr\u00fcyor - MAV\u0130 HABER","robots":{"index":"index","follow":"follow","max-snippet":"max-snippet:-1","max-image-preview":"max-image-preview:large","max-video-preview":"max-video-preview:-1"},"canonical":"https:\/\/www.mavihaber.com.tr\/?p=1304","og_locale":"tr_TR","og_type":"article","og_title":"Gelecek Partisi Heyeti KKTC\u2019de Temaslar\u0131n\u0131 Tam Gaz S\u00fcrd\u00fcr\u00fcyor - MAV\u0130 HABER","og_description":"Gelecek Partisi D\u0131\u015f \u0130li\u015fkiler Ba\u015fkanl\u0131\u011f\u0131\u2019n\u0131n koordinasyonunda 3 g\u00fcnl\u00fck bir ziyaret(24-26 Mart) i\u00e7in Kuzey K\u0131br\u0131s T\u00fcrk Cumhuriyetine giden geni\u015f kat\u0131l\u0131ml\u0131 parti","og_url":"https:\/\/www.mavihaber.com.tr\/?p=1304","og_site_name":"MAV\u0130 HABER","article_publisher":"https:\/\/www.facebook.com\/ceyhan.mavi.142\/","article_published_time":"2022-03-25T05:37:09+00:00","author":"MAV\u0130 HABER","twitter_card":"summary_large_image","twitter_creator":"@ceyhanmavihaber","twitter_site":"@ceyhanmavihaber","twitter_misc":{"Yazan:":"MAV\u0130 HABER","Tahmini okuma s\u00fcresi":"2 dakika"},"schema":{"@context":"https:\/\/schema.org","@graph":[{"@type":"Article","@id":"https:\/\/www.mavihaber.com.tr\/?p=1304#article","isPartOf":{"@id":"https:\/\/www.mavihaber.com.tr\/?p=1304"},"author":{"name":"MAV\u0130 HABER","@id":"https:\/\/www.mavihaber.com.tr\/#\/schema\/person\/6b483c36decdaf2ea80ccc7e00592ec5"},"headline":"Gelecek Partisi Heyeti KKTC\u2019de Temaslar\u0131n\u0131 Tam Gaz S\u00fcrd\u00fcr\u00fcyor","datePublished":"2022-03-25T05:37:09+00:00","mainEntityOfPage":{"@id":"https:\/\/www.mavihaber.com.tr\/?p=1304"},"wordCount":376,"commentCount":0,"publisher":{"@id":"https:\/\/www.mavihaber.com.tr\/#organization"},"articleSection":["Siyaset"],"inLanguage":"tr","potentialAction":[{"@type":"CommentAction","name":"Comment","target":["https:\/\/www.mavihaber.com.tr\/?p=1304#respond"]}]},{"@type":"WebPage","@id":"https:\/\/www.mavihaber.com.tr\/?p=1304","url":"https:\/\/www.mavihaber.com.tr\/?p=1304","name":"Gelecek Partisi Heyeti KKTC\u2019de Temaslar\u0131n\u0131 Tam Gaz S\u00fcrd\u00fcr\u00fcyor - MAV\u0130 HABER","isPartOf":{"@id":"https:\/\/www.mavihaber.com.tr\/#website"},"datePublished":"2022-03-25T05:37:09+00:00","breadcrumb":{"@id":"https:\/\/www.mavihaber.com.tr\/?p=1304#breadcrumb"},"inLanguage":"tr","potentialAction":[{"@type":"ReadAction","target":["https:\/\/www.mavihaber.com.tr\/?p=1304"]}]},{"@type":"BreadcrumbList","@id":"https:\/\/www.mavihaber.com.tr\/?p=1304#breadcrumb","itemListElement":[{"@type":"ListItem","position":1,"name":"Anasayfa","item":"https:\/\/www.mavihaber.com.tr\/"},{"@type":"ListItem","position":2,"name":"Gelecek Partisi Heyeti KKTC\u2019de Temaslar\u0131n\u0131 Tam Gaz S\u00fcrd\u00fcr\u00fcyor"}]},{"@type":"WebSite","@id":"https:\/\/www.mavihaber.com.tr\/#website","url":"https:\/\/www.mavihaber.com.tr\/","name":"MAV\u0130 HABER","description":"S&Ouml;Z U&Ccedil;AR YAZI KALIR","publisher":{"@id":"https:\/\/www.mavihaber.com.tr\/#organization"},"potentialAction":[{"@type":"SearchAction","target":{"@type":"EntryPoint","urlTemplate":"https:\/\/www.mavihaber.com.tr\/?s={search_term_string}"},"query-input":{"@type":"PropertyValueSpecification","valueRequired":true,"valueName":"search_term_string"}}],"inLanguage":"tr"},{"@type":"Organization","@id":"https:\/\/www.mavihaber.com.tr\/#organization","name":"MAV\u0130 HABER","url":"https:\/\/www.mavihaber.com.tr\/","logo":{"@type":"ImageObject","inLanguage":"tr","@id":"https:\/\/www.mavihaber.com.tr\/#\/schema\/logo\/image\/","url":"http:\/\/www.mavihaber.com.tr\/wp-content\/uploads\/2022\/02\/mavi-logo.png","contentUrl":"http:\/\/www.mavihaber.com.tr\/wp-content\/uploads\/2022\/02\/mavi-logo.png","width":301,"height":81,"caption":"MAV\u0130 HABER"},"image":{"@id":"https:\/\/www.mavihaber.com.tr\/#\/schema\/logo\/image\/"},"sameAs":["https:\/\/www.facebook.com\/ceyhan.mavi.142\/","https:\/\/x.com\/ceyhanmavihaber","https:\/\/www.instagram.com\/ceyhanmavihaber\/","https:\/\/www.youtube.com\/channel\/UCJQ-0-AFgj2GjI269QDUwNw"]},{"@type":"Person","@id":"https:\/\/www.mavihaber.com.tr\/#\/schema\/person\/6b483c36decdaf2ea80ccc7e00592ec5","name":"MAV\u0130 HABER","image":{"@type":"ImageObject","inLanguage":"tr","@id":"https:\/\/secure.gravatar.com\/avatar\/8ec447ff07537b3472bb74c7b4212a4d84d9e722e01a066cab36264a08dd2a23?s=96&d=mm&r=g","url":"https:\/\/secure.gravatar.com\/avatar\/8ec447ff07537b3472bb74c7b4212a4d84d9e722e01a066cab36264a08dd2a23?s=96&d=mm&r=g","contentUrl":"https:\/\/secure.gravatar.com\/avatar\/8ec447ff07537b3472bb74c7b4212a4d84d9e722e01a066cab36264a08dd2a23?s=96&d=mm&r=g","caption":"MAV\u0130 HABER"},"sameAs":["http:\/\/www.mavihaber.com.tr"],"url":"https:\/\/www.mavihaber.com.tr\/?author=1"}]}},"views":279,"_links":{"self":[{"href":"https:\/\/www.mavihaber.com.tr\/index.php?rest_route=\/wp\/v2\/posts\/1304","targetHints":{"allow":["GET"]}}],"collection":[{"href":"https:\/\/www.mavihaber.com.tr\/index.php?rest_route=\/wp\/v2\/posts"}],"about":[{"href":"https:\/\/www.mavihaber.com.tr\/index.php?rest_route=\/wp\/v2\/types\/post"}],"author":[{"embeddable":true,"href":"https:\/\/www.mavihaber.com.tr\/index.php?rest_route=\/wp\/v2\/users\/1"}],"replies":[{"embeddable":true,"href":"https:\/\/www.mavihaber.com.tr\/index.php?rest_route=%2Fwp%2Fv2%2Fcomments&post=1304"}],"version-history":[{"count":1,"href":"https:\/\/www.mavihaber.com.tr\/index.php?rest_route=\/wp\/v2\/posts\/1304\/revisions"}],"predecessor-version":[{"id":1306,"href":"https:\/\/www.mavihaber.com.tr\/index.php?rest_route=\/wp\/v2\/posts\/1304\/revisions\/1306"}],"wp:attachment":[{"href":"https:\/\/www.mavihaber.com.tr\/index.php?rest_route=%2Fwp%2Fv2%2Fmedia&parent=1304"}],"wp:term":[{"taxonomy":"category","embeddable":true,"href":"https:\/\/www.mavihaber.com.tr\/index.php?rest_route=%2Fwp%2Fv2%2Fcategories&post=1304"},{"taxonomy":"post_tag","embeddable":true,"href":"https:\/\/www.mavihaber.com.tr\/index.php?rest_route=%2Fwp%2Fv2%2Ftags&post=1304"}],"curies":[{"name":"wp","href":"https:\/\/api.w.org\/{rel}","templated":true}]}}