{"id":1420,"date":"2022-03-30T11:00:14","date_gmt":"2022-03-30T11:00:14","guid":{"rendered":"http:\/\/www.mavihaber.com.tr\/?p=1420"},"modified":"2022-03-30T11:02:44","modified_gmt":"2022-03-30T11:02:44","slug":"adana-davutoglunu-sevgi-seliyle-karsiladi","status":"publish","type":"post","link":"https:\/\/www.mavihaber.com.tr\/?p=1420","title":{"rendered":"ADANA&#8217;da Davuto\u011flu\u2019nu Sevgi Seliyle Kar\u015f\u0131lad\u0131lar.\u00a0"},"content":{"rendered":"<p>&nbsp;<\/p>\n<p>Bir dizi temaslarda bulunmak \u00fczere yak\u0131n \u00e7al\u0131\u015fma arkada\u015flar\u0131yla birlikte \u00fc\u00e7 g\u00fcnl\u00fck program \u00e7er\u00e7evesinde Adana\u2019ya giden Gelecek Partisi Genel Ba\u015fkan\u0131 Prof. Dr. Ahmet Davuto\u011flu burada b\u00fcy\u00fck bir co\u015fku ve sevgiyle kar\u015f\u0131land\u0131.<\/p>\n<p><img loading=\"lazy\" decoding=\"async\" class=\"alignnone size-medium wp-image-1421\" src=\"http:\/\/www.mavihaber.com.tr\/wp-content\/uploads\/2022\/03\/Cukurova-1-300x245.jpg\" alt=\"\" width=\"300\" height=\"245\" \/><\/p>\n<p>Uzunca s\u00fcredir bu ziyarete haz\u0131rland\u0131klar\u0131n\u0131 s\u00f6yleyen Gelecek Partisi Adana \u0130l Ba\u015fkan\u0131 Ebubekir Y\u0131ld\u0131r\u0131m Adanal\u0131lar\u0131n Davuto\u011flu\u2019na g\u00f6sterdikleri ilgi nedeniyle olduk\u00e7a sevin\u00e7li olduklar\u0131n\u0131 ve hem\u015ferilerinin bu tevecc\u00fch\u00fcnden dolay\u0131 gurur duyduklar\u0131n\u0131 belirtti<\/p>\n<p><img loading=\"lazy\" decoding=\"async\" class=\"alignnone size-medium wp-image-1423\" src=\"http:\/\/www.mavihaber.com.tr\/wp-content\/uploads\/2022\/03\/glck-300x300.jpg\" alt=\"\" width=\"300\" height=\"300\" \/><\/p>\n<p>Ge\u00e7ti\u011fimiz Pazar g\u00fcn\u00fc Deva Partisi ev sahipli\u011finde 6\u2019l\u0131 toplant\u0131ya kat\u0131lmas\u0131 ard\u0131ndan ilk ziyaretini partisinin kurmaylar\u0131yla birlikte Adana\u2019ya ger\u00e7ekle\u015ftiren Gelecek Partisi lideri Davuto\u011flu\u2019nun mutlulu\u011fu sosyal medya hesab\u0131ndan yapt\u0131\u011f\u0131 payla\u015f\u0131ma da yans\u0131d\u0131.<\/p>\n<p><img loading=\"lazy\" decoding=\"async\" class=\"alignnone size-medium wp-image-1422\" src=\"http:\/\/www.mavihaber.com.tr\/wp-content\/uploads\/2022\/03\/Cukurova-3-300x261.jpg\" alt=\"\" width=\"300\" height=\"261\" \/><\/p>\n<p>\u2018\u2019Selam Olsun Adana!<\/p>\n<p>\u00c7ukurova\u2019n\u0131n yi\u011fit ve mert evlatlar\u0131 Adanal\u0131 hem\u015fehrilerimizle Tellidere mahallesinde bulu\u015fup, hasret giderdik.<\/p>\n<p>G\u00fcne\u015f bedenimizi, muhabbet g\u00f6nl\u00fcm\u00fcz\u00fc \u0131s\u0131tt\u0131. Sa\u011f olun, var olun.\u2019\u2019<\/p>\n<p>\u0130fadeleriyle hislerini dile getiren Davuto\u011flu\u2019nun kendisine ve partisine g\u00f6sterilen ilgiden olduk\u00e7a memnun oldu\u011fu dikkatlerden ka\u00e7mad\u0131.<\/p>\n<p>Davuto\u011flu\u2019nun 28 Mart Pazartesi g\u00fcn\u00fc ba\u015flayan Adana ziyareti 30 Mart \u00c7ar\u015famba g\u00fcn\u00fc sona erecek.<\/p>\n<p>&nbsp;<\/p>\n<p>&nbsp;<\/p>\n","protected":false},"excerpt":{"rendered":"<p>&nbsp; Bir dizi temaslarda bulunmak \u00fczere yak\u0131n \u00e7al\u0131\u015fma arkada\u015flar\u0131yla birlikte \u00fc\u00e7 g\u00fcnl\u00fck program \u00e7er\u00e7evesinde Adana\u2019ya giden Gelecek Partisi Genel Ba\u015fkan\u0131<\/p>\n","protected":false},"author":1,"featured_media":0,"comment_status":"open","ping_status":"open","sticky":false,"template":"","format":"standard","meta":{"footnotes":""},"categories":[10,13],"tags":[],"class_list":["post-1420","post","type-post","status-publish","format-standard","hentry","category-gundem","category-siyaset"],"yoast_head":"<!-- This site is optimized with the Yoast SEO plugin v28.2 - https:\/\/yoast.com\/product\/yoast-seo-wordpress\/ -->\n<title>ADANA&#039;da Davuto\u011flu\u2019nu Sevgi Seliyle Kar\u015f\u0131lad\u0131lar.\u00a0 - MAV\u0130 HABER<\/title>\n<meta name=\"robots\" content=\"index, follow, max-snippet:-1, max-image-preview:large, max-video-preview:-1\" \/>\n<link rel=\"canonical\" href=\"https:\/\/www.mavihaber.com.tr\/?p=1420\" \/>\n<meta property=\"og:locale\" content=\"tr_TR\" \/>\n<meta property=\"og:type\" content=\"article\" \/>\n<meta property=\"og:title\" content=\"ADANA&#039;da Davuto\u011flu\u2019nu Sevgi Seliyle Kar\u015f\u0131lad\u0131lar.\u00a0 - MAV\u0130 HABER\" \/>\n<meta property=\"og:description\" content=\"&nbsp; Bir dizi temaslarda bulunmak \u00fczere yak\u0131n \u00e7al\u0131\u015fma arkada\u015flar\u0131yla birlikte \u00fc\u00e7 g\u00fcnl\u00fck program \u00e7er\u00e7evesinde Adana\u2019ya giden Gelecek Partisi Genel Ba\u015fkan\u0131\" \/>\n<meta property=\"og:url\" content=\"https:\/\/www.mavihaber.com.tr\/?p=1420\" \/>\n<meta property=\"og:site_name\" content=\"MAV\u0130 HABER\" \/>\n<meta property=\"article:publisher\" content=\"https:\/\/www.facebook.com\/ceyhan.mavi.142\/\" \/>\n<meta property=\"article:published_time\" content=\"2022-03-30T11:00:14+00:00\" \/>\n<meta property=\"article:modified_time\" content=\"2022-03-30T11:02:44+00:00\" \/>\n<meta name=\"author\" content=\"MAV\u0130 HABER\" \/>\n<meta name=\"twitter:card\" content=\"summary_large_image\" \/>\n<meta name=\"twitter:creator\" content=\"@ceyhanmavihaber\" \/>\n<meta name=\"twitter:site\" content=\"@ceyhanmavihaber\" \/>\n<meta name=\"twitter:label1\" content=\"Yazan:\" \/>\n\t<meta name=\"twitter:data1\" content=\"MAV\u0130 HABER\" \/>\n\t<meta name=\"twitter:label2\" content=\"Tahmini okuma s\u00fcresi\" \/>\n\t<meta name=\"twitter:data2\" content=\"1 dakika\" \/>\n<script type=\"application\/ld+json\" class=\"yoast-schema-graph\">{\"@context\":\"https:\\\/\\\/schema.org\",\"@graph\":[{\"@type\":\"Article\",\"@id\":\"https:\\\/\\\/www.mavihaber.com.tr\\\/?p=1420#article\",\"isPartOf\":{\"@id\":\"https:\\\/\\\/www.mavihaber.com.tr\\\/?p=1420\"},\"author\":{\"name\":\"MAV\u0130 HABER\",\"@id\":\"https:\\\/\\\/www.mavihaber.com.tr\\\/#\\\/schema\\\/person\\\/6b483c36decdaf2ea80ccc7e00592ec5\"},\"headline\":\"ADANA&#8217;da Davuto\u011flu\u2019nu Sevgi Seliyle Kar\u015f\u0131lad\u0131lar.\u00a0\",\"datePublished\":\"2022-03-30T11:00:14+00:00\",\"dateModified\":\"2022-03-30T11:02:44+00:00\",\"mainEntityOfPage\":{\"@id\":\"https:\\\/\\\/www.mavihaber.com.tr\\\/?p=1420\"},\"wordCount\":225,\"commentCount\":0,\"publisher\":{\"@id\":\"https:\\\/\\\/www.mavihaber.com.tr\\\/#organization\"},\"image\":{\"@id\":\"https:\\\/\\\/www.mavihaber.com.tr\\\/?p=1420#primaryimage\"},\"thumbnailUrl\":\"http:\\\/\\\/www.mavihaber.com.tr\\\/wp-content\\\/uploads\\\/2022\\\/03\\\/Cukurova-1-300x245.jpg\",\"articleSection\":[\"G\u00fcndem\",\"Siyaset\"],\"inLanguage\":\"tr\",\"potentialAction\":[{\"@type\":\"CommentAction\",\"name\":\"Comment\",\"target\":[\"https:\\\/\\\/www.mavihaber.com.tr\\\/?p=1420#respond\"]}]},{\"@type\":\"WebPage\",\"@id\":\"https:\\\/\\\/www.mavihaber.com.tr\\\/?p=1420\",\"url\":\"https:\\\/\\\/www.mavihaber.com.tr\\\/?p=1420\",\"name\":\"ADANA'da Davuto\u011flu\u2019nu Sevgi Seliyle Kar\u015f\u0131lad\u0131lar.\u00a0 - MAV\u0130 HABER\",\"isPartOf\":{\"@id\":\"https:\\\/\\\/www.mavihaber.com.tr\\\/#website\"},\"primaryImageOfPage\":{\"@id\":\"https:\\\/\\\/www.mavihaber.com.tr\\\/?p=1420#primaryimage\"},\"image\":{\"@id\":\"https:\\\/\\\/www.mavihaber.com.tr\\\/?p=1420#primaryimage\"},\"thumbnailUrl\":\"http:\\\/\\\/www.mavihaber.com.tr\\\/wp-content\\\/uploads\\\/2022\\\/03\\\/Cukurova-1-300x245.jpg\",\"datePublished\":\"2022-03-30T11:00:14+00:00\",\"dateModified\":\"2022-03-30T11:02:44+00:00\",\"breadcrumb\":{\"@id\":\"https:\\\/\\\/www.mavihaber.com.tr\\\/?p=1420#breadcrumb\"},\"inLanguage\":\"tr\",\"potentialAction\":[{\"@type\":\"ReadAction\",\"target\":[\"https:\\\/\\\/www.mavihaber.com.tr\\\/?p=1420\"]}]},{\"@type\":\"ImageObject\",\"inLanguage\":\"tr\",\"@id\":\"https:\\\/\\\/www.mavihaber.com.tr\\\/?p=1420#primaryimage\",\"url\":\"\",\"contentUrl\":\"\"},{\"@type\":\"BreadcrumbList\",\"@id\":\"https:\\\/\\\/www.mavihaber.com.tr\\\/?p=1420#breadcrumb\",\"itemListElement\":[{\"@type\":\"ListItem\",\"position\":1,\"name\":\"Anasayfa\",\"item\":\"https:\\\/\\\/www.mavihaber.com.tr\\\/\"},{\"@type\":\"ListItem\",\"position\":2,\"name\":\"ADANA&#8217;da Davuto\u011flu\u2019nu Sevgi Seliyle Kar\u015f\u0131lad\u0131lar.\u00a0\"}]},{\"@type\":\"WebSite\",\"@id\":\"https:\\\/\\\/www.mavihaber.com.tr\\\/#website\",\"url\":\"https:\\\/\\\/www.mavihaber.com.tr\\\/\",\"name\":\"MAV\u0130 HABER\",\"description\":\"S&Ouml;Z U&Ccedil;AR YAZI KALIR\",\"publisher\":{\"@id\":\"https:\\\/\\\/www.mavihaber.com.tr\\\/#organization\"},\"potentialAction\":[{\"@type\":\"SearchAction\",\"target\":{\"@type\":\"EntryPoint\",\"urlTemplate\":\"https:\\\/\\\/www.mavihaber.com.tr\\\/?s={search_term_string}\"},\"query-input\":{\"@type\":\"PropertyValueSpecification\",\"valueRequired\":true,\"valueName\":\"search_term_string\"}}],\"inLanguage\":\"tr\"},{\"@type\":\"Organization\",\"@id\":\"https:\\\/\\\/www.mavihaber.com.tr\\\/#organization\",\"name\":\"MAV\u0130 HABER\",\"url\":\"https:\\\/\\\/www.mavihaber.com.tr\\\/\",\"logo\":{\"@type\":\"ImageObject\",\"inLanguage\":\"tr\",\"@id\":\"https:\\\/\\\/www.mavihaber.com.tr\\\/#\\\/schema\\\/logo\\\/image\\\/\",\"url\":\"http:\\\/\\\/www.mavihaber.com.tr\\\/wp-content\\\/uploads\\\/2022\\\/02\\\/mavi-logo.png\",\"contentUrl\":\"http:\\\/\\\/www.mavihaber.com.tr\\\/wp-content\\\/uploads\\\/2022\\\/02\\\/mavi-logo.png\",\"width\":301,\"height\":81,\"caption\":\"MAV\u0130 HABER\"},\"image\":{\"@id\":\"https:\\\/\\\/www.mavihaber.com.tr\\\/#\\\/schema\\\/logo\\\/image\\\/\"},\"sameAs\":[\"https:\\\/\\\/www.facebook.com\\\/ceyhan.mavi.142\\\/\",\"https:\\\/\\\/x.com\\\/ceyhanmavihaber\",\"https:\\\/\\\/www.instagram.com\\\/ceyhanmavihaber\\\/\",\"https:\\\/\\\/www.youtube.com\\\/channel\\\/UCJQ-0-AFgj2GjI269QDUwNw\"]},{\"@type\":\"Person\",\"@id\":\"https:\\\/\\\/www.mavihaber.com.tr\\\/#\\\/schema\\\/person\\\/6b483c36decdaf2ea80ccc7e00592ec5\",\"name\":\"MAV\u0130 HABER\",\"image\":{\"@type\":\"ImageObject\",\"inLanguage\":\"tr\",\"@id\":\"https:\\\/\\\/secure.gravatar.com\\\/avatar\\\/8ec447ff07537b3472bb74c7b4212a4d84d9e722e01a066cab36264a08dd2a23?s=96&d=mm&r=g\",\"url\":\"https:\\\/\\\/secure.gravatar.com\\\/avatar\\\/8ec447ff07537b3472bb74c7b4212a4d84d9e722e01a066cab36264a08dd2a23?s=96&d=mm&r=g\",\"contentUrl\":\"https:\\\/\\\/secure.gravatar.com\\\/avatar\\\/8ec447ff07537b3472bb74c7b4212a4d84d9e722e01a066cab36264a08dd2a23?s=96&d=mm&r=g\",\"caption\":\"MAV\u0130 HABER\"},\"sameAs\":[\"http:\\\/\\\/www.mavihaber.com.tr\"],\"url\":\"https:\\\/\\\/www.mavihaber.com.tr\\\/?author=1\"}]}<\/script>\n<!-- \/ Yoast SEO plugin. -->","yoast_head_json":{"title":"ADANA'da Davuto\u011flu\u2019nu Sevgi Seliyle Kar\u015f\u0131lad\u0131lar.\u00a0 - MAV\u0130 HABER","robots":{"index":"index","follow":"follow","max-snippet":"max-snippet:-1","max-image-preview":"max-image-preview:large","max-video-preview":"max-video-preview:-1"},"canonical":"https:\/\/www.mavihaber.com.tr\/?p=1420","og_locale":"tr_TR","og_type":"article","og_title":"ADANA'da Davuto\u011flu\u2019nu Sevgi Seliyle Kar\u015f\u0131lad\u0131lar.\u00a0 - MAV\u0130 HABER","og_description":"&nbsp; Bir dizi temaslarda bulunmak \u00fczere yak\u0131n \u00e7al\u0131\u015fma arkada\u015flar\u0131yla birlikte \u00fc\u00e7 g\u00fcnl\u00fck program \u00e7er\u00e7evesinde Adana\u2019ya giden Gelecek Partisi Genel Ba\u015fkan\u0131","og_url":"https:\/\/www.mavihaber.com.tr\/?p=1420","og_site_name":"MAV\u0130 HABER","article_publisher":"https:\/\/www.facebook.com\/ceyhan.mavi.142\/","article_published_time":"2022-03-30T11:00:14+00:00","article_modified_time":"2022-03-30T11:02:44+00:00","author":"MAV\u0130 HABER","twitter_card":"summary_large_image","twitter_creator":"@ceyhanmavihaber","twitter_site":"@ceyhanmavihaber","twitter_misc":{"Yazan:":"MAV\u0130 HABER","Tahmini okuma s\u00fcresi":"1 dakika"},"schema":{"@context":"https:\/\/schema.org","@graph":[{"@type":"Article","@id":"https:\/\/www.mavihaber.com.tr\/?p=1420#article","isPartOf":{"@id":"https:\/\/www.mavihaber.com.tr\/?p=1420"},"author":{"name":"MAV\u0130 HABER","@id":"https:\/\/www.mavihaber.com.tr\/#\/schema\/person\/6b483c36decdaf2ea80ccc7e00592ec5"},"headline":"ADANA&#8217;da Davuto\u011flu\u2019nu Sevgi Seliyle Kar\u015f\u0131lad\u0131lar.\u00a0","datePublished":"2022-03-30T11:00:14+00:00","dateModified":"2022-03-30T11:02:44+00:00","mainEntityOfPage":{"@id":"https:\/\/www.mavihaber.com.tr\/?p=1420"},"wordCount":225,"commentCount":0,"publisher":{"@id":"https:\/\/www.mavihaber.com.tr\/#organization"},"image":{"@id":"https:\/\/www.mavihaber.com.tr\/?p=1420#primaryimage"},"thumbnailUrl":"http:\/\/www.mavihaber.com.tr\/wp-content\/uploads\/2022\/03\/Cukurova-1-300x245.jpg","articleSection":["G\u00fcndem","Siyaset"],"inLanguage":"tr","potentialAction":[{"@type":"CommentAction","name":"Comment","target":["https:\/\/www.mavihaber.com.tr\/?p=1420#respond"]}]},{"@type":"WebPage","@id":"https:\/\/www.mavihaber.com.tr\/?p=1420","url":"https:\/\/www.mavihaber.com.tr\/?p=1420","name":"ADANA'da Davuto\u011flu\u2019nu Sevgi Seliyle Kar\u015f\u0131lad\u0131lar.\u00a0 - MAV\u0130 HABER","isPartOf":{"@id":"https:\/\/www.mavihaber.com.tr\/#website"},"primaryImageOfPage":{"@id":"https:\/\/www.mavihaber.com.tr\/?p=1420#primaryimage"},"image":{"@id":"https:\/\/www.mavihaber.com.tr\/?p=1420#primaryimage"},"thumbnailUrl":"http:\/\/www.mavihaber.com.tr\/wp-content\/uploads\/2022\/03\/Cukurova-1-300x245.jpg","datePublished":"2022-03-30T11:00:14+00:00","dateModified":"2022-03-30T11:02:44+00:00","breadcrumb":{"@id":"https:\/\/www.mavihaber.com.tr\/?p=1420#breadcrumb"},"inLanguage":"tr","potentialAction":[{"@type":"ReadAction","target":["https:\/\/www.mavihaber.com.tr\/?p=1420"]}]},{"@type":"ImageObject","inLanguage":"tr","@id":"https:\/\/www.mavihaber.com.tr\/?p=1420#primaryimage","url":"","contentUrl":""},{"@type":"BreadcrumbList","@id":"https:\/\/www.mavihaber.com.tr\/?p=1420#breadcrumb","itemListElement":[{"@type":"ListItem","position":1,"name":"Anasayfa","item":"https:\/\/www.mavihaber.com.tr\/"},{"@type":"ListItem","position":2,"name":"ADANA&#8217;da Davuto\u011flu\u2019nu Sevgi Seliyle Kar\u015f\u0131lad\u0131lar.\u00a0"}]},{"@type":"WebSite","@id":"https:\/\/www.mavihaber.com.tr\/#website","url":"https:\/\/www.mavihaber.com.tr\/","name":"MAV\u0130 HABER","description":"S&Ouml;Z U&Ccedil;AR YAZI KALIR","publisher":{"@id":"https:\/\/www.mavihaber.com.tr\/#organization"},"potentialAction":[{"@type":"SearchAction","target":{"@type":"EntryPoint","urlTemplate":"https:\/\/www.mavihaber.com.tr\/?s={search_term_string}"},"query-input":{"@type":"PropertyValueSpecification","valueRequired":true,"valueName":"search_term_string"}}],"inLanguage":"tr"},{"@type":"Organization","@id":"https:\/\/www.mavihaber.com.tr\/#organization","name":"MAV\u0130 HABER","url":"https:\/\/www.mavihaber.com.tr\/","logo":{"@type":"ImageObject","inLanguage":"tr","@id":"https:\/\/www.mavihaber.com.tr\/#\/schema\/logo\/image\/","url":"http:\/\/www.mavihaber.com.tr\/wp-content\/uploads\/2022\/02\/mavi-logo.png","contentUrl":"http:\/\/www.mavihaber.com.tr\/wp-content\/uploads\/2022\/02\/mavi-logo.png","width":301,"height":81,"caption":"MAV\u0130 HABER"},"image":{"@id":"https:\/\/www.mavihaber.com.tr\/#\/schema\/logo\/image\/"},"sameAs":["https:\/\/www.facebook.com\/ceyhan.mavi.142\/","https:\/\/x.com\/ceyhanmavihaber","https:\/\/www.instagram.com\/ceyhanmavihaber\/","https:\/\/www.youtube.com\/channel\/UCJQ-0-AFgj2GjI269QDUwNw"]},{"@type":"Person","@id":"https:\/\/www.mavihaber.com.tr\/#\/schema\/person\/6b483c36decdaf2ea80ccc7e00592ec5","name":"MAV\u0130 HABER","image":{"@type":"ImageObject","inLanguage":"tr","@id":"https:\/\/secure.gravatar.com\/avatar\/8ec447ff07537b3472bb74c7b4212a4d84d9e722e01a066cab36264a08dd2a23?s=96&d=mm&r=g","url":"https:\/\/secure.gravatar.com\/avatar\/8ec447ff07537b3472bb74c7b4212a4d84d9e722e01a066cab36264a08dd2a23?s=96&d=mm&r=g","contentUrl":"https:\/\/secure.gravatar.com\/avatar\/8ec447ff07537b3472bb74c7b4212a4d84d9e722e01a066cab36264a08dd2a23?s=96&d=mm&r=g","caption":"MAV\u0130 HABER"},"sameAs":["http:\/\/www.mavihaber.com.tr"],"url":"https:\/\/www.mavihaber.com.tr\/?author=1"}]}},"views":307,"_links":{"self":[{"href":"https:\/\/www.mavihaber.com.tr\/index.php?rest_route=\/wp\/v2\/posts\/1420","targetHints":{"allow":["GET"]}}],"collection":[{"href":"https:\/\/www.mavihaber.com.tr\/index.php?rest_route=\/wp\/v2\/posts"}],"about":[{"href":"https:\/\/www.mavihaber.com.tr\/index.php?rest_route=\/wp\/v2\/types\/post"}],"author":[{"embeddable":true,"href":"https:\/\/www.mavihaber.com.tr\/index.php?rest_route=\/wp\/v2\/users\/1"}],"replies":[{"embeddable":true,"href":"https:\/\/www.mavihaber.com.tr\/index.php?rest_route=%2Fwp%2Fv2%2Fcomments&post=1420"}],"version-history":[{"count":3,"href":"https:\/\/www.mavihaber.com.tr\/index.php?rest_route=\/wp\/v2\/posts\/1420\/revisions"}],"predecessor-version":[{"id":1428,"href":"https:\/\/www.mavihaber.com.tr\/index.php?rest_route=\/wp\/v2\/posts\/1420\/revisions\/1428"}],"wp:attachment":[{"href":"https:\/\/www.mavihaber.com.tr\/index.php?rest_route=%2Fwp%2Fv2%2Fmedia&parent=1420"}],"wp:term":[{"taxonomy":"category","embeddable":true,"href":"https:\/\/www.mavihaber.com.tr\/index.php?rest_route=%2Fwp%2Fv2%2Fcategories&post=1420"},{"taxonomy":"post_tag","embeddable":true,"href":"https:\/\/www.mavihaber.com.tr\/index.php?rest_route=%2Fwp%2Fv2%2Ftags&post=1420"}],"curies":[{"name":"wp","href":"https:\/\/api.w.org\/{rel}","templated":true}]}}