{"id":1483,"date":"2022-04-04T05:18:26","date_gmt":"2022-04-04T05:18:26","guid":{"rendered":"http:\/\/www.mavihaber.com.tr\/?p=1483"},"modified":"2022-04-04T05:18:26","modified_gmt":"2022-04-04T05:18:26","slug":"sami-ozsoy-acti-agzini-yumdu-gozunu","status":"publish","type":"post","link":"https:\/\/www.mavihaber.com.tr\/?p=1483","title":{"rendered":"Sami \u00d6zsoy a\u00e7t\u0131 a\u011fz\u0131n\u0131, yumdu g\u00f6z\u00fcn\u00fc"},"content":{"rendered":"<p>Sami \u00d6zsoy a\u00e7t\u0131 a\u011fz\u0131n\u0131, yumdu g\u00f6z\u00fcn\u00fc<br \/>\nAdalet ve Kalk\u0131nma Partisi Ceyhan \u0130l\u00e7e Ba\u015fkan\u0131 Sami \u00d6zsoy, yerel ve ulusal bas\u0131n temsilcileriyle bir araya geldi. G\u00fcndeme dair \u00f6nemli a\u00e7\u0131klamalarda bulunan Ba\u015fkan \u00d6zsoy, 3. y\u0131l\u0131n\u0131 dolduran Adana B\u00fcy\u00fck\u015fehir ve Ceyhan Belediyesi\u2019nin \u015fehri bilinmezli\u011fe s\u00fcr\u00fckledi\u011fini, vatanda\u015flar\u0131n isyan etme noktas\u0131na geldi\u011fini ileri s\u00fcrd\u00fc.<br \/>\nUzun bir aradan sonra Ramazan ay\u0131ndan 1 g\u00fcn \u00f6nce Ceyhan\u2019\u0131n se\u00e7kin mekanlar\u0131ndan Perla\u2019da gazetecilerle bir araya gelen AK Parti \u0130l\u00e7e Ba\u015fkan\u0131 Sami \u00d6zsoy, \u201cM\u00fcbarek Ramazan Ay\u0131&#8217;na girerken bu toplant\u0131n\u0131n olmas\u0131 ho\u015f bir tevafuk oldu. \u015eimdiden Ramazan Ay\u0131&#8217;n\u0131z\u0131 tebrik ediyorum, Rabbim tutaca\u011f\u0131m\u0131z oru\u00e7lar\u0131 kabul etsin. Pandemi s\u00fcrecinde biraz uzak kald\u0131k, vatanda\u015flar\u0131m\u0131z\u0131n dertlerini, s\u0131k\u0131nt\u0131lar\u0131n\u0131 dile getirmek, \u015fehrimizin i\u00e7inde bulundu\u011fu \u00fcz\u00fcc\u00fc durumu de\u011ferlendirmek bizim en \u00f6nemli g\u00f6revimizdir\u201d dedi.<\/p>\n<p>\u201cH\u00dcK\u00dcMET\u0130M\u0130Z VATANDA\u015eINA H\u0130ZMET \u00dcRET\u0130YOR\u201d<br \/>\nCeyhan\u2019a yat\u0131r\u0131mlar\u0131n b\u00fcy\u00fcd\u00fc\u011f\u00fc, h\u00fck\u00fcmetin projeleri h\u0131zland\u0131rd\u0131\u011f\u0131n\u0131 ifade eden Ba\u015fkan \u00d6zsoy, \u201cG\u00f6reve geleli 16 ay oldu, te\u015fkilatlar\u0131m\u0131zla beraber elimizden geldi\u011fince gayretle \u00e7al\u0131\u015fmaya devam ediyoruz. H\u00fck\u00fcmetimizin eliyle \u015fehrimize yap\u0131lacak yat\u0131r\u0131mlar\u0131 takip ediyor, vatanda\u015flar\u0131m\u0131za yard\u0131mc\u0131 olmaya \u00e7al\u0131\u015f\u0131yoruz. Cumhurba\u015fkan\u0131m\u0131z say\u0131n Recep Tayyip Erdo\u011fan&#8217;\u0131n temelini att\u0131\u011f\u0131 R\u00f6nesansla beraber o b\u00f6lgede Ceyhan\u0131m\u0131z i\u00e7in b\u00fcy\u00fck \u00f6neme sahip yat\u0131r\u0131mlar devam ediyor. \u0130l\u00e7emize yap\u0131lacak kamu binalar\u0131yla ilgili \u00e7al\u0131\u015fmalar\u0131 yak\u0131ndan takip ediyoruz. Cumhuriyet Mahallemize bir spor salonu yap\u0131l\u0131yor bitmek \u00fczere, sorun te\u015fkil eden huzurevi in\u015faat\u0131 i\u00e7in say\u0131n bakanlar\u0131m\u0131z, milletvekillerimiz, il ba\u015fkan\u0131m\u0131z\u0131n katk\u0131lar\u0131yla \u00f6demenin tahsisi sa\u011fland\u0131 ve \u00f6dene\u011fin ilk par\u00e7as\u0131 yat\u0131r\u0131ld\u0131, oray\u0131da tez zamanda bitirmeye \u00e7al\u0131\u015faca\u011f\u0131z. Vatanda\u015f\u0131m\u0131z her derdine s\u0131k\u0131n\u0131t\u0131s\u0131na e\u011filen bir Cumhurba\u015fkan\u0131m\u0131z var, bakanlar\u0131m\u0131z milletvekillerimiz, il ba\u015fkan\u0131m\u0131z var. Pandeminin zorluklar\u0131 oldu, hemen yan\u0131 ba\u015f\u0131m\u0131zda Rusya ve Ukrayna sava\u015f\u0131n\u0131n getirdi\u011fi s\u0131k\u0131nt\u0131lar oldu. Allah\u2019\u0131n izniyle Ak Parti H\u00fck\u00fcmeti olarak vatanda\u015f\u0131m\u0131z i\u00e7in\u00a0durmaks\u0131z\u0131n \u00e7al\u0131\u015fmaya devam edece\u011fiz\u201d dedi.<\/p>\n<p>\u201cDAVUTO\u011eLU\u2019NA CEYHAN DERS VERD\u0130\u201d<br \/>\nGe\u00e7ti\u011fimiz g\u00fcnlerde Ceyhan\u2019da ziyaretler ger\u00e7ekle\u015ftiren Davuto\u011flu\u2019nun hezimete u\u011frad\u0131\u011f\u0131n\u0131 belirten \u00d6zsoy, \u201cAhmet Davuto\u011flu Ceyhan&#8217;\u0131 ziyaret etti\u011finde ne hale d\u00fc\u015ft\u00fc\u011f\u00fcn\u00fc hep beraber g\u00f6rd\u00fck. Ba\u015fbakanl\u0131k yapm\u0131\u015f bir ki\u015finin AK Parti sayesinde k\u0131ymet g\u00f6r\u00fcp, Ak Parti saflar\u0131ndan ayr\u0131ld\u0131\u011f\u0131nda nas\u0131l bir hale d\u00fc\u015ft\u00fc\u011f\u00fcne canl\u0131 \u015fahitlik ettiniz. Belediye, taziye evi ve \u00e7ar\u015f\u0131 ziyareti yapt\u0131. Arkas\u0131nda topladan 20 ki\u015fi yoktu. Bu insanlar \u00e7\u0131km\u0131\u015flar alt\u0131l\u0131 bir masa kurup ittifak edip T\u00fcrkiye&#8217;yi y\u00f6netmeye talip oluyorlar!\u00a0 S\u00f6z\u00fcm ona iktidara talip bir genel ba\u015fkan\u0131n Ceyhan&#8217;da d\u00fc\u015ft\u00fc\u011f\u00fc i\u00e7ler ac\u0131s\u0131 durumu biz g\u00fclerek izledik. En son \u00f6\u011fretmen evinde bir programlar\u0131 vard\u0131, kimse kat\u0131lmad\u0131\u011f\u0131 i\u00e7in pro\u011fram\u0131 iptal ettiler. Biz ge\u00e7ti\u011fimiz g\u00fcn \u00f6\u011fretmen evinde k\u00fc\u00e7\u00fck bir dan\u0131\u015fma meclisi d\u00fczenledik 400 ki\u015fi kat\u0131ld\u0131. Bu \u00fclkede ba\u015fbakanl\u0131k yapm\u0131\u015f bir isim geliyor 100 ki\u015fi toplayamad\u0131\u011f\u0131ndan toplant\u0131y\u0131 iptal etmek zorunda kal\u0131yor, ac\u0131nas\u0131, g\u00fcl\u00fcnesi bir durum. Y\u00fczde 0,5 oyu olmayan ki\u015filer bu memlekette iktidara talip oluyorlar, milletimizde bunu gayet yak\u0131ndan g\u00f6r\u00fcyor. Evel Allah biz hep milletimize g\u00fcvendik, milletimizle yol y\u00fcr\u00fcd\u00fck, milletimizin \u00e7izdi\u011fi istikamette hareket ettik. Milletimizde bize duydu\u011fu y\u00fcksek g\u00fcveni tekrarlad\u0131, 2023 se\u00e7imlerinde de bu birbirine benzemeyen 6 ki\u015fiye milletimiz gereken dersi verecek\u201d<\/p>\n<p>\u201cKARALAR ve ERDEM VATANDA\u015eA HESAP VERS\u0130N\u201d<br \/>\nBa\u015fkan \u00d6zsoy, \u201cBelediye se\u00e7imlerinin \u00fczerinden 3 y\u0131l ge\u00e7ti. Maalesef Ceyhan&#8217;\u0131 y\u00f6neten Cumhuriyet Halk Partili bir zihniyet var. Yeni b\u00fcy\u00fck\u015fehir yasas\u0131yla malumunuz Ceyhan&#8217;\u0131n b\u00fcy\u00fck\u015fehirle ayn\u0131 partiden olmas\u0131 hep vaatlere yans\u0131t\u0131ld\u0131, se\u00e7imlerde vaatler verildi. Ceyhan&#8217;da se\u00e7imle gelen ki\u015fi ba\u015fkayd\u0131 \u015fimdiki belediye ba\u015fkan\u0131 ba\u015fka, tabi bu bir mazeret de\u011fil, \u015fimdiki belediye ba\u015fkan\u0131 o d\u00f6nem meclis \u00fcyesiydi yani bu vaatlerin hepsinin alt\u0131na imza att\u0131 ve bu vaadleri yerine getirme noktas\u0131nda vatanda\u015flar\u0131m\u0131za s\u00f6z verdiler. G\u00f6r\u00fcyoruz ki; bu vatlerin yan\u0131ndan dahi ge\u00e7meyen bir yap\u0131 var Ceyhan&#8217;da! Belediye ba\u015fkan\u0131 diyecekse \u2018biz bu vaatlerin hepsini s\u00f6yledik, o d\u00f6nemin belediye ba\u015fkan\u0131n\u0131n vaatleriydi, bizden bunlar\u0131 beklemeyin\u2019 diyorsa tamam beklemeyelim. O zaman ne yapaca\u011f\u0131n\u0131 \u00e7\u0131k\u0131p a\u00e7\u0131klas\u0131n. Ceyhan&#8217;\u0131n hali ortada, 3. seneyi devriyesindeler ve art\u0131k kum saati tersine d\u00f6nd\u00fc. 2023 ve akabinde 2024 se\u00e7imleri var, aziz milletimize yalan s\u00f6yledilerse \u00e7\u0131k\u0131p, \u2018biz yalan s\u00f6yledik, yada o d\u00f6nemlerin vaadleriydi biz bunlar\u0131 yapamay\u0131z\u2019 diyecek, kamuoyuda ona g\u00f6re beklentiye girecek\u201d<\/p>\n<p>\u201cCHP BELED\u0130YELER\u0130NDE YALAN \u00c7OK, \u0130CRAAT YOK\u201d<br \/>\n\u201cVatanda\u015flara daire verece\u011fiz dediler, ortada bir \u015fey yok. Cumhuriyet Mahallesi&#8217;ndeki konser alan\u0131n\u0131 iptal edilip yerine ye\u015fil alan, konser alan\u0131 gibi hizmet yap\u0131laca\u011f\u0131 gibi vaatleri var, ondan da eser yok. En \u00f6nemli vaatleri \u2018g\u00f6reve geldi\u011fimiz g\u00fcnden itibaren hi\u00e7 bir belediye personelini i\u015ften \u00e7\u0131kamayaca\u011f\u0131z&#8217; dediler. Bu s\u00f6z\u00fc verirken genel ba\u015fkan d\u00fczeyinde namus ve \u015feref s\u00f6z\u00fc verdiler, peki ne oldu? 511 belediye personeli i\u015ften \u00e7\u0131kar\u0131ld\u0131, yerine ise 536 yeni isim i\u015fe al\u0131nd\u0131. 511 karde\u015fimizin hepsi mi vas\u0131fs\u0131zd\u0131? Hani vaatler, hani genel ba\u015fkan\u0131n\u0131z\u0131n namus ve \u015feref s\u00f6z\u00fc ? hi\u00e7 biri tutulmad\u0131. Yalanlar\u0131 saymakla bitmez; \u2018g\u00f6reve geldikten sonra hersene bir fabrika kuraca\u011f\u0131z&#8217; dediler, 3 y\u0131l oldu bir \u00e7al\u0131\u015fma var m\u0131? yok, tamamen hayal \u00fcr\u00fcn\u00fc. \u2018B\u00fcy\u00fck\u015fehir Belediye Ba\u015fkan\u0131 Zeydan Karalarla isti\u015fare i\u00e7erisinde mezarl\u0131\u011f\u0131n orada \u00fcst ge\u00e7it yap\u0131lacak dendi, \u00fcst ge\u00e7idin \u00fc&#8217;s\u00fc yok. \u2018Semt pazar\u0131 daha \u00e7a\u011fda\u015f olacak\u2019 dediler, ge\u00e7mi\u015f d\u00f6nemde yap\u0131lan eserler duruyor, kendi vaatlerinden eser yok. \u2018Ceyhan Nehri projesiyle Eski\u015fehir Belediye Ba\u015fkan\u0131 Y\u0131lmaz B\u00fcy\u00fcker\u015feni getirece\u011fiz\u2019 dediler, biz 3 y\u0131ld\u0131r Y\u0131lmaz beyi bekliyoruz. Biz Ak Parti \u0130l\u00e7e Ba\u015fkanl\u0131\u011f\u0131 olarak Y\u0131lmaz beyin Ceyhan&#8217;a gelmesi noktas\u0131nda b\u00fct\u00fcn maliyeti kar\u015f\u0131lamaya haz\u0131r\u0131z, getirin de bir g\u00f6relim! kuru vaatlerle hem\u015ferilerimizle dalga ge\u00e7tiniz, Y\u0131lmaz beye sorsak Ceyhan&#8217;da kim belediye ba\u015fkan\u0131 onu da bilmez. B\u0131rak\u0131n b\u00f6yle mega projeleri, park\u0131n otlar\u0131n\u0131 bi\u00e7miyorlar, bozulan \u00e7ocuk oyunlar\u0131n\u0131 tamir etmiyorlar.<br \/>\n\u2018112 mahelleye Taziye evi yapaca\u011f\u0131z\u2019 dediler, durum ortada! Hayvanc\u0131l\u0131kla u\u011fra\u015fan vatanda\u015flar\u0131m\u0131z i\u00e7in proje haz\u0131rlam\u0131\u015flar, 301 kad\u0131n, 299 erkek olmak \u00fczere 600 ki\u015fiye\u00a0 istihdam sa\u011flayaca\u011f\u0131z dediler, hali haz\u0131rdaki 511 vatanda\u015f\u0131 i\u015fsiz b\u0131rak\u0131p ekme\u011finden ettiler. Bir \u00e7\u00f6p ihalesine \u00e7\u0131kt\u0131lar, onuda ellerine y\u00fczlerine bula\u015ft\u0131rd\u0131lar. Bu ihaleyle 20 \u015fof\u00f6r almay\u0131 planl\u0131yorlar. 530 ki\u015fi al\u0131nan yerde \u00e7\u00f6p arabas\u0131 s\u00fcrecek kalifiye eleman m\u0131 yok? Art\u0131k nas\u0131l vas\u0131fla, kimlerin referanslar\u0131yla, ne \u015fekilde ald\u0131lar, bunu ben Ceyhanl\u0131 hem\u015ferilerimizin vicdan\u0131na b\u0131rak\u0131yorum.<br \/>\n\u2018Halk kart da\u011f\u0131taca\u011f\u0131z, yoksula para yard\u0131m\u0131 yapaca\u011f\u0131z\u2019 dediler. En k\u00f6t\u00fc \u015fey, bir insan\u0131n umuduyla oynamakt\u0131r, ekme\u011fiyle ilgili vaat verip kand\u0131rmakt\u0131r. Hani nerde para yard\u0131m\u0131? Bak\u0131n\u0131z, her ay binlerce ki\u015fi devletimizin vak\u0131f arac\u0131l\u0131\u011f\u0131yla olu\u015fturdu\u011fu sosyal yard\u0131mdan fayda sa\u011fl\u0131yor, 2021 y\u0131l\u0131 i\u00e7erisinde 20 milyon lira Ceyhan&#8217;da yard\u0131mlar da\u011f\u0131t\u0131ld\u0131. \u015eimdi ben ihtiya\u00e7 sahibi vatanda\u015flar\u0131m\u0131z ad\u0131na Ceyhan Belediyesi\u2019ne soruyorum; insanlar\u0131 kand\u0131rd\u0131n\u0131z, \u2018300 lira 500 lira yard\u0131m yapaca\u011f\u0131z\u2019 dediniz, 3 y\u0131l i\u00e7erisinde, ka\u00e7 ki\u015fiye yard\u0131m yapt\u0131n\u0131z, halk kartla ne yapt\u0131n\u0131z ?<\/p>\n<p>\u201cCEYHAN\u2019IN YOLLARI \u0130\u00c7LER ACISI HALDE<br \/>\nYetimin hakk\u0131n\u0131 heba ettiklerinin \u0131srarla alt\u0131n\u0131 \u00e7izen Ba\u015fkan \u00d6zsoy, \u201cYol konusunda art\u0131k yorum bile yapm\u0131yorum. Vatanda\u015f isyan noktas\u0131na geldi. Buradaki t\u00fcm gazeteci arkada\u015flar\u0131m\u0131z sosyal medyalar\u0131nda \u015fikayet al\u0131yorlar. \u00c7o\u011funuz gazetelerinde ve mecralar\u0131nda payla\u015f\u0131yor, bunu canl\u0131 kanl\u0131 ya\u015f\u0131yoruz. Burhaniye Mahallesi\u2019nde asfaltlama yapt\u0131lar, bir y\u0131l ge\u00e7meden tekrar s\u00f6kt\u00fcler. Siz Ceyhan&#8217;\u0131n paras\u0131n\u0131, t\u00fcy\u00fc bitmemi\u015f yetimin hakk\u0131n\u0131 nas\u0131l b\u00f6yle f\u00fctursuzca harcars\u0131n\u0131z. Ceyhan geneli ana merkez cadde ve sokaklar i\u00e7ler ac\u0131s\u0131 halde. H\u00fclya han\u0131m yapt\u0131rd\u0131\u011f\u0131 haberde, \u2018\u015eubat 2021 y\u0131l\u0131 asfalt y\u0131l\u0131 olacak\u2019 diyor, ayn\u0131 H\u00fclya Erdem 23 Aral\u0131k&#8217;ta \u2018Yeni y\u0131lda yol sorunu tarih olacak\u2019 diyor. Biz vazge\u00e7tik 2024&#8217;e kadar in\u015fallah biter diyoruz. Kendi kedilerini inkar eden, kendileriyle \u00e7eli\u015fen belediye ba\u015fkan\u0131 Ceyhan\u2019a ne verebilir? 3. hizmet y\u0131llar\u0131 lakin durum ortada!<br \/>\nYine medyaya yans\u0131yan bir resim kar\u015f\u0131m\u0131zda; vatanda\u015f kendi yolunu kendisi yapmaya ba\u015flam\u0131\u015f, umudu o kadar kesmi\u015fler Ceyhan belediyesinden! Y\u0131llard\u0131r bozuk olan yolu kendi imkanlar\u0131yla kapat\u0131yorlar. Gaziosmanpa\u015fa Mahallemizde bir ba\u015fka vatanda\u015f\u0131m\u0131z t\u0131kanm\u0131\u015f r\u00f6gar\u0131 kendi imaknlar\u0131yla temizliyor. Ali amcam\u0131za yaz\u0131k de\u011fil mi? Bu vatanda\u015f yolu yapmak, r\u00f6gar\u0131 kendi temizlemek i\u00e7in mi size oy verdi. H\u00fclya han\u0131m bu g\u00f6r\u00fcnt\u00fcler kar\u015f\u0131s\u0131nda &#8216;ben vatanda\u015f\u0131ma bu zulm\u00fc \u00e7ektiriyorum, bu koltukta rahat oturamam&#8217; dedi mi hi\u00e7? sanm\u0131yorum. Zeydan bey, hani 6 ayda onu yapaca\u011f\u0131z, bunu yapaca\u011f\u0131z dediniz eski d\u00f6nemleri ele\u015ftirdiniz, ne oldu? Ceyhan&#8217;da ve hatta Adana&#8217;n\u0131n 15 ile\u00e7esi de Karalar ba\u011flad\u0131. B\u00fcy\u00fck\u015fehir meclis \u00fcyemiz Zafer Ko\u00e7 g\u00fcndeme getirmi\u015fti, sivrisinekle m\u00fccadele gibi en basit i\u015fi bile yapam\u0131yor Zeydan Karalar. Masas\u0131 sandalyesi haczedildi, onu da ma\u011fdur edebiyat\u0131 olarak kulland\u0131. Hi\u00e7 utanmad\u0131n\u0131z m\u0131 yahu, oturdu\u011funuz masa sandalye sizin itibar\u0131n\u0131zd\u0131r. Yalan\u0131n biri bin para; \u2018Sahra hastaneleri yapaca\u011f\u0131z, \u00e7ift\u00e7iye elektri\u011fi bedava verece\u011fiz\u2019 dediler. Ceyhandaki milleti ayr\u0131 kand\u0131r\u0131yor, Adanadaki be\u015f kat\u0131 kand\u0131r\u0131yor, genel ba\u015fkanlar\u0131 bunlar\u0131n hepsini topluyor y\u00fcz kat\u0131 milletimizi kand\u0131r\u0131yor. Hakikaten CHP\u2019nin en a\u015fa\u011f\u0131dan en yukar\u0131ya y\u00f6netim anlay\u0131\u015f\u0131n\u0131 anlamakta zorlan\u0131yoruz. Bu millete bu kadar m\u0131 d\u00fc\u015fmans\u0131z, size oy vermi\u015f g\u00fcvenmi\u015f bu aziz millete bu kadar m\u0131 d\u00fc\u015fmans\u0131n\u0131z? resimler, g\u00f6r\u00fcnt\u00fcler ortada, bu ya\u015fl\u0131 insan\u0131, vatanda\u015f\u0131 bu hale d\u00fc\u015f\u00fcr\u00fcyorsan\u0131z bu utan\u00e7 hepinize yeter\u201d<\/p>\n<p>\u201cM\u0130LLET\u0130M\u0130ZE YALAN S\u00d6YLEYEREK S\u0130YASET YAPILMAZ\u201d<br \/>\n\u2018\u00c7iftlikhat, Cumhuriyet yoluna alt ge\u00e7it\u2019 dediler.<br \/>\nBu i\u015f h\u00fck\u00fcmetimizin i\u015fi; Zaten bu arkada\u015flar oraya bir kazma dahi vuramazlar! H\u0131zl\u0131 tren projesi kapsam\u0131nda \u00c7iftlikhat, Cumhuriyet ve Gaziosmanpa\u015fa&#8217;ya h\u00fck\u00fcmetimizin planlad\u0131\u011f\u0131 alt ge\u00e7itler yap\u0131lacak. Ceyhan&#8217;da toplam 15 alt ve \u00fcst ge\u00e7it projeyle yap\u0131l\u0131yor, hatta Hamdilli yolu \u00fczerindeki tamamland\u0131 ve aktif olarak kullan\u0131l\u0131yor. Vatanda\u015f\u0131 b\u00f6yle yetkileri olamayan, yapamayacaklar\u0131 bir vaatle kand\u0131rm\u0131\u015flar. Hizmet yapal\u0131m hizmette yar\u0131\u015fal\u0131m bunda s\u0131k\u0131nt\u0131 yok, amma vatanda\u015f\u0131 kand\u0131rmayal\u0131m. O g\u00fcn bunu vatanda\u015fa sunan ekip biliyor bu projelerin Ula\u015ft\u0131rma Bakanl\u0131\u011f\u0131m\u0131z b\u00fcnyesinde oldu\u011funu. Millete yalan\u00a0 s\u00f6yleyerek siyaset yap\u0131lmaz. Bu millet kendine hizmet edeni de, yalan s\u00f6yleyenide unutmaz. Biz milletimize kendimizi Allah&#8217;\u0131n izniyle hizmet ederek unutturmayal\u0131m\u201d<\/p>\n<p>\u201cCEYHAN\u2019IN \u00dcZER\u0130NE B\u00dcY\u00dcK K\u00dcLFET BIRAKTILAR\u201d<br \/>\nBa\u015fkan \u00d6zsoy konu\u015fmas\u0131nda, \u201c2021\u2019de birka\u00e7 defa ciddi paralar vererek memnuniyet anketi yapt\u0131rm\u0131\u015flar. Ankete gerek yoktu, biz size vatanda\u015f\u0131n sizden memnun olmad\u0131\u011f\u0131n\u0131 s\u00f6ylerdik zaten. Millete hizmet ederseniz ankete de gerek yok. Her tarafa resimli bayra\u011f\u0131n\u0131z\u0131, afi\u015finizi asarak reklam yapman\u0131za da gerek yok. Hizmetiniz olsayd\u0131 vatanda\u015f sizi ayakta alk\u0131\u015flard\u0131. Bo\u015f i\u015fleri b\u0131rak\u0131n Ceyhan Belediye Ba\u015fkan\u0131 H\u00fclya Erdem, Ceyhan i\u00e7in \u00f6nemli icraatlar yap\u0131n, tabi biz buna kar\u015f\u0131 de\u011filiz amma milletin paras\u0131n\u0131 harcarken boy boy reklam yaparken elinizi vicdan\u0131n\u0131za da koyun, yetimin hakk\u0131n\u0131 \u00f6yle harcay\u0131n.<br \/>\nCeyhan belediyesi i\u015f\u00e7i k\u0131y\u0131m\u0131 yaparak belediyenin \u00fczerine b\u00fcy\u00fck bir k\u00fclfet b\u0131rakm\u0131\u015ft\u0131r. 400 i\u015f\u00e7iden hesap edelim, farkl\u0131 meblalar amma biz 50 binden tazminat\u0131n\u0131 hesaplarsak, en az 20-25 milyon, s\u0131rf siyasi olarak kendi adamlar\u0131na i\u015f imkan\u0131 sa\u011flamak i\u00e7in Ceyhan&#8217;a verdikleri zarar. Bu paralarla il\u00e7emize \u00e7ok b\u00fcy\u00fck i\u015fler yap\u0131labilirdi. Kilometrelerce yol, y\u00fczlerce park yap\u0131labilirdi. Ama s\u0131rf ittifak ettikleri \u0130yi partili, HDP&#8217;li adamlar\u0131 i\u015fe alaca\u011f\u0131z diye 20-25 milyonu \u00e7\u00f6pe att\u0131lar. Bir de \u00e7\u0131km\u0131\u015flar mecliste bizden 14 milyon bor\u00e7lanma istiyorlar. Meclis \u00fcyelerimize bir a\u00e7\u0131klam yapan yok, i\u00e7eri\u011fi belli de\u011fil, sebebi belli de\u011fil! Ya H\u00fclya Han\u0131m sen ne yapacks\u0131n bu parayla bize bir a\u00e7\u0131kla, biz bunu vatanda\u015flar\u0131m\u0131z ad\u0131na soruyoruz. biz sana 24&#8217;te, 34&#8217;te veririz sen yeterki i\u015f yap, ama a\u00e7\u0131klama yokken bor\u00e7lanma iste b\u00f6yle red veririz, biz Ceyhan&#8217;\u0131n paras\u0131n\u0131 soka\u011fa att\u0131rmay\u0131z. Vatanda\u015flar\u0131m\u0131z burada bize muhalefet hakk\u0131 verdi, gidin bizim hakk\u0131m\u0131 orada savunun dediler. Bizde Ceyhan&#8217;\u0131n hakk\u0131n\u0131 savunmazsak ihanet etmi\u015f oluruz.\u201d<\/p>\n<p>\u201c\u0130THAL M\u00dcD\u00dcRLER\u0130DE \u0130MZA ATMIYOR<br \/>\nBa\u015fkan \u00d6zsoy, \u201cSoruyorum, CHP d\u00f6neminde Ceyhan Belediyesinde ka\u00e7 tane m\u00fcd\u00fcr de\u011fi\u015fti? Ceyhan Belediyesi&#8217;nde ka\u00e7tane Adana\u2019dan gelen m\u00fcd\u00fcr var?<br \/>\n\u0130thal m\u00fcd\u00fcr diye ortal\u0131\u011f\u0131 y\u0131kanlar, Ceyhan&#8217;a getirdikleri ithal ba\u015fkan yard\u0131mc\u0131s\u0131 ve m\u00fcd\u00fcrlere ra\u011fmen zafiyet ya\u015f\u0131yorlar, imza atacak m\u00fcd\u00fcr bulam\u0131yorlar, getirdikleri adamlar imza atmaya imtina ediyor. Y\u00f6netimin d\u00fc\u015ft\u00fc\u011f\u00fc durum ortada, belediye bilinmezli\u011fin i\u00e7erisinde, vatanda\u015f hizmet alam\u0131yor, Ceyhan&#8217;\u0131 ithal m\u00fcd\u00fcrlere yem ettiler, bu ay\u0131pta onlara yeter. Ceyhan Belediyesi\u2019nin resmi plakal\u0131 ara\u00e7lar\u0131 yatarken, ara\u00e7 kiralaman\u0131n mant\u0131\u011f\u0131 nedir. \u00c7\u00f6p ihalesinin akibeti nedir. \u0130haleyi alacak firmalarla Ceyhan Belediyesinin ge\u00e7mi\u015fi, mazisi var m\u0131d\u0131r? \u00c7\u00f6pten servet \u00e7\u0131kard\u0131k diye show yapt\u0131n\u0131z, ne oldu o servet? ne \u00e7abuk bitirdiniz serveti, ya da servet \u00e7\u0131kmad\u0131 vatanda\u015fa yalan m\u0131 s\u00f6ylediniz?<br \/>\nO ara\u00e7lar\u0131 yap\u0131n, istedi\u011finiz adama da verin, yeter ki hizmet yap\u0131n. Memnuniyet anketine para verece\u011finize, gidin kamyonlar\u0131, \u00e7\u00f6p ara\u00e7lar\u0131n\u0131 yapt\u0131r\u0131n, vatanda\u015f memnun olur zaten.<br \/>\nAdana ve Ceyhan\u2019da \u2018Mart\u0131n Sonu H\u00fcsran\u2019 olmu\u015ftur. Bilinmelidir ki; Ceyhanl\u0131 \u00e7ekti\u011fi bu \u00e7ileyi unutmayacak ve bunun hesab\u0131n\u0131 2024&#8217;te soracakt\u0131r\u201d ifadelerini kulland\u0131.<\/p>\n<p><img loading=\"lazy\" decoding=\"async\" class=\"alignnone size-medium wp-image-1484\" src=\"http:\/\/www.mavihaber.com.tr\/wp-content\/uploads\/2022\/04\/iz2-300x200.jpeg\" alt=\"\" width=\"300\" height=\"200\" \/><img loading=\"lazy\" decoding=\"async\" class=\"alignnone size-medium wp-image-1485\" src=\"http:\/\/www.mavihaber.com.tr\/wp-content\/uploads\/2022\/04\/iz3-300x200.jpeg\" alt=\"\" width=\"300\" height=\"200\" \/><\/p>\n","protected":false},"excerpt":{"rendered":"<p>Sami \u00d6zsoy a\u00e7t\u0131 a\u011fz\u0131n\u0131, yumdu g\u00f6z\u00fcn\u00fc Adalet ve Kalk\u0131nma Partisi Ceyhan \u0130l\u00e7e Ba\u015fkan\u0131 Sami \u00d6zsoy, yerel ve ulusal bas\u0131n temsilcileriyle<\/p>\n","protected":false},"author":1,"featured_media":0,"comment_status":"open","ping_status":"open","sticky":false,"template":"","format":"standard","meta":{"footnotes":""},"categories":[13,14],"tags":[],"class_list":["post-1483","post","type-post","status-publish","format-standard","hentry","category-siyaset","category-son-dakika"],"yoast_head":"<!-- This site is optimized with the Yoast SEO plugin v28.2 - https:\/\/yoast.com\/product\/yoast-seo-wordpress\/ -->\n<title>Sami \u00d6zsoy a\u00e7t\u0131 a\u011fz\u0131n\u0131, yumdu g\u00f6z\u00fcn\u00fc - MAV\u0130 HABER<\/title>\n<meta name=\"robots\" content=\"index, follow, max-snippet:-1, max-image-preview:large, max-video-preview:-1\" \/>\n<link rel=\"canonical\" href=\"https:\/\/www.mavihaber.com.tr\/?p=1483\" \/>\n<meta property=\"og:locale\" content=\"tr_TR\" \/>\n<meta property=\"og:type\" content=\"article\" \/>\n<meta property=\"og:title\" content=\"Sami \u00d6zsoy a\u00e7t\u0131 a\u011fz\u0131n\u0131, yumdu g\u00f6z\u00fcn\u00fc - MAV\u0130 HABER\" \/>\n<meta property=\"og:description\" content=\"Sami \u00d6zsoy a\u00e7t\u0131 a\u011fz\u0131n\u0131, yumdu g\u00f6z\u00fcn\u00fc Adalet ve Kalk\u0131nma Partisi Ceyhan \u0130l\u00e7e Ba\u015fkan\u0131 Sami \u00d6zsoy, yerel ve ulusal bas\u0131n temsilcileriyle\" \/>\n<meta property=\"og:url\" content=\"https:\/\/www.mavihaber.com.tr\/?p=1483\" \/>\n<meta property=\"og:site_name\" content=\"MAV\u0130 HABER\" \/>\n<meta property=\"article:publisher\" content=\"https:\/\/www.facebook.com\/ceyhan.mavi.142\/\" \/>\n<meta property=\"article:published_time\" content=\"2022-04-04T05:18:26+00:00\" \/>\n<meta name=\"author\" content=\"MAV\u0130 HABER\" \/>\n<meta name=\"twitter:card\" content=\"summary_large_image\" \/>\n<meta name=\"twitter:creator\" content=\"@ceyhanmavihaber\" \/>\n<meta name=\"twitter:site\" content=\"@ceyhanmavihaber\" \/>\n<meta name=\"twitter:label1\" content=\"Yazan:\" \/>\n\t<meta name=\"twitter:data1\" content=\"MAV\u0130 HABER\" \/>\n\t<meta name=\"twitter:label2\" content=\"Tahmini okuma s\u00fcresi\" \/>\n\t<meta name=\"twitter:data2\" content=\"11 dakika\" \/>\n<script type=\"application\/ld+json\" class=\"yoast-schema-graph\">{\"@context\":\"https:\\\/\\\/schema.org\",\"@graph\":[{\"@type\":\"Article\",\"@id\":\"https:\\\/\\\/www.mavihaber.com.tr\\\/?p=1483#article\",\"isPartOf\":{\"@id\":\"https:\\\/\\\/www.mavihaber.com.tr\\\/?p=1483\"},\"author\":{\"name\":\"MAV\u0130 HABER\",\"@id\":\"https:\\\/\\\/www.mavihaber.com.tr\\\/#\\\/schema\\\/person\\\/6b483c36decdaf2ea80ccc7e00592ec5\"},\"headline\":\"Sami \u00d6zsoy a\u00e7t\u0131 a\u011fz\u0131n\u0131, yumdu g\u00f6z\u00fcn\u00fc\",\"datePublished\":\"2022-04-04T05:18:26+00:00\",\"mainEntityOfPage\":{\"@id\":\"https:\\\/\\\/www.mavihaber.com.tr\\\/?p=1483\"},\"wordCount\":2509,\"commentCount\":0,\"publisher\":{\"@id\":\"https:\\\/\\\/www.mavihaber.com.tr\\\/#organization\"},\"image\":{\"@id\":\"https:\\\/\\\/www.mavihaber.com.tr\\\/?p=1483#primaryimage\"},\"thumbnailUrl\":\"http:\\\/\\\/www.mavihaber.com.tr\\\/wp-content\\\/uploads\\\/2022\\\/04\\\/iz2-300x200.jpeg\",\"articleSection\":[\"Siyaset\",\"Son Dakika\"],\"inLanguage\":\"tr\",\"potentialAction\":[{\"@type\":\"CommentAction\",\"name\":\"Comment\",\"target\":[\"https:\\\/\\\/www.mavihaber.com.tr\\\/?p=1483#respond\"]}]},{\"@type\":\"WebPage\",\"@id\":\"https:\\\/\\\/www.mavihaber.com.tr\\\/?p=1483\",\"url\":\"https:\\\/\\\/www.mavihaber.com.tr\\\/?p=1483\",\"name\":\"Sami \u00d6zsoy a\u00e7t\u0131 a\u011fz\u0131n\u0131, yumdu g\u00f6z\u00fcn\u00fc - MAV\u0130 HABER\",\"isPartOf\":{\"@id\":\"https:\\\/\\\/www.mavihaber.com.tr\\\/#website\"},\"primaryImageOfPage\":{\"@id\":\"https:\\\/\\\/www.mavihaber.com.tr\\\/?p=1483#primaryimage\"},\"image\":{\"@id\":\"https:\\\/\\\/www.mavihaber.com.tr\\\/?p=1483#primaryimage\"},\"thumbnailUrl\":\"http:\\\/\\\/www.mavihaber.com.tr\\\/wp-content\\\/uploads\\\/2022\\\/04\\\/iz2-300x200.jpeg\",\"datePublished\":\"2022-04-04T05:18:26+00:00\",\"breadcrumb\":{\"@id\":\"https:\\\/\\\/www.mavihaber.com.tr\\\/?p=1483#breadcrumb\"},\"inLanguage\":\"tr\",\"potentialAction\":[{\"@type\":\"ReadAction\",\"target\":[\"https:\\\/\\\/www.mavihaber.com.tr\\\/?p=1483\"]}]},{\"@type\":\"ImageObject\",\"inLanguage\":\"tr\",\"@id\":\"https:\\\/\\\/www.mavihaber.com.tr\\\/?p=1483#primaryimage\",\"url\":\"\",\"contentUrl\":\"\"},{\"@type\":\"BreadcrumbList\",\"@id\":\"https:\\\/\\\/www.mavihaber.com.tr\\\/?p=1483#breadcrumb\",\"itemListElement\":[{\"@type\":\"ListItem\",\"position\":1,\"name\":\"Anasayfa\",\"item\":\"https:\\\/\\\/www.mavihaber.com.tr\\\/\"},{\"@type\":\"ListItem\",\"position\":2,\"name\":\"Sami \u00d6zsoy a\u00e7t\u0131 a\u011fz\u0131n\u0131, yumdu g\u00f6z\u00fcn\u00fc\"}]},{\"@type\":\"WebSite\",\"@id\":\"https:\\\/\\\/www.mavihaber.com.tr\\\/#website\",\"url\":\"https:\\\/\\\/www.mavihaber.com.tr\\\/\",\"name\":\"MAV\u0130 HABER\",\"description\":\"S&Ouml;Z U&Ccedil;AR YAZI KALIR\",\"publisher\":{\"@id\":\"https:\\\/\\\/www.mavihaber.com.tr\\\/#organization\"},\"potentialAction\":[{\"@type\":\"SearchAction\",\"target\":{\"@type\":\"EntryPoint\",\"urlTemplate\":\"https:\\\/\\\/www.mavihaber.com.tr\\\/?s={search_term_string}\"},\"query-input\":{\"@type\":\"PropertyValueSpecification\",\"valueRequired\":true,\"valueName\":\"search_term_string\"}}],\"inLanguage\":\"tr\"},{\"@type\":\"Organization\",\"@id\":\"https:\\\/\\\/www.mavihaber.com.tr\\\/#organization\",\"name\":\"MAV\u0130 HABER\",\"url\":\"https:\\\/\\\/www.mavihaber.com.tr\\\/\",\"logo\":{\"@type\":\"ImageObject\",\"inLanguage\":\"tr\",\"@id\":\"https:\\\/\\\/www.mavihaber.com.tr\\\/#\\\/schema\\\/logo\\\/image\\\/\",\"url\":\"http:\\\/\\\/www.mavihaber.com.tr\\\/wp-content\\\/uploads\\\/2022\\\/02\\\/mavi-logo.png\",\"contentUrl\":\"http:\\\/\\\/www.mavihaber.com.tr\\\/wp-content\\\/uploads\\\/2022\\\/02\\\/mavi-logo.png\",\"width\":301,\"height\":81,\"caption\":\"MAV\u0130 HABER\"},\"image\":{\"@id\":\"https:\\\/\\\/www.mavihaber.com.tr\\\/#\\\/schema\\\/logo\\\/image\\\/\"},\"sameAs\":[\"https:\\\/\\\/www.facebook.com\\\/ceyhan.mavi.142\\\/\",\"https:\\\/\\\/x.com\\\/ceyhanmavihaber\",\"https:\\\/\\\/www.instagram.com\\\/ceyhanmavihaber\\\/\",\"https:\\\/\\\/www.youtube.com\\\/channel\\\/UCJQ-0-AFgj2GjI269QDUwNw\"]},{\"@type\":\"Person\",\"@id\":\"https:\\\/\\\/www.mavihaber.com.tr\\\/#\\\/schema\\\/person\\\/6b483c36decdaf2ea80ccc7e00592ec5\",\"name\":\"MAV\u0130 HABER\",\"image\":{\"@type\":\"ImageObject\",\"inLanguage\":\"tr\",\"@id\":\"https:\\\/\\\/secure.gravatar.com\\\/avatar\\\/8ec447ff07537b3472bb74c7b4212a4d84d9e722e01a066cab36264a08dd2a23?s=96&d=mm&r=g\",\"url\":\"https:\\\/\\\/secure.gravatar.com\\\/avatar\\\/8ec447ff07537b3472bb74c7b4212a4d84d9e722e01a066cab36264a08dd2a23?s=96&d=mm&r=g\",\"contentUrl\":\"https:\\\/\\\/secure.gravatar.com\\\/avatar\\\/8ec447ff07537b3472bb74c7b4212a4d84d9e722e01a066cab36264a08dd2a23?s=96&d=mm&r=g\",\"caption\":\"MAV\u0130 HABER\"},\"sameAs\":[\"http:\\\/\\\/www.mavihaber.com.tr\"],\"url\":\"https:\\\/\\\/www.mavihaber.com.tr\\\/?author=1\"}]}<\/script>\n<!-- \/ Yoast SEO plugin. -->","yoast_head_json":{"title":"Sami \u00d6zsoy a\u00e7t\u0131 a\u011fz\u0131n\u0131, yumdu g\u00f6z\u00fcn\u00fc - MAV\u0130 HABER","robots":{"index":"index","follow":"follow","max-snippet":"max-snippet:-1","max-image-preview":"max-image-preview:large","max-video-preview":"max-video-preview:-1"},"canonical":"https:\/\/www.mavihaber.com.tr\/?p=1483","og_locale":"tr_TR","og_type":"article","og_title":"Sami \u00d6zsoy a\u00e7t\u0131 a\u011fz\u0131n\u0131, yumdu g\u00f6z\u00fcn\u00fc - MAV\u0130 HABER","og_description":"Sami \u00d6zsoy a\u00e7t\u0131 a\u011fz\u0131n\u0131, yumdu g\u00f6z\u00fcn\u00fc Adalet ve Kalk\u0131nma Partisi Ceyhan \u0130l\u00e7e Ba\u015fkan\u0131 Sami \u00d6zsoy, yerel ve ulusal bas\u0131n temsilcileriyle","og_url":"https:\/\/www.mavihaber.com.tr\/?p=1483","og_site_name":"MAV\u0130 HABER","article_publisher":"https:\/\/www.facebook.com\/ceyhan.mavi.142\/","article_published_time":"2022-04-04T05:18:26+00:00","author":"MAV\u0130 HABER","twitter_card":"summary_large_image","twitter_creator":"@ceyhanmavihaber","twitter_site":"@ceyhanmavihaber","twitter_misc":{"Yazan:":"MAV\u0130 HABER","Tahmini okuma s\u00fcresi":"11 dakika"},"schema":{"@context":"https:\/\/schema.org","@graph":[{"@type":"Article","@id":"https:\/\/www.mavihaber.com.tr\/?p=1483#article","isPartOf":{"@id":"https:\/\/www.mavihaber.com.tr\/?p=1483"},"author":{"name":"MAV\u0130 HABER","@id":"https:\/\/www.mavihaber.com.tr\/#\/schema\/person\/6b483c36decdaf2ea80ccc7e00592ec5"},"headline":"Sami \u00d6zsoy a\u00e7t\u0131 a\u011fz\u0131n\u0131, yumdu g\u00f6z\u00fcn\u00fc","datePublished":"2022-04-04T05:18:26+00:00","mainEntityOfPage":{"@id":"https:\/\/www.mavihaber.com.tr\/?p=1483"},"wordCount":2509,"commentCount":0,"publisher":{"@id":"https:\/\/www.mavihaber.com.tr\/#organization"},"image":{"@id":"https:\/\/www.mavihaber.com.tr\/?p=1483#primaryimage"},"thumbnailUrl":"http:\/\/www.mavihaber.com.tr\/wp-content\/uploads\/2022\/04\/iz2-300x200.jpeg","articleSection":["Siyaset","Son Dakika"],"inLanguage":"tr","potentialAction":[{"@type":"CommentAction","name":"Comment","target":["https:\/\/www.mavihaber.com.tr\/?p=1483#respond"]}]},{"@type":"WebPage","@id":"https:\/\/www.mavihaber.com.tr\/?p=1483","url":"https:\/\/www.mavihaber.com.tr\/?p=1483","name":"Sami \u00d6zsoy a\u00e7t\u0131 a\u011fz\u0131n\u0131, yumdu g\u00f6z\u00fcn\u00fc - MAV\u0130 HABER","isPartOf":{"@id":"https:\/\/www.mavihaber.com.tr\/#website"},"primaryImageOfPage":{"@id":"https:\/\/www.mavihaber.com.tr\/?p=1483#primaryimage"},"image":{"@id":"https:\/\/www.mavihaber.com.tr\/?p=1483#primaryimage"},"thumbnailUrl":"http:\/\/www.mavihaber.com.tr\/wp-content\/uploads\/2022\/04\/iz2-300x200.jpeg","datePublished":"2022-04-04T05:18:26+00:00","breadcrumb":{"@id":"https:\/\/www.mavihaber.com.tr\/?p=1483#breadcrumb"},"inLanguage":"tr","potentialAction":[{"@type":"ReadAction","target":["https:\/\/www.mavihaber.com.tr\/?p=1483"]}]},{"@type":"ImageObject","inLanguage":"tr","@id":"https:\/\/www.mavihaber.com.tr\/?p=1483#primaryimage","url":"","contentUrl":""},{"@type":"BreadcrumbList","@id":"https:\/\/www.mavihaber.com.tr\/?p=1483#breadcrumb","itemListElement":[{"@type":"ListItem","position":1,"name":"Anasayfa","item":"https:\/\/www.mavihaber.com.tr\/"},{"@type":"ListItem","position":2,"name":"Sami \u00d6zsoy a\u00e7t\u0131 a\u011fz\u0131n\u0131, yumdu g\u00f6z\u00fcn\u00fc"}]},{"@type":"WebSite","@id":"https:\/\/www.mavihaber.com.tr\/#website","url":"https:\/\/www.mavihaber.com.tr\/","name":"MAV\u0130 HABER","description":"S&Ouml;Z U&Ccedil;AR YAZI KALIR","publisher":{"@id":"https:\/\/www.mavihaber.com.tr\/#organization"},"potentialAction":[{"@type":"SearchAction","target":{"@type":"EntryPoint","urlTemplate":"https:\/\/www.mavihaber.com.tr\/?s={search_term_string}"},"query-input":{"@type":"PropertyValueSpecification","valueRequired":true,"valueName":"search_term_string"}}],"inLanguage":"tr"},{"@type":"Organization","@id":"https:\/\/www.mavihaber.com.tr\/#organization","name":"MAV\u0130 HABER","url":"https:\/\/www.mavihaber.com.tr\/","logo":{"@type":"ImageObject","inLanguage":"tr","@id":"https:\/\/www.mavihaber.com.tr\/#\/schema\/logo\/image\/","url":"http:\/\/www.mavihaber.com.tr\/wp-content\/uploads\/2022\/02\/mavi-logo.png","contentUrl":"http:\/\/www.mavihaber.com.tr\/wp-content\/uploads\/2022\/02\/mavi-logo.png","width":301,"height":81,"caption":"MAV\u0130 HABER"},"image":{"@id":"https:\/\/www.mavihaber.com.tr\/#\/schema\/logo\/image\/"},"sameAs":["https:\/\/www.facebook.com\/ceyhan.mavi.142\/","https:\/\/x.com\/ceyhanmavihaber","https:\/\/www.instagram.com\/ceyhanmavihaber\/","https:\/\/www.youtube.com\/channel\/UCJQ-0-AFgj2GjI269QDUwNw"]},{"@type":"Person","@id":"https:\/\/www.mavihaber.com.tr\/#\/schema\/person\/6b483c36decdaf2ea80ccc7e00592ec5","name":"MAV\u0130 HABER","image":{"@type":"ImageObject","inLanguage":"tr","@id":"https:\/\/secure.gravatar.com\/avatar\/8ec447ff07537b3472bb74c7b4212a4d84d9e722e01a066cab36264a08dd2a23?s=96&d=mm&r=g","url":"https:\/\/secure.gravatar.com\/avatar\/8ec447ff07537b3472bb74c7b4212a4d84d9e722e01a066cab36264a08dd2a23?s=96&d=mm&r=g","contentUrl":"https:\/\/secure.gravatar.com\/avatar\/8ec447ff07537b3472bb74c7b4212a4d84d9e722e01a066cab36264a08dd2a23?s=96&d=mm&r=g","caption":"MAV\u0130 HABER"},"sameAs":["http:\/\/www.mavihaber.com.tr"],"url":"https:\/\/www.mavihaber.com.tr\/?author=1"}]}},"views":446,"_links":{"self":[{"href":"https:\/\/www.mavihaber.com.tr\/index.php?rest_route=\/wp\/v2\/posts\/1483","targetHints":{"allow":["GET"]}}],"collection":[{"href":"https:\/\/www.mavihaber.com.tr\/index.php?rest_route=\/wp\/v2\/posts"}],"about":[{"href":"https:\/\/www.mavihaber.com.tr\/index.php?rest_route=\/wp\/v2\/types\/post"}],"author":[{"embeddable":true,"href":"https:\/\/www.mavihaber.com.tr\/index.php?rest_route=\/wp\/v2\/users\/1"}],"replies":[{"embeddable":true,"href":"https:\/\/www.mavihaber.com.tr\/index.php?rest_route=%2Fwp%2Fv2%2Fcomments&post=1483"}],"version-history":[{"count":1,"href":"https:\/\/www.mavihaber.com.tr\/index.php?rest_route=\/wp\/v2\/posts\/1483\/revisions"}],"predecessor-version":[{"id":1487,"href":"https:\/\/www.mavihaber.com.tr\/index.php?rest_route=\/wp\/v2\/posts\/1483\/revisions\/1487"}],"wp:attachment":[{"href":"https:\/\/www.mavihaber.com.tr\/index.php?rest_route=%2Fwp%2Fv2%2Fmedia&parent=1483"}],"wp:term":[{"taxonomy":"category","embeddable":true,"href":"https:\/\/www.mavihaber.com.tr\/index.php?rest_route=%2Fwp%2Fv2%2Fcategories&post=1483"},{"taxonomy":"post_tag","embeddable":true,"href":"https:\/\/www.mavihaber.com.tr\/index.php?rest_route=%2Fwp%2Fv2%2Ftags&post=1483"}],"curies":[{"name":"wp","href":"https:\/\/api.w.org\/{rel}","templated":true}]}}