{"id":1585,"date":"2022-04-08T10:29:55","date_gmt":"2022-04-08T10:29:55","guid":{"rendered":"http:\/\/www.mavihaber.com.tr\/?p=1585"},"modified":"2022-04-08T10:29:55","modified_gmt":"2022-04-08T10:29:55","slug":"turk-polisi-fedakarligin-simgesidir","status":"publish","type":"post","link":"https:\/\/www.mavihaber.com.tr\/?p=1585","title":{"rendered":"\u201cT\u00fcrk Polisi  fedakarl\u0131\u011f\u0131n simgesidir\u201d"},"content":{"rendered":"<p>Esendemir;<\/p>\n<p>\u00c7ukurova Gazeteciler Cemiyeti Ba\u015fkan\u0131 Cafer Esendemir, T\u00fcrk Polis Te\u015fkilat\u0131n\u0131n kuruldu\u011fu g\u00fcnden bug\u00fcne kadar vatan\u0131n birli\u011fi ve b\u00f6l\u00fcnmez b\u00fct\u00fcnl\u00fc\u011f\u00fc ile halk\u0131n huzur ve mutlulu\u011funu sa\u011flamak amac\u0131yla, zaman ve mek\u00e2n g\u00f6zetmeksizin b\u00fcy\u00fck bir fedak\u00e2rl\u0131kla \u00e7al\u0131\u015ft\u0131\u011f\u0131n\u0131 belirterek, \u015fan ve \u015ferefle dolu bu g\u00fcn\u00fcn onurunu ya\u015fad\u0131klar\u0131n\u0131 s\u00f6yledi.<\/p>\n<p>10 Nisan 1845\u2019te kurulan polis te\u015fkilat\u0131n\u0131n 177. y\u0131ld\u00f6n\u00fcm\u00fcn\u00fc kutlayan Ba\u015fkan Esendemir, y\u00f6netim kurulu ad\u0131na yapt\u0131\u011f\u0131 a\u00e7\u0131klamada, \u201cBulundu\u011fu her ortamda d\u00fcr\u00fcst, disiplinli ve \u00f6zverili \u00e7al\u0131\u015fma ilkesini \u00fcstlenirken; insan haklar\u0131na sayg\u0131l\u0131 duru\u015fuyla toplumun her kesiminden takdir g\u00f6ren polislerimiz, \u015fefkatli ve g\u00fcler y\u00fczl\u00fc olmas\u0131yla da milletin g\u00f6nl\u00fcnde ayr\u0131 bir yere sahiptir. Toplumun k\u0131lcal damarlar\u0131ndaki varl\u0131\u011f\u0131n\u0131 her zaman g\u00fc\u00e7l\u00fc bir \u015fekilde hissettiren polislerimiz, iyi g\u00fcnde, k\u00f6t\u00fc g\u00fcnde, hastal\u0131kta ve sa\u011fl\u0131kta \u00fcstlendi\u011fi g\u00f6revlerle fedak\u00e2rl\u0131\u011f\u0131n simgesi haline gelmi\u015flerdir.\u201d dedi<\/p>\n<p>Esendemir \u015f\u00f6yle devam etti: \u201cHalk\u0131n can ve mal g\u00fcvenli\u011fi ile namusunu korumay\u0131, devletin b\u00f6l\u00fcnmez b\u00fct\u00fcnl\u00fc\u011f\u00fcn\u00fc hedef alan tehdit ve tehlikelere kar\u015f\u0131 m\u00fccadele etmeyi kendisine g\u00f6rev edinen kahramanlar\u0131m\u0131z\u0131n 177. kurulu\u015f y\u0131ld\u00f6n\u00fcm\u00fcn\u00fc kutluyorum. G\u00fcc\u00fcn\u00fc kanunlardan, deste\u011fini halktan alan polisimizin bu varl\u0131\u011f\u0131n\u0131 ebediyen s\u00fcrd\u00fcrece\u011fine inan\u0131yorum. Ba\u015fta Gazi Mustafa Kemal Atat\u00fcrk olmak \u00fczere ge\u00e7mi\u015ften g\u00fcn\u00fcm\u00fcze vatan\u0131 u\u011fruna canlar\u0131n\u0131 feda eden t\u00fcm \u015fehitlerimize Allah\u2019tan rahmet, gazi olanlara ve halen g\u00f6revi ba\u015f\u0131nda bulunanlara ise aileleriyle birlikte sa\u011fl\u0131k, mutluluk ve huzur diliyorum.\u201d<\/p>\n<p><img loading=\"lazy\" decoding=\"async\" class=\"alignnone size-medium wp-image-1586\" src=\"http:\/\/www.mavihaber.com.tr\/wp-content\/uploads\/2022\/04\/C\u0327GC-Yo\u0308netim-Kurulu-kopyasi-300x212.png\" alt=\"\" width=\"300\" height=\"212\" \/><\/p>\n","protected":false},"excerpt":{"rendered":"<p>Esendemir; \u00c7ukurova Gazeteciler Cemiyeti Ba\u015fkan\u0131 Cafer Esendemir, T\u00fcrk Polis Te\u015fkilat\u0131n\u0131n kuruldu\u011fu g\u00fcnden bug\u00fcne kadar vatan\u0131n birli\u011fi ve b\u00f6l\u00fcnmez b\u00fct\u00fcnl\u00fc\u011f\u00fc ile<\/p>\n","protected":false},"author":1,"featured_media":0,"comment_status":"open","ping_status":"open","sticky":false,"template":"","format":"standard","meta":{"footnotes":""},"categories":[8,10,13],"tags":[],"class_list":["post-1585","post","type-post","status-publish","format-standard","hentry","category-ekonomi","category-gundem","category-siyaset"],"yoast_head":"<!-- This site is optimized with the Yoast SEO plugin v28.2 - https:\/\/yoast.com\/product\/yoast-seo-wordpress\/ -->\n<title>\u201cT\u00fcrk Polisi fedakarl\u0131\u011f\u0131n simgesidir\u201d - MAV\u0130 HABER<\/title>\n<meta name=\"robots\" content=\"index, follow, max-snippet:-1, max-image-preview:large, max-video-preview:-1\" \/>\n<link rel=\"canonical\" href=\"https:\/\/www.mavihaber.com.tr\/?p=1585\" \/>\n<meta property=\"og:locale\" content=\"tr_TR\" \/>\n<meta property=\"og:type\" content=\"article\" \/>\n<meta property=\"og:title\" content=\"\u201cT\u00fcrk Polisi fedakarl\u0131\u011f\u0131n simgesidir\u201d - MAV\u0130 HABER\" \/>\n<meta property=\"og:description\" content=\"Esendemir; \u00c7ukurova Gazeteciler Cemiyeti Ba\u015fkan\u0131 Cafer Esendemir, T\u00fcrk Polis Te\u015fkilat\u0131n\u0131n kuruldu\u011fu g\u00fcnden bug\u00fcne kadar vatan\u0131n birli\u011fi ve b\u00f6l\u00fcnmez b\u00fct\u00fcnl\u00fc\u011f\u00fc ile\" \/>\n<meta property=\"og:url\" content=\"https:\/\/www.mavihaber.com.tr\/?p=1585\" \/>\n<meta property=\"og:site_name\" content=\"MAV\u0130 HABER\" \/>\n<meta property=\"article:publisher\" content=\"https:\/\/www.facebook.com\/ceyhan.mavi.142\/\" \/>\n<meta property=\"article:published_time\" content=\"2022-04-08T10:29:55+00:00\" \/>\n<meta name=\"author\" content=\"MAV\u0130 HABER\" \/>\n<meta name=\"twitter:card\" content=\"summary_large_image\" \/>\n<meta name=\"twitter:creator\" content=\"@ceyhanmavihaber\" \/>\n<meta name=\"twitter:site\" content=\"@ceyhanmavihaber\" \/>\n<meta name=\"twitter:label1\" content=\"Yazan:\" \/>\n\t<meta name=\"twitter:data1\" content=\"MAV\u0130 HABER\" \/>\n\t<meta name=\"twitter:label2\" content=\"Tahmini okuma s\u00fcresi\" \/>\n\t<meta name=\"twitter:data2\" content=\"2 dakika\" \/>\n<script type=\"application\/ld+json\" class=\"yoast-schema-graph\">{\"@context\":\"https:\\\/\\\/schema.org\",\"@graph\":[{\"@type\":\"Article\",\"@id\":\"https:\\\/\\\/www.mavihaber.com.tr\\\/?p=1585#article\",\"isPartOf\":{\"@id\":\"https:\\\/\\\/www.mavihaber.com.tr\\\/?p=1585\"},\"author\":{\"name\":\"MAV\u0130 HABER\",\"@id\":\"https:\\\/\\\/www.mavihaber.com.tr\\\/#\\\/schema\\\/person\\\/6b483c36decdaf2ea80ccc7e00592ec5\"},\"headline\":\"\u201cT\u00fcrk Polisi fedakarl\u0131\u011f\u0131n simgesidir\u201d\",\"datePublished\":\"2022-04-08T10:29:55+00:00\",\"mainEntityOfPage\":{\"@id\":\"https:\\\/\\\/www.mavihaber.com.tr\\\/?p=1585\"},\"wordCount\":306,\"commentCount\":0,\"publisher\":{\"@id\":\"https:\\\/\\\/www.mavihaber.com.tr\\\/#organization\"},\"articleSection\":[\"Ekonomi\",\"G\u00fcndem\",\"Siyaset\"],\"inLanguage\":\"tr\",\"potentialAction\":[{\"@type\":\"CommentAction\",\"name\":\"Comment\",\"target\":[\"https:\\\/\\\/www.mavihaber.com.tr\\\/?p=1585#respond\"]}]},{\"@type\":\"WebPage\",\"@id\":\"https:\\\/\\\/www.mavihaber.com.tr\\\/?p=1585\",\"url\":\"https:\\\/\\\/www.mavihaber.com.tr\\\/?p=1585\",\"name\":\"\u201cT\u00fcrk Polisi fedakarl\u0131\u011f\u0131n simgesidir\u201d - MAV\u0130 HABER\",\"isPartOf\":{\"@id\":\"https:\\\/\\\/www.mavihaber.com.tr\\\/#website\"},\"datePublished\":\"2022-04-08T10:29:55+00:00\",\"breadcrumb\":{\"@id\":\"https:\\\/\\\/www.mavihaber.com.tr\\\/?p=1585#breadcrumb\"},\"inLanguage\":\"tr\",\"potentialAction\":[{\"@type\":\"ReadAction\",\"target\":[\"https:\\\/\\\/www.mavihaber.com.tr\\\/?p=1585\"]}]},{\"@type\":\"BreadcrumbList\",\"@id\":\"https:\\\/\\\/www.mavihaber.com.tr\\\/?p=1585#breadcrumb\",\"itemListElement\":[{\"@type\":\"ListItem\",\"position\":1,\"name\":\"Anasayfa\",\"item\":\"https:\\\/\\\/www.mavihaber.com.tr\\\/\"},{\"@type\":\"ListItem\",\"position\":2,\"name\":\"\u201cT\u00fcrk Polisi fedakarl\u0131\u011f\u0131n simgesidir\u201d\"}]},{\"@type\":\"WebSite\",\"@id\":\"https:\\\/\\\/www.mavihaber.com.tr\\\/#website\",\"url\":\"https:\\\/\\\/www.mavihaber.com.tr\\\/\",\"name\":\"MAV\u0130 HABER\",\"description\":\"S&Ouml;Z U&Ccedil;AR YAZI KALIR\",\"publisher\":{\"@id\":\"https:\\\/\\\/www.mavihaber.com.tr\\\/#organization\"},\"potentialAction\":[{\"@type\":\"SearchAction\",\"target\":{\"@type\":\"EntryPoint\",\"urlTemplate\":\"https:\\\/\\\/www.mavihaber.com.tr\\\/?s={search_term_string}\"},\"query-input\":{\"@type\":\"PropertyValueSpecification\",\"valueRequired\":true,\"valueName\":\"search_term_string\"}}],\"inLanguage\":\"tr\"},{\"@type\":\"Organization\",\"@id\":\"https:\\\/\\\/www.mavihaber.com.tr\\\/#organization\",\"name\":\"MAV\u0130 HABER\",\"url\":\"https:\\\/\\\/www.mavihaber.com.tr\\\/\",\"logo\":{\"@type\":\"ImageObject\",\"inLanguage\":\"tr\",\"@id\":\"https:\\\/\\\/www.mavihaber.com.tr\\\/#\\\/schema\\\/logo\\\/image\\\/\",\"url\":\"http:\\\/\\\/www.mavihaber.com.tr\\\/wp-content\\\/uploads\\\/2022\\\/02\\\/mavi-logo.png\",\"contentUrl\":\"http:\\\/\\\/www.mavihaber.com.tr\\\/wp-content\\\/uploads\\\/2022\\\/02\\\/mavi-logo.png\",\"width\":301,\"height\":81,\"caption\":\"MAV\u0130 HABER\"},\"image\":{\"@id\":\"https:\\\/\\\/www.mavihaber.com.tr\\\/#\\\/schema\\\/logo\\\/image\\\/\"},\"sameAs\":[\"https:\\\/\\\/www.facebook.com\\\/ceyhan.mavi.142\\\/\",\"https:\\\/\\\/x.com\\\/ceyhanmavihaber\",\"https:\\\/\\\/www.instagram.com\\\/ceyhanmavihaber\\\/\",\"https:\\\/\\\/www.youtube.com\\\/channel\\\/UCJQ-0-AFgj2GjI269QDUwNw\"]},{\"@type\":\"Person\",\"@id\":\"https:\\\/\\\/www.mavihaber.com.tr\\\/#\\\/schema\\\/person\\\/6b483c36decdaf2ea80ccc7e00592ec5\",\"name\":\"MAV\u0130 HABER\",\"image\":{\"@type\":\"ImageObject\",\"inLanguage\":\"tr\",\"@id\":\"https:\\\/\\\/secure.gravatar.com\\\/avatar\\\/8ec447ff07537b3472bb74c7b4212a4d84d9e722e01a066cab36264a08dd2a23?s=96&d=mm&r=g\",\"url\":\"https:\\\/\\\/secure.gravatar.com\\\/avatar\\\/8ec447ff07537b3472bb74c7b4212a4d84d9e722e01a066cab36264a08dd2a23?s=96&d=mm&r=g\",\"contentUrl\":\"https:\\\/\\\/secure.gravatar.com\\\/avatar\\\/8ec447ff07537b3472bb74c7b4212a4d84d9e722e01a066cab36264a08dd2a23?s=96&d=mm&r=g\",\"caption\":\"MAV\u0130 HABER\"},\"sameAs\":[\"http:\\\/\\\/www.mavihaber.com.tr\"],\"url\":\"https:\\\/\\\/www.mavihaber.com.tr\\\/?author=1\"}]}<\/script>\n<!-- \/ Yoast SEO plugin. -->","yoast_head_json":{"title":"\u201cT\u00fcrk Polisi fedakarl\u0131\u011f\u0131n simgesidir\u201d - MAV\u0130 HABER","robots":{"index":"index","follow":"follow","max-snippet":"max-snippet:-1","max-image-preview":"max-image-preview:large","max-video-preview":"max-video-preview:-1"},"canonical":"https:\/\/www.mavihaber.com.tr\/?p=1585","og_locale":"tr_TR","og_type":"article","og_title":"\u201cT\u00fcrk Polisi fedakarl\u0131\u011f\u0131n simgesidir\u201d - MAV\u0130 HABER","og_description":"Esendemir; \u00c7ukurova Gazeteciler Cemiyeti Ba\u015fkan\u0131 Cafer Esendemir, T\u00fcrk Polis Te\u015fkilat\u0131n\u0131n kuruldu\u011fu g\u00fcnden bug\u00fcne kadar vatan\u0131n birli\u011fi ve b\u00f6l\u00fcnmez b\u00fct\u00fcnl\u00fc\u011f\u00fc ile","og_url":"https:\/\/www.mavihaber.com.tr\/?p=1585","og_site_name":"MAV\u0130 HABER","article_publisher":"https:\/\/www.facebook.com\/ceyhan.mavi.142\/","article_published_time":"2022-04-08T10:29:55+00:00","author":"MAV\u0130 HABER","twitter_card":"summary_large_image","twitter_creator":"@ceyhanmavihaber","twitter_site":"@ceyhanmavihaber","twitter_misc":{"Yazan:":"MAV\u0130 HABER","Tahmini okuma s\u00fcresi":"2 dakika"},"schema":{"@context":"https:\/\/schema.org","@graph":[{"@type":"Article","@id":"https:\/\/www.mavihaber.com.tr\/?p=1585#article","isPartOf":{"@id":"https:\/\/www.mavihaber.com.tr\/?p=1585"},"author":{"name":"MAV\u0130 HABER","@id":"https:\/\/www.mavihaber.com.tr\/#\/schema\/person\/6b483c36decdaf2ea80ccc7e00592ec5"},"headline":"\u201cT\u00fcrk Polisi fedakarl\u0131\u011f\u0131n simgesidir\u201d","datePublished":"2022-04-08T10:29:55+00:00","mainEntityOfPage":{"@id":"https:\/\/www.mavihaber.com.tr\/?p=1585"},"wordCount":306,"commentCount":0,"publisher":{"@id":"https:\/\/www.mavihaber.com.tr\/#organization"},"articleSection":["Ekonomi","G\u00fcndem","Siyaset"],"inLanguage":"tr","potentialAction":[{"@type":"CommentAction","name":"Comment","target":["https:\/\/www.mavihaber.com.tr\/?p=1585#respond"]}]},{"@type":"WebPage","@id":"https:\/\/www.mavihaber.com.tr\/?p=1585","url":"https:\/\/www.mavihaber.com.tr\/?p=1585","name":"\u201cT\u00fcrk Polisi fedakarl\u0131\u011f\u0131n simgesidir\u201d - MAV\u0130 HABER","isPartOf":{"@id":"https:\/\/www.mavihaber.com.tr\/#website"},"datePublished":"2022-04-08T10:29:55+00:00","breadcrumb":{"@id":"https:\/\/www.mavihaber.com.tr\/?p=1585#breadcrumb"},"inLanguage":"tr","potentialAction":[{"@type":"ReadAction","target":["https:\/\/www.mavihaber.com.tr\/?p=1585"]}]},{"@type":"BreadcrumbList","@id":"https:\/\/www.mavihaber.com.tr\/?p=1585#breadcrumb","itemListElement":[{"@type":"ListItem","position":1,"name":"Anasayfa","item":"https:\/\/www.mavihaber.com.tr\/"},{"@type":"ListItem","position":2,"name":"\u201cT\u00fcrk Polisi fedakarl\u0131\u011f\u0131n simgesidir\u201d"}]},{"@type":"WebSite","@id":"https:\/\/www.mavihaber.com.tr\/#website","url":"https:\/\/www.mavihaber.com.tr\/","name":"MAV\u0130 HABER","description":"S&Ouml;Z U&Ccedil;AR YAZI KALIR","publisher":{"@id":"https:\/\/www.mavihaber.com.tr\/#organization"},"potentialAction":[{"@type":"SearchAction","target":{"@type":"EntryPoint","urlTemplate":"https:\/\/www.mavihaber.com.tr\/?s={search_term_string}"},"query-input":{"@type":"PropertyValueSpecification","valueRequired":true,"valueName":"search_term_string"}}],"inLanguage":"tr"},{"@type":"Organization","@id":"https:\/\/www.mavihaber.com.tr\/#organization","name":"MAV\u0130 HABER","url":"https:\/\/www.mavihaber.com.tr\/","logo":{"@type":"ImageObject","inLanguage":"tr","@id":"https:\/\/www.mavihaber.com.tr\/#\/schema\/logo\/image\/","url":"http:\/\/www.mavihaber.com.tr\/wp-content\/uploads\/2022\/02\/mavi-logo.png","contentUrl":"http:\/\/www.mavihaber.com.tr\/wp-content\/uploads\/2022\/02\/mavi-logo.png","width":301,"height":81,"caption":"MAV\u0130 HABER"},"image":{"@id":"https:\/\/www.mavihaber.com.tr\/#\/schema\/logo\/image\/"},"sameAs":["https:\/\/www.facebook.com\/ceyhan.mavi.142\/","https:\/\/x.com\/ceyhanmavihaber","https:\/\/www.instagram.com\/ceyhanmavihaber\/","https:\/\/www.youtube.com\/channel\/UCJQ-0-AFgj2GjI269QDUwNw"]},{"@type":"Person","@id":"https:\/\/www.mavihaber.com.tr\/#\/schema\/person\/6b483c36decdaf2ea80ccc7e00592ec5","name":"MAV\u0130 HABER","image":{"@type":"ImageObject","inLanguage":"tr","@id":"https:\/\/secure.gravatar.com\/avatar\/8ec447ff07537b3472bb74c7b4212a4d84d9e722e01a066cab36264a08dd2a23?s=96&d=mm&r=g","url":"https:\/\/secure.gravatar.com\/avatar\/8ec447ff07537b3472bb74c7b4212a4d84d9e722e01a066cab36264a08dd2a23?s=96&d=mm&r=g","contentUrl":"https:\/\/secure.gravatar.com\/avatar\/8ec447ff07537b3472bb74c7b4212a4d84d9e722e01a066cab36264a08dd2a23?s=96&d=mm&r=g","caption":"MAV\u0130 HABER"},"sameAs":["http:\/\/www.mavihaber.com.tr"],"url":"https:\/\/www.mavihaber.com.tr\/?author=1"}]}},"views":326,"_links":{"self":[{"href":"https:\/\/www.mavihaber.com.tr\/index.php?rest_route=\/wp\/v2\/posts\/1585","targetHints":{"allow":["GET"]}}],"collection":[{"href":"https:\/\/www.mavihaber.com.tr\/index.php?rest_route=\/wp\/v2\/posts"}],"about":[{"href":"https:\/\/www.mavihaber.com.tr\/index.php?rest_route=\/wp\/v2\/types\/post"}],"author":[{"embeddable":true,"href":"https:\/\/www.mavihaber.com.tr\/index.php?rest_route=\/wp\/v2\/users\/1"}],"replies":[{"embeddable":true,"href":"https:\/\/www.mavihaber.com.tr\/index.php?rest_route=%2Fwp%2Fv2%2Fcomments&post=1585"}],"version-history":[{"count":1,"href":"https:\/\/www.mavihaber.com.tr\/index.php?rest_route=\/wp\/v2\/posts\/1585\/revisions"}],"predecessor-version":[{"id":1588,"href":"https:\/\/www.mavihaber.com.tr\/index.php?rest_route=\/wp\/v2\/posts\/1585\/revisions\/1588"}],"wp:attachment":[{"href":"https:\/\/www.mavihaber.com.tr\/index.php?rest_route=%2Fwp%2Fv2%2Fmedia&parent=1585"}],"wp:term":[{"taxonomy":"category","embeddable":true,"href":"https:\/\/www.mavihaber.com.tr\/index.php?rest_route=%2Fwp%2Fv2%2Fcategories&post=1585"},{"taxonomy":"post_tag","embeddable":true,"href":"https:\/\/www.mavihaber.com.tr\/index.php?rest_route=%2Fwp%2Fv2%2Ftags&post=1585"}],"curies":[{"name":"wp","href":"https:\/\/api.w.org\/{rel}","templated":true}]}}