{"id":1637,"date":"2022-04-12T12:54:42","date_gmt":"2022-04-12T12:54:42","guid":{"rendered":"http:\/\/www.mavihaber.com.tr\/?p=1637"},"modified":"2022-04-12T12:54:42","modified_gmt":"2022-04-12T12:54:42","slug":"chpli-milletvekillerinden-adana-cagrisi","status":"publish","type":"post","link":"https:\/\/www.mavihaber.com.tr\/?p=1637","title":{"rendered":"CHP\u2019li milletvekillerinden \u2018Adana\u2019 \u00e7a\u011fr\u0131s\u0131\u2026"},"content":{"rendered":"<p>CHP Adana Milletvekilleri, Genel Merkezin \u00f6nerileri do\u011frultusunda kent ekonomisinin kurmaylar\u0131yla bir araya geldi<\/p>\n<p>CHP\u2019li milletvekilleri bo\u015f durmuyor<\/p>\n<p>CHP Adana milletvekilleri ekonominin nabz\u0131n\u0131 tuttu<\/p>\n<p>ADANA \u2013 Cumhuriyet Halk Partisi (CHP) Adana Milletvekilleri Ayhan Barut, Orhan S\u00fcmer, Dr. M\u00fczeyyen \u015eevkin ve Burhanettin Bulut, CHP Genel Ba\u015fkan\u0131 Kemal K\u0131l\u0131\u00e7daro\u011flu\u2019nun \u00f6nerileri do\u011frultusunda kentteki sivil toplum \u00f6rg\u00fctleri, kurum ve kurulu\u015flarla bir araya geliyor, g\u00f6r\u00fc\u015f al\u0131\u015fveri\u015finde bulunuyor. Bu kapsamda odalar, borsa ve organize sanayi b\u00f6lgesinde i\u015f d\u00fcnyas\u0131 temsilcileriyle bulu\u015fan CHP\u2019li milletvekilleri sorunlar\u0131 dinledi, \u00e7\u00f6z\u00fcm \u00f6nerilerini sundu. Ayhan Barut, Orhan S\u00fcmer ve Dr. M\u00fczeyyen \u015eevkin\u2019den olu\u015fan ilk ziyaret serisinde Adana Ticaret Odas\u0131 Ba\u015fkan\u0131 Atila Menev\u015fe, Meclis Ba\u015fkan\u0131 \u0130smail Ac\u0131 ve Y\u00f6netim Kurulu \u00dcyeleri ile yap\u0131lan toplant\u0131da kent ticaretinin nabz\u0131 tutuldu. CHP\u2019li vekiller bu ziyaretin ard\u0131ndan Adana Sanayi Odas\u0131 (ADASO) Ba\u015fkan\u0131 Zeki K\u0131van\u00e7, Meclis Ba\u015fkan\u0131 \u0130srafil U\u00e7urum ve Y\u00f6netim Kurulu \u00dcyeleri ile Adana sanayisini, sorunlar\u0131 ve \u00e7\u00f6z\u00fcm \u00f6nerilerini masaya yat\u0131rd\u0131. Adana Esnaf ve Sanatkarlar Odalar\u0131 Birli\u011fi (AESOB) Ba\u015fkan\u0131 Niyazi G\u00f6ger ve Y\u00f6netim Kurulu \u00dcyeleri ile AESOB\u2019a ba\u011fl\u0131 oda ba\u015fkanlar\u0131yla bir araya gelen Barut, S\u00fcmer ve \u015eevkin, esnaf ve sanatkar\u0131n ya\u015fad\u0131\u011f\u0131 s\u0131k\u0131nt\u0131lar\u0131 bildiklerine i\u015faret etti ve \u00e7\u00f6z\u00fcm\u00fcne talip olduklar\u0131n\u0131 kaydetti. Adana Ticaret Borsas\u0131 (ATB) Ba\u015fkan\u0131 \u015eahin Bilgi\u00e7, Meclis Ba\u015fkan\u0131 Osman Ba\u011f\u0131\u015f ve Y\u00f6netim Kurulu \u00dcyeleri ile de g\u00f6r\u00fc\u015fen CHP\u2019li milletvekilleri, burada tar\u0131m sekt\u00f6r\u00fcn\u00fc ve at\u0131lmas\u0131 gereken ad\u0131mlar\u0131 irdeledi, Borsa Fuayesi\u2019nde a\u00e7\u0131lan ve tar\u0131m foto\u011fraflar\u0131ndan olu\u015fan sergiyi gezdi. M\u0130LLETVEK\u0130LLER\u0130NE \u00c7A\u011eRI\u2026 G\u00fcn\u00fcn sonunda Adana\u2019n\u0131n \u00fcretim, istihdam ve ihracat\u0131na y\u00f6n veren Adana Organize Sanayi B\u00f6lgesi (AOSB) Y\u00f6netim Kurulu Ba\u015fkan\u0131 Bekir S\u00fctc\u00fc ve Y\u00f6netim Kurulu \u00dcyeleri ile kent ekonomisinin bug\u00fcn\u00fcn\u00fc ve gelece\u011fini g\u00f6r\u00fc\u015fen CHP heyeti, Adana\u2019n\u0131n ve \u00fclkenin geli\u015fimine katk\u0131 koymak i\u00e7in t\u00fcm kesimlerle g\u00f6r\u00fc\u015f al\u0131\u015fveri\u015finde bulunduklar\u0131n\u0131 vurgulad\u0131. CHP\u2019li milletvekilleri, t\u00fcm siyasi partilere mensup milletvekillerine \u00e7a\u011fr\u0131da bulunarak, Adana i\u00e7in ayn\u0131 masa etraf\u0131nda toplan\u0131labilmesinin \u00f6nemine dikkat \u00e7ekti. CHP Adana Milletvekilleri Ayhan Barut, Orhan S\u00fcmer, Dr. M\u00fczeyyen \u015eevkin ve Burhanettin Bulut, kentteki ortak \u00e7al\u0131\u015fma ziyaretlerini s\u00fcrd\u00fcrecek.<\/p>\n<p><img loading=\"lazy\" decoding=\"async\" class=\"alignnone size-medium wp-image-1639\" src=\"http:\/\/www.mavihaber.com.tr\/wp-content\/uploads\/2022\/04\/chp-milletvekilleri-6-300x225.jpg\" alt=\"\" width=\"300\" height=\"225\" \/><img loading=\"lazy\" decoding=\"async\" class=\"alignnone  wp-image-1640\" src=\"http:\/\/www.mavihaber.com.tr\/wp-content\/uploads\/2022\/04\/chp-milletvekilleri-5-300x200.jpg\" alt=\"\" width=\"336\" height=\"224\" \/><\/p>\n","protected":false},"excerpt":{"rendered":"<p>CHP Adana Milletvekilleri, Genel Merkezin \u00f6nerileri do\u011frultusunda kent ekonomisinin kurmaylar\u0131yla bir araya geldi CHP\u2019li milletvekilleri bo\u015f durmuyor CHP Adana milletvekilleri<\/p>\n","protected":false},"author":1,"featured_media":0,"comment_status":"open","ping_status":"open","sticky":false,"template":"","format":"standard","meta":{"footnotes":""},"categories":[13],"tags":[],"class_list":["post-1637","post","type-post","status-publish","format-standard","hentry","category-siyaset"],"yoast_head":"<!-- This site is optimized with the Yoast SEO plugin v28.2 - https:\/\/yoast.com\/product\/yoast-seo-wordpress\/ -->\n<title>CHP\u2019li milletvekillerinden \u2018Adana\u2019 \u00e7a\u011fr\u0131s\u0131\u2026 - MAV\u0130 HABER<\/title>\n<meta name=\"robots\" content=\"index, follow, max-snippet:-1, max-image-preview:large, max-video-preview:-1\" \/>\n<link rel=\"canonical\" href=\"https:\/\/www.mavihaber.com.tr\/?p=1637\" \/>\n<meta property=\"og:locale\" content=\"tr_TR\" \/>\n<meta property=\"og:type\" content=\"article\" \/>\n<meta property=\"og:title\" content=\"CHP\u2019li milletvekillerinden \u2018Adana\u2019 \u00e7a\u011fr\u0131s\u0131\u2026 - MAV\u0130 HABER\" \/>\n<meta property=\"og:description\" content=\"CHP Adana Milletvekilleri, Genel Merkezin \u00f6nerileri do\u011frultusunda kent ekonomisinin kurmaylar\u0131yla bir araya geldi CHP\u2019li milletvekilleri bo\u015f durmuyor CHP Adana milletvekilleri\" \/>\n<meta property=\"og:url\" content=\"https:\/\/www.mavihaber.com.tr\/?p=1637\" \/>\n<meta property=\"og:site_name\" content=\"MAV\u0130 HABER\" \/>\n<meta property=\"article:publisher\" content=\"https:\/\/www.facebook.com\/ceyhan.mavi.142\/\" \/>\n<meta property=\"article:published_time\" content=\"2022-04-12T12:54:42+00:00\" \/>\n<meta name=\"author\" content=\"MAV\u0130 HABER\" \/>\n<meta name=\"twitter:card\" content=\"summary_large_image\" \/>\n<meta name=\"twitter:creator\" content=\"@ceyhanmavihaber\" \/>\n<meta name=\"twitter:site\" content=\"@ceyhanmavihaber\" \/>\n<meta name=\"twitter:label1\" content=\"Yazan:\" \/>\n\t<meta name=\"twitter:data1\" content=\"MAV\u0130 HABER\" \/>\n\t<meta name=\"twitter:label2\" content=\"Tahmini okuma s\u00fcresi\" \/>\n\t<meta name=\"twitter:data2\" content=\"3 dakika\" \/>\n<script type=\"application\/ld+json\" class=\"yoast-schema-graph\">{\"@context\":\"https:\\\/\\\/schema.org\",\"@graph\":[{\"@type\":\"Article\",\"@id\":\"https:\\\/\\\/www.mavihaber.com.tr\\\/?p=1637#article\",\"isPartOf\":{\"@id\":\"https:\\\/\\\/www.mavihaber.com.tr\\\/?p=1637\"},\"author\":{\"name\":\"MAV\u0130 HABER\",\"@id\":\"https:\\\/\\\/www.mavihaber.com.tr\\\/#\\\/schema\\\/person\\\/6b483c36decdaf2ea80ccc7e00592ec5\"},\"headline\":\"CHP\u2019li milletvekillerinden \u2018Adana\u2019 \u00e7a\u011fr\u0131s\u0131\u2026\",\"datePublished\":\"2022-04-12T12:54:42+00:00\",\"mainEntityOfPage\":{\"@id\":\"https:\\\/\\\/www.mavihaber.com.tr\\\/?p=1637\"},\"wordCount\":424,\"commentCount\":0,\"publisher\":{\"@id\":\"https:\\\/\\\/www.mavihaber.com.tr\\\/#organization\"},\"image\":{\"@id\":\"https:\\\/\\\/www.mavihaber.com.tr\\\/?p=1637#primaryimage\"},\"thumbnailUrl\":\"http:\\\/\\\/www.mavihaber.com.tr\\\/wp-content\\\/uploads\\\/2022\\\/04\\\/chp-milletvekilleri-6-300x225.jpg\",\"articleSection\":[\"Siyaset\"],\"inLanguage\":\"tr\",\"potentialAction\":[{\"@type\":\"CommentAction\",\"name\":\"Comment\",\"target\":[\"https:\\\/\\\/www.mavihaber.com.tr\\\/?p=1637#respond\"]}]},{\"@type\":\"WebPage\",\"@id\":\"https:\\\/\\\/www.mavihaber.com.tr\\\/?p=1637\",\"url\":\"https:\\\/\\\/www.mavihaber.com.tr\\\/?p=1637\",\"name\":\"CHP\u2019li milletvekillerinden \u2018Adana\u2019 \u00e7a\u011fr\u0131s\u0131\u2026 - MAV\u0130 HABER\",\"isPartOf\":{\"@id\":\"https:\\\/\\\/www.mavihaber.com.tr\\\/#website\"},\"primaryImageOfPage\":{\"@id\":\"https:\\\/\\\/www.mavihaber.com.tr\\\/?p=1637#primaryimage\"},\"image\":{\"@id\":\"https:\\\/\\\/www.mavihaber.com.tr\\\/?p=1637#primaryimage\"},\"thumbnailUrl\":\"http:\\\/\\\/www.mavihaber.com.tr\\\/wp-content\\\/uploads\\\/2022\\\/04\\\/chp-milletvekilleri-6-300x225.jpg\",\"datePublished\":\"2022-04-12T12:54:42+00:00\",\"breadcrumb\":{\"@id\":\"https:\\\/\\\/www.mavihaber.com.tr\\\/?p=1637#breadcrumb\"},\"inLanguage\":\"tr\",\"potentialAction\":[{\"@type\":\"ReadAction\",\"target\":[\"https:\\\/\\\/www.mavihaber.com.tr\\\/?p=1637\"]}]},{\"@type\":\"ImageObject\",\"inLanguage\":\"tr\",\"@id\":\"https:\\\/\\\/www.mavihaber.com.tr\\\/?p=1637#primaryimage\",\"url\":\"\",\"contentUrl\":\"\"},{\"@type\":\"BreadcrumbList\",\"@id\":\"https:\\\/\\\/www.mavihaber.com.tr\\\/?p=1637#breadcrumb\",\"itemListElement\":[{\"@type\":\"ListItem\",\"position\":1,\"name\":\"Anasayfa\",\"item\":\"https:\\\/\\\/www.mavihaber.com.tr\\\/\"},{\"@type\":\"ListItem\",\"position\":2,\"name\":\"CHP\u2019li milletvekillerinden \u2018Adana\u2019 \u00e7a\u011fr\u0131s\u0131\u2026\"}]},{\"@type\":\"WebSite\",\"@id\":\"https:\\\/\\\/www.mavihaber.com.tr\\\/#website\",\"url\":\"https:\\\/\\\/www.mavihaber.com.tr\\\/\",\"name\":\"MAV\u0130 HABER\",\"description\":\"S&Ouml;Z U&Ccedil;AR YAZI KALIR\",\"publisher\":{\"@id\":\"https:\\\/\\\/www.mavihaber.com.tr\\\/#organization\"},\"potentialAction\":[{\"@type\":\"SearchAction\",\"target\":{\"@type\":\"EntryPoint\",\"urlTemplate\":\"https:\\\/\\\/www.mavihaber.com.tr\\\/?s={search_term_string}\"},\"query-input\":{\"@type\":\"PropertyValueSpecification\",\"valueRequired\":true,\"valueName\":\"search_term_string\"}}],\"inLanguage\":\"tr\"},{\"@type\":\"Organization\",\"@id\":\"https:\\\/\\\/www.mavihaber.com.tr\\\/#organization\",\"name\":\"MAV\u0130 HABER\",\"url\":\"https:\\\/\\\/www.mavihaber.com.tr\\\/\",\"logo\":{\"@type\":\"ImageObject\",\"inLanguage\":\"tr\",\"@id\":\"https:\\\/\\\/www.mavihaber.com.tr\\\/#\\\/schema\\\/logo\\\/image\\\/\",\"url\":\"http:\\\/\\\/www.mavihaber.com.tr\\\/wp-content\\\/uploads\\\/2022\\\/02\\\/mavi-logo.png\",\"contentUrl\":\"http:\\\/\\\/www.mavihaber.com.tr\\\/wp-content\\\/uploads\\\/2022\\\/02\\\/mavi-logo.png\",\"width\":301,\"height\":81,\"caption\":\"MAV\u0130 HABER\"},\"image\":{\"@id\":\"https:\\\/\\\/www.mavihaber.com.tr\\\/#\\\/schema\\\/logo\\\/image\\\/\"},\"sameAs\":[\"https:\\\/\\\/www.facebook.com\\\/ceyhan.mavi.142\\\/\",\"https:\\\/\\\/x.com\\\/ceyhanmavihaber\",\"https:\\\/\\\/www.instagram.com\\\/ceyhanmavihaber\\\/\",\"https:\\\/\\\/www.youtube.com\\\/channel\\\/UCJQ-0-AFgj2GjI269QDUwNw\"]},{\"@type\":\"Person\",\"@id\":\"https:\\\/\\\/www.mavihaber.com.tr\\\/#\\\/schema\\\/person\\\/6b483c36decdaf2ea80ccc7e00592ec5\",\"name\":\"MAV\u0130 HABER\",\"image\":{\"@type\":\"ImageObject\",\"inLanguage\":\"tr\",\"@id\":\"https:\\\/\\\/secure.gravatar.com\\\/avatar\\\/8ec447ff07537b3472bb74c7b4212a4d84d9e722e01a066cab36264a08dd2a23?s=96&d=mm&r=g\",\"url\":\"https:\\\/\\\/secure.gravatar.com\\\/avatar\\\/8ec447ff07537b3472bb74c7b4212a4d84d9e722e01a066cab36264a08dd2a23?s=96&d=mm&r=g\",\"contentUrl\":\"https:\\\/\\\/secure.gravatar.com\\\/avatar\\\/8ec447ff07537b3472bb74c7b4212a4d84d9e722e01a066cab36264a08dd2a23?s=96&d=mm&r=g\",\"caption\":\"MAV\u0130 HABER\"},\"sameAs\":[\"http:\\\/\\\/www.mavihaber.com.tr\"],\"url\":\"https:\\\/\\\/www.mavihaber.com.tr\\\/?author=1\"}]}<\/script>\n<!-- \/ Yoast SEO plugin. -->","yoast_head_json":{"title":"CHP\u2019li milletvekillerinden \u2018Adana\u2019 \u00e7a\u011fr\u0131s\u0131\u2026 - MAV\u0130 HABER","robots":{"index":"index","follow":"follow","max-snippet":"max-snippet:-1","max-image-preview":"max-image-preview:large","max-video-preview":"max-video-preview:-1"},"canonical":"https:\/\/www.mavihaber.com.tr\/?p=1637","og_locale":"tr_TR","og_type":"article","og_title":"CHP\u2019li milletvekillerinden \u2018Adana\u2019 \u00e7a\u011fr\u0131s\u0131\u2026 - MAV\u0130 HABER","og_description":"CHP Adana Milletvekilleri, Genel Merkezin \u00f6nerileri do\u011frultusunda kent ekonomisinin kurmaylar\u0131yla bir araya geldi CHP\u2019li milletvekilleri bo\u015f durmuyor CHP Adana milletvekilleri","og_url":"https:\/\/www.mavihaber.com.tr\/?p=1637","og_site_name":"MAV\u0130 HABER","article_publisher":"https:\/\/www.facebook.com\/ceyhan.mavi.142\/","article_published_time":"2022-04-12T12:54:42+00:00","author":"MAV\u0130 HABER","twitter_card":"summary_large_image","twitter_creator":"@ceyhanmavihaber","twitter_site":"@ceyhanmavihaber","twitter_misc":{"Yazan:":"MAV\u0130 HABER","Tahmini okuma s\u00fcresi":"3 dakika"},"schema":{"@context":"https:\/\/schema.org","@graph":[{"@type":"Article","@id":"https:\/\/www.mavihaber.com.tr\/?p=1637#article","isPartOf":{"@id":"https:\/\/www.mavihaber.com.tr\/?p=1637"},"author":{"name":"MAV\u0130 HABER","@id":"https:\/\/www.mavihaber.com.tr\/#\/schema\/person\/6b483c36decdaf2ea80ccc7e00592ec5"},"headline":"CHP\u2019li milletvekillerinden \u2018Adana\u2019 \u00e7a\u011fr\u0131s\u0131\u2026","datePublished":"2022-04-12T12:54:42+00:00","mainEntityOfPage":{"@id":"https:\/\/www.mavihaber.com.tr\/?p=1637"},"wordCount":424,"commentCount":0,"publisher":{"@id":"https:\/\/www.mavihaber.com.tr\/#organization"},"image":{"@id":"https:\/\/www.mavihaber.com.tr\/?p=1637#primaryimage"},"thumbnailUrl":"http:\/\/www.mavihaber.com.tr\/wp-content\/uploads\/2022\/04\/chp-milletvekilleri-6-300x225.jpg","articleSection":["Siyaset"],"inLanguage":"tr","potentialAction":[{"@type":"CommentAction","name":"Comment","target":["https:\/\/www.mavihaber.com.tr\/?p=1637#respond"]}]},{"@type":"WebPage","@id":"https:\/\/www.mavihaber.com.tr\/?p=1637","url":"https:\/\/www.mavihaber.com.tr\/?p=1637","name":"CHP\u2019li milletvekillerinden \u2018Adana\u2019 \u00e7a\u011fr\u0131s\u0131\u2026 - MAV\u0130 HABER","isPartOf":{"@id":"https:\/\/www.mavihaber.com.tr\/#website"},"primaryImageOfPage":{"@id":"https:\/\/www.mavihaber.com.tr\/?p=1637#primaryimage"},"image":{"@id":"https:\/\/www.mavihaber.com.tr\/?p=1637#primaryimage"},"thumbnailUrl":"http:\/\/www.mavihaber.com.tr\/wp-content\/uploads\/2022\/04\/chp-milletvekilleri-6-300x225.jpg","datePublished":"2022-04-12T12:54:42+00:00","breadcrumb":{"@id":"https:\/\/www.mavihaber.com.tr\/?p=1637#breadcrumb"},"inLanguage":"tr","potentialAction":[{"@type":"ReadAction","target":["https:\/\/www.mavihaber.com.tr\/?p=1637"]}]},{"@type":"ImageObject","inLanguage":"tr","@id":"https:\/\/www.mavihaber.com.tr\/?p=1637#primaryimage","url":"","contentUrl":""},{"@type":"BreadcrumbList","@id":"https:\/\/www.mavihaber.com.tr\/?p=1637#breadcrumb","itemListElement":[{"@type":"ListItem","position":1,"name":"Anasayfa","item":"https:\/\/www.mavihaber.com.tr\/"},{"@type":"ListItem","position":2,"name":"CHP\u2019li milletvekillerinden \u2018Adana\u2019 \u00e7a\u011fr\u0131s\u0131\u2026"}]},{"@type":"WebSite","@id":"https:\/\/www.mavihaber.com.tr\/#website","url":"https:\/\/www.mavihaber.com.tr\/","name":"MAV\u0130 HABER","description":"S&Ouml;Z U&Ccedil;AR YAZI KALIR","publisher":{"@id":"https:\/\/www.mavihaber.com.tr\/#organization"},"potentialAction":[{"@type":"SearchAction","target":{"@type":"EntryPoint","urlTemplate":"https:\/\/www.mavihaber.com.tr\/?s={search_term_string}"},"query-input":{"@type":"PropertyValueSpecification","valueRequired":true,"valueName":"search_term_string"}}],"inLanguage":"tr"},{"@type":"Organization","@id":"https:\/\/www.mavihaber.com.tr\/#organization","name":"MAV\u0130 HABER","url":"https:\/\/www.mavihaber.com.tr\/","logo":{"@type":"ImageObject","inLanguage":"tr","@id":"https:\/\/www.mavihaber.com.tr\/#\/schema\/logo\/image\/","url":"http:\/\/www.mavihaber.com.tr\/wp-content\/uploads\/2022\/02\/mavi-logo.png","contentUrl":"http:\/\/www.mavihaber.com.tr\/wp-content\/uploads\/2022\/02\/mavi-logo.png","width":301,"height":81,"caption":"MAV\u0130 HABER"},"image":{"@id":"https:\/\/www.mavihaber.com.tr\/#\/schema\/logo\/image\/"},"sameAs":["https:\/\/www.facebook.com\/ceyhan.mavi.142\/","https:\/\/x.com\/ceyhanmavihaber","https:\/\/www.instagram.com\/ceyhanmavihaber\/","https:\/\/www.youtube.com\/channel\/UCJQ-0-AFgj2GjI269QDUwNw"]},{"@type":"Person","@id":"https:\/\/www.mavihaber.com.tr\/#\/schema\/person\/6b483c36decdaf2ea80ccc7e00592ec5","name":"MAV\u0130 HABER","image":{"@type":"ImageObject","inLanguage":"tr","@id":"https:\/\/secure.gravatar.com\/avatar\/8ec447ff07537b3472bb74c7b4212a4d84d9e722e01a066cab36264a08dd2a23?s=96&d=mm&r=g","url":"https:\/\/secure.gravatar.com\/avatar\/8ec447ff07537b3472bb74c7b4212a4d84d9e722e01a066cab36264a08dd2a23?s=96&d=mm&r=g","contentUrl":"https:\/\/secure.gravatar.com\/avatar\/8ec447ff07537b3472bb74c7b4212a4d84d9e722e01a066cab36264a08dd2a23?s=96&d=mm&r=g","caption":"MAV\u0130 HABER"},"sameAs":["http:\/\/www.mavihaber.com.tr"],"url":"https:\/\/www.mavihaber.com.tr\/?author=1"}]}},"views":299,"_links":{"self":[{"href":"https:\/\/www.mavihaber.com.tr\/index.php?rest_route=\/wp\/v2\/posts\/1637","targetHints":{"allow":["GET"]}}],"collection":[{"href":"https:\/\/www.mavihaber.com.tr\/index.php?rest_route=\/wp\/v2\/posts"}],"about":[{"href":"https:\/\/www.mavihaber.com.tr\/index.php?rest_route=\/wp\/v2\/types\/post"}],"author":[{"embeddable":true,"href":"https:\/\/www.mavihaber.com.tr\/index.php?rest_route=\/wp\/v2\/users\/1"}],"replies":[{"embeddable":true,"href":"https:\/\/www.mavihaber.com.tr\/index.php?rest_route=%2Fwp%2Fv2%2Fcomments&post=1637"}],"version-history":[{"count":1,"href":"https:\/\/www.mavihaber.com.tr\/index.php?rest_route=\/wp\/v2\/posts\/1637\/revisions"}],"predecessor-version":[{"id":1642,"href":"https:\/\/www.mavihaber.com.tr\/index.php?rest_route=\/wp\/v2\/posts\/1637\/revisions\/1642"}],"wp:attachment":[{"href":"https:\/\/www.mavihaber.com.tr\/index.php?rest_route=%2Fwp%2Fv2%2Fmedia&parent=1637"}],"wp:term":[{"taxonomy":"category","embeddable":true,"href":"https:\/\/www.mavihaber.com.tr\/index.php?rest_route=%2Fwp%2Fv2%2Fcategories&post=1637"},{"taxonomy":"post_tag","embeddable":true,"href":"https:\/\/www.mavihaber.com.tr\/index.php?rest_route=%2Fwp%2Fv2%2Ftags&post=1637"}],"curies":[{"name":"wp","href":"https:\/\/api.w.org\/{rel}","templated":true}]}}