{"id":1694,"date":"2022-04-15T10:46:18","date_gmt":"2022-04-15T10:46:18","guid":{"rendered":"http:\/\/www.mavihaber.com.tr\/?p=1694"},"modified":"2022-04-15T10:46:18","modified_gmt":"2022-04-15T10:46:18","slug":"cgc-47-yasini-kutladi","status":"publish","type":"post","link":"https:\/\/www.mavihaber.com.tr\/?p=1694","title":{"rendered":"\u00c7GC 47.ya\u015f\u0131n\u0131 kutlad\u0131"},"content":{"rendered":"<p>\u00c7ukurova Gazeteciler Cemiyeti Ba\u015fkan\u0131, Y\u00f6netim Kurulu \u00fcyeleri, TSYD Adana \u015eube Ba\u015fkan\u0131 ve gazeteciler, Atat\u00fcrk An\u0131t\u0131 ve Bas\u0131n An\u0131t\u0131\u2019na \u00e7elenk koydu<\/p>\n<p>\u00c7ukurova Gazeteciler Cemiyeti\u2019nin 47.kurulu\u015f y\u0131ld\u00f6n\u00fcm\u00fc kutland\u0131. \u0130lk olarak Atat\u00fcrk An\u0131t\u0131\u2019nda yap\u0131lan t\u00f6rende; ba\u015fta Cumhuriyetimizin kurucusu, B\u00fcy\u00fck \u00d6nder Mustafa Kemal Atat\u00fcrk, Silah Arkada\u015flar\u0131 ve T\u00fcm \u015eehitler i\u00e7in 1 dakikal\u0131k sayg\u0131 duru\u015funda bulunuldu. Daha sonra \u00c7GC Ba\u015fkan\u0131 Cafer Esendemir, Ba\u015fkan Yard\u0131mc\u0131s\u0131 Yasemin Atasoy, Y\u00f6netim Kurulu \u00dcyesi Jale Kara\u015fahino\u011flu ile TSYD Adana \u015eube Ba\u015fkan\u0131 Kerim Ho\u015ffikirer ve kad\u0131n gazeteciler an\u0131ta \u00e7elenk koydu.<\/p>\n<p>Kat\u0131l\u0131mc\u0131lar daha sonra Bas\u0131n An\u0131t\u0131\u2019na ge\u00e7ti. Burada da 1 dakikal\u0131k sayg\u0131 duru\u015funun ard\u0131ndan, \u00c7GC Ba\u015fkan\u0131 Cafer Esendemir; g\u00fcn\u00fcn anlam ve \u00f6nemini belirten bas\u0131n a\u00e7\u0131klamas\u0131n\u0131 yapt\u0131.<\/p>\n<p>\u201c\u00c7ukurova Gazeteciler Cemiyeti\u2019nin 47.kurulu\u015f y\u0131ld\u00f6n\u00fcm\u00fcne kavu\u015fmaktan ve bu sevincimizi payla\u015fmaktan b\u00fcy\u00fck onur duyuyoruz\u201ddedi.<\/p>\n<p>Ba\u015fkan Esendemir; koronavir\u00fcs salg\u0131n\u0131ndan dolay\u0131 \u00e7ok zor ve sorunlu bir y\u0131l\u0131 geride b\u0131rakt\u0131klar\u0131n\u0131 belirterek;<\/p>\n<p>\u201cBuna ra\u011fmen b\u00fcy\u00fck bir dayan\u0131\u015fma i\u00e7erisinde; el ele vererek, kenetlenip Cemiyetimizi daha da ileriye ta\u015f\u0131man\u0131n gayreti i\u00e7erisinde olduk. \u00c7ukurova Gazeteciler Cemiyeti\u2019ni muhte\u015fem bir sosyal tesise kavu\u015fturduk. Bu tesis; T\u00fcrkiye\u2019nin en sayg\u0131n bas\u0131n kurulu\u015flar\u0131 aras\u0131nda bulunan Cemiyetimize renk katt\u0131.<\/p>\n<p>Cemiyetimizi daha iyi \u015fartlara ta\u015f\u0131rken; meslekta\u015flar\u0131m\u0131z\u0131n ya\u015fad\u0131\u011f\u0131 sorunlarla da yak\u0131ndan ilgilendik. Onlar\u0131 hi\u00e7bir zaman yaln\u0131z b\u0131rakmad\u0131k. Bundan sonra da daha de\u011ferli ve kaliteli \u00e7al\u0131\u015fmalar yapan bir Cemiyet olarak olarak \u00e7al\u0131\u015fmalar\u0131m\u0131za ara vermeden devam edece\u011fiz.<\/p>\n<p>\u00c7GC 15 Nisan 1975 tarihinde merhum \u00c7oban Yurt\u00e7u ba\u015fkanl\u0131\u011f\u0131nda kuruldu.<\/p>\n<p>Bug\u00fcne kadar Erdo\u011fan Varol, Kurtar \u00c7ak\u0131n, \u00c7etin Yi\u011feno\u011flu ve Tamer \u00dcnal ba\u015fkanl\u0131k g\u00f6revi yapt\u0131.<\/p>\n<p>Huzurunuzda merhum \u00c7oban Yurt\u00e7u ba\u015fta olmak \u00fczere Cemiyetimize b\u00fcy\u00fck emekleri ge\u00e7en hayatlar\u0131n\u0131 kaybeden \u00fcyelerimizi sayg\u0131 ve rahmet, di\u011fer a\u011fabeylerimizi de \u015f\u00fckranla an\u0131yor ve te\u015fekk\u00fcr ediyoruz.<\/p>\n<p>Biliyorsunuz d\u00fcnyada milyonlarca, \u00fclkemizde de onbinlerce insan\u0131m\u0131z\u0131, yak\u0131n\u0131m\u0131z\u0131, sevdiklerimizi, dostlar\u0131m\u0131z\u0131 kaybettik. Ac\u0131 ve s\u0131k\u0131nt\u0131 veren haberler y\u00fcz\u00fcnden sosyal medyay\u0131 bile kullanamaz hale geldik.<\/p>\n<p>Buna ra\u011fmen her ac\u0131dan ve kederden kenetlenerek \u00e7\u0131kt\u0131k. \u0130yi g\u00fcnde-k\u00f6t\u00fc g\u00fcnde, hastal\u0131kta ve sa\u011fl\u0131kta, omuz omuza vererek, ya\u015fad\u0131\u011f\u0131m\u0131z bu zor g\u00fcnleri de a\u015faca\u011f\u0131m\u0131za inan\u0131yorum.<\/p>\n<p>T\u00fcrk Ceza Kanunu\u2019ndan kaynaklanan sorumluluklardan dolay\u0131 gazeteciler bazen \u00e7ok zor \u015fartlar alt\u0131nda g\u00f6rev yaparken, sans\u00fcr nitel\u011finde uygulamalarla kar\u015f\u0131 kar\u015f\u0131ya kal\u0131yor.<\/p>\n<p>Avrupa ve daha ileri \u00fclkeler \u00f6zg\u00fcrl\u00fckleri geli\u015ftirirken, \u00fclkemizdeki bu k\u0131s\u0131tlamalar\u0131 g\u00f6rmek, demokrasimiz hakk\u0131nda s\u00f6ylenenlerle \u00e7eli\u015fiyor.<\/p>\n<p>\u00c7ukurova Gazeteciler Cemiyeti; ba\u011f\u0131ms\u0131zl\u0131\u011f\u0131n ve \u00f6zg\u00fcrl\u00fc\u011f\u00fcn sembol\u00fc olarak T\u00fcrkiye\u2019de ya\u015fanan bask\u0131 ve sans\u00fcr uygulamalar\u0131n\u0131n sona ermesini isterken, bu i\u015fi eme\u011fi ve al\u0131n teriyle yapanlara da sahip \u00e7\u0131k\u0131lmas\u0131n\u0131 diliyoruz.<\/p>\n<p>Bizleri yaln\u0131z b\u0131rakmad\u0131\u011f\u0131n\u0131z i\u00e7in var olun. Daha nice 47.y\u0131llarda bulu\u015fmak dile\u011fiyle, hepinize te\u015fekk\u00fcr ediyorum\u2026<\/p>\n<p>Bu arada; T\u00fcrkiye Spor Yazarlar\u0131 Derne\u011fi\u2019nin de 59.kurulu\u015f y\u0131ld\u00f6n\u00fcm\u00fcn\u00fc kutluyor, yeni se\u00e7ilen TSYD Adana \u015eube Ba\u015fkan\u0131 O\u011fuz Kerim Ho\u015ffikirer\u2019e de yeni g\u00f6revinde ba\u015far\u0131lar diliyorum\u201ddedi.<\/p>\n<p>Sar\u0131\u00e7am Belediye Ba\u015fkan\u0131 Bilal Uluda\u011f ile Bas\u0131n Yay\u0131n Daire Ba\u015fkan\u0131 \u015e\u00fckr\u00fc Gedik; Ba\u015fkan Cafer Esendemir\u2019i arayarak \u00c7GC\u2019nin 47.kurulu\u015f y\u0131ld\u00f6n\u00fcm\u00fcn\u00fc kutlay\u0131p, \u00e7i\u00e7ek g\u00f6nderdi.<\/p>\n<p>Adana Emniyet M\u00fcd\u00fcr\u00fc Do\u011fan \u0130nci de Ba\u015fkan Esendemir\u2019e telefonla arayarak, \u00c7ukurova Gazeteciler Cemiyeti\u2019nin 47.kurulu\u015f y\u0131ld\u00f6n\u00fcm\u00fcn\u00fc kutlad\u0131.<\/p>\n<p>Etkinliklere, TGS ad\u0131na TGS Disiplin Kurulu Ba\u015fkan\u0131 Serdar Ak\u0131n da kat\u0131ld\u0131.<\/p>\n<p>\u00c7GC K\u00fclt\u00fcr ve Sosyal Tesisleri\u2019ne gelen Malatya Gazeteciler Cemiyeti Ba\u015fkan\u0131 Vahap G\u00fcner de, Ba\u015fkan Cafer Esendemir\u2019in \u015fahs\u0131nda \u00c7ukuroval\u0131 gazetecileri kutlad\u0131.<\/p>\n<p>G\u00fcner; \u201cMalatya Gazeteciler Cemiyeti\u2019ni 1989 y\u0131l\u0131nda kurarken, Cemiyetimizin t\u00fcz\u00fc\u011f\u00fcn\u00fc \u00c7GC\u2019den ald\u0131k. Cafer Bey o d\u00f6nemde \u00e7ok yard\u0131mc\u0131 oldu. Sonras\u0131nda konut projesinde de \u00c7GC\u2019yi \u00f6rnek ald\u0131k. Ayn\u0131 protokolle 440 ki\u015fiyi ev sahibi yapt\u0131k. \u015eimdi de TSYD \u015eubesi\u2019ni \u00f6rnek alarak TSYD Malatya \u015eubesi\u2019ni a\u00e7aca\u011f\u0131z. Bu nedenle \u00c7GC ile yol arkada\u015fl\u0131\u011f\u0131m\u0131z devam ediyor. Bu vesileyle 47.kurulu\u015f y\u0131ld\u00f6n\u00fcm\u00fc kutluyor, \u2018nice 47 y\u0131llara\u2019 temennisinde bulunuyoruz\u201d dedi.<\/p>\n<p>VAL\u0130 ELBAN\u2019DAN KUTLAMA MESAJI<\/p>\n<p>\u00c7ukurova Gazeteciler Cemiyeti\u2019nin 47.Kurulu\u015f Y\u0131ld\u00f6n\u00fcm\u00fc nedeniyle kutlama mesaj\u0131 ge\u00e7en Adana Valisi Dr.S\u00fcleyman Elban; mesaj\u0131nda \u015fu g\u00f6r\u00fc\u015flere yer verdi:<\/p>\n<p>\u201cKuruldu\u011fu g\u00fcn itibar\u0131yla ger\u00e7ekle\u015ftirdi\u011fi faaliyetlerle kamu yarar\u0131n\u0131 g\u00f6zeten, ilimizin geli\u015fimine ve tan\u0131t\u0131m\u0131na katk\u0131 sa\u011flayan, ilimizin bas\u0131n mensuplar\u0131n\u0131 ayn\u0131 \u00e7at\u0131 alt\u0131nda toplayarak bir\u00e7ok \u00f6nemli \u00e7al\u0131\u015fmay\u0131 ger\u00e7ekle\u015ftiren \u00c7ukurova Gazeteciler Cemiyeti\u2019miz bug\u00fcn 47 ya\u015f\u0131nda.<\/p>\n<p>Kamuoyunu ayd\u0131nlatmak amac\u0131yla meydana gelen t\u00fcm hadiseleri g\u00fcvenilir, tarafs\u0131z, h\u0131zl\u0131 bir \u015fekilde ve habercilik eti\u011fine uygun olarak duyuran ve ger\u00e7ekle\u015ftirdikleri \u00e7al\u0131\u015fmalarla toplumumuza \u0131\u015f\u0131k tutan, yol g\u00f6steren bas\u0131n kurulu\u015flar\u0131; sars\u0131lmaz demokrasimizin temel yap\u0131 ta\u015flar\u0131ndan biridir.<\/p>\n<p>Kentimizin ihtiya\u00e7lar\u0131n\u0131n ve sorunlar\u0131n\u0131n objektif bir \u015fekilde tespit edilip eksikliklerin giderilmesi amac\u0131yla yap\u0131lan \u00e7al\u0131\u015fmalara katk\u0131da bulunan Cemiyetimiz; ilimizin mevcut medya kurulu\u015flar\u0131n\u0131n \u00e7al\u0131\u015fmalar\u0131n\u0131 bas\u0131n eti\u011fine uygun, d\u00fcr\u00fcst ve ilkeli bir \u015fekilde y\u00fcr\u00fctebilmeleri, gazetecilik mesle\u011fini daha iyi \u015fartlar alt\u0131nda ger\u00e7ekle\u015ftirebilmeleri i\u00e7in ge\u00e7mi\u015ften g\u00fcn\u00fcm\u00fcze yo\u011fun bir \u00e7aba sarf etmektedir.<\/p>\n<p>47 y\u0131ld\u0131r de\u011fi\u015fmeyen bir anlay\u0131\u015fla hizmet veren \u00c7ukurova Gazeteciler Cemiyeti\u2019mizin kurulu\u015f y\u0131l d\u00f6n\u00fcm\u00fcn\u00fc kutluyor, Cemiyetin \u00fcyelerine \u00e7al\u0131\u015fmalar\u0131nda ba\u015far\u0131lar diliyorum.\u201d<\/p>\n<p><img loading=\"lazy\" decoding=\"async\" class=\"alignnone size-medium wp-image-1695\" src=\"http:\/\/www.mavihaber.com.tr\/wp-content\/uploads\/2022\/04\/Basin-O\u0308zgu\u0308rlu\u0308g\u0306u\u0308-mes\u0327alesi-yakildi-300x169.jpg\" alt=\"\" width=\"300\" height=\"169\" \/>\u00a0 \u00a0 <img loading=\"lazy\" decoding=\"async\" class=\"alignnone  wp-image-1696\" src=\"http:\/\/www.mavihaber.com.tr\/wp-content\/uploads\/2022\/04\/Basin-Anitinda-to\u0308ren-yapildi-300x135.jpg\" alt=\"\" width=\"366\" height=\"165\" \/><\/p>\n","protected":false},"excerpt":{"rendered":"<p>\u00c7ukurova Gazeteciler Cemiyeti Ba\u015fkan\u0131, Y\u00f6netim Kurulu \u00fcyeleri, TSYD Adana \u015eube Ba\u015fkan\u0131 ve gazeteciler, Atat\u00fcrk An\u0131t\u0131 ve Bas\u0131n An\u0131t\u0131\u2019na \u00e7elenk koydu<\/p>\n","protected":false},"author":1,"featured_media":0,"comment_status":"open","ping_status":"open","sticky":false,"template":"","format":"standard","meta":{"footnotes":""},"categories":[8,10,13],"tags":[],"class_list":["post-1694","post","type-post","status-publish","format-standard","hentry","category-ekonomi","category-gundem","category-siyaset"],"yoast_head":"<!-- This site is optimized with the Yoast SEO plugin v28.2 - https:\/\/yoast.com\/product\/yoast-seo-wordpress\/ -->\n<title>\u00c7GC 47.ya\u015f\u0131n\u0131 kutlad\u0131 - MAV\u0130 HABER<\/title>\n<meta name=\"robots\" content=\"index, follow, max-snippet:-1, max-image-preview:large, max-video-preview:-1\" \/>\n<link rel=\"canonical\" href=\"https:\/\/www.mavihaber.com.tr\/?p=1694\" \/>\n<meta property=\"og:locale\" content=\"tr_TR\" \/>\n<meta property=\"og:type\" content=\"article\" \/>\n<meta property=\"og:title\" content=\"\u00c7GC 47.ya\u015f\u0131n\u0131 kutlad\u0131 - MAV\u0130 HABER\" \/>\n<meta property=\"og:description\" content=\"\u00c7ukurova Gazeteciler Cemiyeti Ba\u015fkan\u0131, Y\u00f6netim Kurulu \u00fcyeleri, TSYD Adana \u015eube Ba\u015fkan\u0131 ve gazeteciler, Atat\u00fcrk An\u0131t\u0131 ve Bas\u0131n An\u0131t\u0131\u2019na \u00e7elenk koydu\" \/>\n<meta property=\"og:url\" content=\"https:\/\/www.mavihaber.com.tr\/?p=1694\" \/>\n<meta property=\"og:site_name\" content=\"MAV\u0130 HABER\" \/>\n<meta property=\"article:publisher\" content=\"https:\/\/www.facebook.com\/ceyhan.mavi.142\/\" \/>\n<meta property=\"article:published_time\" content=\"2022-04-15T10:46:18+00:00\" \/>\n<meta name=\"author\" content=\"MAV\u0130 HABER\" \/>\n<meta name=\"twitter:card\" content=\"summary_large_image\" \/>\n<meta name=\"twitter:creator\" content=\"@ceyhanmavihaber\" \/>\n<meta name=\"twitter:site\" content=\"@ceyhanmavihaber\" \/>\n<meta name=\"twitter:label1\" content=\"Yazan:\" \/>\n\t<meta name=\"twitter:data1\" content=\"MAV\u0130 HABER\" \/>\n\t<meta name=\"twitter:label2\" content=\"Tahmini okuma s\u00fcresi\" \/>\n\t<meta name=\"twitter:data2\" content=\"5 dakika\" \/>\n<script type=\"application\/ld+json\" class=\"yoast-schema-graph\">{\"@context\":\"https:\\\/\\\/schema.org\",\"@graph\":[{\"@type\":\"Article\",\"@id\":\"https:\\\/\\\/www.mavihaber.com.tr\\\/?p=1694#article\",\"isPartOf\":{\"@id\":\"https:\\\/\\\/www.mavihaber.com.tr\\\/?p=1694\"},\"author\":{\"name\":\"MAV\u0130 HABER\",\"@id\":\"https:\\\/\\\/www.mavihaber.com.tr\\\/#\\\/schema\\\/person\\\/6b483c36decdaf2ea80ccc7e00592ec5\"},\"headline\":\"\u00c7GC 47.ya\u015f\u0131n\u0131 kutlad\u0131\",\"datePublished\":\"2022-04-15T10:46:18+00:00\",\"mainEntityOfPage\":{\"@id\":\"https:\\\/\\\/www.mavihaber.com.tr\\\/?p=1694\"},\"wordCount\":1050,\"commentCount\":0,\"publisher\":{\"@id\":\"https:\\\/\\\/www.mavihaber.com.tr\\\/#organization\"},\"articleSection\":[\"Ekonomi\",\"G\u00fcndem\",\"Siyaset\"],\"inLanguage\":\"tr\",\"potentialAction\":[{\"@type\":\"CommentAction\",\"name\":\"Comment\",\"target\":[\"https:\\\/\\\/www.mavihaber.com.tr\\\/?p=1694#respond\"]}]},{\"@type\":\"WebPage\",\"@id\":\"https:\\\/\\\/www.mavihaber.com.tr\\\/?p=1694\",\"url\":\"https:\\\/\\\/www.mavihaber.com.tr\\\/?p=1694\",\"name\":\"\u00c7GC 47.ya\u015f\u0131n\u0131 kutlad\u0131 - MAV\u0130 HABER\",\"isPartOf\":{\"@id\":\"https:\\\/\\\/www.mavihaber.com.tr\\\/#website\"},\"datePublished\":\"2022-04-15T10:46:18+00:00\",\"breadcrumb\":{\"@id\":\"https:\\\/\\\/www.mavihaber.com.tr\\\/?p=1694#breadcrumb\"},\"inLanguage\":\"tr\",\"potentialAction\":[{\"@type\":\"ReadAction\",\"target\":[\"https:\\\/\\\/www.mavihaber.com.tr\\\/?p=1694\"]}]},{\"@type\":\"BreadcrumbList\",\"@id\":\"https:\\\/\\\/www.mavihaber.com.tr\\\/?p=1694#breadcrumb\",\"itemListElement\":[{\"@type\":\"ListItem\",\"position\":1,\"name\":\"Anasayfa\",\"item\":\"https:\\\/\\\/www.mavihaber.com.tr\\\/\"},{\"@type\":\"ListItem\",\"position\":2,\"name\":\"\u00c7GC 47.ya\u015f\u0131n\u0131 kutlad\u0131\"}]},{\"@type\":\"WebSite\",\"@id\":\"https:\\\/\\\/www.mavihaber.com.tr\\\/#website\",\"url\":\"https:\\\/\\\/www.mavihaber.com.tr\\\/\",\"name\":\"MAV\u0130 HABER\",\"description\":\"S&Ouml;Z U&Ccedil;AR YAZI KALIR\",\"publisher\":{\"@id\":\"https:\\\/\\\/www.mavihaber.com.tr\\\/#organization\"},\"potentialAction\":[{\"@type\":\"SearchAction\",\"target\":{\"@type\":\"EntryPoint\",\"urlTemplate\":\"https:\\\/\\\/www.mavihaber.com.tr\\\/?s={search_term_string}\"},\"query-input\":{\"@type\":\"PropertyValueSpecification\",\"valueRequired\":true,\"valueName\":\"search_term_string\"}}],\"inLanguage\":\"tr\"},{\"@type\":\"Organization\",\"@id\":\"https:\\\/\\\/www.mavihaber.com.tr\\\/#organization\",\"name\":\"MAV\u0130 HABER\",\"url\":\"https:\\\/\\\/www.mavihaber.com.tr\\\/\",\"logo\":{\"@type\":\"ImageObject\",\"inLanguage\":\"tr\",\"@id\":\"https:\\\/\\\/www.mavihaber.com.tr\\\/#\\\/schema\\\/logo\\\/image\\\/\",\"url\":\"http:\\\/\\\/www.mavihaber.com.tr\\\/wp-content\\\/uploads\\\/2022\\\/02\\\/mavi-logo.png\",\"contentUrl\":\"http:\\\/\\\/www.mavihaber.com.tr\\\/wp-content\\\/uploads\\\/2022\\\/02\\\/mavi-logo.png\",\"width\":301,\"height\":81,\"caption\":\"MAV\u0130 HABER\"},\"image\":{\"@id\":\"https:\\\/\\\/www.mavihaber.com.tr\\\/#\\\/schema\\\/logo\\\/image\\\/\"},\"sameAs\":[\"https:\\\/\\\/www.facebook.com\\\/ceyhan.mavi.142\\\/\",\"https:\\\/\\\/x.com\\\/ceyhanmavihaber\",\"https:\\\/\\\/www.instagram.com\\\/ceyhanmavihaber\\\/\",\"https:\\\/\\\/www.youtube.com\\\/channel\\\/UCJQ-0-AFgj2GjI269QDUwNw\"]},{\"@type\":\"Person\",\"@id\":\"https:\\\/\\\/www.mavihaber.com.tr\\\/#\\\/schema\\\/person\\\/6b483c36decdaf2ea80ccc7e00592ec5\",\"name\":\"MAV\u0130 HABER\",\"image\":{\"@type\":\"ImageObject\",\"inLanguage\":\"tr\",\"@id\":\"https:\\\/\\\/secure.gravatar.com\\\/avatar\\\/8ec447ff07537b3472bb74c7b4212a4d84d9e722e01a066cab36264a08dd2a23?s=96&d=mm&r=g\",\"url\":\"https:\\\/\\\/secure.gravatar.com\\\/avatar\\\/8ec447ff07537b3472bb74c7b4212a4d84d9e722e01a066cab36264a08dd2a23?s=96&d=mm&r=g\",\"contentUrl\":\"https:\\\/\\\/secure.gravatar.com\\\/avatar\\\/8ec447ff07537b3472bb74c7b4212a4d84d9e722e01a066cab36264a08dd2a23?s=96&d=mm&r=g\",\"caption\":\"MAV\u0130 HABER\"},\"sameAs\":[\"http:\\\/\\\/www.mavihaber.com.tr\"],\"url\":\"https:\\\/\\\/www.mavihaber.com.tr\\\/?author=1\"}]}<\/script>\n<!-- \/ Yoast SEO plugin. -->","yoast_head_json":{"title":"\u00c7GC 47.ya\u015f\u0131n\u0131 kutlad\u0131 - MAV\u0130 HABER","robots":{"index":"index","follow":"follow","max-snippet":"max-snippet:-1","max-image-preview":"max-image-preview:large","max-video-preview":"max-video-preview:-1"},"canonical":"https:\/\/www.mavihaber.com.tr\/?p=1694","og_locale":"tr_TR","og_type":"article","og_title":"\u00c7GC 47.ya\u015f\u0131n\u0131 kutlad\u0131 - MAV\u0130 HABER","og_description":"\u00c7ukurova Gazeteciler Cemiyeti Ba\u015fkan\u0131, Y\u00f6netim Kurulu \u00fcyeleri, TSYD Adana \u015eube Ba\u015fkan\u0131 ve gazeteciler, Atat\u00fcrk An\u0131t\u0131 ve Bas\u0131n An\u0131t\u0131\u2019na \u00e7elenk koydu","og_url":"https:\/\/www.mavihaber.com.tr\/?p=1694","og_site_name":"MAV\u0130 HABER","article_publisher":"https:\/\/www.facebook.com\/ceyhan.mavi.142\/","article_published_time":"2022-04-15T10:46:18+00:00","author":"MAV\u0130 HABER","twitter_card":"summary_large_image","twitter_creator":"@ceyhanmavihaber","twitter_site":"@ceyhanmavihaber","twitter_misc":{"Yazan:":"MAV\u0130 HABER","Tahmini okuma s\u00fcresi":"5 dakika"},"schema":{"@context":"https:\/\/schema.org","@graph":[{"@type":"Article","@id":"https:\/\/www.mavihaber.com.tr\/?p=1694#article","isPartOf":{"@id":"https:\/\/www.mavihaber.com.tr\/?p=1694"},"author":{"name":"MAV\u0130 HABER","@id":"https:\/\/www.mavihaber.com.tr\/#\/schema\/person\/6b483c36decdaf2ea80ccc7e00592ec5"},"headline":"\u00c7GC 47.ya\u015f\u0131n\u0131 kutlad\u0131","datePublished":"2022-04-15T10:46:18+00:00","mainEntityOfPage":{"@id":"https:\/\/www.mavihaber.com.tr\/?p=1694"},"wordCount":1050,"commentCount":0,"publisher":{"@id":"https:\/\/www.mavihaber.com.tr\/#organization"},"articleSection":["Ekonomi","G\u00fcndem","Siyaset"],"inLanguage":"tr","potentialAction":[{"@type":"CommentAction","name":"Comment","target":["https:\/\/www.mavihaber.com.tr\/?p=1694#respond"]}]},{"@type":"WebPage","@id":"https:\/\/www.mavihaber.com.tr\/?p=1694","url":"https:\/\/www.mavihaber.com.tr\/?p=1694","name":"\u00c7GC 47.ya\u015f\u0131n\u0131 kutlad\u0131 - MAV\u0130 HABER","isPartOf":{"@id":"https:\/\/www.mavihaber.com.tr\/#website"},"datePublished":"2022-04-15T10:46:18+00:00","breadcrumb":{"@id":"https:\/\/www.mavihaber.com.tr\/?p=1694#breadcrumb"},"inLanguage":"tr","potentialAction":[{"@type":"ReadAction","target":["https:\/\/www.mavihaber.com.tr\/?p=1694"]}]},{"@type":"BreadcrumbList","@id":"https:\/\/www.mavihaber.com.tr\/?p=1694#breadcrumb","itemListElement":[{"@type":"ListItem","position":1,"name":"Anasayfa","item":"https:\/\/www.mavihaber.com.tr\/"},{"@type":"ListItem","position":2,"name":"\u00c7GC 47.ya\u015f\u0131n\u0131 kutlad\u0131"}]},{"@type":"WebSite","@id":"https:\/\/www.mavihaber.com.tr\/#website","url":"https:\/\/www.mavihaber.com.tr\/","name":"MAV\u0130 HABER","description":"S&Ouml;Z U&Ccedil;AR YAZI KALIR","publisher":{"@id":"https:\/\/www.mavihaber.com.tr\/#organization"},"potentialAction":[{"@type":"SearchAction","target":{"@type":"EntryPoint","urlTemplate":"https:\/\/www.mavihaber.com.tr\/?s={search_term_string}"},"query-input":{"@type":"PropertyValueSpecification","valueRequired":true,"valueName":"search_term_string"}}],"inLanguage":"tr"},{"@type":"Organization","@id":"https:\/\/www.mavihaber.com.tr\/#organization","name":"MAV\u0130 HABER","url":"https:\/\/www.mavihaber.com.tr\/","logo":{"@type":"ImageObject","inLanguage":"tr","@id":"https:\/\/www.mavihaber.com.tr\/#\/schema\/logo\/image\/","url":"http:\/\/www.mavihaber.com.tr\/wp-content\/uploads\/2022\/02\/mavi-logo.png","contentUrl":"http:\/\/www.mavihaber.com.tr\/wp-content\/uploads\/2022\/02\/mavi-logo.png","width":301,"height":81,"caption":"MAV\u0130 HABER"},"image":{"@id":"https:\/\/www.mavihaber.com.tr\/#\/schema\/logo\/image\/"},"sameAs":["https:\/\/www.facebook.com\/ceyhan.mavi.142\/","https:\/\/x.com\/ceyhanmavihaber","https:\/\/www.instagram.com\/ceyhanmavihaber\/","https:\/\/www.youtube.com\/channel\/UCJQ-0-AFgj2GjI269QDUwNw"]},{"@type":"Person","@id":"https:\/\/www.mavihaber.com.tr\/#\/schema\/person\/6b483c36decdaf2ea80ccc7e00592ec5","name":"MAV\u0130 HABER","image":{"@type":"ImageObject","inLanguage":"tr","@id":"https:\/\/secure.gravatar.com\/avatar\/8ec447ff07537b3472bb74c7b4212a4d84d9e722e01a066cab36264a08dd2a23?s=96&d=mm&r=g","url":"https:\/\/secure.gravatar.com\/avatar\/8ec447ff07537b3472bb74c7b4212a4d84d9e722e01a066cab36264a08dd2a23?s=96&d=mm&r=g","contentUrl":"https:\/\/secure.gravatar.com\/avatar\/8ec447ff07537b3472bb74c7b4212a4d84d9e722e01a066cab36264a08dd2a23?s=96&d=mm&r=g","caption":"MAV\u0130 HABER"},"sameAs":["http:\/\/www.mavihaber.com.tr"],"url":"https:\/\/www.mavihaber.com.tr\/?author=1"}]}},"views":330,"_links":{"self":[{"href":"https:\/\/www.mavihaber.com.tr\/index.php?rest_route=\/wp\/v2\/posts\/1694","targetHints":{"allow":["GET"]}}],"collection":[{"href":"https:\/\/www.mavihaber.com.tr\/index.php?rest_route=\/wp\/v2\/posts"}],"about":[{"href":"https:\/\/www.mavihaber.com.tr\/index.php?rest_route=\/wp\/v2\/types\/post"}],"author":[{"embeddable":true,"href":"https:\/\/www.mavihaber.com.tr\/index.php?rest_route=\/wp\/v2\/users\/1"}],"replies":[{"embeddable":true,"href":"https:\/\/www.mavihaber.com.tr\/index.php?rest_route=%2Fwp%2Fv2%2Fcomments&post=1694"}],"version-history":[{"count":1,"href":"https:\/\/www.mavihaber.com.tr\/index.php?rest_route=\/wp\/v2\/posts\/1694\/revisions"}],"predecessor-version":[{"id":1698,"href":"https:\/\/www.mavihaber.com.tr\/index.php?rest_route=\/wp\/v2\/posts\/1694\/revisions\/1698"}],"wp:attachment":[{"href":"https:\/\/www.mavihaber.com.tr\/index.php?rest_route=%2Fwp%2Fv2%2Fmedia&parent=1694"}],"wp:term":[{"taxonomy":"category","embeddable":true,"href":"https:\/\/www.mavihaber.com.tr\/index.php?rest_route=%2Fwp%2Fv2%2Fcategories&post=1694"},{"taxonomy":"post_tag","embeddable":true,"href":"https:\/\/www.mavihaber.com.tr\/index.php?rest_route=%2Fwp%2Fv2%2Ftags&post=1694"}],"curies":[{"name":"wp","href":"https:\/\/api.w.org\/{rel}","templated":true}]}}