{"id":1707,"date":"2022-04-18T08:55:38","date_gmt":"2022-04-18T08:55:38","guid":{"rendered":"http:\/\/www.mavihaber.com.tr\/?p=1707"},"modified":"2022-04-18T08:55:38","modified_gmt":"2022-04-18T08:55:38","slug":"seyhanin-lider-kadinlarindan-cgcye-ziyaret","status":"publish","type":"post","link":"https:\/\/www.mavihaber.com.tr\/?p=1707","title":{"rendered":"Seyhan\u2019\u0131n Lider Kad\u0131nlar\u0131\u2019ndan  \u00c7GC\u2019ye ziyaret"},"content":{"rendered":"<p>Ev Kad\u0131nlar\u0131 Kalk\u0131nd\u0131rma Derne\u011fi (EVKAD) taraf\u0131ndan, kad\u0131nlara y\u00f6nelik olarak d\u00fczenlenen, e\u011fitim pro\u011fram\u0131 tamamland\u0131.<\/p>\n<p>Amerika Birle\u015fik Devletleri Ankara B\u00fcy\u00fckel\u00e7ili\u011fi taraf\u0131ndan sa\u011flanan fon kapsam\u0131nda; 10 farkl\u0131 alanda e\u011fitim alan, Emek Sakarya Grubu ile Fatih Tellidere Grubu ayr\u0131 ayr\u0131 \u00c7ukurova Gazeteciler Cemiyeti\u2019ni ziyaret etti.<\/p>\n<p>\u00c7GC Ba\u015fkan\u0131 Cafer Esendemir\u2019e proje hakk\u0131nda bilgi veren Proje sorumlusu Ferzan \u00d6zya\u015far ve Leyla Ramazano\u011flu, Seyhan\u2019\u0131n Lider Kad\u0131nlar\u0131 Projesi\u2019nin kad\u0131nlar\u0131n mahalle \u00f6l\u00e7e\u011finden ba\u015flayarak, demokratik karar alma mekanizmalar\u0131na kat\u0131l\u0131m\u0131n\u0131 nitelikli \u015fekilde art\u0131rmay\u0131 hedefledi\u011fini dile getirdiler.<\/p>\n<p>\u00d6zya\u015far ve Ramazano\u011flu projenin i\u00e7eri\u011finin, Cinsiyet E\u015fitli\u011fi ve Sosyal Hayata Kat\u0131l\u0131m, Yasal Haklar, Ev Kazalar\u0131 ve Temel \u0130lk Yard\u0131m, Kad\u0131n Sa\u011fl\u0131\u011f\u0131, Temel Ev Ekonomisi, E\u011fitim ve Burs Olanaklar\u0131, Kamu Hizmetlerine Y\u00f6nlendirme, \u0130stihdam ve \u0130\u015f Olanaklar\u0131, Medya Okur Yazarl\u0131\u011f\u0131, Demokratik Karar Alma Mekanizmalar\u0131na Kat\u0131l\u0131m konular\u0131n\u0131 kapsad\u0131\u011f\u0131n\u0131 ifade etti.<\/p>\n<p>Kurs kapsam\u0131nda e\u011fitimler verildi\u011fini, ilgili kurulu\u015flar ziyaret edilerek, konularla ilgili yerinde bilgi al\u0131nd\u0131\u011f\u0131n\u0131 s\u00f6yleyen \u00d6zya\u015far ve Ramazano\u011flu; Fatih, Tellidere, Emek ve Sakarya Mahalleleri\u2019nde, mahalle meclislerinde mahallelerini temsil edecek ve \u00e7evrelerindeki kad\u0131nlar\u0131 \u00e7e\u015fitli konularla ilgili olarak kamu ve sivil topluma y\u00f6nlendirecek kad\u0131nlar yeti\u015ftirmeyi hedeflediklerini s\u00f6yledi.<\/p>\n<p>E\u011fitimlerin haftada 3\u2019er g\u00fcn toplam 4 ay s\u00fcrd\u00fc\u011f\u00fcn\u00fc, e\u011fitime kat\u0131l\u0131m sa\u011flayan kad\u0131nlara ia\u015fe ve \u00f6\u011fle yeme\u011fi verildi\u011fini s\u00f6yleyen \u00d6zya\u015far ve Ramazano\u011flu, e\u011fitim mekanlar\u0131na ula\u015f\u0131m\u0131n 2 ayr\u0131 noktadan ger\u00e7ekle\u015ftirildi\u011fini ifade etti.<\/p>\n<p>Ba\u015fkan Cafer Esendemir de; kad\u0131nlar\u0131n e\u011fitiminin \u00fclkenin gelece\u011fi a\u00e7\u0131s\u0131ndan b\u00fcy\u00fck \u00f6nem ta\u015f\u0131d\u0131\u011f\u0131n\u0131 belirterek, projeye kat\u0131l\u0131m sa\u011flayan kad\u0131nlar\u0131 kutlad\u0131.<\/p>\n<p>Kad\u0131nlar\u0131n hayat\u0131n her alan\u0131nda yer almas\u0131 gerekti\u011fini dikkat \u00e7eken Ba\u015fkan Esendemir; \u201cE\u011fitimli kad\u0131n gelece\u011fimizi \u015fekillendirecek olan yeni neslin de donan\u0131ml\u0131 ve e\u011fitimli olmas\u0131n\u0131n garantisidir. Kad\u0131na de\u011fer veren toplumlar, gelece\u011fe daha g\u00fcvenli bakabilir\u201d dedi.<\/p>\n<p>Ziyarete; \u00c7GC Ba\u015fkan Yard\u0131mc\u0131s\u0131 Yasemin Atasoy ile Y\u00f6netim Kurulu \u00dcyesi Jale Kara\u015fahino\u011flu da kat\u0131ld\u0131.<\/p>\n<p><img loading=\"lazy\" decoding=\"async\" class=\"alignnone size-medium wp-image-1708\" src=\"http:\/\/www.mavihaber.com.tr\/wp-content\/uploads\/2022\/04\/Fatih-Tellidere-Grubu2-300x139.jpg\" alt=\"\" width=\"300\" height=\"139\" \/> <img loading=\"lazy\" decoding=\"async\" class=\"alignnone size-medium wp-image-1709\" src=\"http:\/\/www.mavihaber.com.tr\/wp-content\/uploads\/2022\/04\/Fatih-Tellidere-Grubu-300x139.jpg\" alt=\"\" width=\"300\" height=\"139\" \/><\/p>\n","protected":false},"excerpt":{"rendered":"<p>Ev Kad\u0131nlar\u0131 Kalk\u0131nd\u0131rma Derne\u011fi (EVKAD) taraf\u0131ndan, kad\u0131nlara y\u00f6nelik olarak d\u00fczenlenen, e\u011fitim pro\u011fram\u0131 tamamland\u0131. Amerika Birle\u015fik Devletleri Ankara B\u00fcy\u00fckel\u00e7ili\u011fi taraf\u0131ndan sa\u011flanan<\/p>\n","protected":false},"author":1,"featured_media":0,"comment_status":"open","ping_status":"open","sticky":false,"template":"","format":"standard","meta":{"footnotes":""},"categories":[24,8,13],"tags":[],"class_list":["post-1707","post","type-post","status-publish","format-standard","hentry","category-egitim","category-ekonomi","category-siyaset"],"yoast_head":"<!-- This site is optimized with the Yoast SEO plugin v28.2 - https:\/\/yoast.com\/product\/yoast-seo-wordpress\/ -->\n<title>Seyhan\u2019\u0131n Lider Kad\u0131nlar\u0131\u2019ndan \u00c7GC\u2019ye ziyaret - MAV\u0130 HABER<\/title>\n<meta name=\"robots\" content=\"index, follow, max-snippet:-1, max-image-preview:large, max-video-preview:-1\" \/>\n<link rel=\"canonical\" href=\"https:\/\/www.mavihaber.com.tr\/?p=1707\" \/>\n<meta property=\"og:locale\" content=\"tr_TR\" \/>\n<meta property=\"og:type\" content=\"article\" \/>\n<meta property=\"og:title\" content=\"Seyhan\u2019\u0131n Lider Kad\u0131nlar\u0131\u2019ndan \u00c7GC\u2019ye ziyaret - MAV\u0130 HABER\" \/>\n<meta property=\"og:description\" content=\"Ev Kad\u0131nlar\u0131 Kalk\u0131nd\u0131rma Derne\u011fi (EVKAD) taraf\u0131ndan, kad\u0131nlara y\u00f6nelik olarak d\u00fczenlenen, e\u011fitim pro\u011fram\u0131 tamamland\u0131. Amerika Birle\u015fik Devletleri Ankara B\u00fcy\u00fckel\u00e7ili\u011fi taraf\u0131ndan sa\u011flanan\" \/>\n<meta property=\"og:url\" content=\"https:\/\/www.mavihaber.com.tr\/?p=1707\" \/>\n<meta property=\"og:site_name\" content=\"MAV\u0130 HABER\" \/>\n<meta property=\"article:publisher\" content=\"https:\/\/www.facebook.com\/ceyhan.mavi.142\/\" \/>\n<meta property=\"article:published_time\" content=\"2022-04-18T08:55:38+00:00\" \/>\n<meta name=\"author\" content=\"MAV\u0130 HABER\" \/>\n<meta name=\"twitter:card\" content=\"summary_large_image\" \/>\n<meta name=\"twitter:creator\" content=\"@ceyhanmavihaber\" \/>\n<meta name=\"twitter:site\" content=\"@ceyhanmavihaber\" \/>\n<meta name=\"twitter:label1\" content=\"Yazan:\" \/>\n\t<meta name=\"twitter:data1\" content=\"MAV\u0130 HABER\" \/>\n\t<meta name=\"twitter:label2\" content=\"Tahmini okuma s\u00fcresi\" \/>\n\t<meta name=\"twitter:data2\" content=\"2 dakika\" \/>\n<script type=\"application\/ld+json\" class=\"yoast-schema-graph\">{\"@context\":\"https:\\\/\\\/schema.org\",\"@graph\":[{\"@type\":\"Article\",\"@id\":\"https:\\\/\\\/www.mavihaber.com.tr\\\/?p=1707#article\",\"isPartOf\":{\"@id\":\"https:\\\/\\\/www.mavihaber.com.tr\\\/?p=1707\"},\"author\":{\"name\":\"MAV\u0130 HABER\",\"@id\":\"https:\\\/\\\/www.mavihaber.com.tr\\\/#\\\/schema\\\/person\\\/6b483c36decdaf2ea80ccc7e00592ec5\"},\"headline\":\"Seyhan\u2019\u0131n Lider Kad\u0131nlar\u0131\u2019ndan \u00c7GC\u2019ye ziyaret\",\"datePublished\":\"2022-04-18T08:55:38+00:00\",\"mainEntityOfPage\":{\"@id\":\"https:\\\/\\\/www.mavihaber.com.tr\\\/?p=1707\"},\"wordCount\":400,\"commentCount\":0,\"publisher\":{\"@id\":\"https:\\\/\\\/www.mavihaber.com.tr\\\/#organization\"},\"image\":{\"@id\":\"https:\\\/\\\/www.mavihaber.com.tr\\\/?p=1707#primaryimage\"},\"thumbnailUrl\":\"http:\\\/\\\/www.mavihaber.com.tr\\\/wp-content\\\/uploads\\\/2022\\\/04\\\/Fatih-Tellidere-Grubu2-300x139.jpg\",\"articleSection\":[\"E\u011fitim\",\"Ekonomi\",\"Siyaset\"],\"inLanguage\":\"tr\",\"potentialAction\":[{\"@type\":\"CommentAction\",\"name\":\"Comment\",\"target\":[\"https:\\\/\\\/www.mavihaber.com.tr\\\/?p=1707#respond\"]}]},{\"@type\":\"WebPage\",\"@id\":\"https:\\\/\\\/www.mavihaber.com.tr\\\/?p=1707\",\"url\":\"https:\\\/\\\/www.mavihaber.com.tr\\\/?p=1707\",\"name\":\"Seyhan\u2019\u0131n Lider Kad\u0131nlar\u0131\u2019ndan \u00c7GC\u2019ye ziyaret - MAV\u0130 HABER\",\"isPartOf\":{\"@id\":\"https:\\\/\\\/www.mavihaber.com.tr\\\/#website\"},\"primaryImageOfPage\":{\"@id\":\"https:\\\/\\\/www.mavihaber.com.tr\\\/?p=1707#primaryimage\"},\"image\":{\"@id\":\"https:\\\/\\\/www.mavihaber.com.tr\\\/?p=1707#primaryimage\"},\"thumbnailUrl\":\"http:\\\/\\\/www.mavihaber.com.tr\\\/wp-content\\\/uploads\\\/2022\\\/04\\\/Fatih-Tellidere-Grubu2-300x139.jpg\",\"datePublished\":\"2022-04-18T08:55:38+00:00\",\"breadcrumb\":{\"@id\":\"https:\\\/\\\/www.mavihaber.com.tr\\\/?p=1707#breadcrumb\"},\"inLanguage\":\"tr\",\"potentialAction\":[{\"@type\":\"ReadAction\",\"target\":[\"https:\\\/\\\/www.mavihaber.com.tr\\\/?p=1707\"]}]},{\"@type\":\"ImageObject\",\"inLanguage\":\"tr\",\"@id\":\"https:\\\/\\\/www.mavihaber.com.tr\\\/?p=1707#primaryimage\",\"url\":\"\",\"contentUrl\":\"\"},{\"@type\":\"BreadcrumbList\",\"@id\":\"https:\\\/\\\/www.mavihaber.com.tr\\\/?p=1707#breadcrumb\",\"itemListElement\":[{\"@type\":\"ListItem\",\"position\":1,\"name\":\"Anasayfa\",\"item\":\"https:\\\/\\\/www.mavihaber.com.tr\\\/\"},{\"@type\":\"ListItem\",\"position\":2,\"name\":\"Seyhan\u2019\u0131n Lider Kad\u0131nlar\u0131\u2019ndan \u00c7GC\u2019ye ziyaret\"}]},{\"@type\":\"WebSite\",\"@id\":\"https:\\\/\\\/www.mavihaber.com.tr\\\/#website\",\"url\":\"https:\\\/\\\/www.mavihaber.com.tr\\\/\",\"name\":\"MAV\u0130 HABER\",\"description\":\"S&Ouml;Z U&Ccedil;AR YAZI KALIR\",\"publisher\":{\"@id\":\"https:\\\/\\\/www.mavihaber.com.tr\\\/#organization\"},\"potentialAction\":[{\"@type\":\"SearchAction\",\"target\":{\"@type\":\"EntryPoint\",\"urlTemplate\":\"https:\\\/\\\/www.mavihaber.com.tr\\\/?s={search_term_string}\"},\"query-input\":{\"@type\":\"PropertyValueSpecification\",\"valueRequired\":true,\"valueName\":\"search_term_string\"}}],\"inLanguage\":\"tr\"},{\"@type\":\"Organization\",\"@id\":\"https:\\\/\\\/www.mavihaber.com.tr\\\/#organization\",\"name\":\"MAV\u0130 HABER\",\"url\":\"https:\\\/\\\/www.mavihaber.com.tr\\\/\",\"logo\":{\"@type\":\"ImageObject\",\"inLanguage\":\"tr\",\"@id\":\"https:\\\/\\\/www.mavihaber.com.tr\\\/#\\\/schema\\\/logo\\\/image\\\/\",\"url\":\"http:\\\/\\\/www.mavihaber.com.tr\\\/wp-content\\\/uploads\\\/2022\\\/02\\\/mavi-logo.png\",\"contentUrl\":\"http:\\\/\\\/www.mavihaber.com.tr\\\/wp-content\\\/uploads\\\/2022\\\/02\\\/mavi-logo.png\",\"width\":301,\"height\":81,\"caption\":\"MAV\u0130 HABER\"},\"image\":{\"@id\":\"https:\\\/\\\/www.mavihaber.com.tr\\\/#\\\/schema\\\/logo\\\/image\\\/\"},\"sameAs\":[\"https:\\\/\\\/www.facebook.com\\\/ceyhan.mavi.142\\\/\",\"https:\\\/\\\/x.com\\\/ceyhanmavihaber\",\"https:\\\/\\\/www.instagram.com\\\/ceyhanmavihaber\\\/\",\"https:\\\/\\\/www.youtube.com\\\/channel\\\/UCJQ-0-AFgj2GjI269QDUwNw\"]},{\"@type\":\"Person\",\"@id\":\"https:\\\/\\\/www.mavihaber.com.tr\\\/#\\\/schema\\\/person\\\/6b483c36decdaf2ea80ccc7e00592ec5\",\"name\":\"MAV\u0130 HABER\",\"image\":{\"@type\":\"ImageObject\",\"inLanguage\":\"tr\",\"@id\":\"https:\\\/\\\/secure.gravatar.com\\\/avatar\\\/8ec447ff07537b3472bb74c7b4212a4d84d9e722e01a066cab36264a08dd2a23?s=96&d=mm&r=g\",\"url\":\"https:\\\/\\\/secure.gravatar.com\\\/avatar\\\/8ec447ff07537b3472bb74c7b4212a4d84d9e722e01a066cab36264a08dd2a23?s=96&d=mm&r=g\",\"contentUrl\":\"https:\\\/\\\/secure.gravatar.com\\\/avatar\\\/8ec447ff07537b3472bb74c7b4212a4d84d9e722e01a066cab36264a08dd2a23?s=96&d=mm&r=g\",\"caption\":\"MAV\u0130 HABER\"},\"sameAs\":[\"http:\\\/\\\/www.mavihaber.com.tr\"],\"url\":\"https:\\\/\\\/www.mavihaber.com.tr\\\/?author=1\"}]}<\/script>\n<!-- \/ Yoast SEO plugin. -->","yoast_head_json":{"title":"Seyhan\u2019\u0131n Lider Kad\u0131nlar\u0131\u2019ndan \u00c7GC\u2019ye ziyaret - MAV\u0130 HABER","robots":{"index":"index","follow":"follow","max-snippet":"max-snippet:-1","max-image-preview":"max-image-preview:large","max-video-preview":"max-video-preview:-1"},"canonical":"https:\/\/www.mavihaber.com.tr\/?p=1707","og_locale":"tr_TR","og_type":"article","og_title":"Seyhan\u2019\u0131n Lider Kad\u0131nlar\u0131\u2019ndan \u00c7GC\u2019ye ziyaret - MAV\u0130 HABER","og_description":"Ev Kad\u0131nlar\u0131 Kalk\u0131nd\u0131rma Derne\u011fi (EVKAD) taraf\u0131ndan, kad\u0131nlara y\u00f6nelik olarak d\u00fczenlenen, e\u011fitim pro\u011fram\u0131 tamamland\u0131. Amerika Birle\u015fik Devletleri Ankara B\u00fcy\u00fckel\u00e7ili\u011fi taraf\u0131ndan sa\u011flanan","og_url":"https:\/\/www.mavihaber.com.tr\/?p=1707","og_site_name":"MAV\u0130 HABER","article_publisher":"https:\/\/www.facebook.com\/ceyhan.mavi.142\/","article_published_time":"2022-04-18T08:55:38+00:00","author":"MAV\u0130 HABER","twitter_card":"summary_large_image","twitter_creator":"@ceyhanmavihaber","twitter_site":"@ceyhanmavihaber","twitter_misc":{"Yazan:":"MAV\u0130 HABER","Tahmini okuma s\u00fcresi":"2 dakika"},"schema":{"@context":"https:\/\/schema.org","@graph":[{"@type":"Article","@id":"https:\/\/www.mavihaber.com.tr\/?p=1707#article","isPartOf":{"@id":"https:\/\/www.mavihaber.com.tr\/?p=1707"},"author":{"name":"MAV\u0130 HABER","@id":"https:\/\/www.mavihaber.com.tr\/#\/schema\/person\/6b483c36decdaf2ea80ccc7e00592ec5"},"headline":"Seyhan\u2019\u0131n Lider Kad\u0131nlar\u0131\u2019ndan \u00c7GC\u2019ye ziyaret","datePublished":"2022-04-18T08:55:38+00:00","mainEntityOfPage":{"@id":"https:\/\/www.mavihaber.com.tr\/?p=1707"},"wordCount":400,"commentCount":0,"publisher":{"@id":"https:\/\/www.mavihaber.com.tr\/#organization"},"image":{"@id":"https:\/\/www.mavihaber.com.tr\/?p=1707#primaryimage"},"thumbnailUrl":"http:\/\/www.mavihaber.com.tr\/wp-content\/uploads\/2022\/04\/Fatih-Tellidere-Grubu2-300x139.jpg","articleSection":["E\u011fitim","Ekonomi","Siyaset"],"inLanguage":"tr","potentialAction":[{"@type":"CommentAction","name":"Comment","target":["https:\/\/www.mavihaber.com.tr\/?p=1707#respond"]}]},{"@type":"WebPage","@id":"https:\/\/www.mavihaber.com.tr\/?p=1707","url":"https:\/\/www.mavihaber.com.tr\/?p=1707","name":"Seyhan\u2019\u0131n Lider Kad\u0131nlar\u0131\u2019ndan \u00c7GC\u2019ye ziyaret - MAV\u0130 HABER","isPartOf":{"@id":"https:\/\/www.mavihaber.com.tr\/#website"},"primaryImageOfPage":{"@id":"https:\/\/www.mavihaber.com.tr\/?p=1707#primaryimage"},"image":{"@id":"https:\/\/www.mavihaber.com.tr\/?p=1707#primaryimage"},"thumbnailUrl":"http:\/\/www.mavihaber.com.tr\/wp-content\/uploads\/2022\/04\/Fatih-Tellidere-Grubu2-300x139.jpg","datePublished":"2022-04-18T08:55:38+00:00","breadcrumb":{"@id":"https:\/\/www.mavihaber.com.tr\/?p=1707#breadcrumb"},"inLanguage":"tr","potentialAction":[{"@type":"ReadAction","target":["https:\/\/www.mavihaber.com.tr\/?p=1707"]}]},{"@type":"ImageObject","inLanguage":"tr","@id":"https:\/\/www.mavihaber.com.tr\/?p=1707#primaryimage","url":"","contentUrl":""},{"@type":"BreadcrumbList","@id":"https:\/\/www.mavihaber.com.tr\/?p=1707#breadcrumb","itemListElement":[{"@type":"ListItem","position":1,"name":"Anasayfa","item":"https:\/\/www.mavihaber.com.tr\/"},{"@type":"ListItem","position":2,"name":"Seyhan\u2019\u0131n Lider Kad\u0131nlar\u0131\u2019ndan \u00c7GC\u2019ye ziyaret"}]},{"@type":"WebSite","@id":"https:\/\/www.mavihaber.com.tr\/#website","url":"https:\/\/www.mavihaber.com.tr\/","name":"MAV\u0130 HABER","description":"S&Ouml;Z U&Ccedil;AR YAZI KALIR","publisher":{"@id":"https:\/\/www.mavihaber.com.tr\/#organization"},"potentialAction":[{"@type":"SearchAction","target":{"@type":"EntryPoint","urlTemplate":"https:\/\/www.mavihaber.com.tr\/?s={search_term_string}"},"query-input":{"@type":"PropertyValueSpecification","valueRequired":true,"valueName":"search_term_string"}}],"inLanguage":"tr"},{"@type":"Organization","@id":"https:\/\/www.mavihaber.com.tr\/#organization","name":"MAV\u0130 HABER","url":"https:\/\/www.mavihaber.com.tr\/","logo":{"@type":"ImageObject","inLanguage":"tr","@id":"https:\/\/www.mavihaber.com.tr\/#\/schema\/logo\/image\/","url":"http:\/\/www.mavihaber.com.tr\/wp-content\/uploads\/2022\/02\/mavi-logo.png","contentUrl":"http:\/\/www.mavihaber.com.tr\/wp-content\/uploads\/2022\/02\/mavi-logo.png","width":301,"height":81,"caption":"MAV\u0130 HABER"},"image":{"@id":"https:\/\/www.mavihaber.com.tr\/#\/schema\/logo\/image\/"},"sameAs":["https:\/\/www.facebook.com\/ceyhan.mavi.142\/","https:\/\/x.com\/ceyhanmavihaber","https:\/\/www.instagram.com\/ceyhanmavihaber\/","https:\/\/www.youtube.com\/channel\/UCJQ-0-AFgj2GjI269QDUwNw"]},{"@type":"Person","@id":"https:\/\/www.mavihaber.com.tr\/#\/schema\/person\/6b483c36decdaf2ea80ccc7e00592ec5","name":"MAV\u0130 HABER","image":{"@type":"ImageObject","inLanguage":"tr","@id":"https:\/\/secure.gravatar.com\/avatar\/8ec447ff07537b3472bb74c7b4212a4d84d9e722e01a066cab36264a08dd2a23?s=96&d=mm&r=g","url":"https:\/\/secure.gravatar.com\/avatar\/8ec447ff07537b3472bb74c7b4212a4d84d9e722e01a066cab36264a08dd2a23?s=96&d=mm&r=g","contentUrl":"https:\/\/secure.gravatar.com\/avatar\/8ec447ff07537b3472bb74c7b4212a4d84d9e722e01a066cab36264a08dd2a23?s=96&d=mm&r=g","caption":"MAV\u0130 HABER"},"sameAs":["http:\/\/www.mavihaber.com.tr"],"url":"https:\/\/www.mavihaber.com.tr\/?author=1"}]}},"views":348,"_links":{"self":[{"href":"https:\/\/www.mavihaber.com.tr\/index.php?rest_route=\/wp\/v2\/posts\/1707","targetHints":{"allow":["GET"]}}],"collection":[{"href":"https:\/\/www.mavihaber.com.tr\/index.php?rest_route=\/wp\/v2\/posts"}],"about":[{"href":"https:\/\/www.mavihaber.com.tr\/index.php?rest_route=\/wp\/v2\/types\/post"}],"author":[{"embeddable":true,"href":"https:\/\/www.mavihaber.com.tr\/index.php?rest_route=\/wp\/v2\/users\/1"}],"replies":[{"embeddable":true,"href":"https:\/\/www.mavihaber.com.tr\/index.php?rest_route=%2Fwp%2Fv2%2Fcomments&post=1707"}],"version-history":[{"count":1,"href":"https:\/\/www.mavihaber.com.tr\/index.php?rest_route=\/wp\/v2\/posts\/1707\/revisions"}],"predecessor-version":[{"id":1711,"href":"https:\/\/www.mavihaber.com.tr\/index.php?rest_route=\/wp\/v2\/posts\/1707\/revisions\/1711"}],"wp:attachment":[{"href":"https:\/\/www.mavihaber.com.tr\/index.php?rest_route=%2Fwp%2Fv2%2Fmedia&parent=1707"}],"wp:term":[{"taxonomy":"category","embeddable":true,"href":"https:\/\/www.mavihaber.com.tr\/index.php?rest_route=%2Fwp%2Fv2%2Fcategories&post=1707"},{"taxonomy":"post_tag","embeddable":true,"href":"https:\/\/www.mavihaber.com.tr\/index.php?rest_route=%2Fwp%2Fv2%2Ftags&post=1707"}],"curies":[{"name":"wp","href":"https:\/\/api.w.org\/{rel}","templated":true}]}}