{"id":1740,"date":"2022-04-18T13:21:14","date_gmt":"2022-04-18T13:21:14","guid":{"rendered":"http:\/\/www.mavihaber.com.tr\/?p=1740"},"modified":"2022-04-18T13:25:26","modified_gmt":"2022-04-18T13:25:26","slug":"babacan-ceyhanda-programa-katildi","status":"publish","type":"post","link":"https:\/\/www.mavihaber.com.tr\/?p=1740","title":{"rendered":"Babacan Ceyhan\u2019da programa kat\u0131ld\u0131."},"content":{"rendered":"<p>DEVA Partisi Genel Ba\u015fkan\u0131 Ali Babacan, Adana\u2019n\u0131n Ceyhan il\u00e7esinde partisinin d\u00fczenledi\u011fi Kent Meydan\u0131\u2019ndaki iftar program\u0131na kat\u0131ld\u0131.<\/p>\n<p><img loading=\"lazy\" decoding=\"async\" class=\"alignnone wp-image-1743\" src=\"http:\/\/www.mavihaber.com.tr\/wp-content\/uploads\/2022\/04\/WhatsApp-Image-2022-04-18-at-16.04.17-1-300x200.jpeg\" alt=\"\" width=\"252\" height=\"168\" \/> <img loading=\"lazy\" decoding=\"async\" class=\"alignnone wp-image-1744\" src=\"http:\/\/www.mavihaber.com.tr\/wp-content\/uploads\/2022\/04\/WhatsApp-Image-2022-04-18-at-16.04.16-300x200.jpeg\" alt=\"\" width=\"252\" height=\"168\" \/><\/p>\n<p>Mehmet \u00c7ak\u0131r ba\u015fkanl\u0131\u011f\u0131ndaki DEVA Partisi Ceyhan \u0130l\u00e7e te\u015fkilat\u0131n\u0131n d\u00fczenledi\u011fi iftar program\u0131na kat\u0131lan Babacan, iftar \u00f6ncesi esnaf ziyareti de yapt\u0131. \u00c7ok say\u0131da Ceyhanl\u0131lar\u0131n kat\u0131ld\u0131\u011f\u0131 iftar program\u0131nda konu\u015fan Babacan, halk\u0131n umutsuzlu\u011fa kap\u0131lmamas\u0131n\u0131 istedi.<br \/>\n\u0130l\u00e7e Ba\u015fkan\u0131 Mehmet \u00c7ak\u0131r ve \u0130l Ba\u015fkan\u0131 Sadullah K\u0131sac\u0131k\u2019\u0131n konu\u015fmalar\u0131ndan sonra halka hitap eden Babacan, partisinin se\u00e7imlerden sonraki ilk 90 ve 360 g\u00fcnde yapacaklar\u0131n\u0131 belirledi\u011fi eylem planlar\u0131na de\u011findi. Babacan, \u201c\u0130htiyac\u0131 olan kimseyi ortada b\u0131rakmayaca\u011f\u0131z. Asgari gelir deste\u011fini hayata ge\u00e7irece\u011fiz. Ge\u00e7inmek i\u00e7in yeterli geliri olmayan hanelere destek olaca\u011f\u0131z. Herkesin sat\u0131n al\u0131m g\u00fcc\u00fcn\u00fc y\u00fckseltece\u011fiz. Devlet g\u00fc\u00e7l\u00fc ve geni\u015f imk\u00e2nlara sahipse, bundan en \u00e7ok yararlanacak olanlar en dar gelirli vatanda\u015flar\u0131m\u0131z olacak\u201d dedi.<\/p>\n<p>\u2018ORTAYA VAAT ATIP KAYBOLMUYORUZ\u2019<br \/>\nHayat pahal\u0131l\u0131\u011f\u0131na son vereceklerini ve emeklileri, sabit dar gelirli vatanda\u015flar\u0131 enflasyona ezdirmeyeceklerini belirten Babacan, \u201cEnflasyonu d\u00fc\u015f\u00fcrece\u011fiz. Her ay sonunda herkesin cebine bir \u015feyler kalacak. Emekli \u2018Yeti\u015ftiremiyoruz, maa\u015f on g\u00fcnde bitiyor\u2019 diyor. Se\u00e7imlerden sonra kurulacak h\u00fck\u00fbmetin ilk 90 ve 360 g\u00fcn\u00fcnde neler yapaca\u011f\u0131n\u0131 tek tek a\u00e7\u0131kl\u0131yoruz. Hepsinin b\u00fct\u00e7esini haz\u0131rl\u0131yoruz. Her ad\u0131m\u0131m\u0131z ger\u00e7ek\u00e7i. Hepsini takvime ba\u011fl\u0131yoruz. Ortaya vaat at\u0131p kaybolmuyoruz. \u0130n\u015fallah ne s\u00f6z verdiysek yapaca\u011f\u0131z. T\u00fcrkiye\u2019de bug\u00fcne kadar hi\u00e7bir siyasi parti, hatta devlet bu kadar detayl\u0131 bir gelecek haz\u0131rl\u0131\u011f\u0131 yapmad\u0131. Biz yap\u0131yoruz\u201d diye konu\u015ftu.<\/p>\n<p>\u2018BUNLAR BO\u015e LAF DE\u011e\u0130L, ARKASI DOLU HAZIRLIK\u2019<br \/>\nHaz\u0131rlad\u0131klar\u0131 eylem plan\u0131n\u0131 se\u00e7menlerin t\u00fcm\u00fcne anlatacaklar\u0131n\u0131 ifade eden Babacan, partisinin \u00e7al\u0131\u015fmalar\u0131na ili\u015fkin \u201cBunlar bo\u015f laf de\u011fil, arkas\u0131 dolu haz\u0131rl\u0131k. \u00c7ocu\u011funun karn\u0131n\u0131 doyurmak isteyen anneye, yuvas\u0131na s\u0131cak \u00e7orba sokmak i\u00e7in sabah ak\u015fam \u00e7al\u0131\u015fan i\u015f\u00e7ilerimize DEVA Partisi\u2019nin eylem planlar\u0131n\u0131 anlataca\u011f\u0131z. Ekmek almak i\u00e7in gitti\u011fimiz bakkala, f\u0131r\u0131na DEVA Partisi\u2019nin eylem planlar\u0131n\u0131 anlataca\u011f\u0131z. Belediye otob\u00fcs\u00fcnde yan\u0131m\u0131zda oturanlardan m\u00fcsaade isteyip, DEVA Partisi\u2019nin eylem planlar\u0131n\u0131 anlataca\u011f\u0131z. Lokantada garsona, \u00fcniversite kantininde gen\u00e7lere DEVA Partisi\u2019nin eylem planlar\u0131n\u0131 anlataca\u011f\u0131z. Herkese, dar gelirliye, sabit gelirliye DEVA Partisi\u2019nin eylem planlar\u0131n\u0131 anlataca\u011f\u0131z\u201d dedi.<\/p>\n<p>\u2018\u00c7\u0130FT\u00c7\u0130 \u0130LE KONU\u015eUYORUM \u2018TOPRA\u011eI KANDIRIYORUZ\u2019 D\u0130YOR\u2019<br \/>\nDEVA Partisi olarak \u0130ktidara geldiklerinde b\u00fcy\u00fck bir tar\u0131m hamlesi yapacaklar\u0131n\u0131 belirten Babacan, s\u00f6zlerine \u015f\u00f6yle devam etti: \u201cB\u00f6ylesine b\u00fcy\u00fck ve muhte\u015fem tar\u0131m alanlar\u0131n\u0131n oldu\u011fu bir \u00fclkede yokluk \u00e7ekmeyi benim akl\u0131m alm\u0131yor. Avrupa\u2019n\u0131n en b\u00fcy\u00fck tar\u0131m arazisine sahip olan bu \u00fclkenin bu hayat pahal\u0131l\u0131\u011f\u0131n\u0131 hak etmedi\u011fini d\u00fc\u015f\u00fcn\u00fcyoruz. \u00c7ift\u00e7iyle konu\u015fuyorum. \u2018Sulu g\u00fcbre kullan\u0131r hale geldik. Kendimizi kand\u0131r\u0131yoruz. Topra\u011f\u0131 kand\u0131r\u0131yoruz\u2019 diyor. Biz a\u00e7\u0131klad\u0131k. G\u00fcbre maliyetinin yar\u0131s\u0131n\u0131 kar\u015f\u0131layaca\u011f\u0131z. G\u00fcbre 400 liraysa 200 liras\u0131n\u0131, 5.000 liraysa 2.500 liras\u0131n\u0131 \u00f6deyece\u011fiz. \u0130lk be\u015f y\u0131lda t\u00fcm T\u00fcrkiye\u2019de sulama yat\u0131r\u0131mlar\u0131n\u0131 tamamlayaca\u011f\u0131z. \u00c7ift\u00e7iye destekleri ekim dikim y\u0131l\u0131 a\u00e7\u0131klayaca\u011f\u0131z ve hasat zaman\u0131nda \u00f6deyece\u011fiz. \u00c7ift\u00e7inin kredi bor\u00e7lar\u0131n\u0131 2 y\u0131l \u00f6demesiz olmak \u00fczere faizsiz erteleyece\u011fiz. Tar\u0131msal kredilerin geri \u00f6deme zaman\u0131n\u0131 ve taksitlerini hasat d\u00f6nemine denk getirece\u011fiz. \u00c7ift\u00e7i, borcunu eline para ge\u00e7ince \u00f6deyecek.\u201d<\/p>\n","protected":false},"excerpt":{"rendered":"<p>DEVA Partisi Genel Ba\u015fkan\u0131 Ali Babacan, Adana\u2019n\u0131n Ceyhan il\u00e7esinde partisinin d\u00fczenledi\u011fi Kent Meydan\u0131\u2019ndaki iftar program\u0131na kat\u0131ld\u0131. Mehmet \u00c7ak\u0131r ba\u015fkanl\u0131\u011f\u0131ndaki DEVA<\/p>\n","protected":false},"author":1,"featured_media":0,"comment_status":"open","ping_status":"open","sticky":false,"template":"","format":"standard","meta":{"footnotes":""},"categories":[8,10,13],"tags":[],"class_list":["post-1740","post","type-post","status-publish","format-standard","hentry","category-ekonomi","category-gundem","category-siyaset"],"yoast_head":"<!-- This site is optimized with the Yoast SEO plugin v28.2 - https:\/\/yoast.com\/product\/yoast-seo-wordpress\/ -->\n<title>Babacan Ceyhan\u2019da programa kat\u0131ld\u0131. - MAV\u0130 HABER<\/title>\n<meta name=\"robots\" content=\"index, follow, max-snippet:-1, max-image-preview:large, max-video-preview:-1\" \/>\n<link rel=\"canonical\" href=\"https:\/\/www.mavihaber.com.tr\/?p=1740\" \/>\n<meta property=\"og:locale\" content=\"tr_TR\" \/>\n<meta property=\"og:type\" content=\"article\" \/>\n<meta property=\"og:title\" content=\"Babacan Ceyhan\u2019da programa kat\u0131ld\u0131. - MAV\u0130 HABER\" \/>\n<meta property=\"og:description\" content=\"DEVA Partisi Genel Ba\u015fkan\u0131 Ali Babacan, Adana\u2019n\u0131n Ceyhan il\u00e7esinde partisinin d\u00fczenledi\u011fi Kent Meydan\u0131\u2019ndaki iftar program\u0131na kat\u0131ld\u0131. Mehmet \u00c7ak\u0131r ba\u015fkanl\u0131\u011f\u0131ndaki DEVA\" \/>\n<meta property=\"og:url\" content=\"https:\/\/www.mavihaber.com.tr\/?p=1740\" \/>\n<meta property=\"og:site_name\" content=\"MAV\u0130 HABER\" \/>\n<meta property=\"article:publisher\" content=\"https:\/\/www.facebook.com\/ceyhan.mavi.142\/\" \/>\n<meta property=\"article:published_time\" content=\"2022-04-18T13:21:14+00:00\" \/>\n<meta property=\"article:modified_time\" content=\"2022-04-18T13:25:26+00:00\" \/>\n<meta name=\"author\" content=\"MAV\u0130 HABER\" \/>\n<meta name=\"twitter:card\" content=\"summary_large_image\" \/>\n<meta name=\"twitter:creator\" content=\"@ceyhanmavihaber\" \/>\n<meta name=\"twitter:site\" content=\"@ceyhanmavihaber\" \/>\n<meta name=\"twitter:label1\" content=\"Yazan:\" \/>\n\t<meta name=\"twitter:data1\" content=\"MAV\u0130 HABER\" \/>\n\t<meta name=\"twitter:label2\" content=\"Tahmini okuma s\u00fcresi\" \/>\n\t<meta name=\"twitter:data2\" content=\"3 dakika\" \/>\n<script type=\"application\/ld+json\" class=\"yoast-schema-graph\">{\"@context\":\"https:\\\/\\\/schema.org\",\"@graph\":[{\"@type\":\"Article\",\"@id\":\"https:\\\/\\\/www.mavihaber.com.tr\\\/?p=1740#article\",\"isPartOf\":{\"@id\":\"https:\\\/\\\/www.mavihaber.com.tr\\\/?p=1740\"},\"author\":{\"name\":\"MAV\u0130 HABER\",\"@id\":\"https:\\\/\\\/www.mavihaber.com.tr\\\/#\\\/schema\\\/person\\\/6b483c36decdaf2ea80ccc7e00592ec5\"},\"headline\":\"Babacan Ceyhan\u2019da programa kat\u0131ld\u0131.\",\"datePublished\":\"2022-04-18T13:21:14+00:00\",\"dateModified\":\"2022-04-18T13:25:26+00:00\",\"mainEntityOfPage\":{\"@id\":\"https:\\\/\\\/www.mavihaber.com.tr\\\/?p=1740\"},\"wordCount\":631,\"commentCount\":0,\"publisher\":{\"@id\":\"https:\\\/\\\/www.mavihaber.com.tr\\\/#organization\"},\"image\":{\"@id\":\"https:\\\/\\\/www.mavihaber.com.tr\\\/?p=1740#primaryimage\"},\"thumbnailUrl\":\"http:\\\/\\\/www.mavihaber.com.tr\\\/wp-content\\\/uploads\\\/2022\\\/04\\\/WhatsApp-Image-2022-04-18-at-16.04.17-1-300x200.jpeg\",\"articleSection\":[\"Ekonomi\",\"G\u00fcndem\",\"Siyaset\"],\"inLanguage\":\"tr\",\"potentialAction\":[{\"@type\":\"CommentAction\",\"name\":\"Comment\",\"target\":[\"https:\\\/\\\/www.mavihaber.com.tr\\\/?p=1740#respond\"]}]},{\"@type\":\"WebPage\",\"@id\":\"https:\\\/\\\/www.mavihaber.com.tr\\\/?p=1740\",\"url\":\"https:\\\/\\\/www.mavihaber.com.tr\\\/?p=1740\",\"name\":\"Babacan Ceyhan\u2019da programa kat\u0131ld\u0131. - MAV\u0130 HABER\",\"isPartOf\":{\"@id\":\"https:\\\/\\\/www.mavihaber.com.tr\\\/#website\"},\"primaryImageOfPage\":{\"@id\":\"https:\\\/\\\/www.mavihaber.com.tr\\\/?p=1740#primaryimage\"},\"image\":{\"@id\":\"https:\\\/\\\/www.mavihaber.com.tr\\\/?p=1740#primaryimage\"},\"thumbnailUrl\":\"http:\\\/\\\/www.mavihaber.com.tr\\\/wp-content\\\/uploads\\\/2022\\\/04\\\/WhatsApp-Image-2022-04-18-at-16.04.17-1-300x200.jpeg\",\"datePublished\":\"2022-04-18T13:21:14+00:00\",\"dateModified\":\"2022-04-18T13:25:26+00:00\",\"breadcrumb\":{\"@id\":\"https:\\\/\\\/www.mavihaber.com.tr\\\/?p=1740#breadcrumb\"},\"inLanguage\":\"tr\",\"potentialAction\":[{\"@type\":\"ReadAction\",\"target\":[\"https:\\\/\\\/www.mavihaber.com.tr\\\/?p=1740\"]}]},{\"@type\":\"ImageObject\",\"inLanguage\":\"tr\",\"@id\":\"https:\\\/\\\/www.mavihaber.com.tr\\\/?p=1740#primaryimage\",\"url\":\"\",\"contentUrl\":\"\"},{\"@type\":\"BreadcrumbList\",\"@id\":\"https:\\\/\\\/www.mavihaber.com.tr\\\/?p=1740#breadcrumb\",\"itemListElement\":[{\"@type\":\"ListItem\",\"position\":1,\"name\":\"Anasayfa\",\"item\":\"https:\\\/\\\/www.mavihaber.com.tr\\\/\"},{\"@type\":\"ListItem\",\"position\":2,\"name\":\"Babacan Ceyhan\u2019da programa kat\u0131ld\u0131.\"}]},{\"@type\":\"WebSite\",\"@id\":\"https:\\\/\\\/www.mavihaber.com.tr\\\/#website\",\"url\":\"https:\\\/\\\/www.mavihaber.com.tr\\\/\",\"name\":\"MAV\u0130 HABER\",\"description\":\"S&Ouml;Z U&Ccedil;AR YAZI KALIR\",\"publisher\":{\"@id\":\"https:\\\/\\\/www.mavihaber.com.tr\\\/#organization\"},\"potentialAction\":[{\"@type\":\"SearchAction\",\"target\":{\"@type\":\"EntryPoint\",\"urlTemplate\":\"https:\\\/\\\/www.mavihaber.com.tr\\\/?s={search_term_string}\"},\"query-input\":{\"@type\":\"PropertyValueSpecification\",\"valueRequired\":true,\"valueName\":\"search_term_string\"}}],\"inLanguage\":\"tr\"},{\"@type\":\"Organization\",\"@id\":\"https:\\\/\\\/www.mavihaber.com.tr\\\/#organization\",\"name\":\"MAV\u0130 HABER\",\"url\":\"https:\\\/\\\/www.mavihaber.com.tr\\\/\",\"logo\":{\"@type\":\"ImageObject\",\"inLanguage\":\"tr\",\"@id\":\"https:\\\/\\\/www.mavihaber.com.tr\\\/#\\\/schema\\\/logo\\\/image\\\/\",\"url\":\"http:\\\/\\\/www.mavihaber.com.tr\\\/wp-content\\\/uploads\\\/2022\\\/02\\\/mavi-logo.png\",\"contentUrl\":\"http:\\\/\\\/www.mavihaber.com.tr\\\/wp-content\\\/uploads\\\/2022\\\/02\\\/mavi-logo.png\",\"width\":301,\"height\":81,\"caption\":\"MAV\u0130 HABER\"},\"image\":{\"@id\":\"https:\\\/\\\/www.mavihaber.com.tr\\\/#\\\/schema\\\/logo\\\/image\\\/\"},\"sameAs\":[\"https:\\\/\\\/www.facebook.com\\\/ceyhan.mavi.142\\\/\",\"https:\\\/\\\/x.com\\\/ceyhanmavihaber\",\"https:\\\/\\\/www.instagram.com\\\/ceyhanmavihaber\\\/\",\"https:\\\/\\\/www.youtube.com\\\/channel\\\/UCJQ-0-AFgj2GjI269QDUwNw\"]},{\"@type\":\"Person\",\"@id\":\"https:\\\/\\\/www.mavihaber.com.tr\\\/#\\\/schema\\\/person\\\/6b483c36decdaf2ea80ccc7e00592ec5\",\"name\":\"MAV\u0130 HABER\",\"image\":{\"@type\":\"ImageObject\",\"inLanguage\":\"tr\",\"@id\":\"https:\\\/\\\/secure.gravatar.com\\\/avatar\\\/8ec447ff07537b3472bb74c7b4212a4d84d9e722e01a066cab36264a08dd2a23?s=96&d=mm&r=g\",\"url\":\"https:\\\/\\\/secure.gravatar.com\\\/avatar\\\/8ec447ff07537b3472bb74c7b4212a4d84d9e722e01a066cab36264a08dd2a23?s=96&d=mm&r=g\",\"contentUrl\":\"https:\\\/\\\/secure.gravatar.com\\\/avatar\\\/8ec447ff07537b3472bb74c7b4212a4d84d9e722e01a066cab36264a08dd2a23?s=96&d=mm&r=g\",\"caption\":\"MAV\u0130 HABER\"},\"sameAs\":[\"http:\\\/\\\/www.mavihaber.com.tr\"],\"url\":\"https:\\\/\\\/www.mavihaber.com.tr\\\/?author=1\"}]}<\/script>\n<!-- \/ Yoast SEO plugin. -->","yoast_head_json":{"title":"Babacan Ceyhan\u2019da programa kat\u0131ld\u0131. - MAV\u0130 HABER","robots":{"index":"index","follow":"follow","max-snippet":"max-snippet:-1","max-image-preview":"max-image-preview:large","max-video-preview":"max-video-preview:-1"},"canonical":"https:\/\/www.mavihaber.com.tr\/?p=1740","og_locale":"tr_TR","og_type":"article","og_title":"Babacan Ceyhan\u2019da programa kat\u0131ld\u0131. - MAV\u0130 HABER","og_description":"DEVA Partisi Genel Ba\u015fkan\u0131 Ali Babacan, Adana\u2019n\u0131n Ceyhan il\u00e7esinde partisinin d\u00fczenledi\u011fi Kent Meydan\u0131\u2019ndaki iftar program\u0131na kat\u0131ld\u0131. Mehmet \u00c7ak\u0131r ba\u015fkanl\u0131\u011f\u0131ndaki DEVA","og_url":"https:\/\/www.mavihaber.com.tr\/?p=1740","og_site_name":"MAV\u0130 HABER","article_publisher":"https:\/\/www.facebook.com\/ceyhan.mavi.142\/","article_published_time":"2022-04-18T13:21:14+00:00","article_modified_time":"2022-04-18T13:25:26+00:00","author":"MAV\u0130 HABER","twitter_card":"summary_large_image","twitter_creator":"@ceyhanmavihaber","twitter_site":"@ceyhanmavihaber","twitter_misc":{"Yazan:":"MAV\u0130 HABER","Tahmini okuma s\u00fcresi":"3 dakika"},"schema":{"@context":"https:\/\/schema.org","@graph":[{"@type":"Article","@id":"https:\/\/www.mavihaber.com.tr\/?p=1740#article","isPartOf":{"@id":"https:\/\/www.mavihaber.com.tr\/?p=1740"},"author":{"name":"MAV\u0130 HABER","@id":"https:\/\/www.mavihaber.com.tr\/#\/schema\/person\/6b483c36decdaf2ea80ccc7e00592ec5"},"headline":"Babacan Ceyhan\u2019da programa kat\u0131ld\u0131.","datePublished":"2022-04-18T13:21:14+00:00","dateModified":"2022-04-18T13:25:26+00:00","mainEntityOfPage":{"@id":"https:\/\/www.mavihaber.com.tr\/?p=1740"},"wordCount":631,"commentCount":0,"publisher":{"@id":"https:\/\/www.mavihaber.com.tr\/#organization"},"image":{"@id":"https:\/\/www.mavihaber.com.tr\/?p=1740#primaryimage"},"thumbnailUrl":"http:\/\/www.mavihaber.com.tr\/wp-content\/uploads\/2022\/04\/WhatsApp-Image-2022-04-18-at-16.04.17-1-300x200.jpeg","articleSection":["Ekonomi","G\u00fcndem","Siyaset"],"inLanguage":"tr","potentialAction":[{"@type":"CommentAction","name":"Comment","target":["https:\/\/www.mavihaber.com.tr\/?p=1740#respond"]}]},{"@type":"WebPage","@id":"https:\/\/www.mavihaber.com.tr\/?p=1740","url":"https:\/\/www.mavihaber.com.tr\/?p=1740","name":"Babacan Ceyhan\u2019da programa kat\u0131ld\u0131. - MAV\u0130 HABER","isPartOf":{"@id":"https:\/\/www.mavihaber.com.tr\/#website"},"primaryImageOfPage":{"@id":"https:\/\/www.mavihaber.com.tr\/?p=1740#primaryimage"},"image":{"@id":"https:\/\/www.mavihaber.com.tr\/?p=1740#primaryimage"},"thumbnailUrl":"http:\/\/www.mavihaber.com.tr\/wp-content\/uploads\/2022\/04\/WhatsApp-Image-2022-04-18-at-16.04.17-1-300x200.jpeg","datePublished":"2022-04-18T13:21:14+00:00","dateModified":"2022-04-18T13:25:26+00:00","breadcrumb":{"@id":"https:\/\/www.mavihaber.com.tr\/?p=1740#breadcrumb"},"inLanguage":"tr","potentialAction":[{"@type":"ReadAction","target":["https:\/\/www.mavihaber.com.tr\/?p=1740"]}]},{"@type":"ImageObject","inLanguage":"tr","@id":"https:\/\/www.mavihaber.com.tr\/?p=1740#primaryimage","url":"","contentUrl":""},{"@type":"BreadcrumbList","@id":"https:\/\/www.mavihaber.com.tr\/?p=1740#breadcrumb","itemListElement":[{"@type":"ListItem","position":1,"name":"Anasayfa","item":"https:\/\/www.mavihaber.com.tr\/"},{"@type":"ListItem","position":2,"name":"Babacan Ceyhan\u2019da programa kat\u0131ld\u0131."}]},{"@type":"WebSite","@id":"https:\/\/www.mavihaber.com.tr\/#website","url":"https:\/\/www.mavihaber.com.tr\/","name":"MAV\u0130 HABER","description":"S&Ouml;Z U&Ccedil;AR YAZI KALIR","publisher":{"@id":"https:\/\/www.mavihaber.com.tr\/#organization"},"potentialAction":[{"@type":"SearchAction","target":{"@type":"EntryPoint","urlTemplate":"https:\/\/www.mavihaber.com.tr\/?s={search_term_string}"},"query-input":{"@type":"PropertyValueSpecification","valueRequired":true,"valueName":"search_term_string"}}],"inLanguage":"tr"},{"@type":"Organization","@id":"https:\/\/www.mavihaber.com.tr\/#organization","name":"MAV\u0130 HABER","url":"https:\/\/www.mavihaber.com.tr\/","logo":{"@type":"ImageObject","inLanguage":"tr","@id":"https:\/\/www.mavihaber.com.tr\/#\/schema\/logo\/image\/","url":"http:\/\/www.mavihaber.com.tr\/wp-content\/uploads\/2022\/02\/mavi-logo.png","contentUrl":"http:\/\/www.mavihaber.com.tr\/wp-content\/uploads\/2022\/02\/mavi-logo.png","width":301,"height":81,"caption":"MAV\u0130 HABER"},"image":{"@id":"https:\/\/www.mavihaber.com.tr\/#\/schema\/logo\/image\/"},"sameAs":["https:\/\/www.facebook.com\/ceyhan.mavi.142\/","https:\/\/x.com\/ceyhanmavihaber","https:\/\/www.instagram.com\/ceyhanmavihaber\/","https:\/\/www.youtube.com\/channel\/UCJQ-0-AFgj2GjI269QDUwNw"]},{"@type":"Person","@id":"https:\/\/www.mavihaber.com.tr\/#\/schema\/person\/6b483c36decdaf2ea80ccc7e00592ec5","name":"MAV\u0130 HABER","image":{"@type":"ImageObject","inLanguage":"tr","@id":"https:\/\/secure.gravatar.com\/avatar\/8ec447ff07537b3472bb74c7b4212a4d84d9e722e01a066cab36264a08dd2a23?s=96&d=mm&r=g","url":"https:\/\/secure.gravatar.com\/avatar\/8ec447ff07537b3472bb74c7b4212a4d84d9e722e01a066cab36264a08dd2a23?s=96&d=mm&r=g","contentUrl":"https:\/\/secure.gravatar.com\/avatar\/8ec447ff07537b3472bb74c7b4212a4d84d9e722e01a066cab36264a08dd2a23?s=96&d=mm&r=g","caption":"MAV\u0130 HABER"},"sameAs":["http:\/\/www.mavihaber.com.tr"],"url":"https:\/\/www.mavihaber.com.tr\/?author=1"}]}},"views":375,"_links":{"self":[{"href":"https:\/\/www.mavihaber.com.tr\/index.php?rest_route=\/wp\/v2\/posts\/1740","targetHints":{"allow":["GET"]}}],"collection":[{"href":"https:\/\/www.mavihaber.com.tr\/index.php?rest_route=\/wp\/v2\/posts"}],"about":[{"href":"https:\/\/www.mavihaber.com.tr\/index.php?rest_route=\/wp\/v2\/types\/post"}],"author":[{"embeddable":true,"href":"https:\/\/www.mavihaber.com.tr\/index.php?rest_route=\/wp\/v2\/users\/1"}],"replies":[{"embeddable":true,"href":"https:\/\/www.mavihaber.com.tr\/index.php?rest_route=%2Fwp%2Fv2%2Fcomments&post=1740"}],"version-history":[{"count":1,"href":"https:\/\/www.mavihaber.com.tr\/index.php?rest_route=\/wp\/v2\/posts\/1740\/revisions"}],"predecessor-version":[{"id":1746,"href":"https:\/\/www.mavihaber.com.tr\/index.php?rest_route=\/wp\/v2\/posts\/1740\/revisions\/1746"}],"wp:attachment":[{"href":"https:\/\/www.mavihaber.com.tr\/index.php?rest_route=%2Fwp%2Fv2%2Fmedia&parent=1740"}],"wp:term":[{"taxonomy":"category","embeddable":true,"href":"https:\/\/www.mavihaber.com.tr\/index.php?rest_route=%2Fwp%2Fv2%2Fcategories&post=1740"},{"taxonomy":"post_tag","embeddable":true,"href":"https:\/\/www.mavihaber.com.tr\/index.php?rest_route=%2Fwp%2Fv2%2Ftags&post=1740"}],"curies":[{"name":"wp","href":"https:\/\/api.w.org\/{rel}","templated":true}]}}