{"id":1802,"date":"2022-04-20T11:15:29","date_gmt":"2022-04-20T11:15:29","guid":{"rendered":"http:\/\/www.mavihaber.com.tr\/?p=1802"},"modified":"2022-04-20T11:15:29","modified_gmt":"2022-04-20T11:15:29","slug":"ogretmen-adaylarinin-gozu-kulagi-bakanin-iki-dudagi-arasinda","status":"publish","type":"post","link":"https:\/\/www.mavihaber.com.tr\/?p=1802","title":{"rendered":"\u201c\u00d6\u011fretmen Adaylar\u0131n\u0131n G\u00f6z\u00fc Kula\u011f\u0131 Bakan\u0131n \u0130ki Duda\u011f\u0131 Aras\u0131nda\u201d"},"content":{"rendered":"<p>CHP Adana Milletvekili ve TBMM Kit Komisyonu \u00dcyesi Orhan S\u00fcmer, \u201cMilli E\u011fitim Bakan\u0131\u2019n\u0131n Bayram \u00d6ncesi \u00d6\u011fretmen atamalar\u0131 i\u00e7in kadrolar\u0131 a\u00e7\u0131klayaca\u011f\u0131z\u201d s\u00f6z\u00fcn\u00fcn halen yerine getirilmemesini T\u00fcrkiye B\u00fcy\u00fck Millet Meclisi G\u00fcndemine ta\u015f\u0131d\u0131<\/p>\n<p>Orhan S\u00fcmer, \u201c\u00d6\u011fretmen Adaylar\u0131n\u0131n G\u00f6z\u00fc Kula\u011f\u0131 Bakan\u0131n \u0130ki Duda\u011f\u0131 Aras\u0131nda\u201d Dedi<\/p>\n<p>\u00d6\u011eRETMEN ADAYLARININ KADRO S\u00d6Z\u00dcN\u00dc UNUTMAYIN<\/p>\n<p>Orhan S\u00fcmer, \u201cMilli E\u011fitim Bakan\u0131 Kat\u0131ld\u0131\u011f\u0131 Televizyon Program\u0131nda \u201cBayram \u00d6ncesi \u00d6\u011fretmen atamas\u0131 yapaca\u011f\u0131z. Bununla ilgili \u00e7al\u0131\u015fmalar\u0131m\u0131z devam ediyor. \u00c7ok fazla gen\u00e7lerimizi bekletmeden g\u00fczel haberleri payla\u015f\u0131r\u0131z\u201d \u0130fadeleri kullanm\u0131\u015ft\u0131. Bu konu\u015fman\u0131n ard\u0131ndan tam 47 g\u00fcn ge\u00e7ti. Ne yaz\u0131k ki halen atama takvimi a\u00e7\u0131klanmad\u0131. Milyonlarca gen\u00e7 atama takvimin a\u00e7\u0131klanmas\u0131 i\u00e7in beklemeye devam ediyor. E\u011fitim gibi en temel sorunlardan bir tanesini \u00e7\u00f6zme i\u00e7in donan\u0131ml\u0131 iyi yeti\u015fmi\u015f \u00f6\u011fretmenlere ihtiyac\u0131m\u0131z var. Ne yaz\u0131k ki Saray \u0130ktidar\u0131 konu \u00f6\u011fretmen adaylar\u0131 oldu\u011fu zaman t\u00fcm raporlarda ihtiya\u00e7 oldu\u011fu belgelenmesine ra\u011fmen atama yapmaktan ka\u00e7\u0131n\u0131yor.\u201d Dedi<\/p>\n<p>ON B\u0130NLERCE ATAMA BEKLEYEN \u00d6\u011eRETMEN VAR<\/p>\n<p>Orhan S\u00fcmer, \u201cDaha \u00f6nce \u00f6\u011fretmen atamas\u0131 i\u00e7in \u201cKaynak Yok\u201d a\u00e7\u0131klamas\u0131 yapanlar \u015fimdi de gen\u00e7lerin hayallerini bo\u015fa \u00e7\u0131kart\u0131yorlar. K\u0131sa s\u00fcrede atama yapaca\u011f\u0131z deyip daha sonra insanlar\u0131 karanl\u0131kta b\u0131rakmak devlet adab\u0131na yak\u0131\u015fmaz.<\/p>\n<p>\u00d6zellikle Covid 19 d\u00f6neminde uzaktan e\u011fitimi bahane ederek \u00f6\u011fretmen atamalar\u0131ndan ka\u00e7\u0131nan Saray \u0130ktidar\u0131n E\u011fitim bilimlerindeki t\u00fcm kadrolara yetecek \u015fekilde bir an \u00f6nce atama takvimini a\u00e7\u0131klamas\u0131 gerekmektedir. On binlerce gen\u00e7 e\u011fitim neferinin hayalleri ile oynamay\u0131n\u201d Dedi<\/p>\n<p>\u0130KT\u0130DAR \u00d6\u011eRETMENLER\u0130 VASIFSIZ \u0130\u015e\u00c7\u0130 OLMAYA ZORLUYOR<\/p>\n<p>Orhan S\u00fcmer, \u201cBug\u00fcn \u00f6yle bir T\u00fcrkiye var ki. Y\u0131llarca \u00f6\u011fretmen olmak i\u00e7in e\u011fitim g\u00f6rm\u00fc\u015f p\u0131r\u0131l p\u0131r\u0131l gen\u00e7lerimiz atamalar\u0131 ger\u00e7ekle\u015fmedi\u011fi i\u00e7in vas\u0131fs\u0131z i\u015f\u00e7i olarak \u00e7al\u0131\u015fmak zorunda kal\u0131yor. S\u00fcpermarketlerin reyonlar\u0131nda, Pazar tezgahlar\u0131nda, bir fabrikan\u0131n \u00fcretim band\u0131nda asl\u0131nda mesle\u011fi \u00f6\u011fretmenlik olan gen\u00e7lerimizi g\u00f6r\u00fcyoruz. \u0130\u015f bulup \u00e7al\u0131\u015fabilenler kendilerini \u015fansl\u0131 hissediyor. Bunal\u0131ma girip atanamad\u0131\u011f\u0131 i\u00e7in intihar eden \u00f6\u011fretmenlerimizi ayr\u0131 bir yerde tutuyoruz. T\u00fcm bunlar iktidar\u0131n ba\u015ftan a\u015fa\u011f\u0131ya bir birini tetikleyen yanl\u0131\u015f politikalar\u0131n\u0131n sonucudur\u201d Dedi<\/p>\n","protected":false},"excerpt":{"rendered":"<p>CHP Adana Milletvekili ve TBMM Kit Komisyonu \u00dcyesi Orhan S\u00fcmer, \u201cMilli E\u011fitim Bakan\u0131\u2019n\u0131n Bayram \u00d6ncesi \u00d6\u011fretmen atamalar\u0131 i\u00e7in kadrolar\u0131 a\u00e7\u0131klayaca\u011f\u0131z\u201d<\/p>\n","protected":false},"author":1,"featured_media":0,"comment_status":"open","ping_status":"open","sticky":false,"template":"","format":"standard","meta":{"footnotes":""},"categories":[24,13],"tags":[],"class_list":["post-1802","post","type-post","status-publish","format-standard","hentry","category-egitim","category-siyaset"],"yoast_head":"<!-- This site is optimized with the Yoast SEO plugin v28.2 - https:\/\/yoast.com\/product\/yoast-seo-wordpress\/ -->\n<title>\u201c\u00d6\u011fretmen Adaylar\u0131n\u0131n G\u00f6z\u00fc Kula\u011f\u0131 Bakan\u0131n \u0130ki Duda\u011f\u0131 Aras\u0131nda\u201d - MAV\u0130 HABER<\/title>\n<meta name=\"robots\" content=\"index, follow, max-snippet:-1, max-image-preview:large, max-video-preview:-1\" \/>\n<link rel=\"canonical\" href=\"https:\/\/www.mavihaber.com.tr\/?p=1802\" \/>\n<meta property=\"og:locale\" content=\"tr_TR\" \/>\n<meta property=\"og:type\" content=\"article\" \/>\n<meta property=\"og:title\" content=\"\u201c\u00d6\u011fretmen Adaylar\u0131n\u0131n G\u00f6z\u00fc Kula\u011f\u0131 Bakan\u0131n \u0130ki Duda\u011f\u0131 Aras\u0131nda\u201d - MAV\u0130 HABER\" \/>\n<meta property=\"og:description\" content=\"CHP Adana Milletvekili ve TBMM Kit Komisyonu \u00dcyesi Orhan S\u00fcmer, \u201cMilli E\u011fitim Bakan\u0131\u2019n\u0131n Bayram \u00d6ncesi \u00d6\u011fretmen atamalar\u0131 i\u00e7in kadrolar\u0131 a\u00e7\u0131klayaca\u011f\u0131z\u201d\" \/>\n<meta property=\"og:url\" content=\"https:\/\/www.mavihaber.com.tr\/?p=1802\" \/>\n<meta property=\"og:site_name\" content=\"MAV\u0130 HABER\" \/>\n<meta property=\"article:publisher\" content=\"https:\/\/www.facebook.com\/ceyhan.mavi.142\/\" \/>\n<meta property=\"article:published_time\" content=\"2022-04-20T11:15:29+00:00\" \/>\n<meta name=\"author\" content=\"MAV\u0130 HABER\" \/>\n<meta name=\"twitter:card\" content=\"summary_large_image\" \/>\n<meta name=\"twitter:creator\" content=\"@ceyhanmavihaber\" \/>\n<meta name=\"twitter:site\" content=\"@ceyhanmavihaber\" \/>\n<meta name=\"twitter:label1\" content=\"Yazan:\" \/>\n\t<meta name=\"twitter:data1\" content=\"MAV\u0130 HABER\" \/>\n\t<meta name=\"twitter:label2\" content=\"Tahmini okuma s\u00fcresi\" \/>\n\t<meta name=\"twitter:data2\" content=\"2 dakika\" \/>\n<script type=\"application\/ld+json\" class=\"yoast-schema-graph\">{\"@context\":\"https:\\\/\\\/schema.org\",\"@graph\":[{\"@type\":\"Article\",\"@id\":\"https:\\\/\\\/www.mavihaber.com.tr\\\/?p=1802#article\",\"isPartOf\":{\"@id\":\"https:\\\/\\\/www.mavihaber.com.tr\\\/?p=1802\"},\"author\":{\"name\":\"MAV\u0130 HABER\",\"@id\":\"https:\\\/\\\/www.mavihaber.com.tr\\\/#\\\/schema\\\/person\\\/6b483c36decdaf2ea80ccc7e00592ec5\"},\"headline\":\"\u201c\u00d6\u011fretmen Adaylar\u0131n\u0131n G\u00f6z\u00fc Kula\u011f\u0131 Bakan\u0131n \u0130ki Duda\u011f\u0131 Aras\u0131nda\u201d\",\"datePublished\":\"2022-04-20T11:15:29+00:00\",\"mainEntityOfPage\":{\"@id\":\"https:\\\/\\\/www.mavihaber.com.tr\\\/?p=1802\"},\"wordCount\":410,\"commentCount\":0,\"publisher\":{\"@id\":\"https:\\\/\\\/www.mavihaber.com.tr\\\/#organization\"},\"articleSection\":[\"E\u011fitim\",\"Siyaset\"],\"inLanguage\":\"tr\",\"potentialAction\":[{\"@type\":\"CommentAction\",\"name\":\"Comment\",\"target\":[\"https:\\\/\\\/www.mavihaber.com.tr\\\/?p=1802#respond\"]}]},{\"@type\":\"WebPage\",\"@id\":\"https:\\\/\\\/www.mavihaber.com.tr\\\/?p=1802\",\"url\":\"https:\\\/\\\/www.mavihaber.com.tr\\\/?p=1802\",\"name\":\"\u201c\u00d6\u011fretmen Adaylar\u0131n\u0131n G\u00f6z\u00fc Kula\u011f\u0131 Bakan\u0131n \u0130ki Duda\u011f\u0131 Aras\u0131nda\u201d - MAV\u0130 HABER\",\"isPartOf\":{\"@id\":\"https:\\\/\\\/www.mavihaber.com.tr\\\/#website\"},\"datePublished\":\"2022-04-20T11:15:29+00:00\",\"breadcrumb\":{\"@id\":\"https:\\\/\\\/www.mavihaber.com.tr\\\/?p=1802#breadcrumb\"},\"inLanguage\":\"tr\",\"potentialAction\":[{\"@type\":\"ReadAction\",\"target\":[\"https:\\\/\\\/www.mavihaber.com.tr\\\/?p=1802\"]}]},{\"@type\":\"BreadcrumbList\",\"@id\":\"https:\\\/\\\/www.mavihaber.com.tr\\\/?p=1802#breadcrumb\",\"itemListElement\":[{\"@type\":\"ListItem\",\"position\":1,\"name\":\"Anasayfa\",\"item\":\"https:\\\/\\\/www.mavihaber.com.tr\\\/\"},{\"@type\":\"ListItem\",\"position\":2,\"name\":\"\u201c\u00d6\u011fretmen Adaylar\u0131n\u0131n G\u00f6z\u00fc Kula\u011f\u0131 Bakan\u0131n \u0130ki Duda\u011f\u0131 Aras\u0131nda\u201d\"}]},{\"@type\":\"WebSite\",\"@id\":\"https:\\\/\\\/www.mavihaber.com.tr\\\/#website\",\"url\":\"https:\\\/\\\/www.mavihaber.com.tr\\\/\",\"name\":\"MAV\u0130 HABER\",\"description\":\"S&Ouml;Z U&Ccedil;AR YAZI KALIR\",\"publisher\":{\"@id\":\"https:\\\/\\\/www.mavihaber.com.tr\\\/#organization\"},\"potentialAction\":[{\"@type\":\"SearchAction\",\"target\":{\"@type\":\"EntryPoint\",\"urlTemplate\":\"https:\\\/\\\/www.mavihaber.com.tr\\\/?s={search_term_string}\"},\"query-input\":{\"@type\":\"PropertyValueSpecification\",\"valueRequired\":true,\"valueName\":\"search_term_string\"}}],\"inLanguage\":\"tr\"},{\"@type\":\"Organization\",\"@id\":\"https:\\\/\\\/www.mavihaber.com.tr\\\/#organization\",\"name\":\"MAV\u0130 HABER\",\"url\":\"https:\\\/\\\/www.mavihaber.com.tr\\\/\",\"logo\":{\"@type\":\"ImageObject\",\"inLanguage\":\"tr\",\"@id\":\"https:\\\/\\\/www.mavihaber.com.tr\\\/#\\\/schema\\\/logo\\\/image\\\/\",\"url\":\"http:\\\/\\\/www.mavihaber.com.tr\\\/wp-content\\\/uploads\\\/2022\\\/02\\\/mavi-logo.png\",\"contentUrl\":\"http:\\\/\\\/www.mavihaber.com.tr\\\/wp-content\\\/uploads\\\/2022\\\/02\\\/mavi-logo.png\",\"width\":301,\"height\":81,\"caption\":\"MAV\u0130 HABER\"},\"image\":{\"@id\":\"https:\\\/\\\/www.mavihaber.com.tr\\\/#\\\/schema\\\/logo\\\/image\\\/\"},\"sameAs\":[\"https:\\\/\\\/www.facebook.com\\\/ceyhan.mavi.142\\\/\",\"https:\\\/\\\/x.com\\\/ceyhanmavihaber\",\"https:\\\/\\\/www.instagram.com\\\/ceyhanmavihaber\\\/\",\"https:\\\/\\\/www.youtube.com\\\/channel\\\/UCJQ-0-AFgj2GjI269QDUwNw\"]},{\"@type\":\"Person\",\"@id\":\"https:\\\/\\\/www.mavihaber.com.tr\\\/#\\\/schema\\\/person\\\/6b483c36decdaf2ea80ccc7e00592ec5\",\"name\":\"MAV\u0130 HABER\",\"image\":{\"@type\":\"ImageObject\",\"inLanguage\":\"tr\",\"@id\":\"https:\\\/\\\/secure.gravatar.com\\\/avatar\\\/8ec447ff07537b3472bb74c7b4212a4d84d9e722e01a066cab36264a08dd2a23?s=96&d=mm&r=g\",\"url\":\"https:\\\/\\\/secure.gravatar.com\\\/avatar\\\/8ec447ff07537b3472bb74c7b4212a4d84d9e722e01a066cab36264a08dd2a23?s=96&d=mm&r=g\",\"contentUrl\":\"https:\\\/\\\/secure.gravatar.com\\\/avatar\\\/8ec447ff07537b3472bb74c7b4212a4d84d9e722e01a066cab36264a08dd2a23?s=96&d=mm&r=g\",\"caption\":\"MAV\u0130 HABER\"},\"sameAs\":[\"http:\\\/\\\/www.mavihaber.com.tr\"],\"url\":\"https:\\\/\\\/www.mavihaber.com.tr\\\/?author=1\"}]}<\/script>\n<!-- \/ Yoast SEO plugin. -->","yoast_head_json":{"title":"\u201c\u00d6\u011fretmen Adaylar\u0131n\u0131n G\u00f6z\u00fc Kula\u011f\u0131 Bakan\u0131n \u0130ki Duda\u011f\u0131 Aras\u0131nda\u201d - MAV\u0130 HABER","robots":{"index":"index","follow":"follow","max-snippet":"max-snippet:-1","max-image-preview":"max-image-preview:large","max-video-preview":"max-video-preview:-1"},"canonical":"https:\/\/www.mavihaber.com.tr\/?p=1802","og_locale":"tr_TR","og_type":"article","og_title":"\u201c\u00d6\u011fretmen Adaylar\u0131n\u0131n G\u00f6z\u00fc Kula\u011f\u0131 Bakan\u0131n \u0130ki Duda\u011f\u0131 Aras\u0131nda\u201d - MAV\u0130 HABER","og_description":"CHP Adana Milletvekili ve TBMM Kit Komisyonu \u00dcyesi Orhan S\u00fcmer, \u201cMilli E\u011fitim Bakan\u0131\u2019n\u0131n Bayram \u00d6ncesi \u00d6\u011fretmen atamalar\u0131 i\u00e7in kadrolar\u0131 a\u00e7\u0131klayaca\u011f\u0131z\u201d","og_url":"https:\/\/www.mavihaber.com.tr\/?p=1802","og_site_name":"MAV\u0130 HABER","article_publisher":"https:\/\/www.facebook.com\/ceyhan.mavi.142\/","article_published_time":"2022-04-20T11:15:29+00:00","author":"MAV\u0130 HABER","twitter_card":"summary_large_image","twitter_creator":"@ceyhanmavihaber","twitter_site":"@ceyhanmavihaber","twitter_misc":{"Yazan:":"MAV\u0130 HABER","Tahmini okuma s\u00fcresi":"2 dakika"},"schema":{"@context":"https:\/\/schema.org","@graph":[{"@type":"Article","@id":"https:\/\/www.mavihaber.com.tr\/?p=1802#article","isPartOf":{"@id":"https:\/\/www.mavihaber.com.tr\/?p=1802"},"author":{"name":"MAV\u0130 HABER","@id":"https:\/\/www.mavihaber.com.tr\/#\/schema\/person\/6b483c36decdaf2ea80ccc7e00592ec5"},"headline":"\u201c\u00d6\u011fretmen Adaylar\u0131n\u0131n G\u00f6z\u00fc Kula\u011f\u0131 Bakan\u0131n \u0130ki Duda\u011f\u0131 Aras\u0131nda\u201d","datePublished":"2022-04-20T11:15:29+00:00","mainEntityOfPage":{"@id":"https:\/\/www.mavihaber.com.tr\/?p=1802"},"wordCount":410,"commentCount":0,"publisher":{"@id":"https:\/\/www.mavihaber.com.tr\/#organization"},"articleSection":["E\u011fitim","Siyaset"],"inLanguage":"tr","potentialAction":[{"@type":"CommentAction","name":"Comment","target":["https:\/\/www.mavihaber.com.tr\/?p=1802#respond"]}]},{"@type":"WebPage","@id":"https:\/\/www.mavihaber.com.tr\/?p=1802","url":"https:\/\/www.mavihaber.com.tr\/?p=1802","name":"\u201c\u00d6\u011fretmen Adaylar\u0131n\u0131n G\u00f6z\u00fc Kula\u011f\u0131 Bakan\u0131n \u0130ki Duda\u011f\u0131 Aras\u0131nda\u201d - MAV\u0130 HABER","isPartOf":{"@id":"https:\/\/www.mavihaber.com.tr\/#website"},"datePublished":"2022-04-20T11:15:29+00:00","breadcrumb":{"@id":"https:\/\/www.mavihaber.com.tr\/?p=1802#breadcrumb"},"inLanguage":"tr","potentialAction":[{"@type":"ReadAction","target":["https:\/\/www.mavihaber.com.tr\/?p=1802"]}]},{"@type":"BreadcrumbList","@id":"https:\/\/www.mavihaber.com.tr\/?p=1802#breadcrumb","itemListElement":[{"@type":"ListItem","position":1,"name":"Anasayfa","item":"https:\/\/www.mavihaber.com.tr\/"},{"@type":"ListItem","position":2,"name":"\u201c\u00d6\u011fretmen Adaylar\u0131n\u0131n G\u00f6z\u00fc Kula\u011f\u0131 Bakan\u0131n \u0130ki Duda\u011f\u0131 Aras\u0131nda\u201d"}]},{"@type":"WebSite","@id":"https:\/\/www.mavihaber.com.tr\/#website","url":"https:\/\/www.mavihaber.com.tr\/","name":"MAV\u0130 HABER","description":"S&Ouml;Z U&Ccedil;AR YAZI KALIR","publisher":{"@id":"https:\/\/www.mavihaber.com.tr\/#organization"},"potentialAction":[{"@type":"SearchAction","target":{"@type":"EntryPoint","urlTemplate":"https:\/\/www.mavihaber.com.tr\/?s={search_term_string}"},"query-input":{"@type":"PropertyValueSpecification","valueRequired":true,"valueName":"search_term_string"}}],"inLanguage":"tr"},{"@type":"Organization","@id":"https:\/\/www.mavihaber.com.tr\/#organization","name":"MAV\u0130 HABER","url":"https:\/\/www.mavihaber.com.tr\/","logo":{"@type":"ImageObject","inLanguage":"tr","@id":"https:\/\/www.mavihaber.com.tr\/#\/schema\/logo\/image\/","url":"http:\/\/www.mavihaber.com.tr\/wp-content\/uploads\/2022\/02\/mavi-logo.png","contentUrl":"http:\/\/www.mavihaber.com.tr\/wp-content\/uploads\/2022\/02\/mavi-logo.png","width":301,"height":81,"caption":"MAV\u0130 HABER"},"image":{"@id":"https:\/\/www.mavihaber.com.tr\/#\/schema\/logo\/image\/"},"sameAs":["https:\/\/www.facebook.com\/ceyhan.mavi.142\/","https:\/\/x.com\/ceyhanmavihaber","https:\/\/www.instagram.com\/ceyhanmavihaber\/","https:\/\/www.youtube.com\/channel\/UCJQ-0-AFgj2GjI269QDUwNw"]},{"@type":"Person","@id":"https:\/\/www.mavihaber.com.tr\/#\/schema\/person\/6b483c36decdaf2ea80ccc7e00592ec5","name":"MAV\u0130 HABER","image":{"@type":"ImageObject","inLanguage":"tr","@id":"https:\/\/secure.gravatar.com\/avatar\/8ec447ff07537b3472bb74c7b4212a4d84d9e722e01a066cab36264a08dd2a23?s=96&d=mm&r=g","url":"https:\/\/secure.gravatar.com\/avatar\/8ec447ff07537b3472bb74c7b4212a4d84d9e722e01a066cab36264a08dd2a23?s=96&d=mm&r=g","contentUrl":"https:\/\/secure.gravatar.com\/avatar\/8ec447ff07537b3472bb74c7b4212a4d84d9e722e01a066cab36264a08dd2a23?s=96&d=mm&r=g","caption":"MAV\u0130 HABER"},"sameAs":["http:\/\/www.mavihaber.com.tr"],"url":"https:\/\/www.mavihaber.com.tr\/?author=1"}]}},"views":342,"_links":{"self":[{"href":"https:\/\/www.mavihaber.com.tr\/index.php?rest_route=\/wp\/v2\/posts\/1802","targetHints":{"allow":["GET"]}}],"collection":[{"href":"https:\/\/www.mavihaber.com.tr\/index.php?rest_route=\/wp\/v2\/posts"}],"about":[{"href":"https:\/\/www.mavihaber.com.tr\/index.php?rest_route=\/wp\/v2\/types\/post"}],"author":[{"embeddable":true,"href":"https:\/\/www.mavihaber.com.tr\/index.php?rest_route=\/wp\/v2\/users\/1"}],"replies":[{"embeddable":true,"href":"https:\/\/www.mavihaber.com.tr\/index.php?rest_route=%2Fwp%2Fv2%2Fcomments&post=1802"}],"version-history":[{"count":1,"href":"https:\/\/www.mavihaber.com.tr\/index.php?rest_route=\/wp\/v2\/posts\/1802\/revisions"}],"predecessor-version":[{"id":1804,"href":"https:\/\/www.mavihaber.com.tr\/index.php?rest_route=\/wp\/v2\/posts\/1802\/revisions\/1804"}],"wp:attachment":[{"href":"https:\/\/www.mavihaber.com.tr\/index.php?rest_route=%2Fwp%2Fv2%2Fmedia&parent=1802"}],"wp:term":[{"taxonomy":"category","embeddable":true,"href":"https:\/\/www.mavihaber.com.tr\/index.php?rest_route=%2Fwp%2Fv2%2Fcategories&post=1802"},{"taxonomy":"post_tag","embeddable":true,"href":"https:\/\/www.mavihaber.com.tr\/index.php?rest_route=%2Fwp%2Fv2%2Ftags&post=1802"}],"curies":[{"name":"wp","href":"https:\/\/api.w.org\/{rel}","templated":true}]}}