{"id":1862,"date":"2022-04-23T15:05:56","date_gmt":"2022-04-23T15:05:56","guid":{"rendered":"http:\/\/www.mavihaber.com.tr\/?p=1862"},"modified":"2022-04-23T15:05:56","modified_gmt":"2022-04-23T15:05:56","slug":"omer-celike-yogun-ilgi","status":"publish","type":"post","link":"https:\/\/www.mavihaber.com.tr\/?p=1862","title":{"rendered":"&#8221;\u00d6mer \u00c7elik\u2019e yo\u011fun ilgi&#8221;"},"content":{"rendered":"<p>AK Parti Genel Ba\u015fkan Yard\u0131mc\u0131s\u0131 ve Parti S\u00f6zc\u00fcs\u00fc \u00d6mer \u00c7elik, AK Parti Ceyhan \u0130l\u00e7e Ba\u015fkanl\u0131\u011f\u0131nca d\u00fczenlenen iftar program\u0131na kat\u0131ld\u0131. Yo\u011fun kat\u0131l\u0131m\u0131n oldu\u011fu iftar program\u0131nda ilgiyle kar\u015f\u0131lanan \u00c7elik, Ceyhanl\u0131larla birlikte olmaktan mutluluk duydu\u011funu belirtti.<\/p>\n<p>Cumhuriyet Meydan\u0131\u2019nda AK Parti \u0130l\u00e7e Te\u015fkilat\u0131n\u0131n d\u00fczenledi\u011fi iftar program\u0131 b\u00fcy\u00fck ilgi g\u00f6rd\u00fc. Alan\u0131 dolduran Ceyhanl\u0131lar, AK Parti Genel Ba\u015fkan Yard\u0131mc\u0131s\u0131 ve Parti S\u00f6zc\u00fcs\u00fc \u00d6mer \u00c7elik\u2019in bulundu\u011fu sofrada oru\u00e7 a\u00e7t\u0131. \u0130l\u00e7e Ba\u015fkan\u0131 Sami \u00d6zsoy ve il\u00e7e te\u015fkilat\u0131yla masalar\u0131 gezen \u00c7elik, vatanda\u015flarla foto\u011fraflar \u00e7ekilerek sohbet etti. \u0130ftar \u00f6ncesi g\u00fcndeme dair konu\u015fma yapan \u00c7elik, Pen\u00e7e-Kilit Operasyonu&#8217;nda g\u00f6rev yapan askerlere selamlar\u0131n\u0131 ve dualar\u0131n\u0131 g\u00f6nderdi<\/p>\n<p>\u201cT\u00dcRK\u0130YE DESTE\u011e\u0130N\u0130ZLE B\u00dcY\u00dcYOR\u201d<\/p>\n<p>Ceyhanl\u0131lara seslenen \u00c7elik, &#8220;\u015eu anda b\u00fct\u00fcn Ceyhanl\u0131 karde\u015flerim, biliyorum ki dualar\u0131nda ter\u00f6rle m\u00fccadele eden askerlerimize, Mehmet\u00e7iklerimize dua ediyor. T\u00fcrkiye&#8217;nin s\u0131n\u0131rlar\u0131n\u0131 korumak, \u00fclkemizi ter\u00f6r tehdidinden uzak tutmak i\u00e7in verilen bu m\u00fccadelede kahramanca m\u00fccadele ederken \u015fehit olan askerlerimize, Mehmet\u00e7iklerimize Allah&#8217;tan rahmet diliyoruz. Mekanlar\u0131 cennet olsun. Buradan, Adana&#8217;dan, Ceyhan&#8217;dan bir kere daha ifade ediyoruz ki g\u00f6nl\u00fcm\u00fcz, kalbimiz, kahraman Mehmet\u00e7ikle beraber. Hi\u00e7 kimse T\u00fcrkiye&#8217;ye yan g\u00f6zle bakamayacak, T\u00fcrkiye&#8217;yi taciz edemeyecek, T\u00fcrkiye&#8217;ye g\u00f6z dikemeyecek. Kara vatan\u0131m\u0131z\u0131 da mavi vatan\u0131m\u0131z\u0131 da hava vatan\u0131m\u0131z\u0131 da sonuna kadar koruyaca\u011f\u0131z. Cumhurba\u015fkan\u0131m\u0131z, Ba\u015fkomutan olarak bir \u015fey s\u00f6ylemi\u015fti, demi\u015fti ki &#8216;T\u00fcrkiye&#8217;ye g\u00f6z dikenlere, T\u00fcrkiye&#8217;ye yan g\u00f6zle bakanlara, topraklar\u0131m\u0131za, mavi vatan\u0131m\u0131za, g\u00f6klerimize g\u00f6z dikmeye \u00e7al\u0131\u015fan gafillere Cumhurba\u015fkan\u0131m\u0131z ba\u015fkomutan olarak \u2018bir gece ans\u0131z\u0131n gelebiliriz\u2019 demi\u015fti. Bir kere daha, bir gece ans\u0131z\u0131n geldik. T\u00fcrkiye&#8217;nin geldi\u011fi noktada art\u0131k savunmam\u0131z\u0131n y\u00fczde 70&#8217;ini milli ve yerli imkanlarla ger\u00e7ekle\u015ftiriyoruz. Ge\u00e7mi\u015fte tabanca almas\u0131 zorla\u015ft\u0131r\u0131lan, ambargo uygulanan bir T\u00fcrkiye, bug\u00fcn karada, havada, denizde \u0130HA&#8217;larla, S\u0130HA&#8217;larla b\u00fct\u00fcn d\u00fcnyan\u0131n dikkatini \u00e7eken bir bi\u00e7imde kendi m\u00fcdafaas\u0131n\u0131, kendi savunmas\u0131n\u0131 yapacak bir kudrete geldi. Bu, sevgili karde\u015flerim, Cumhurba\u015fkan\u0131m\u0131z\u0131n liderli\u011findeki bu b\u00fcy\u00fck y\u00fcr\u00fcy\u00fc\u015fe, bu b\u00fcy\u00fck demokrasi m\u00fccadelesine, T\u00fcrkiye&#8217;nin kalk\u0131nmas\u0131, T\u00fcrkiye&#8217;nin b\u00fcy\u00fcmesi, T\u00fcrkiye&#8217;nin g\u00fc\u00e7lenmesi m\u00fccadelesine sizin verdi\u011finiz destek sayesinde oldu.&#8221; ifadelerini kulland\u0131.<\/p>\n<p>\u201cT\u00dcRK\u0130YE, DOSTA G\u00dcVEN, D\u00dc\u015eMANA KORKU VER\u0130R\u201d<\/p>\n<p>Rusya-Ukrayna Sava\u015f\u0131&#8217;na da de\u011finen \u00c7elik, \u015fu de\u011ferlendirmede bulundu: &#8220;B\u00fct\u00fcn d\u00fcnyada ramazan ay\u0131n\u0131 idrak etti\u011fimiz \u015fu g\u00fcnlerde etraf\u0131m\u0131zdaki sava\u015f\u0131 g\u00f6r\u00fcyorsunuz. Rusya-Ukrayna Sava\u015f\u0131&#8217;n\u0131n b\u00fct\u00fcn bir d\u00fcnyay\u0131 nas\u0131l sarst\u0131\u011f\u0131n\u0131 g\u00f6r\u00fcyorsunuz. Bunun i\u00e7erisinde T\u00fcrkiye, Cumhurba\u015fkan\u0131m\u0131z\u0131n y\u00fcr\u00fctt\u00fc\u011f\u00fc g\u00fc\u00e7l\u00fc diplomasi sayesinde b\u00fct\u00fcn d\u00fcnyan\u0131n g\u00f6zbebe\u011fi olarak bir kere daha \u00f6ne \u00e7\u0131kt\u0131. D\u00fcnyada en g\u00fcvenilir arabulucusu kimdir? T\u00fcrkiye. Dostlar\u0131na g\u00fcven veren, d\u00fc\u015fmanlar\u0131na korku veren \u00fclke kimdir? T\u00fcrkiye. E\u011fer mazlumlar\u0131n ihtiyac\u0131 varsa, mazlumlar\u0131n s\u0131\u011f\u0131na\u011f\u0131 kimdir? T\u00fcrkiye. Dostlara, karde\u015flerimize g\u00f6z dikenlere kar\u015f\u0131 en b\u00fcy\u00fck diren\u00e7 kayna\u011f\u0131, dayanak kimdir? T\u00fcrkiye. Dolay\u0131s\u0131yla y\u00fcr\u00fcd\u00fc\u011f\u00fcm\u00fcz bu yolun T\u00fcrkiye&#8217;yi y\u0131llar ve aylar i\u00e7inde nereye getirdi\u011fini biliyoruz. Bunda Ceyhanl\u0131, Adanal\u0131 karde\u015flerimizin \u00e7ok b\u00fcy\u00fck eme\u011fi, de\u011feri var. Bundan sonra bu de\u011feri b\u00fcy\u00fctmeye, hep beraber bu yollarda y\u00fcr\u00fcmeye, Cumhurba\u015fkan\u0131m\u0131z\u0131n y\u00fcr\u00fctt\u00fc\u011f\u00fc bu g\u00fc\u00e7l\u00fc diplomasiye, g\u00fc\u00e7l\u00fc demokrasi m\u00fccadelesine, T\u00fcrkiye&#8217;yi b\u00fcy\u00fctme, daha iyi yerlere getirme m\u00fccadelesine g\u00fc\u00e7 vermeye, destek vermeye, bu yolu beraber y\u00fcr\u00fcmeye hep beraber devam edece\u011fiz.&#8221; dedi.<\/p>\n<p>\u00d6ZSOY: CEYHANLI\u2019NIN SAYIN \u00c7EL\u0130K SEVG\u0130S\u0130 B\u0130R BA\u015eKA<\/p>\n<p>AK Parti \u0130l\u00e7e Ba\u015fkan\u0131 Sami \u00d6zsoy, \u201cGenel Ba\u015fkan Yard\u0131mc\u0131m\u0131z ve Partimizin S\u00f6zc\u00fcm\u00fcz Say\u0131n \u00d6mer \u00c7elik\u2019i \u015fehrimizde a\u011f\u0131rlamaktan b\u00fcy\u00fck mutluluk duyuyoruz. Bu g\u00fczel iftar program\u0131n\u0131 mitinge d\u00f6n\u00fc\u015ft\u00fcren ve yo\u011fun ilgi g\u00f6steren hem\u015ferilerime can\u0131 g\u00f6n\u00fclden te\u015fekk\u00fcr ediyorum. Ceyhan\u2019\u0131m\u0131z\u0131n g\u00f6nl\u00fcnde ayr\u0131 bir yeri oldu\u011funu s\u00fcrekli ifade eden Say\u0131n \u00c7elik\u2019i hem\u015ferilerimiz \u00f6zledi. Pandemi nedeniyle bu g\u00fczel birlikteliklerden uzak kalm\u0131\u015ft\u0131k. Ceyhanl\u0131lar, \u2018\u00d6mer \u00c7elik Sevgisini\u2019 bug\u00fcn bir kez daha sergiledi\u201d ifadesini kulland\u0131.<\/p>\n<p><img loading=\"lazy\" decoding=\"async\" class=\"alignnone  wp-image-1863\" src=\"http:\/\/www.mavihaber.com.tr\/wp-content\/uploads\/2022\/04\/iz3-1-300x200.jpeg\" alt=\"\" width=\"166\" height=\"111\" \/> <img loading=\"lazy\" decoding=\"async\" class=\"alignnone  wp-image-1864\" src=\"http:\/\/www.mavihaber.com.tr\/wp-content\/uploads\/2022\/04\/iz4-300x200.jpeg\" alt=\"\" width=\"163\" height=\"109\" \/> <img loading=\"lazy\" decoding=\"async\" class=\"alignnone  wp-image-1865\" src=\"http:\/\/www.mavihaber.com.tr\/wp-content\/uploads\/2022\/04\/iz1-300x200.jpeg\" alt=\"\" width=\"164\" height=\"109\" \/><\/p>\n","protected":false},"excerpt":{"rendered":"<p>AK Parti Genel Ba\u015fkan Yard\u0131mc\u0131s\u0131 ve Parti S\u00f6zc\u00fcs\u00fc \u00d6mer \u00c7elik, AK Parti Ceyhan \u0130l\u00e7e Ba\u015fkanl\u0131\u011f\u0131nca d\u00fczenlenen iftar program\u0131na kat\u0131ld\u0131. Yo\u011fun<\/p>\n","protected":false},"author":1,"featured_media":0,"comment_status":"open","ping_status":"open","sticky":false,"template":"","format":"standard","meta":{"footnotes":""},"categories":[10,13],"tags":[],"class_list":["post-1862","post","type-post","status-publish","format-standard","hentry","category-gundem","category-siyaset"],"yoast_head":"<!-- This site is optimized with the Yoast SEO plugin v28.2 - https:\/\/yoast.com\/product\/yoast-seo-wordpress\/ -->\n<title>&#039;&#039;\u00d6mer \u00c7elik\u2019e yo\u011fun ilgi&#039;&#039; - MAV\u0130 HABER<\/title>\n<meta name=\"robots\" content=\"index, follow, max-snippet:-1, max-image-preview:large, max-video-preview:-1\" \/>\n<link rel=\"canonical\" href=\"https:\/\/www.mavihaber.com.tr\/?p=1862\" \/>\n<meta property=\"og:locale\" content=\"tr_TR\" \/>\n<meta property=\"og:type\" content=\"article\" \/>\n<meta property=\"og:title\" content=\"&#039;&#039;\u00d6mer \u00c7elik\u2019e yo\u011fun ilgi&#039;&#039; - MAV\u0130 HABER\" \/>\n<meta property=\"og:description\" content=\"AK Parti Genel Ba\u015fkan Yard\u0131mc\u0131s\u0131 ve Parti S\u00f6zc\u00fcs\u00fc \u00d6mer \u00c7elik, AK Parti Ceyhan \u0130l\u00e7e Ba\u015fkanl\u0131\u011f\u0131nca d\u00fczenlenen iftar program\u0131na kat\u0131ld\u0131. Yo\u011fun\" \/>\n<meta property=\"og:url\" content=\"https:\/\/www.mavihaber.com.tr\/?p=1862\" \/>\n<meta property=\"og:site_name\" content=\"MAV\u0130 HABER\" \/>\n<meta property=\"article:publisher\" content=\"https:\/\/www.facebook.com\/ceyhan.mavi.142\/\" \/>\n<meta property=\"article:published_time\" content=\"2022-04-23T15:05:56+00:00\" \/>\n<meta name=\"author\" content=\"MAV\u0130 HABER\" \/>\n<meta name=\"twitter:card\" content=\"summary_large_image\" \/>\n<meta name=\"twitter:creator\" content=\"@ceyhanmavihaber\" \/>\n<meta name=\"twitter:site\" content=\"@ceyhanmavihaber\" \/>\n<meta name=\"twitter:label1\" content=\"Yazan:\" \/>\n\t<meta name=\"twitter:data1\" content=\"MAV\u0130 HABER\" \/>\n\t<meta name=\"twitter:label2\" content=\"Tahmini okuma s\u00fcresi\" \/>\n\t<meta name=\"twitter:data2\" content=\"4 dakika\" \/>\n<script type=\"application\/ld+json\" class=\"yoast-schema-graph\">{\"@context\":\"https:\\\/\\\/schema.org\",\"@graph\":[{\"@type\":\"Article\",\"@id\":\"https:\\\/\\\/www.mavihaber.com.tr\\\/?p=1862#article\",\"isPartOf\":{\"@id\":\"https:\\\/\\\/www.mavihaber.com.tr\\\/?p=1862\"},\"author\":{\"name\":\"MAV\u0130 HABER\",\"@id\":\"https:\\\/\\\/www.mavihaber.com.tr\\\/#\\\/schema\\\/person\\\/6b483c36decdaf2ea80ccc7e00592ec5\"},\"headline\":\"&#8221;\u00d6mer \u00c7elik\u2019e yo\u011fun ilgi&#8221;\",\"datePublished\":\"2022-04-23T15:05:56+00:00\",\"mainEntityOfPage\":{\"@id\":\"https:\\\/\\\/www.mavihaber.com.tr\\\/?p=1862\"},\"wordCount\":813,\"commentCount\":0,\"publisher\":{\"@id\":\"https:\\\/\\\/www.mavihaber.com.tr\\\/#organization\"},\"image\":{\"@id\":\"https:\\\/\\\/www.mavihaber.com.tr\\\/?p=1862#primaryimage\"},\"thumbnailUrl\":\"http:\\\/\\\/www.mavihaber.com.tr\\\/wp-content\\\/uploads\\\/2022\\\/04\\\/iz3-1-300x200.jpeg\",\"articleSection\":[\"G\u00fcndem\",\"Siyaset\"],\"inLanguage\":\"tr\",\"potentialAction\":[{\"@type\":\"CommentAction\",\"name\":\"Comment\",\"target\":[\"https:\\\/\\\/www.mavihaber.com.tr\\\/?p=1862#respond\"]}]},{\"@type\":\"WebPage\",\"@id\":\"https:\\\/\\\/www.mavihaber.com.tr\\\/?p=1862\",\"url\":\"https:\\\/\\\/www.mavihaber.com.tr\\\/?p=1862\",\"name\":\"''\u00d6mer \u00c7elik\u2019e yo\u011fun ilgi'' - MAV\u0130 HABER\",\"isPartOf\":{\"@id\":\"https:\\\/\\\/www.mavihaber.com.tr\\\/#website\"},\"primaryImageOfPage\":{\"@id\":\"https:\\\/\\\/www.mavihaber.com.tr\\\/?p=1862#primaryimage\"},\"image\":{\"@id\":\"https:\\\/\\\/www.mavihaber.com.tr\\\/?p=1862#primaryimage\"},\"thumbnailUrl\":\"http:\\\/\\\/www.mavihaber.com.tr\\\/wp-content\\\/uploads\\\/2022\\\/04\\\/iz3-1-300x200.jpeg\",\"datePublished\":\"2022-04-23T15:05:56+00:00\",\"breadcrumb\":{\"@id\":\"https:\\\/\\\/www.mavihaber.com.tr\\\/?p=1862#breadcrumb\"},\"inLanguage\":\"tr\",\"potentialAction\":[{\"@type\":\"ReadAction\",\"target\":[\"https:\\\/\\\/www.mavihaber.com.tr\\\/?p=1862\"]}]},{\"@type\":\"ImageObject\",\"inLanguage\":\"tr\",\"@id\":\"https:\\\/\\\/www.mavihaber.com.tr\\\/?p=1862#primaryimage\",\"url\":\"\",\"contentUrl\":\"\"},{\"@type\":\"BreadcrumbList\",\"@id\":\"https:\\\/\\\/www.mavihaber.com.tr\\\/?p=1862#breadcrumb\",\"itemListElement\":[{\"@type\":\"ListItem\",\"position\":1,\"name\":\"Anasayfa\",\"item\":\"https:\\\/\\\/www.mavihaber.com.tr\\\/\"},{\"@type\":\"ListItem\",\"position\":2,\"name\":\"&#8221;\u00d6mer \u00c7elik\u2019e yo\u011fun ilgi&#8221;\"}]},{\"@type\":\"WebSite\",\"@id\":\"https:\\\/\\\/www.mavihaber.com.tr\\\/#website\",\"url\":\"https:\\\/\\\/www.mavihaber.com.tr\\\/\",\"name\":\"MAV\u0130 HABER\",\"description\":\"S&Ouml;Z U&Ccedil;AR YAZI KALIR\",\"publisher\":{\"@id\":\"https:\\\/\\\/www.mavihaber.com.tr\\\/#organization\"},\"potentialAction\":[{\"@type\":\"SearchAction\",\"target\":{\"@type\":\"EntryPoint\",\"urlTemplate\":\"https:\\\/\\\/www.mavihaber.com.tr\\\/?s={search_term_string}\"},\"query-input\":{\"@type\":\"PropertyValueSpecification\",\"valueRequired\":true,\"valueName\":\"search_term_string\"}}],\"inLanguage\":\"tr\"},{\"@type\":\"Organization\",\"@id\":\"https:\\\/\\\/www.mavihaber.com.tr\\\/#organization\",\"name\":\"MAV\u0130 HABER\",\"url\":\"https:\\\/\\\/www.mavihaber.com.tr\\\/\",\"logo\":{\"@type\":\"ImageObject\",\"inLanguage\":\"tr\",\"@id\":\"https:\\\/\\\/www.mavihaber.com.tr\\\/#\\\/schema\\\/logo\\\/image\\\/\",\"url\":\"http:\\\/\\\/www.mavihaber.com.tr\\\/wp-content\\\/uploads\\\/2022\\\/02\\\/mavi-logo.png\",\"contentUrl\":\"http:\\\/\\\/www.mavihaber.com.tr\\\/wp-content\\\/uploads\\\/2022\\\/02\\\/mavi-logo.png\",\"width\":301,\"height\":81,\"caption\":\"MAV\u0130 HABER\"},\"image\":{\"@id\":\"https:\\\/\\\/www.mavihaber.com.tr\\\/#\\\/schema\\\/logo\\\/image\\\/\"},\"sameAs\":[\"https:\\\/\\\/www.facebook.com\\\/ceyhan.mavi.142\\\/\",\"https:\\\/\\\/x.com\\\/ceyhanmavihaber\",\"https:\\\/\\\/www.instagram.com\\\/ceyhanmavihaber\\\/\",\"https:\\\/\\\/www.youtube.com\\\/channel\\\/UCJQ-0-AFgj2GjI269QDUwNw\"]},{\"@type\":\"Person\",\"@id\":\"https:\\\/\\\/www.mavihaber.com.tr\\\/#\\\/schema\\\/person\\\/6b483c36decdaf2ea80ccc7e00592ec5\",\"name\":\"MAV\u0130 HABER\",\"image\":{\"@type\":\"ImageObject\",\"inLanguage\":\"tr\",\"@id\":\"https:\\\/\\\/secure.gravatar.com\\\/avatar\\\/8ec447ff07537b3472bb74c7b4212a4d84d9e722e01a066cab36264a08dd2a23?s=96&d=mm&r=g\",\"url\":\"https:\\\/\\\/secure.gravatar.com\\\/avatar\\\/8ec447ff07537b3472bb74c7b4212a4d84d9e722e01a066cab36264a08dd2a23?s=96&d=mm&r=g\",\"contentUrl\":\"https:\\\/\\\/secure.gravatar.com\\\/avatar\\\/8ec447ff07537b3472bb74c7b4212a4d84d9e722e01a066cab36264a08dd2a23?s=96&d=mm&r=g\",\"caption\":\"MAV\u0130 HABER\"},\"sameAs\":[\"http:\\\/\\\/www.mavihaber.com.tr\"],\"url\":\"https:\\\/\\\/www.mavihaber.com.tr\\\/?author=1\"}]}<\/script>\n<!-- \/ Yoast SEO plugin. -->","yoast_head_json":{"title":"''\u00d6mer \u00c7elik\u2019e yo\u011fun ilgi'' - MAV\u0130 HABER","robots":{"index":"index","follow":"follow","max-snippet":"max-snippet:-1","max-image-preview":"max-image-preview:large","max-video-preview":"max-video-preview:-1"},"canonical":"https:\/\/www.mavihaber.com.tr\/?p=1862","og_locale":"tr_TR","og_type":"article","og_title":"''\u00d6mer \u00c7elik\u2019e yo\u011fun ilgi'' - MAV\u0130 HABER","og_description":"AK Parti Genel Ba\u015fkan Yard\u0131mc\u0131s\u0131 ve Parti S\u00f6zc\u00fcs\u00fc \u00d6mer \u00c7elik, AK Parti Ceyhan \u0130l\u00e7e Ba\u015fkanl\u0131\u011f\u0131nca d\u00fczenlenen iftar program\u0131na kat\u0131ld\u0131. Yo\u011fun","og_url":"https:\/\/www.mavihaber.com.tr\/?p=1862","og_site_name":"MAV\u0130 HABER","article_publisher":"https:\/\/www.facebook.com\/ceyhan.mavi.142\/","article_published_time":"2022-04-23T15:05:56+00:00","author":"MAV\u0130 HABER","twitter_card":"summary_large_image","twitter_creator":"@ceyhanmavihaber","twitter_site":"@ceyhanmavihaber","twitter_misc":{"Yazan:":"MAV\u0130 HABER","Tahmini okuma s\u00fcresi":"4 dakika"},"schema":{"@context":"https:\/\/schema.org","@graph":[{"@type":"Article","@id":"https:\/\/www.mavihaber.com.tr\/?p=1862#article","isPartOf":{"@id":"https:\/\/www.mavihaber.com.tr\/?p=1862"},"author":{"name":"MAV\u0130 HABER","@id":"https:\/\/www.mavihaber.com.tr\/#\/schema\/person\/6b483c36decdaf2ea80ccc7e00592ec5"},"headline":"&#8221;\u00d6mer \u00c7elik\u2019e yo\u011fun ilgi&#8221;","datePublished":"2022-04-23T15:05:56+00:00","mainEntityOfPage":{"@id":"https:\/\/www.mavihaber.com.tr\/?p=1862"},"wordCount":813,"commentCount":0,"publisher":{"@id":"https:\/\/www.mavihaber.com.tr\/#organization"},"image":{"@id":"https:\/\/www.mavihaber.com.tr\/?p=1862#primaryimage"},"thumbnailUrl":"http:\/\/www.mavihaber.com.tr\/wp-content\/uploads\/2022\/04\/iz3-1-300x200.jpeg","articleSection":["G\u00fcndem","Siyaset"],"inLanguage":"tr","potentialAction":[{"@type":"CommentAction","name":"Comment","target":["https:\/\/www.mavihaber.com.tr\/?p=1862#respond"]}]},{"@type":"WebPage","@id":"https:\/\/www.mavihaber.com.tr\/?p=1862","url":"https:\/\/www.mavihaber.com.tr\/?p=1862","name":"''\u00d6mer \u00c7elik\u2019e yo\u011fun ilgi'' - MAV\u0130 HABER","isPartOf":{"@id":"https:\/\/www.mavihaber.com.tr\/#website"},"primaryImageOfPage":{"@id":"https:\/\/www.mavihaber.com.tr\/?p=1862#primaryimage"},"image":{"@id":"https:\/\/www.mavihaber.com.tr\/?p=1862#primaryimage"},"thumbnailUrl":"http:\/\/www.mavihaber.com.tr\/wp-content\/uploads\/2022\/04\/iz3-1-300x200.jpeg","datePublished":"2022-04-23T15:05:56+00:00","breadcrumb":{"@id":"https:\/\/www.mavihaber.com.tr\/?p=1862#breadcrumb"},"inLanguage":"tr","potentialAction":[{"@type":"ReadAction","target":["https:\/\/www.mavihaber.com.tr\/?p=1862"]}]},{"@type":"ImageObject","inLanguage":"tr","@id":"https:\/\/www.mavihaber.com.tr\/?p=1862#primaryimage","url":"","contentUrl":""},{"@type":"BreadcrumbList","@id":"https:\/\/www.mavihaber.com.tr\/?p=1862#breadcrumb","itemListElement":[{"@type":"ListItem","position":1,"name":"Anasayfa","item":"https:\/\/www.mavihaber.com.tr\/"},{"@type":"ListItem","position":2,"name":"&#8221;\u00d6mer \u00c7elik\u2019e yo\u011fun ilgi&#8221;"}]},{"@type":"WebSite","@id":"https:\/\/www.mavihaber.com.tr\/#website","url":"https:\/\/www.mavihaber.com.tr\/","name":"MAV\u0130 HABER","description":"S&Ouml;Z U&Ccedil;AR YAZI KALIR","publisher":{"@id":"https:\/\/www.mavihaber.com.tr\/#organization"},"potentialAction":[{"@type":"SearchAction","target":{"@type":"EntryPoint","urlTemplate":"https:\/\/www.mavihaber.com.tr\/?s={search_term_string}"},"query-input":{"@type":"PropertyValueSpecification","valueRequired":true,"valueName":"search_term_string"}}],"inLanguage":"tr"},{"@type":"Organization","@id":"https:\/\/www.mavihaber.com.tr\/#organization","name":"MAV\u0130 HABER","url":"https:\/\/www.mavihaber.com.tr\/","logo":{"@type":"ImageObject","inLanguage":"tr","@id":"https:\/\/www.mavihaber.com.tr\/#\/schema\/logo\/image\/","url":"http:\/\/www.mavihaber.com.tr\/wp-content\/uploads\/2022\/02\/mavi-logo.png","contentUrl":"http:\/\/www.mavihaber.com.tr\/wp-content\/uploads\/2022\/02\/mavi-logo.png","width":301,"height":81,"caption":"MAV\u0130 HABER"},"image":{"@id":"https:\/\/www.mavihaber.com.tr\/#\/schema\/logo\/image\/"},"sameAs":["https:\/\/www.facebook.com\/ceyhan.mavi.142\/","https:\/\/x.com\/ceyhanmavihaber","https:\/\/www.instagram.com\/ceyhanmavihaber\/","https:\/\/www.youtube.com\/channel\/UCJQ-0-AFgj2GjI269QDUwNw"]},{"@type":"Person","@id":"https:\/\/www.mavihaber.com.tr\/#\/schema\/person\/6b483c36decdaf2ea80ccc7e00592ec5","name":"MAV\u0130 HABER","image":{"@type":"ImageObject","inLanguage":"tr","@id":"https:\/\/secure.gravatar.com\/avatar\/8ec447ff07537b3472bb74c7b4212a4d84d9e722e01a066cab36264a08dd2a23?s=96&d=mm&r=g","url":"https:\/\/secure.gravatar.com\/avatar\/8ec447ff07537b3472bb74c7b4212a4d84d9e722e01a066cab36264a08dd2a23?s=96&d=mm&r=g","contentUrl":"https:\/\/secure.gravatar.com\/avatar\/8ec447ff07537b3472bb74c7b4212a4d84d9e722e01a066cab36264a08dd2a23?s=96&d=mm&r=g","caption":"MAV\u0130 HABER"},"sameAs":["http:\/\/www.mavihaber.com.tr"],"url":"https:\/\/www.mavihaber.com.tr\/?author=1"}]}},"views":320,"_links":{"self":[{"href":"https:\/\/www.mavihaber.com.tr\/index.php?rest_route=\/wp\/v2\/posts\/1862","targetHints":{"allow":["GET"]}}],"collection":[{"href":"https:\/\/www.mavihaber.com.tr\/index.php?rest_route=\/wp\/v2\/posts"}],"about":[{"href":"https:\/\/www.mavihaber.com.tr\/index.php?rest_route=\/wp\/v2\/types\/post"}],"author":[{"embeddable":true,"href":"https:\/\/www.mavihaber.com.tr\/index.php?rest_route=\/wp\/v2\/users\/1"}],"replies":[{"embeddable":true,"href":"https:\/\/www.mavihaber.com.tr\/index.php?rest_route=%2Fwp%2Fv2%2Fcomments&post=1862"}],"version-history":[{"count":1,"href":"https:\/\/www.mavihaber.com.tr\/index.php?rest_route=\/wp\/v2\/posts\/1862\/revisions"}],"predecessor-version":[{"id":1867,"href":"https:\/\/www.mavihaber.com.tr\/index.php?rest_route=\/wp\/v2\/posts\/1862\/revisions\/1867"}],"wp:attachment":[{"href":"https:\/\/www.mavihaber.com.tr\/index.php?rest_route=%2Fwp%2Fv2%2Fmedia&parent=1862"}],"wp:term":[{"taxonomy":"category","embeddable":true,"href":"https:\/\/www.mavihaber.com.tr\/index.php?rest_route=%2Fwp%2Fv2%2Fcategories&post=1862"},{"taxonomy":"post_tag","embeddable":true,"href":"https:\/\/www.mavihaber.com.tr\/index.php?rest_route=%2Fwp%2Fv2%2Ftags&post=1862"}],"curies":[{"name":"wp","href":"https:\/\/api.w.org\/{rel}","templated":true}]}}