{"id":1903,"date":"2022-04-25T13:17:22","date_gmt":"2022-04-25T13:17:22","guid":{"rendered":"http:\/\/www.mavihaber.com.tr\/?p=1903"},"modified":"2022-04-25T13:17:22","modified_gmt":"2022-04-25T13:17:22","slug":"sadullah-kisacik-23-nisan-kutlamasi","status":"publish","type":"post","link":"https:\/\/www.mavihaber.com.tr\/?p=1903","title":{"rendered":"Sadullah k\u0131sac\u0131k &#8221;23 Nisan kutlamas\u0131&#8221;"},"content":{"rendered":"<p>Sadullah KISACIK: \u201c23 Nisan ezelden beri h\u00fcr ya\u015fayan milletimizin,<br \/>\nebediyete kadar h\u00fcr ya\u015fayaca\u011f\u0131n\u0131 b\u00fct\u00fcn d\u00fcnyaya ilan etti\u011fi g\u00fcnd\u00fcr.\u201d<br \/>\nDEVA Partisi Adana \u0130l Ba\u015fkan\u0131 Sadullah KISACIK, 23 Nisan Ulusal Egemenlik ve \u00c7ocuk<br \/>\nBayram\u0131 m\u00fcnasebetiyle bir mesaj yay\u0131nlad\u0131. K\u0131sac\u0131k, mesaj\u0131nda \u015fu a\u00e7\u0131klamalarda<br \/>\nbulundu.<br \/>\nBug\u00fcn demokrasimizin temelinin at\u0131l\u0131\u015f\u0131n\u0131n, T\u00fcrkiye B\u00fcy\u00fck Millet Meclisi(TBMM)\u2019nin<br \/>\na\u00e7\u0131l\u0131\u015f\u0131n\u0131n 102. y\u0131l d\u00f6n\u00fcm\u00fc. Y\u00fcce meclisimiz, \u00fclkenin i\u00e7inde bulundu\u011fu olumsuz \u015fartlara<br \/>\nra\u011fmen milletten ald\u0131\u011f\u0131 g\u00fc\u00e7le \u0130stikl\u00e2l M\u00fccadelesini ba\u015far\u0131yla sonu\u00e7land\u0131rm\u0131\u015f, ezelden beri h\u00fcr<br \/>\nya\u015fayan milletimizin, ebediyete kadar h\u00fcr ya\u015fayaca\u011f\u0131n\u0131 b\u00fct\u00fcn d\u00fcnyaya ilan etmi\u015ftir. Farkl\u0131<br \/>\ntoplumsal ve siyasi fikirlere sahip milletvekillerinden olu\u015fan ilk meclisimiz, \u201cisti\u015fare, tart\u0131\u015fma<br \/>\nve ortak ak\u0131l zemininde\u201d zorlu \u015fartlara ra\u011fmen b\u00fct\u00fcn iktidar\u0131 eline alarak, ola\u011fan\u00fcst\u00fc sava\u015f<br \/>\nyetkilerinini denetleyerek ve \u00f6zg\u00fcn bir d\u0131\u015f politika olu\u015fturup takip ederek uyum i\u00e7inde<br \/>\n\u00e7al\u0131\u015fm\u0131\u015ft\u0131r. Halk\u0131m\u0131z\u0131n takdiri ile kendisini besleyen, toplumsal ve siyasal fikirlerimizin temsil<br \/>\nedildi\u011fi TBMM, t\u00fcm sorunlar\u0131m\u0131z\u0131n, ortak bir mecrada demokrasi zemininde \u00e7\u00f6z\u00fcld\u00fc\u011f\u00fc \u2013<br \/>\n\u00e7\u00f6z\u00fclmesi gereken- kurumdur. Bu y\u00f6n\u00fcyle de Gazi Mustafa Kemal Atat\u00fcrk\u2019\u00fcn de ifade etti\u011fi<br \/>\n\u00fczere: \u201cEgemenlik, kay\u0131ts\u0131z \u015farts\u0131z milletindir\u201d, s\u00f6z\u00fcn\u00fcn v\u00fccut bulmu\u015f halidir.<br \/>\nDemokrasimiz bir ki\u015fiye de\u011fil milletimize aittir ve milletimize hizmet etmelidir.<br \/>\nBug\u00fcn ayn\u0131 zamanda gelece\u011fimizin, \u00e7ocuklar\u0131m\u0131z\u0131n g\u00fcn\u00fcd\u00fcr. G\u00fcl\u00fc\u015fleriyle ve hatta a\u011flad\u0131klar\u0131<br \/>\nbaz\u0131 durumlarda bile masumiyet ve safl\u0131klar\u0131yla bizleri g\u00fcld\u00fcren, bizlere moral olan<br \/>\n\u00e7ocuklar\u0131m\u0131z\u0131n. Gazi Mustafa Kemal Atat\u00fcrk, gelece\u011fimizin teminat\u0131 olan \u00e7ocuklar\u0131m\u0131z\u0131n<br \/>\nmutlu ve huzurlu bir hayat\u0131 haketti\u011fi d\u00fc\u015f\u00fcncesinden hareketle, sevgiyi ve bar\u0131\u015f\u0131 temsil<br \/>\nettiklerine inand\u0131\u011f\u0131 \u00e7ocuklar\u0131m\u0131z i\u00e7in, bug\u00fcn\u00fc, \u00fclkemiz ve D\u00fcnya \u00e7ocuklar\u0131na bayram olarak<br \/>\narma\u011fan etmi\u015ftir. Cumhuriyetimizin temellerinin at\u0131ld\u0131\u011f\u0131, ulusal egemenli\u011fimizin tescillendi\u011fi<br \/>\ng\u00fcn olan 23 Nisan\u2019\u0131n, gelece\u011fin umudu olan \u00e7ocuklar\u0131m\u0131za arma\u011fan edilmesi, onlara duyulan<br \/>\nsonsuz g\u00fcveni g\u00f6stermektedir.<br \/>\nDemokrasimizin temsil edildi\u011fi meclisimizin a\u00e7\u0131l\u0131\u015f\u0131n\u0131n kurulu\u015funda eme\u011fi ge\u00e7en Ulu \u00d6nder<br \/>\nMustafa Kemal Atat\u00fcrk\u2019\u00fc ve silah arkada\u015flar\u0131n\u0131, fikirleri ve faaliyetleri ile mecliste milletimizin<br \/>\nba\u011f\u0131ms\u0131zl\u0131\u011f\u0131 i\u00e7in \u00e7aba harcayan milletvekillerimizi, aziz \u015fehitlerimizi rahmet ve minnetle<br \/>\nan\u0131yor; gelece\u011fimizin teminat\u0131 olan \u00e7ocuklar\u0131m\u0131z\u0131n bayram\u0131n\u0131 en i\u00e7ten sevgilerimle<br \/>\nkutluyorum.<\/p>\n","protected":false},"excerpt":{"rendered":"<p>Sadullah KISACIK: \u201c23 Nisan ezelden beri h\u00fcr ya\u015fayan milletimizin, ebediyete kadar h\u00fcr ya\u015fayaca\u011f\u0131n\u0131 b\u00fct\u00fcn d\u00fcnyaya ilan etti\u011fi g\u00fcnd\u00fcr.\u201d DEVA Partisi<\/p>\n","protected":false},"author":1,"featured_media":0,"comment_status":"open","ping_status":"open","sticky":false,"template":"","format":"standard","meta":{"footnotes":""},"categories":[10,13],"tags":[],"class_list":["post-1903","post","type-post","status-publish","format-standard","hentry","category-gundem","category-siyaset"],"yoast_head":"<!-- This site is optimized with the Yoast SEO plugin v28.2 - https:\/\/yoast.com\/product\/yoast-seo-wordpress\/ -->\n<title>Sadullah k\u0131sac\u0131k &#039;&#039;23 Nisan kutlamas\u0131&#039;&#039; - MAV\u0130 HABER<\/title>\n<meta name=\"robots\" content=\"index, follow, max-snippet:-1, max-image-preview:large, max-video-preview:-1\" \/>\n<link rel=\"canonical\" href=\"https:\/\/www.mavihaber.com.tr\/?p=1903\" \/>\n<meta property=\"og:locale\" content=\"tr_TR\" \/>\n<meta property=\"og:type\" content=\"article\" \/>\n<meta property=\"og:title\" content=\"Sadullah k\u0131sac\u0131k &#039;&#039;23 Nisan kutlamas\u0131&#039;&#039; - MAV\u0130 HABER\" \/>\n<meta property=\"og:description\" content=\"Sadullah KISACIK: \u201c23 Nisan ezelden beri h\u00fcr ya\u015fayan milletimizin, ebediyete kadar h\u00fcr ya\u015fayaca\u011f\u0131n\u0131 b\u00fct\u00fcn d\u00fcnyaya ilan etti\u011fi g\u00fcnd\u00fcr.\u201d DEVA Partisi\" \/>\n<meta property=\"og:url\" content=\"https:\/\/www.mavihaber.com.tr\/?p=1903\" \/>\n<meta property=\"og:site_name\" content=\"MAV\u0130 HABER\" \/>\n<meta property=\"article:publisher\" content=\"https:\/\/www.facebook.com\/ceyhan.mavi.142\/\" \/>\n<meta property=\"article:published_time\" content=\"2022-04-25T13:17:22+00:00\" \/>\n<meta name=\"author\" content=\"MAV\u0130 HABER\" \/>\n<meta name=\"twitter:card\" content=\"summary_large_image\" \/>\n<meta name=\"twitter:creator\" content=\"@ceyhanmavihaber\" \/>\n<meta name=\"twitter:site\" content=\"@ceyhanmavihaber\" \/>\n<meta name=\"twitter:label1\" content=\"Yazan:\" \/>\n\t<meta name=\"twitter:data1\" content=\"MAV\u0130 HABER\" \/>\n\t<meta name=\"twitter:label2\" content=\"Tahmini okuma s\u00fcresi\" \/>\n\t<meta name=\"twitter:data2\" content=\"2 dakika\" \/>\n<script type=\"application\/ld+json\" class=\"yoast-schema-graph\">{\"@context\":\"https:\\\/\\\/schema.org\",\"@graph\":[{\"@type\":\"Article\",\"@id\":\"https:\\\/\\\/www.mavihaber.com.tr\\\/?p=1903#article\",\"isPartOf\":{\"@id\":\"https:\\\/\\\/www.mavihaber.com.tr\\\/?p=1903\"},\"author\":{\"name\":\"MAV\u0130 HABER\",\"@id\":\"https:\\\/\\\/www.mavihaber.com.tr\\\/#\\\/schema\\\/person\\\/6b483c36decdaf2ea80ccc7e00592ec5\"},\"headline\":\"Sadullah k\u0131sac\u0131k &#8221;23 Nisan kutlamas\u0131&#8221;\",\"datePublished\":\"2022-04-25T13:17:22+00:00\",\"mainEntityOfPage\":{\"@id\":\"https:\\\/\\\/www.mavihaber.com.tr\\\/?p=1903\"},\"wordCount\":450,\"commentCount\":0,\"publisher\":{\"@id\":\"https:\\\/\\\/www.mavihaber.com.tr\\\/#organization\"},\"articleSection\":[\"G\u00fcndem\",\"Siyaset\"],\"inLanguage\":\"tr\",\"potentialAction\":[{\"@type\":\"CommentAction\",\"name\":\"Comment\",\"target\":[\"https:\\\/\\\/www.mavihaber.com.tr\\\/?p=1903#respond\"]}]},{\"@type\":\"WebPage\",\"@id\":\"https:\\\/\\\/www.mavihaber.com.tr\\\/?p=1903\",\"url\":\"https:\\\/\\\/www.mavihaber.com.tr\\\/?p=1903\",\"name\":\"Sadullah k\u0131sac\u0131k ''23 Nisan kutlamas\u0131'' - MAV\u0130 HABER\",\"isPartOf\":{\"@id\":\"https:\\\/\\\/www.mavihaber.com.tr\\\/#website\"},\"datePublished\":\"2022-04-25T13:17:22+00:00\",\"breadcrumb\":{\"@id\":\"https:\\\/\\\/www.mavihaber.com.tr\\\/?p=1903#breadcrumb\"},\"inLanguage\":\"tr\",\"potentialAction\":[{\"@type\":\"ReadAction\",\"target\":[\"https:\\\/\\\/www.mavihaber.com.tr\\\/?p=1903\"]}]},{\"@type\":\"BreadcrumbList\",\"@id\":\"https:\\\/\\\/www.mavihaber.com.tr\\\/?p=1903#breadcrumb\",\"itemListElement\":[{\"@type\":\"ListItem\",\"position\":1,\"name\":\"Anasayfa\",\"item\":\"https:\\\/\\\/www.mavihaber.com.tr\\\/\"},{\"@type\":\"ListItem\",\"position\":2,\"name\":\"Sadullah k\u0131sac\u0131k &#8221;23 Nisan kutlamas\u0131&#8221;\"}]},{\"@type\":\"WebSite\",\"@id\":\"https:\\\/\\\/www.mavihaber.com.tr\\\/#website\",\"url\":\"https:\\\/\\\/www.mavihaber.com.tr\\\/\",\"name\":\"MAV\u0130 HABER\",\"description\":\"S&Ouml;Z U&Ccedil;AR YAZI KALIR\",\"publisher\":{\"@id\":\"https:\\\/\\\/www.mavihaber.com.tr\\\/#organization\"},\"potentialAction\":[{\"@type\":\"SearchAction\",\"target\":{\"@type\":\"EntryPoint\",\"urlTemplate\":\"https:\\\/\\\/www.mavihaber.com.tr\\\/?s={search_term_string}\"},\"query-input\":{\"@type\":\"PropertyValueSpecification\",\"valueRequired\":true,\"valueName\":\"search_term_string\"}}],\"inLanguage\":\"tr\"},{\"@type\":\"Organization\",\"@id\":\"https:\\\/\\\/www.mavihaber.com.tr\\\/#organization\",\"name\":\"MAV\u0130 HABER\",\"url\":\"https:\\\/\\\/www.mavihaber.com.tr\\\/\",\"logo\":{\"@type\":\"ImageObject\",\"inLanguage\":\"tr\",\"@id\":\"https:\\\/\\\/www.mavihaber.com.tr\\\/#\\\/schema\\\/logo\\\/image\\\/\",\"url\":\"http:\\\/\\\/www.mavihaber.com.tr\\\/wp-content\\\/uploads\\\/2022\\\/02\\\/mavi-logo.png\",\"contentUrl\":\"http:\\\/\\\/www.mavihaber.com.tr\\\/wp-content\\\/uploads\\\/2022\\\/02\\\/mavi-logo.png\",\"width\":301,\"height\":81,\"caption\":\"MAV\u0130 HABER\"},\"image\":{\"@id\":\"https:\\\/\\\/www.mavihaber.com.tr\\\/#\\\/schema\\\/logo\\\/image\\\/\"},\"sameAs\":[\"https:\\\/\\\/www.facebook.com\\\/ceyhan.mavi.142\\\/\",\"https:\\\/\\\/x.com\\\/ceyhanmavihaber\",\"https:\\\/\\\/www.instagram.com\\\/ceyhanmavihaber\\\/\",\"https:\\\/\\\/www.youtube.com\\\/channel\\\/UCJQ-0-AFgj2GjI269QDUwNw\"]},{\"@type\":\"Person\",\"@id\":\"https:\\\/\\\/www.mavihaber.com.tr\\\/#\\\/schema\\\/person\\\/6b483c36decdaf2ea80ccc7e00592ec5\",\"name\":\"MAV\u0130 HABER\",\"image\":{\"@type\":\"ImageObject\",\"inLanguage\":\"tr\",\"@id\":\"https:\\\/\\\/secure.gravatar.com\\\/avatar\\\/8ec447ff07537b3472bb74c7b4212a4d84d9e722e01a066cab36264a08dd2a23?s=96&d=mm&r=g\",\"url\":\"https:\\\/\\\/secure.gravatar.com\\\/avatar\\\/8ec447ff07537b3472bb74c7b4212a4d84d9e722e01a066cab36264a08dd2a23?s=96&d=mm&r=g\",\"contentUrl\":\"https:\\\/\\\/secure.gravatar.com\\\/avatar\\\/8ec447ff07537b3472bb74c7b4212a4d84d9e722e01a066cab36264a08dd2a23?s=96&d=mm&r=g\",\"caption\":\"MAV\u0130 HABER\"},\"sameAs\":[\"http:\\\/\\\/www.mavihaber.com.tr\"],\"url\":\"https:\\\/\\\/www.mavihaber.com.tr\\\/?author=1\"}]}<\/script>\n<!-- \/ Yoast SEO plugin. -->","yoast_head_json":{"title":"Sadullah k\u0131sac\u0131k ''23 Nisan kutlamas\u0131'' - MAV\u0130 HABER","robots":{"index":"index","follow":"follow","max-snippet":"max-snippet:-1","max-image-preview":"max-image-preview:large","max-video-preview":"max-video-preview:-1"},"canonical":"https:\/\/www.mavihaber.com.tr\/?p=1903","og_locale":"tr_TR","og_type":"article","og_title":"Sadullah k\u0131sac\u0131k ''23 Nisan kutlamas\u0131'' - MAV\u0130 HABER","og_description":"Sadullah KISACIK: \u201c23 Nisan ezelden beri h\u00fcr ya\u015fayan milletimizin, ebediyete kadar h\u00fcr ya\u015fayaca\u011f\u0131n\u0131 b\u00fct\u00fcn d\u00fcnyaya ilan etti\u011fi g\u00fcnd\u00fcr.\u201d DEVA Partisi","og_url":"https:\/\/www.mavihaber.com.tr\/?p=1903","og_site_name":"MAV\u0130 HABER","article_publisher":"https:\/\/www.facebook.com\/ceyhan.mavi.142\/","article_published_time":"2022-04-25T13:17:22+00:00","author":"MAV\u0130 HABER","twitter_card":"summary_large_image","twitter_creator":"@ceyhanmavihaber","twitter_site":"@ceyhanmavihaber","twitter_misc":{"Yazan:":"MAV\u0130 HABER","Tahmini okuma s\u00fcresi":"2 dakika"},"schema":{"@context":"https:\/\/schema.org","@graph":[{"@type":"Article","@id":"https:\/\/www.mavihaber.com.tr\/?p=1903#article","isPartOf":{"@id":"https:\/\/www.mavihaber.com.tr\/?p=1903"},"author":{"name":"MAV\u0130 HABER","@id":"https:\/\/www.mavihaber.com.tr\/#\/schema\/person\/6b483c36decdaf2ea80ccc7e00592ec5"},"headline":"Sadullah k\u0131sac\u0131k &#8221;23 Nisan kutlamas\u0131&#8221;","datePublished":"2022-04-25T13:17:22+00:00","mainEntityOfPage":{"@id":"https:\/\/www.mavihaber.com.tr\/?p=1903"},"wordCount":450,"commentCount":0,"publisher":{"@id":"https:\/\/www.mavihaber.com.tr\/#organization"},"articleSection":["G\u00fcndem","Siyaset"],"inLanguage":"tr","potentialAction":[{"@type":"CommentAction","name":"Comment","target":["https:\/\/www.mavihaber.com.tr\/?p=1903#respond"]}]},{"@type":"WebPage","@id":"https:\/\/www.mavihaber.com.tr\/?p=1903","url":"https:\/\/www.mavihaber.com.tr\/?p=1903","name":"Sadullah k\u0131sac\u0131k ''23 Nisan kutlamas\u0131'' - MAV\u0130 HABER","isPartOf":{"@id":"https:\/\/www.mavihaber.com.tr\/#website"},"datePublished":"2022-04-25T13:17:22+00:00","breadcrumb":{"@id":"https:\/\/www.mavihaber.com.tr\/?p=1903#breadcrumb"},"inLanguage":"tr","potentialAction":[{"@type":"ReadAction","target":["https:\/\/www.mavihaber.com.tr\/?p=1903"]}]},{"@type":"BreadcrumbList","@id":"https:\/\/www.mavihaber.com.tr\/?p=1903#breadcrumb","itemListElement":[{"@type":"ListItem","position":1,"name":"Anasayfa","item":"https:\/\/www.mavihaber.com.tr\/"},{"@type":"ListItem","position":2,"name":"Sadullah k\u0131sac\u0131k &#8221;23 Nisan kutlamas\u0131&#8221;"}]},{"@type":"WebSite","@id":"https:\/\/www.mavihaber.com.tr\/#website","url":"https:\/\/www.mavihaber.com.tr\/","name":"MAV\u0130 HABER","description":"S&Ouml;Z U&Ccedil;AR YAZI KALIR","publisher":{"@id":"https:\/\/www.mavihaber.com.tr\/#organization"},"potentialAction":[{"@type":"SearchAction","target":{"@type":"EntryPoint","urlTemplate":"https:\/\/www.mavihaber.com.tr\/?s={search_term_string}"},"query-input":{"@type":"PropertyValueSpecification","valueRequired":true,"valueName":"search_term_string"}}],"inLanguage":"tr"},{"@type":"Organization","@id":"https:\/\/www.mavihaber.com.tr\/#organization","name":"MAV\u0130 HABER","url":"https:\/\/www.mavihaber.com.tr\/","logo":{"@type":"ImageObject","inLanguage":"tr","@id":"https:\/\/www.mavihaber.com.tr\/#\/schema\/logo\/image\/","url":"http:\/\/www.mavihaber.com.tr\/wp-content\/uploads\/2022\/02\/mavi-logo.png","contentUrl":"http:\/\/www.mavihaber.com.tr\/wp-content\/uploads\/2022\/02\/mavi-logo.png","width":301,"height":81,"caption":"MAV\u0130 HABER"},"image":{"@id":"https:\/\/www.mavihaber.com.tr\/#\/schema\/logo\/image\/"},"sameAs":["https:\/\/www.facebook.com\/ceyhan.mavi.142\/","https:\/\/x.com\/ceyhanmavihaber","https:\/\/www.instagram.com\/ceyhanmavihaber\/","https:\/\/www.youtube.com\/channel\/UCJQ-0-AFgj2GjI269QDUwNw"]},{"@type":"Person","@id":"https:\/\/www.mavihaber.com.tr\/#\/schema\/person\/6b483c36decdaf2ea80ccc7e00592ec5","name":"MAV\u0130 HABER","image":{"@type":"ImageObject","inLanguage":"tr","@id":"https:\/\/secure.gravatar.com\/avatar\/8ec447ff07537b3472bb74c7b4212a4d84d9e722e01a066cab36264a08dd2a23?s=96&d=mm&r=g","url":"https:\/\/secure.gravatar.com\/avatar\/8ec447ff07537b3472bb74c7b4212a4d84d9e722e01a066cab36264a08dd2a23?s=96&d=mm&r=g","contentUrl":"https:\/\/secure.gravatar.com\/avatar\/8ec447ff07537b3472bb74c7b4212a4d84d9e722e01a066cab36264a08dd2a23?s=96&d=mm&r=g","caption":"MAV\u0130 HABER"},"sameAs":["http:\/\/www.mavihaber.com.tr"],"url":"https:\/\/www.mavihaber.com.tr\/?author=1"}]}},"views":288,"_links":{"self":[{"href":"https:\/\/www.mavihaber.com.tr\/index.php?rest_route=\/wp\/v2\/posts\/1903","targetHints":{"allow":["GET"]}}],"collection":[{"href":"https:\/\/www.mavihaber.com.tr\/index.php?rest_route=\/wp\/v2\/posts"}],"about":[{"href":"https:\/\/www.mavihaber.com.tr\/index.php?rest_route=\/wp\/v2\/types\/post"}],"author":[{"embeddable":true,"href":"https:\/\/www.mavihaber.com.tr\/index.php?rest_route=\/wp\/v2\/users\/1"}],"replies":[{"embeddable":true,"href":"https:\/\/www.mavihaber.com.tr\/index.php?rest_route=%2Fwp%2Fv2%2Fcomments&post=1903"}],"version-history":[{"count":1,"href":"https:\/\/www.mavihaber.com.tr\/index.php?rest_route=\/wp\/v2\/posts\/1903\/revisions"}],"predecessor-version":[{"id":1905,"href":"https:\/\/www.mavihaber.com.tr\/index.php?rest_route=\/wp\/v2\/posts\/1903\/revisions\/1905"}],"wp:attachment":[{"href":"https:\/\/www.mavihaber.com.tr\/index.php?rest_route=%2Fwp%2Fv2%2Fmedia&parent=1903"}],"wp:term":[{"taxonomy":"category","embeddable":true,"href":"https:\/\/www.mavihaber.com.tr\/index.php?rest_route=%2Fwp%2Fv2%2Fcategories&post=1903"},{"taxonomy":"post_tag","embeddable":true,"href":"https:\/\/www.mavihaber.com.tr\/index.php?rest_route=%2Fwp%2Fv2%2Ftags&post=1903"}],"curies":[{"name":"wp","href":"https:\/\/api.w.org\/{rel}","templated":true}]}}