{"id":1963,"date":"2022-04-28T11:40:22","date_gmt":"2022-04-28T11:40:22","guid":{"rendered":"http:\/\/www.mavihaber.com.tr\/?p=1963"},"modified":"2022-04-28T11:40:22","modified_gmt":"2022-04-28T11:40:22","slug":"cgc-aosbnin-konugu-oldu","status":"publish","type":"post","link":"https:\/\/www.mavihaber.com.tr\/?p=1963","title":{"rendered":"\u00c7GC, AOSB\u2019N\u0130N KONU\u011eU OLDU"},"content":{"rendered":"<p>\u00c7GC Ba\u015fkan\u0131 Esendemir ve Y\u00f6netim Kurulu \u00dcyeleri AOSB\u2019de<\/p>\n<p>AOSB\u2019de arsa tahsisi kura ile yap\u0131lacak<\/p>\n<p>\u00c7ukurova Gazeteciler Cemiyeti Ba\u015fkan\u0131 Cafer Esendemir ve y\u00f6netim kurulu \u00fcyeleri Adana Hac\u0131 Sabanc\u0131 Organize Sanayi B\u00f6lgesi Ba\u015fkanl\u0131\u011f\u0131na yeniden se\u00e7ilen Bekir S\u00fctc\u00fc ve y\u00f6netim kuruluna tebrik ziyaretinde bulundu.<\/p>\n<p>AOSB Ba\u015fkan\u0131 Bekir S\u00fctc\u00fc, Y\u00f6netim Kurulu \u00dcyeleri M. Nedim B\u00fcy\u00fcknacar ve Yusuf Kara ile AOSB B\u00f6lge M\u00fcd\u00fcr\u00fc Ersin Akp\u0131nar taraf\u0131ndan konuk edilen \u00c7GC y\u00f6netimine,<\/p>\n<p>B\u00f6lge M\u00fcd\u00fcrl\u00fc\u011f\u00fc binas\u0131nda yer alan ve b\u00f6lgenin elektrik da\u011f\u0131t\u0131m \u015febekesinin 7\/24 izlenebildi\u011fi SCADA Sistemi ve MOBESE Merkezi ile di\u011fer birimlerle ilgili yerinde bilgi verildi.<\/p>\n<p>AOSB Ba\u015fkan\u0131 Bekir S\u00fctc\u00fc, OSB\u2019nin kamula\u015ft\u0131rma \u00e7al\u0131\u015fmalar\u0131 tamamlanan 4\u2019\u00fcnc\u00fc geni\u015fleme alan\u0131nda arsa tahsislerine yak\u0131nda ba\u015flayacaklar\u0131n\u0131 bildirdi. S\u00fctc\u00fc, tahsis edilecekleri arsalar\u0131n 3-4 kat\u0131 talep ald\u0131klar\u0131n\u0131, bu nedenle noter huzurunda kura \u00e7ekimi yapacaklar\u0131n\u0131 a\u00e7\u0131klad\u0131. S\u00fctc\u00fc, toplam 6 bin hektar ile T\u00fcrkiye\u2019nin en b\u00fcy\u00fck organize sanayi b\u00f6lgesi olmalar\u0131n\u0131 sa\u011flayacak 5\u2019inci ek alan \u00e7al\u0131\u015fmalar\u0131n\u0131n ise devam etti\u011fini kaydetti.<\/p>\n<p>May\u0131s ay\u0131nda sat\u0131\u015fa \u00e7\u0131kar\u0131lmas\u0131 planlanan toplam 600 d\u00f6n\u00fcm\u00fcn iki-\u00fc\u00e7 kat\u0131 talep ald\u0131klar\u0131n\u0131 vurgulayan Ba\u015fkan S\u00fctc\u00fc, bu nedenle kura y\u00f6ntemi kullanacaklar\u0131n\u0131 belirterek, \u015funlar\u0131 kaydetti;<\/p>\n<p>\u201cT\u00fcrkiye\u2019deki OSB\u2019lerin hepsinde b\u00fcy\u00fck bir talep var, bu da bir ger\u00e7ek. Adana OSB tarihinde ilk defa biz, \u00f6n\u00fcm\u00fczdeki ay noter huzurunda kura ile arsa tahsis edece\u011fiz. Bu gelinen nokta hem yat\u0131r\u0131m i\u015ftah\u0131n\u0131n olmas\u0131, hem T\u00fcrkiye\u2019nin konumuyla ilgili ama bununla beraber Adana OSB\u2019nin altyap\u0131s\u0131 ve \u00fcstyap\u0131s\u0131 ile beraber sanayicinin ihtiyac\u0131n\u0131 kar\u015f\u0131layacak her t\u00fcrl\u00fc \u00f6zelli\u011fe ve lojistik imkan\u0131na sahip olmas\u0131 da \u00e7ok \u00f6nemli. Buraya gelen bir sanayicinin sadece \u00fcretim odaklanmas\u0131, ba\u015fka konularla zaman kaybetmemesi i\u00e7in ihtiya\u00e7 duyabilece\u011fi her t\u00fcrl\u00fc olana\u011fa, noterinden bankas\u0131na ve sa\u011fl\u0131k kurulu\u015funa kadar her t\u00fcrl\u00fc hizmet verilen birime sahibiz. D\u00fcnya standartlar\u0131na g\u00f6re, yat\u0131r\u0131m yapmak isteyen sanayicinin ihtiya\u00e7 duyaca\u011f\u0131 alt ve \u00fcstyap\u0131 yat\u0131r\u0131mlar\u0131n\u0131 tamamlam\u0131\u015f bir OSB\u2019yiz. Bunun bir g\u00f6stergesi de uluslararas\u0131 y\u00fczde 100 yabanc\u0131 sermayeli 32 firma OSB\u2019mizde faaliyet g\u00f6steriyor. Bunlar aras\u0131nda d\u00fcnyada sekt\u00f6r liderleri olanlar da var.\u201d<\/p>\n<p>S\u00fctc\u00fc, mevcut 16 milyon metrekarelik alana 1 milyon metrekarelik bir alan daha eklediklerini anlatarak, \u015f\u00f6yle konu\u015ftu: \u201cToplamda 17 milyon metrekare olduk. En ge\u00e7 iki y\u0131lda buna 7 milyon metrekare daha ekleyece\u011fiz. Bunun altyap\u0131 ve tahsis \u00e7al\u0131\u015fmalar\u0131na ba\u015flad\u0131k. Say\u0131n Valimizin koordinat\u00f6rl\u00fc\u011f\u00fcnde yap\u0131lan \u00e7al\u0131\u015fmalarla da \u00f6n\u00fcm\u00fczdeki 5 y\u0131lda, 40 y\u0131ll\u0131k toplam alan\u0131m\u0131zdan daha fazla bir alan\u0131 b\u00f6lgemize kazand\u0131rmak ve toplamda 6 bin hektara ula\u015fmak hedefindeyiz. Bu bizim ki\u015fisel ba\u015far\u0131m\u0131z de\u011fil, T\u00fcrkiye\u2019nin geli\u015fmi\u015fli\u011fini ve gelece\u011fe y\u00f6nelik ad\u0131mlar\u0131n\u0131 g\u00f6steriyor.\u201d<\/p>\n<p>AOSB B\u00f6lge M\u00fcd\u00fcr\u00fc Ersin Akp\u0131nar da yapt\u0131\u011f\u0131 sunumda, 32\u2019si yabanc\u0131 sermayeli toplam 478 firman\u0131n faaliyet g\u00f6sterdi\u011fi b\u00f6lgede y\u00fczde 100 dolulu\u011fa sahip olduklar\u0131n\u0131, Adana\u2019n\u0131n 2021\u2019deki 2.5 milyar dolar\u0131 ge\u00e7en ihracat\u0131n\u0131n y\u00fczde 60\u2019\u0131n\u0131n AOSB firmalar\u0131 taraf\u0131ndan ger\u00e7ekle\u015ftirildi\u011fini s\u00f6yledi. Yakla\u015f\u0131k 40 bin ki\u015finin istihdam edildi\u011fi b\u00f6lgede Ar-Ge ve Tasar\u0131m Merkezi \u00f6zelli\u011fine sahip 13 firman\u0131n bulundu\u011funu vurgulayan Akp\u0131nar, ye\u015fil d\u00f6n\u00fc\u015f\u00fcm kapsam\u0131ndaki \u00e7al\u0131\u015fmalar hakk\u0131nda da bilgi verdi. Akp\u0131nar, D\u00fcnya Bankas\u0131 ye\u015fil OSB olu\u015fturulmas\u0131 i\u00e7in ay\u0131rd\u0131\u011f\u0131 300 milyon dolarl\u0131k finansman kayna\u011f\u0131ndan yararlanmak i\u00e7in haziran ay\u0131nda ad\u0131m atacaklar\u0131n\u0131 bildirdi.<\/p>\n<p>\u00c7GC Ba\u015fkan\u0131 Cafer Esendemir ise kendilerine konuk ederek, sanayicilere sunulan \u00e7a\u011fda\u015f ve yenilik\u00e7i hizmetler konusunda bilgiler aktaran Ba\u015fkan Bekir S\u00fctc\u00fc, Y\u00f6netim Kurulu \u00dcyeleri M. Nedim B\u00fcy\u00fcknacar ve Yusuf Kara ile AOSB B\u00f6lge M\u00fcd\u00fcr\u00fc Ersin Akp\u0131nar&#8217;a te\u015fekk\u00fcr etti.<\/p>\n<p><img loading=\"lazy\" decoding=\"async\" class=\"alignnone  wp-image-1964\" src=\"http:\/\/www.mavihaber.com.tr\/wp-content\/uploads\/2022\/04\/IMG_6527-300x200.jpg\" alt=\"\" width=\"156\" height=\"104\" \/> <img loading=\"lazy\" decoding=\"async\" class=\"alignnone  wp-image-1965\" src=\"http:\/\/www.mavihaber.com.tr\/wp-content\/uploads\/2022\/04\/IMG_6732-300x192.jpg\" alt=\"\" width=\"167\" height=\"107\" \/> <img loading=\"lazy\" decoding=\"async\" class=\"alignnone  wp-image-1966\" src=\"http:\/\/www.mavihaber.com.tr\/wp-content\/uploads\/2022\/04\/IMG_6497-300x164.jpg\" alt=\"\" width=\"199\" height=\"109\" \/><\/p>\n","protected":false},"excerpt":{"rendered":"<p>\u00c7GC Ba\u015fkan\u0131 Esendemir ve Y\u00f6netim Kurulu \u00dcyeleri AOSB\u2019de AOSB\u2019de arsa tahsisi kura ile yap\u0131lacak \u00c7ukurova Gazeteciler Cemiyeti Ba\u015fkan\u0131 Cafer Esendemir<\/p>\n","protected":false},"author":1,"featured_media":0,"comment_status":"open","ping_status":"open","sticky":false,"template":"","format":"standard","meta":{"footnotes":""},"categories":[24,10],"tags":[],"class_list":["post-1963","post","type-post","status-publish","format-standard","hentry","category-egitim","category-gundem"],"yoast_head":"<!-- This site is optimized with the Yoast SEO plugin v28.2 - https:\/\/yoast.com\/product\/yoast-seo-wordpress\/ -->\n<title>\u00c7GC, AOSB\u2019N\u0130N KONU\u011eU OLDU - MAV\u0130 HABER<\/title>\n<meta name=\"robots\" content=\"index, follow, max-snippet:-1, max-image-preview:large, max-video-preview:-1\" \/>\n<link rel=\"canonical\" href=\"https:\/\/www.mavihaber.com.tr\/?p=1963\" \/>\n<meta property=\"og:locale\" content=\"tr_TR\" \/>\n<meta property=\"og:type\" content=\"article\" \/>\n<meta property=\"og:title\" content=\"\u00c7GC, AOSB\u2019N\u0130N KONU\u011eU OLDU - MAV\u0130 HABER\" \/>\n<meta property=\"og:description\" content=\"\u00c7GC Ba\u015fkan\u0131 Esendemir ve Y\u00f6netim Kurulu \u00dcyeleri AOSB\u2019de AOSB\u2019de arsa tahsisi kura ile yap\u0131lacak \u00c7ukurova Gazeteciler Cemiyeti Ba\u015fkan\u0131 Cafer Esendemir\" \/>\n<meta property=\"og:url\" content=\"https:\/\/www.mavihaber.com.tr\/?p=1963\" \/>\n<meta property=\"og:site_name\" content=\"MAV\u0130 HABER\" \/>\n<meta property=\"article:publisher\" content=\"https:\/\/www.facebook.com\/ceyhan.mavi.142\/\" \/>\n<meta property=\"article:published_time\" content=\"2022-04-28T11:40:22+00:00\" \/>\n<meta name=\"author\" content=\"MAV\u0130 HABER\" \/>\n<meta name=\"twitter:card\" content=\"summary_large_image\" \/>\n<meta name=\"twitter:creator\" content=\"@ceyhanmavihaber\" \/>\n<meta name=\"twitter:site\" content=\"@ceyhanmavihaber\" \/>\n<meta name=\"twitter:label1\" content=\"Yazan:\" \/>\n\t<meta name=\"twitter:data1\" content=\"MAV\u0130 HABER\" \/>\n\t<meta name=\"twitter:label2\" content=\"Tahmini okuma s\u00fcresi\" \/>\n\t<meta name=\"twitter:data2\" content=\"3 dakika\" \/>\n<script type=\"application\/ld+json\" class=\"yoast-schema-graph\">{\"@context\":\"https:\\\/\\\/schema.org\",\"@graph\":[{\"@type\":\"Article\",\"@id\":\"https:\\\/\\\/www.mavihaber.com.tr\\\/?p=1963#article\",\"isPartOf\":{\"@id\":\"https:\\\/\\\/www.mavihaber.com.tr\\\/?p=1963\"},\"author\":{\"name\":\"MAV\u0130 HABER\",\"@id\":\"https:\\\/\\\/www.mavihaber.com.tr\\\/#\\\/schema\\\/person\\\/6b483c36decdaf2ea80ccc7e00592ec5\"},\"headline\":\"\u00c7GC, AOSB\u2019N\u0130N KONU\u011eU OLDU\",\"datePublished\":\"2022-04-28T11:40:22+00:00\",\"mainEntityOfPage\":{\"@id\":\"https:\\\/\\\/www.mavihaber.com.tr\\\/?p=1963\"},\"wordCount\":704,\"commentCount\":0,\"publisher\":{\"@id\":\"https:\\\/\\\/www.mavihaber.com.tr\\\/#organization\"},\"image\":{\"@id\":\"https:\\\/\\\/www.mavihaber.com.tr\\\/?p=1963#primaryimage\"},\"thumbnailUrl\":\"http:\\\/\\\/www.mavihaber.com.tr\\\/wp-content\\\/uploads\\\/2022\\\/04\\\/IMG_6527-300x200.jpg\",\"articleSection\":[\"E\u011fitim\",\"G\u00fcndem\"],\"inLanguage\":\"tr\",\"potentialAction\":[{\"@type\":\"CommentAction\",\"name\":\"Comment\",\"target\":[\"https:\\\/\\\/www.mavihaber.com.tr\\\/?p=1963#respond\"]}]},{\"@type\":\"WebPage\",\"@id\":\"https:\\\/\\\/www.mavihaber.com.tr\\\/?p=1963\",\"url\":\"https:\\\/\\\/www.mavihaber.com.tr\\\/?p=1963\",\"name\":\"\u00c7GC, AOSB\u2019N\u0130N KONU\u011eU OLDU - MAV\u0130 HABER\",\"isPartOf\":{\"@id\":\"https:\\\/\\\/www.mavihaber.com.tr\\\/#website\"},\"primaryImageOfPage\":{\"@id\":\"https:\\\/\\\/www.mavihaber.com.tr\\\/?p=1963#primaryimage\"},\"image\":{\"@id\":\"https:\\\/\\\/www.mavihaber.com.tr\\\/?p=1963#primaryimage\"},\"thumbnailUrl\":\"http:\\\/\\\/www.mavihaber.com.tr\\\/wp-content\\\/uploads\\\/2022\\\/04\\\/IMG_6527-300x200.jpg\",\"datePublished\":\"2022-04-28T11:40:22+00:00\",\"breadcrumb\":{\"@id\":\"https:\\\/\\\/www.mavihaber.com.tr\\\/?p=1963#breadcrumb\"},\"inLanguage\":\"tr\",\"potentialAction\":[{\"@type\":\"ReadAction\",\"target\":[\"https:\\\/\\\/www.mavihaber.com.tr\\\/?p=1963\"]}]},{\"@type\":\"ImageObject\",\"inLanguage\":\"tr\",\"@id\":\"https:\\\/\\\/www.mavihaber.com.tr\\\/?p=1963#primaryimage\",\"url\":\"\",\"contentUrl\":\"\"},{\"@type\":\"BreadcrumbList\",\"@id\":\"https:\\\/\\\/www.mavihaber.com.tr\\\/?p=1963#breadcrumb\",\"itemListElement\":[{\"@type\":\"ListItem\",\"position\":1,\"name\":\"Anasayfa\",\"item\":\"https:\\\/\\\/www.mavihaber.com.tr\\\/\"},{\"@type\":\"ListItem\",\"position\":2,\"name\":\"\u00c7GC, AOSB\u2019N\u0130N KONU\u011eU OLDU\"}]},{\"@type\":\"WebSite\",\"@id\":\"https:\\\/\\\/www.mavihaber.com.tr\\\/#website\",\"url\":\"https:\\\/\\\/www.mavihaber.com.tr\\\/\",\"name\":\"MAV\u0130 HABER\",\"description\":\"S&Ouml;Z U&Ccedil;AR YAZI KALIR\",\"publisher\":{\"@id\":\"https:\\\/\\\/www.mavihaber.com.tr\\\/#organization\"},\"potentialAction\":[{\"@type\":\"SearchAction\",\"target\":{\"@type\":\"EntryPoint\",\"urlTemplate\":\"https:\\\/\\\/www.mavihaber.com.tr\\\/?s={search_term_string}\"},\"query-input\":{\"@type\":\"PropertyValueSpecification\",\"valueRequired\":true,\"valueName\":\"search_term_string\"}}],\"inLanguage\":\"tr\"},{\"@type\":\"Organization\",\"@id\":\"https:\\\/\\\/www.mavihaber.com.tr\\\/#organization\",\"name\":\"MAV\u0130 HABER\",\"url\":\"https:\\\/\\\/www.mavihaber.com.tr\\\/\",\"logo\":{\"@type\":\"ImageObject\",\"inLanguage\":\"tr\",\"@id\":\"https:\\\/\\\/www.mavihaber.com.tr\\\/#\\\/schema\\\/logo\\\/image\\\/\",\"url\":\"http:\\\/\\\/www.mavihaber.com.tr\\\/wp-content\\\/uploads\\\/2022\\\/02\\\/mavi-logo.png\",\"contentUrl\":\"http:\\\/\\\/www.mavihaber.com.tr\\\/wp-content\\\/uploads\\\/2022\\\/02\\\/mavi-logo.png\",\"width\":301,\"height\":81,\"caption\":\"MAV\u0130 HABER\"},\"image\":{\"@id\":\"https:\\\/\\\/www.mavihaber.com.tr\\\/#\\\/schema\\\/logo\\\/image\\\/\"},\"sameAs\":[\"https:\\\/\\\/www.facebook.com\\\/ceyhan.mavi.142\\\/\",\"https:\\\/\\\/x.com\\\/ceyhanmavihaber\",\"https:\\\/\\\/www.instagram.com\\\/ceyhanmavihaber\\\/\",\"https:\\\/\\\/www.youtube.com\\\/channel\\\/UCJQ-0-AFgj2GjI269QDUwNw\"]},{\"@type\":\"Person\",\"@id\":\"https:\\\/\\\/www.mavihaber.com.tr\\\/#\\\/schema\\\/person\\\/6b483c36decdaf2ea80ccc7e00592ec5\",\"name\":\"MAV\u0130 HABER\",\"image\":{\"@type\":\"ImageObject\",\"inLanguage\":\"tr\",\"@id\":\"https:\\\/\\\/secure.gravatar.com\\\/avatar\\\/8ec447ff07537b3472bb74c7b4212a4d84d9e722e01a066cab36264a08dd2a23?s=96&d=mm&r=g\",\"url\":\"https:\\\/\\\/secure.gravatar.com\\\/avatar\\\/8ec447ff07537b3472bb74c7b4212a4d84d9e722e01a066cab36264a08dd2a23?s=96&d=mm&r=g\",\"contentUrl\":\"https:\\\/\\\/secure.gravatar.com\\\/avatar\\\/8ec447ff07537b3472bb74c7b4212a4d84d9e722e01a066cab36264a08dd2a23?s=96&d=mm&r=g\",\"caption\":\"MAV\u0130 HABER\"},\"sameAs\":[\"http:\\\/\\\/www.mavihaber.com.tr\"],\"url\":\"https:\\\/\\\/www.mavihaber.com.tr\\\/?author=1\"}]}<\/script>\n<!-- \/ Yoast SEO plugin. -->","yoast_head_json":{"title":"\u00c7GC, AOSB\u2019N\u0130N KONU\u011eU OLDU - MAV\u0130 HABER","robots":{"index":"index","follow":"follow","max-snippet":"max-snippet:-1","max-image-preview":"max-image-preview:large","max-video-preview":"max-video-preview:-1"},"canonical":"https:\/\/www.mavihaber.com.tr\/?p=1963","og_locale":"tr_TR","og_type":"article","og_title":"\u00c7GC, AOSB\u2019N\u0130N KONU\u011eU OLDU - MAV\u0130 HABER","og_description":"\u00c7GC Ba\u015fkan\u0131 Esendemir ve Y\u00f6netim Kurulu \u00dcyeleri AOSB\u2019de AOSB\u2019de arsa tahsisi kura ile yap\u0131lacak \u00c7ukurova Gazeteciler Cemiyeti Ba\u015fkan\u0131 Cafer Esendemir","og_url":"https:\/\/www.mavihaber.com.tr\/?p=1963","og_site_name":"MAV\u0130 HABER","article_publisher":"https:\/\/www.facebook.com\/ceyhan.mavi.142\/","article_published_time":"2022-04-28T11:40:22+00:00","author":"MAV\u0130 HABER","twitter_card":"summary_large_image","twitter_creator":"@ceyhanmavihaber","twitter_site":"@ceyhanmavihaber","twitter_misc":{"Yazan:":"MAV\u0130 HABER","Tahmini okuma s\u00fcresi":"3 dakika"},"schema":{"@context":"https:\/\/schema.org","@graph":[{"@type":"Article","@id":"https:\/\/www.mavihaber.com.tr\/?p=1963#article","isPartOf":{"@id":"https:\/\/www.mavihaber.com.tr\/?p=1963"},"author":{"name":"MAV\u0130 HABER","@id":"https:\/\/www.mavihaber.com.tr\/#\/schema\/person\/6b483c36decdaf2ea80ccc7e00592ec5"},"headline":"\u00c7GC, AOSB\u2019N\u0130N KONU\u011eU OLDU","datePublished":"2022-04-28T11:40:22+00:00","mainEntityOfPage":{"@id":"https:\/\/www.mavihaber.com.tr\/?p=1963"},"wordCount":704,"commentCount":0,"publisher":{"@id":"https:\/\/www.mavihaber.com.tr\/#organization"},"image":{"@id":"https:\/\/www.mavihaber.com.tr\/?p=1963#primaryimage"},"thumbnailUrl":"http:\/\/www.mavihaber.com.tr\/wp-content\/uploads\/2022\/04\/IMG_6527-300x200.jpg","articleSection":["E\u011fitim","G\u00fcndem"],"inLanguage":"tr","potentialAction":[{"@type":"CommentAction","name":"Comment","target":["https:\/\/www.mavihaber.com.tr\/?p=1963#respond"]}]},{"@type":"WebPage","@id":"https:\/\/www.mavihaber.com.tr\/?p=1963","url":"https:\/\/www.mavihaber.com.tr\/?p=1963","name":"\u00c7GC, AOSB\u2019N\u0130N KONU\u011eU OLDU - MAV\u0130 HABER","isPartOf":{"@id":"https:\/\/www.mavihaber.com.tr\/#website"},"primaryImageOfPage":{"@id":"https:\/\/www.mavihaber.com.tr\/?p=1963#primaryimage"},"image":{"@id":"https:\/\/www.mavihaber.com.tr\/?p=1963#primaryimage"},"thumbnailUrl":"http:\/\/www.mavihaber.com.tr\/wp-content\/uploads\/2022\/04\/IMG_6527-300x200.jpg","datePublished":"2022-04-28T11:40:22+00:00","breadcrumb":{"@id":"https:\/\/www.mavihaber.com.tr\/?p=1963#breadcrumb"},"inLanguage":"tr","potentialAction":[{"@type":"ReadAction","target":["https:\/\/www.mavihaber.com.tr\/?p=1963"]}]},{"@type":"ImageObject","inLanguage":"tr","@id":"https:\/\/www.mavihaber.com.tr\/?p=1963#primaryimage","url":"","contentUrl":""},{"@type":"BreadcrumbList","@id":"https:\/\/www.mavihaber.com.tr\/?p=1963#breadcrumb","itemListElement":[{"@type":"ListItem","position":1,"name":"Anasayfa","item":"https:\/\/www.mavihaber.com.tr\/"},{"@type":"ListItem","position":2,"name":"\u00c7GC, AOSB\u2019N\u0130N KONU\u011eU OLDU"}]},{"@type":"WebSite","@id":"https:\/\/www.mavihaber.com.tr\/#website","url":"https:\/\/www.mavihaber.com.tr\/","name":"MAV\u0130 HABER","description":"S&Ouml;Z U&Ccedil;AR YAZI KALIR","publisher":{"@id":"https:\/\/www.mavihaber.com.tr\/#organization"},"potentialAction":[{"@type":"SearchAction","target":{"@type":"EntryPoint","urlTemplate":"https:\/\/www.mavihaber.com.tr\/?s={search_term_string}"},"query-input":{"@type":"PropertyValueSpecification","valueRequired":true,"valueName":"search_term_string"}}],"inLanguage":"tr"},{"@type":"Organization","@id":"https:\/\/www.mavihaber.com.tr\/#organization","name":"MAV\u0130 HABER","url":"https:\/\/www.mavihaber.com.tr\/","logo":{"@type":"ImageObject","inLanguage":"tr","@id":"https:\/\/www.mavihaber.com.tr\/#\/schema\/logo\/image\/","url":"http:\/\/www.mavihaber.com.tr\/wp-content\/uploads\/2022\/02\/mavi-logo.png","contentUrl":"http:\/\/www.mavihaber.com.tr\/wp-content\/uploads\/2022\/02\/mavi-logo.png","width":301,"height":81,"caption":"MAV\u0130 HABER"},"image":{"@id":"https:\/\/www.mavihaber.com.tr\/#\/schema\/logo\/image\/"},"sameAs":["https:\/\/www.facebook.com\/ceyhan.mavi.142\/","https:\/\/x.com\/ceyhanmavihaber","https:\/\/www.instagram.com\/ceyhanmavihaber\/","https:\/\/www.youtube.com\/channel\/UCJQ-0-AFgj2GjI269QDUwNw"]},{"@type":"Person","@id":"https:\/\/www.mavihaber.com.tr\/#\/schema\/person\/6b483c36decdaf2ea80ccc7e00592ec5","name":"MAV\u0130 HABER","image":{"@type":"ImageObject","inLanguage":"tr","@id":"https:\/\/secure.gravatar.com\/avatar\/8ec447ff07537b3472bb74c7b4212a4d84d9e722e01a066cab36264a08dd2a23?s=96&d=mm&r=g","url":"https:\/\/secure.gravatar.com\/avatar\/8ec447ff07537b3472bb74c7b4212a4d84d9e722e01a066cab36264a08dd2a23?s=96&d=mm&r=g","contentUrl":"https:\/\/secure.gravatar.com\/avatar\/8ec447ff07537b3472bb74c7b4212a4d84d9e722e01a066cab36264a08dd2a23?s=96&d=mm&r=g","caption":"MAV\u0130 HABER"},"sameAs":["http:\/\/www.mavihaber.com.tr"],"url":"https:\/\/www.mavihaber.com.tr\/?author=1"}]}},"views":331,"_links":{"self":[{"href":"https:\/\/www.mavihaber.com.tr\/index.php?rest_route=\/wp\/v2\/posts\/1963","targetHints":{"allow":["GET"]}}],"collection":[{"href":"https:\/\/www.mavihaber.com.tr\/index.php?rest_route=\/wp\/v2\/posts"}],"about":[{"href":"https:\/\/www.mavihaber.com.tr\/index.php?rest_route=\/wp\/v2\/types\/post"}],"author":[{"embeddable":true,"href":"https:\/\/www.mavihaber.com.tr\/index.php?rest_route=\/wp\/v2\/users\/1"}],"replies":[{"embeddable":true,"href":"https:\/\/www.mavihaber.com.tr\/index.php?rest_route=%2Fwp%2Fv2%2Fcomments&post=1963"}],"version-history":[{"count":1,"href":"https:\/\/www.mavihaber.com.tr\/index.php?rest_route=\/wp\/v2\/posts\/1963\/revisions"}],"predecessor-version":[{"id":1968,"href":"https:\/\/www.mavihaber.com.tr\/index.php?rest_route=\/wp\/v2\/posts\/1963\/revisions\/1968"}],"wp:attachment":[{"href":"https:\/\/www.mavihaber.com.tr\/index.php?rest_route=%2Fwp%2Fv2%2Fmedia&parent=1963"}],"wp:term":[{"taxonomy":"category","embeddable":true,"href":"https:\/\/www.mavihaber.com.tr\/index.php?rest_route=%2Fwp%2Fv2%2Fcategories&post=1963"},{"taxonomy":"post_tag","embeddable":true,"href":"https:\/\/www.mavihaber.com.tr\/index.php?rest_route=%2Fwp%2Fv2%2Ftags&post=1963"}],"curies":[{"name":"wp","href":"https:\/\/api.w.org\/{rel}","templated":true}]}}