{"id":2027,"date":"2022-04-30T08:35:51","date_gmt":"2022-04-30T08:35:51","guid":{"rendered":"http:\/\/www.mavihaber.com.tr\/?p=2027"},"modified":"2022-04-30T08:35:51","modified_gmt":"2022-04-30T08:35:51","slug":"1-mayis-emek-ve-dayanisma-bayrami-kutlu-olsun","status":"publish","type":"post","link":"https:\/\/www.mavihaber.com.tr\/?p=2027","title":{"rendered":"1 MAYIS EMEK VE DAYANI\u015eMA BAYRAMI KUTLU OLSUN"},"content":{"rendered":"<p>Anadolu Sa\u011fl\u0131k Sen Genel Ba\u015fkan\u0131 Necip Ta\u015fk\u0131n, 1 May\u0131s Emek ve Dayan\u0131\u015fma Bayram\u0131 nedeniyle yaz\u0131l\u0131 bas\u0131n a\u00e7\u0131klamas\u0131 yapt\u0131.<\/p>\n<p>1 May\u0131s Emek ve Dayan\u0131\u015fma Bayram\u0131n\u0131n ideolojik bir anlam\u0131n\u0131n olmad\u0131\u011f\u0131n\u0131, ancak bu anlaml\u0131 bayram\u0131 ideolojik kutupla\u015ft\u0131rma maksad\u0131yla kullananlar\u0131n kaos pe\u015finde olduklar\u0131na dikkat \u00e7eken Ta\u015fk\u0131n, emek ve al\u0131n terleriyle \u00fclkemizin ekonomisine katk\u0131 sunarak ya\u015famaya \u00e7al\u0131\u015fanlar\u0131n bayram\u0131 oldu\u011funa dikkat \u00e7ekerek \u015f\u00f6yle dedi:<\/p>\n<p>\u201c1 May\u0131s Emek ve Dayan\u0131\u015fma Bayram\u0131, \u00e7al\u0131\u015fanlar\u0131n dayan\u0131\u015fma, bar\u0131\u015f ve karde\u015fli\u011fini \u00f6nceleyen bir bayramd\u0131r. Emek ve dayan\u0131\u015fma Bayram\u0131nda, i\u015f\u00e7ilerin birlik ve beraberlik i\u00e7erisinde olmas\u0131 gerekir. 1 May\u0131s nedeniyle akla ilk gelen; \u00e7al\u0131\u015fanlar\u0131n haklar\u0131n\u0131n korunmas\u0131 ve \u0130LO standartlar\u0131nda yeni kazan\u0131mlar elde edilmesi i\u00e7in \u00e7al\u0131\u015fmakt\u0131r. T\u00fcrkiye\u2019nin imzalam\u0131\u015f oldu\u011fu uluslararas\u0131 s\u00f6zle\u015fmeler kapsam\u0131nda \u00e7al\u0131\u015fanlar\u0131n sosyal ve ekonomik sorunlar\u0131 \u00e7\u00f6z\u00fclmelidir. \u00c7al\u0131\u015fanlar\u0131n enflasyona ezdirilmeyece\u011fi, \u00fclke kalk\u0131nmas\u0131ndan adil ve hakkaniyetli payla\u015f\u0131m\u0131n hayata ge\u00e7irilece\u011fi bir sistemden yanay\u0131z. Az kazanandan az, \u00e7ok kazanandan \u00e7ok vergi almak ve adil bir \u00fccretlendirme sisteminden yana yeni politikalar \u00fcretilmesi t\u00fcm \u00e7al\u0131\u015fanlar\u0131n beklentisidir. E\u015fit i\u015fe e\u015fit \u00fccret politikas\u0131 uygulanmal\u0131d\u0131r. \u0130\u015ften \u00e7\u0131kar\u0131lma korkusu olmadan huzurlu ve g\u00fcvenli bir i\u015f ortam\u0131 sa\u011flanmal\u0131d\u0131r. Eme\u011fe ve al\u0131n terine sayg\u0131 duyulmal\u0131 ve s\u00f6m\u00fcr\u00fclmesini engellemek i\u00e7in her t\u00fcrl\u00fc \u00f6nleyici tedbirler al\u0131nmal\u0131d\u0131r. \u00c7al\u0131\u015fanlar\u0131m\u0131za sahip \u00e7\u0131kmal\u0131y\u0131z. Onlar\u0131n sorunlar\u0131n\u0131 g\u00f6rmeliyiz. \u00c7al\u0131\u015fma bar\u0131\u015f\u0131n\u0131n sa\u011flanmas\u0131ndan yanay\u0131z. Mobbing\u2019in her t\u00fcr\u00fcne kar\u015f\u0131y\u0131z. Devlet gerekli \u00f6nlemleri almal\u0131d\u0131r. Emek ve dayan\u0131\u015fma bayram\u0131nda birlik, beraberlik, karde\u015flik duygular\u0131 i\u00e7inde huzurlu, i\u015f bar\u0131\u015f\u0131n\u0131n sa\u011fland\u0131\u011f\u0131, i\u015f g\u00fcvenli\u011finin h\u00e2kim oldu\u011fu bir i\u015f d\u00fcnyas\u0131 temenni ediyoruz.<\/p>\n<p>Bu duygu ve d\u00fc\u015f\u00fcncelerle 1 May\u0131s Emek ve Dayan\u0131\u015fma Bayram\u0131n\u0131 kutluyor, t\u00fcm \u00e7al\u0131\u015fanlar\u0131m\u0131za ve milletimize hay\u0131rl\u0131 olmas\u0131n\u0131 temenni ederken, bar\u0131\u015f\u0131n, huzurun, dayan\u0131\u015fma ve karde\u015flik ruhunun daim olmas\u0131n\u0131 diliyorum.\u201d<\/p>\n","protected":false},"excerpt":{"rendered":"<p>Anadolu Sa\u011fl\u0131k Sen Genel Ba\u015fkan\u0131 Necip Ta\u015fk\u0131n, 1 May\u0131s Emek ve Dayan\u0131\u015fma Bayram\u0131 nedeniyle yaz\u0131l\u0131 bas\u0131n a\u00e7\u0131klamas\u0131 yapt\u0131. 1 May\u0131s<\/p>\n","protected":false},"author":1,"featured_media":0,"comment_status":"open","ping_status":"open","sticky":false,"template":"","format":"standard","meta":{"footnotes":""},"categories":[10,12],"tags":[],"class_list":["post-2027","post","type-post","status-publish","format-standard","hentry","category-gundem","category-saglik"],"yoast_head":"<!-- This site is optimized with the Yoast SEO plugin v28.2 - https:\/\/yoast.com\/product\/yoast-seo-wordpress\/ -->\n<title>1 MAYIS EMEK VE DAYANI\u015eMA BAYRAMI KUTLU OLSUN - MAV\u0130 HABER<\/title>\n<meta name=\"robots\" content=\"index, follow, max-snippet:-1, max-image-preview:large, max-video-preview:-1\" \/>\n<link rel=\"canonical\" href=\"https:\/\/www.mavihaber.com.tr\/?p=2027\" \/>\n<meta property=\"og:locale\" content=\"tr_TR\" \/>\n<meta property=\"og:type\" content=\"article\" \/>\n<meta property=\"og:title\" content=\"1 MAYIS EMEK VE DAYANI\u015eMA BAYRAMI KUTLU OLSUN - MAV\u0130 HABER\" \/>\n<meta property=\"og:description\" content=\"Anadolu Sa\u011fl\u0131k Sen Genel Ba\u015fkan\u0131 Necip Ta\u015fk\u0131n, 1 May\u0131s Emek ve Dayan\u0131\u015fma Bayram\u0131 nedeniyle yaz\u0131l\u0131 bas\u0131n a\u00e7\u0131klamas\u0131 yapt\u0131. 1 May\u0131s\" \/>\n<meta property=\"og:url\" content=\"https:\/\/www.mavihaber.com.tr\/?p=2027\" \/>\n<meta property=\"og:site_name\" content=\"MAV\u0130 HABER\" \/>\n<meta property=\"article:publisher\" content=\"https:\/\/www.facebook.com\/ceyhan.mavi.142\/\" \/>\n<meta property=\"article:published_time\" content=\"2022-04-30T08:35:51+00:00\" \/>\n<meta name=\"author\" content=\"MAV\u0130 HABER\" \/>\n<meta name=\"twitter:card\" content=\"summary_large_image\" \/>\n<meta name=\"twitter:creator\" content=\"@ceyhanmavihaber\" \/>\n<meta name=\"twitter:site\" content=\"@ceyhanmavihaber\" \/>\n<meta name=\"twitter:label1\" content=\"Yazan:\" \/>\n\t<meta name=\"twitter:data1\" content=\"MAV\u0130 HABER\" \/>\n\t<meta name=\"twitter:label2\" content=\"Tahmini okuma s\u00fcresi\" \/>\n\t<meta name=\"twitter:data2\" content=\"2 dakika\" \/>\n<script type=\"application\/ld+json\" class=\"yoast-schema-graph\">{\"@context\":\"https:\\\/\\\/schema.org\",\"@graph\":[{\"@type\":\"Article\",\"@id\":\"https:\\\/\\\/www.mavihaber.com.tr\\\/?p=2027#article\",\"isPartOf\":{\"@id\":\"https:\\\/\\\/www.mavihaber.com.tr\\\/?p=2027\"},\"author\":{\"name\":\"MAV\u0130 HABER\",\"@id\":\"https:\\\/\\\/www.mavihaber.com.tr\\\/#\\\/schema\\\/person\\\/6b483c36decdaf2ea80ccc7e00592ec5\"},\"headline\":\"1 MAYIS EMEK VE DAYANI\u015eMA BAYRAMI KUTLU OLSUN\",\"datePublished\":\"2022-04-30T08:35:51+00:00\",\"mainEntityOfPage\":{\"@id\":\"https:\\\/\\\/www.mavihaber.com.tr\\\/?p=2027\"},\"wordCount\":391,\"commentCount\":0,\"publisher\":{\"@id\":\"https:\\\/\\\/www.mavihaber.com.tr\\\/#organization\"},\"articleSection\":[\"G\u00fcndem\",\"Sa\u011fl\u0131k\"],\"inLanguage\":\"tr\",\"potentialAction\":[{\"@type\":\"CommentAction\",\"name\":\"Comment\",\"target\":[\"https:\\\/\\\/www.mavihaber.com.tr\\\/?p=2027#respond\"]}]},{\"@type\":\"WebPage\",\"@id\":\"https:\\\/\\\/www.mavihaber.com.tr\\\/?p=2027\",\"url\":\"https:\\\/\\\/www.mavihaber.com.tr\\\/?p=2027\",\"name\":\"1 MAYIS EMEK VE DAYANI\u015eMA BAYRAMI KUTLU OLSUN - MAV\u0130 HABER\",\"isPartOf\":{\"@id\":\"https:\\\/\\\/www.mavihaber.com.tr\\\/#website\"},\"datePublished\":\"2022-04-30T08:35:51+00:00\",\"breadcrumb\":{\"@id\":\"https:\\\/\\\/www.mavihaber.com.tr\\\/?p=2027#breadcrumb\"},\"inLanguage\":\"tr\",\"potentialAction\":[{\"@type\":\"ReadAction\",\"target\":[\"https:\\\/\\\/www.mavihaber.com.tr\\\/?p=2027\"]}]},{\"@type\":\"BreadcrumbList\",\"@id\":\"https:\\\/\\\/www.mavihaber.com.tr\\\/?p=2027#breadcrumb\",\"itemListElement\":[{\"@type\":\"ListItem\",\"position\":1,\"name\":\"Anasayfa\",\"item\":\"https:\\\/\\\/www.mavihaber.com.tr\\\/\"},{\"@type\":\"ListItem\",\"position\":2,\"name\":\"1 MAYIS EMEK VE DAYANI\u015eMA BAYRAMI KUTLU OLSUN\"}]},{\"@type\":\"WebSite\",\"@id\":\"https:\\\/\\\/www.mavihaber.com.tr\\\/#website\",\"url\":\"https:\\\/\\\/www.mavihaber.com.tr\\\/\",\"name\":\"MAV\u0130 HABER\",\"description\":\"S&Ouml;Z U&Ccedil;AR YAZI KALIR\",\"publisher\":{\"@id\":\"https:\\\/\\\/www.mavihaber.com.tr\\\/#organization\"},\"potentialAction\":[{\"@type\":\"SearchAction\",\"target\":{\"@type\":\"EntryPoint\",\"urlTemplate\":\"https:\\\/\\\/www.mavihaber.com.tr\\\/?s={search_term_string}\"},\"query-input\":{\"@type\":\"PropertyValueSpecification\",\"valueRequired\":true,\"valueName\":\"search_term_string\"}}],\"inLanguage\":\"tr\"},{\"@type\":\"Organization\",\"@id\":\"https:\\\/\\\/www.mavihaber.com.tr\\\/#organization\",\"name\":\"MAV\u0130 HABER\",\"url\":\"https:\\\/\\\/www.mavihaber.com.tr\\\/\",\"logo\":{\"@type\":\"ImageObject\",\"inLanguage\":\"tr\",\"@id\":\"https:\\\/\\\/www.mavihaber.com.tr\\\/#\\\/schema\\\/logo\\\/image\\\/\",\"url\":\"http:\\\/\\\/www.mavihaber.com.tr\\\/wp-content\\\/uploads\\\/2022\\\/02\\\/mavi-logo.png\",\"contentUrl\":\"http:\\\/\\\/www.mavihaber.com.tr\\\/wp-content\\\/uploads\\\/2022\\\/02\\\/mavi-logo.png\",\"width\":301,\"height\":81,\"caption\":\"MAV\u0130 HABER\"},\"image\":{\"@id\":\"https:\\\/\\\/www.mavihaber.com.tr\\\/#\\\/schema\\\/logo\\\/image\\\/\"},\"sameAs\":[\"https:\\\/\\\/www.facebook.com\\\/ceyhan.mavi.142\\\/\",\"https:\\\/\\\/x.com\\\/ceyhanmavihaber\",\"https:\\\/\\\/www.instagram.com\\\/ceyhanmavihaber\\\/\",\"https:\\\/\\\/www.youtube.com\\\/channel\\\/UCJQ-0-AFgj2GjI269QDUwNw\"]},{\"@type\":\"Person\",\"@id\":\"https:\\\/\\\/www.mavihaber.com.tr\\\/#\\\/schema\\\/person\\\/6b483c36decdaf2ea80ccc7e00592ec5\",\"name\":\"MAV\u0130 HABER\",\"image\":{\"@type\":\"ImageObject\",\"inLanguage\":\"tr\",\"@id\":\"https:\\\/\\\/secure.gravatar.com\\\/avatar\\\/8ec447ff07537b3472bb74c7b4212a4d84d9e722e01a066cab36264a08dd2a23?s=96&d=mm&r=g\",\"url\":\"https:\\\/\\\/secure.gravatar.com\\\/avatar\\\/8ec447ff07537b3472bb74c7b4212a4d84d9e722e01a066cab36264a08dd2a23?s=96&d=mm&r=g\",\"contentUrl\":\"https:\\\/\\\/secure.gravatar.com\\\/avatar\\\/8ec447ff07537b3472bb74c7b4212a4d84d9e722e01a066cab36264a08dd2a23?s=96&d=mm&r=g\",\"caption\":\"MAV\u0130 HABER\"},\"sameAs\":[\"http:\\\/\\\/www.mavihaber.com.tr\"],\"url\":\"https:\\\/\\\/www.mavihaber.com.tr\\\/?author=1\"}]}<\/script>\n<!-- \/ Yoast SEO plugin. -->","yoast_head_json":{"title":"1 MAYIS EMEK VE DAYANI\u015eMA BAYRAMI KUTLU OLSUN - MAV\u0130 HABER","robots":{"index":"index","follow":"follow","max-snippet":"max-snippet:-1","max-image-preview":"max-image-preview:large","max-video-preview":"max-video-preview:-1"},"canonical":"https:\/\/www.mavihaber.com.tr\/?p=2027","og_locale":"tr_TR","og_type":"article","og_title":"1 MAYIS EMEK VE DAYANI\u015eMA BAYRAMI KUTLU OLSUN - MAV\u0130 HABER","og_description":"Anadolu Sa\u011fl\u0131k Sen Genel Ba\u015fkan\u0131 Necip Ta\u015fk\u0131n, 1 May\u0131s Emek ve Dayan\u0131\u015fma Bayram\u0131 nedeniyle yaz\u0131l\u0131 bas\u0131n a\u00e7\u0131klamas\u0131 yapt\u0131. 1 May\u0131s","og_url":"https:\/\/www.mavihaber.com.tr\/?p=2027","og_site_name":"MAV\u0130 HABER","article_publisher":"https:\/\/www.facebook.com\/ceyhan.mavi.142\/","article_published_time":"2022-04-30T08:35:51+00:00","author":"MAV\u0130 HABER","twitter_card":"summary_large_image","twitter_creator":"@ceyhanmavihaber","twitter_site":"@ceyhanmavihaber","twitter_misc":{"Yazan:":"MAV\u0130 HABER","Tahmini okuma s\u00fcresi":"2 dakika"},"schema":{"@context":"https:\/\/schema.org","@graph":[{"@type":"Article","@id":"https:\/\/www.mavihaber.com.tr\/?p=2027#article","isPartOf":{"@id":"https:\/\/www.mavihaber.com.tr\/?p=2027"},"author":{"name":"MAV\u0130 HABER","@id":"https:\/\/www.mavihaber.com.tr\/#\/schema\/person\/6b483c36decdaf2ea80ccc7e00592ec5"},"headline":"1 MAYIS EMEK VE DAYANI\u015eMA BAYRAMI KUTLU OLSUN","datePublished":"2022-04-30T08:35:51+00:00","mainEntityOfPage":{"@id":"https:\/\/www.mavihaber.com.tr\/?p=2027"},"wordCount":391,"commentCount":0,"publisher":{"@id":"https:\/\/www.mavihaber.com.tr\/#organization"},"articleSection":["G\u00fcndem","Sa\u011fl\u0131k"],"inLanguage":"tr","potentialAction":[{"@type":"CommentAction","name":"Comment","target":["https:\/\/www.mavihaber.com.tr\/?p=2027#respond"]}]},{"@type":"WebPage","@id":"https:\/\/www.mavihaber.com.tr\/?p=2027","url":"https:\/\/www.mavihaber.com.tr\/?p=2027","name":"1 MAYIS EMEK VE DAYANI\u015eMA BAYRAMI KUTLU OLSUN - MAV\u0130 HABER","isPartOf":{"@id":"https:\/\/www.mavihaber.com.tr\/#website"},"datePublished":"2022-04-30T08:35:51+00:00","breadcrumb":{"@id":"https:\/\/www.mavihaber.com.tr\/?p=2027#breadcrumb"},"inLanguage":"tr","potentialAction":[{"@type":"ReadAction","target":["https:\/\/www.mavihaber.com.tr\/?p=2027"]}]},{"@type":"BreadcrumbList","@id":"https:\/\/www.mavihaber.com.tr\/?p=2027#breadcrumb","itemListElement":[{"@type":"ListItem","position":1,"name":"Anasayfa","item":"https:\/\/www.mavihaber.com.tr\/"},{"@type":"ListItem","position":2,"name":"1 MAYIS EMEK VE DAYANI\u015eMA BAYRAMI KUTLU OLSUN"}]},{"@type":"WebSite","@id":"https:\/\/www.mavihaber.com.tr\/#website","url":"https:\/\/www.mavihaber.com.tr\/","name":"MAV\u0130 HABER","description":"S&Ouml;Z U&Ccedil;AR YAZI KALIR","publisher":{"@id":"https:\/\/www.mavihaber.com.tr\/#organization"},"potentialAction":[{"@type":"SearchAction","target":{"@type":"EntryPoint","urlTemplate":"https:\/\/www.mavihaber.com.tr\/?s={search_term_string}"},"query-input":{"@type":"PropertyValueSpecification","valueRequired":true,"valueName":"search_term_string"}}],"inLanguage":"tr"},{"@type":"Organization","@id":"https:\/\/www.mavihaber.com.tr\/#organization","name":"MAV\u0130 HABER","url":"https:\/\/www.mavihaber.com.tr\/","logo":{"@type":"ImageObject","inLanguage":"tr","@id":"https:\/\/www.mavihaber.com.tr\/#\/schema\/logo\/image\/","url":"http:\/\/www.mavihaber.com.tr\/wp-content\/uploads\/2022\/02\/mavi-logo.png","contentUrl":"http:\/\/www.mavihaber.com.tr\/wp-content\/uploads\/2022\/02\/mavi-logo.png","width":301,"height":81,"caption":"MAV\u0130 HABER"},"image":{"@id":"https:\/\/www.mavihaber.com.tr\/#\/schema\/logo\/image\/"},"sameAs":["https:\/\/www.facebook.com\/ceyhan.mavi.142\/","https:\/\/x.com\/ceyhanmavihaber","https:\/\/www.instagram.com\/ceyhanmavihaber\/","https:\/\/www.youtube.com\/channel\/UCJQ-0-AFgj2GjI269QDUwNw"]},{"@type":"Person","@id":"https:\/\/www.mavihaber.com.tr\/#\/schema\/person\/6b483c36decdaf2ea80ccc7e00592ec5","name":"MAV\u0130 HABER","image":{"@type":"ImageObject","inLanguage":"tr","@id":"https:\/\/secure.gravatar.com\/avatar\/8ec447ff07537b3472bb74c7b4212a4d84d9e722e01a066cab36264a08dd2a23?s=96&d=mm&r=g","url":"https:\/\/secure.gravatar.com\/avatar\/8ec447ff07537b3472bb74c7b4212a4d84d9e722e01a066cab36264a08dd2a23?s=96&d=mm&r=g","contentUrl":"https:\/\/secure.gravatar.com\/avatar\/8ec447ff07537b3472bb74c7b4212a4d84d9e722e01a066cab36264a08dd2a23?s=96&d=mm&r=g","caption":"MAV\u0130 HABER"},"sameAs":["http:\/\/www.mavihaber.com.tr"],"url":"https:\/\/www.mavihaber.com.tr\/?author=1"}]}},"views":444,"_links":{"self":[{"href":"https:\/\/www.mavihaber.com.tr\/index.php?rest_route=\/wp\/v2\/posts\/2027","targetHints":{"allow":["GET"]}}],"collection":[{"href":"https:\/\/www.mavihaber.com.tr\/index.php?rest_route=\/wp\/v2\/posts"}],"about":[{"href":"https:\/\/www.mavihaber.com.tr\/index.php?rest_route=\/wp\/v2\/types\/post"}],"author":[{"embeddable":true,"href":"https:\/\/www.mavihaber.com.tr\/index.php?rest_route=\/wp\/v2\/users\/1"}],"replies":[{"embeddable":true,"href":"https:\/\/www.mavihaber.com.tr\/index.php?rest_route=%2Fwp%2Fv2%2Fcomments&post=2027"}],"version-history":[{"count":1,"href":"https:\/\/www.mavihaber.com.tr\/index.php?rest_route=\/wp\/v2\/posts\/2027\/revisions"}],"predecessor-version":[{"id":2029,"href":"https:\/\/www.mavihaber.com.tr\/index.php?rest_route=\/wp\/v2\/posts\/2027\/revisions\/2029"}],"wp:attachment":[{"href":"https:\/\/www.mavihaber.com.tr\/index.php?rest_route=%2Fwp%2Fv2%2Fmedia&parent=2027"}],"wp:term":[{"taxonomy":"category","embeddable":true,"href":"https:\/\/www.mavihaber.com.tr\/index.php?rest_route=%2Fwp%2Fv2%2Fcategories&post=2027"},{"taxonomy":"post_tag","embeddable":true,"href":"https:\/\/www.mavihaber.com.tr\/index.php?rest_route=%2Fwp%2Fv2%2Ftags&post=2027"}],"curies":[{"name":"wp","href":"https:\/\/api.w.org\/{rel}","templated":true}]}}