{"id":2030,"date":"2022-04-30T08:48:00","date_gmt":"2022-04-30T08:48:00","guid":{"rendered":"http:\/\/www.mavihaber.com.tr\/?p=2030"},"modified":"2022-04-30T08:48:00","modified_gmt":"2022-04-30T08:48:00","slug":"dunyanin-en-yuce-degeri-emektir","status":"publish","type":"post","link":"https:\/\/www.mavihaber.com.tr\/?p=2030","title":{"rendered":"D\u00dcNYA\u2019NIN EN Y\u00dcCE DE\u011eER\u0130 EMEKT\u0130R"},"content":{"rendered":"<p>ADANA M\u0130LLETVEK\u0130L\u0130 ORHAN S\u00dcMER\u2019\u0130N 1 MAYIS \u0130\u015e\u00c7\u0130 BAYRAMI \u0130LE \u0130LG\u0130L\u0130 BASIN A\u00c7IKLAMASI<\/p>\n<p>T\u00fcm d\u00fcnya \u00fczerinde kutlanan eme\u011fin ve emek\u00e7inin bayram\u0131, al\u0131n terinin en y\u00fcce kavram oldu\u011funun tescili 1 May\u0131s \u0130\u015f\u00e7i Bayram\u0131d\u0131r.<\/p>\n<p>Demokrasi ve G\u00fcvenli bir gelecek i\u00e7in m\u00fccadele g\u00fcn\u00fcd\u00fcr.<\/p>\n<p>D\u00fcnya \u00fczerinde \u201ct\u00fcm fark\u0131 yaratan emektir\u201d bu fark\u0131n de\u011feri bilinmeli ve sayg\u0131 g\u00f6sterilmelidir.<\/p>\n<p>\u00dcretenle, t\u00fcketen aras\u0131nda u\u00e7urumun olmad\u0131\u011f\u0131, ge\u00e7im ve gelecek kayg\u0131s\u0131n\u0131n bulunmad\u0131\u011f\u0131 i\u00e7 demokrasinin tam anlam\u0131yla oturdu\u011fu toplumlarda 1 May\u0131slar kazan\u0131lm\u0131\u015f temel hak ve \u00f6zg\u00fcrl\u00fckler sayesinde huzurlu bir \u015fekilde kutlanabilirken, \u00fclkemizdeki sosyal adaletsizlik ve e\u015fitsizlik y\u00fcz\u00fcnden bayram havas\u0131 yerine gerginlik i\u00e7erisinde kutlanmaktad\u0131r.<\/p>\n<p>EME\u011e\u0130N DE\u011eER\u0130 DEMOKRAT\u0130K S\u0130STEME GE\u00c7\u0130\u015eLE HAKKINI BULACAK<\/p>\n<p>T\u00fcrkiye\u2019yi i\u00e7inde bulundu\u011fu bu durumdan, D\u00fcnya\u2019y\u0131 ise s\u00fcr\u00fcklendi\u011fi vah\u015fi kapitalist u\u00e7urumdan kurtaracak olan eme\u011fin sahipleri i\u015f\u00e7i s\u0131n\u0131f\u0131d\u0131r. Cumhuriyet Halk Partisi iktidar\u0131nda emek\u00e7ilerimizin bir damla al\u0131n terinin bile kar\u015f\u0131l\u0131ks\u0131z kalmad\u0131\u011f\u0131 bir d\u00fczeni yarataca\u011f\u0131m\u0131za s\u00f6z veriyoruz.<\/p>\n<p>Her 1 May\u0131s\u2019\u0131n \u00fclkemizde ve d\u00fcnyada anlam\u0131na uygun olarak dostluk, dayan\u0131\u015fma ve bayram havas\u0131 i\u00e7erisinde kutlanmas\u0131n\u0131 temenni ediyorum.<\/p>\n<p>Ulu \u00d6nder Mustafa Kemal Atat\u00fcrk\u2019\u00fcn \u00e7izdi\u011fi yolda, g\u00f6sterdi\u011fi \u00fclk\u00fcye emin ad\u0131mlarla y\u00fcr\u00fcyerek, \u00fclkemizi hak etti\u011fi \u00e7a\u011fda\u015f uygarl\u0131k seviyesine ta\u015f\u0131mak i\u00e7in el ele bar\u0131\u015f ve dayan\u0131\u015fma i\u00e7erisinde ta\u015f\u0131yacak olan t\u00fcm i\u015f\u00e7i ve emek\u00e7i s\u0131n\u0131f\u0131n\u0131n 1 MAYIS \u0130\u015f\u00e7i Bayram\u0131n\u0131 Kutluyorum.<\/p>\n<p>Orhan S\u00dcMER<\/p>\n<p>Adana Milletvekili<\/p>\n","protected":false},"excerpt":{"rendered":"<p>ADANA M\u0130LLETVEK\u0130L\u0130 ORHAN S\u00dcMER\u2019\u0130N 1 MAYIS \u0130\u015e\u00c7\u0130 BAYRAMI \u0130LE \u0130LG\u0130L\u0130 BASIN A\u00c7IKLAMASI T\u00fcm d\u00fcnya \u00fczerinde kutlanan eme\u011fin ve emek\u00e7inin bayram\u0131,<\/p>\n","protected":false},"author":1,"featured_media":0,"comment_status":"open","ping_status":"open","sticky":false,"template":"","format":"standard","meta":{"footnotes":""},"categories":[10,13],"tags":[],"class_list":["post-2030","post","type-post","status-publish","format-standard","hentry","category-gundem","category-siyaset"],"yoast_head":"<!-- This site is optimized with the Yoast SEO plugin v28.2 - https:\/\/yoast.com\/product\/yoast-seo-wordpress\/ -->\n<title>D\u00dcNYA\u2019NIN EN Y\u00dcCE DE\u011eER\u0130 EMEKT\u0130R - MAV\u0130 HABER<\/title>\n<meta name=\"robots\" content=\"index, follow, max-snippet:-1, max-image-preview:large, max-video-preview:-1\" \/>\n<link rel=\"canonical\" href=\"https:\/\/www.mavihaber.com.tr\/?p=2030\" \/>\n<meta property=\"og:locale\" content=\"tr_TR\" \/>\n<meta property=\"og:type\" content=\"article\" \/>\n<meta property=\"og:title\" content=\"D\u00dcNYA\u2019NIN EN Y\u00dcCE DE\u011eER\u0130 EMEKT\u0130R - MAV\u0130 HABER\" \/>\n<meta property=\"og:description\" content=\"ADANA M\u0130LLETVEK\u0130L\u0130 ORHAN S\u00dcMER\u2019\u0130N 1 MAYIS \u0130\u015e\u00c7\u0130 BAYRAMI \u0130LE \u0130LG\u0130L\u0130 BASIN A\u00c7IKLAMASI T\u00fcm d\u00fcnya \u00fczerinde kutlanan eme\u011fin ve emek\u00e7inin bayram\u0131,\" \/>\n<meta property=\"og:url\" content=\"https:\/\/www.mavihaber.com.tr\/?p=2030\" \/>\n<meta property=\"og:site_name\" content=\"MAV\u0130 HABER\" \/>\n<meta property=\"article:publisher\" content=\"https:\/\/www.facebook.com\/ceyhan.mavi.142\/\" \/>\n<meta property=\"article:published_time\" content=\"2022-04-30T08:48:00+00:00\" \/>\n<meta name=\"author\" content=\"MAV\u0130 HABER\" \/>\n<meta name=\"twitter:card\" content=\"summary_large_image\" \/>\n<meta name=\"twitter:creator\" content=\"@ceyhanmavihaber\" \/>\n<meta name=\"twitter:site\" content=\"@ceyhanmavihaber\" \/>\n<meta name=\"twitter:label1\" content=\"Yazan:\" \/>\n\t<meta name=\"twitter:data1\" content=\"MAV\u0130 HABER\" \/>\n\t<meta name=\"twitter:label2\" content=\"Tahmini okuma s\u00fcresi\" \/>\n\t<meta name=\"twitter:data2\" content=\"2 dakika\" \/>\n<script type=\"application\/ld+json\" class=\"yoast-schema-graph\">{\"@context\":\"https:\\\/\\\/schema.org\",\"@graph\":[{\"@type\":\"Article\",\"@id\":\"https:\\\/\\\/www.mavihaber.com.tr\\\/?p=2030#article\",\"isPartOf\":{\"@id\":\"https:\\\/\\\/www.mavihaber.com.tr\\\/?p=2030\"},\"author\":{\"name\":\"MAV\u0130 HABER\",\"@id\":\"https:\\\/\\\/www.mavihaber.com.tr\\\/#\\\/schema\\\/person\\\/6b483c36decdaf2ea80ccc7e00592ec5\"},\"headline\":\"D\u00dcNYA\u2019NIN EN Y\u00dcCE DE\u011eER\u0130 EMEKT\u0130R\",\"datePublished\":\"2022-04-30T08:48:00+00:00\",\"mainEntityOfPage\":{\"@id\":\"https:\\\/\\\/www.mavihaber.com.tr\\\/?p=2030\"},\"wordCount\":307,\"commentCount\":0,\"publisher\":{\"@id\":\"https:\\\/\\\/www.mavihaber.com.tr\\\/#organization\"},\"articleSection\":[\"G\u00fcndem\",\"Siyaset\"],\"inLanguage\":\"tr\",\"potentialAction\":[{\"@type\":\"CommentAction\",\"name\":\"Comment\",\"target\":[\"https:\\\/\\\/www.mavihaber.com.tr\\\/?p=2030#respond\"]}]},{\"@type\":\"WebPage\",\"@id\":\"https:\\\/\\\/www.mavihaber.com.tr\\\/?p=2030\",\"url\":\"https:\\\/\\\/www.mavihaber.com.tr\\\/?p=2030\",\"name\":\"D\u00dcNYA\u2019NIN EN Y\u00dcCE DE\u011eER\u0130 EMEKT\u0130R - MAV\u0130 HABER\",\"isPartOf\":{\"@id\":\"https:\\\/\\\/www.mavihaber.com.tr\\\/#website\"},\"datePublished\":\"2022-04-30T08:48:00+00:00\",\"breadcrumb\":{\"@id\":\"https:\\\/\\\/www.mavihaber.com.tr\\\/?p=2030#breadcrumb\"},\"inLanguage\":\"tr\",\"potentialAction\":[{\"@type\":\"ReadAction\",\"target\":[\"https:\\\/\\\/www.mavihaber.com.tr\\\/?p=2030\"]}]},{\"@type\":\"BreadcrumbList\",\"@id\":\"https:\\\/\\\/www.mavihaber.com.tr\\\/?p=2030#breadcrumb\",\"itemListElement\":[{\"@type\":\"ListItem\",\"position\":1,\"name\":\"Anasayfa\",\"item\":\"https:\\\/\\\/www.mavihaber.com.tr\\\/\"},{\"@type\":\"ListItem\",\"position\":2,\"name\":\"D\u00dcNYA\u2019NIN EN Y\u00dcCE DE\u011eER\u0130 EMEKT\u0130R\"}]},{\"@type\":\"WebSite\",\"@id\":\"https:\\\/\\\/www.mavihaber.com.tr\\\/#website\",\"url\":\"https:\\\/\\\/www.mavihaber.com.tr\\\/\",\"name\":\"MAV\u0130 HABER\",\"description\":\"S&Ouml;Z U&Ccedil;AR YAZI KALIR\",\"publisher\":{\"@id\":\"https:\\\/\\\/www.mavihaber.com.tr\\\/#organization\"},\"potentialAction\":[{\"@type\":\"SearchAction\",\"target\":{\"@type\":\"EntryPoint\",\"urlTemplate\":\"https:\\\/\\\/www.mavihaber.com.tr\\\/?s={search_term_string}\"},\"query-input\":{\"@type\":\"PropertyValueSpecification\",\"valueRequired\":true,\"valueName\":\"search_term_string\"}}],\"inLanguage\":\"tr\"},{\"@type\":\"Organization\",\"@id\":\"https:\\\/\\\/www.mavihaber.com.tr\\\/#organization\",\"name\":\"MAV\u0130 HABER\",\"url\":\"https:\\\/\\\/www.mavihaber.com.tr\\\/\",\"logo\":{\"@type\":\"ImageObject\",\"inLanguage\":\"tr\",\"@id\":\"https:\\\/\\\/www.mavihaber.com.tr\\\/#\\\/schema\\\/logo\\\/image\\\/\",\"url\":\"http:\\\/\\\/www.mavihaber.com.tr\\\/wp-content\\\/uploads\\\/2022\\\/02\\\/mavi-logo.png\",\"contentUrl\":\"http:\\\/\\\/www.mavihaber.com.tr\\\/wp-content\\\/uploads\\\/2022\\\/02\\\/mavi-logo.png\",\"width\":301,\"height\":81,\"caption\":\"MAV\u0130 HABER\"},\"image\":{\"@id\":\"https:\\\/\\\/www.mavihaber.com.tr\\\/#\\\/schema\\\/logo\\\/image\\\/\"},\"sameAs\":[\"https:\\\/\\\/www.facebook.com\\\/ceyhan.mavi.142\\\/\",\"https:\\\/\\\/x.com\\\/ceyhanmavihaber\",\"https:\\\/\\\/www.instagram.com\\\/ceyhanmavihaber\\\/\",\"https:\\\/\\\/www.youtube.com\\\/channel\\\/UCJQ-0-AFgj2GjI269QDUwNw\"]},{\"@type\":\"Person\",\"@id\":\"https:\\\/\\\/www.mavihaber.com.tr\\\/#\\\/schema\\\/person\\\/6b483c36decdaf2ea80ccc7e00592ec5\",\"name\":\"MAV\u0130 HABER\",\"image\":{\"@type\":\"ImageObject\",\"inLanguage\":\"tr\",\"@id\":\"https:\\\/\\\/secure.gravatar.com\\\/avatar\\\/8ec447ff07537b3472bb74c7b4212a4d84d9e722e01a066cab36264a08dd2a23?s=96&d=mm&r=g\",\"url\":\"https:\\\/\\\/secure.gravatar.com\\\/avatar\\\/8ec447ff07537b3472bb74c7b4212a4d84d9e722e01a066cab36264a08dd2a23?s=96&d=mm&r=g\",\"contentUrl\":\"https:\\\/\\\/secure.gravatar.com\\\/avatar\\\/8ec447ff07537b3472bb74c7b4212a4d84d9e722e01a066cab36264a08dd2a23?s=96&d=mm&r=g\",\"caption\":\"MAV\u0130 HABER\"},\"sameAs\":[\"http:\\\/\\\/www.mavihaber.com.tr\"],\"url\":\"https:\\\/\\\/www.mavihaber.com.tr\\\/?author=1\"}]}<\/script>\n<!-- \/ Yoast SEO plugin. -->","yoast_head_json":{"title":"D\u00dcNYA\u2019NIN EN Y\u00dcCE DE\u011eER\u0130 EMEKT\u0130R - MAV\u0130 HABER","robots":{"index":"index","follow":"follow","max-snippet":"max-snippet:-1","max-image-preview":"max-image-preview:large","max-video-preview":"max-video-preview:-1"},"canonical":"https:\/\/www.mavihaber.com.tr\/?p=2030","og_locale":"tr_TR","og_type":"article","og_title":"D\u00dcNYA\u2019NIN EN Y\u00dcCE DE\u011eER\u0130 EMEKT\u0130R - MAV\u0130 HABER","og_description":"ADANA M\u0130LLETVEK\u0130L\u0130 ORHAN S\u00dcMER\u2019\u0130N 1 MAYIS \u0130\u015e\u00c7\u0130 BAYRAMI \u0130LE \u0130LG\u0130L\u0130 BASIN A\u00c7IKLAMASI T\u00fcm d\u00fcnya \u00fczerinde kutlanan eme\u011fin ve emek\u00e7inin bayram\u0131,","og_url":"https:\/\/www.mavihaber.com.tr\/?p=2030","og_site_name":"MAV\u0130 HABER","article_publisher":"https:\/\/www.facebook.com\/ceyhan.mavi.142\/","article_published_time":"2022-04-30T08:48:00+00:00","author":"MAV\u0130 HABER","twitter_card":"summary_large_image","twitter_creator":"@ceyhanmavihaber","twitter_site":"@ceyhanmavihaber","twitter_misc":{"Yazan:":"MAV\u0130 HABER","Tahmini okuma s\u00fcresi":"2 dakika"},"schema":{"@context":"https:\/\/schema.org","@graph":[{"@type":"Article","@id":"https:\/\/www.mavihaber.com.tr\/?p=2030#article","isPartOf":{"@id":"https:\/\/www.mavihaber.com.tr\/?p=2030"},"author":{"name":"MAV\u0130 HABER","@id":"https:\/\/www.mavihaber.com.tr\/#\/schema\/person\/6b483c36decdaf2ea80ccc7e00592ec5"},"headline":"D\u00dcNYA\u2019NIN EN Y\u00dcCE DE\u011eER\u0130 EMEKT\u0130R","datePublished":"2022-04-30T08:48:00+00:00","mainEntityOfPage":{"@id":"https:\/\/www.mavihaber.com.tr\/?p=2030"},"wordCount":307,"commentCount":0,"publisher":{"@id":"https:\/\/www.mavihaber.com.tr\/#organization"},"articleSection":["G\u00fcndem","Siyaset"],"inLanguage":"tr","potentialAction":[{"@type":"CommentAction","name":"Comment","target":["https:\/\/www.mavihaber.com.tr\/?p=2030#respond"]}]},{"@type":"WebPage","@id":"https:\/\/www.mavihaber.com.tr\/?p=2030","url":"https:\/\/www.mavihaber.com.tr\/?p=2030","name":"D\u00dcNYA\u2019NIN EN Y\u00dcCE DE\u011eER\u0130 EMEKT\u0130R - MAV\u0130 HABER","isPartOf":{"@id":"https:\/\/www.mavihaber.com.tr\/#website"},"datePublished":"2022-04-30T08:48:00+00:00","breadcrumb":{"@id":"https:\/\/www.mavihaber.com.tr\/?p=2030#breadcrumb"},"inLanguage":"tr","potentialAction":[{"@type":"ReadAction","target":["https:\/\/www.mavihaber.com.tr\/?p=2030"]}]},{"@type":"BreadcrumbList","@id":"https:\/\/www.mavihaber.com.tr\/?p=2030#breadcrumb","itemListElement":[{"@type":"ListItem","position":1,"name":"Anasayfa","item":"https:\/\/www.mavihaber.com.tr\/"},{"@type":"ListItem","position":2,"name":"D\u00dcNYA\u2019NIN EN Y\u00dcCE DE\u011eER\u0130 EMEKT\u0130R"}]},{"@type":"WebSite","@id":"https:\/\/www.mavihaber.com.tr\/#website","url":"https:\/\/www.mavihaber.com.tr\/","name":"MAV\u0130 HABER","description":"S&Ouml;Z U&Ccedil;AR YAZI KALIR","publisher":{"@id":"https:\/\/www.mavihaber.com.tr\/#organization"},"potentialAction":[{"@type":"SearchAction","target":{"@type":"EntryPoint","urlTemplate":"https:\/\/www.mavihaber.com.tr\/?s={search_term_string}"},"query-input":{"@type":"PropertyValueSpecification","valueRequired":true,"valueName":"search_term_string"}}],"inLanguage":"tr"},{"@type":"Organization","@id":"https:\/\/www.mavihaber.com.tr\/#organization","name":"MAV\u0130 HABER","url":"https:\/\/www.mavihaber.com.tr\/","logo":{"@type":"ImageObject","inLanguage":"tr","@id":"https:\/\/www.mavihaber.com.tr\/#\/schema\/logo\/image\/","url":"http:\/\/www.mavihaber.com.tr\/wp-content\/uploads\/2022\/02\/mavi-logo.png","contentUrl":"http:\/\/www.mavihaber.com.tr\/wp-content\/uploads\/2022\/02\/mavi-logo.png","width":301,"height":81,"caption":"MAV\u0130 HABER"},"image":{"@id":"https:\/\/www.mavihaber.com.tr\/#\/schema\/logo\/image\/"},"sameAs":["https:\/\/www.facebook.com\/ceyhan.mavi.142\/","https:\/\/x.com\/ceyhanmavihaber","https:\/\/www.instagram.com\/ceyhanmavihaber\/","https:\/\/www.youtube.com\/channel\/UCJQ-0-AFgj2GjI269QDUwNw"]},{"@type":"Person","@id":"https:\/\/www.mavihaber.com.tr\/#\/schema\/person\/6b483c36decdaf2ea80ccc7e00592ec5","name":"MAV\u0130 HABER","image":{"@type":"ImageObject","inLanguage":"tr","@id":"https:\/\/secure.gravatar.com\/avatar\/8ec447ff07537b3472bb74c7b4212a4d84d9e722e01a066cab36264a08dd2a23?s=96&d=mm&r=g","url":"https:\/\/secure.gravatar.com\/avatar\/8ec447ff07537b3472bb74c7b4212a4d84d9e722e01a066cab36264a08dd2a23?s=96&d=mm&r=g","contentUrl":"https:\/\/secure.gravatar.com\/avatar\/8ec447ff07537b3472bb74c7b4212a4d84d9e722e01a066cab36264a08dd2a23?s=96&d=mm&r=g","caption":"MAV\u0130 HABER"},"sameAs":["http:\/\/www.mavihaber.com.tr"],"url":"https:\/\/www.mavihaber.com.tr\/?author=1"}]}},"views":270,"_links":{"self":[{"href":"https:\/\/www.mavihaber.com.tr\/index.php?rest_route=\/wp\/v2\/posts\/2030","targetHints":{"allow":["GET"]}}],"collection":[{"href":"https:\/\/www.mavihaber.com.tr\/index.php?rest_route=\/wp\/v2\/posts"}],"about":[{"href":"https:\/\/www.mavihaber.com.tr\/index.php?rest_route=\/wp\/v2\/types\/post"}],"author":[{"embeddable":true,"href":"https:\/\/www.mavihaber.com.tr\/index.php?rest_route=\/wp\/v2\/users\/1"}],"replies":[{"embeddable":true,"href":"https:\/\/www.mavihaber.com.tr\/index.php?rest_route=%2Fwp%2Fv2%2Fcomments&post=2030"}],"version-history":[{"count":1,"href":"https:\/\/www.mavihaber.com.tr\/index.php?rest_route=\/wp\/v2\/posts\/2030\/revisions"}],"predecessor-version":[{"id":2032,"href":"https:\/\/www.mavihaber.com.tr\/index.php?rest_route=\/wp\/v2\/posts\/2030\/revisions\/2032"}],"wp:attachment":[{"href":"https:\/\/www.mavihaber.com.tr\/index.php?rest_route=%2Fwp%2Fv2%2Fmedia&parent=2030"}],"wp:term":[{"taxonomy":"category","embeddable":true,"href":"https:\/\/www.mavihaber.com.tr\/index.php?rest_route=%2Fwp%2Fv2%2Fcategories&post=2030"},{"taxonomy":"post_tag","embeddable":true,"href":"https:\/\/www.mavihaber.com.tr\/index.php?rest_route=%2Fwp%2Fv2%2Ftags&post=2030"}],"curies":[{"name":"wp","href":"https:\/\/api.w.org\/{rel}","templated":true}]}}