{"id":2095,"date":"2022-05-07T11:36:20","date_gmt":"2022-05-07T11:36:20","guid":{"rendered":"http:\/\/www.mavihaber.com.tr\/?p=2095"},"modified":"2022-05-07T11:36:20","modified_gmt":"2022-05-07T11:36:20","slug":"mucadelemize-isik-tutuyorlar-ozlemle-aniyoruz","status":"publish","type":"post","link":"https:\/\/www.mavihaber.com.tr\/?p=2095","title":{"rendered":"M\u00fccadelemize \u0131\u015f\u0131k tutuyorlar, \u00f6zlemle aniyoruz."},"content":{"rendered":"<p>M\u00dcCADELEM\u0130ZE I\u015eIK TUTUYORLAR, \u00d6ZLEMLE ANIYORUZ.<\/p>\n<p>Cumhuriyet Halk Partisi (CHP) Adana \u0130l Ba\u015fkan\u0131 Mehmet \u00c7elebi, T\u00fcrkiye Devrimci Gen\u00e7lik hareketi \u00f6nderleri Deniz Gezmi\u015f, Yusuf Aslan ve H\u00fcseyin \u0130nan&#8217;\u0131n idam edili\u015flerinin 50&#8217;inci y\u0131l d\u00f6n\u00fcmlerinde anma mesaj\u0131 yay\u0131mlad\u0131.<\/p>\n<p>&#8220;Demokrasiyi ve tam ba\u011f\u0131ms\u0131zl\u0131\u011f\u0131 T\u00fcrkiye halk\u0131na \u00e7ok g\u00f6ren emperyalistler ve i\u015fbirlik\u00e7ilerine kar\u015f\u0131 kurtulu\u015f yolu arayan gen\u00e7lerin, emek\u00e7ilerin yolunu siyasi ve askeri darbe ile kesen 12 Mart fa\u015fizminin idam ederek katletti\u011fi Deniz Gezmi\u015f, Yusuf Aslan ve H\u00fcseyin \u0130nan\u2019\u0131 sayg\u0131 ve \u00f6zlemle an\u0131yoruz&#8221; diyen CHP Adana \u0130l Ba\u015fkan\u0131 \u00c7elebi a\u00e7\u0131klamas\u0131nda \u015fu ifadelere yer verdi:<\/p>\n<p>&#8220;Onlar, alacakaranl\u0131k bir vakitte, &#8216;Ya\u015fas\u0131n Tam Ba\u011f\u0131ms\u0131z T\u00fcrkiye!&#8217;, &#8216;Ya\u015fas\u0131n \u0130\u015f\u00e7iler ve K\u00f6yl\u00fcler!&#8217;, &#8216;Ya\u015fas\u0131n Devrimciler!&#8217; \u201cKahrolsun ABD Emperyalizmi\u201d diyerek veda ettiler. Onlar, aradan ge\u00e7en y\u0131llara kar\u015f\u0131n gen\u00e7li\u011fin ve ezilen T\u00fcrkiye halk\u0131n\u0131n y\u00fcre\u011finde ve bilincinde ya\u015famaya devam ediyorlar. Onlar da sadece T\u00fcrkiye halk\u0131n\u0131n de\u011fil, Ortado\u011fu\u2019nun ve t\u00fcm d\u00fcnya halklar\u0131n\u0131n emperyalist kapitalist sistemin cenderesinden kurtulu\u015f m\u00fccadelesinde etkili bir yer almak i\u00e7in en \u00f6ne at\u0131ld\u0131lar. Bu y\u00fczden emperyalist sisteme kar\u015f\u0131 verilen m\u00fccadelelerde esin kayna\u011f\u0131 olmaya devam ediyorlar.&#8221;<\/p>\n<p>Bu duygu ve d\u00fc\u015f\u00fcncelerle cesaretle att\u0131klar\u0131 son ad\u0131mda &#8216;Ya\u015fas\u0131n Tam Ba\u011f\u0131ms\u0131z T\u00fcrkiye&#8217; diye hayk\u0131ran, bu \u00fclkenin vatansever evlatlar\u0131n\u0131; H\u00fcseyin \u0130nan, Deniz Gezmi\u015f ve Yusuf Aslan\u2019\u0131 50&#8217;inci \u00f6l\u00fcm y\u0131ld\u00f6n\u00fcmlerinde sayg\u0131 ve hasretle an\u0131yorum.<\/p>\n","protected":false},"excerpt":{"rendered":"<p>M\u00dcCADELEM\u0130ZE I\u015eIK TUTUYORLAR, \u00d6ZLEMLE ANIYORUZ. Cumhuriyet Halk Partisi (CHP) Adana \u0130l Ba\u015fkan\u0131 Mehmet \u00c7elebi, T\u00fcrkiye Devrimci Gen\u00e7lik hareketi \u00f6nderleri Deniz<\/p>\n","protected":false},"author":1,"featured_media":0,"comment_status":"open","ping_status":"open","sticky":false,"template":"","format":"standard","meta":{"footnotes":""},"categories":[10,13],"tags":[],"class_list":["post-2095","post","type-post","status-publish","format-standard","hentry","category-gundem","category-siyaset"],"yoast_head":"<!-- This site is optimized with the Yoast SEO plugin v28.2 - https:\/\/yoast.com\/product\/yoast-seo-wordpress\/ -->\n<title>M\u00fccadelemize \u0131\u015f\u0131k tutuyorlar, \u00f6zlemle aniyoruz. - MAV\u0130 HABER<\/title>\n<meta name=\"robots\" content=\"index, follow, max-snippet:-1, max-image-preview:large, max-video-preview:-1\" \/>\n<link rel=\"canonical\" href=\"https:\/\/www.mavihaber.com.tr\/?p=2095\" \/>\n<meta property=\"og:locale\" content=\"tr_TR\" \/>\n<meta property=\"og:type\" content=\"article\" \/>\n<meta property=\"og:title\" content=\"M\u00fccadelemize \u0131\u015f\u0131k tutuyorlar, \u00f6zlemle aniyoruz. - MAV\u0130 HABER\" \/>\n<meta property=\"og:description\" content=\"M\u00dcCADELEM\u0130ZE I\u015eIK TUTUYORLAR, \u00d6ZLEMLE ANIYORUZ. Cumhuriyet Halk Partisi (CHP) Adana \u0130l Ba\u015fkan\u0131 Mehmet \u00c7elebi, T\u00fcrkiye Devrimci Gen\u00e7lik hareketi \u00f6nderleri Deniz\" \/>\n<meta property=\"og:url\" content=\"https:\/\/www.mavihaber.com.tr\/?p=2095\" \/>\n<meta property=\"og:site_name\" content=\"MAV\u0130 HABER\" \/>\n<meta property=\"article:publisher\" content=\"https:\/\/www.facebook.com\/ceyhan.mavi.142\/\" \/>\n<meta property=\"article:published_time\" content=\"2022-05-07T11:36:20+00:00\" \/>\n<meta name=\"author\" content=\"MAV\u0130 HABER\" \/>\n<meta name=\"twitter:card\" content=\"summary_large_image\" \/>\n<meta name=\"twitter:creator\" content=\"@ceyhanmavihaber\" \/>\n<meta name=\"twitter:site\" content=\"@ceyhanmavihaber\" \/>\n<meta name=\"twitter:label1\" content=\"Yazan:\" \/>\n\t<meta name=\"twitter:data1\" content=\"MAV\u0130 HABER\" \/>\n\t<meta name=\"twitter:label2\" content=\"Tahmini okuma s\u00fcresi\" \/>\n\t<meta name=\"twitter:data2\" content=\"2 dakika\" \/>\n<script type=\"application\/ld+json\" class=\"yoast-schema-graph\">{\"@context\":\"https:\\\/\\\/schema.org\",\"@graph\":[{\"@type\":\"Article\",\"@id\":\"https:\\\/\\\/www.mavihaber.com.tr\\\/?p=2095#article\",\"isPartOf\":{\"@id\":\"https:\\\/\\\/www.mavihaber.com.tr\\\/?p=2095\"},\"author\":{\"name\":\"MAV\u0130 HABER\",\"@id\":\"https:\\\/\\\/www.mavihaber.com.tr\\\/#\\\/schema\\\/person\\\/6b483c36decdaf2ea80ccc7e00592ec5\"},\"headline\":\"M\u00fccadelemize \u0131\u015f\u0131k tutuyorlar, \u00f6zlemle aniyoruz.\",\"datePublished\":\"2022-05-07T11:36:20+00:00\",\"mainEntityOfPage\":{\"@id\":\"https:\\\/\\\/www.mavihaber.com.tr\\\/?p=2095\"},\"wordCount\":283,\"commentCount\":0,\"publisher\":{\"@id\":\"https:\\\/\\\/www.mavihaber.com.tr\\\/#organization\"},\"articleSection\":[\"G\u00fcndem\",\"Siyaset\"],\"inLanguage\":\"tr\",\"potentialAction\":[{\"@type\":\"CommentAction\",\"name\":\"Comment\",\"target\":[\"https:\\\/\\\/www.mavihaber.com.tr\\\/?p=2095#respond\"]}]},{\"@type\":\"WebPage\",\"@id\":\"https:\\\/\\\/www.mavihaber.com.tr\\\/?p=2095\",\"url\":\"https:\\\/\\\/www.mavihaber.com.tr\\\/?p=2095\",\"name\":\"M\u00fccadelemize \u0131\u015f\u0131k tutuyorlar, \u00f6zlemle aniyoruz. - MAV\u0130 HABER\",\"isPartOf\":{\"@id\":\"https:\\\/\\\/www.mavihaber.com.tr\\\/#website\"},\"datePublished\":\"2022-05-07T11:36:20+00:00\",\"breadcrumb\":{\"@id\":\"https:\\\/\\\/www.mavihaber.com.tr\\\/?p=2095#breadcrumb\"},\"inLanguage\":\"tr\",\"potentialAction\":[{\"@type\":\"ReadAction\",\"target\":[\"https:\\\/\\\/www.mavihaber.com.tr\\\/?p=2095\"]}]},{\"@type\":\"BreadcrumbList\",\"@id\":\"https:\\\/\\\/www.mavihaber.com.tr\\\/?p=2095#breadcrumb\",\"itemListElement\":[{\"@type\":\"ListItem\",\"position\":1,\"name\":\"Anasayfa\",\"item\":\"https:\\\/\\\/www.mavihaber.com.tr\\\/\"},{\"@type\":\"ListItem\",\"position\":2,\"name\":\"M\u00fccadelemize \u0131\u015f\u0131k tutuyorlar, \u00f6zlemle aniyoruz.\"}]},{\"@type\":\"WebSite\",\"@id\":\"https:\\\/\\\/www.mavihaber.com.tr\\\/#website\",\"url\":\"https:\\\/\\\/www.mavihaber.com.tr\\\/\",\"name\":\"MAV\u0130 HABER\",\"description\":\"S&Ouml;Z U&Ccedil;AR YAZI KALIR\",\"publisher\":{\"@id\":\"https:\\\/\\\/www.mavihaber.com.tr\\\/#organization\"},\"potentialAction\":[{\"@type\":\"SearchAction\",\"target\":{\"@type\":\"EntryPoint\",\"urlTemplate\":\"https:\\\/\\\/www.mavihaber.com.tr\\\/?s={search_term_string}\"},\"query-input\":{\"@type\":\"PropertyValueSpecification\",\"valueRequired\":true,\"valueName\":\"search_term_string\"}}],\"inLanguage\":\"tr\"},{\"@type\":\"Organization\",\"@id\":\"https:\\\/\\\/www.mavihaber.com.tr\\\/#organization\",\"name\":\"MAV\u0130 HABER\",\"url\":\"https:\\\/\\\/www.mavihaber.com.tr\\\/\",\"logo\":{\"@type\":\"ImageObject\",\"inLanguage\":\"tr\",\"@id\":\"https:\\\/\\\/www.mavihaber.com.tr\\\/#\\\/schema\\\/logo\\\/image\\\/\",\"url\":\"http:\\\/\\\/www.mavihaber.com.tr\\\/wp-content\\\/uploads\\\/2022\\\/02\\\/mavi-logo.png\",\"contentUrl\":\"http:\\\/\\\/www.mavihaber.com.tr\\\/wp-content\\\/uploads\\\/2022\\\/02\\\/mavi-logo.png\",\"width\":301,\"height\":81,\"caption\":\"MAV\u0130 HABER\"},\"image\":{\"@id\":\"https:\\\/\\\/www.mavihaber.com.tr\\\/#\\\/schema\\\/logo\\\/image\\\/\"},\"sameAs\":[\"https:\\\/\\\/www.facebook.com\\\/ceyhan.mavi.142\\\/\",\"https:\\\/\\\/x.com\\\/ceyhanmavihaber\",\"https:\\\/\\\/www.instagram.com\\\/ceyhanmavihaber\\\/\",\"https:\\\/\\\/www.youtube.com\\\/channel\\\/UCJQ-0-AFgj2GjI269QDUwNw\"]},{\"@type\":\"Person\",\"@id\":\"https:\\\/\\\/www.mavihaber.com.tr\\\/#\\\/schema\\\/person\\\/6b483c36decdaf2ea80ccc7e00592ec5\",\"name\":\"MAV\u0130 HABER\",\"image\":{\"@type\":\"ImageObject\",\"inLanguage\":\"tr\",\"@id\":\"https:\\\/\\\/secure.gravatar.com\\\/avatar\\\/8ec447ff07537b3472bb74c7b4212a4d84d9e722e01a066cab36264a08dd2a23?s=96&d=mm&r=g\",\"url\":\"https:\\\/\\\/secure.gravatar.com\\\/avatar\\\/8ec447ff07537b3472bb74c7b4212a4d84d9e722e01a066cab36264a08dd2a23?s=96&d=mm&r=g\",\"contentUrl\":\"https:\\\/\\\/secure.gravatar.com\\\/avatar\\\/8ec447ff07537b3472bb74c7b4212a4d84d9e722e01a066cab36264a08dd2a23?s=96&d=mm&r=g\",\"caption\":\"MAV\u0130 HABER\"},\"sameAs\":[\"http:\\\/\\\/www.mavihaber.com.tr\"],\"url\":\"https:\\\/\\\/www.mavihaber.com.tr\\\/?author=1\"}]}<\/script>\n<!-- \/ Yoast SEO plugin. -->","yoast_head_json":{"title":"M\u00fccadelemize \u0131\u015f\u0131k tutuyorlar, \u00f6zlemle aniyoruz. - MAV\u0130 HABER","robots":{"index":"index","follow":"follow","max-snippet":"max-snippet:-1","max-image-preview":"max-image-preview:large","max-video-preview":"max-video-preview:-1"},"canonical":"https:\/\/www.mavihaber.com.tr\/?p=2095","og_locale":"tr_TR","og_type":"article","og_title":"M\u00fccadelemize \u0131\u015f\u0131k tutuyorlar, \u00f6zlemle aniyoruz. - MAV\u0130 HABER","og_description":"M\u00dcCADELEM\u0130ZE I\u015eIK TUTUYORLAR, \u00d6ZLEMLE ANIYORUZ. Cumhuriyet Halk Partisi (CHP) Adana \u0130l Ba\u015fkan\u0131 Mehmet \u00c7elebi, T\u00fcrkiye Devrimci Gen\u00e7lik hareketi \u00f6nderleri Deniz","og_url":"https:\/\/www.mavihaber.com.tr\/?p=2095","og_site_name":"MAV\u0130 HABER","article_publisher":"https:\/\/www.facebook.com\/ceyhan.mavi.142\/","article_published_time":"2022-05-07T11:36:20+00:00","author":"MAV\u0130 HABER","twitter_card":"summary_large_image","twitter_creator":"@ceyhanmavihaber","twitter_site":"@ceyhanmavihaber","twitter_misc":{"Yazan:":"MAV\u0130 HABER","Tahmini okuma s\u00fcresi":"2 dakika"},"schema":{"@context":"https:\/\/schema.org","@graph":[{"@type":"Article","@id":"https:\/\/www.mavihaber.com.tr\/?p=2095#article","isPartOf":{"@id":"https:\/\/www.mavihaber.com.tr\/?p=2095"},"author":{"name":"MAV\u0130 HABER","@id":"https:\/\/www.mavihaber.com.tr\/#\/schema\/person\/6b483c36decdaf2ea80ccc7e00592ec5"},"headline":"M\u00fccadelemize \u0131\u015f\u0131k tutuyorlar, \u00f6zlemle aniyoruz.","datePublished":"2022-05-07T11:36:20+00:00","mainEntityOfPage":{"@id":"https:\/\/www.mavihaber.com.tr\/?p=2095"},"wordCount":283,"commentCount":0,"publisher":{"@id":"https:\/\/www.mavihaber.com.tr\/#organization"},"articleSection":["G\u00fcndem","Siyaset"],"inLanguage":"tr","potentialAction":[{"@type":"CommentAction","name":"Comment","target":["https:\/\/www.mavihaber.com.tr\/?p=2095#respond"]}]},{"@type":"WebPage","@id":"https:\/\/www.mavihaber.com.tr\/?p=2095","url":"https:\/\/www.mavihaber.com.tr\/?p=2095","name":"M\u00fccadelemize \u0131\u015f\u0131k tutuyorlar, \u00f6zlemle aniyoruz. - MAV\u0130 HABER","isPartOf":{"@id":"https:\/\/www.mavihaber.com.tr\/#website"},"datePublished":"2022-05-07T11:36:20+00:00","breadcrumb":{"@id":"https:\/\/www.mavihaber.com.tr\/?p=2095#breadcrumb"},"inLanguage":"tr","potentialAction":[{"@type":"ReadAction","target":["https:\/\/www.mavihaber.com.tr\/?p=2095"]}]},{"@type":"BreadcrumbList","@id":"https:\/\/www.mavihaber.com.tr\/?p=2095#breadcrumb","itemListElement":[{"@type":"ListItem","position":1,"name":"Anasayfa","item":"https:\/\/www.mavihaber.com.tr\/"},{"@type":"ListItem","position":2,"name":"M\u00fccadelemize \u0131\u015f\u0131k tutuyorlar, \u00f6zlemle aniyoruz."}]},{"@type":"WebSite","@id":"https:\/\/www.mavihaber.com.tr\/#website","url":"https:\/\/www.mavihaber.com.tr\/","name":"MAV\u0130 HABER","description":"S&Ouml;Z U&Ccedil;AR YAZI KALIR","publisher":{"@id":"https:\/\/www.mavihaber.com.tr\/#organization"},"potentialAction":[{"@type":"SearchAction","target":{"@type":"EntryPoint","urlTemplate":"https:\/\/www.mavihaber.com.tr\/?s={search_term_string}"},"query-input":{"@type":"PropertyValueSpecification","valueRequired":true,"valueName":"search_term_string"}}],"inLanguage":"tr"},{"@type":"Organization","@id":"https:\/\/www.mavihaber.com.tr\/#organization","name":"MAV\u0130 HABER","url":"https:\/\/www.mavihaber.com.tr\/","logo":{"@type":"ImageObject","inLanguage":"tr","@id":"https:\/\/www.mavihaber.com.tr\/#\/schema\/logo\/image\/","url":"http:\/\/www.mavihaber.com.tr\/wp-content\/uploads\/2022\/02\/mavi-logo.png","contentUrl":"http:\/\/www.mavihaber.com.tr\/wp-content\/uploads\/2022\/02\/mavi-logo.png","width":301,"height":81,"caption":"MAV\u0130 HABER"},"image":{"@id":"https:\/\/www.mavihaber.com.tr\/#\/schema\/logo\/image\/"},"sameAs":["https:\/\/www.facebook.com\/ceyhan.mavi.142\/","https:\/\/x.com\/ceyhanmavihaber","https:\/\/www.instagram.com\/ceyhanmavihaber\/","https:\/\/www.youtube.com\/channel\/UCJQ-0-AFgj2GjI269QDUwNw"]},{"@type":"Person","@id":"https:\/\/www.mavihaber.com.tr\/#\/schema\/person\/6b483c36decdaf2ea80ccc7e00592ec5","name":"MAV\u0130 HABER","image":{"@type":"ImageObject","inLanguage":"tr","@id":"https:\/\/secure.gravatar.com\/avatar\/8ec447ff07537b3472bb74c7b4212a4d84d9e722e01a066cab36264a08dd2a23?s=96&d=mm&r=g","url":"https:\/\/secure.gravatar.com\/avatar\/8ec447ff07537b3472bb74c7b4212a4d84d9e722e01a066cab36264a08dd2a23?s=96&d=mm&r=g","contentUrl":"https:\/\/secure.gravatar.com\/avatar\/8ec447ff07537b3472bb74c7b4212a4d84d9e722e01a066cab36264a08dd2a23?s=96&d=mm&r=g","caption":"MAV\u0130 HABER"},"sameAs":["http:\/\/www.mavihaber.com.tr"],"url":"https:\/\/www.mavihaber.com.tr\/?author=1"}]}},"views":267,"_links":{"self":[{"href":"https:\/\/www.mavihaber.com.tr\/index.php?rest_route=\/wp\/v2\/posts\/2095","targetHints":{"allow":["GET"]}}],"collection":[{"href":"https:\/\/www.mavihaber.com.tr\/index.php?rest_route=\/wp\/v2\/posts"}],"about":[{"href":"https:\/\/www.mavihaber.com.tr\/index.php?rest_route=\/wp\/v2\/types\/post"}],"author":[{"embeddable":true,"href":"https:\/\/www.mavihaber.com.tr\/index.php?rest_route=\/wp\/v2\/users\/1"}],"replies":[{"embeddable":true,"href":"https:\/\/www.mavihaber.com.tr\/index.php?rest_route=%2Fwp%2Fv2%2Fcomments&post=2095"}],"version-history":[{"count":1,"href":"https:\/\/www.mavihaber.com.tr\/index.php?rest_route=\/wp\/v2\/posts\/2095\/revisions"}],"predecessor-version":[{"id":2097,"href":"https:\/\/www.mavihaber.com.tr\/index.php?rest_route=\/wp\/v2\/posts\/2095\/revisions\/2097"}],"wp:attachment":[{"href":"https:\/\/www.mavihaber.com.tr\/index.php?rest_route=%2Fwp%2Fv2%2Fmedia&parent=2095"}],"wp:term":[{"taxonomy":"category","embeddable":true,"href":"https:\/\/www.mavihaber.com.tr\/index.php?rest_route=%2Fwp%2Fv2%2Fcategories&post=2095"},{"taxonomy":"post_tag","embeddable":true,"href":"https:\/\/www.mavihaber.com.tr\/index.php?rest_route=%2Fwp%2Fv2%2Ftags&post=2095"}],"curies":[{"name":"wp","href":"https:\/\/api.w.org\/{rel}","templated":true}]}}