{"id":21119,"date":"2026-02-26T08:23:22","date_gmt":"2026-02-26T08:23:22","guid":{"rendered":"https:\/\/www.mavihaber.com.tr\/?p=21119"},"modified":"2026-02-26T08:23:34","modified_gmt":"2026-02-26T08:23:34","slug":"seyhan-belediyesinden-tis-aciklamasi","status":"publish","type":"post","link":"https:\/\/www.mavihaber.com.tr\/?p=21119","title":{"rendered":"Seyhan Belediyesi\u2019nden T\u0130S A\u00e7\u0131klamas\u0131"},"content":{"rendered":"<h1 data-path-to-node=\"2\"><img loading=\"lazy\" decoding=\"async\" class=\"alignnone size-full wp-image-21120\" src=\"https:\/\/www.mavihaber.com.tr\/wp-content\/uploads\/2026\/02\/S.jpg\" alt=\"\" width=\"600\" height=\"400\" \/><\/h1>\n<h1 data-path-to-node=\"2\">Seyhan Belediyesi\u2019nden T\u0130S A\u00e7\u0131klamas\u0131: &#8220;Personel Giderleri Yasal S\u0131n\u0131r\u0131 %71 ile A\u015ft\u0131&#8221;<\/h1>\n<p data-path-to-node=\"3\"><b data-path-to-node=\"3\" data-index-in-node=\"0\">ADANA \u2013 Seyhan Belediyesi, Genel-\u0130\u015f Sendikas\u0131 ile devam eden Toplu \u0130\u015f S\u00f6zle\u015fmesi (T\u0130S) g\u00f6r\u00fc\u015fmelerine ili\u015fkin kamuoyuna \u015feffafl\u0131k vurgusu i\u00e7eren bir a\u00e7\u0131klama yay\u0131mlad\u0131. Belediye y\u00f6netimi, personel giderlerinin yasal s\u0131n\u0131r olan %40\u2019\u0131 a\u015farak %71 seviyesine ula\u015ft\u0131\u011f\u0131n\u0131 duyurdu.<\/b><\/p>\n<p data-path-to-node=\"4\">Seyhan Belediyesi ve Seyhan \u0130mar A\u015e b\u00fcnyesindeki \u00e7al\u0131\u015fanlar\u0131 kapsayan T\u0130S s\u00fcreci devam ederken, belediye y\u00f6netimi 24 \u015eubat 2026 tarihinde sendika taraf\u0131ndan yap\u0131lan bas\u0131n a\u00e7\u0131klamas\u0131na yan\u0131t verdi. A\u00e7\u0131klamada, hem i\u015f\u00e7i refah\u0131n\u0131 koruma hem de belediyenin mali s\u00fcrd\u00fcr\u00fclebilirli\u011fini sa\u011flama dengesine dikkat \u00e7ekildi.<\/p>\n<h3 data-path-to-node=\"5\">&#8220;Maa\u015flar Di\u011fer Belediyelerin \u0130ki Kat\u0131na Ula\u015ft\u0131&#8221;<\/h3>\n<p data-path-to-node=\"6\">Belediye kanad\u0131ndan yap\u0131lan a\u00e7\u0131klamada, Seyhan Belediyesi personelinin \u00fccretlerinin, Adana\u2019daki di\u011fer il\u00e7e belediyeleri ve B\u00fcy\u00fck\u015fehir Belediyesi\u2019nde \u00f6denen rakamlar\u0131n <b data-path-to-node=\"6\" data-index-in-node=\"167\">iki kat\u0131na<\/b>, hatta baz\u0131 durumlarda bu seviyenin de \u00fczerine \u00e7\u0131kt\u0131\u011f\u0131 belirtildi. Ekonomik zorluklar\u0131n ve yoksulluk s\u0131n\u0131r\u0131n\u0131n fark\u0131nda olduklar\u0131n\u0131 belirten y\u00f6netim, \u015fu ifadeleri kulland\u0131:<\/p>\n<blockquote data-path-to-node=\"7\">\n<p data-path-to-node=\"7,0\">&#8220;Emek\u00e7ilerimizin daha y\u00fcksek \u00fccret taleplerinin hakl\u0131l\u0131\u011f\u0131n\u0131 kabul etmekle birlikte, belediyemizin i\u00e7inde bulundu\u011fu mali y\u00fck\u00fcml\u00fcl\u00fckler ve ekonomik tablo bu s\u00fcreci olduk\u00e7a zorlu k\u0131lmaktad\u0131r.&#8221;<\/p>\n<\/blockquote>\n<h3 data-path-to-node=\"8\">Say\u0131\u015ftay ve M\u00fcfetti\u015f Raporlar\u0131 Masada<\/h3>\n<p data-path-to-node=\"9\">A\u00e7\u0131klamada, <b data-path-to-node=\"9\" data-index-in-node=\"12\">5393 say\u0131l\u0131 Belediye Kanunu<\/b> ve <b data-path-to-node=\"9\" data-index-in-node=\"43\">696 say\u0131l\u0131 KHK<\/b> hat\u0131rlat\u0131larak, personel giderlerinin b\u00fct\u00e7enin %40\u2019\u0131n\u0131 ge\u00e7memesi gerekti\u011fi vurguland\u0131. Mevcut oran\u0131n <b data-path-to-node=\"9\" data-index-in-node=\"159\">%71<\/b>&#8216;e y\u00fckselmesinin Say\u0131\u015ftay ve m\u00fclkiye m\u00fcfetti\u015flerinin denetim raporlar\u0131na da yans\u0131d\u0131\u011f\u0131 ifade edildi. Ayr\u0131ca belediyenin;<\/p>\n<ul data-path-to-node=\"10\">\n<li>\n<p data-path-to-node=\"10,0,0\">SGK ve TMSF bor\u00e7lar\u0131,<\/p>\n<\/li>\n<li>\n<p data-path-to-node=\"10,1,0\">Kamu kurumlar\u0131na olan y\u00fck\u00fcml\u00fcl\u00fckler,<\/p>\n<\/li>\n<li>\n<p data-path-to-node=\"10,2,0\">\u00c7e\u015fitli firmalar\u0131n alacaklar\u0131 nedeniyle maruz kald\u0131\u011f\u0131 icra takipleri, mali tablonun ciddiyetini ortaya koyan unsurlar olarak s\u0131raland\u0131.<\/p>\n<\/li>\n<\/ul>\n<h3 data-path-to-node=\"11\">Hizmetlerin Aksama Riski<\/h3>\n<p data-path-to-node=\"12\">Belediye y\u00f6netimi, b\u00fct\u00e7e imkanlar\u0131n\u0131 a\u015facak yeni y\u00fck\u00fcml\u00fcl\u00fcklerin alt\u0131na girilmesi durumunda sadece personel \u00f6demelerinde de\u011fil, vatanda\u015flara sunulan temizlik, fen i\u015fleri ve sosyal yard\u0131m gibi temel kamu hizmetlerinde de <b data-path-to-node=\"12\" data-index-in-node=\"220\">ciddi aksakl\u0131klar\u0131n ka\u00e7\u0131n\u0131lmaz olaca\u011f\u0131n\u0131<\/b> bildirdi.<\/p>\n<h3 data-path-to-node=\"13\">&#8220;Sa\u011fduyu \u0130le A\u015faca\u011f\u0131z&#8221;<\/h3>\n<p data-path-to-node=\"14\">A\u00e7\u0131klaman\u0131n sonunda, hem emek\u00e7ilerin haklar\u0131n\u0131 g\u00f6zeten hem de kamu hizmetinin devaml\u0131l\u0131\u011f\u0131n\u0131 esas alan bir orta yolun aranaca\u011f\u0131 belirtildi. S\u00fcrecin sa\u011fduyu ve kar\u015f\u0131l\u0131kl\u0131 anlay\u0131\u015fla; Seyhanl\u0131lar, \u00e7al\u0131\u015fanlar ve yetkili sendika i\u015f birli\u011fiyle \u00e7\u00f6z\u00fclece\u011fine dair inan\u00e7 vurguland\u0131.<\/p>\n","protected":false},"excerpt":{"rendered":"<p>Seyhan Belediyesi\u2019nden T\u0130S A\u00e7\u0131klamas\u0131: &#8220;Personel Giderleri Yasal S\u0131n\u0131r\u0131 %71 ile A\u015ft\u0131&#8221; ADANA \u2013 Seyhan Belediyesi, Genel-\u0130\u015f Sendikas\u0131 ile devam eden<\/p>\n","protected":false},"author":5,"featured_media":21120,"comment_status":"open","ping_status":"open","sticky":false,"template":"","format":"standard","meta":{"footnotes":""},"categories":[1,25,7,24,8,10,13,14,17,18],"tags":[],"class_list":["post-21119","post","type-post","status-publish","format-standard","has-post-thumbnail","hentry","category-kulis","category-asayis","category-belediye","category-egitim","category-ekonomi","category-gundem","category-siyaset","category-son-dakika","category-video-galeri","category-yasam"],"yoast_head":"<!-- This site is optimized with the Yoast SEO plugin v28.2 - https:\/\/yoast.com\/product\/yoast-seo-wordpress\/ -->\n<title>Seyhan Belediyesi\u2019nden T\u0130S A\u00e7\u0131klamas\u0131 - MAV\u0130 HABER<\/title>\n<meta name=\"robots\" content=\"index, follow, max-snippet:-1, max-image-preview:large, max-video-preview:-1\" \/>\n<link rel=\"canonical\" href=\"https:\/\/www.mavihaber.com.tr\/?p=21119\" \/>\n<meta property=\"og:locale\" content=\"tr_TR\" \/>\n<meta property=\"og:type\" content=\"article\" \/>\n<meta property=\"og:title\" content=\"Seyhan Belediyesi\u2019nden T\u0130S A\u00e7\u0131klamas\u0131 - MAV\u0130 HABER\" \/>\n<meta property=\"og:description\" content=\"Seyhan Belediyesi\u2019nden T\u0130S A\u00e7\u0131klamas\u0131: &#8220;Personel Giderleri Yasal S\u0131n\u0131r\u0131 %71 ile A\u015ft\u0131&#8221; ADANA \u2013 Seyhan Belediyesi, Genel-\u0130\u015f Sendikas\u0131 ile devam eden\" \/>\n<meta property=\"og:url\" content=\"https:\/\/www.mavihaber.com.tr\/?p=21119\" \/>\n<meta property=\"og:site_name\" content=\"MAV\u0130 HABER\" \/>\n<meta property=\"article:publisher\" content=\"https:\/\/www.facebook.com\/ceyhan.mavi.142\/\" \/>\n<meta property=\"article:published_time\" content=\"2026-02-26T08:23:22+00:00\" \/>\n<meta property=\"article:modified_time\" content=\"2026-02-26T08:23:34+00:00\" \/>\n<meta property=\"og:image\" content=\"https:\/\/www.mavihaber.com.tr\/wp-content\/uploads\/2026\/02\/S.jpg\" \/>\n\t<meta property=\"og:image:width\" content=\"600\" \/>\n\t<meta property=\"og:image:height\" content=\"400\" \/>\n\t<meta property=\"og:image:type\" content=\"image\/jpeg\" \/>\n<meta name=\"author\" content=\"\u0130zzet AYDEM\u0130R\" \/>\n<meta name=\"twitter:card\" content=\"summary_large_image\" \/>\n<meta name=\"twitter:creator\" content=\"@ceyhanmavihaber\" \/>\n<meta name=\"twitter:site\" content=\"@ceyhanmavihaber\" \/>\n<meta name=\"twitter:label1\" content=\"Yazan:\" \/>\n\t<meta name=\"twitter:data1\" content=\"\u0130zzet AYDEM\u0130R\" \/>\n\t<meta name=\"twitter:label2\" content=\"Tahmini okuma s\u00fcresi\" \/>\n\t<meta name=\"twitter:data2\" content=\"2 dakika\" \/>\n<script type=\"application\/ld+json\" class=\"yoast-schema-graph\">{\"@context\":\"https:\\\/\\\/schema.org\",\"@graph\":[{\"@type\":\"Article\",\"@id\":\"https:\\\/\\\/www.mavihaber.com.tr\\\/?p=21119#article\",\"isPartOf\":{\"@id\":\"https:\\\/\\\/www.mavihaber.com.tr\\\/?p=21119\"},\"author\":{\"name\":\"\u0130zzet AYDEM\u0130R\",\"@id\":\"https:\\\/\\\/www.mavihaber.com.tr\\\/#\\\/schema\\\/person\\\/dd7a0a39b6b2d5cc1609c32154b07a7d\"},\"headline\":\"Seyhan Belediyesi\u2019nden T\u0130S A\u00e7\u0131klamas\u0131\",\"datePublished\":\"2026-02-26T08:23:22+00:00\",\"dateModified\":\"2026-02-26T08:23:34+00:00\",\"mainEntityOfPage\":{\"@id\":\"https:\\\/\\\/www.mavihaber.com.tr\\\/?p=21119\"},\"wordCount\":433,\"commentCount\":0,\"publisher\":{\"@id\":\"https:\\\/\\\/www.mavihaber.com.tr\\\/#organization\"},\"image\":{\"@id\":\"https:\\\/\\\/www.mavihaber.com.tr\\\/?p=21119#primaryimage\"},\"thumbnailUrl\":\"https:\\\/\\\/www.mavihaber.com.tr\\\/wp-content\\\/uploads\\\/2026\\\/02\\\/S.jpg\",\"articleSection\":[\"Adana Kulis\",\"ASAY\u0130\u015e\",\"Belediyeler\",\"E\u011fitim\",\"Ekonomi\",\"G\u00fcndem\",\"Siyaset\",\"Son Dakika\",\"Video Galeri\",\"Ya\u015fam\"],\"inLanguage\":\"tr\",\"potentialAction\":[{\"@type\":\"CommentAction\",\"name\":\"Comment\",\"target\":[\"https:\\\/\\\/www.mavihaber.com.tr\\\/?p=21119#respond\"]}]},{\"@type\":\"WebPage\",\"@id\":\"https:\\\/\\\/www.mavihaber.com.tr\\\/?p=21119\",\"url\":\"https:\\\/\\\/www.mavihaber.com.tr\\\/?p=21119\",\"name\":\"Seyhan Belediyesi\u2019nden T\u0130S A\u00e7\u0131klamas\u0131 - MAV\u0130 HABER\",\"isPartOf\":{\"@id\":\"https:\\\/\\\/www.mavihaber.com.tr\\\/#website\"},\"primaryImageOfPage\":{\"@id\":\"https:\\\/\\\/www.mavihaber.com.tr\\\/?p=21119#primaryimage\"},\"image\":{\"@id\":\"https:\\\/\\\/www.mavihaber.com.tr\\\/?p=21119#primaryimage\"},\"thumbnailUrl\":\"https:\\\/\\\/www.mavihaber.com.tr\\\/wp-content\\\/uploads\\\/2026\\\/02\\\/S.jpg\",\"datePublished\":\"2026-02-26T08:23:22+00:00\",\"dateModified\":\"2026-02-26T08:23:34+00:00\",\"breadcrumb\":{\"@id\":\"https:\\\/\\\/www.mavihaber.com.tr\\\/?p=21119#breadcrumb\"},\"inLanguage\":\"tr\",\"potentialAction\":[{\"@type\":\"ReadAction\",\"target\":[\"https:\\\/\\\/www.mavihaber.com.tr\\\/?p=21119\"]}]},{\"@type\":\"ImageObject\",\"inLanguage\":\"tr\",\"@id\":\"https:\\\/\\\/www.mavihaber.com.tr\\\/?p=21119#primaryimage\",\"url\":\"https:\\\/\\\/www.mavihaber.com.tr\\\/wp-content\\\/uploads\\\/2026\\\/02\\\/S.jpg\",\"contentUrl\":\"https:\\\/\\\/www.mavihaber.com.tr\\\/wp-content\\\/uploads\\\/2026\\\/02\\\/S.jpg\",\"width\":600,\"height\":400},{\"@type\":\"BreadcrumbList\",\"@id\":\"https:\\\/\\\/www.mavihaber.com.tr\\\/?p=21119#breadcrumb\",\"itemListElement\":[{\"@type\":\"ListItem\",\"position\":1,\"name\":\"Anasayfa\",\"item\":\"https:\\\/\\\/www.mavihaber.com.tr\\\/\"},{\"@type\":\"ListItem\",\"position\":2,\"name\":\"Seyhan Belediyesi\u2019nden T\u0130S A\u00e7\u0131klamas\u0131\"}]},{\"@type\":\"WebSite\",\"@id\":\"https:\\\/\\\/www.mavihaber.com.tr\\\/#website\",\"url\":\"https:\\\/\\\/www.mavihaber.com.tr\\\/\",\"name\":\"MAV\u0130 HABER\",\"description\":\"S&Ouml;Z U&Ccedil;AR YAZI KALIR\",\"publisher\":{\"@id\":\"https:\\\/\\\/www.mavihaber.com.tr\\\/#organization\"},\"potentialAction\":[{\"@type\":\"SearchAction\",\"target\":{\"@type\":\"EntryPoint\",\"urlTemplate\":\"https:\\\/\\\/www.mavihaber.com.tr\\\/?s={search_term_string}\"},\"query-input\":{\"@type\":\"PropertyValueSpecification\",\"valueRequired\":true,\"valueName\":\"search_term_string\"}}],\"inLanguage\":\"tr\"},{\"@type\":\"Organization\",\"@id\":\"https:\\\/\\\/www.mavihaber.com.tr\\\/#organization\",\"name\":\"MAV\u0130 HABER\",\"url\":\"https:\\\/\\\/www.mavihaber.com.tr\\\/\",\"logo\":{\"@type\":\"ImageObject\",\"inLanguage\":\"tr\",\"@id\":\"https:\\\/\\\/www.mavihaber.com.tr\\\/#\\\/schema\\\/logo\\\/image\\\/\",\"url\":\"http:\\\/\\\/www.mavihaber.com.tr\\\/wp-content\\\/uploads\\\/2022\\\/02\\\/mavi-logo.png\",\"contentUrl\":\"http:\\\/\\\/www.mavihaber.com.tr\\\/wp-content\\\/uploads\\\/2022\\\/02\\\/mavi-logo.png\",\"width\":301,\"height\":81,\"caption\":\"MAV\u0130 HABER\"},\"image\":{\"@id\":\"https:\\\/\\\/www.mavihaber.com.tr\\\/#\\\/schema\\\/logo\\\/image\\\/\"},\"sameAs\":[\"https:\\\/\\\/www.facebook.com\\\/ceyhan.mavi.142\\\/\",\"https:\\\/\\\/x.com\\\/ceyhanmavihaber\",\"https:\\\/\\\/www.instagram.com\\\/ceyhanmavihaber\\\/\",\"https:\\\/\\\/www.youtube.com\\\/channel\\\/UCJQ-0-AFgj2GjI269QDUwNw\"]},{\"@type\":\"Person\",\"@id\":\"https:\\\/\\\/www.mavihaber.com.tr\\\/#\\\/schema\\\/person\\\/dd7a0a39b6b2d5cc1609c32154b07a7d\",\"name\":\"\u0130zzet AYDEM\u0130R\",\"image\":{\"@type\":\"ImageObject\",\"inLanguage\":\"tr\",\"@id\":\"https:\\\/\\\/secure.gravatar.com\\\/avatar\\\/320a36bef556c371376115ba1e7491216472a73c7b42710d508168617c47b64f?s=96&d=mm&r=g\",\"url\":\"https:\\\/\\\/secure.gravatar.com\\\/avatar\\\/320a36bef556c371376115ba1e7491216472a73c7b42710d508168617c47b64f?s=96&d=mm&r=g\",\"contentUrl\":\"https:\\\/\\\/secure.gravatar.com\\\/avatar\\\/320a36bef556c371376115ba1e7491216472a73c7b42710d508168617c47b64f?s=96&d=mm&r=g\",\"caption\":\"\u0130zzet AYDEM\u0130R\"},\"sameAs\":[\"http:\\\/\\\/www.mavihaber.com.tr\"],\"url\":\"https:\\\/\\\/www.mavihaber.com.tr\\\/?author=5\"}]}<\/script>\n<!-- \/ Yoast SEO plugin. -->","yoast_head_json":{"title":"Seyhan Belediyesi\u2019nden T\u0130S A\u00e7\u0131klamas\u0131 - MAV\u0130 HABER","robots":{"index":"index","follow":"follow","max-snippet":"max-snippet:-1","max-image-preview":"max-image-preview:large","max-video-preview":"max-video-preview:-1"},"canonical":"https:\/\/www.mavihaber.com.tr\/?p=21119","og_locale":"tr_TR","og_type":"article","og_title":"Seyhan Belediyesi\u2019nden T\u0130S A\u00e7\u0131klamas\u0131 - MAV\u0130 HABER","og_description":"Seyhan Belediyesi\u2019nden T\u0130S A\u00e7\u0131klamas\u0131: &#8220;Personel Giderleri Yasal S\u0131n\u0131r\u0131 %71 ile A\u015ft\u0131&#8221; ADANA \u2013 Seyhan Belediyesi, Genel-\u0130\u015f Sendikas\u0131 ile devam eden","og_url":"https:\/\/www.mavihaber.com.tr\/?p=21119","og_site_name":"MAV\u0130 HABER","article_publisher":"https:\/\/www.facebook.com\/ceyhan.mavi.142\/","article_published_time":"2026-02-26T08:23:22+00:00","article_modified_time":"2026-02-26T08:23:34+00:00","og_image":[{"width":600,"height":400,"url":"https:\/\/www.mavihaber.com.tr\/wp-content\/uploads\/2026\/02\/S.jpg","type":"image\/jpeg"}],"author":"\u0130zzet AYDEM\u0130R","twitter_card":"summary_large_image","twitter_creator":"@ceyhanmavihaber","twitter_site":"@ceyhanmavihaber","twitter_misc":{"Yazan:":"\u0130zzet AYDEM\u0130R","Tahmini okuma s\u00fcresi":"2 dakika"},"schema":{"@context":"https:\/\/schema.org","@graph":[{"@type":"Article","@id":"https:\/\/www.mavihaber.com.tr\/?p=21119#article","isPartOf":{"@id":"https:\/\/www.mavihaber.com.tr\/?p=21119"},"author":{"name":"\u0130zzet AYDEM\u0130R","@id":"https:\/\/www.mavihaber.com.tr\/#\/schema\/person\/dd7a0a39b6b2d5cc1609c32154b07a7d"},"headline":"Seyhan Belediyesi\u2019nden T\u0130S A\u00e7\u0131klamas\u0131","datePublished":"2026-02-26T08:23:22+00:00","dateModified":"2026-02-26T08:23:34+00:00","mainEntityOfPage":{"@id":"https:\/\/www.mavihaber.com.tr\/?p=21119"},"wordCount":433,"commentCount":0,"publisher":{"@id":"https:\/\/www.mavihaber.com.tr\/#organization"},"image":{"@id":"https:\/\/www.mavihaber.com.tr\/?p=21119#primaryimage"},"thumbnailUrl":"https:\/\/www.mavihaber.com.tr\/wp-content\/uploads\/2026\/02\/S.jpg","articleSection":["Adana Kulis","ASAY\u0130\u015e","Belediyeler","E\u011fitim","Ekonomi","G\u00fcndem","Siyaset","Son Dakika","Video Galeri","Ya\u015fam"],"inLanguage":"tr","potentialAction":[{"@type":"CommentAction","name":"Comment","target":["https:\/\/www.mavihaber.com.tr\/?p=21119#respond"]}]},{"@type":"WebPage","@id":"https:\/\/www.mavihaber.com.tr\/?p=21119","url":"https:\/\/www.mavihaber.com.tr\/?p=21119","name":"Seyhan Belediyesi\u2019nden T\u0130S A\u00e7\u0131klamas\u0131 - MAV\u0130 HABER","isPartOf":{"@id":"https:\/\/www.mavihaber.com.tr\/#website"},"primaryImageOfPage":{"@id":"https:\/\/www.mavihaber.com.tr\/?p=21119#primaryimage"},"image":{"@id":"https:\/\/www.mavihaber.com.tr\/?p=21119#primaryimage"},"thumbnailUrl":"https:\/\/www.mavihaber.com.tr\/wp-content\/uploads\/2026\/02\/S.jpg","datePublished":"2026-02-26T08:23:22+00:00","dateModified":"2026-02-26T08:23:34+00:00","breadcrumb":{"@id":"https:\/\/www.mavihaber.com.tr\/?p=21119#breadcrumb"},"inLanguage":"tr","potentialAction":[{"@type":"ReadAction","target":["https:\/\/www.mavihaber.com.tr\/?p=21119"]}]},{"@type":"ImageObject","inLanguage":"tr","@id":"https:\/\/www.mavihaber.com.tr\/?p=21119#primaryimage","url":"https:\/\/www.mavihaber.com.tr\/wp-content\/uploads\/2026\/02\/S.jpg","contentUrl":"https:\/\/www.mavihaber.com.tr\/wp-content\/uploads\/2026\/02\/S.jpg","width":600,"height":400},{"@type":"BreadcrumbList","@id":"https:\/\/www.mavihaber.com.tr\/?p=21119#breadcrumb","itemListElement":[{"@type":"ListItem","position":1,"name":"Anasayfa","item":"https:\/\/www.mavihaber.com.tr\/"},{"@type":"ListItem","position":2,"name":"Seyhan Belediyesi\u2019nden T\u0130S A\u00e7\u0131klamas\u0131"}]},{"@type":"WebSite","@id":"https:\/\/www.mavihaber.com.tr\/#website","url":"https:\/\/www.mavihaber.com.tr\/","name":"MAV\u0130 HABER","description":"S&Ouml;Z U&Ccedil;AR YAZI KALIR","publisher":{"@id":"https:\/\/www.mavihaber.com.tr\/#organization"},"potentialAction":[{"@type":"SearchAction","target":{"@type":"EntryPoint","urlTemplate":"https:\/\/www.mavihaber.com.tr\/?s={search_term_string}"},"query-input":{"@type":"PropertyValueSpecification","valueRequired":true,"valueName":"search_term_string"}}],"inLanguage":"tr"},{"@type":"Organization","@id":"https:\/\/www.mavihaber.com.tr\/#organization","name":"MAV\u0130 HABER","url":"https:\/\/www.mavihaber.com.tr\/","logo":{"@type":"ImageObject","inLanguage":"tr","@id":"https:\/\/www.mavihaber.com.tr\/#\/schema\/logo\/image\/","url":"http:\/\/www.mavihaber.com.tr\/wp-content\/uploads\/2022\/02\/mavi-logo.png","contentUrl":"http:\/\/www.mavihaber.com.tr\/wp-content\/uploads\/2022\/02\/mavi-logo.png","width":301,"height":81,"caption":"MAV\u0130 HABER"},"image":{"@id":"https:\/\/www.mavihaber.com.tr\/#\/schema\/logo\/image\/"},"sameAs":["https:\/\/www.facebook.com\/ceyhan.mavi.142\/","https:\/\/x.com\/ceyhanmavihaber","https:\/\/www.instagram.com\/ceyhanmavihaber\/","https:\/\/www.youtube.com\/channel\/UCJQ-0-AFgj2GjI269QDUwNw"]},{"@type":"Person","@id":"https:\/\/www.mavihaber.com.tr\/#\/schema\/person\/dd7a0a39b6b2d5cc1609c32154b07a7d","name":"\u0130zzet AYDEM\u0130R","image":{"@type":"ImageObject","inLanguage":"tr","@id":"https:\/\/secure.gravatar.com\/avatar\/320a36bef556c371376115ba1e7491216472a73c7b42710d508168617c47b64f?s=96&d=mm&r=g","url":"https:\/\/secure.gravatar.com\/avatar\/320a36bef556c371376115ba1e7491216472a73c7b42710d508168617c47b64f?s=96&d=mm&r=g","contentUrl":"https:\/\/secure.gravatar.com\/avatar\/320a36bef556c371376115ba1e7491216472a73c7b42710d508168617c47b64f?s=96&d=mm&r=g","caption":"\u0130zzet AYDEM\u0130R"},"sameAs":["http:\/\/www.mavihaber.com.tr"],"url":"https:\/\/www.mavihaber.com.tr\/?author=5"}]}},"views":449,"_links":{"self":[{"href":"https:\/\/www.mavihaber.com.tr\/index.php?rest_route=\/wp\/v2\/posts\/21119","targetHints":{"allow":["GET"]}}],"collection":[{"href":"https:\/\/www.mavihaber.com.tr\/index.php?rest_route=\/wp\/v2\/posts"}],"about":[{"href":"https:\/\/www.mavihaber.com.tr\/index.php?rest_route=\/wp\/v2\/types\/post"}],"author":[{"embeddable":true,"href":"https:\/\/www.mavihaber.com.tr\/index.php?rest_route=\/wp\/v2\/users\/5"}],"replies":[{"embeddable":true,"href":"https:\/\/www.mavihaber.com.tr\/index.php?rest_route=%2Fwp%2Fv2%2Fcomments&post=21119"}],"version-history":[{"count":2,"href":"https:\/\/www.mavihaber.com.tr\/index.php?rest_route=\/wp\/v2\/posts\/21119\/revisions"}],"predecessor-version":[{"id":21122,"href":"https:\/\/www.mavihaber.com.tr\/index.php?rest_route=\/wp\/v2\/posts\/21119\/revisions\/21122"}],"wp:featuredmedia":[{"embeddable":true,"href":"https:\/\/www.mavihaber.com.tr\/index.php?rest_route=\/wp\/v2\/media\/21120"}],"wp:attachment":[{"href":"https:\/\/www.mavihaber.com.tr\/index.php?rest_route=%2Fwp%2Fv2%2Fmedia&parent=21119"}],"wp:term":[{"taxonomy":"category","embeddable":true,"href":"https:\/\/www.mavihaber.com.tr\/index.php?rest_route=%2Fwp%2Fv2%2Fcategories&post=21119"},{"taxonomy":"post_tag","embeddable":true,"href":"https:\/\/www.mavihaber.com.tr\/index.php?rest_route=%2Fwp%2Fv2%2Ftags&post=21119"}],"curies":[{"name":"wp","href":"https:\/\/api.w.org\/{rel}","templated":true}]}}