{"id":21183,"date":"2026-02-28T10:31:18","date_gmt":"2026-02-28T10:31:18","guid":{"rendered":"https:\/\/www.mavihaber.com.tr\/?p=21183"},"modified":"2026-02-28T10:33:52","modified_gmt":"2026-02-28T10:33:52","slug":"21183","status":"publish","type":"post","link":"https:\/\/www.mavihaber.com.tr\/?p=21183","title":{"rendered":"Alevler Sanayi Bulvar\u0131\u2019n\u0131 Sard\u0131"},"content":{"rendered":"<h3><img loading=\"lazy\" decoding=\"async\" class=\"alignnone size-full wp-image-21184\" src=\"https:\/\/www.mavihaber.com.tr\/wp-content\/uploads\/2026\/02\/111.jpg\" alt=\"\" width=\"602\" height=\"402\" \/><\/h3>\n<h3><strong>Ceyhan\u2019da Korkutan Ara\u00e7 Yang\u0131n\u0131: <\/strong><\/h3>\n<h3><strong>Alevler Sanayi Bulvar\u0131\u2019n\u0131 Sard\u0131! <\/strong>Adana\u2019n\u0131n Ceyhan il\u00e7esinde seyir halindeki bir otomobil, motor k\u0131sm\u0131ndan y\u00fckselen alevlerle bir anda demir y\u0131\u011f\u0131n\u0131na d\u00f6nd\u00fc. \u00c7evredeki vatanda\u015flar\u0131n \u00e7aresiz bak\u0131\u015flar\u0131 aras\u0131nda b\u00fcy\u00fcyen yang\u0131na, itfaiye ekipleri m\u00fcdahale etti.<\/h3>\n<h2><strong>Seyir Halindeyken Alev Ald\u0131<\/strong><\/h2>\n<p>Olay, bug\u00fcn \u00f6\u011fle saatlerinde Ceyhan\u2019\u0131n en i\u015flek g\u00fczergahlar\u0131ndan biri olan Sanayi Bulvar\u0131 \u00fczerinde meydana geldi. Edinilen bilgilere g\u00f6re, plakas\u0131 ve s\u00fcr\u00fcc\u00fcs\u00fc \u00f6\u011frenilemeyen bir ara\u00e7, cadde \u00fczerinde ilerledi\u011fi s\u0131rada hen\u00fcz belirlenemeyen bir nedenle motor b\u00f6l\u00fcm\u00fcnden dumanlar \u00e7\u0131karmaya ba\u015flad\u0131.<\/p>\n<p>Durumu fark eden s\u00fcr\u00fcc\u00fc, arac\u0131n\u0131 hemen sa\u011fa \u00e7ekerek d\u0131\u015far\u0131 \u00e7\u0131karken, dumanlar yerini k\u0131sa s\u00fcrede \u015fiddetli alevlere b\u0131rakt\u0131.<\/p>\n<p><img loading=\"lazy\" decoding=\"async\" class=\"alignnone size-medium wp-image-21187\" src=\"https:\/\/www.mavihaber.com.tr\/wp-content\/uploads\/2026\/02\/1-169x300.jpeg\" alt=\"\" width=\"169\" height=\"300\" \/><img loading=\"lazy\" decoding=\"async\" class=\"alignnone size-medium wp-image-21188\" src=\"https:\/\/www.mavihaber.com.tr\/wp-content\/uploads\/2026\/02\/2-169x300.jpeg\" alt=\"\" width=\"169\" height=\"300\" \/><\/p>\n<h3><strong>Yang\u0131n T\u00fcpleri Yetersiz Kald\u0131<\/strong><\/h3>\n<p>Yang\u0131n\u0131n b\u00fcy\u00fcmesiyle birlikte \u00e7evredeki di\u011fer s\u00fcr\u00fcc\u00fcler ve vatanda\u015flar yard\u0131ma ko\u015ftu. Ancak alevlerin arac\u0131n \u00f6n k\u0131sm\u0131n\u0131 tamamen sarmas\u0131 ve yo\u011fun duman nedeniyle, yoldan ge\u00e7enlerin yanlar\u0131nda ta\u015f\u0131d\u0131\u011f\u0131 yang\u0131n t\u00fcpleri m\u00fcdahalede yetersiz kald\u0131. Vatanda\u015flar\u0131n, patlama riskine kar\u015f\u0131 alevlere yakla\u015famamas\u0131 ve m\u00fcdahale edememesi dikkat \u00e7ekti.<\/p>\n<h2>\u0130tfaiye M\u00fcdahale Etti Ama Hasar B\u00fcy\u00fck<\/h2>\n<p>\u0130hbar \u00fczerine k\u0131sa s\u00fcrede olay yerine intikal eden Adana B\u00fcy\u00fck\u015fehir Belediyesi \u0130tfaiye ekipleri, yang\u0131na k\u00f6p\u00fckl\u00fc suyla m\u00fcdahale etti. Ekiplerin yo\u011fun \u00e7al\u0131\u015fmas\u0131 sonucu alevler kontrol alt\u0131na al\u0131narak s\u00f6nd\u00fcr\u00fcld\u00fc.<\/p>\n<p>Yang\u0131n sonras\u0131 can kayb\u0131 veya yaralanma ya\u015fanmamas\u0131 teselli kayna\u011f\u0131 olurken, ara\u00e7ta \u00e7ok a\u011f\u0131r maddi hasar meydana geldi. Ara\u00e7 \u00e7ekici yard\u0131m\u0131yla yoldan kald\u0131r\u0131l\u0131rken, emniyet g\u00fc\u00e7leri olayla ilgili inceleme ba\u015flatt\u0131.<\/p>\n<p><img loading=\"lazy\" decoding=\"async\" class=\"alignnone size-medium wp-image-21189\" src=\"https:\/\/www.mavihaber.com.tr\/wp-content\/uploads\/2026\/02\/3-169x300.jpeg\" alt=\"\" width=\"169\" height=\"300\" \/><img loading=\"lazy\" decoding=\"async\" class=\"alignnone size-medium wp-image-21190\" src=\"https:\/\/www.mavihaber.com.tr\/wp-content\/uploads\/2026\/02\/4-169x300.jpeg\" alt=\"\" width=\"169\" height=\"300\" srcset=\"https:\/\/www.mavihaber.com.tr\/wp-content\/uploads\/2026\/02\/4-169x300.jpeg 169w, https:\/\/www.mavihaber.com.tr\/wp-content\/uploads\/2026\/02\/4-576x1024.jpeg 576w, https:\/\/www.mavihaber.com.tr\/wp-content\/uploads\/2026\/02\/4-768x1365.jpeg 768w, https:\/\/www.mavihaber.com.tr\/wp-content\/uploads\/2026\/02\/4-864x1536.jpeg 864w, https:\/\/www.mavihaber.com.tr\/wp-content\/uploads\/2026\/02\/4.jpeg 1152w\" sizes=\"auto, (max-width: 169px) 100vw, 169px\" \/><\/p>\n","protected":false},"excerpt":{"rendered":"<p>Ceyhan\u2019da Korkutan Ara\u00e7 Yang\u0131n\u0131: Alevler Sanayi Bulvar\u0131\u2019n\u0131 Sard\u0131! Adana\u2019n\u0131n Ceyhan il\u00e7esinde seyir halindeki bir otomobil, motor k\u0131sm\u0131ndan y\u00fckselen alevlerle bir<\/p>\n","protected":false},"author":5,"featured_media":21184,"comment_status":"open","ping_status":"open","sticky":false,"template":"","format":"standard","meta":{"footnotes":""},"categories":[1,25,26,23,10,11,12,13,18],"tags":[],"class_list":["post-21183","post","type-post","status-publish","format-standard","has-post-thumbnail","hentry","category-kulis","category-asayis","category-ceyhan","category-editorun-sectikleri","category-gundem","category-otomobil","category-saglik","category-siyaset","category-yasam"],"yoast_head":"<!-- This site is optimized with the Yoast SEO plugin v28.2 - https:\/\/yoast.com\/product\/yoast-seo-wordpress\/ -->\n<title>Alevler Sanayi Bulvar\u0131\u2019n\u0131 Sard\u0131 - MAV\u0130 HABER<\/title>\n<meta name=\"robots\" content=\"index, follow, max-snippet:-1, max-image-preview:large, max-video-preview:-1\" \/>\n<link rel=\"canonical\" href=\"https:\/\/www.mavihaber.com.tr\/?p=21183\" \/>\n<meta property=\"og:locale\" content=\"tr_TR\" \/>\n<meta property=\"og:type\" content=\"article\" \/>\n<meta property=\"og:title\" content=\"Alevler Sanayi Bulvar\u0131\u2019n\u0131 Sard\u0131 - MAV\u0130 HABER\" \/>\n<meta property=\"og:description\" content=\"Ceyhan\u2019da Korkutan Ara\u00e7 Yang\u0131n\u0131: Alevler Sanayi Bulvar\u0131\u2019n\u0131 Sard\u0131! Adana\u2019n\u0131n Ceyhan il\u00e7esinde seyir halindeki bir otomobil, motor k\u0131sm\u0131ndan y\u00fckselen alevlerle bir\" \/>\n<meta property=\"og:url\" content=\"https:\/\/www.mavihaber.com.tr\/?p=21183\" \/>\n<meta property=\"og:site_name\" content=\"MAV\u0130 HABER\" \/>\n<meta property=\"article:publisher\" content=\"https:\/\/www.facebook.com\/ceyhan.mavi.142\/\" \/>\n<meta property=\"article:published_time\" content=\"2026-02-28T10:31:18+00:00\" \/>\n<meta property=\"article:modified_time\" content=\"2026-02-28T10:33:52+00:00\" \/>\n<meta property=\"og:image\" content=\"https:\/\/www.mavihaber.com.tr\/wp-content\/uploads\/2026\/02\/111.jpg\" \/>\n\t<meta property=\"og:image:width\" content=\"602\" \/>\n\t<meta property=\"og:image:height\" content=\"402\" \/>\n\t<meta property=\"og:image:type\" content=\"image\/jpeg\" \/>\n<meta name=\"author\" content=\"\u0130zzet AYDEM\u0130R\" \/>\n<meta name=\"twitter:card\" content=\"summary_large_image\" \/>\n<meta name=\"twitter:creator\" content=\"@ceyhanmavihaber\" \/>\n<meta name=\"twitter:site\" content=\"@ceyhanmavihaber\" \/>\n<meta name=\"twitter:label1\" content=\"Yazan:\" \/>\n\t<meta name=\"twitter:data1\" content=\"\u0130zzet AYDEM\u0130R\" \/>\n\t<meta name=\"twitter:label2\" content=\"Tahmini okuma s\u00fcresi\" \/>\n\t<meta name=\"twitter:data2\" content=\"2 dakika\" \/>\n<script type=\"application\/ld+json\" class=\"yoast-schema-graph\">{\"@context\":\"https:\\\/\\\/schema.org\",\"@graph\":[{\"@type\":\"Article\",\"@id\":\"https:\\\/\\\/www.mavihaber.com.tr\\\/?p=21183#article\",\"isPartOf\":{\"@id\":\"https:\\\/\\\/www.mavihaber.com.tr\\\/?p=21183\"},\"author\":{\"name\":\"\u0130zzet AYDEM\u0130R\",\"@id\":\"https:\\\/\\\/www.mavihaber.com.tr\\\/#\\\/schema\\\/person\\\/dd7a0a39b6b2d5cc1609c32154b07a7d\"},\"headline\":\"Alevler Sanayi Bulvar\u0131\u2019n\u0131 Sard\u0131\",\"datePublished\":\"2026-02-28T10:31:18+00:00\",\"dateModified\":\"2026-02-28T10:33:52+00:00\",\"mainEntityOfPage\":{\"@id\":\"https:\\\/\\\/www.mavihaber.com.tr\\\/?p=21183\"},\"wordCount\":305,\"commentCount\":0,\"publisher\":{\"@id\":\"https:\\\/\\\/www.mavihaber.com.tr\\\/#organization\"},\"image\":{\"@id\":\"https:\\\/\\\/www.mavihaber.com.tr\\\/?p=21183#primaryimage\"},\"thumbnailUrl\":\"https:\\\/\\\/www.mavihaber.com.tr\\\/wp-content\\\/uploads\\\/2026\\\/02\\\/111.jpg\",\"articleSection\":[\"Adana Kulis\",\"ASAY\u0130\u015e\",\"Ceyhan\",\"ED\u0130T\u00d6R\u00dcN SE\u00c7T\u0130KLER\u0130\",\"G\u00fcndem\",\"Otomobil\",\"Sa\u011fl\u0131k\",\"Siyaset\",\"Ya\u015fam\"],\"inLanguage\":\"tr\",\"potentialAction\":[{\"@type\":\"CommentAction\",\"name\":\"Comment\",\"target\":[\"https:\\\/\\\/www.mavihaber.com.tr\\\/?p=21183#respond\"]}]},{\"@type\":\"WebPage\",\"@id\":\"https:\\\/\\\/www.mavihaber.com.tr\\\/?p=21183\",\"url\":\"https:\\\/\\\/www.mavihaber.com.tr\\\/?p=21183\",\"name\":\"Alevler Sanayi Bulvar\u0131\u2019n\u0131 Sard\u0131 - MAV\u0130 HABER\",\"isPartOf\":{\"@id\":\"https:\\\/\\\/www.mavihaber.com.tr\\\/#website\"},\"primaryImageOfPage\":{\"@id\":\"https:\\\/\\\/www.mavihaber.com.tr\\\/?p=21183#primaryimage\"},\"image\":{\"@id\":\"https:\\\/\\\/www.mavihaber.com.tr\\\/?p=21183#primaryimage\"},\"thumbnailUrl\":\"https:\\\/\\\/www.mavihaber.com.tr\\\/wp-content\\\/uploads\\\/2026\\\/02\\\/111.jpg\",\"datePublished\":\"2026-02-28T10:31:18+00:00\",\"dateModified\":\"2026-02-28T10:33:52+00:00\",\"breadcrumb\":{\"@id\":\"https:\\\/\\\/www.mavihaber.com.tr\\\/?p=21183#breadcrumb\"},\"inLanguage\":\"tr\",\"potentialAction\":[{\"@type\":\"ReadAction\",\"target\":[\"https:\\\/\\\/www.mavihaber.com.tr\\\/?p=21183\"]}]},{\"@type\":\"ImageObject\",\"inLanguage\":\"tr\",\"@id\":\"https:\\\/\\\/www.mavihaber.com.tr\\\/?p=21183#primaryimage\",\"url\":\"https:\\\/\\\/www.mavihaber.com.tr\\\/wp-content\\\/uploads\\\/2026\\\/02\\\/111.jpg\",\"contentUrl\":\"https:\\\/\\\/www.mavihaber.com.tr\\\/wp-content\\\/uploads\\\/2026\\\/02\\\/111.jpg\",\"width\":602,\"height\":402},{\"@type\":\"BreadcrumbList\",\"@id\":\"https:\\\/\\\/www.mavihaber.com.tr\\\/?p=21183#breadcrumb\",\"itemListElement\":[{\"@type\":\"ListItem\",\"position\":1,\"name\":\"Anasayfa\",\"item\":\"https:\\\/\\\/www.mavihaber.com.tr\\\/\"},{\"@type\":\"ListItem\",\"position\":2,\"name\":\"Alevler Sanayi Bulvar\u0131\u2019n\u0131 Sard\u0131\"}]},{\"@type\":\"WebSite\",\"@id\":\"https:\\\/\\\/www.mavihaber.com.tr\\\/#website\",\"url\":\"https:\\\/\\\/www.mavihaber.com.tr\\\/\",\"name\":\"MAV\u0130 HABER\",\"description\":\"S&Ouml;Z U&Ccedil;AR YAZI KALIR\",\"publisher\":{\"@id\":\"https:\\\/\\\/www.mavihaber.com.tr\\\/#organization\"},\"potentialAction\":[{\"@type\":\"SearchAction\",\"target\":{\"@type\":\"EntryPoint\",\"urlTemplate\":\"https:\\\/\\\/www.mavihaber.com.tr\\\/?s={search_term_string}\"},\"query-input\":{\"@type\":\"PropertyValueSpecification\",\"valueRequired\":true,\"valueName\":\"search_term_string\"}}],\"inLanguage\":\"tr\"},{\"@type\":\"Organization\",\"@id\":\"https:\\\/\\\/www.mavihaber.com.tr\\\/#organization\",\"name\":\"MAV\u0130 HABER\",\"url\":\"https:\\\/\\\/www.mavihaber.com.tr\\\/\",\"logo\":{\"@type\":\"ImageObject\",\"inLanguage\":\"tr\",\"@id\":\"https:\\\/\\\/www.mavihaber.com.tr\\\/#\\\/schema\\\/logo\\\/image\\\/\",\"url\":\"http:\\\/\\\/www.mavihaber.com.tr\\\/wp-content\\\/uploads\\\/2022\\\/02\\\/mavi-logo.png\",\"contentUrl\":\"http:\\\/\\\/www.mavihaber.com.tr\\\/wp-content\\\/uploads\\\/2022\\\/02\\\/mavi-logo.png\",\"width\":301,\"height\":81,\"caption\":\"MAV\u0130 HABER\"},\"image\":{\"@id\":\"https:\\\/\\\/www.mavihaber.com.tr\\\/#\\\/schema\\\/logo\\\/image\\\/\"},\"sameAs\":[\"https:\\\/\\\/www.facebook.com\\\/ceyhan.mavi.142\\\/\",\"https:\\\/\\\/x.com\\\/ceyhanmavihaber\",\"https:\\\/\\\/www.instagram.com\\\/ceyhanmavihaber\\\/\",\"https:\\\/\\\/www.youtube.com\\\/channel\\\/UCJQ-0-AFgj2GjI269QDUwNw\"]},{\"@type\":\"Person\",\"@id\":\"https:\\\/\\\/www.mavihaber.com.tr\\\/#\\\/schema\\\/person\\\/dd7a0a39b6b2d5cc1609c32154b07a7d\",\"name\":\"\u0130zzet AYDEM\u0130R\",\"image\":{\"@type\":\"ImageObject\",\"inLanguage\":\"tr\",\"@id\":\"https:\\\/\\\/secure.gravatar.com\\\/avatar\\\/320a36bef556c371376115ba1e7491216472a73c7b42710d508168617c47b64f?s=96&d=mm&r=g\",\"url\":\"https:\\\/\\\/secure.gravatar.com\\\/avatar\\\/320a36bef556c371376115ba1e7491216472a73c7b42710d508168617c47b64f?s=96&d=mm&r=g\",\"contentUrl\":\"https:\\\/\\\/secure.gravatar.com\\\/avatar\\\/320a36bef556c371376115ba1e7491216472a73c7b42710d508168617c47b64f?s=96&d=mm&r=g\",\"caption\":\"\u0130zzet AYDEM\u0130R\"},\"sameAs\":[\"http:\\\/\\\/www.mavihaber.com.tr\"],\"url\":\"https:\\\/\\\/www.mavihaber.com.tr\\\/?author=5\"}]}<\/script>\n<!-- \/ Yoast SEO plugin. -->","yoast_head_json":{"title":"Alevler Sanayi Bulvar\u0131\u2019n\u0131 Sard\u0131 - MAV\u0130 HABER","robots":{"index":"index","follow":"follow","max-snippet":"max-snippet:-1","max-image-preview":"max-image-preview:large","max-video-preview":"max-video-preview:-1"},"canonical":"https:\/\/www.mavihaber.com.tr\/?p=21183","og_locale":"tr_TR","og_type":"article","og_title":"Alevler Sanayi Bulvar\u0131\u2019n\u0131 Sard\u0131 - MAV\u0130 HABER","og_description":"Ceyhan\u2019da Korkutan Ara\u00e7 Yang\u0131n\u0131: Alevler Sanayi Bulvar\u0131\u2019n\u0131 Sard\u0131! Adana\u2019n\u0131n Ceyhan il\u00e7esinde seyir halindeki bir otomobil, motor k\u0131sm\u0131ndan y\u00fckselen alevlerle bir","og_url":"https:\/\/www.mavihaber.com.tr\/?p=21183","og_site_name":"MAV\u0130 HABER","article_publisher":"https:\/\/www.facebook.com\/ceyhan.mavi.142\/","article_published_time":"2026-02-28T10:31:18+00:00","article_modified_time":"2026-02-28T10:33:52+00:00","og_image":[{"width":602,"height":402,"url":"https:\/\/www.mavihaber.com.tr\/wp-content\/uploads\/2026\/02\/111.jpg","type":"image\/jpeg"}],"author":"\u0130zzet AYDEM\u0130R","twitter_card":"summary_large_image","twitter_creator":"@ceyhanmavihaber","twitter_site":"@ceyhanmavihaber","twitter_misc":{"Yazan:":"\u0130zzet AYDEM\u0130R","Tahmini okuma s\u00fcresi":"2 dakika"},"schema":{"@context":"https:\/\/schema.org","@graph":[{"@type":"Article","@id":"https:\/\/www.mavihaber.com.tr\/?p=21183#article","isPartOf":{"@id":"https:\/\/www.mavihaber.com.tr\/?p=21183"},"author":{"name":"\u0130zzet AYDEM\u0130R","@id":"https:\/\/www.mavihaber.com.tr\/#\/schema\/person\/dd7a0a39b6b2d5cc1609c32154b07a7d"},"headline":"Alevler Sanayi Bulvar\u0131\u2019n\u0131 Sard\u0131","datePublished":"2026-02-28T10:31:18+00:00","dateModified":"2026-02-28T10:33:52+00:00","mainEntityOfPage":{"@id":"https:\/\/www.mavihaber.com.tr\/?p=21183"},"wordCount":305,"commentCount":0,"publisher":{"@id":"https:\/\/www.mavihaber.com.tr\/#organization"},"image":{"@id":"https:\/\/www.mavihaber.com.tr\/?p=21183#primaryimage"},"thumbnailUrl":"https:\/\/www.mavihaber.com.tr\/wp-content\/uploads\/2026\/02\/111.jpg","articleSection":["Adana Kulis","ASAY\u0130\u015e","Ceyhan","ED\u0130T\u00d6R\u00dcN SE\u00c7T\u0130KLER\u0130","G\u00fcndem","Otomobil","Sa\u011fl\u0131k","Siyaset","Ya\u015fam"],"inLanguage":"tr","potentialAction":[{"@type":"CommentAction","name":"Comment","target":["https:\/\/www.mavihaber.com.tr\/?p=21183#respond"]}]},{"@type":"WebPage","@id":"https:\/\/www.mavihaber.com.tr\/?p=21183","url":"https:\/\/www.mavihaber.com.tr\/?p=21183","name":"Alevler Sanayi Bulvar\u0131\u2019n\u0131 Sard\u0131 - MAV\u0130 HABER","isPartOf":{"@id":"https:\/\/www.mavihaber.com.tr\/#website"},"primaryImageOfPage":{"@id":"https:\/\/www.mavihaber.com.tr\/?p=21183#primaryimage"},"image":{"@id":"https:\/\/www.mavihaber.com.tr\/?p=21183#primaryimage"},"thumbnailUrl":"https:\/\/www.mavihaber.com.tr\/wp-content\/uploads\/2026\/02\/111.jpg","datePublished":"2026-02-28T10:31:18+00:00","dateModified":"2026-02-28T10:33:52+00:00","breadcrumb":{"@id":"https:\/\/www.mavihaber.com.tr\/?p=21183#breadcrumb"},"inLanguage":"tr","potentialAction":[{"@type":"ReadAction","target":["https:\/\/www.mavihaber.com.tr\/?p=21183"]}]},{"@type":"ImageObject","inLanguage":"tr","@id":"https:\/\/www.mavihaber.com.tr\/?p=21183#primaryimage","url":"https:\/\/www.mavihaber.com.tr\/wp-content\/uploads\/2026\/02\/111.jpg","contentUrl":"https:\/\/www.mavihaber.com.tr\/wp-content\/uploads\/2026\/02\/111.jpg","width":602,"height":402},{"@type":"BreadcrumbList","@id":"https:\/\/www.mavihaber.com.tr\/?p=21183#breadcrumb","itemListElement":[{"@type":"ListItem","position":1,"name":"Anasayfa","item":"https:\/\/www.mavihaber.com.tr\/"},{"@type":"ListItem","position":2,"name":"Alevler Sanayi Bulvar\u0131\u2019n\u0131 Sard\u0131"}]},{"@type":"WebSite","@id":"https:\/\/www.mavihaber.com.tr\/#website","url":"https:\/\/www.mavihaber.com.tr\/","name":"MAV\u0130 HABER","description":"S&Ouml;Z U&Ccedil;AR YAZI KALIR","publisher":{"@id":"https:\/\/www.mavihaber.com.tr\/#organization"},"potentialAction":[{"@type":"SearchAction","target":{"@type":"EntryPoint","urlTemplate":"https:\/\/www.mavihaber.com.tr\/?s={search_term_string}"},"query-input":{"@type":"PropertyValueSpecification","valueRequired":true,"valueName":"search_term_string"}}],"inLanguage":"tr"},{"@type":"Organization","@id":"https:\/\/www.mavihaber.com.tr\/#organization","name":"MAV\u0130 HABER","url":"https:\/\/www.mavihaber.com.tr\/","logo":{"@type":"ImageObject","inLanguage":"tr","@id":"https:\/\/www.mavihaber.com.tr\/#\/schema\/logo\/image\/","url":"http:\/\/www.mavihaber.com.tr\/wp-content\/uploads\/2022\/02\/mavi-logo.png","contentUrl":"http:\/\/www.mavihaber.com.tr\/wp-content\/uploads\/2022\/02\/mavi-logo.png","width":301,"height":81,"caption":"MAV\u0130 HABER"},"image":{"@id":"https:\/\/www.mavihaber.com.tr\/#\/schema\/logo\/image\/"},"sameAs":["https:\/\/www.facebook.com\/ceyhan.mavi.142\/","https:\/\/x.com\/ceyhanmavihaber","https:\/\/www.instagram.com\/ceyhanmavihaber\/","https:\/\/www.youtube.com\/channel\/UCJQ-0-AFgj2GjI269QDUwNw"]},{"@type":"Person","@id":"https:\/\/www.mavihaber.com.tr\/#\/schema\/person\/dd7a0a39b6b2d5cc1609c32154b07a7d","name":"\u0130zzet AYDEM\u0130R","image":{"@type":"ImageObject","inLanguage":"tr","@id":"https:\/\/secure.gravatar.com\/avatar\/320a36bef556c371376115ba1e7491216472a73c7b42710d508168617c47b64f?s=96&d=mm&r=g","url":"https:\/\/secure.gravatar.com\/avatar\/320a36bef556c371376115ba1e7491216472a73c7b42710d508168617c47b64f?s=96&d=mm&r=g","contentUrl":"https:\/\/secure.gravatar.com\/avatar\/320a36bef556c371376115ba1e7491216472a73c7b42710d508168617c47b64f?s=96&d=mm&r=g","caption":"\u0130zzet AYDEM\u0130R"},"sameAs":["http:\/\/www.mavihaber.com.tr"],"url":"https:\/\/www.mavihaber.com.tr\/?author=5"}]}},"views":512,"_links":{"self":[{"href":"https:\/\/www.mavihaber.com.tr\/index.php?rest_route=\/wp\/v2\/posts\/21183","targetHints":{"allow":["GET"]}}],"collection":[{"href":"https:\/\/www.mavihaber.com.tr\/index.php?rest_route=\/wp\/v2\/posts"}],"about":[{"href":"https:\/\/www.mavihaber.com.tr\/index.php?rest_route=\/wp\/v2\/types\/post"}],"author":[{"embeddable":true,"href":"https:\/\/www.mavihaber.com.tr\/index.php?rest_route=\/wp\/v2\/users\/5"}],"replies":[{"embeddable":true,"href":"https:\/\/www.mavihaber.com.tr\/index.php?rest_route=%2Fwp%2Fv2%2Fcomments&post=21183"}],"version-history":[{"count":3,"href":"https:\/\/www.mavihaber.com.tr\/index.php?rest_route=\/wp\/v2\/posts\/21183\/revisions"}],"predecessor-version":[{"id":21191,"href":"https:\/\/www.mavihaber.com.tr\/index.php?rest_route=\/wp\/v2\/posts\/21183\/revisions\/21191"}],"wp:featuredmedia":[{"embeddable":true,"href":"https:\/\/www.mavihaber.com.tr\/index.php?rest_route=\/wp\/v2\/media\/21184"}],"wp:attachment":[{"href":"https:\/\/www.mavihaber.com.tr\/index.php?rest_route=%2Fwp%2Fv2%2Fmedia&parent=21183"}],"wp:term":[{"taxonomy":"category","embeddable":true,"href":"https:\/\/www.mavihaber.com.tr\/index.php?rest_route=%2Fwp%2Fv2%2Fcategories&post=21183"},{"taxonomy":"post_tag","embeddable":true,"href":"https:\/\/www.mavihaber.com.tr\/index.php?rest_route=%2Fwp%2Fv2%2Ftags&post=21183"}],"curies":[{"name":"wp","href":"https:\/\/api.w.org\/{rel}","templated":true}]}}