{"id":21294,"date":"2026-03-25T07:33:44","date_gmt":"2026-03-25T07:33:44","guid":{"rendered":"https:\/\/www.mavihaber.com.tr\/?p=21294"},"modified":"2026-03-25T07:37:13","modified_gmt":"2026-03-25T07:37:13","slug":"21294","status":"publish","type":"post","link":"https:\/\/www.mavihaber.com.tr\/?p=21294","title":{"rendered":"CHP\u2019li Bulut\u2019tan \u2018\u0130BB Kumpas Davas\u0131\u2019 Tepkisi"},"content":{"rendered":"<h1 data-path-to-node=\"3\"><img loading=\"lazy\" decoding=\"async\" class=\"alignnone size-full wp-image-21295\" src=\"https:\/\/www.mavihaber.com.tr\/wp-content\/uploads\/2026\/03\/Isimsiz-1-2.jpg\" alt=\"\" width=\"600\" height=\"400\" \/><\/h1>\n<h1 data-path-to-node=\"3\">CHP\u2019li Bulut\u2019tan \u2018\u0130BB Kumpas Davas\u0131\u2019 Tepkisi: \u201c\u00d6zg\u00fcr Bas\u0131n Yoksa Adalet de Yoktur!\u201d<\/h1>\n<p data-path-to-node=\"4\"><b data-path-to-node=\"4\" data-index-in-node=\"0\">CHP Medya ve Halkla \u0130li\u015fkilerden Sorumlu Genel Ba\u015fkan Yard\u0131mc\u0131s\u0131 Burhanettin Bulut, \u0130BB Kumpas Davas\u0131\u2019n\u0131 takip eden gazetecilere y\u00f6nelik k\u0131s\u0131tlamalara sert tepki g\u00f6sterdi. Bulut, &#8220;Gazetecilerin susturuldu\u011fu bir sistemde ger\u00e7e\u011fin karart\u0131lmas\u0131 ka\u00e7\u0131n\u0131lmazd\u0131r&#8221; dedi.<\/b><\/p>\n<p data-path-to-node=\"5\"><b data-path-to-node=\"5\" data-index-in-node=\"0\">\u0130STANBUL<\/b> \u2013 Cumhuriyet Halk Partisi (CHP) Genel Ba\u015fkan Yard\u0131mc\u0131s\u0131 Burhanettin Bulut, Silivri\u2019de devam eden \u0130BB Kumpas Davas\u0131\u2019nda bas\u0131n mensuplar\u0131n\u0131n kar\u015f\u0131 kar\u015f\u0131ya kald\u0131\u011f\u0131 zorluklara ili\u015fkin yaz\u0131l\u0131 bir a\u00e7\u0131klama yay\u0131mlad\u0131. Bulut, duru\u015fma salonundaki fiziki imkans\u0131zl\u0131klar\u0131n ve &#8220;keyfi&#8221; uygulamalar\u0131n toplumun haber alma hakk\u0131n\u0131 gasp etti\u011fini savundu.<\/p>\n<h3 data-path-to-node=\"6\">&#8220;Bas\u0131n Emek\u00e7ileri Adeta Cezaland\u0131r\u0131l\u0131yor&#8221;<\/h3>\n<p data-path-to-node=\"7\">Duru\u015fmalar\u0131 takip eden gazetecilerin insani olmayan ko\u015fullara mahkum edildi\u011fini belirten Bulut, Silivri\u2019deki tabloyu \u015fu s\u00f6zlerle \u00f6zetledi:<\/p>\n<blockquote data-path-to-node=\"8\">\n<p data-path-to-node=\"8,0\">\u201cBas\u0131n emek\u00e7ilerinin maruz b\u0131rak\u0131ld\u0131\u011f\u0131 uygulamalar, yaln\u0131zca mesleki etik a\u00e7\u0131s\u0131ndan de\u011fil, hukuk devleti ilkesi bak\u0131m\u0131ndan da vahimdir. Kamu ad\u0131na g\u00f6rev yapan gazeteciler, k\u0131s\u0131tl\u0131 fiziki imkanlar ve keyfiyete dayal\u0131 uygulamalarla sistematik bi\u00e7imde y\u0131ld\u0131r\u0131lmaya \u00e7al\u0131\u015f\u0131lmaktad\u0131r.\u201d<\/p>\n<\/blockquote>\n<h3 data-path-to-node=\"9\">&#8220;\u015eeffaf Bir Yarg\u0131lamadan S\u00f6z Edilemez&#8221;<\/h3>\n<p data-path-to-node=\"10\">Bulut, duru\u015fma salonundaki teknik ve fiziki engellerin yarg\u0131laman\u0131n \u015feffafl\u0131\u011f\u0131na g\u00f6lge d\u00fc\u015f\u00fcrd\u00fc\u011f\u00fcn\u00fc ifade ederek ele\u015ftirilerini \u015f\u00f6yle s\u00fcrd\u00fcrd\u00fc:<\/p>\n<ul data-path-to-node=\"11\">\n<li>\n<p data-path-to-node=\"11,0,0\"><b data-path-to-node=\"11,0,0\" data-index-in-node=\"0\">Ses ve G\u00f6r\u00fcnt\u00fc Engeli:<\/b> &#8220;Sesin duyulmad\u0131\u011f\u0131, g\u00f6r\u00fc\u015f a\u00e7\u0131s\u0131n\u0131n s\u0131n\u0131rland\u0131r\u0131ld\u0131\u011f\u0131 ve san\u0131klar\u0131n y\u00fczlerinin dahi g\u00f6r\u00fclemedi\u011fi bir ortamda y\u00fcr\u00fct\u00fclen yarg\u0131lamaya \u2018\u015feffaf\u2019 demek inand\u0131r\u0131c\u0131 de\u011fildir.&#8221;<\/p>\n<\/li>\n<li>\n<p data-path-to-node=\"11,1,0\"><b data-path-to-node=\"11,1,0\" data-index-in-node=\"0\">Toplumun Haber Alma Hakk\u0131:<\/b> &#8220;Bu ko\u015fullar, do\u011frudan do\u011fruya toplumun haber alma hakk\u0131n\u0131n \u00f6n\u00fcne ge\u00e7mektir.&#8221;<\/p>\n<\/li>\n<li>\n<p data-path-to-node=\"11,2,0\"><b data-path-to-node=\"11,2,0\" data-index-in-node=\"0\">Demokrasi Vurgusu:<\/b> &#8220;Bas\u0131n\u0131n zapturapt alt\u0131na al\u0131nmas\u0131, demokratik toplum d\u00fczenine y\u00f6nelik a\u00e7\u0131k bir tehdittir.&#8221;<\/p>\n<\/li>\n<\/ul>\n<h3 data-path-to-node=\"12\">&#8220;Adalete Vurulan Bir Darbe&#8221;<\/h3>\n<p data-path-to-node=\"13\">A\u00e7\u0131klamas\u0131n\u0131n sonunda yetkililere \u00e7a\u011fr\u0131da bulunan Burhanettin Bulut, gazetecilerin \u00f6zg\u00fcr ve g\u00fcvenli bir ortamda \u00e7al\u0131\u015fmas\u0131 gerekti\u011fini vurgulad\u0131: <b data-path-to-node=\"13\" data-index-in-node=\"145\">\u201cSusturulan her gazeteci, karart\u0131lan her ger\u00e7ek, do\u011frudan adaletin kendisine vurulan bir darbedir. \u00d6zg\u00fcr bas\u0131n yoksa adalet de yoktur!\u201d<\/b><\/p>\n","protected":false},"excerpt":{"rendered":"<p>CHP\u2019li Bulut\u2019tan \u2018\u0130BB Kumpas Davas\u0131\u2019 Tepkisi: \u201c\u00d6zg\u00fcr Bas\u0131n Yoksa Adalet de Yoktur!\u201d CHP Medya ve Halkla \u0130li\u015fkilerden Sorumlu Genel Ba\u015fkan<\/p>\n","protected":false},"author":5,"featured_media":21295,"comment_status":"open","ping_status":"open","sticky":false,"template":"","format":"standard","meta":{"footnotes":""},"categories":[1,25,26,23,24,8,10,13,14,18],"tags":[],"class_list":["post-21294","post","type-post","status-publish","format-standard","has-post-thumbnail","hentry","category-kulis","category-asayis","category-ceyhan","category-editorun-sectikleri","category-egitim","category-ekonomi","category-gundem","category-siyaset","category-son-dakika","category-yasam"],"yoast_head":"<!-- This site is optimized with the Yoast SEO plugin v28.2 - https:\/\/yoast.com\/product\/yoast-seo-wordpress\/ -->\n<title>CHP\u2019li Bulut\u2019tan \u2018\u0130BB Kumpas Davas\u0131\u2019 Tepkisi - MAV\u0130 HABER<\/title>\n<meta name=\"robots\" content=\"index, follow, max-snippet:-1, max-image-preview:large, max-video-preview:-1\" \/>\n<link rel=\"canonical\" href=\"https:\/\/www.mavihaber.com.tr\/?p=21294\" \/>\n<meta property=\"og:locale\" content=\"tr_TR\" \/>\n<meta property=\"og:type\" content=\"article\" \/>\n<meta property=\"og:title\" content=\"CHP\u2019li Bulut\u2019tan \u2018\u0130BB Kumpas Davas\u0131\u2019 Tepkisi - MAV\u0130 HABER\" \/>\n<meta property=\"og:description\" content=\"CHP\u2019li Bulut\u2019tan \u2018\u0130BB Kumpas Davas\u0131\u2019 Tepkisi: \u201c\u00d6zg\u00fcr Bas\u0131n Yoksa Adalet de Yoktur!\u201d CHP Medya ve Halkla \u0130li\u015fkilerden Sorumlu Genel Ba\u015fkan\" \/>\n<meta property=\"og:url\" content=\"https:\/\/www.mavihaber.com.tr\/?p=21294\" \/>\n<meta property=\"og:site_name\" content=\"MAV\u0130 HABER\" \/>\n<meta property=\"article:publisher\" content=\"https:\/\/www.facebook.com\/ceyhan.mavi.142\/\" \/>\n<meta property=\"article:published_time\" content=\"2026-03-25T07:33:44+00:00\" \/>\n<meta property=\"article:modified_time\" content=\"2026-03-25T07:37:13+00:00\" \/>\n<meta property=\"og:image\" content=\"https:\/\/www.mavihaber.com.tr\/wp-content\/uploads\/2026\/03\/Isimsiz-1-2.jpg\" \/>\n\t<meta property=\"og:image:width\" content=\"600\" \/>\n\t<meta property=\"og:image:height\" content=\"400\" \/>\n\t<meta property=\"og:image:type\" content=\"image\/jpeg\" \/>\n<meta name=\"author\" content=\"\u0130zzet AYDEM\u0130R\" \/>\n<meta name=\"twitter:card\" content=\"summary_large_image\" \/>\n<meta name=\"twitter:creator\" content=\"@ceyhanmavihaber\" \/>\n<meta name=\"twitter:site\" content=\"@ceyhanmavihaber\" \/>\n<meta name=\"twitter:label1\" content=\"Yazan:\" \/>\n\t<meta name=\"twitter:data1\" content=\"\u0130zzet AYDEM\u0130R\" \/>\n\t<meta name=\"twitter:label2\" content=\"Tahmini okuma s\u00fcresi\" \/>\n\t<meta name=\"twitter:data2\" content=\"2 dakika\" \/>\n<script type=\"application\/ld+json\" class=\"yoast-schema-graph\">{\"@context\":\"https:\\\/\\\/schema.org\",\"@graph\":[{\"@type\":\"Article\",\"@id\":\"https:\\\/\\\/www.mavihaber.com.tr\\\/?p=21294#article\",\"isPartOf\":{\"@id\":\"https:\\\/\\\/www.mavihaber.com.tr\\\/?p=21294\"},\"author\":{\"name\":\"\u0130zzet AYDEM\u0130R\",\"@id\":\"https:\\\/\\\/www.mavihaber.com.tr\\\/#\\\/schema\\\/person\\\/dd7a0a39b6b2d5cc1609c32154b07a7d\"},\"headline\":\"CHP\u2019li Bulut\u2019tan \u2018\u0130BB Kumpas Davas\u0131\u2019 Tepkisi\",\"datePublished\":\"2026-03-25T07:33:44+00:00\",\"dateModified\":\"2026-03-25T07:37:13+00:00\",\"mainEntityOfPage\":{\"@id\":\"https:\\\/\\\/www.mavihaber.com.tr\\\/?p=21294\"},\"wordCount\":386,\"commentCount\":0,\"publisher\":{\"@id\":\"https:\\\/\\\/www.mavihaber.com.tr\\\/#organization\"},\"image\":{\"@id\":\"https:\\\/\\\/www.mavihaber.com.tr\\\/?p=21294#primaryimage\"},\"thumbnailUrl\":\"https:\\\/\\\/www.mavihaber.com.tr\\\/wp-content\\\/uploads\\\/2026\\\/03\\\/Isimsiz-1-2.jpg\",\"articleSection\":[\"Adana Kulis\",\"ASAY\u0130\u015e\",\"Ceyhan\",\"ED\u0130T\u00d6R\u00dcN SE\u00c7T\u0130KLER\u0130\",\"E\u011fitim\",\"Ekonomi\",\"G\u00fcndem\",\"Siyaset\",\"Son Dakika\",\"Ya\u015fam\"],\"inLanguage\":\"tr\",\"potentialAction\":[{\"@type\":\"CommentAction\",\"name\":\"Comment\",\"target\":[\"https:\\\/\\\/www.mavihaber.com.tr\\\/?p=21294#respond\"]}]},{\"@type\":\"WebPage\",\"@id\":\"https:\\\/\\\/www.mavihaber.com.tr\\\/?p=21294\",\"url\":\"https:\\\/\\\/www.mavihaber.com.tr\\\/?p=21294\",\"name\":\"CHP\u2019li Bulut\u2019tan \u2018\u0130BB Kumpas Davas\u0131\u2019 Tepkisi - MAV\u0130 HABER\",\"isPartOf\":{\"@id\":\"https:\\\/\\\/www.mavihaber.com.tr\\\/#website\"},\"primaryImageOfPage\":{\"@id\":\"https:\\\/\\\/www.mavihaber.com.tr\\\/?p=21294#primaryimage\"},\"image\":{\"@id\":\"https:\\\/\\\/www.mavihaber.com.tr\\\/?p=21294#primaryimage\"},\"thumbnailUrl\":\"https:\\\/\\\/www.mavihaber.com.tr\\\/wp-content\\\/uploads\\\/2026\\\/03\\\/Isimsiz-1-2.jpg\",\"datePublished\":\"2026-03-25T07:33:44+00:00\",\"dateModified\":\"2026-03-25T07:37:13+00:00\",\"breadcrumb\":{\"@id\":\"https:\\\/\\\/www.mavihaber.com.tr\\\/?p=21294#breadcrumb\"},\"inLanguage\":\"tr\",\"potentialAction\":[{\"@type\":\"ReadAction\",\"target\":[\"https:\\\/\\\/www.mavihaber.com.tr\\\/?p=21294\"]}]},{\"@type\":\"ImageObject\",\"inLanguage\":\"tr\",\"@id\":\"https:\\\/\\\/www.mavihaber.com.tr\\\/?p=21294#primaryimage\",\"url\":\"https:\\\/\\\/www.mavihaber.com.tr\\\/wp-content\\\/uploads\\\/2026\\\/03\\\/Isimsiz-1-2.jpg\",\"contentUrl\":\"https:\\\/\\\/www.mavihaber.com.tr\\\/wp-content\\\/uploads\\\/2026\\\/03\\\/Isimsiz-1-2.jpg\",\"width\":600,\"height\":400},{\"@type\":\"BreadcrumbList\",\"@id\":\"https:\\\/\\\/www.mavihaber.com.tr\\\/?p=21294#breadcrumb\",\"itemListElement\":[{\"@type\":\"ListItem\",\"position\":1,\"name\":\"Anasayfa\",\"item\":\"https:\\\/\\\/www.mavihaber.com.tr\\\/\"},{\"@type\":\"ListItem\",\"position\":2,\"name\":\"CHP\u2019li Bulut\u2019tan \u2018\u0130BB Kumpas Davas\u0131\u2019 Tepkisi\"}]},{\"@type\":\"WebSite\",\"@id\":\"https:\\\/\\\/www.mavihaber.com.tr\\\/#website\",\"url\":\"https:\\\/\\\/www.mavihaber.com.tr\\\/\",\"name\":\"MAV\u0130 HABER\",\"description\":\"S&Ouml;Z U&Ccedil;AR YAZI KALIR\",\"publisher\":{\"@id\":\"https:\\\/\\\/www.mavihaber.com.tr\\\/#organization\"},\"potentialAction\":[{\"@type\":\"SearchAction\",\"target\":{\"@type\":\"EntryPoint\",\"urlTemplate\":\"https:\\\/\\\/www.mavihaber.com.tr\\\/?s={search_term_string}\"},\"query-input\":{\"@type\":\"PropertyValueSpecification\",\"valueRequired\":true,\"valueName\":\"search_term_string\"}}],\"inLanguage\":\"tr\"},{\"@type\":\"Organization\",\"@id\":\"https:\\\/\\\/www.mavihaber.com.tr\\\/#organization\",\"name\":\"MAV\u0130 HABER\",\"url\":\"https:\\\/\\\/www.mavihaber.com.tr\\\/\",\"logo\":{\"@type\":\"ImageObject\",\"inLanguage\":\"tr\",\"@id\":\"https:\\\/\\\/www.mavihaber.com.tr\\\/#\\\/schema\\\/logo\\\/image\\\/\",\"url\":\"http:\\\/\\\/www.mavihaber.com.tr\\\/wp-content\\\/uploads\\\/2022\\\/02\\\/mavi-logo.png\",\"contentUrl\":\"http:\\\/\\\/www.mavihaber.com.tr\\\/wp-content\\\/uploads\\\/2022\\\/02\\\/mavi-logo.png\",\"width\":301,\"height\":81,\"caption\":\"MAV\u0130 HABER\"},\"image\":{\"@id\":\"https:\\\/\\\/www.mavihaber.com.tr\\\/#\\\/schema\\\/logo\\\/image\\\/\"},\"sameAs\":[\"https:\\\/\\\/www.facebook.com\\\/ceyhan.mavi.142\\\/\",\"https:\\\/\\\/x.com\\\/ceyhanmavihaber\",\"https:\\\/\\\/www.instagram.com\\\/ceyhanmavihaber\\\/\",\"https:\\\/\\\/www.youtube.com\\\/channel\\\/UCJQ-0-AFgj2GjI269QDUwNw\"]},{\"@type\":\"Person\",\"@id\":\"https:\\\/\\\/www.mavihaber.com.tr\\\/#\\\/schema\\\/person\\\/dd7a0a39b6b2d5cc1609c32154b07a7d\",\"name\":\"\u0130zzet AYDEM\u0130R\",\"image\":{\"@type\":\"ImageObject\",\"inLanguage\":\"tr\",\"@id\":\"https:\\\/\\\/secure.gravatar.com\\\/avatar\\\/320a36bef556c371376115ba1e7491216472a73c7b42710d508168617c47b64f?s=96&d=mm&r=g\",\"url\":\"https:\\\/\\\/secure.gravatar.com\\\/avatar\\\/320a36bef556c371376115ba1e7491216472a73c7b42710d508168617c47b64f?s=96&d=mm&r=g\",\"contentUrl\":\"https:\\\/\\\/secure.gravatar.com\\\/avatar\\\/320a36bef556c371376115ba1e7491216472a73c7b42710d508168617c47b64f?s=96&d=mm&r=g\",\"caption\":\"\u0130zzet AYDEM\u0130R\"},\"sameAs\":[\"http:\\\/\\\/www.mavihaber.com.tr\"],\"url\":\"https:\\\/\\\/www.mavihaber.com.tr\\\/?author=5\"}]}<\/script>\n<!-- \/ Yoast SEO plugin. -->","yoast_head_json":{"title":"CHP\u2019li Bulut\u2019tan \u2018\u0130BB Kumpas Davas\u0131\u2019 Tepkisi - MAV\u0130 HABER","robots":{"index":"index","follow":"follow","max-snippet":"max-snippet:-1","max-image-preview":"max-image-preview:large","max-video-preview":"max-video-preview:-1"},"canonical":"https:\/\/www.mavihaber.com.tr\/?p=21294","og_locale":"tr_TR","og_type":"article","og_title":"CHP\u2019li Bulut\u2019tan \u2018\u0130BB Kumpas Davas\u0131\u2019 Tepkisi - MAV\u0130 HABER","og_description":"CHP\u2019li Bulut\u2019tan \u2018\u0130BB Kumpas Davas\u0131\u2019 Tepkisi: \u201c\u00d6zg\u00fcr Bas\u0131n Yoksa Adalet de Yoktur!\u201d CHP Medya ve Halkla \u0130li\u015fkilerden Sorumlu Genel Ba\u015fkan","og_url":"https:\/\/www.mavihaber.com.tr\/?p=21294","og_site_name":"MAV\u0130 HABER","article_publisher":"https:\/\/www.facebook.com\/ceyhan.mavi.142\/","article_published_time":"2026-03-25T07:33:44+00:00","article_modified_time":"2026-03-25T07:37:13+00:00","og_image":[{"url":"https:\/\/www.mavihaber.com.tr\/wp-content\/uploads\/2026\/03\/Isimsiz-1-2.jpg","width":600,"height":400,"type":"image\/jpeg"}],"author":"\u0130zzet AYDEM\u0130R","twitter_card":"summary_large_image","twitter_creator":"@ceyhanmavihaber","twitter_site":"@ceyhanmavihaber","twitter_misc":{"Yazan:":"\u0130zzet AYDEM\u0130R","Tahmini okuma s\u00fcresi":"2 dakika"},"schema":{"@context":"https:\/\/schema.org","@graph":[{"@type":"Article","@id":"https:\/\/www.mavihaber.com.tr\/?p=21294#article","isPartOf":{"@id":"https:\/\/www.mavihaber.com.tr\/?p=21294"},"author":{"name":"\u0130zzet AYDEM\u0130R","@id":"https:\/\/www.mavihaber.com.tr\/#\/schema\/person\/dd7a0a39b6b2d5cc1609c32154b07a7d"},"headline":"CHP\u2019li Bulut\u2019tan \u2018\u0130BB Kumpas Davas\u0131\u2019 Tepkisi","datePublished":"2026-03-25T07:33:44+00:00","dateModified":"2026-03-25T07:37:13+00:00","mainEntityOfPage":{"@id":"https:\/\/www.mavihaber.com.tr\/?p=21294"},"wordCount":386,"commentCount":0,"publisher":{"@id":"https:\/\/www.mavihaber.com.tr\/#organization"},"image":{"@id":"https:\/\/www.mavihaber.com.tr\/?p=21294#primaryimage"},"thumbnailUrl":"https:\/\/www.mavihaber.com.tr\/wp-content\/uploads\/2026\/03\/Isimsiz-1-2.jpg","articleSection":["Adana Kulis","ASAY\u0130\u015e","Ceyhan","ED\u0130T\u00d6R\u00dcN SE\u00c7T\u0130KLER\u0130","E\u011fitim","Ekonomi","G\u00fcndem","Siyaset","Son Dakika","Ya\u015fam"],"inLanguage":"tr","potentialAction":[{"@type":"CommentAction","name":"Comment","target":["https:\/\/www.mavihaber.com.tr\/?p=21294#respond"]}]},{"@type":"WebPage","@id":"https:\/\/www.mavihaber.com.tr\/?p=21294","url":"https:\/\/www.mavihaber.com.tr\/?p=21294","name":"CHP\u2019li Bulut\u2019tan \u2018\u0130BB Kumpas Davas\u0131\u2019 Tepkisi - MAV\u0130 HABER","isPartOf":{"@id":"https:\/\/www.mavihaber.com.tr\/#website"},"primaryImageOfPage":{"@id":"https:\/\/www.mavihaber.com.tr\/?p=21294#primaryimage"},"image":{"@id":"https:\/\/www.mavihaber.com.tr\/?p=21294#primaryimage"},"thumbnailUrl":"https:\/\/www.mavihaber.com.tr\/wp-content\/uploads\/2026\/03\/Isimsiz-1-2.jpg","datePublished":"2026-03-25T07:33:44+00:00","dateModified":"2026-03-25T07:37:13+00:00","breadcrumb":{"@id":"https:\/\/www.mavihaber.com.tr\/?p=21294#breadcrumb"},"inLanguage":"tr","potentialAction":[{"@type":"ReadAction","target":["https:\/\/www.mavihaber.com.tr\/?p=21294"]}]},{"@type":"ImageObject","inLanguage":"tr","@id":"https:\/\/www.mavihaber.com.tr\/?p=21294#primaryimage","url":"https:\/\/www.mavihaber.com.tr\/wp-content\/uploads\/2026\/03\/Isimsiz-1-2.jpg","contentUrl":"https:\/\/www.mavihaber.com.tr\/wp-content\/uploads\/2026\/03\/Isimsiz-1-2.jpg","width":600,"height":400},{"@type":"BreadcrumbList","@id":"https:\/\/www.mavihaber.com.tr\/?p=21294#breadcrumb","itemListElement":[{"@type":"ListItem","position":1,"name":"Anasayfa","item":"https:\/\/www.mavihaber.com.tr\/"},{"@type":"ListItem","position":2,"name":"CHP\u2019li Bulut\u2019tan \u2018\u0130BB Kumpas Davas\u0131\u2019 Tepkisi"}]},{"@type":"WebSite","@id":"https:\/\/www.mavihaber.com.tr\/#website","url":"https:\/\/www.mavihaber.com.tr\/","name":"MAV\u0130 HABER","description":"S&Ouml;Z U&Ccedil;AR YAZI KALIR","publisher":{"@id":"https:\/\/www.mavihaber.com.tr\/#organization"},"potentialAction":[{"@type":"SearchAction","target":{"@type":"EntryPoint","urlTemplate":"https:\/\/www.mavihaber.com.tr\/?s={search_term_string}"},"query-input":{"@type":"PropertyValueSpecification","valueRequired":true,"valueName":"search_term_string"}}],"inLanguage":"tr"},{"@type":"Organization","@id":"https:\/\/www.mavihaber.com.tr\/#organization","name":"MAV\u0130 HABER","url":"https:\/\/www.mavihaber.com.tr\/","logo":{"@type":"ImageObject","inLanguage":"tr","@id":"https:\/\/www.mavihaber.com.tr\/#\/schema\/logo\/image\/","url":"http:\/\/www.mavihaber.com.tr\/wp-content\/uploads\/2022\/02\/mavi-logo.png","contentUrl":"http:\/\/www.mavihaber.com.tr\/wp-content\/uploads\/2022\/02\/mavi-logo.png","width":301,"height":81,"caption":"MAV\u0130 HABER"},"image":{"@id":"https:\/\/www.mavihaber.com.tr\/#\/schema\/logo\/image\/"},"sameAs":["https:\/\/www.facebook.com\/ceyhan.mavi.142\/","https:\/\/x.com\/ceyhanmavihaber","https:\/\/www.instagram.com\/ceyhanmavihaber\/","https:\/\/www.youtube.com\/channel\/UCJQ-0-AFgj2GjI269QDUwNw"]},{"@type":"Person","@id":"https:\/\/www.mavihaber.com.tr\/#\/schema\/person\/dd7a0a39b6b2d5cc1609c32154b07a7d","name":"\u0130zzet AYDEM\u0130R","image":{"@type":"ImageObject","inLanguage":"tr","@id":"https:\/\/secure.gravatar.com\/avatar\/320a36bef556c371376115ba1e7491216472a73c7b42710d508168617c47b64f?s=96&d=mm&r=g","url":"https:\/\/secure.gravatar.com\/avatar\/320a36bef556c371376115ba1e7491216472a73c7b42710d508168617c47b64f?s=96&d=mm&r=g","contentUrl":"https:\/\/secure.gravatar.com\/avatar\/320a36bef556c371376115ba1e7491216472a73c7b42710d508168617c47b64f?s=96&d=mm&r=g","caption":"\u0130zzet AYDEM\u0130R"},"sameAs":["http:\/\/www.mavihaber.com.tr"],"url":"https:\/\/www.mavihaber.com.tr\/?author=5"}]}},"views":439,"_links":{"self":[{"href":"https:\/\/www.mavihaber.com.tr\/index.php?rest_route=\/wp\/v2\/posts\/21294","targetHints":{"allow":["GET"]}}],"collection":[{"href":"https:\/\/www.mavihaber.com.tr\/index.php?rest_route=\/wp\/v2\/posts"}],"about":[{"href":"https:\/\/www.mavihaber.com.tr\/index.php?rest_route=\/wp\/v2\/types\/post"}],"author":[{"embeddable":true,"href":"https:\/\/www.mavihaber.com.tr\/index.php?rest_route=\/wp\/v2\/users\/5"}],"replies":[{"embeddable":true,"href":"https:\/\/www.mavihaber.com.tr\/index.php?rest_route=%2Fwp%2Fv2%2Fcomments&post=21294"}],"version-history":[{"count":3,"href":"https:\/\/www.mavihaber.com.tr\/index.php?rest_route=\/wp\/v2\/posts\/21294\/revisions"}],"predecessor-version":[{"id":21298,"href":"https:\/\/www.mavihaber.com.tr\/index.php?rest_route=\/wp\/v2\/posts\/21294\/revisions\/21298"}],"wp:featuredmedia":[{"embeddable":true,"href":"https:\/\/www.mavihaber.com.tr\/index.php?rest_route=\/wp\/v2\/media\/21295"}],"wp:attachment":[{"href":"https:\/\/www.mavihaber.com.tr\/index.php?rest_route=%2Fwp%2Fv2%2Fmedia&parent=21294"}],"wp:term":[{"taxonomy":"category","embeddable":true,"href":"https:\/\/www.mavihaber.com.tr\/index.php?rest_route=%2Fwp%2Fv2%2Fcategories&post=21294"},{"taxonomy":"post_tag","embeddable":true,"href":"https:\/\/www.mavihaber.com.tr\/index.php?rest_route=%2Fwp%2Fv2%2Ftags&post=21294"}],"curies":[{"name":"wp","href":"https:\/\/api.w.org\/{rel}","templated":true}]}}