{"id":21337,"date":"2026-03-30T08:56:05","date_gmt":"2026-03-30T08:56:05","guid":{"rendered":"https:\/\/www.mavihaber.com.tr\/?p=21337"},"modified":"2026-03-30T08:56:05","modified_gmt":"2026-03-30T08:56:05","slug":"ceyhanda-degisim-tartismasi","status":"publish","type":"post","link":"https:\/\/www.mavihaber.com.tr\/?p=21337","title":{"rendered":"Ceyhan\u2019da \u2018DE\u011e\u0130\u015e\u0130M\u2019 Tart\u0131\u015fmas\u0131"},"content":{"rendered":"<p><img loading=\"lazy\" decoding=\"async\" class=\"alignnone wp-image-21338 size-large\" src=\"https:\/\/www.mavihaber.com.tr\/wp-content\/uploads\/2026\/03\/WhatsApp-Image-2026-03-30-at-11.51.31-1024x683.jpeg\" alt=\"\" width=\"1024\" height=\"683\" srcset=\"https:\/\/www.mavihaber.com.tr\/wp-content\/uploads\/2026\/03\/WhatsApp-Image-2026-03-30-at-11.51.31-1024x683.jpeg 1024w, https:\/\/www.mavihaber.com.tr\/wp-content\/uploads\/2026\/03\/WhatsApp-Image-2026-03-30-at-11.51.31-300x200.jpeg 300w, https:\/\/www.mavihaber.com.tr\/wp-content\/uploads\/2026\/03\/WhatsApp-Image-2026-03-30-at-11.51.31-768x512.jpeg 768w, https:\/\/www.mavihaber.com.tr\/wp-content\/uploads\/2026\/03\/WhatsApp-Image-2026-03-30-at-11.51.31.jpeg 1536w\" sizes=\"auto, (max-width: 1024px) 100vw, 1024px\" \/><\/p>\n<p>Adana\u2019n\u0131n Ceyhan il\u00e7esinde \u015eof\u00f6rler ve Otomobilciler Odas\u0131 se\u00e7imleri sonras\u0131 \u201cde\u011fi\u015fim\u201d tart\u0131\u015fmalar\u0131 g\u00fcndeme geldi. Se\u00e7ime \u201cde\u011fi\u015fim\u201d slogan\u0131yla giren Cihan Aksu\u2019nun ba\u015fkanl\u0131\u011f\u0131 kazanmas\u0131, il\u00e7ede yeni bir s\u00fcrecin ba\u015flay\u0131p ba\u015flamad\u0131\u011f\u0131 sorular\u0131n\u0131 beraberinde getirdi.<\/p>\n<p>Uzun y\u0131llard\u0131r ba\u015fkanl\u0131k g\u00f6revini s\u00fcrd\u00fcren \u00dcnal Kurt\u2019un kar\u015f\u0131s\u0131nda kazan\u0131lan bu se\u00e7im, sadece bir oda de\u011fi\u015fimi olarak de\u011fil, Ceyhan genelinde bir k\u0131r\u0131lma noktas\u0131 olarak yorumlan\u0131yor. 1989 y\u0131l\u0131ndan bu yana benzer y\u00f6netim anlay\u0131\u015f\u0131n\u0131n h\u00e2kim oldu\u011fu yap\u0131da ya\u015fanan bu sonu\u00e7, \u201cde\u011fi\u015fim ba\u015flad\u0131 m\u0131?\u201d sorusunu beraberinde getirdi.<\/p>\n<p>\u015eof\u00f6rler Odas\u0131\u2019nda ya\u015fanan bu geli\u015fmenin, il\u00e7edeki di\u011fer sivil toplum kurulu\u015flar\u0131na da yans\u0131yabilece\u011fi ifade ediliyor. Kamuoyunda, \u00f6zellikle \u00f6n\u00fcm\u00fczdeki d\u00f6nemde yap\u0131lmas\u0131 planlanan Ceyhan Ticaret Odas\u0131 ve Ceyhan Ticaret Borsas\u0131 se\u00e7imleri \u00f6ncesinde benzer bir de\u011fi\u015fim ya\u015fan\u0131p ya\u015fanmayaca\u011f\u0131 tart\u0131\u015f\u0131lmaya ba\u015fland\u0131.<\/p>\n<p>Uzmanlar ve yerel g\u00f6zlemciler, \u015eof\u00f6rler Odas\u0131 se\u00e7im sonucunun il\u00e7edeki dengeleri etkileyebilece\u011fini belirtirken, g\u00f6zler \u015fimdi yap\u0131lacak di\u011fer oda se\u00e7imlerine \u00e7evrildi.<\/p>\n<p>&nbsp;<\/p>\n<p><strong>YAZARIN NOTU:<\/strong><br \/>\nCeyhan\u2019da Bir Kap\u0131 Araland\u0131 m\u0131?<\/p>\n<p>Ceyhan\u2019da y\u0131llard\u0131r \u00e7ok fazla de\u011fi\u015fmeyen dengeler, \u015eof\u00f6rler Odas\u0131 se\u00e7imleriyle birlikte yeniden tart\u0131\u015f\u0131lmaya ba\u015fland\u0131. Cihan Aksu\u2019nun \u201cde\u011fi\u015fim\u201d slogan\u0131yla \u00e7\u0131kt\u0131\u011f\u0131 yolda ba\u015far\u0131ya ula\u015fmas\u0131, sadece bir se\u00e7im sonucu de\u011fil; ayn\u0131 zamanda bir mesaj olarak da okunmal\u0131.<\/p>\n<p>Uzun s\u00fcredir ayn\u0131 isimlerle y\u00f6netilen yap\u0131larda se\u00e7menin farkl\u0131 bir tercih ortaya koymas\u0131, asl\u0131nda bir beklentinin d\u0131\u015fa vurumu olabilir. Bu beklenti sadece \u015eof\u00f6rler Odas\u0131 ile s\u0131n\u0131rl\u0131 kal\u0131r m\u0131, yoksa di\u011fer odalara da s\u0131\u00e7rar m\u0131? Bilinmez.<br \/>\n\u00d6n\u00fcm\u00fczde Ticaret Odas\u0131 ve Ticaret Borsas\u0131 se\u00e7imleri var. As\u0131l soru \u015fu: Ceyhan\u2019da de\u011fi\u015fim bir istisna m\u0131, yoksa ba\u015flang\u0131\u00e7 m\u0131?<\/p>\n","protected":false},"excerpt":{"rendered":"<p>Adana\u2019n\u0131n Ceyhan il\u00e7esinde \u015eof\u00f6rler ve Otomobilciler Odas\u0131 se\u00e7imleri sonras\u0131 \u201cde\u011fi\u015fim\u201d tart\u0131\u015fmalar\u0131 g\u00fcndeme geldi. Se\u00e7ime \u201cde\u011fi\u015fim\u201d slogan\u0131yla giren Cihan Aksu\u2019nun ba\u015fkanl\u0131\u011f\u0131<\/p>\n","protected":false},"author":5,"featured_media":21338,"comment_status":"open","ping_status":"open","sticky":false,"template":"","format":"standard","meta":{"footnotes":""},"categories":[26,8,10,18],"tags":[],"class_list":["post-21337","post","type-post","status-publish","format-standard","has-post-thumbnail","hentry","category-ceyhan","category-ekonomi","category-gundem","category-yasam"],"yoast_head":"<!-- This site is optimized with the Yoast SEO plugin v28.2 - https:\/\/yoast.com\/product\/yoast-seo-wordpress\/ -->\n<title>Ceyhan\u2019da \u2018DE\u011e\u0130\u015e\u0130M\u2019 Tart\u0131\u015fmas\u0131 - MAV\u0130 HABER<\/title>\n<meta name=\"robots\" content=\"index, follow, max-snippet:-1, max-image-preview:large, max-video-preview:-1\" \/>\n<link rel=\"canonical\" href=\"https:\/\/www.mavihaber.com.tr\/?p=21337\" \/>\n<meta property=\"og:locale\" content=\"tr_TR\" \/>\n<meta property=\"og:type\" content=\"article\" \/>\n<meta property=\"og:title\" content=\"Ceyhan\u2019da \u2018DE\u011e\u0130\u015e\u0130M\u2019 Tart\u0131\u015fmas\u0131 - MAV\u0130 HABER\" \/>\n<meta property=\"og:description\" content=\"Adana\u2019n\u0131n Ceyhan il\u00e7esinde \u015eof\u00f6rler ve Otomobilciler Odas\u0131 se\u00e7imleri sonras\u0131 \u201cde\u011fi\u015fim\u201d tart\u0131\u015fmalar\u0131 g\u00fcndeme geldi. Se\u00e7ime \u201cde\u011fi\u015fim\u201d slogan\u0131yla giren Cihan Aksu\u2019nun ba\u015fkanl\u0131\u011f\u0131\" \/>\n<meta property=\"og:url\" content=\"https:\/\/www.mavihaber.com.tr\/?p=21337\" \/>\n<meta property=\"og:site_name\" content=\"MAV\u0130 HABER\" \/>\n<meta property=\"article:publisher\" content=\"https:\/\/www.facebook.com\/ceyhan.mavi.142\/\" \/>\n<meta property=\"article:published_time\" content=\"2026-03-30T08:56:05+00:00\" \/>\n<meta property=\"og:image\" content=\"https:\/\/www.mavihaber.com.tr\/wp-content\/uploads\/2026\/03\/WhatsApp-Image-2026-03-30-at-11.51.31.jpeg\" \/>\n\t<meta property=\"og:image:width\" content=\"1536\" \/>\n\t<meta property=\"og:image:height\" content=\"1024\" \/>\n\t<meta property=\"og:image:type\" content=\"image\/jpeg\" \/>\n<meta name=\"author\" content=\"\u0130zzet AYDEM\u0130R\" \/>\n<meta name=\"twitter:card\" content=\"summary_large_image\" \/>\n<meta name=\"twitter:creator\" content=\"@ceyhanmavihaber\" \/>\n<meta name=\"twitter:site\" content=\"@ceyhanmavihaber\" \/>\n<meta name=\"twitter:label1\" content=\"Yazan:\" \/>\n\t<meta name=\"twitter:data1\" content=\"\u0130zzet AYDEM\u0130R\" \/>\n\t<meta name=\"twitter:label2\" content=\"Tahmini okuma s\u00fcresi\" \/>\n\t<meta name=\"twitter:data2\" content=\"2 dakika\" \/>\n<script type=\"application\/ld+json\" class=\"yoast-schema-graph\">{\"@context\":\"https:\\\/\\\/schema.org\",\"@graph\":[{\"@type\":\"Article\",\"@id\":\"https:\\\/\\\/www.mavihaber.com.tr\\\/?p=21337#article\",\"isPartOf\":{\"@id\":\"https:\\\/\\\/www.mavihaber.com.tr\\\/?p=21337\"},\"author\":{\"name\":\"\u0130zzet AYDEM\u0130R\",\"@id\":\"https:\\\/\\\/www.mavihaber.com.tr\\\/#\\\/schema\\\/person\\\/dd7a0a39b6b2d5cc1609c32154b07a7d\"},\"headline\":\"Ceyhan\u2019da \u2018DE\u011e\u0130\u015e\u0130M\u2019 Tart\u0131\u015fmas\u0131\",\"datePublished\":\"2026-03-30T08:56:05+00:00\",\"mainEntityOfPage\":{\"@id\":\"https:\\\/\\\/www.mavihaber.com.tr\\\/?p=21337\"},\"wordCount\":348,\"commentCount\":0,\"publisher\":{\"@id\":\"https:\\\/\\\/www.mavihaber.com.tr\\\/#organization\"},\"image\":{\"@id\":\"https:\\\/\\\/www.mavihaber.com.tr\\\/?p=21337#primaryimage\"},\"thumbnailUrl\":\"https:\\\/\\\/www.mavihaber.com.tr\\\/wp-content\\\/uploads\\\/2026\\\/03\\\/WhatsApp-Image-2026-03-30-at-11.51.31.jpeg\",\"articleSection\":[\"Ceyhan\",\"Ekonomi\",\"G\u00fcndem\",\"Ya\u015fam\"],\"inLanguage\":\"tr\",\"potentialAction\":[{\"@type\":\"CommentAction\",\"name\":\"Comment\",\"target\":[\"https:\\\/\\\/www.mavihaber.com.tr\\\/?p=21337#respond\"]}]},{\"@type\":\"WebPage\",\"@id\":\"https:\\\/\\\/www.mavihaber.com.tr\\\/?p=21337\",\"url\":\"https:\\\/\\\/www.mavihaber.com.tr\\\/?p=21337\",\"name\":\"Ceyhan\u2019da \u2018DE\u011e\u0130\u015e\u0130M\u2019 Tart\u0131\u015fmas\u0131 - MAV\u0130 HABER\",\"isPartOf\":{\"@id\":\"https:\\\/\\\/www.mavihaber.com.tr\\\/#website\"},\"primaryImageOfPage\":{\"@id\":\"https:\\\/\\\/www.mavihaber.com.tr\\\/?p=21337#primaryimage\"},\"image\":{\"@id\":\"https:\\\/\\\/www.mavihaber.com.tr\\\/?p=21337#primaryimage\"},\"thumbnailUrl\":\"https:\\\/\\\/www.mavihaber.com.tr\\\/wp-content\\\/uploads\\\/2026\\\/03\\\/WhatsApp-Image-2026-03-30-at-11.51.31.jpeg\",\"datePublished\":\"2026-03-30T08:56:05+00:00\",\"breadcrumb\":{\"@id\":\"https:\\\/\\\/www.mavihaber.com.tr\\\/?p=21337#breadcrumb\"},\"inLanguage\":\"tr\",\"potentialAction\":[{\"@type\":\"ReadAction\",\"target\":[\"https:\\\/\\\/www.mavihaber.com.tr\\\/?p=21337\"]}]},{\"@type\":\"ImageObject\",\"inLanguage\":\"tr\",\"@id\":\"https:\\\/\\\/www.mavihaber.com.tr\\\/?p=21337#primaryimage\",\"url\":\"https:\\\/\\\/www.mavihaber.com.tr\\\/wp-content\\\/uploads\\\/2026\\\/03\\\/WhatsApp-Image-2026-03-30-at-11.51.31.jpeg\",\"contentUrl\":\"https:\\\/\\\/www.mavihaber.com.tr\\\/wp-content\\\/uploads\\\/2026\\\/03\\\/WhatsApp-Image-2026-03-30-at-11.51.31.jpeg\",\"width\":1536,\"height\":1024},{\"@type\":\"BreadcrumbList\",\"@id\":\"https:\\\/\\\/www.mavihaber.com.tr\\\/?p=21337#breadcrumb\",\"itemListElement\":[{\"@type\":\"ListItem\",\"position\":1,\"name\":\"Anasayfa\",\"item\":\"https:\\\/\\\/www.mavihaber.com.tr\\\/\"},{\"@type\":\"ListItem\",\"position\":2,\"name\":\"Ceyhan\u2019da \u2018DE\u011e\u0130\u015e\u0130M\u2019 Tart\u0131\u015fmas\u0131\"}]},{\"@type\":\"WebSite\",\"@id\":\"https:\\\/\\\/www.mavihaber.com.tr\\\/#website\",\"url\":\"https:\\\/\\\/www.mavihaber.com.tr\\\/\",\"name\":\"MAV\u0130 HABER\",\"description\":\"S&Ouml;Z U&Ccedil;AR YAZI KALIR\",\"publisher\":{\"@id\":\"https:\\\/\\\/www.mavihaber.com.tr\\\/#organization\"},\"potentialAction\":[{\"@type\":\"SearchAction\",\"target\":{\"@type\":\"EntryPoint\",\"urlTemplate\":\"https:\\\/\\\/www.mavihaber.com.tr\\\/?s={search_term_string}\"},\"query-input\":{\"@type\":\"PropertyValueSpecification\",\"valueRequired\":true,\"valueName\":\"search_term_string\"}}],\"inLanguage\":\"tr\"},{\"@type\":\"Organization\",\"@id\":\"https:\\\/\\\/www.mavihaber.com.tr\\\/#organization\",\"name\":\"MAV\u0130 HABER\",\"url\":\"https:\\\/\\\/www.mavihaber.com.tr\\\/\",\"logo\":{\"@type\":\"ImageObject\",\"inLanguage\":\"tr\",\"@id\":\"https:\\\/\\\/www.mavihaber.com.tr\\\/#\\\/schema\\\/logo\\\/image\\\/\",\"url\":\"http:\\\/\\\/www.mavihaber.com.tr\\\/wp-content\\\/uploads\\\/2022\\\/02\\\/mavi-logo.png\",\"contentUrl\":\"http:\\\/\\\/www.mavihaber.com.tr\\\/wp-content\\\/uploads\\\/2022\\\/02\\\/mavi-logo.png\",\"width\":301,\"height\":81,\"caption\":\"MAV\u0130 HABER\"},\"image\":{\"@id\":\"https:\\\/\\\/www.mavihaber.com.tr\\\/#\\\/schema\\\/logo\\\/image\\\/\"},\"sameAs\":[\"https:\\\/\\\/www.facebook.com\\\/ceyhan.mavi.142\\\/\",\"https:\\\/\\\/x.com\\\/ceyhanmavihaber\",\"https:\\\/\\\/www.instagram.com\\\/ceyhanmavihaber\\\/\",\"https:\\\/\\\/www.youtube.com\\\/channel\\\/UCJQ-0-AFgj2GjI269QDUwNw\"]},{\"@type\":\"Person\",\"@id\":\"https:\\\/\\\/www.mavihaber.com.tr\\\/#\\\/schema\\\/person\\\/dd7a0a39b6b2d5cc1609c32154b07a7d\",\"name\":\"\u0130zzet AYDEM\u0130R\",\"image\":{\"@type\":\"ImageObject\",\"inLanguage\":\"tr\",\"@id\":\"https:\\\/\\\/secure.gravatar.com\\\/avatar\\\/320a36bef556c371376115ba1e7491216472a73c7b42710d508168617c47b64f?s=96&d=mm&r=g\",\"url\":\"https:\\\/\\\/secure.gravatar.com\\\/avatar\\\/320a36bef556c371376115ba1e7491216472a73c7b42710d508168617c47b64f?s=96&d=mm&r=g\",\"contentUrl\":\"https:\\\/\\\/secure.gravatar.com\\\/avatar\\\/320a36bef556c371376115ba1e7491216472a73c7b42710d508168617c47b64f?s=96&d=mm&r=g\",\"caption\":\"\u0130zzet AYDEM\u0130R\"},\"sameAs\":[\"http:\\\/\\\/www.mavihaber.com.tr\"],\"url\":\"https:\\\/\\\/www.mavihaber.com.tr\\\/?author=5\"}]}<\/script>\n<!-- \/ Yoast SEO plugin. -->","yoast_head_json":{"title":"Ceyhan\u2019da \u2018DE\u011e\u0130\u015e\u0130M\u2019 Tart\u0131\u015fmas\u0131 - MAV\u0130 HABER","robots":{"index":"index","follow":"follow","max-snippet":"max-snippet:-1","max-image-preview":"max-image-preview:large","max-video-preview":"max-video-preview:-1"},"canonical":"https:\/\/www.mavihaber.com.tr\/?p=21337","og_locale":"tr_TR","og_type":"article","og_title":"Ceyhan\u2019da \u2018DE\u011e\u0130\u015e\u0130M\u2019 Tart\u0131\u015fmas\u0131 - MAV\u0130 HABER","og_description":"Adana\u2019n\u0131n Ceyhan il\u00e7esinde \u015eof\u00f6rler ve Otomobilciler Odas\u0131 se\u00e7imleri sonras\u0131 \u201cde\u011fi\u015fim\u201d tart\u0131\u015fmalar\u0131 g\u00fcndeme geldi. Se\u00e7ime \u201cde\u011fi\u015fim\u201d slogan\u0131yla giren Cihan Aksu\u2019nun ba\u015fkanl\u0131\u011f\u0131","og_url":"https:\/\/www.mavihaber.com.tr\/?p=21337","og_site_name":"MAV\u0130 HABER","article_publisher":"https:\/\/www.facebook.com\/ceyhan.mavi.142\/","article_published_time":"2026-03-30T08:56:05+00:00","og_image":[{"width":1536,"height":1024,"url":"https:\/\/www.mavihaber.com.tr\/wp-content\/uploads\/2026\/03\/WhatsApp-Image-2026-03-30-at-11.51.31.jpeg","type":"image\/jpeg"}],"author":"\u0130zzet AYDEM\u0130R","twitter_card":"summary_large_image","twitter_creator":"@ceyhanmavihaber","twitter_site":"@ceyhanmavihaber","twitter_misc":{"Yazan:":"\u0130zzet AYDEM\u0130R","Tahmini okuma s\u00fcresi":"2 dakika"},"schema":{"@context":"https:\/\/schema.org","@graph":[{"@type":"Article","@id":"https:\/\/www.mavihaber.com.tr\/?p=21337#article","isPartOf":{"@id":"https:\/\/www.mavihaber.com.tr\/?p=21337"},"author":{"name":"\u0130zzet AYDEM\u0130R","@id":"https:\/\/www.mavihaber.com.tr\/#\/schema\/person\/dd7a0a39b6b2d5cc1609c32154b07a7d"},"headline":"Ceyhan\u2019da \u2018DE\u011e\u0130\u015e\u0130M\u2019 Tart\u0131\u015fmas\u0131","datePublished":"2026-03-30T08:56:05+00:00","mainEntityOfPage":{"@id":"https:\/\/www.mavihaber.com.tr\/?p=21337"},"wordCount":348,"commentCount":0,"publisher":{"@id":"https:\/\/www.mavihaber.com.tr\/#organization"},"image":{"@id":"https:\/\/www.mavihaber.com.tr\/?p=21337#primaryimage"},"thumbnailUrl":"https:\/\/www.mavihaber.com.tr\/wp-content\/uploads\/2026\/03\/WhatsApp-Image-2026-03-30-at-11.51.31.jpeg","articleSection":["Ceyhan","Ekonomi","G\u00fcndem","Ya\u015fam"],"inLanguage":"tr","potentialAction":[{"@type":"CommentAction","name":"Comment","target":["https:\/\/www.mavihaber.com.tr\/?p=21337#respond"]}]},{"@type":"WebPage","@id":"https:\/\/www.mavihaber.com.tr\/?p=21337","url":"https:\/\/www.mavihaber.com.tr\/?p=21337","name":"Ceyhan\u2019da \u2018DE\u011e\u0130\u015e\u0130M\u2019 Tart\u0131\u015fmas\u0131 - MAV\u0130 HABER","isPartOf":{"@id":"https:\/\/www.mavihaber.com.tr\/#website"},"primaryImageOfPage":{"@id":"https:\/\/www.mavihaber.com.tr\/?p=21337#primaryimage"},"image":{"@id":"https:\/\/www.mavihaber.com.tr\/?p=21337#primaryimage"},"thumbnailUrl":"https:\/\/www.mavihaber.com.tr\/wp-content\/uploads\/2026\/03\/WhatsApp-Image-2026-03-30-at-11.51.31.jpeg","datePublished":"2026-03-30T08:56:05+00:00","breadcrumb":{"@id":"https:\/\/www.mavihaber.com.tr\/?p=21337#breadcrumb"},"inLanguage":"tr","potentialAction":[{"@type":"ReadAction","target":["https:\/\/www.mavihaber.com.tr\/?p=21337"]}]},{"@type":"ImageObject","inLanguage":"tr","@id":"https:\/\/www.mavihaber.com.tr\/?p=21337#primaryimage","url":"https:\/\/www.mavihaber.com.tr\/wp-content\/uploads\/2026\/03\/WhatsApp-Image-2026-03-30-at-11.51.31.jpeg","contentUrl":"https:\/\/www.mavihaber.com.tr\/wp-content\/uploads\/2026\/03\/WhatsApp-Image-2026-03-30-at-11.51.31.jpeg","width":1536,"height":1024},{"@type":"BreadcrumbList","@id":"https:\/\/www.mavihaber.com.tr\/?p=21337#breadcrumb","itemListElement":[{"@type":"ListItem","position":1,"name":"Anasayfa","item":"https:\/\/www.mavihaber.com.tr\/"},{"@type":"ListItem","position":2,"name":"Ceyhan\u2019da \u2018DE\u011e\u0130\u015e\u0130M\u2019 Tart\u0131\u015fmas\u0131"}]},{"@type":"WebSite","@id":"https:\/\/www.mavihaber.com.tr\/#website","url":"https:\/\/www.mavihaber.com.tr\/","name":"MAV\u0130 HABER","description":"S&Ouml;Z U&Ccedil;AR YAZI KALIR","publisher":{"@id":"https:\/\/www.mavihaber.com.tr\/#organization"},"potentialAction":[{"@type":"SearchAction","target":{"@type":"EntryPoint","urlTemplate":"https:\/\/www.mavihaber.com.tr\/?s={search_term_string}"},"query-input":{"@type":"PropertyValueSpecification","valueRequired":true,"valueName":"search_term_string"}}],"inLanguage":"tr"},{"@type":"Organization","@id":"https:\/\/www.mavihaber.com.tr\/#organization","name":"MAV\u0130 HABER","url":"https:\/\/www.mavihaber.com.tr\/","logo":{"@type":"ImageObject","inLanguage":"tr","@id":"https:\/\/www.mavihaber.com.tr\/#\/schema\/logo\/image\/","url":"http:\/\/www.mavihaber.com.tr\/wp-content\/uploads\/2022\/02\/mavi-logo.png","contentUrl":"http:\/\/www.mavihaber.com.tr\/wp-content\/uploads\/2022\/02\/mavi-logo.png","width":301,"height":81,"caption":"MAV\u0130 HABER"},"image":{"@id":"https:\/\/www.mavihaber.com.tr\/#\/schema\/logo\/image\/"},"sameAs":["https:\/\/www.facebook.com\/ceyhan.mavi.142\/","https:\/\/x.com\/ceyhanmavihaber","https:\/\/www.instagram.com\/ceyhanmavihaber\/","https:\/\/www.youtube.com\/channel\/UCJQ-0-AFgj2GjI269QDUwNw"]},{"@type":"Person","@id":"https:\/\/www.mavihaber.com.tr\/#\/schema\/person\/dd7a0a39b6b2d5cc1609c32154b07a7d","name":"\u0130zzet AYDEM\u0130R","image":{"@type":"ImageObject","inLanguage":"tr","@id":"https:\/\/secure.gravatar.com\/avatar\/320a36bef556c371376115ba1e7491216472a73c7b42710d508168617c47b64f?s=96&d=mm&r=g","url":"https:\/\/secure.gravatar.com\/avatar\/320a36bef556c371376115ba1e7491216472a73c7b42710d508168617c47b64f?s=96&d=mm&r=g","contentUrl":"https:\/\/secure.gravatar.com\/avatar\/320a36bef556c371376115ba1e7491216472a73c7b42710d508168617c47b64f?s=96&d=mm&r=g","caption":"\u0130zzet AYDEM\u0130R"},"sameAs":["http:\/\/www.mavihaber.com.tr"],"url":"https:\/\/www.mavihaber.com.tr\/?author=5"}]}},"views":553,"_links":{"self":[{"href":"https:\/\/www.mavihaber.com.tr\/index.php?rest_route=\/wp\/v2\/posts\/21337","targetHints":{"allow":["GET"]}}],"collection":[{"href":"https:\/\/www.mavihaber.com.tr\/index.php?rest_route=\/wp\/v2\/posts"}],"about":[{"href":"https:\/\/www.mavihaber.com.tr\/index.php?rest_route=\/wp\/v2\/types\/post"}],"author":[{"embeddable":true,"href":"https:\/\/www.mavihaber.com.tr\/index.php?rest_route=\/wp\/v2\/users\/5"}],"replies":[{"embeddable":true,"href":"https:\/\/www.mavihaber.com.tr\/index.php?rest_route=%2Fwp%2Fv2%2Fcomments&post=21337"}],"version-history":[{"count":1,"href":"https:\/\/www.mavihaber.com.tr\/index.php?rest_route=\/wp\/v2\/posts\/21337\/revisions"}],"predecessor-version":[{"id":21339,"href":"https:\/\/www.mavihaber.com.tr\/index.php?rest_route=\/wp\/v2\/posts\/21337\/revisions\/21339"}],"wp:featuredmedia":[{"embeddable":true,"href":"https:\/\/www.mavihaber.com.tr\/index.php?rest_route=\/wp\/v2\/media\/21338"}],"wp:attachment":[{"href":"https:\/\/www.mavihaber.com.tr\/index.php?rest_route=%2Fwp%2Fv2%2Fmedia&parent=21337"}],"wp:term":[{"taxonomy":"category","embeddable":true,"href":"https:\/\/www.mavihaber.com.tr\/index.php?rest_route=%2Fwp%2Fv2%2Fcategories&post=21337"},{"taxonomy":"post_tag","embeddable":true,"href":"https:\/\/www.mavihaber.com.tr\/index.php?rest_route=%2Fwp%2Fv2%2Ftags&post=21337"}],"curies":[{"name":"wp","href":"https:\/\/api.w.org\/{rel}","templated":true}]}}