{"id":21435,"date":"2026-04-17T17:19:14","date_gmt":"2026-04-17T17:19:14","guid":{"rendered":"https:\/\/www.mavihaber.com.tr\/?p=21435"},"modified":"2026-04-17T17:19:14","modified_gmt":"2026-04-17T17:19:14","slug":"gogere-destek-mesajlari","status":"publish","type":"post","link":"https:\/\/www.mavihaber.com.tr\/?p=21435","title":{"rendered":"G\u00f6\u011fer\u2019e destek mesajlar\u0131"},"content":{"rendered":"<p><img loading=\"lazy\" decoding=\"async\" class=\"alignnone size-medium wp-image-21436\" src=\"https:\/\/www.mavihaber.com.tr\/wp-content\/uploads\/2026\/04\/2214F7E2-354D-4FD1-BF2E-EA6C1915B447-300x169.png\" alt=\"\" width=\"300\" height=\"169\" srcset=\"https:\/\/www.mavihaber.com.tr\/wp-content\/uploads\/2026\/04\/2214F7E2-354D-4FD1-BF2E-EA6C1915B447-300x169.png 300w, https:\/\/www.mavihaber.com.tr\/wp-content\/uploads\/2026\/04\/2214F7E2-354D-4FD1-BF2E-EA6C1915B447-1024x576.png 1024w, https:\/\/www.mavihaber.com.tr\/wp-content\/uploads\/2026\/04\/2214F7E2-354D-4FD1-BF2E-EA6C1915B447-768x432.png 768w, https:\/\/www.mavihaber.com.tr\/wp-content\/uploads\/2026\/04\/2214F7E2-354D-4FD1-BF2E-EA6C1915B447-1536x864.png 1536w, https:\/\/www.mavihaber.com.tr\/wp-content\/uploads\/2026\/04\/2214F7E2-354D-4FD1-BF2E-EA6C1915B447.png 1672w\" sizes=\"auto, (max-width: 300px) 100vw, 300px\" \/><br \/>\nCeyhan ve Yumurtal\u0131k\u2019ta faaliyet g\u00f6steren Esnaf ve Sanatk\u00e2rlar Odalar\u0131, Adana Esnaf ve Sanatk\u00e2rlar Odalar\u0131 Birli\u011fi Ba\u015fkan\u0131 Niyazi G\u00f6ger\u2019e desteklerini kamuoyuna duyurdu.<\/p>\n<p>Yap\u0131lan ortak a\u00e7\u0131klamada, esnaf ve sanatk\u00e2rlar\u0131n haklar\u0131n\u0131 koruma, mesleki dayan\u0131\u015fmay\u0131 g\u00fc\u00e7lendirme ve b\u00f6lge ekonomisine katk\u0131 sunma noktas\u0131nda Niyazi G\u00f6ger\u2019in kararl\u0131, ilkeli ve vizyoner bir y\u00f6netim anlay\u0131\u015f\u0131 sergiledi\u011fi vurguland\u0131.<\/p>\n<p>A\u00e7\u0131klamada, 1952 y\u0131l\u0131nda kurulan Birli\u011fin ge\u00e7mi\u015finde Ceyhan\u2019\u0131n uzun y\u0131llar ihmal edildi\u011fi belirtilerek, \u201c\u0130l\u00e7emize y\u0131llarca kayda de\u011fer bir hizmet yap\u0131lmam\u0131\u015f, esnaf\u0131m\u0131z zor \u015fartlar alt\u0131nda hizmet almak zorunda kalm\u0131\u015ft\u0131r\u201d denildi.<\/p>\n<p>Ceyhan\u2019da faaliyet g\u00f6steren 10 odan\u0131n, y\u0131llarca yetersiz ve sa\u011fl\u0131ks\u0131z ortamlarda hizmet verdi\u011fine dikkat \u00e7ekilen a\u00e7\u0131klamada, bu tablonun 2020 y\u0131l\u0131nda Niyazi G\u00f6ger\u2019in g\u00f6reve gelmesiyle de\u011fi\u015fti\u011fi ifade edildi.<\/p>\n<p>G\u00f6ger\u2019in \u00f6nc\u00fcl\u00fc\u011f\u00fcnde Ceyhan\u2019a kazand\u0131r\u0131lan modern hizmet binas\u0131 sayesinde t\u00fcm odalar\u0131n tek \u00e7at\u0131 alt\u0131nda topland\u0131\u011f\u0131, esnaf\u0131n daha sa\u011fl\u0131kl\u0131 ve \u00e7a\u011fda\u015f ortamlarda hizmet almaya ba\u015flad\u0131\u011f\u0131 belirtildi. Ayr\u0131ca, daha \u00f6nce Adana\u2019ya gitmek zorunda kalan esnaf\u0131n, Ceyhan\u2019a atanan sicil memuru sayesinde i\u015flemlerini art\u0131k il\u00e7ede h\u0131zl\u0131 ve kolay \u015fekilde yapabildi\u011fi kaydedildi.<\/p>\n<p>A\u00e7\u0131klamada, Niyazi G\u00f6ger\u2019in kapsay\u0131c\u0131 y\u00f6netim anlay\u0131\u015f\u0131, \u00e7\u00f6z\u00fcm odakl\u0131 yakla\u015f\u0131m\u0131 ve esnaf\u0131n sorunlar\u0131na g\u00f6sterdi\u011fi hassasiyetin sadece Adana merkezde de\u011fil, il\u00e7elerde de b\u00fcy\u00fck memnuniyet olu\u015fturdu\u011fu ifade edildi.<\/p>\n<p>Zorlu ekonomik \u015fartlarda esnaf\u0131n sesi olan G\u00f6ger\u2019in talepleri ilgili mercilere kararl\u0131l\u0131kla iletti\u011fi ve \u00e7\u00f6z\u00fcm \u00fcretme iradesi g\u00f6sterdi\u011fi belirtilerek, bunun g\u00fc\u00e7l\u00fc bir liderlik \u00f6rne\u011fi oldu\u011fu vurguland\u0131.<\/p>\n<p>Ceyhan ve Yumurtal\u0131k Esnaf ve Sanatk\u00e2rlar Odalar\u0131, birlik ve beraberlik i\u00e7inde hareket eden g\u00fc\u00e7l\u00fc bir te\u015fkilat yap\u0131s\u0131n\u0131n hem esnaf hem de \u015fehir i\u00e7in b\u00fcy\u00fck \u00f6nem ta\u015f\u0131d\u0131\u011f\u0131na dikkat \u00e7ekerek, Niyazi G\u00f6ger\u2019in tecr\u00fcbe ve vizyonunun Adana esnaf\u0131n\u0131 daha ileriye ta\u015f\u0131yacak en \u00f6nemli g\u00fc\u00e7lerden biri oldu\u011funu ifade etti.<\/p>\n<p>A\u00e7\u0131klaman\u0131n sonunda ise \u015fu ifadelere yer verildi:<br \/>\n\u201cEsnaf ve sanatk\u00e2rlar\u0131m\u0131z\u0131n g\u00fc\u00e7l\u00fc yar\u0131nlar\u0131, Adana\u2019m\u0131z\u0131n kalk\u0131nmas\u0131 ve te\u015fkilatlar\u0131m\u0131z\u0131n daha etkin bir yap\u0131ya kavu\u015fmas\u0131 ad\u0131na Birlik Ba\u015fkan\u0131m\u0131z Say\u0131n Niyazi G\u00f6ger\u2019e deste\u011fimiz tam ve kararl\u0131d\u0131r.\u201d<\/p>\n","protected":false},"excerpt":{"rendered":"<p>Ceyhan ve Yumurtal\u0131k\u2019ta faaliyet g\u00f6steren Esnaf ve Sanatk\u00e2rlar Odalar\u0131, Adana Esnaf ve Sanatk\u00e2rlar Odalar\u0131 Birli\u011fi Ba\u015fkan\u0131 Niyazi G\u00f6ger\u2019e desteklerini kamuoyuna<\/p>\n","protected":false},"author":5,"featured_media":21436,"comment_status":"open","ping_status":"open","sticky":false,"template":"","format":"standard","meta":{"footnotes":""},"categories":[1,26,8,9,13,17,18],"tags":[],"class_list":["post-21435","post","type-post","status-publish","format-standard","has-post-thumbnail","hentry","category-kulis","category-ceyhan","category-ekonomi","category-foto-galeri","category-siyaset","category-video-galeri","category-yasam"],"yoast_head":"<!-- This site is optimized with the Yoast SEO plugin v28.2 - https:\/\/yoast.com\/product\/yoast-seo-wordpress\/ -->\n<title>G\u00f6\u011fer\u2019e destek mesajlar\u0131 - MAV\u0130 HABER<\/title>\n<meta name=\"robots\" content=\"index, follow, max-snippet:-1, max-image-preview:large, max-video-preview:-1\" \/>\n<link rel=\"canonical\" href=\"https:\/\/www.mavihaber.com.tr\/?p=21435\" \/>\n<meta property=\"og:locale\" content=\"tr_TR\" \/>\n<meta property=\"og:type\" content=\"article\" \/>\n<meta property=\"og:title\" content=\"G\u00f6\u011fer\u2019e destek mesajlar\u0131 - MAV\u0130 HABER\" \/>\n<meta property=\"og:description\" content=\"Ceyhan ve Yumurtal\u0131k\u2019ta faaliyet g\u00f6steren Esnaf ve Sanatk\u00e2rlar Odalar\u0131, Adana Esnaf ve Sanatk\u00e2rlar Odalar\u0131 Birli\u011fi Ba\u015fkan\u0131 Niyazi G\u00f6ger\u2019e desteklerini kamuoyuna\" \/>\n<meta property=\"og:url\" content=\"https:\/\/www.mavihaber.com.tr\/?p=21435\" \/>\n<meta property=\"og:site_name\" content=\"MAV\u0130 HABER\" \/>\n<meta property=\"article:publisher\" content=\"https:\/\/www.facebook.com\/ceyhan.mavi.142\/\" \/>\n<meta property=\"article:published_time\" content=\"2026-04-17T17:19:14+00:00\" \/>\n<meta property=\"og:image\" content=\"https:\/\/www.mavihaber.com.tr\/wp-content\/uploads\/2026\/04\/2214F7E2-354D-4FD1-BF2E-EA6C1915B447.png\" \/>\n\t<meta property=\"og:image:width\" content=\"1672\" \/>\n\t<meta property=\"og:image:height\" content=\"941\" \/>\n\t<meta property=\"og:image:type\" content=\"image\/png\" \/>\n<meta name=\"author\" content=\"\u0130zzet AYDEM\u0130R\" \/>\n<meta name=\"twitter:card\" content=\"summary_large_image\" \/>\n<meta name=\"twitter:creator\" content=\"@ceyhanmavihaber\" \/>\n<meta name=\"twitter:site\" content=\"@ceyhanmavihaber\" \/>\n<meta name=\"twitter:label1\" content=\"Yazan:\" \/>\n\t<meta name=\"twitter:data1\" content=\"\u0130zzet AYDEM\u0130R\" \/>\n\t<meta name=\"twitter:label2\" content=\"Tahmini okuma s\u00fcresi\" \/>\n\t<meta name=\"twitter:data2\" content=\"2 dakika\" \/>\n<script type=\"application\/ld+json\" class=\"yoast-schema-graph\">{\"@context\":\"https:\\\/\\\/schema.org\",\"@graph\":[{\"@type\":\"Article\",\"@id\":\"https:\\\/\\\/www.mavihaber.com.tr\\\/?p=21435#article\",\"isPartOf\":{\"@id\":\"https:\\\/\\\/www.mavihaber.com.tr\\\/?p=21435\"},\"author\":{\"name\":\"\u0130zzet AYDEM\u0130R\",\"@id\":\"https:\\\/\\\/www.mavihaber.com.tr\\\/#\\\/schema\\\/person\\\/dd7a0a39b6b2d5cc1609c32154b07a7d\"},\"headline\":\"G\u00f6\u011fer\u2019e destek mesajlar\u0131\",\"datePublished\":\"2026-04-17T17:19:14+00:00\",\"mainEntityOfPage\":{\"@id\":\"https:\\\/\\\/www.mavihaber.com.tr\\\/?p=21435\"},\"wordCount\":435,\"commentCount\":0,\"publisher\":{\"@id\":\"https:\\\/\\\/www.mavihaber.com.tr\\\/#organization\"},\"image\":{\"@id\":\"https:\\\/\\\/www.mavihaber.com.tr\\\/?p=21435#primaryimage\"},\"thumbnailUrl\":\"https:\\\/\\\/www.mavihaber.com.tr\\\/wp-content\\\/uploads\\\/2026\\\/04\\\/2214F7E2-354D-4FD1-BF2E-EA6C1915B447.png\",\"articleSection\":[\"Adana Kulis\",\"Ceyhan\",\"Ekonomi\",\"Foto Galeri\",\"Siyaset\",\"Video Galeri\",\"Ya\u015fam\"],\"inLanguage\":\"tr\",\"potentialAction\":[{\"@type\":\"CommentAction\",\"name\":\"Comment\",\"target\":[\"https:\\\/\\\/www.mavihaber.com.tr\\\/?p=21435#respond\"]}]},{\"@type\":\"WebPage\",\"@id\":\"https:\\\/\\\/www.mavihaber.com.tr\\\/?p=21435\",\"url\":\"https:\\\/\\\/www.mavihaber.com.tr\\\/?p=21435\",\"name\":\"G\u00f6\u011fer\u2019e destek mesajlar\u0131 - MAV\u0130 HABER\",\"isPartOf\":{\"@id\":\"https:\\\/\\\/www.mavihaber.com.tr\\\/#website\"},\"primaryImageOfPage\":{\"@id\":\"https:\\\/\\\/www.mavihaber.com.tr\\\/?p=21435#primaryimage\"},\"image\":{\"@id\":\"https:\\\/\\\/www.mavihaber.com.tr\\\/?p=21435#primaryimage\"},\"thumbnailUrl\":\"https:\\\/\\\/www.mavihaber.com.tr\\\/wp-content\\\/uploads\\\/2026\\\/04\\\/2214F7E2-354D-4FD1-BF2E-EA6C1915B447.png\",\"datePublished\":\"2026-04-17T17:19:14+00:00\",\"breadcrumb\":{\"@id\":\"https:\\\/\\\/www.mavihaber.com.tr\\\/?p=21435#breadcrumb\"},\"inLanguage\":\"tr\",\"potentialAction\":[{\"@type\":\"ReadAction\",\"target\":[\"https:\\\/\\\/www.mavihaber.com.tr\\\/?p=21435\"]}]},{\"@type\":\"ImageObject\",\"inLanguage\":\"tr\",\"@id\":\"https:\\\/\\\/www.mavihaber.com.tr\\\/?p=21435#primaryimage\",\"url\":\"https:\\\/\\\/www.mavihaber.com.tr\\\/wp-content\\\/uploads\\\/2026\\\/04\\\/2214F7E2-354D-4FD1-BF2E-EA6C1915B447.png\",\"contentUrl\":\"https:\\\/\\\/www.mavihaber.com.tr\\\/wp-content\\\/uploads\\\/2026\\\/04\\\/2214F7E2-354D-4FD1-BF2E-EA6C1915B447.png\",\"width\":1672,\"height\":941},{\"@type\":\"BreadcrumbList\",\"@id\":\"https:\\\/\\\/www.mavihaber.com.tr\\\/?p=21435#breadcrumb\",\"itemListElement\":[{\"@type\":\"ListItem\",\"position\":1,\"name\":\"Anasayfa\",\"item\":\"https:\\\/\\\/www.mavihaber.com.tr\\\/\"},{\"@type\":\"ListItem\",\"position\":2,\"name\":\"G\u00f6\u011fer\u2019e destek mesajlar\u0131\"}]},{\"@type\":\"WebSite\",\"@id\":\"https:\\\/\\\/www.mavihaber.com.tr\\\/#website\",\"url\":\"https:\\\/\\\/www.mavihaber.com.tr\\\/\",\"name\":\"MAV\u0130 HABER\",\"description\":\"S&Ouml;Z U&Ccedil;AR YAZI KALIR\",\"publisher\":{\"@id\":\"https:\\\/\\\/www.mavihaber.com.tr\\\/#organization\"},\"potentialAction\":[{\"@type\":\"SearchAction\",\"target\":{\"@type\":\"EntryPoint\",\"urlTemplate\":\"https:\\\/\\\/www.mavihaber.com.tr\\\/?s={search_term_string}\"},\"query-input\":{\"@type\":\"PropertyValueSpecification\",\"valueRequired\":true,\"valueName\":\"search_term_string\"}}],\"inLanguage\":\"tr\"},{\"@type\":\"Organization\",\"@id\":\"https:\\\/\\\/www.mavihaber.com.tr\\\/#organization\",\"name\":\"MAV\u0130 HABER\",\"url\":\"https:\\\/\\\/www.mavihaber.com.tr\\\/\",\"logo\":{\"@type\":\"ImageObject\",\"inLanguage\":\"tr\",\"@id\":\"https:\\\/\\\/www.mavihaber.com.tr\\\/#\\\/schema\\\/logo\\\/image\\\/\",\"url\":\"http:\\\/\\\/www.mavihaber.com.tr\\\/wp-content\\\/uploads\\\/2022\\\/02\\\/mavi-logo.png\",\"contentUrl\":\"http:\\\/\\\/www.mavihaber.com.tr\\\/wp-content\\\/uploads\\\/2022\\\/02\\\/mavi-logo.png\",\"width\":301,\"height\":81,\"caption\":\"MAV\u0130 HABER\"},\"image\":{\"@id\":\"https:\\\/\\\/www.mavihaber.com.tr\\\/#\\\/schema\\\/logo\\\/image\\\/\"},\"sameAs\":[\"https:\\\/\\\/www.facebook.com\\\/ceyhan.mavi.142\\\/\",\"https:\\\/\\\/x.com\\\/ceyhanmavihaber\",\"https:\\\/\\\/www.instagram.com\\\/ceyhanmavihaber\\\/\",\"https:\\\/\\\/www.youtube.com\\\/channel\\\/UCJQ-0-AFgj2GjI269QDUwNw\"]},{\"@type\":\"Person\",\"@id\":\"https:\\\/\\\/www.mavihaber.com.tr\\\/#\\\/schema\\\/person\\\/dd7a0a39b6b2d5cc1609c32154b07a7d\",\"name\":\"\u0130zzet AYDEM\u0130R\",\"image\":{\"@type\":\"ImageObject\",\"inLanguage\":\"tr\",\"@id\":\"https:\\\/\\\/secure.gravatar.com\\\/avatar\\\/320a36bef556c371376115ba1e7491216472a73c7b42710d508168617c47b64f?s=96&d=mm&r=g\",\"url\":\"https:\\\/\\\/secure.gravatar.com\\\/avatar\\\/320a36bef556c371376115ba1e7491216472a73c7b42710d508168617c47b64f?s=96&d=mm&r=g\",\"contentUrl\":\"https:\\\/\\\/secure.gravatar.com\\\/avatar\\\/320a36bef556c371376115ba1e7491216472a73c7b42710d508168617c47b64f?s=96&d=mm&r=g\",\"caption\":\"\u0130zzet AYDEM\u0130R\"},\"sameAs\":[\"http:\\\/\\\/www.mavihaber.com.tr\"],\"url\":\"https:\\\/\\\/www.mavihaber.com.tr\\\/?author=5\"}]}<\/script>\n<!-- \/ Yoast SEO plugin. -->","yoast_head_json":{"title":"G\u00f6\u011fer\u2019e destek mesajlar\u0131 - MAV\u0130 HABER","robots":{"index":"index","follow":"follow","max-snippet":"max-snippet:-1","max-image-preview":"max-image-preview:large","max-video-preview":"max-video-preview:-1"},"canonical":"https:\/\/www.mavihaber.com.tr\/?p=21435","og_locale":"tr_TR","og_type":"article","og_title":"G\u00f6\u011fer\u2019e destek mesajlar\u0131 - MAV\u0130 HABER","og_description":"Ceyhan ve Yumurtal\u0131k\u2019ta faaliyet g\u00f6steren Esnaf ve Sanatk\u00e2rlar Odalar\u0131, Adana Esnaf ve Sanatk\u00e2rlar Odalar\u0131 Birli\u011fi Ba\u015fkan\u0131 Niyazi G\u00f6ger\u2019e desteklerini kamuoyuna","og_url":"https:\/\/www.mavihaber.com.tr\/?p=21435","og_site_name":"MAV\u0130 HABER","article_publisher":"https:\/\/www.facebook.com\/ceyhan.mavi.142\/","article_published_time":"2026-04-17T17:19:14+00:00","og_image":[{"width":1672,"height":941,"url":"https:\/\/www.mavihaber.com.tr\/wp-content\/uploads\/2026\/04\/2214F7E2-354D-4FD1-BF2E-EA6C1915B447.png","type":"image\/png"}],"author":"\u0130zzet AYDEM\u0130R","twitter_card":"summary_large_image","twitter_creator":"@ceyhanmavihaber","twitter_site":"@ceyhanmavihaber","twitter_misc":{"Yazan:":"\u0130zzet AYDEM\u0130R","Tahmini okuma s\u00fcresi":"2 dakika"},"schema":{"@context":"https:\/\/schema.org","@graph":[{"@type":"Article","@id":"https:\/\/www.mavihaber.com.tr\/?p=21435#article","isPartOf":{"@id":"https:\/\/www.mavihaber.com.tr\/?p=21435"},"author":{"name":"\u0130zzet AYDEM\u0130R","@id":"https:\/\/www.mavihaber.com.tr\/#\/schema\/person\/dd7a0a39b6b2d5cc1609c32154b07a7d"},"headline":"G\u00f6\u011fer\u2019e destek mesajlar\u0131","datePublished":"2026-04-17T17:19:14+00:00","mainEntityOfPage":{"@id":"https:\/\/www.mavihaber.com.tr\/?p=21435"},"wordCount":435,"commentCount":0,"publisher":{"@id":"https:\/\/www.mavihaber.com.tr\/#organization"},"image":{"@id":"https:\/\/www.mavihaber.com.tr\/?p=21435#primaryimage"},"thumbnailUrl":"https:\/\/www.mavihaber.com.tr\/wp-content\/uploads\/2026\/04\/2214F7E2-354D-4FD1-BF2E-EA6C1915B447.png","articleSection":["Adana Kulis","Ceyhan","Ekonomi","Foto Galeri","Siyaset","Video Galeri","Ya\u015fam"],"inLanguage":"tr","potentialAction":[{"@type":"CommentAction","name":"Comment","target":["https:\/\/www.mavihaber.com.tr\/?p=21435#respond"]}]},{"@type":"WebPage","@id":"https:\/\/www.mavihaber.com.tr\/?p=21435","url":"https:\/\/www.mavihaber.com.tr\/?p=21435","name":"G\u00f6\u011fer\u2019e destek mesajlar\u0131 - MAV\u0130 HABER","isPartOf":{"@id":"https:\/\/www.mavihaber.com.tr\/#website"},"primaryImageOfPage":{"@id":"https:\/\/www.mavihaber.com.tr\/?p=21435#primaryimage"},"image":{"@id":"https:\/\/www.mavihaber.com.tr\/?p=21435#primaryimage"},"thumbnailUrl":"https:\/\/www.mavihaber.com.tr\/wp-content\/uploads\/2026\/04\/2214F7E2-354D-4FD1-BF2E-EA6C1915B447.png","datePublished":"2026-04-17T17:19:14+00:00","breadcrumb":{"@id":"https:\/\/www.mavihaber.com.tr\/?p=21435#breadcrumb"},"inLanguage":"tr","potentialAction":[{"@type":"ReadAction","target":["https:\/\/www.mavihaber.com.tr\/?p=21435"]}]},{"@type":"ImageObject","inLanguage":"tr","@id":"https:\/\/www.mavihaber.com.tr\/?p=21435#primaryimage","url":"https:\/\/www.mavihaber.com.tr\/wp-content\/uploads\/2026\/04\/2214F7E2-354D-4FD1-BF2E-EA6C1915B447.png","contentUrl":"https:\/\/www.mavihaber.com.tr\/wp-content\/uploads\/2026\/04\/2214F7E2-354D-4FD1-BF2E-EA6C1915B447.png","width":1672,"height":941},{"@type":"BreadcrumbList","@id":"https:\/\/www.mavihaber.com.tr\/?p=21435#breadcrumb","itemListElement":[{"@type":"ListItem","position":1,"name":"Anasayfa","item":"https:\/\/www.mavihaber.com.tr\/"},{"@type":"ListItem","position":2,"name":"G\u00f6\u011fer\u2019e destek mesajlar\u0131"}]},{"@type":"WebSite","@id":"https:\/\/www.mavihaber.com.tr\/#website","url":"https:\/\/www.mavihaber.com.tr\/","name":"MAV\u0130 HABER","description":"S&Ouml;Z U&Ccedil;AR YAZI KALIR","publisher":{"@id":"https:\/\/www.mavihaber.com.tr\/#organization"},"potentialAction":[{"@type":"SearchAction","target":{"@type":"EntryPoint","urlTemplate":"https:\/\/www.mavihaber.com.tr\/?s={search_term_string}"},"query-input":{"@type":"PropertyValueSpecification","valueRequired":true,"valueName":"search_term_string"}}],"inLanguage":"tr"},{"@type":"Organization","@id":"https:\/\/www.mavihaber.com.tr\/#organization","name":"MAV\u0130 HABER","url":"https:\/\/www.mavihaber.com.tr\/","logo":{"@type":"ImageObject","inLanguage":"tr","@id":"https:\/\/www.mavihaber.com.tr\/#\/schema\/logo\/image\/","url":"http:\/\/www.mavihaber.com.tr\/wp-content\/uploads\/2022\/02\/mavi-logo.png","contentUrl":"http:\/\/www.mavihaber.com.tr\/wp-content\/uploads\/2022\/02\/mavi-logo.png","width":301,"height":81,"caption":"MAV\u0130 HABER"},"image":{"@id":"https:\/\/www.mavihaber.com.tr\/#\/schema\/logo\/image\/"},"sameAs":["https:\/\/www.facebook.com\/ceyhan.mavi.142\/","https:\/\/x.com\/ceyhanmavihaber","https:\/\/www.instagram.com\/ceyhanmavihaber\/","https:\/\/www.youtube.com\/channel\/UCJQ-0-AFgj2GjI269QDUwNw"]},{"@type":"Person","@id":"https:\/\/www.mavihaber.com.tr\/#\/schema\/person\/dd7a0a39b6b2d5cc1609c32154b07a7d","name":"\u0130zzet AYDEM\u0130R","image":{"@type":"ImageObject","inLanguage":"tr","@id":"https:\/\/secure.gravatar.com\/avatar\/320a36bef556c371376115ba1e7491216472a73c7b42710d508168617c47b64f?s=96&d=mm&r=g","url":"https:\/\/secure.gravatar.com\/avatar\/320a36bef556c371376115ba1e7491216472a73c7b42710d508168617c47b64f?s=96&d=mm&r=g","contentUrl":"https:\/\/secure.gravatar.com\/avatar\/320a36bef556c371376115ba1e7491216472a73c7b42710d508168617c47b64f?s=96&d=mm&r=g","caption":"\u0130zzet AYDEM\u0130R"},"sameAs":["http:\/\/www.mavihaber.com.tr"],"url":"https:\/\/www.mavihaber.com.tr\/?author=5"}]}},"views":326,"_links":{"self":[{"href":"https:\/\/www.mavihaber.com.tr\/index.php?rest_route=\/wp\/v2\/posts\/21435","targetHints":{"allow":["GET"]}}],"collection":[{"href":"https:\/\/www.mavihaber.com.tr\/index.php?rest_route=\/wp\/v2\/posts"}],"about":[{"href":"https:\/\/www.mavihaber.com.tr\/index.php?rest_route=\/wp\/v2\/types\/post"}],"author":[{"embeddable":true,"href":"https:\/\/www.mavihaber.com.tr\/index.php?rest_route=\/wp\/v2\/users\/5"}],"replies":[{"embeddable":true,"href":"https:\/\/www.mavihaber.com.tr\/index.php?rest_route=%2Fwp%2Fv2%2Fcomments&post=21435"}],"version-history":[{"count":1,"href":"https:\/\/www.mavihaber.com.tr\/index.php?rest_route=\/wp\/v2\/posts\/21435\/revisions"}],"predecessor-version":[{"id":21437,"href":"https:\/\/www.mavihaber.com.tr\/index.php?rest_route=\/wp\/v2\/posts\/21435\/revisions\/21437"}],"wp:featuredmedia":[{"embeddable":true,"href":"https:\/\/www.mavihaber.com.tr\/index.php?rest_route=\/wp\/v2\/media\/21436"}],"wp:attachment":[{"href":"https:\/\/www.mavihaber.com.tr\/index.php?rest_route=%2Fwp%2Fv2%2Fmedia&parent=21435"}],"wp:term":[{"taxonomy":"category","embeddable":true,"href":"https:\/\/www.mavihaber.com.tr\/index.php?rest_route=%2Fwp%2Fv2%2Fcategories&post=21435"},{"taxonomy":"post_tag","embeddable":true,"href":"https:\/\/www.mavihaber.com.tr\/index.php?rest_route=%2Fwp%2Fv2%2Ftags&post=21435"}],"curies":[{"name":"wp","href":"https:\/\/api.w.org\/{rel}","templated":true}]}}