{"id":21545,"date":"2026-05-14T14:26:42","date_gmt":"2026-05-14T14:26:42","guid":{"rendered":"https:\/\/www.mavihaber.com.tr\/?p=21545"},"modified":"2026-05-14T14:26:42","modified_gmt":"2026-05-14T14:26:42","slug":"secimler-esnafa-dert-oldu","status":"publish","type":"post","link":"https:\/\/www.mavihaber.com.tr\/?p=21545","title":{"rendered":"Se\u00e7imler esnafa dert oldu"},"content":{"rendered":"<p class=\"p1\"><span class=\"s1\">ESNAF TED\u0130RG\u0130N: CEYHAN\u2019DA SE\u00c7\u0130M GEL\u0130YORSA HUZUR G\u0130D\u0130YOR MU?<\/span><\/p>\n<p class=\"p1\"><span class=\"s1\">Ceyhan\u2019da oda ve sivil toplum kurulu\u015fu se\u00e7imleri yakla\u015fmaya ba\u015flad\u0131\u011f\u0131nda yaln\u0131zca kulisler hareketlenmiyor. \u00c7ar\u015f\u0131 da hareketleniyor. Kahvehanelerde konu\u015fmalar de\u011fi\u015fiyor, i\u015fyerlerinde ziyaret trafi\u011fi art\u0131yor, telefonlar s\u0131kla\u015f\u0131yor. Ancak bu hareketlilik her zaman heyecan ya da demokrasi co\u015fkusu olu\u015fturmuyor. Tam tersine, bir\u00e7ok esnaf i\u00e7in se\u00e7im d\u00f6nemleri huzursuzluk ve tedirginlik anlam\u0131na geliyor.<\/span><\/p>\n<p class=\"p1\"><span class=\"s1\">Normal \u015fartlarda bir se\u00e7im s\u00fcreci nas\u0131l i\u015fler? Adaylar \u00e7\u0131kar, projelerini anlat\u0131r, \u00fcyeler de\u011ferlendirme yapar ve sand\u0131k kuruldu\u011funda herkes \u00f6zg\u00fcr iradesiyle oyunu kullan\u0131r. Demokrasinin en sade tan\u0131m\u0131 budur asl\u0131nda. Fakat Ceyhan\u2019da baz\u0131 esnaflar\u0131n anlatt\u0131klar\u0131, i\u015flerin her zaman bu kadar basit ilerlemedi\u011fini g\u00f6steriyor.<\/span><\/p>\n<p class=\"p1\"><span class=\"s1\">Yakla\u015fan oda se\u00e7imleri \u00f6ncesinde de benzer \u015fikayetler yeniden dillendirilmeye ba\u015fland\u0131. Esnaflar\u0131n anlatt\u0131\u011f\u0131na g\u00f6re sorun adaylardan \u00e7ok, adaylar\u0131n etraf\u0131nda k\u00fcmelenen baz\u0131 ki\u015fi ve gruplar\u0131n tav\u0131rlar\u0131ndan kaynaklan\u0131yor.<\/span><\/p>\n<p class=\"p1\"><span class=\"s1\">\u201cAday gelsin, kendini anlats\u0131n, projesini anlats\u0131n, oy istesin. Buna kimsenin itiraz\u0131 yok\u201d diyor bir\u00e7ok esnaf.<\/span><\/p>\n<p class=\"p1\"><span class=\"s1\">As\u0131l rahats\u0131zl\u0131k duyulan konu ba\u015fka.<\/span><\/p>\n<p class=\"p1\"><span class=\"s1\">\u00c7\u00fcnk\u00fc se\u00e7im d\u00f6nemlerinde bazen adaydan \u00e7ok aday\u0131n destek\u00e7ileri sahaya iniyor. \u0130\u015fin ilgin\u00e7 taraf\u0131, bazen bu isimlerin se\u00e7imle do\u011frudan ilgisi bile olmuyor. Fakat buna ra\u011fmen \u00e7ar\u015f\u0131y\u0131 dola\u015f\u0131yor, i\u015fyerlerini geziyor, \u201cDeste\u011fin kimden yana?\u201d, \u201cOyunu kime vereceksin?\u201d, \u201cA\u00e7\u0131k tavr\u0131n\u0131 g\u00f6ster\u201d gibi s\u00f6ylemlerle esnaf\u0131n kap\u0131s\u0131n\u0131 \u00e7al\u0131yor.<\/span><\/p>\n<p class=\"p1\"><span class=\"s1\">Elbette herkes ziyaret edebilir, destek isteyebilir. Siyasette de, oda se\u00e7imlerinde de bu do\u011fald\u0131r. Ancak destek istemekle bask\u0131 olu\u015fturmak aras\u0131ndaki \u00e7izgi \u00e7ok ince bir \u00e7izgidir. Sorun da tam burada ba\u015fl\u0131yor.<\/span><\/p>\n<p class=\"p1\"><span class=\"s1\">\u00c7\u00fcnk\u00fc esnaf\u0131n en b\u00fcy\u00fck sermayesi huzurudur.<\/span><\/p>\n<p class=\"p1\"><span class=\"s1\">Sabah d\u00fckk\u00e2n\u0131n\u0131 a\u00e7an bir ki\u015fi; siftiyat\u0131n\u0131, borcunu, piyasay\u0131, personel giderini, elektrik faturas\u0131n\u0131 d\u00fc\u015f\u00fcn\u00fcrken bir de \u201cKime yak\u0131n duraca\u011f\u0131m?\u201d hesab\u0131 yapmak istemiyor. \u0130\u015f yapmak isteyen insanlar, taraf olmak zorunda b\u0131rak\u0131ld\u0131klar\u0131n\u0131 hissettiklerinde do\u011fal olarak rahats\u0131z oluyor.<\/span><\/p>\n<p class=\"p1\"><span class=\"s1\">Bir\u00e7ok esnaf\u0131n ortak c\u00fcmlesi dikkat \u00e7ekici:<\/span><\/p>\n<p class=\"p1\"><span class=\"s1\">\u201cSand\u0131k kurulsun, herkes istedi\u011fine oy versin. Ama bizi rahat b\u0131raks\u0131nlar.\u201d<\/span><\/p>\n<p class=\"p1\"><span class=\"s1\">Asl\u0131nda bu s\u00f6z tek ba\u015f\u0131na \u00e7ok \u015fey anlat\u0131yor.<\/span><\/p>\n<p class=\"p1\"><span class=\"s1\">\u00c7\u00fcnk\u00fc oda se\u00e7imleri g\u00fc\u00e7 g\u00f6sterisi alan\u0131 de\u011fil, temsil yar\u0131\u015f\u0131d\u0131r. \u0130nsanlar desteklerini \u00f6zg\u00fcrce a\u00e7\u0131klayabilir de a\u00e7\u0131klamayabilir de. Hatta kimseye a\u00e7\u0131klamak zorunda da de\u011fildir. Se\u00e7imin \u00f6z\u00fc zaten budur.<\/span><\/p>\n<p class=\"p1\"><span class=\"s1\">Aday olmad\u0131\u011f\u0131 bir odan\u0131n se\u00e7imine kar\u0131\u015fmak, her yerde g\u00fc\u00e7 g\u00f6stergesi yapmak moda haline geldi adeta\u2026<\/span><\/p>\n<p class=\"p1\"><span class=\"s1\">Ne yaz\u0131k ki Ceyhan\u2019da y\u0131llard\u0131r se\u00e7im d\u00f6nemlerinde benzer serzeni\u015fler duyuluyor. Her se\u00e7im \u00f6ncesi ayn\u0131 c\u00fcmleler kuruluyor, ayn\u0131 tedirginlik ya\u015fan\u0131yor ve s\u00fcre\u00e7 bittikten sonra konu unutuluyor. Bir sonraki se\u00e7im d\u00f6nemine kadar\u2026<\/span><\/p>\n<p class=\"p1\"><span class=\"s1\">Belki de art\u0131k sorulmas\u0131 gereken soru \u015fu:<\/span><\/p>\n<p class=\"p1\"><span class=\"s1\">Ceyhan\u2019da se\u00e7im k\u00fclt\u00fcr\u00fc ger\u00e7ekten yar\u0131\u015f \u00fczerine mi kurulu, yoksa \u00e7evre bask\u0131s\u0131 \u00fczerine mi \u015fekilleniyor?<\/span><\/p>\n<p class=\"p1\"><span class=\"s1\">\u00c7\u00fcnk\u00fc bir yerde insanlar adaylardan de\u011fil de se\u00e7im atmosferinden korkmaya ba\u015flam\u0131\u015fsa, orada d\u00f6n\u00fcp d\u00fc\u015f\u00fcnmek gerekir.<\/span><\/p>\n<p class=\"p1\"><span class=\"s1\">Demokrasi yaln\u0131zca sand\u0131\u011fa gitmek de\u011fildir. Demokrasi, insanlar\u0131n oyunu verirken kendini \u00f6zg\u00fcr hissetmesidir.<\/span><\/p>\n<p class=\"p1\"><span class=\"s1\">Ve g\u00f6r\u00fcnen o ki Ceyhan esnaf\u0131n\u0131n bug\u00fcn en \u00e7ok ihtiya\u00e7 duydu\u011fu \u015fey; yeni vaatlerden \u00f6nce biraz huzur.<\/span><\/p>\n","protected":false},"excerpt":{"rendered":"<p>ESNAF TED\u0130RG\u0130N: CEYHAN\u2019DA SE\u00c7\u0130M GEL\u0130YORSA HUZUR G\u0130D\u0130YOR MU? Ceyhan\u2019da oda ve sivil toplum kurulu\u015fu se\u00e7imleri yakla\u015fmaya ba\u015flad\u0131\u011f\u0131nda yaln\u0131zca kulisler hareketlenmiyor.<\/p>\n","protected":false},"author":5,"featured_media":21546,"comment_status":"open","ping_status":"open","sticky":false,"template":"","format":"standard","meta":{"footnotes":""},"categories":[26,23,8,10,13,18],"tags":[29,27,28],"class_list":["post-21545","post","type-post","status-publish","format-standard","has-post-thumbnail","hentry","category-ceyhan","category-editorun-sectikleri","category-ekonomi","category-gundem","category-siyaset","category-yasam","tag-ceyhan","tag-secim","tag-stk"],"yoast_head":"<!-- This site is optimized with the Yoast SEO plugin v28.2 - https:\/\/yoast.com\/product\/yoast-seo-wordpress\/ -->\n<title>Se\u00e7imler esnafa dert oldu - MAV\u0130 HABER<\/title>\n<meta name=\"robots\" content=\"index, follow, max-snippet:-1, max-image-preview:large, max-video-preview:-1\" \/>\n<link rel=\"canonical\" href=\"https:\/\/www.mavihaber.com.tr\/?p=21545\" \/>\n<meta property=\"og:locale\" content=\"tr_TR\" \/>\n<meta property=\"og:type\" content=\"article\" \/>\n<meta property=\"og:title\" content=\"Se\u00e7imler esnafa dert oldu - MAV\u0130 HABER\" \/>\n<meta property=\"og:description\" content=\"ESNAF TED\u0130RG\u0130N: CEYHAN\u2019DA SE\u00c7\u0130M GEL\u0130YORSA HUZUR G\u0130D\u0130YOR MU? Ceyhan\u2019da oda ve sivil toplum kurulu\u015fu se\u00e7imleri yakla\u015fmaya ba\u015flad\u0131\u011f\u0131nda yaln\u0131zca kulisler hareketlenmiyor.\" \/>\n<meta property=\"og:url\" content=\"https:\/\/www.mavihaber.com.tr\/?p=21545\" \/>\n<meta property=\"og:site_name\" content=\"MAV\u0130 HABER\" \/>\n<meta property=\"article:publisher\" content=\"https:\/\/www.facebook.com\/ceyhan.mavi.142\/\" \/>\n<meta property=\"article:published_time\" content=\"2026-05-14T14:26:42+00:00\" \/>\n<meta property=\"og:image\" content=\"https:\/\/www.mavihaber.com.tr\/wp-content\/uploads\/2026\/05\/ED49B171-F428-4645-A490-ECD5E711DD82-1024x576.png\" \/>\n\t<meta property=\"og:image:width\" content=\"1024\" \/>\n\t<meta property=\"og:image:height\" content=\"576\" \/>\n\t<meta property=\"og:image:type\" content=\"image\/png\" \/>\n<meta name=\"author\" content=\"\u0130zzet AYDEM\u0130R\" \/>\n<meta name=\"twitter:card\" content=\"summary_large_image\" \/>\n<meta name=\"twitter:creator\" content=\"@ceyhanmavihaber\" \/>\n<meta name=\"twitter:site\" content=\"@ceyhanmavihaber\" \/>\n<meta name=\"twitter:label1\" content=\"Yazan:\" \/>\n\t<meta name=\"twitter:data1\" content=\"\u0130zzet AYDEM\u0130R\" \/>\n\t<meta name=\"twitter:label2\" content=\"Tahmini okuma s\u00fcresi\" \/>\n\t<meta name=\"twitter:data2\" content=\"3 dakika\" \/>\n<script type=\"application\/ld+json\" class=\"yoast-schema-graph\">{\"@context\":\"https:\\\/\\\/schema.org\",\"@graph\":[{\"@type\":\"Article\",\"@id\":\"https:\\\/\\\/www.mavihaber.com.tr\\\/?p=21545#article\",\"isPartOf\":{\"@id\":\"https:\\\/\\\/www.mavihaber.com.tr\\\/?p=21545\"},\"author\":{\"name\":\"\u0130zzet AYDEM\u0130R\",\"@id\":\"https:\\\/\\\/www.mavihaber.com.tr\\\/#\\\/schema\\\/person\\\/dd7a0a39b6b2d5cc1609c32154b07a7d\"},\"headline\":\"Se\u00e7imler esnafa dert oldu\",\"datePublished\":\"2026-05-14T14:26:42+00:00\",\"mainEntityOfPage\":{\"@id\":\"https:\\\/\\\/www.mavihaber.com.tr\\\/?p=21545\"},\"wordCount\":595,\"commentCount\":0,\"publisher\":{\"@id\":\"https:\\\/\\\/www.mavihaber.com.tr\\\/#organization\"},\"image\":{\"@id\":\"https:\\\/\\\/www.mavihaber.com.tr\\\/?p=21545#primaryimage\"},\"thumbnailUrl\":\"https:\\\/\\\/www.mavihaber.com.tr\\\/wp-content\\\/uploads\\\/2026\\\/05\\\/ED49B171-F428-4645-A490-ECD5E711DD82.png\",\"keywords\":[\"ceyhan\",\"Se\u00e7im\",\"stk\"],\"articleSection\":[\"Ceyhan\",\"ED\u0130T\u00d6R\u00dcN SE\u00c7T\u0130KLER\u0130\",\"Ekonomi\",\"G\u00fcndem\",\"Siyaset\",\"Ya\u015fam\"],\"inLanguage\":\"tr\",\"potentialAction\":[{\"@type\":\"CommentAction\",\"name\":\"Comment\",\"target\":[\"https:\\\/\\\/www.mavihaber.com.tr\\\/?p=21545#respond\"]}]},{\"@type\":\"WebPage\",\"@id\":\"https:\\\/\\\/www.mavihaber.com.tr\\\/?p=21545\",\"url\":\"https:\\\/\\\/www.mavihaber.com.tr\\\/?p=21545\",\"name\":\"Se\u00e7imler esnafa dert oldu - MAV\u0130 HABER\",\"isPartOf\":{\"@id\":\"https:\\\/\\\/www.mavihaber.com.tr\\\/#website\"},\"primaryImageOfPage\":{\"@id\":\"https:\\\/\\\/www.mavihaber.com.tr\\\/?p=21545#primaryimage\"},\"image\":{\"@id\":\"https:\\\/\\\/www.mavihaber.com.tr\\\/?p=21545#primaryimage\"},\"thumbnailUrl\":\"https:\\\/\\\/www.mavihaber.com.tr\\\/wp-content\\\/uploads\\\/2026\\\/05\\\/ED49B171-F428-4645-A490-ECD5E711DD82.png\",\"datePublished\":\"2026-05-14T14:26:42+00:00\",\"breadcrumb\":{\"@id\":\"https:\\\/\\\/www.mavihaber.com.tr\\\/?p=21545#breadcrumb\"},\"inLanguage\":\"tr\",\"potentialAction\":[{\"@type\":\"ReadAction\",\"target\":[\"https:\\\/\\\/www.mavihaber.com.tr\\\/?p=21545\"]}]},{\"@type\":\"ImageObject\",\"inLanguage\":\"tr\",\"@id\":\"https:\\\/\\\/www.mavihaber.com.tr\\\/?p=21545#primaryimage\",\"url\":\"https:\\\/\\\/www.mavihaber.com.tr\\\/wp-content\\\/uploads\\\/2026\\\/05\\\/ED49B171-F428-4645-A490-ECD5E711DD82.png\",\"contentUrl\":\"https:\\\/\\\/www.mavihaber.com.tr\\\/wp-content\\\/uploads\\\/2026\\\/05\\\/ED49B171-F428-4645-A490-ECD5E711DD82.png\",\"width\":1672,\"height\":941},{\"@type\":\"BreadcrumbList\",\"@id\":\"https:\\\/\\\/www.mavihaber.com.tr\\\/?p=21545#breadcrumb\",\"itemListElement\":[{\"@type\":\"ListItem\",\"position\":1,\"name\":\"Anasayfa\",\"item\":\"https:\\\/\\\/www.mavihaber.com.tr\\\/\"},{\"@type\":\"ListItem\",\"position\":2,\"name\":\"Se\u00e7imler esnafa dert oldu\"}]},{\"@type\":\"WebSite\",\"@id\":\"https:\\\/\\\/www.mavihaber.com.tr\\\/#website\",\"url\":\"https:\\\/\\\/www.mavihaber.com.tr\\\/\",\"name\":\"MAV\u0130 HABER\",\"description\":\"S&Ouml;Z U&Ccedil;AR YAZI KALIR\",\"publisher\":{\"@id\":\"https:\\\/\\\/www.mavihaber.com.tr\\\/#organization\"},\"potentialAction\":[{\"@type\":\"SearchAction\",\"target\":{\"@type\":\"EntryPoint\",\"urlTemplate\":\"https:\\\/\\\/www.mavihaber.com.tr\\\/?s={search_term_string}\"},\"query-input\":{\"@type\":\"PropertyValueSpecification\",\"valueRequired\":true,\"valueName\":\"search_term_string\"}}],\"inLanguage\":\"tr\"},{\"@type\":\"Organization\",\"@id\":\"https:\\\/\\\/www.mavihaber.com.tr\\\/#organization\",\"name\":\"MAV\u0130 HABER\",\"url\":\"https:\\\/\\\/www.mavihaber.com.tr\\\/\",\"logo\":{\"@type\":\"ImageObject\",\"inLanguage\":\"tr\",\"@id\":\"https:\\\/\\\/www.mavihaber.com.tr\\\/#\\\/schema\\\/logo\\\/image\\\/\",\"url\":\"http:\\\/\\\/www.mavihaber.com.tr\\\/wp-content\\\/uploads\\\/2022\\\/02\\\/mavi-logo.png\",\"contentUrl\":\"http:\\\/\\\/www.mavihaber.com.tr\\\/wp-content\\\/uploads\\\/2022\\\/02\\\/mavi-logo.png\",\"width\":301,\"height\":81,\"caption\":\"MAV\u0130 HABER\"},\"image\":{\"@id\":\"https:\\\/\\\/www.mavihaber.com.tr\\\/#\\\/schema\\\/logo\\\/image\\\/\"},\"sameAs\":[\"https:\\\/\\\/www.facebook.com\\\/ceyhan.mavi.142\\\/\",\"https:\\\/\\\/x.com\\\/ceyhanmavihaber\",\"https:\\\/\\\/www.instagram.com\\\/ceyhanmavihaber\\\/\",\"https:\\\/\\\/www.youtube.com\\\/channel\\\/UCJQ-0-AFgj2GjI269QDUwNw\"]},{\"@type\":\"Person\",\"@id\":\"https:\\\/\\\/www.mavihaber.com.tr\\\/#\\\/schema\\\/person\\\/dd7a0a39b6b2d5cc1609c32154b07a7d\",\"name\":\"\u0130zzet AYDEM\u0130R\",\"image\":{\"@type\":\"ImageObject\",\"inLanguage\":\"tr\",\"@id\":\"https:\\\/\\\/secure.gravatar.com\\\/avatar\\\/320a36bef556c371376115ba1e7491216472a73c7b42710d508168617c47b64f?s=96&d=mm&r=g\",\"url\":\"https:\\\/\\\/secure.gravatar.com\\\/avatar\\\/320a36bef556c371376115ba1e7491216472a73c7b42710d508168617c47b64f?s=96&d=mm&r=g\",\"contentUrl\":\"https:\\\/\\\/secure.gravatar.com\\\/avatar\\\/320a36bef556c371376115ba1e7491216472a73c7b42710d508168617c47b64f?s=96&d=mm&r=g\",\"caption\":\"\u0130zzet AYDEM\u0130R\"},\"sameAs\":[\"http:\\\/\\\/www.mavihaber.com.tr\"],\"url\":\"https:\\\/\\\/www.mavihaber.com.tr\\\/?author=5\"}]}<\/script>\n<!-- \/ Yoast SEO plugin. -->","yoast_head_json":{"title":"Se\u00e7imler esnafa dert oldu - MAV\u0130 HABER","robots":{"index":"index","follow":"follow","max-snippet":"max-snippet:-1","max-image-preview":"max-image-preview:large","max-video-preview":"max-video-preview:-1"},"canonical":"https:\/\/www.mavihaber.com.tr\/?p=21545","og_locale":"tr_TR","og_type":"article","og_title":"Se\u00e7imler esnafa dert oldu - MAV\u0130 HABER","og_description":"ESNAF TED\u0130RG\u0130N: CEYHAN\u2019DA SE\u00c7\u0130M GEL\u0130YORSA HUZUR G\u0130D\u0130YOR MU? Ceyhan\u2019da oda ve sivil toplum kurulu\u015fu se\u00e7imleri yakla\u015fmaya ba\u015flad\u0131\u011f\u0131nda yaln\u0131zca kulisler hareketlenmiyor.","og_url":"https:\/\/www.mavihaber.com.tr\/?p=21545","og_site_name":"MAV\u0130 HABER","article_publisher":"https:\/\/www.facebook.com\/ceyhan.mavi.142\/","article_published_time":"2026-05-14T14:26:42+00:00","og_image":[{"width":1024,"height":576,"url":"https:\/\/www.mavihaber.com.tr\/wp-content\/uploads\/2026\/05\/ED49B171-F428-4645-A490-ECD5E711DD82-1024x576.png","type":"image\/png"}],"author":"\u0130zzet AYDEM\u0130R","twitter_card":"summary_large_image","twitter_creator":"@ceyhanmavihaber","twitter_site":"@ceyhanmavihaber","twitter_misc":{"Yazan:":"\u0130zzet AYDEM\u0130R","Tahmini okuma s\u00fcresi":"3 dakika"},"schema":{"@context":"https:\/\/schema.org","@graph":[{"@type":"Article","@id":"https:\/\/www.mavihaber.com.tr\/?p=21545#article","isPartOf":{"@id":"https:\/\/www.mavihaber.com.tr\/?p=21545"},"author":{"name":"\u0130zzet AYDEM\u0130R","@id":"https:\/\/www.mavihaber.com.tr\/#\/schema\/person\/dd7a0a39b6b2d5cc1609c32154b07a7d"},"headline":"Se\u00e7imler esnafa dert oldu","datePublished":"2026-05-14T14:26:42+00:00","mainEntityOfPage":{"@id":"https:\/\/www.mavihaber.com.tr\/?p=21545"},"wordCount":595,"commentCount":0,"publisher":{"@id":"https:\/\/www.mavihaber.com.tr\/#organization"},"image":{"@id":"https:\/\/www.mavihaber.com.tr\/?p=21545#primaryimage"},"thumbnailUrl":"https:\/\/www.mavihaber.com.tr\/wp-content\/uploads\/2026\/05\/ED49B171-F428-4645-A490-ECD5E711DD82.png","keywords":["ceyhan","Se\u00e7im","stk"],"articleSection":["Ceyhan","ED\u0130T\u00d6R\u00dcN SE\u00c7T\u0130KLER\u0130","Ekonomi","G\u00fcndem","Siyaset","Ya\u015fam"],"inLanguage":"tr","potentialAction":[{"@type":"CommentAction","name":"Comment","target":["https:\/\/www.mavihaber.com.tr\/?p=21545#respond"]}]},{"@type":"WebPage","@id":"https:\/\/www.mavihaber.com.tr\/?p=21545","url":"https:\/\/www.mavihaber.com.tr\/?p=21545","name":"Se\u00e7imler esnafa dert oldu - MAV\u0130 HABER","isPartOf":{"@id":"https:\/\/www.mavihaber.com.tr\/#website"},"primaryImageOfPage":{"@id":"https:\/\/www.mavihaber.com.tr\/?p=21545#primaryimage"},"image":{"@id":"https:\/\/www.mavihaber.com.tr\/?p=21545#primaryimage"},"thumbnailUrl":"https:\/\/www.mavihaber.com.tr\/wp-content\/uploads\/2026\/05\/ED49B171-F428-4645-A490-ECD5E711DD82.png","datePublished":"2026-05-14T14:26:42+00:00","breadcrumb":{"@id":"https:\/\/www.mavihaber.com.tr\/?p=21545#breadcrumb"},"inLanguage":"tr","potentialAction":[{"@type":"ReadAction","target":["https:\/\/www.mavihaber.com.tr\/?p=21545"]}]},{"@type":"ImageObject","inLanguage":"tr","@id":"https:\/\/www.mavihaber.com.tr\/?p=21545#primaryimage","url":"https:\/\/www.mavihaber.com.tr\/wp-content\/uploads\/2026\/05\/ED49B171-F428-4645-A490-ECD5E711DD82.png","contentUrl":"https:\/\/www.mavihaber.com.tr\/wp-content\/uploads\/2026\/05\/ED49B171-F428-4645-A490-ECD5E711DD82.png","width":1672,"height":941},{"@type":"BreadcrumbList","@id":"https:\/\/www.mavihaber.com.tr\/?p=21545#breadcrumb","itemListElement":[{"@type":"ListItem","position":1,"name":"Anasayfa","item":"https:\/\/www.mavihaber.com.tr\/"},{"@type":"ListItem","position":2,"name":"Se\u00e7imler esnafa dert oldu"}]},{"@type":"WebSite","@id":"https:\/\/www.mavihaber.com.tr\/#website","url":"https:\/\/www.mavihaber.com.tr\/","name":"MAV\u0130 HABER","description":"S&Ouml;Z U&Ccedil;AR YAZI KALIR","publisher":{"@id":"https:\/\/www.mavihaber.com.tr\/#organization"},"potentialAction":[{"@type":"SearchAction","target":{"@type":"EntryPoint","urlTemplate":"https:\/\/www.mavihaber.com.tr\/?s={search_term_string}"},"query-input":{"@type":"PropertyValueSpecification","valueRequired":true,"valueName":"search_term_string"}}],"inLanguage":"tr"},{"@type":"Organization","@id":"https:\/\/www.mavihaber.com.tr\/#organization","name":"MAV\u0130 HABER","url":"https:\/\/www.mavihaber.com.tr\/","logo":{"@type":"ImageObject","inLanguage":"tr","@id":"https:\/\/www.mavihaber.com.tr\/#\/schema\/logo\/image\/","url":"http:\/\/www.mavihaber.com.tr\/wp-content\/uploads\/2022\/02\/mavi-logo.png","contentUrl":"http:\/\/www.mavihaber.com.tr\/wp-content\/uploads\/2022\/02\/mavi-logo.png","width":301,"height":81,"caption":"MAV\u0130 HABER"},"image":{"@id":"https:\/\/www.mavihaber.com.tr\/#\/schema\/logo\/image\/"},"sameAs":["https:\/\/www.facebook.com\/ceyhan.mavi.142\/","https:\/\/x.com\/ceyhanmavihaber","https:\/\/www.instagram.com\/ceyhanmavihaber\/","https:\/\/www.youtube.com\/channel\/UCJQ-0-AFgj2GjI269QDUwNw"]},{"@type":"Person","@id":"https:\/\/www.mavihaber.com.tr\/#\/schema\/person\/dd7a0a39b6b2d5cc1609c32154b07a7d","name":"\u0130zzet AYDEM\u0130R","image":{"@type":"ImageObject","inLanguage":"tr","@id":"https:\/\/secure.gravatar.com\/avatar\/320a36bef556c371376115ba1e7491216472a73c7b42710d508168617c47b64f?s=96&d=mm&r=g","url":"https:\/\/secure.gravatar.com\/avatar\/320a36bef556c371376115ba1e7491216472a73c7b42710d508168617c47b64f?s=96&d=mm&r=g","contentUrl":"https:\/\/secure.gravatar.com\/avatar\/320a36bef556c371376115ba1e7491216472a73c7b42710d508168617c47b64f?s=96&d=mm&r=g","caption":"\u0130zzet AYDEM\u0130R"},"sameAs":["http:\/\/www.mavihaber.com.tr"],"url":"https:\/\/www.mavihaber.com.tr\/?author=5"}]}},"views":381,"_links":{"self":[{"href":"https:\/\/www.mavihaber.com.tr\/index.php?rest_route=\/wp\/v2\/posts\/21545","targetHints":{"allow":["GET"]}}],"collection":[{"href":"https:\/\/www.mavihaber.com.tr\/index.php?rest_route=\/wp\/v2\/posts"}],"about":[{"href":"https:\/\/www.mavihaber.com.tr\/index.php?rest_route=\/wp\/v2\/types\/post"}],"author":[{"embeddable":true,"href":"https:\/\/www.mavihaber.com.tr\/index.php?rest_route=\/wp\/v2\/users\/5"}],"replies":[{"embeddable":true,"href":"https:\/\/www.mavihaber.com.tr\/index.php?rest_route=%2Fwp%2Fv2%2Fcomments&post=21545"}],"version-history":[{"count":1,"href":"https:\/\/www.mavihaber.com.tr\/index.php?rest_route=\/wp\/v2\/posts\/21545\/revisions"}],"predecessor-version":[{"id":21547,"href":"https:\/\/www.mavihaber.com.tr\/index.php?rest_route=\/wp\/v2\/posts\/21545\/revisions\/21547"}],"wp:featuredmedia":[{"embeddable":true,"href":"https:\/\/www.mavihaber.com.tr\/index.php?rest_route=\/wp\/v2\/media\/21546"}],"wp:attachment":[{"href":"https:\/\/www.mavihaber.com.tr\/index.php?rest_route=%2Fwp%2Fv2%2Fmedia&parent=21545"}],"wp:term":[{"taxonomy":"category","embeddable":true,"href":"https:\/\/www.mavihaber.com.tr\/index.php?rest_route=%2Fwp%2Fv2%2Fcategories&post=21545"},{"taxonomy":"post_tag","embeddable":true,"href":"https:\/\/www.mavihaber.com.tr\/index.php?rest_route=%2Fwp%2Fv2%2Ftags&post=21545"}],"curies":[{"name":"wp","href":"https:\/\/api.w.org\/{rel}","templated":true}]}}