{"id":21663,"date":"2026-06-03T06:54:55","date_gmt":"2026-06-03T06:54:55","guid":{"rendered":"https:\/\/www.mavihaber.com.tr\/?p=21663"},"modified":"2026-06-03T06:54:55","modified_gmt":"2026-06-03T06:54:55","slug":"karpuz-festivaline-hazir","status":"publish","type":"post","link":"https:\/\/www.mavihaber.com.tr\/?p=21663","title":{"rendered":"Karpuz Festivaline haz\u0131r"},"content":{"rendered":"<p><img loading=\"lazy\" decoding=\"async\" class=\"alignnone wp-image-21664 size-large\" src=\"https:\/\/www.mavihaber.com.tr\/wp-content\/uploads\/2026\/06\/D3C020ED-BC24-429E-96A0-681DBEC6C01A-1024x576.png\" alt=\"\" width=\"1024\" height=\"576\" srcset=\"https:\/\/www.mavihaber.com.tr\/wp-content\/uploads\/2026\/06\/D3C020ED-BC24-429E-96A0-681DBEC6C01A-1024x576.png 1024w, https:\/\/www.mavihaber.com.tr\/wp-content\/uploads\/2026\/06\/D3C020ED-BC24-429E-96A0-681DBEC6C01A-300x169.png 300w, https:\/\/www.mavihaber.com.tr\/wp-content\/uploads\/2026\/06\/D3C020ED-BC24-429E-96A0-681DBEC6C01A-768x432.png 768w, https:\/\/www.mavihaber.com.tr\/wp-content\/uploads\/2026\/06\/D3C020ED-BC24-429E-96A0-681DBEC6C01A-1536x864.png 1536w, https:\/\/www.mavihaber.com.tr\/wp-content\/uploads\/2026\/06\/D3C020ED-BC24-429E-96A0-681DBEC6C01A.png 1672w\" sizes=\"auto, (max-width: 1024px) 100vw, 1024px\" \/>\u201cAmac\u0131m\u0131z Sadece Tan\u0131t\u0131m De\u011fil, \u00dcreticiye Sahip \u00c7\u0131kmak\u201d<\/p>\n<p>Adana\u2019n\u0131n Ceyhan il\u00e7esinde bu y\u0131l \u00fc\u00e7\u00fcnc\u00fcs\u00fc d\u00fczenlenecek olan Geleneksel Karpuz Festivali i\u00e7in haz\u0131rl\u0131klar tamamland\u0131. 9-10 Temmuz tarihlerinde ger\u00e7ekle\u015ftirilecek festival, hem b\u00f6lge ekonomisine katk\u0131 sunmay\u0131 hem de d\u00fcnyaca tan\u0131nan Ceyhan karpuzunun bilinirli\u011fini daha da art\u0131rmay\u0131 hedefliyor.<\/p>\n<p>K\u00fclt\u00fcr, E\u011flence ve Ekonomi Bir Arada<\/p>\n<p>Bereketli \u00c7ukurova topraklar\u0131nda yeti\u015fen ve kendine \u00f6zg\u00fc aromas\u0131yla dikkat \u00e7eken Ceyhan karpuzu, iki g\u00fcn boyunca s\u00fcrecek etkinliklerle adeta \u015f\u00f6len havas\u0131nda kutlanacak. Festival program\u0131 kapsam\u0131nda renkli kortej y\u00fcr\u00fcy\u00fc\u015f\u00fc d\u00fczenlenecek, \u00e7ocuklara \u00e7e\u015fitli hediyeler da\u011f\u0131t\u0131lacak ve yerel \u00fcreticilerin \u00fcr\u00fcnlerini sergileyebilece\u011fi stantlar kurulacak.<\/p>\n<p>Festival alan\u0131nda ger\u00e7ekle\u015ftirilecek yar\u0131\u015fmalar ziyaret\u00e7ilere keyifli anlar ya\u015fat\u0131rken, m\u00fczik d\u00fcnyas\u0131n\u0131n sevilen isimleri de sahne performanslar\u0131yla etkinli\u011fe renk katacak. \u2018O Ses T\u00fcrkiye\u2019 finalisti Azerbaycanl\u0131 sanat\u00e7\u0131 G\u00fcnay Beylerg\u0131z\u0131 ile Adanal\u0131 sanat\u00e7\u0131lar Mehmet Kamer ve \u015eahan festival co\u015fkusunu zirveye ta\u015f\u0131yacak.<\/p>\n<p>\u201cCeyhan\u2019\u0131n De\u011ferlerini \u00d6n Plana \u00c7\u0131kar\u0131yoruz\u201d<\/p>\n<p>Festivalin b\u00f6lge ad\u0131na ta\u015f\u0131d\u0131\u011f\u0131 \u00f6neme dikkat \u00e7eken Ceyhan Aktif Gazeteciler Derne\u011fi Ba\u015fkan\u0131 Osman Yavuz, organizasyonun art\u0131k geleneksel bir kimlik kazand\u0131\u011f\u0131n\u0131 s\u00f6yledi.<\/p>\n<p><img loading=\"lazy\" decoding=\"async\" class=\"alignnone size-medium wp-image-21665\" src=\"https:\/\/www.mavihaber.com.tr\/wp-content\/uploads\/2026\/06\/07b0e457-ee16-4de4-9f5c-012d407e0a3e-300x135.jpeg\" alt=\"\" width=\"300\" height=\"135\" srcset=\"https:\/\/www.mavihaber.com.tr\/wp-content\/uploads\/2026\/06\/07b0e457-ee16-4de4-9f5c-012d407e0a3e-300x135.jpeg 300w, https:\/\/www.mavihaber.com.tr\/wp-content\/uploads\/2026\/06\/07b0e457-ee16-4de4-9f5c-012d407e0a3e-1024x461.jpeg 1024w, https:\/\/www.mavihaber.com.tr\/wp-content\/uploads\/2026\/06\/07b0e457-ee16-4de4-9f5c-012d407e0a3e-768x346.jpeg 768w, https:\/\/www.mavihaber.com.tr\/wp-content\/uploads\/2026\/06\/07b0e457-ee16-4de4-9f5c-012d407e0a3e-1536x692.jpeg 1536w, https:\/\/www.mavihaber.com.tr\/wp-content\/uploads\/2026\/06\/07b0e457-ee16-4de4-9f5c-012d407e0a3e.jpeg 1599w\" sizes=\"auto, (max-width: 300px) 100vw, 300px\" \/><br \/>\nYavuz a\u00e7\u0131klamas\u0131nda \u015fu ifadelere yer verdi:<\/p>\n<p>\u201cFestival yaln\u0131zca bir \u00fcr\u00fcn tan\u0131t\u0131m\u0131 de\u011fil, ayn\u0131 zamanda Ceyhan\u2019\u0131n k\u00fclt\u00fcrel, sosyal ve ekonomik de\u011ferlerini \u00f6n plana \u00e7\u0131karan \u00f6nemli bir organizasyon olma \u00f6zelli\u011fi ta\u015f\u0131yor. \u0130l\u00e7enin simgelerinden biri haline gelen Ceyhan karpuzu, bu festival arac\u0131l\u0131\u011f\u0131yla halkla bulu\u015furken; m\u00fczik, e\u011flence ve payla\u015f\u0131m dolu bir atmosfer olu\u015fturmay\u0131 hedefliyoruz.\u201d<\/p>\n<p>Tertip Komitesinden Sitem ve Vefa Vurgusu<\/p>\n<p>Festival Tertip Komitesi Ba\u015fkan\u0131 Yal\u00e7\u0131n Arslan ise yapt\u0131\u011f\u0131 a\u00e7\u0131klamada, organizasyonun \u00fcstlenilme s\u00fcrecine dair dikkat \u00e7eken de\u011ferlendirmelerde bulundu.<\/p>\n<p>Arslan, baz\u0131 kurumlar\u0131n ilgisizli\u011fine sitem ederek \u015fu ifadeleri kulland\u0131:<\/p>\n<p><img loading=\"lazy\" decoding=\"async\" class=\"alignleft wp-image-21666 size-medium\" src=\"https:\/\/www.mavihaber.com.tr\/wp-content\/uploads\/2026\/06\/5209ea83-e88f-4f5b-86e3-7e2954e9f743-135x300.jpeg\" alt=\"\" width=\"135\" height=\"300\" srcset=\"https:\/\/www.mavihaber.com.tr\/wp-content\/uploads\/2026\/06\/5209ea83-e88f-4f5b-86e3-7e2954e9f743-135x300.jpeg 135w, https:\/\/www.mavihaber.com.tr\/wp-content\/uploads\/2026\/06\/5209ea83-e88f-4f5b-86e3-7e2954e9f743-461x1024.jpeg 461w, https:\/\/www.mavihaber.com.tr\/wp-content\/uploads\/2026\/06\/5209ea83-e88f-4f5b-86e3-7e2954e9f743-692x1536.jpeg 692w, https:\/\/www.mavihaber.com.tr\/wp-content\/uploads\/2026\/06\/5209ea83-e88f-4f5b-86e3-7e2954e9f743.jpeg 720w\" sizes=\"auto, (max-width: 135px) 100vw, 135px\" \/>\u201cD\u00fcnyada bilinirli\u011fi olan ve \u2018Ceyhan Karpuzu\u2019 ad\u0131yla \u00fcn salm\u0131\u015f bir tar\u0131m \u00fcr\u00fcn\u00fcn\u00fcn festivalini organize etmek belki de derne\u011fimizin asli sorumlulu\u011fu de\u011fildir. Ancak bu \u00f6nemli mirasa sahip \u00e7\u0131kmas\u0131 gereken kurumlar\u0131n duyars\u0131zl\u0131\u011f\u0131 bizleri harekete ge\u00e7irmi\u015ftir.<\/p>\n<p>Bu sorumlulu\u011fu bir vefa borcu bilinciyle, Ceyhan\u2019a g\u00f6n\u00fcl veren gazeteciler olarak biz \u00fcstlendik. \u00c7\u00fcnk\u00fc biz yaln\u0131zca haberin pe\u015finden de\u011fil, ayn\u0131 zamanda bu kentin de\u011ferlerinin izinden de gidiyoruz. Festivalimizin amac\u0131 sadece karpuzumuzu tan\u0131tmak de\u011fil; ayn\u0131 zamanda \u00fcreticimize, eme\u011fe ve Ceyhan\u2019\u0131n gelece\u011fine sahip \u00e7\u0131kmakt\u0131r.\u201d<\/p>\n","protected":false},"excerpt":{"rendered":"<p>\u201cAmac\u0131m\u0131z Sadece Tan\u0131t\u0131m De\u011fil, \u00dcreticiye Sahip \u00c7\u0131kmak\u201d Adana\u2019n\u0131n Ceyhan il\u00e7esinde bu y\u0131l \u00fc\u00e7\u00fcnc\u00fcs\u00fc d\u00fczenlenecek olan Geleneksel Karpuz Festivali i\u00e7in haz\u0131rl\u0131klar<\/p>\n","protected":false},"author":5,"featured_media":21664,"comment_status":"open","ping_status":"open","sticky":false,"template":"","format":"standard","meta":{"footnotes":""},"categories":[26,8,10,12],"tags":[],"class_list":["post-21663","post","type-post","status-publish","format-standard","has-post-thumbnail","hentry","category-ceyhan","category-ekonomi","category-gundem","category-saglik"],"yoast_head":"<!-- This site is optimized with the Yoast SEO plugin v28.2 - https:\/\/yoast.com\/product\/yoast-seo-wordpress\/ -->\n<title>Karpuz Festivaline haz\u0131r - MAV\u0130 HABER<\/title>\n<meta name=\"robots\" content=\"index, follow, max-snippet:-1, max-image-preview:large, max-video-preview:-1\" \/>\n<link rel=\"canonical\" href=\"https:\/\/www.mavihaber.com.tr\/?p=21663\" \/>\n<meta property=\"og:locale\" content=\"tr_TR\" \/>\n<meta property=\"og:type\" content=\"article\" \/>\n<meta property=\"og:title\" content=\"Karpuz Festivaline haz\u0131r - MAV\u0130 HABER\" \/>\n<meta property=\"og:description\" content=\"\u201cAmac\u0131m\u0131z Sadece Tan\u0131t\u0131m De\u011fil, \u00dcreticiye Sahip \u00c7\u0131kmak\u201d Adana\u2019n\u0131n Ceyhan il\u00e7esinde bu y\u0131l \u00fc\u00e7\u00fcnc\u00fcs\u00fc d\u00fczenlenecek olan Geleneksel Karpuz Festivali i\u00e7in haz\u0131rl\u0131klar\" \/>\n<meta property=\"og:url\" content=\"https:\/\/www.mavihaber.com.tr\/?p=21663\" \/>\n<meta property=\"og:site_name\" content=\"MAV\u0130 HABER\" \/>\n<meta property=\"article:publisher\" content=\"https:\/\/www.facebook.com\/ceyhan.mavi.142\/\" \/>\n<meta property=\"article:published_time\" content=\"2026-06-03T06:54:55+00:00\" \/>\n<meta property=\"og:image\" content=\"https:\/\/www.mavihaber.com.tr\/wp-content\/uploads\/2026\/06\/D3C020ED-BC24-429E-96A0-681DBEC6C01A-1024x576.png\" \/>\n\t<meta property=\"og:image:width\" content=\"1024\" \/>\n\t<meta property=\"og:image:height\" content=\"576\" \/>\n\t<meta property=\"og:image:type\" content=\"image\/png\" \/>\n<meta name=\"author\" content=\"\u0130zzet AYDEM\u0130R\" \/>\n<meta name=\"twitter:card\" content=\"summary_large_image\" \/>\n<meta name=\"twitter:creator\" content=\"@ceyhanmavihaber\" \/>\n<meta name=\"twitter:site\" content=\"@ceyhanmavihaber\" \/>\n<meta name=\"twitter:label1\" content=\"Yazan:\" \/>\n\t<meta name=\"twitter:data1\" content=\"\u0130zzet AYDEM\u0130R\" \/>\n\t<meta name=\"twitter:label2\" content=\"Tahmini okuma s\u00fcresi\" \/>\n\t<meta name=\"twitter:data2\" content=\"2 dakika\" \/>\n<script type=\"application\/ld+json\" class=\"yoast-schema-graph\">{\"@context\":\"https:\\\/\\\/schema.org\",\"@graph\":[{\"@type\":\"Article\",\"@id\":\"https:\\\/\\\/www.mavihaber.com.tr\\\/?p=21663#article\",\"isPartOf\":{\"@id\":\"https:\\\/\\\/www.mavihaber.com.tr\\\/?p=21663\"},\"author\":{\"name\":\"\u0130zzet AYDEM\u0130R\",\"@id\":\"https:\\\/\\\/www.mavihaber.com.tr\\\/#\\\/schema\\\/person\\\/dd7a0a39b6b2d5cc1609c32154b07a7d\"},\"headline\":\"Karpuz Festivaline haz\u0131r\",\"datePublished\":\"2026-06-03T06:54:55+00:00\",\"mainEntityOfPage\":{\"@id\":\"https:\\\/\\\/www.mavihaber.com.tr\\\/?p=21663\"},\"wordCount\":436,\"commentCount\":0,\"publisher\":{\"@id\":\"https:\\\/\\\/www.mavihaber.com.tr\\\/#organization\"},\"image\":{\"@id\":\"https:\\\/\\\/www.mavihaber.com.tr\\\/?p=21663#primaryimage\"},\"thumbnailUrl\":\"https:\\\/\\\/www.mavihaber.com.tr\\\/wp-content\\\/uploads\\\/2026\\\/06\\\/D3C020ED-BC24-429E-96A0-681DBEC6C01A.png\",\"articleSection\":[\"Ceyhan\",\"Ekonomi\",\"G\u00fcndem\",\"Sa\u011fl\u0131k\"],\"inLanguage\":\"tr\",\"potentialAction\":[{\"@type\":\"CommentAction\",\"name\":\"Comment\",\"target\":[\"https:\\\/\\\/www.mavihaber.com.tr\\\/?p=21663#respond\"]}]},{\"@type\":\"WebPage\",\"@id\":\"https:\\\/\\\/www.mavihaber.com.tr\\\/?p=21663\",\"url\":\"https:\\\/\\\/www.mavihaber.com.tr\\\/?p=21663\",\"name\":\"Karpuz Festivaline haz\u0131r - MAV\u0130 HABER\",\"isPartOf\":{\"@id\":\"https:\\\/\\\/www.mavihaber.com.tr\\\/#website\"},\"primaryImageOfPage\":{\"@id\":\"https:\\\/\\\/www.mavihaber.com.tr\\\/?p=21663#primaryimage\"},\"image\":{\"@id\":\"https:\\\/\\\/www.mavihaber.com.tr\\\/?p=21663#primaryimage\"},\"thumbnailUrl\":\"https:\\\/\\\/www.mavihaber.com.tr\\\/wp-content\\\/uploads\\\/2026\\\/06\\\/D3C020ED-BC24-429E-96A0-681DBEC6C01A.png\",\"datePublished\":\"2026-06-03T06:54:55+00:00\",\"breadcrumb\":{\"@id\":\"https:\\\/\\\/www.mavihaber.com.tr\\\/?p=21663#breadcrumb\"},\"inLanguage\":\"tr\",\"potentialAction\":[{\"@type\":\"ReadAction\",\"target\":[\"https:\\\/\\\/www.mavihaber.com.tr\\\/?p=21663\"]}]},{\"@type\":\"ImageObject\",\"inLanguage\":\"tr\",\"@id\":\"https:\\\/\\\/www.mavihaber.com.tr\\\/?p=21663#primaryimage\",\"url\":\"https:\\\/\\\/www.mavihaber.com.tr\\\/wp-content\\\/uploads\\\/2026\\\/06\\\/D3C020ED-BC24-429E-96A0-681DBEC6C01A.png\",\"contentUrl\":\"https:\\\/\\\/www.mavihaber.com.tr\\\/wp-content\\\/uploads\\\/2026\\\/06\\\/D3C020ED-BC24-429E-96A0-681DBEC6C01A.png\",\"width\":1672,\"height\":941},{\"@type\":\"BreadcrumbList\",\"@id\":\"https:\\\/\\\/www.mavihaber.com.tr\\\/?p=21663#breadcrumb\",\"itemListElement\":[{\"@type\":\"ListItem\",\"position\":1,\"name\":\"Anasayfa\",\"item\":\"https:\\\/\\\/www.mavihaber.com.tr\\\/\"},{\"@type\":\"ListItem\",\"position\":2,\"name\":\"Karpuz Festivaline haz\u0131r\"}]},{\"@type\":\"WebSite\",\"@id\":\"https:\\\/\\\/www.mavihaber.com.tr\\\/#website\",\"url\":\"https:\\\/\\\/www.mavihaber.com.tr\\\/\",\"name\":\"MAV\u0130 HABER\",\"description\":\"S&Ouml;Z U&Ccedil;AR YAZI KALIR\",\"publisher\":{\"@id\":\"https:\\\/\\\/www.mavihaber.com.tr\\\/#organization\"},\"potentialAction\":[{\"@type\":\"SearchAction\",\"target\":{\"@type\":\"EntryPoint\",\"urlTemplate\":\"https:\\\/\\\/www.mavihaber.com.tr\\\/?s={search_term_string}\"},\"query-input\":{\"@type\":\"PropertyValueSpecification\",\"valueRequired\":true,\"valueName\":\"search_term_string\"}}],\"inLanguage\":\"tr\"},{\"@type\":\"Organization\",\"@id\":\"https:\\\/\\\/www.mavihaber.com.tr\\\/#organization\",\"name\":\"MAV\u0130 HABER\",\"url\":\"https:\\\/\\\/www.mavihaber.com.tr\\\/\",\"logo\":{\"@type\":\"ImageObject\",\"inLanguage\":\"tr\",\"@id\":\"https:\\\/\\\/www.mavihaber.com.tr\\\/#\\\/schema\\\/logo\\\/image\\\/\",\"url\":\"http:\\\/\\\/www.mavihaber.com.tr\\\/wp-content\\\/uploads\\\/2022\\\/02\\\/mavi-logo.png\",\"contentUrl\":\"http:\\\/\\\/www.mavihaber.com.tr\\\/wp-content\\\/uploads\\\/2022\\\/02\\\/mavi-logo.png\",\"width\":301,\"height\":81,\"caption\":\"MAV\u0130 HABER\"},\"image\":{\"@id\":\"https:\\\/\\\/www.mavihaber.com.tr\\\/#\\\/schema\\\/logo\\\/image\\\/\"},\"sameAs\":[\"https:\\\/\\\/www.facebook.com\\\/ceyhan.mavi.142\\\/\",\"https:\\\/\\\/x.com\\\/ceyhanmavihaber\",\"https:\\\/\\\/www.instagram.com\\\/ceyhanmavihaber\\\/\",\"https:\\\/\\\/www.youtube.com\\\/channel\\\/UCJQ-0-AFgj2GjI269QDUwNw\"]},{\"@type\":\"Person\",\"@id\":\"https:\\\/\\\/www.mavihaber.com.tr\\\/#\\\/schema\\\/person\\\/dd7a0a39b6b2d5cc1609c32154b07a7d\",\"name\":\"\u0130zzet AYDEM\u0130R\",\"image\":{\"@type\":\"ImageObject\",\"inLanguage\":\"tr\",\"@id\":\"https:\\\/\\\/secure.gravatar.com\\\/avatar\\\/320a36bef556c371376115ba1e7491216472a73c7b42710d508168617c47b64f?s=96&d=mm&r=g\",\"url\":\"https:\\\/\\\/secure.gravatar.com\\\/avatar\\\/320a36bef556c371376115ba1e7491216472a73c7b42710d508168617c47b64f?s=96&d=mm&r=g\",\"contentUrl\":\"https:\\\/\\\/secure.gravatar.com\\\/avatar\\\/320a36bef556c371376115ba1e7491216472a73c7b42710d508168617c47b64f?s=96&d=mm&r=g\",\"caption\":\"\u0130zzet AYDEM\u0130R\"},\"sameAs\":[\"http:\\\/\\\/www.mavihaber.com.tr\"],\"url\":\"https:\\\/\\\/www.mavihaber.com.tr\\\/?author=5\"}]}<\/script>\n<!-- \/ Yoast SEO plugin. -->","yoast_head_json":{"title":"Karpuz Festivaline haz\u0131r - MAV\u0130 HABER","robots":{"index":"index","follow":"follow","max-snippet":"max-snippet:-1","max-image-preview":"max-image-preview:large","max-video-preview":"max-video-preview:-1"},"canonical":"https:\/\/www.mavihaber.com.tr\/?p=21663","og_locale":"tr_TR","og_type":"article","og_title":"Karpuz Festivaline haz\u0131r - MAV\u0130 HABER","og_description":"\u201cAmac\u0131m\u0131z Sadece Tan\u0131t\u0131m De\u011fil, \u00dcreticiye Sahip \u00c7\u0131kmak\u201d Adana\u2019n\u0131n Ceyhan il\u00e7esinde bu y\u0131l \u00fc\u00e7\u00fcnc\u00fcs\u00fc d\u00fczenlenecek olan Geleneksel Karpuz Festivali i\u00e7in haz\u0131rl\u0131klar","og_url":"https:\/\/www.mavihaber.com.tr\/?p=21663","og_site_name":"MAV\u0130 HABER","article_publisher":"https:\/\/www.facebook.com\/ceyhan.mavi.142\/","article_published_time":"2026-06-03T06:54:55+00:00","og_image":[{"width":1024,"height":576,"url":"https:\/\/www.mavihaber.com.tr\/wp-content\/uploads\/2026\/06\/D3C020ED-BC24-429E-96A0-681DBEC6C01A-1024x576.png","type":"image\/png"}],"author":"\u0130zzet AYDEM\u0130R","twitter_card":"summary_large_image","twitter_creator":"@ceyhanmavihaber","twitter_site":"@ceyhanmavihaber","twitter_misc":{"Yazan:":"\u0130zzet AYDEM\u0130R","Tahmini okuma s\u00fcresi":"2 dakika"},"schema":{"@context":"https:\/\/schema.org","@graph":[{"@type":"Article","@id":"https:\/\/www.mavihaber.com.tr\/?p=21663#article","isPartOf":{"@id":"https:\/\/www.mavihaber.com.tr\/?p=21663"},"author":{"name":"\u0130zzet AYDEM\u0130R","@id":"https:\/\/www.mavihaber.com.tr\/#\/schema\/person\/dd7a0a39b6b2d5cc1609c32154b07a7d"},"headline":"Karpuz Festivaline haz\u0131r","datePublished":"2026-06-03T06:54:55+00:00","mainEntityOfPage":{"@id":"https:\/\/www.mavihaber.com.tr\/?p=21663"},"wordCount":436,"commentCount":0,"publisher":{"@id":"https:\/\/www.mavihaber.com.tr\/#organization"},"image":{"@id":"https:\/\/www.mavihaber.com.tr\/?p=21663#primaryimage"},"thumbnailUrl":"https:\/\/www.mavihaber.com.tr\/wp-content\/uploads\/2026\/06\/D3C020ED-BC24-429E-96A0-681DBEC6C01A.png","articleSection":["Ceyhan","Ekonomi","G\u00fcndem","Sa\u011fl\u0131k"],"inLanguage":"tr","potentialAction":[{"@type":"CommentAction","name":"Comment","target":["https:\/\/www.mavihaber.com.tr\/?p=21663#respond"]}]},{"@type":"WebPage","@id":"https:\/\/www.mavihaber.com.tr\/?p=21663","url":"https:\/\/www.mavihaber.com.tr\/?p=21663","name":"Karpuz Festivaline haz\u0131r - MAV\u0130 HABER","isPartOf":{"@id":"https:\/\/www.mavihaber.com.tr\/#website"},"primaryImageOfPage":{"@id":"https:\/\/www.mavihaber.com.tr\/?p=21663#primaryimage"},"image":{"@id":"https:\/\/www.mavihaber.com.tr\/?p=21663#primaryimage"},"thumbnailUrl":"https:\/\/www.mavihaber.com.tr\/wp-content\/uploads\/2026\/06\/D3C020ED-BC24-429E-96A0-681DBEC6C01A.png","datePublished":"2026-06-03T06:54:55+00:00","breadcrumb":{"@id":"https:\/\/www.mavihaber.com.tr\/?p=21663#breadcrumb"},"inLanguage":"tr","potentialAction":[{"@type":"ReadAction","target":["https:\/\/www.mavihaber.com.tr\/?p=21663"]}]},{"@type":"ImageObject","inLanguage":"tr","@id":"https:\/\/www.mavihaber.com.tr\/?p=21663#primaryimage","url":"https:\/\/www.mavihaber.com.tr\/wp-content\/uploads\/2026\/06\/D3C020ED-BC24-429E-96A0-681DBEC6C01A.png","contentUrl":"https:\/\/www.mavihaber.com.tr\/wp-content\/uploads\/2026\/06\/D3C020ED-BC24-429E-96A0-681DBEC6C01A.png","width":1672,"height":941},{"@type":"BreadcrumbList","@id":"https:\/\/www.mavihaber.com.tr\/?p=21663#breadcrumb","itemListElement":[{"@type":"ListItem","position":1,"name":"Anasayfa","item":"https:\/\/www.mavihaber.com.tr\/"},{"@type":"ListItem","position":2,"name":"Karpuz Festivaline haz\u0131r"}]},{"@type":"WebSite","@id":"https:\/\/www.mavihaber.com.tr\/#website","url":"https:\/\/www.mavihaber.com.tr\/","name":"MAV\u0130 HABER","description":"S&Ouml;Z U&Ccedil;AR YAZI KALIR","publisher":{"@id":"https:\/\/www.mavihaber.com.tr\/#organization"},"potentialAction":[{"@type":"SearchAction","target":{"@type":"EntryPoint","urlTemplate":"https:\/\/www.mavihaber.com.tr\/?s={search_term_string}"},"query-input":{"@type":"PropertyValueSpecification","valueRequired":true,"valueName":"search_term_string"}}],"inLanguage":"tr"},{"@type":"Organization","@id":"https:\/\/www.mavihaber.com.tr\/#organization","name":"MAV\u0130 HABER","url":"https:\/\/www.mavihaber.com.tr\/","logo":{"@type":"ImageObject","inLanguage":"tr","@id":"https:\/\/www.mavihaber.com.tr\/#\/schema\/logo\/image\/","url":"http:\/\/www.mavihaber.com.tr\/wp-content\/uploads\/2022\/02\/mavi-logo.png","contentUrl":"http:\/\/www.mavihaber.com.tr\/wp-content\/uploads\/2022\/02\/mavi-logo.png","width":301,"height":81,"caption":"MAV\u0130 HABER"},"image":{"@id":"https:\/\/www.mavihaber.com.tr\/#\/schema\/logo\/image\/"},"sameAs":["https:\/\/www.facebook.com\/ceyhan.mavi.142\/","https:\/\/x.com\/ceyhanmavihaber","https:\/\/www.instagram.com\/ceyhanmavihaber\/","https:\/\/www.youtube.com\/channel\/UCJQ-0-AFgj2GjI269QDUwNw"]},{"@type":"Person","@id":"https:\/\/www.mavihaber.com.tr\/#\/schema\/person\/dd7a0a39b6b2d5cc1609c32154b07a7d","name":"\u0130zzet AYDEM\u0130R","image":{"@type":"ImageObject","inLanguage":"tr","@id":"https:\/\/secure.gravatar.com\/avatar\/320a36bef556c371376115ba1e7491216472a73c7b42710d508168617c47b64f?s=96&d=mm&r=g","url":"https:\/\/secure.gravatar.com\/avatar\/320a36bef556c371376115ba1e7491216472a73c7b42710d508168617c47b64f?s=96&d=mm&r=g","contentUrl":"https:\/\/secure.gravatar.com\/avatar\/320a36bef556c371376115ba1e7491216472a73c7b42710d508168617c47b64f?s=96&d=mm&r=g","caption":"\u0130zzet AYDEM\u0130R"},"sameAs":["http:\/\/www.mavihaber.com.tr"],"url":"https:\/\/www.mavihaber.com.tr\/?author=5"}]}},"views":159,"_links":{"self":[{"href":"https:\/\/www.mavihaber.com.tr\/index.php?rest_route=\/wp\/v2\/posts\/21663","targetHints":{"allow":["GET"]}}],"collection":[{"href":"https:\/\/www.mavihaber.com.tr\/index.php?rest_route=\/wp\/v2\/posts"}],"about":[{"href":"https:\/\/www.mavihaber.com.tr\/index.php?rest_route=\/wp\/v2\/types\/post"}],"author":[{"embeddable":true,"href":"https:\/\/www.mavihaber.com.tr\/index.php?rest_route=\/wp\/v2\/users\/5"}],"replies":[{"embeddable":true,"href":"https:\/\/www.mavihaber.com.tr\/index.php?rest_route=%2Fwp%2Fv2%2Fcomments&post=21663"}],"version-history":[{"count":1,"href":"https:\/\/www.mavihaber.com.tr\/index.php?rest_route=\/wp\/v2\/posts\/21663\/revisions"}],"predecessor-version":[{"id":21667,"href":"https:\/\/www.mavihaber.com.tr\/index.php?rest_route=\/wp\/v2\/posts\/21663\/revisions\/21667"}],"wp:featuredmedia":[{"embeddable":true,"href":"https:\/\/www.mavihaber.com.tr\/index.php?rest_route=\/wp\/v2\/media\/21664"}],"wp:attachment":[{"href":"https:\/\/www.mavihaber.com.tr\/index.php?rest_route=%2Fwp%2Fv2%2Fmedia&parent=21663"}],"wp:term":[{"taxonomy":"category","embeddable":true,"href":"https:\/\/www.mavihaber.com.tr\/index.php?rest_route=%2Fwp%2Fv2%2Fcategories&post=21663"},{"taxonomy":"post_tag","embeddable":true,"href":"https:\/\/www.mavihaber.com.tr\/index.php?rest_route=%2Fwp%2Fv2%2Ftags&post=21663"}],"curies":[{"name":"wp","href":"https:\/\/api.w.org\/{rel}","templated":true}]}}