{"id":21668,"date":"2026-06-03T08:36:05","date_gmt":"2026-06-03T08:36:05","guid":{"rendered":"https:\/\/www.mavihaber.com.tr\/?p=21668"},"modified":"2026-06-03T08:40:05","modified_gmt":"2026-06-03T08:40:05","slug":"tamer-dagli-istifa-etti","status":"publish","type":"post","link":"https:\/\/www.mavihaber.com.tr\/?p=21668","title":{"rendered":"Tamer Da\u011fl\u0131 istifa etti"},"content":{"rendered":"<p><img loading=\"lazy\" decoding=\"async\" class=\"alignnone size-medium wp-image-21669\" src=\"https:\/\/www.mavihaber.com.tr\/wp-content\/uploads\/2026\/06\/3B4A9134-A24E-426F-BCA9-BE309CFF279E-300x169.png\" alt=\"\" width=\"300\" height=\"169\" srcset=\"https:\/\/www.mavihaber.com.tr\/wp-content\/uploads\/2026\/06\/3B4A9134-A24E-426F-BCA9-BE309CFF279E-300x169.png 300w, https:\/\/www.mavihaber.com.tr\/wp-content\/uploads\/2026\/06\/3B4A9134-A24E-426F-BCA9-BE309CFF279E-1024x576.png 1024w, https:\/\/www.mavihaber.com.tr\/wp-content\/uploads\/2026\/06\/3B4A9134-A24E-426F-BCA9-BE309CFF279E-768x432.png 768w, https:\/\/www.mavihaber.com.tr\/wp-content\/uploads\/2026\/06\/3B4A9134-A24E-426F-BCA9-BE309CFF279E-1536x864.png 1536w, https:\/\/www.mavihaber.com.tr\/wp-content\/uploads\/2026\/06\/3B4A9134-A24E-426F-BCA9-BE309CFF279E.png 1672w\" sizes=\"auto, (max-width: 300px) 100vw, 300px\" \/><br \/>\nAK Parti Adana \u0130l Ba\u015fkan\u0131 Tamer Da\u011fl\u0131 istifa etti\u011fini sosyal medyadan duyurdu.<\/p>\n<p>i\u015fte Da\u011fl\u0131\u2019n\u0131n sosyal medya payla\u015f\u0131m\u0131;<\/p>\n<p>&nbsp;<\/p>\n<p>\u201cK\u0131ymetli dava arkada\u015flar\u0131m, sayg\u0131de\u011fer hem\u015fehrilerim;<\/p>\n<p>Yakla\u015f\u0131k 15 y\u0131ld\u0131r \u00e7e\u015fitli kademelerinde g\u00f6rev yapma \u015ferefine eri\u015fti\u011fim siyasi hareketimizin her a\u015famas\u0131nda, milletimizin ve davam\u0131z\u0131n menfaatlerinin pe\u015finde olmaya gayret ettim. Bu s\u00fcre\u00e7te iki d\u00f6nem milletvekilli\u011fi, bir d\u00f6nem MKYK \u00fcyeli\u011fi ve son olarak \u0130l Ba\u015fkanl\u0131\u011f\u0131 g\u00f6revlerini bana lay\u0131k g\u00f6ren ba\u015fta Say\u0131n Cumhurba\u015fkan\u0131m\u0131z olmak \u00fczere t\u00fcm te\u015fkilat mensuplar\u0131m\u0131za \u015f\u00fckranlar\u0131m\u0131 sunuyorum.<\/p>\n<p>Siyaset benim i\u00e7in hi\u00e7bir zaman makamlar\u0131n, unvanlar\u0131n veya koltuklar\u0131n ad\u0131 olmad\u0131. Siyaset; milletin derdiyle dertlenmek, \u015fehrin gelece\u011fi i\u00e7in m\u00fccadele etmekti bizler i\u00e7in.<\/p>\n<p>G\u00f6rev yapt\u0131\u011f\u0131m s\u00fcre boyunca kap\u0131s\u0131n\u0131 \u00e7almad\u0131\u011f\u0131m k\u00f6y, elini s\u0131kmad\u0131\u011f\u0131m vatanda\u015f, omuz omuza m\u00fccadele etmedi\u011fim te\u015fkilat mensubu b\u0131rakmamaya \u00e7al\u0131\u015ft\u0131m. \u0130nsanlar\u0131n g\u00f6nl\u00fcnde yer edinmenin, resmi s\u0131fatlardan \u00e7ok daha k\u0131ymetli oldu\u011funa inand\u0131m.<\/p>\n<p>Bug\u00fcn gelinen noktada partime ve liderime olan ba\u011fl\u0131l\u0131\u011f\u0131m\u0131 ayn\u0131 kararl\u0131l\u0131kla s\u00fcrd\u00fcrece\u011fimi ifade etmek istiyorum. Bu vesileyle onurla y\u00fcr\u00fctt\u00fc\u011f\u00fcm Adana \u0130l Ba\u015fkanl\u0131\u011f\u0131 g\u00f6revimden istifa ediyorum.<\/p>\n<p>Tarih boyunca makamlar ge\u00e7ici, n\u00fcfuz alanlar\u0131 de\u011fi\u015fkendir; fakat milletin vicdan\u0131nda verilen h\u00fck\u00fcm kal\u0131c\u0131d\u0131r.<\/p>\n<p>G\u00f6rev s\u00fcrem boyunca birlikte \u00e7al\u0131\u015ft\u0131\u011f\u0131m te\u015fkilat mensuplar\u0131m\u0131za, sivil toplum kurulu\u015flar\u0131m\u0131za, bas\u0131n mensuplar\u0131m\u0131za ve her zaman yan\u0131mda olan aziz hem\u015fehrilerime g\u00f6n\u00fclden te\u015fekk\u00fcr ediyorum.<\/p>\n<p>Bu \u015fehre olan sevdam\u0131z, milletimize olan hizmet a\u015fk\u0131m\u0131z ve davam\u0131za olan inanc\u0131m\u0131z sona ermeyecektir.<\/p>\n<p>Bu g\u00f6revden sadece bir makam sahibi olarak de\u011fil; g\u00f6n\u00fcllerde g\u00fczel bir iz b\u0131rakm\u0131\u015f bir karde\u015finiz olarak ayr\u0131lmay\u0131 tercih ediyorum.<\/p>\n<p>Allah \u00e7\u0131kt\u0131\u011f\u0131m\u0131z bu hizmet yolunda hepimizin yard\u0131mc\u0131s\u0131 olsun.<\/p>\n<p>Hepinizi sayg\u0131 ve muhabbetle selaml\u0131yorum.\u201d<\/p>\n","protected":false},"excerpt":{"rendered":"<p>AK Parti Adana \u0130l Ba\u015fkan\u0131 Tamer Da\u011fl\u0131 istifa etti\u011fini sosyal medyadan duyurdu. i\u015fte Da\u011fl\u0131\u2019n\u0131n sosyal medya payla\u015f\u0131m\u0131; &nbsp; \u201cK\u0131ymetli dava<\/p>\n","protected":false},"author":5,"featured_media":21669,"comment_status":"open","ping_status":"open","sticky":false,"template":"","format":"standard","meta":{"footnotes":""},"categories":[10,13,18],"tags":[],"class_list":["post-21668","post","type-post","status-publish","format-standard","has-post-thumbnail","hentry","category-gundem","category-siyaset","category-yasam"],"yoast_head":"<!-- This site is optimized with the Yoast SEO plugin v28.2 - https:\/\/yoast.com\/product\/yoast-seo-wordpress\/ -->\n<title>Tamer Da\u011fl\u0131 istifa etti - MAV\u0130 HABER<\/title>\n<meta name=\"robots\" content=\"index, follow, max-snippet:-1, max-image-preview:large, max-video-preview:-1\" \/>\n<link rel=\"canonical\" href=\"https:\/\/www.mavihaber.com.tr\/?p=21668\" \/>\n<meta property=\"og:locale\" content=\"tr_TR\" \/>\n<meta property=\"og:type\" content=\"article\" \/>\n<meta property=\"og:title\" content=\"Tamer Da\u011fl\u0131 istifa etti - MAV\u0130 HABER\" \/>\n<meta property=\"og:description\" content=\"AK Parti Adana \u0130l Ba\u015fkan\u0131 Tamer Da\u011fl\u0131 istifa etti\u011fini sosyal medyadan duyurdu. i\u015fte Da\u011fl\u0131\u2019n\u0131n sosyal medya payla\u015f\u0131m\u0131; &nbsp; \u201cK\u0131ymetli dava\" \/>\n<meta property=\"og:url\" content=\"https:\/\/www.mavihaber.com.tr\/?p=21668\" \/>\n<meta property=\"og:site_name\" content=\"MAV\u0130 HABER\" \/>\n<meta property=\"article:publisher\" content=\"https:\/\/www.facebook.com\/ceyhan.mavi.142\/\" \/>\n<meta property=\"article:published_time\" content=\"2026-06-03T08:36:05+00:00\" \/>\n<meta property=\"article:modified_time\" content=\"2026-06-03T08:40:05+00:00\" \/>\n<meta property=\"og:image\" content=\"https:\/\/www.mavihaber.com.tr\/wp-content\/uploads\/2026\/06\/3B4A9134-A24E-426F-BCA9-BE309CFF279E.png\" \/>\n\t<meta property=\"og:image:width\" content=\"1672\" \/>\n\t<meta property=\"og:image:height\" content=\"941\" \/>\n\t<meta property=\"og:image:type\" content=\"image\/png\" \/>\n<meta name=\"author\" content=\"\u0130zzet AYDEM\u0130R\" \/>\n<meta name=\"twitter:card\" content=\"summary_large_image\" \/>\n<meta name=\"twitter:creator\" content=\"@ceyhanmavihaber\" \/>\n<meta name=\"twitter:site\" content=\"@ceyhanmavihaber\" \/>\n<meta name=\"twitter:label1\" content=\"Yazan:\" \/>\n\t<meta name=\"twitter:data1\" content=\"\u0130zzet AYDEM\u0130R\" \/>\n\t<meta name=\"twitter:label2\" content=\"Tahmini okuma s\u00fcresi\" \/>\n\t<meta name=\"twitter:data2\" content=\"2 dakika\" \/>\n<script type=\"application\/ld+json\" class=\"yoast-schema-graph\">{\"@context\":\"https:\\\/\\\/schema.org\",\"@graph\":[{\"@type\":\"Article\",\"@id\":\"https:\\\/\\\/www.mavihaber.com.tr\\\/?p=21668#article\",\"isPartOf\":{\"@id\":\"https:\\\/\\\/www.mavihaber.com.tr\\\/?p=21668\"},\"author\":{\"name\":\"\u0130zzet AYDEM\u0130R\",\"@id\":\"https:\\\/\\\/www.mavihaber.com.tr\\\/#\\\/schema\\\/person\\\/dd7a0a39b6b2d5cc1609c32154b07a7d\"},\"headline\":\"Tamer Da\u011fl\u0131 istifa etti\",\"datePublished\":\"2026-06-03T08:36:05+00:00\",\"dateModified\":\"2026-06-03T08:40:05+00:00\",\"mainEntityOfPage\":{\"@id\":\"https:\\\/\\\/www.mavihaber.com.tr\\\/?p=21668\"},\"wordCount\":372,\"commentCount\":0,\"publisher\":{\"@id\":\"https:\\\/\\\/www.mavihaber.com.tr\\\/#organization\"},\"image\":{\"@id\":\"https:\\\/\\\/www.mavihaber.com.tr\\\/?p=21668#primaryimage\"},\"thumbnailUrl\":\"https:\\\/\\\/www.mavihaber.com.tr\\\/wp-content\\\/uploads\\\/2026\\\/06\\\/3B4A9134-A24E-426F-BCA9-BE309CFF279E.png\",\"articleSection\":[\"G\u00fcndem\",\"Siyaset\",\"Ya\u015fam\"],\"inLanguage\":\"tr\",\"potentialAction\":[{\"@type\":\"CommentAction\",\"name\":\"Comment\",\"target\":[\"https:\\\/\\\/www.mavihaber.com.tr\\\/?p=21668#respond\"]}]},{\"@type\":\"WebPage\",\"@id\":\"https:\\\/\\\/www.mavihaber.com.tr\\\/?p=21668\",\"url\":\"https:\\\/\\\/www.mavihaber.com.tr\\\/?p=21668\",\"name\":\"Tamer Da\u011fl\u0131 istifa etti - MAV\u0130 HABER\",\"isPartOf\":{\"@id\":\"https:\\\/\\\/www.mavihaber.com.tr\\\/#website\"},\"primaryImageOfPage\":{\"@id\":\"https:\\\/\\\/www.mavihaber.com.tr\\\/?p=21668#primaryimage\"},\"image\":{\"@id\":\"https:\\\/\\\/www.mavihaber.com.tr\\\/?p=21668#primaryimage\"},\"thumbnailUrl\":\"https:\\\/\\\/www.mavihaber.com.tr\\\/wp-content\\\/uploads\\\/2026\\\/06\\\/3B4A9134-A24E-426F-BCA9-BE309CFF279E.png\",\"datePublished\":\"2026-06-03T08:36:05+00:00\",\"dateModified\":\"2026-06-03T08:40:05+00:00\",\"breadcrumb\":{\"@id\":\"https:\\\/\\\/www.mavihaber.com.tr\\\/?p=21668#breadcrumb\"},\"inLanguage\":\"tr\",\"potentialAction\":[{\"@type\":\"ReadAction\",\"target\":[\"https:\\\/\\\/www.mavihaber.com.tr\\\/?p=21668\"]}]},{\"@type\":\"ImageObject\",\"inLanguage\":\"tr\",\"@id\":\"https:\\\/\\\/www.mavihaber.com.tr\\\/?p=21668#primaryimage\",\"url\":\"https:\\\/\\\/www.mavihaber.com.tr\\\/wp-content\\\/uploads\\\/2026\\\/06\\\/3B4A9134-A24E-426F-BCA9-BE309CFF279E.png\",\"contentUrl\":\"https:\\\/\\\/www.mavihaber.com.tr\\\/wp-content\\\/uploads\\\/2026\\\/06\\\/3B4A9134-A24E-426F-BCA9-BE309CFF279E.png\",\"width\":1672,\"height\":941},{\"@type\":\"BreadcrumbList\",\"@id\":\"https:\\\/\\\/www.mavihaber.com.tr\\\/?p=21668#breadcrumb\",\"itemListElement\":[{\"@type\":\"ListItem\",\"position\":1,\"name\":\"Anasayfa\",\"item\":\"https:\\\/\\\/www.mavihaber.com.tr\\\/\"},{\"@type\":\"ListItem\",\"position\":2,\"name\":\"Tamer Da\u011fl\u0131 istifa etti\"}]},{\"@type\":\"WebSite\",\"@id\":\"https:\\\/\\\/www.mavihaber.com.tr\\\/#website\",\"url\":\"https:\\\/\\\/www.mavihaber.com.tr\\\/\",\"name\":\"MAV\u0130 HABER\",\"description\":\"S&Ouml;Z U&Ccedil;AR YAZI KALIR\",\"publisher\":{\"@id\":\"https:\\\/\\\/www.mavihaber.com.tr\\\/#organization\"},\"potentialAction\":[{\"@type\":\"SearchAction\",\"target\":{\"@type\":\"EntryPoint\",\"urlTemplate\":\"https:\\\/\\\/www.mavihaber.com.tr\\\/?s={search_term_string}\"},\"query-input\":{\"@type\":\"PropertyValueSpecification\",\"valueRequired\":true,\"valueName\":\"search_term_string\"}}],\"inLanguage\":\"tr\"},{\"@type\":\"Organization\",\"@id\":\"https:\\\/\\\/www.mavihaber.com.tr\\\/#organization\",\"name\":\"MAV\u0130 HABER\",\"url\":\"https:\\\/\\\/www.mavihaber.com.tr\\\/\",\"logo\":{\"@type\":\"ImageObject\",\"inLanguage\":\"tr\",\"@id\":\"https:\\\/\\\/www.mavihaber.com.tr\\\/#\\\/schema\\\/logo\\\/image\\\/\",\"url\":\"http:\\\/\\\/www.mavihaber.com.tr\\\/wp-content\\\/uploads\\\/2022\\\/02\\\/mavi-logo.png\",\"contentUrl\":\"http:\\\/\\\/www.mavihaber.com.tr\\\/wp-content\\\/uploads\\\/2022\\\/02\\\/mavi-logo.png\",\"width\":301,\"height\":81,\"caption\":\"MAV\u0130 HABER\"},\"image\":{\"@id\":\"https:\\\/\\\/www.mavihaber.com.tr\\\/#\\\/schema\\\/logo\\\/image\\\/\"},\"sameAs\":[\"https:\\\/\\\/www.facebook.com\\\/ceyhan.mavi.142\\\/\",\"https:\\\/\\\/x.com\\\/ceyhanmavihaber\",\"https:\\\/\\\/www.instagram.com\\\/ceyhanmavihaber\\\/\",\"https:\\\/\\\/www.youtube.com\\\/channel\\\/UCJQ-0-AFgj2GjI269QDUwNw\"]},{\"@type\":\"Person\",\"@id\":\"https:\\\/\\\/www.mavihaber.com.tr\\\/#\\\/schema\\\/person\\\/dd7a0a39b6b2d5cc1609c32154b07a7d\",\"name\":\"\u0130zzet AYDEM\u0130R\",\"image\":{\"@type\":\"ImageObject\",\"inLanguage\":\"tr\",\"@id\":\"https:\\\/\\\/secure.gravatar.com\\\/avatar\\\/320a36bef556c371376115ba1e7491216472a73c7b42710d508168617c47b64f?s=96&d=mm&r=g\",\"url\":\"https:\\\/\\\/secure.gravatar.com\\\/avatar\\\/320a36bef556c371376115ba1e7491216472a73c7b42710d508168617c47b64f?s=96&d=mm&r=g\",\"contentUrl\":\"https:\\\/\\\/secure.gravatar.com\\\/avatar\\\/320a36bef556c371376115ba1e7491216472a73c7b42710d508168617c47b64f?s=96&d=mm&r=g\",\"caption\":\"\u0130zzet AYDEM\u0130R\"},\"sameAs\":[\"http:\\\/\\\/www.mavihaber.com.tr\"],\"url\":\"https:\\\/\\\/www.mavihaber.com.tr\\\/?author=5\"}]}<\/script>\n<!-- \/ Yoast SEO plugin. -->","yoast_head_json":{"title":"Tamer Da\u011fl\u0131 istifa etti - MAV\u0130 HABER","robots":{"index":"index","follow":"follow","max-snippet":"max-snippet:-1","max-image-preview":"max-image-preview:large","max-video-preview":"max-video-preview:-1"},"canonical":"https:\/\/www.mavihaber.com.tr\/?p=21668","og_locale":"tr_TR","og_type":"article","og_title":"Tamer Da\u011fl\u0131 istifa etti - MAV\u0130 HABER","og_description":"AK Parti Adana \u0130l Ba\u015fkan\u0131 Tamer Da\u011fl\u0131 istifa etti\u011fini sosyal medyadan duyurdu. i\u015fte Da\u011fl\u0131\u2019n\u0131n sosyal medya payla\u015f\u0131m\u0131; &nbsp; \u201cK\u0131ymetli dava","og_url":"https:\/\/www.mavihaber.com.tr\/?p=21668","og_site_name":"MAV\u0130 HABER","article_publisher":"https:\/\/www.facebook.com\/ceyhan.mavi.142\/","article_published_time":"2026-06-03T08:36:05+00:00","article_modified_time":"2026-06-03T08:40:05+00:00","og_image":[{"width":1672,"height":941,"url":"https:\/\/www.mavihaber.com.tr\/wp-content\/uploads\/2026\/06\/3B4A9134-A24E-426F-BCA9-BE309CFF279E.png","type":"image\/png"}],"author":"\u0130zzet AYDEM\u0130R","twitter_card":"summary_large_image","twitter_creator":"@ceyhanmavihaber","twitter_site":"@ceyhanmavihaber","twitter_misc":{"Yazan:":"\u0130zzet AYDEM\u0130R","Tahmini okuma s\u00fcresi":"2 dakika"},"schema":{"@context":"https:\/\/schema.org","@graph":[{"@type":"Article","@id":"https:\/\/www.mavihaber.com.tr\/?p=21668#article","isPartOf":{"@id":"https:\/\/www.mavihaber.com.tr\/?p=21668"},"author":{"name":"\u0130zzet AYDEM\u0130R","@id":"https:\/\/www.mavihaber.com.tr\/#\/schema\/person\/dd7a0a39b6b2d5cc1609c32154b07a7d"},"headline":"Tamer Da\u011fl\u0131 istifa etti","datePublished":"2026-06-03T08:36:05+00:00","dateModified":"2026-06-03T08:40:05+00:00","mainEntityOfPage":{"@id":"https:\/\/www.mavihaber.com.tr\/?p=21668"},"wordCount":372,"commentCount":0,"publisher":{"@id":"https:\/\/www.mavihaber.com.tr\/#organization"},"image":{"@id":"https:\/\/www.mavihaber.com.tr\/?p=21668#primaryimage"},"thumbnailUrl":"https:\/\/www.mavihaber.com.tr\/wp-content\/uploads\/2026\/06\/3B4A9134-A24E-426F-BCA9-BE309CFF279E.png","articleSection":["G\u00fcndem","Siyaset","Ya\u015fam"],"inLanguage":"tr","potentialAction":[{"@type":"CommentAction","name":"Comment","target":["https:\/\/www.mavihaber.com.tr\/?p=21668#respond"]}]},{"@type":"WebPage","@id":"https:\/\/www.mavihaber.com.tr\/?p=21668","url":"https:\/\/www.mavihaber.com.tr\/?p=21668","name":"Tamer Da\u011fl\u0131 istifa etti - MAV\u0130 HABER","isPartOf":{"@id":"https:\/\/www.mavihaber.com.tr\/#website"},"primaryImageOfPage":{"@id":"https:\/\/www.mavihaber.com.tr\/?p=21668#primaryimage"},"image":{"@id":"https:\/\/www.mavihaber.com.tr\/?p=21668#primaryimage"},"thumbnailUrl":"https:\/\/www.mavihaber.com.tr\/wp-content\/uploads\/2026\/06\/3B4A9134-A24E-426F-BCA9-BE309CFF279E.png","datePublished":"2026-06-03T08:36:05+00:00","dateModified":"2026-06-03T08:40:05+00:00","breadcrumb":{"@id":"https:\/\/www.mavihaber.com.tr\/?p=21668#breadcrumb"},"inLanguage":"tr","potentialAction":[{"@type":"ReadAction","target":["https:\/\/www.mavihaber.com.tr\/?p=21668"]}]},{"@type":"ImageObject","inLanguage":"tr","@id":"https:\/\/www.mavihaber.com.tr\/?p=21668#primaryimage","url":"https:\/\/www.mavihaber.com.tr\/wp-content\/uploads\/2026\/06\/3B4A9134-A24E-426F-BCA9-BE309CFF279E.png","contentUrl":"https:\/\/www.mavihaber.com.tr\/wp-content\/uploads\/2026\/06\/3B4A9134-A24E-426F-BCA9-BE309CFF279E.png","width":1672,"height":941},{"@type":"BreadcrumbList","@id":"https:\/\/www.mavihaber.com.tr\/?p=21668#breadcrumb","itemListElement":[{"@type":"ListItem","position":1,"name":"Anasayfa","item":"https:\/\/www.mavihaber.com.tr\/"},{"@type":"ListItem","position":2,"name":"Tamer Da\u011fl\u0131 istifa etti"}]},{"@type":"WebSite","@id":"https:\/\/www.mavihaber.com.tr\/#website","url":"https:\/\/www.mavihaber.com.tr\/","name":"MAV\u0130 HABER","description":"S&Ouml;Z U&Ccedil;AR YAZI KALIR","publisher":{"@id":"https:\/\/www.mavihaber.com.tr\/#organization"},"potentialAction":[{"@type":"SearchAction","target":{"@type":"EntryPoint","urlTemplate":"https:\/\/www.mavihaber.com.tr\/?s={search_term_string}"},"query-input":{"@type":"PropertyValueSpecification","valueRequired":true,"valueName":"search_term_string"}}],"inLanguage":"tr"},{"@type":"Organization","@id":"https:\/\/www.mavihaber.com.tr\/#organization","name":"MAV\u0130 HABER","url":"https:\/\/www.mavihaber.com.tr\/","logo":{"@type":"ImageObject","inLanguage":"tr","@id":"https:\/\/www.mavihaber.com.tr\/#\/schema\/logo\/image\/","url":"http:\/\/www.mavihaber.com.tr\/wp-content\/uploads\/2022\/02\/mavi-logo.png","contentUrl":"http:\/\/www.mavihaber.com.tr\/wp-content\/uploads\/2022\/02\/mavi-logo.png","width":301,"height":81,"caption":"MAV\u0130 HABER"},"image":{"@id":"https:\/\/www.mavihaber.com.tr\/#\/schema\/logo\/image\/"},"sameAs":["https:\/\/www.facebook.com\/ceyhan.mavi.142\/","https:\/\/x.com\/ceyhanmavihaber","https:\/\/www.instagram.com\/ceyhanmavihaber\/","https:\/\/www.youtube.com\/channel\/UCJQ-0-AFgj2GjI269QDUwNw"]},{"@type":"Person","@id":"https:\/\/www.mavihaber.com.tr\/#\/schema\/person\/dd7a0a39b6b2d5cc1609c32154b07a7d","name":"\u0130zzet AYDEM\u0130R","image":{"@type":"ImageObject","inLanguage":"tr","@id":"https:\/\/secure.gravatar.com\/avatar\/320a36bef556c371376115ba1e7491216472a73c7b42710d508168617c47b64f?s=96&d=mm&r=g","url":"https:\/\/secure.gravatar.com\/avatar\/320a36bef556c371376115ba1e7491216472a73c7b42710d508168617c47b64f?s=96&d=mm&r=g","contentUrl":"https:\/\/secure.gravatar.com\/avatar\/320a36bef556c371376115ba1e7491216472a73c7b42710d508168617c47b64f?s=96&d=mm&r=g","caption":"\u0130zzet AYDEM\u0130R"},"sameAs":["http:\/\/www.mavihaber.com.tr"],"url":"https:\/\/www.mavihaber.com.tr\/?author=5"}]}},"views":98,"_links":{"self":[{"href":"https:\/\/www.mavihaber.com.tr\/index.php?rest_route=\/wp\/v2\/posts\/21668","targetHints":{"allow":["GET"]}}],"collection":[{"href":"https:\/\/www.mavihaber.com.tr\/index.php?rest_route=\/wp\/v2\/posts"}],"about":[{"href":"https:\/\/www.mavihaber.com.tr\/index.php?rest_route=\/wp\/v2\/types\/post"}],"author":[{"embeddable":true,"href":"https:\/\/www.mavihaber.com.tr\/index.php?rest_route=\/wp\/v2\/users\/5"}],"replies":[{"embeddable":true,"href":"https:\/\/www.mavihaber.com.tr\/index.php?rest_route=%2Fwp%2Fv2%2Fcomments&post=21668"}],"version-history":[{"count":2,"href":"https:\/\/www.mavihaber.com.tr\/index.php?rest_route=\/wp\/v2\/posts\/21668\/revisions"}],"predecessor-version":[{"id":21673,"href":"https:\/\/www.mavihaber.com.tr\/index.php?rest_route=\/wp\/v2\/posts\/21668\/revisions\/21673"}],"wp:featuredmedia":[{"embeddable":true,"href":"https:\/\/www.mavihaber.com.tr\/index.php?rest_route=\/wp\/v2\/media\/21669"}],"wp:attachment":[{"href":"https:\/\/www.mavihaber.com.tr\/index.php?rest_route=%2Fwp%2Fv2%2Fmedia&parent=21668"}],"wp:term":[{"taxonomy":"category","embeddable":true,"href":"https:\/\/www.mavihaber.com.tr\/index.php?rest_route=%2Fwp%2Fv2%2Fcategories&post=21668"},{"taxonomy":"post_tag","embeddable":true,"href":"https:\/\/www.mavihaber.com.tr\/index.php?rest_route=%2Fwp%2Fv2%2Ftags&post=21668"}],"curies":[{"name":"wp","href":"https:\/\/api.w.org\/{rel}","templated":true}]}}