{"id":21674,"date":"2026-06-03T13:27:12","date_gmt":"2026-06-03T13:27:12","guid":{"rendered":"https:\/\/www.mavihaber.com.tr\/?p=21674"},"modified":"2026-06-03T14:10:15","modified_gmt":"2026-06-03T14:10:15","slug":"islam-bunul-de-istifa-etti","status":"publish","type":"post","link":"https:\/\/www.mavihaber.com.tr\/?p=21674","title":{"rendered":"\u0130slam B\u00fcn\u00fcl de istifa etti"},"content":{"rendered":"<p><img loading=\"lazy\" decoding=\"async\" class=\"alignnone wp-image-21678 size-large\" src=\"https:\/\/www.mavihaber.com.tr\/wp-content\/uploads\/2026\/06\/C8C9FA9B-CFD7-4DEC-BF38-CDAA46CE09E1-1024x683.png\" alt=\"\" width=\"1024\" height=\"683\" srcset=\"https:\/\/www.mavihaber.com.tr\/wp-content\/uploads\/2026\/06\/C8C9FA9B-CFD7-4DEC-BF38-CDAA46CE09E1-1024x683.png 1024w, https:\/\/www.mavihaber.com.tr\/wp-content\/uploads\/2026\/06\/C8C9FA9B-CFD7-4DEC-BF38-CDAA46CE09E1-300x200.png 300w, https:\/\/www.mavihaber.com.tr\/wp-content\/uploads\/2026\/06\/C8C9FA9B-CFD7-4DEC-BF38-CDAA46CE09E1-768x512.png 768w, https:\/\/www.mavihaber.com.tr\/wp-content\/uploads\/2026\/06\/C8C9FA9B-CFD7-4DEC-BF38-CDAA46CE09E1.png 1536w\" sizes=\"auto, (max-width: 1024px) 100vw, 1024px\" \/><br \/>\nAK Parti Adana \u0130l Ba\u015fkan\u0131 Tamer Da\u011fl\u0131\u2019n\u0131n g\u00f6revinden ayr\u0131lmas\u0131n\u0131n ard\u0131ndan, AK Parti Adana \u0130l Ba\u015fkan Yard\u0131mc\u0131s\u0131 Muhammed \u0130slam B\u00fcn\u00fcl de g\u00f6revlerinden istifa etti\u011fini a\u00e7\u0131klad\u0131.<\/p>\n<p>B\u00fcn\u00fcl, yapt\u0131\u011f\u0131 yaz\u0131l\u0131 a\u00e7\u0131klamada, AK Parti Adana 8. Ola\u011fan \u0130l Kongresi\u2019nde \u0130l Ba\u015fkan\u0131 Tamer Da\u011fl\u0131\u2019n\u0131n tensipleriyle \u0130l Y\u00f6netim Kurulu\u2019nda g\u00f6rev ald\u0131\u011f\u0131n\u0131 belirterek, g\u00f6rev s\u00fcresi boyunca partinin hedefleri do\u011frultusunda Adana\u2019ya hizmet etmek i\u00e7in b\u00fcy\u00fck gayret g\u00f6sterdi\u011fini ifade etti.<\/p>\n<p>Tamer Da\u011fl\u0131\u2019n\u0131n il ba\u015fkanl\u0131\u011f\u0131 g\u00f6revinden ayr\u0131lmas\u0131n\u0131n ard\u0131ndan, kendisine duydu\u011fu sayg\u0131 ve birlikte y\u00fcr\u00fctt\u00fckleri dava arkada\u015fl\u0131\u011f\u0131 nedeniyle AK Parti Adana \u0130l Y\u00f6netim Kurulu ve \u0130l Y\u00fcr\u00fctme Kurulu \u00fcyeli\u011fi g\u00f6revlerinden aff\u0131n\u0131 isteyerek istifa etti\u011fini duyuran B\u00fcn\u00fcl, a\u00e7\u0131klamas\u0131nda \u015fu ifadelere yer verdi:<\/p>\n<p>\u201cG\u00f6rev s\u00fcrem boyunca desteklerini esirgemeyen t\u00fcm te\u015fkilat mensuplar\u0131m\u0131za, dava arkada\u015flar\u0131m\u0131za ve hem\u015fehrilerimize te\u015fekk\u00fcr ediyorum. Cumhurba\u015fkan\u0131m\u0131z ve Genel Ba\u015fkan\u0131m\u0131z Say\u0131n Recep Tayyip Erdo\u011fan liderli\u011finde T\u00fcrkiye Y\u00fczy\u0131l\u0131 hedefleri do\u011frultusunda \u00e7al\u0131\u015fmalar\u0131m\u0131za farkl\u0131 alanlarda katk\u0131 sunmaya devam edece\u011fiz.\u201d<\/p>\n<p>Muhammed \u0130slam B\u00fcn\u00fcl, birlikte g\u00f6rev yapt\u0131\u011f\u0131 dava arkada\u015flar\u0131na te\u015fekk\u00fcr ederek, yeni g\u00f6rev alacak isimlere de ba\u015far\u0131 dileklerini iletti.<\/p>\n","protected":false},"excerpt":{"rendered":"<p>AK Parti Adana \u0130l Ba\u015fkan\u0131 Tamer Da\u011fl\u0131\u2019n\u0131n g\u00f6revinden ayr\u0131lmas\u0131n\u0131n ard\u0131ndan, AK Parti Adana \u0130l Ba\u015fkan Yard\u0131mc\u0131s\u0131 Muhammed \u0130slam B\u00fcn\u00fcl de<\/p>\n","protected":false},"author":5,"featured_media":21678,"comment_status":"open","ping_status":"open","sticky":false,"template":"","format":"standard","meta":{"footnotes":""},"categories":[1,10,13,18],"tags":[],"class_list":["post-21674","post","type-post","status-publish","format-standard","has-post-thumbnail","hentry","category-kulis","category-gundem","category-siyaset","category-yasam"],"yoast_head":"<!-- This site is optimized with the Yoast SEO plugin v28.2 - https:\/\/yoast.com\/product\/yoast-seo-wordpress\/ -->\n<title>\u0130slam B\u00fcn\u00fcl de istifa etti - MAV\u0130 HABER<\/title>\n<meta name=\"robots\" content=\"index, follow, max-snippet:-1, max-image-preview:large, max-video-preview:-1\" \/>\n<link rel=\"canonical\" href=\"https:\/\/www.mavihaber.com.tr\/?p=21674\" \/>\n<meta property=\"og:locale\" content=\"tr_TR\" \/>\n<meta property=\"og:type\" content=\"article\" \/>\n<meta property=\"og:title\" content=\"\u0130slam B\u00fcn\u00fcl de istifa etti - MAV\u0130 HABER\" \/>\n<meta property=\"og:description\" content=\"AK Parti Adana \u0130l Ba\u015fkan\u0131 Tamer Da\u011fl\u0131\u2019n\u0131n g\u00f6revinden ayr\u0131lmas\u0131n\u0131n ard\u0131ndan, AK Parti Adana \u0130l Ba\u015fkan Yard\u0131mc\u0131s\u0131 Muhammed \u0130slam B\u00fcn\u00fcl de\" \/>\n<meta property=\"og:url\" content=\"https:\/\/www.mavihaber.com.tr\/?p=21674\" \/>\n<meta property=\"og:site_name\" content=\"MAV\u0130 HABER\" \/>\n<meta property=\"article:publisher\" content=\"https:\/\/www.facebook.com\/ceyhan.mavi.142\/\" \/>\n<meta property=\"article:published_time\" content=\"2026-06-03T13:27:12+00:00\" \/>\n<meta property=\"article:modified_time\" content=\"2026-06-03T14:10:15+00:00\" \/>\n<meta property=\"og:image\" content=\"https:\/\/www.mavihaber.com.tr\/wp-content\/uploads\/2026\/06\/C8C9FA9B-CFD7-4DEC-BF38-CDAA46CE09E1.png\" \/>\n\t<meta property=\"og:image:width\" content=\"1536\" \/>\n\t<meta property=\"og:image:height\" content=\"1024\" \/>\n\t<meta property=\"og:image:type\" content=\"image\/png\" \/>\n<meta name=\"author\" content=\"\u0130zzet AYDEM\u0130R\" \/>\n<meta name=\"twitter:card\" content=\"summary_large_image\" \/>\n<meta name=\"twitter:creator\" content=\"@ceyhanmavihaber\" \/>\n<meta name=\"twitter:site\" content=\"@ceyhanmavihaber\" \/>\n<meta name=\"twitter:label1\" content=\"Yazan:\" \/>\n\t<meta name=\"twitter:data1\" content=\"\u0130zzet AYDEM\u0130R\" \/>\n\t<meta name=\"twitter:label2\" content=\"Tahmini okuma s\u00fcresi\" \/>\n\t<meta name=\"twitter:data2\" content=\"1 dakika\" \/>\n<script type=\"application\/ld+json\" class=\"yoast-schema-graph\">{\"@context\":\"https:\\\/\\\/schema.org\",\"@graph\":[{\"@type\":\"Article\",\"@id\":\"https:\\\/\\\/www.mavihaber.com.tr\\\/?p=21674#article\",\"isPartOf\":{\"@id\":\"https:\\\/\\\/www.mavihaber.com.tr\\\/?p=21674\"},\"author\":{\"name\":\"\u0130zzet AYDEM\u0130R\",\"@id\":\"https:\\\/\\\/www.mavihaber.com.tr\\\/#\\\/schema\\\/person\\\/dd7a0a39b6b2d5cc1609c32154b07a7d\"},\"headline\":\"\u0130slam B\u00fcn\u00fcl de istifa etti\",\"datePublished\":\"2026-06-03T13:27:12+00:00\",\"dateModified\":\"2026-06-03T14:10:15+00:00\",\"mainEntityOfPage\":{\"@id\":\"https:\\\/\\\/www.mavihaber.com.tr\\\/?p=21674\"},\"wordCount\":261,\"commentCount\":0,\"publisher\":{\"@id\":\"https:\\\/\\\/www.mavihaber.com.tr\\\/#organization\"},\"image\":{\"@id\":\"https:\\\/\\\/www.mavihaber.com.tr\\\/?p=21674#primaryimage\"},\"thumbnailUrl\":\"https:\\\/\\\/www.mavihaber.com.tr\\\/wp-content\\\/uploads\\\/2026\\\/06\\\/C8C9FA9B-CFD7-4DEC-BF38-CDAA46CE09E1.png\",\"articleSection\":[\"Adana Kulis\",\"G\u00fcndem\",\"Siyaset\",\"Ya\u015fam\"],\"inLanguage\":\"tr\",\"potentialAction\":[{\"@type\":\"CommentAction\",\"name\":\"Comment\",\"target\":[\"https:\\\/\\\/www.mavihaber.com.tr\\\/?p=21674#respond\"]}]},{\"@type\":\"WebPage\",\"@id\":\"https:\\\/\\\/www.mavihaber.com.tr\\\/?p=21674\",\"url\":\"https:\\\/\\\/www.mavihaber.com.tr\\\/?p=21674\",\"name\":\"\u0130slam B\u00fcn\u00fcl de istifa etti - MAV\u0130 HABER\",\"isPartOf\":{\"@id\":\"https:\\\/\\\/www.mavihaber.com.tr\\\/#website\"},\"primaryImageOfPage\":{\"@id\":\"https:\\\/\\\/www.mavihaber.com.tr\\\/?p=21674#primaryimage\"},\"image\":{\"@id\":\"https:\\\/\\\/www.mavihaber.com.tr\\\/?p=21674#primaryimage\"},\"thumbnailUrl\":\"https:\\\/\\\/www.mavihaber.com.tr\\\/wp-content\\\/uploads\\\/2026\\\/06\\\/C8C9FA9B-CFD7-4DEC-BF38-CDAA46CE09E1.png\",\"datePublished\":\"2026-06-03T13:27:12+00:00\",\"dateModified\":\"2026-06-03T14:10:15+00:00\",\"breadcrumb\":{\"@id\":\"https:\\\/\\\/www.mavihaber.com.tr\\\/?p=21674#breadcrumb\"},\"inLanguage\":\"tr\",\"potentialAction\":[{\"@type\":\"ReadAction\",\"target\":[\"https:\\\/\\\/www.mavihaber.com.tr\\\/?p=21674\"]}]},{\"@type\":\"ImageObject\",\"inLanguage\":\"tr\",\"@id\":\"https:\\\/\\\/www.mavihaber.com.tr\\\/?p=21674#primaryimage\",\"url\":\"https:\\\/\\\/www.mavihaber.com.tr\\\/wp-content\\\/uploads\\\/2026\\\/06\\\/C8C9FA9B-CFD7-4DEC-BF38-CDAA46CE09E1.png\",\"contentUrl\":\"https:\\\/\\\/www.mavihaber.com.tr\\\/wp-content\\\/uploads\\\/2026\\\/06\\\/C8C9FA9B-CFD7-4DEC-BF38-CDAA46CE09E1.png\",\"width\":1536,\"height\":1024},{\"@type\":\"BreadcrumbList\",\"@id\":\"https:\\\/\\\/www.mavihaber.com.tr\\\/?p=21674#breadcrumb\",\"itemListElement\":[{\"@type\":\"ListItem\",\"position\":1,\"name\":\"Anasayfa\",\"item\":\"https:\\\/\\\/www.mavihaber.com.tr\\\/\"},{\"@type\":\"ListItem\",\"position\":2,\"name\":\"\u0130slam B\u00fcn\u00fcl de istifa etti\"}]},{\"@type\":\"WebSite\",\"@id\":\"https:\\\/\\\/www.mavihaber.com.tr\\\/#website\",\"url\":\"https:\\\/\\\/www.mavihaber.com.tr\\\/\",\"name\":\"MAV\u0130 HABER\",\"description\":\"S&Ouml;Z U&Ccedil;AR YAZI KALIR\",\"publisher\":{\"@id\":\"https:\\\/\\\/www.mavihaber.com.tr\\\/#organization\"},\"potentialAction\":[{\"@type\":\"SearchAction\",\"target\":{\"@type\":\"EntryPoint\",\"urlTemplate\":\"https:\\\/\\\/www.mavihaber.com.tr\\\/?s={search_term_string}\"},\"query-input\":{\"@type\":\"PropertyValueSpecification\",\"valueRequired\":true,\"valueName\":\"search_term_string\"}}],\"inLanguage\":\"tr\"},{\"@type\":\"Organization\",\"@id\":\"https:\\\/\\\/www.mavihaber.com.tr\\\/#organization\",\"name\":\"MAV\u0130 HABER\",\"url\":\"https:\\\/\\\/www.mavihaber.com.tr\\\/\",\"logo\":{\"@type\":\"ImageObject\",\"inLanguage\":\"tr\",\"@id\":\"https:\\\/\\\/www.mavihaber.com.tr\\\/#\\\/schema\\\/logo\\\/image\\\/\",\"url\":\"http:\\\/\\\/www.mavihaber.com.tr\\\/wp-content\\\/uploads\\\/2022\\\/02\\\/mavi-logo.png\",\"contentUrl\":\"http:\\\/\\\/www.mavihaber.com.tr\\\/wp-content\\\/uploads\\\/2022\\\/02\\\/mavi-logo.png\",\"width\":301,\"height\":81,\"caption\":\"MAV\u0130 HABER\"},\"image\":{\"@id\":\"https:\\\/\\\/www.mavihaber.com.tr\\\/#\\\/schema\\\/logo\\\/image\\\/\"},\"sameAs\":[\"https:\\\/\\\/www.facebook.com\\\/ceyhan.mavi.142\\\/\",\"https:\\\/\\\/x.com\\\/ceyhanmavihaber\",\"https:\\\/\\\/www.instagram.com\\\/ceyhanmavihaber\\\/\",\"https:\\\/\\\/www.youtube.com\\\/channel\\\/UCJQ-0-AFgj2GjI269QDUwNw\"]},{\"@type\":\"Person\",\"@id\":\"https:\\\/\\\/www.mavihaber.com.tr\\\/#\\\/schema\\\/person\\\/dd7a0a39b6b2d5cc1609c32154b07a7d\",\"name\":\"\u0130zzet AYDEM\u0130R\",\"image\":{\"@type\":\"ImageObject\",\"inLanguage\":\"tr\",\"@id\":\"https:\\\/\\\/secure.gravatar.com\\\/avatar\\\/320a36bef556c371376115ba1e7491216472a73c7b42710d508168617c47b64f?s=96&d=mm&r=g\",\"url\":\"https:\\\/\\\/secure.gravatar.com\\\/avatar\\\/320a36bef556c371376115ba1e7491216472a73c7b42710d508168617c47b64f?s=96&d=mm&r=g\",\"contentUrl\":\"https:\\\/\\\/secure.gravatar.com\\\/avatar\\\/320a36bef556c371376115ba1e7491216472a73c7b42710d508168617c47b64f?s=96&d=mm&r=g\",\"caption\":\"\u0130zzet AYDEM\u0130R\"},\"sameAs\":[\"http:\\\/\\\/www.mavihaber.com.tr\"],\"url\":\"https:\\\/\\\/www.mavihaber.com.tr\\\/?author=5\"}]}<\/script>\n<!-- \/ Yoast SEO plugin. -->","yoast_head_json":{"title":"\u0130slam B\u00fcn\u00fcl de istifa etti - MAV\u0130 HABER","robots":{"index":"index","follow":"follow","max-snippet":"max-snippet:-1","max-image-preview":"max-image-preview:large","max-video-preview":"max-video-preview:-1"},"canonical":"https:\/\/www.mavihaber.com.tr\/?p=21674","og_locale":"tr_TR","og_type":"article","og_title":"\u0130slam B\u00fcn\u00fcl de istifa etti - MAV\u0130 HABER","og_description":"AK Parti Adana \u0130l Ba\u015fkan\u0131 Tamer Da\u011fl\u0131\u2019n\u0131n g\u00f6revinden ayr\u0131lmas\u0131n\u0131n ard\u0131ndan, AK Parti Adana \u0130l Ba\u015fkan Yard\u0131mc\u0131s\u0131 Muhammed \u0130slam B\u00fcn\u00fcl de","og_url":"https:\/\/www.mavihaber.com.tr\/?p=21674","og_site_name":"MAV\u0130 HABER","article_publisher":"https:\/\/www.facebook.com\/ceyhan.mavi.142\/","article_published_time":"2026-06-03T13:27:12+00:00","article_modified_time":"2026-06-03T14:10:15+00:00","og_image":[{"width":1536,"height":1024,"url":"https:\/\/www.mavihaber.com.tr\/wp-content\/uploads\/2026\/06\/C8C9FA9B-CFD7-4DEC-BF38-CDAA46CE09E1.png","type":"image\/png"}],"author":"\u0130zzet AYDEM\u0130R","twitter_card":"summary_large_image","twitter_creator":"@ceyhanmavihaber","twitter_site":"@ceyhanmavihaber","twitter_misc":{"Yazan:":"\u0130zzet AYDEM\u0130R","Tahmini okuma s\u00fcresi":"1 dakika"},"schema":{"@context":"https:\/\/schema.org","@graph":[{"@type":"Article","@id":"https:\/\/www.mavihaber.com.tr\/?p=21674#article","isPartOf":{"@id":"https:\/\/www.mavihaber.com.tr\/?p=21674"},"author":{"name":"\u0130zzet AYDEM\u0130R","@id":"https:\/\/www.mavihaber.com.tr\/#\/schema\/person\/dd7a0a39b6b2d5cc1609c32154b07a7d"},"headline":"\u0130slam B\u00fcn\u00fcl de istifa etti","datePublished":"2026-06-03T13:27:12+00:00","dateModified":"2026-06-03T14:10:15+00:00","mainEntityOfPage":{"@id":"https:\/\/www.mavihaber.com.tr\/?p=21674"},"wordCount":261,"commentCount":0,"publisher":{"@id":"https:\/\/www.mavihaber.com.tr\/#organization"},"image":{"@id":"https:\/\/www.mavihaber.com.tr\/?p=21674#primaryimage"},"thumbnailUrl":"https:\/\/www.mavihaber.com.tr\/wp-content\/uploads\/2026\/06\/C8C9FA9B-CFD7-4DEC-BF38-CDAA46CE09E1.png","articleSection":["Adana Kulis","G\u00fcndem","Siyaset","Ya\u015fam"],"inLanguage":"tr","potentialAction":[{"@type":"CommentAction","name":"Comment","target":["https:\/\/www.mavihaber.com.tr\/?p=21674#respond"]}]},{"@type":"WebPage","@id":"https:\/\/www.mavihaber.com.tr\/?p=21674","url":"https:\/\/www.mavihaber.com.tr\/?p=21674","name":"\u0130slam B\u00fcn\u00fcl de istifa etti - MAV\u0130 HABER","isPartOf":{"@id":"https:\/\/www.mavihaber.com.tr\/#website"},"primaryImageOfPage":{"@id":"https:\/\/www.mavihaber.com.tr\/?p=21674#primaryimage"},"image":{"@id":"https:\/\/www.mavihaber.com.tr\/?p=21674#primaryimage"},"thumbnailUrl":"https:\/\/www.mavihaber.com.tr\/wp-content\/uploads\/2026\/06\/C8C9FA9B-CFD7-4DEC-BF38-CDAA46CE09E1.png","datePublished":"2026-06-03T13:27:12+00:00","dateModified":"2026-06-03T14:10:15+00:00","breadcrumb":{"@id":"https:\/\/www.mavihaber.com.tr\/?p=21674#breadcrumb"},"inLanguage":"tr","potentialAction":[{"@type":"ReadAction","target":["https:\/\/www.mavihaber.com.tr\/?p=21674"]}]},{"@type":"ImageObject","inLanguage":"tr","@id":"https:\/\/www.mavihaber.com.tr\/?p=21674#primaryimage","url":"https:\/\/www.mavihaber.com.tr\/wp-content\/uploads\/2026\/06\/C8C9FA9B-CFD7-4DEC-BF38-CDAA46CE09E1.png","contentUrl":"https:\/\/www.mavihaber.com.tr\/wp-content\/uploads\/2026\/06\/C8C9FA9B-CFD7-4DEC-BF38-CDAA46CE09E1.png","width":1536,"height":1024},{"@type":"BreadcrumbList","@id":"https:\/\/www.mavihaber.com.tr\/?p=21674#breadcrumb","itemListElement":[{"@type":"ListItem","position":1,"name":"Anasayfa","item":"https:\/\/www.mavihaber.com.tr\/"},{"@type":"ListItem","position":2,"name":"\u0130slam B\u00fcn\u00fcl de istifa etti"}]},{"@type":"WebSite","@id":"https:\/\/www.mavihaber.com.tr\/#website","url":"https:\/\/www.mavihaber.com.tr\/","name":"MAV\u0130 HABER","description":"S&Ouml;Z U&Ccedil;AR YAZI KALIR","publisher":{"@id":"https:\/\/www.mavihaber.com.tr\/#organization"},"potentialAction":[{"@type":"SearchAction","target":{"@type":"EntryPoint","urlTemplate":"https:\/\/www.mavihaber.com.tr\/?s={search_term_string}"},"query-input":{"@type":"PropertyValueSpecification","valueRequired":true,"valueName":"search_term_string"}}],"inLanguage":"tr"},{"@type":"Organization","@id":"https:\/\/www.mavihaber.com.tr\/#organization","name":"MAV\u0130 HABER","url":"https:\/\/www.mavihaber.com.tr\/","logo":{"@type":"ImageObject","inLanguage":"tr","@id":"https:\/\/www.mavihaber.com.tr\/#\/schema\/logo\/image\/","url":"http:\/\/www.mavihaber.com.tr\/wp-content\/uploads\/2022\/02\/mavi-logo.png","contentUrl":"http:\/\/www.mavihaber.com.tr\/wp-content\/uploads\/2022\/02\/mavi-logo.png","width":301,"height":81,"caption":"MAV\u0130 HABER"},"image":{"@id":"https:\/\/www.mavihaber.com.tr\/#\/schema\/logo\/image\/"},"sameAs":["https:\/\/www.facebook.com\/ceyhan.mavi.142\/","https:\/\/x.com\/ceyhanmavihaber","https:\/\/www.instagram.com\/ceyhanmavihaber\/","https:\/\/www.youtube.com\/channel\/UCJQ-0-AFgj2GjI269QDUwNw"]},{"@type":"Person","@id":"https:\/\/www.mavihaber.com.tr\/#\/schema\/person\/dd7a0a39b6b2d5cc1609c32154b07a7d","name":"\u0130zzet AYDEM\u0130R","image":{"@type":"ImageObject","inLanguage":"tr","@id":"https:\/\/secure.gravatar.com\/avatar\/320a36bef556c371376115ba1e7491216472a73c7b42710d508168617c47b64f?s=96&d=mm&r=g","url":"https:\/\/secure.gravatar.com\/avatar\/320a36bef556c371376115ba1e7491216472a73c7b42710d508168617c47b64f?s=96&d=mm&r=g","contentUrl":"https:\/\/secure.gravatar.com\/avatar\/320a36bef556c371376115ba1e7491216472a73c7b42710d508168617c47b64f?s=96&d=mm&r=g","caption":"\u0130zzet AYDEM\u0130R"},"sameAs":["http:\/\/www.mavihaber.com.tr"],"url":"https:\/\/www.mavihaber.com.tr\/?author=5"}]}},"views":162,"_links":{"self":[{"href":"https:\/\/www.mavihaber.com.tr\/index.php?rest_route=\/wp\/v2\/posts\/21674","targetHints":{"allow":["GET"]}}],"collection":[{"href":"https:\/\/www.mavihaber.com.tr\/index.php?rest_route=\/wp\/v2\/posts"}],"about":[{"href":"https:\/\/www.mavihaber.com.tr\/index.php?rest_route=\/wp\/v2\/types\/post"}],"author":[{"embeddable":true,"href":"https:\/\/www.mavihaber.com.tr\/index.php?rest_route=\/wp\/v2\/users\/5"}],"replies":[{"embeddable":true,"href":"https:\/\/www.mavihaber.com.tr\/index.php?rest_route=%2Fwp%2Fv2%2Fcomments&post=21674"}],"version-history":[{"count":4,"href":"https:\/\/www.mavihaber.com.tr\/index.php?rest_route=\/wp\/v2\/posts\/21674\/revisions"}],"predecessor-version":[{"id":21680,"href":"https:\/\/www.mavihaber.com.tr\/index.php?rest_route=\/wp\/v2\/posts\/21674\/revisions\/21680"}],"wp:featuredmedia":[{"embeddable":true,"href":"https:\/\/www.mavihaber.com.tr\/index.php?rest_route=\/wp\/v2\/media\/21678"}],"wp:attachment":[{"href":"https:\/\/www.mavihaber.com.tr\/index.php?rest_route=%2Fwp%2Fv2%2Fmedia&parent=21674"}],"wp:term":[{"taxonomy":"category","embeddable":true,"href":"https:\/\/www.mavihaber.com.tr\/index.php?rest_route=%2Fwp%2Fv2%2Fcategories&post=21674"},{"taxonomy":"post_tag","embeddable":true,"href":"https:\/\/www.mavihaber.com.tr\/index.php?rest_route=%2Fwp%2Fv2%2Ftags&post=21674"}],"curies":[{"name":"wp","href":"https:\/\/api.w.org\/{rel}","templated":true}]}}