{"id":21692,"date":"2026-06-04T11:18:07","date_gmt":"2026-06-04T11:18:07","guid":{"rendered":"https:\/\/www.mavihaber.com.tr\/?p=21692"},"modified":"2026-06-04T11:18:07","modified_gmt":"2026-06-04T11:18:07","slug":"bunule-yeni-gorev","status":"publish","type":"post","link":"https:\/\/www.mavihaber.com.tr\/?p=21692","title":{"rendered":"B\u00fcn\u00fcl\u2019e yeni g\u00f6rev"},"content":{"rendered":"<p><img loading=\"lazy\" decoding=\"async\" class=\"alignnone wp-image-21693 size-large\" src=\"https:\/\/www.mavihaber.com.tr\/wp-content\/uploads\/2026\/06\/8C23F677-B078-4A2D-928D-1E1FA8CD583D-1024x683.png\" alt=\"\" width=\"1024\" height=\"683\" srcset=\"https:\/\/www.mavihaber.com.tr\/wp-content\/uploads\/2026\/06\/8C23F677-B078-4A2D-928D-1E1FA8CD583D-1024x683.png 1024w, https:\/\/www.mavihaber.com.tr\/wp-content\/uploads\/2026\/06\/8C23F677-B078-4A2D-928D-1E1FA8CD583D-300x200.png 300w, https:\/\/www.mavihaber.com.tr\/wp-content\/uploads\/2026\/06\/8C23F677-B078-4A2D-928D-1E1FA8CD583D-768x512.png 768w, https:\/\/www.mavihaber.com.tr\/wp-content\/uploads\/2026\/06\/8C23F677-B078-4A2D-928D-1E1FA8CD583D.png 1536w\" sizes=\"auto, (max-width: 1024px) 100vw, 1024px\" \/><\/p>\n<p>T\u00fcrkiye genelindeki f\u0131r\u0131nc\u0131 esnaf\u0131n\u0131n \u00e7at\u0131 kurulu\u015fu olan T\u00fcrkiye F\u0131r\u0131nc\u0131lar Federasyonu\u2019nun 8. Ola\u011fan Genel Kurulu\u2019nda yap\u0131lan se\u00e7imler sonucunda, Ceyhan F\u0131r\u0131nc\u0131lar ve Unlu Maddeler Esnaf Odas\u0131 Ba\u015fkan\u0131 Muhammed \u0130slam B\u00fcn\u00fcl, Federasyon Denetim Kurulu Ba\u015fkanl\u0131\u011f\u0131 g\u00f6revine se\u00e7ildi.<\/p>\n<p>Genel kurulda yeniden federasyon ba\u015fkanl\u0131\u011f\u0131na se\u00e7ilen Halil \u0130brahim Balc\u0131 ba\u015fkanl\u0131\u011f\u0131nda olu\u015fturulan yeni y\u00f6netimde B\u00fcn\u00fcl\u2019\u00fcn Denetim Kurulu Ba\u015fkanl\u0131\u011f\u0131 g\u00f6revine getirilmesi, Adana ve Ceyhan esnaf\u0131 a\u00e7\u0131s\u0131ndan \u00f6nemli bir temsil ba\u015far\u0131s\u0131 olarak de\u011ferlendirildi.<\/p>\n<p>Se\u00e7im sonras\u0131 a\u00e7\u0131klamalarda bulunan Muhammed \u0130slam B\u00fcn\u00fcl, kendisini bu g\u00f6reve lay\u0131k g\u00f6ren Federasyon Ba\u015fkan\u0131 Halil \u0130brahim Balc\u0131\u2019ya te\u015fekk\u00fcr ederek, T\u00fcrkiye genelindeki f\u0131r\u0131nc\u0131 esnaf\u0131n\u0131n sorunlar\u0131n\u0131n \u00e7\u00f6z\u00fcm\u00fc, sekt\u00f6r\u00fcn geli\u015fimi ve meslek mensuplar\u0131n\u0131n haklar\u0131n\u0131n korunmas\u0131 i\u00e7in sorumluluk bilinciyle \u00e7al\u0131\u015facaklar\u0131n\u0131 ifade etti.<\/p>\n<p>B\u00fcn\u00fcl, \u201c\u00dclkemizin d\u00f6rt bir yan\u0131ndan gelen meslekta\u015flar\u0131m\u0131z\u0131n tevecc\u00fch\u00fcyle \u00fcstlendi\u011fimiz bu g\u00f6revi en iyi \u015fekilde yerine getirmek i\u00e7in gayret g\u00f6sterece\u011fiz. F\u0131r\u0131nc\u0131 esnaf\u0131m\u0131z\u0131n daha g\u00fc\u00e7l\u00fc, daha s\u00fcrd\u00fcr\u00fclebilir ve daha rekabet\u00e7i bir yap\u0131ya kavu\u015fmas\u0131 ad\u0131na \u00e7al\u0131\u015fmalar\u0131m\u0131z\u0131 kararl\u0131l\u0131kla s\u00fcrd\u00fcrece\u011fiz\u201d dedi.<\/p>\n<p>T\u00fcrkiye F\u0131r\u0131nc\u0131lar Federasyonu 8. Ola\u011fan Genel Kurulu\u2019nun sekt\u00f6r ad\u0131na hay\u0131rl\u0131 olmas\u0131n\u0131 temenni eden B\u00fcn\u00fcl, yeni d\u00f6nemde g\u00f6rev alan y\u00f6netim ve denetim kurulu \u00fcyelerine de ba\u015far\u0131lar diledi.<\/p>\n","protected":false},"excerpt":{"rendered":"<p>T\u00fcrkiye genelindeki f\u0131r\u0131nc\u0131 esnaf\u0131n\u0131n \u00e7at\u0131 kurulu\u015fu olan T\u00fcrkiye F\u0131r\u0131nc\u0131lar Federasyonu\u2019nun 8. Ola\u011fan Genel Kurulu\u2019nda yap\u0131lan se\u00e7imler sonucunda, Ceyhan F\u0131r\u0131nc\u0131lar ve<\/p>\n","protected":false},"author":5,"featured_media":21693,"comment_status":"open","ping_status":"open","sticky":false,"template":"","format":"standard","meta":{"footnotes":""},"categories":[1,26,10],"tags":[],"class_list":["post-21692","post","type-post","status-publish","format-standard","has-post-thumbnail","hentry","category-kulis","category-ceyhan","category-gundem"],"yoast_head":"<!-- This site is optimized with the Yoast SEO plugin v28.2 - https:\/\/yoast.com\/product\/yoast-seo-wordpress\/ -->\n<title>B\u00fcn\u00fcl\u2019e yeni g\u00f6rev - MAV\u0130 HABER<\/title>\n<meta name=\"robots\" content=\"index, follow, max-snippet:-1, max-image-preview:large, max-video-preview:-1\" \/>\n<link rel=\"canonical\" href=\"https:\/\/www.mavihaber.com.tr\/?p=21692\" \/>\n<meta property=\"og:locale\" content=\"tr_TR\" \/>\n<meta property=\"og:type\" content=\"article\" \/>\n<meta property=\"og:title\" content=\"B\u00fcn\u00fcl\u2019e yeni g\u00f6rev - MAV\u0130 HABER\" \/>\n<meta property=\"og:description\" content=\"T\u00fcrkiye genelindeki f\u0131r\u0131nc\u0131 esnaf\u0131n\u0131n \u00e7at\u0131 kurulu\u015fu olan T\u00fcrkiye F\u0131r\u0131nc\u0131lar Federasyonu\u2019nun 8. Ola\u011fan Genel Kurulu\u2019nda yap\u0131lan se\u00e7imler sonucunda, Ceyhan F\u0131r\u0131nc\u0131lar ve\" \/>\n<meta property=\"og:url\" content=\"https:\/\/www.mavihaber.com.tr\/?p=21692\" \/>\n<meta property=\"og:site_name\" content=\"MAV\u0130 HABER\" \/>\n<meta property=\"article:publisher\" content=\"https:\/\/www.facebook.com\/ceyhan.mavi.142\/\" \/>\n<meta property=\"article:published_time\" content=\"2026-06-04T11:18:07+00:00\" \/>\n<meta property=\"og:image\" content=\"https:\/\/www.mavihaber.com.tr\/wp-content\/uploads\/2026\/06\/8C23F677-B078-4A2D-928D-1E1FA8CD583D.png\" \/>\n\t<meta property=\"og:image:width\" content=\"1536\" \/>\n\t<meta property=\"og:image:height\" content=\"1024\" \/>\n\t<meta property=\"og:image:type\" content=\"image\/png\" \/>\n<meta name=\"author\" content=\"\u0130zzet AYDEM\u0130R\" \/>\n<meta name=\"twitter:card\" content=\"summary_large_image\" \/>\n<meta name=\"twitter:creator\" content=\"@ceyhanmavihaber\" \/>\n<meta name=\"twitter:site\" content=\"@ceyhanmavihaber\" \/>\n<meta name=\"twitter:label1\" content=\"Yazan:\" \/>\n\t<meta name=\"twitter:data1\" content=\"\u0130zzet AYDEM\u0130R\" \/>\n\t<meta name=\"twitter:label2\" content=\"Tahmini okuma s\u00fcresi\" \/>\n\t<meta name=\"twitter:data2\" content=\"1 dakika\" \/>\n<script type=\"application\/ld+json\" class=\"yoast-schema-graph\">{\"@context\":\"https:\\\/\\\/schema.org\",\"@graph\":[{\"@type\":\"Article\",\"@id\":\"https:\\\/\\\/www.mavihaber.com.tr\\\/?p=21692#article\",\"isPartOf\":{\"@id\":\"https:\\\/\\\/www.mavihaber.com.tr\\\/?p=21692\"},\"author\":{\"name\":\"\u0130zzet AYDEM\u0130R\",\"@id\":\"https:\\\/\\\/www.mavihaber.com.tr\\\/#\\\/schema\\\/person\\\/dd7a0a39b6b2d5cc1609c32154b07a7d\"},\"headline\":\"B\u00fcn\u00fcl\u2019e yeni g\u00f6rev\",\"datePublished\":\"2026-06-04T11:18:07+00:00\",\"mainEntityOfPage\":{\"@id\":\"https:\\\/\\\/www.mavihaber.com.tr\\\/?p=21692\"},\"wordCount\":292,\"commentCount\":0,\"publisher\":{\"@id\":\"https:\\\/\\\/www.mavihaber.com.tr\\\/#organization\"},\"image\":{\"@id\":\"https:\\\/\\\/www.mavihaber.com.tr\\\/?p=21692#primaryimage\"},\"thumbnailUrl\":\"https:\\\/\\\/www.mavihaber.com.tr\\\/wp-content\\\/uploads\\\/2026\\\/06\\\/8C23F677-B078-4A2D-928D-1E1FA8CD583D.png\",\"articleSection\":[\"Adana Kulis\",\"Ceyhan\",\"G\u00fcndem\"],\"inLanguage\":\"tr\",\"potentialAction\":[{\"@type\":\"CommentAction\",\"name\":\"Comment\",\"target\":[\"https:\\\/\\\/www.mavihaber.com.tr\\\/?p=21692#respond\"]}]},{\"@type\":\"WebPage\",\"@id\":\"https:\\\/\\\/www.mavihaber.com.tr\\\/?p=21692\",\"url\":\"https:\\\/\\\/www.mavihaber.com.tr\\\/?p=21692\",\"name\":\"B\u00fcn\u00fcl\u2019e yeni g\u00f6rev - MAV\u0130 HABER\",\"isPartOf\":{\"@id\":\"https:\\\/\\\/www.mavihaber.com.tr\\\/#website\"},\"primaryImageOfPage\":{\"@id\":\"https:\\\/\\\/www.mavihaber.com.tr\\\/?p=21692#primaryimage\"},\"image\":{\"@id\":\"https:\\\/\\\/www.mavihaber.com.tr\\\/?p=21692#primaryimage\"},\"thumbnailUrl\":\"https:\\\/\\\/www.mavihaber.com.tr\\\/wp-content\\\/uploads\\\/2026\\\/06\\\/8C23F677-B078-4A2D-928D-1E1FA8CD583D.png\",\"datePublished\":\"2026-06-04T11:18:07+00:00\",\"breadcrumb\":{\"@id\":\"https:\\\/\\\/www.mavihaber.com.tr\\\/?p=21692#breadcrumb\"},\"inLanguage\":\"tr\",\"potentialAction\":[{\"@type\":\"ReadAction\",\"target\":[\"https:\\\/\\\/www.mavihaber.com.tr\\\/?p=21692\"]}]},{\"@type\":\"ImageObject\",\"inLanguage\":\"tr\",\"@id\":\"https:\\\/\\\/www.mavihaber.com.tr\\\/?p=21692#primaryimage\",\"url\":\"https:\\\/\\\/www.mavihaber.com.tr\\\/wp-content\\\/uploads\\\/2026\\\/06\\\/8C23F677-B078-4A2D-928D-1E1FA8CD583D.png\",\"contentUrl\":\"https:\\\/\\\/www.mavihaber.com.tr\\\/wp-content\\\/uploads\\\/2026\\\/06\\\/8C23F677-B078-4A2D-928D-1E1FA8CD583D.png\",\"width\":1536,\"height\":1024},{\"@type\":\"BreadcrumbList\",\"@id\":\"https:\\\/\\\/www.mavihaber.com.tr\\\/?p=21692#breadcrumb\",\"itemListElement\":[{\"@type\":\"ListItem\",\"position\":1,\"name\":\"Anasayfa\",\"item\":\"https:\\\/\\\/www.mavihaber.com.tr\\\/\"},{\"@type\":\"ListItem\",\"position\":2,\"name\":\"B\u00fcn\u00fcl\u2019e yeni g\u00f6rev\"}]},{\"@type\":\"WebSite\",\"@id\":\"https:\\\/\\\/www.mavihaber.com.tr\\\/#website\",\"url\":\"https:\\\/\\\/www.mavihaber.com.tr\\\/\",\"name\":\"MAV\u0130 HABER\",\"description\":\"S&Ouml;Z U&Ccedil;AR YAZI KALIR\",\"publisher\":{\"@id\":\"https:\\\/\\\/www.mavihaber.com.tr\\\/#organization\"},\"potentialAction\":[{\"@type\":\"SearchAction\",\"target\":{\"@type\":\"EntryPoint\",\"urlTemplate\":\"https:\\\/\\\/www.mavihaber.com.tr\\\/?s={search_term_string}\"},\"query-input\":{\"@type\":\"PropertyValueSpecification\",\"valueRequired\":true,\"valueName\":\"search_term_string\"}}],\"inLanguage\":\"tr\"},{\"@type\":\"Organization\",\"@id\":\"https:\\\/\\\/www.mavihaber.com.tr\\\/#organization\",\"name\":\"MAV\u0130 HABER\",\"url\":\"https:\\\/\\\/www.mavihaber.com.tr\\\/\",\"logo\":{\"@type\":\"ImageObject\",\"inLanguage\":\"tr\",\"@id\":\"https:\\\/\\\/www.mavihaber.com.tr\\\/#\\\/schema\\\/logo\\\/image\\\/\",\"url\":\"http:\\\/\\\/www.mavihaber.com.tr\\\/wp-content\\\/uploads\\\/2022\\\/02\\\/mavi-logo.png\",\"contentUrl\":\"http:\\\/\\\/www.mavihaber.com.tr\\\/wp-content\\\/uploads\\\/2022\\\/02\\\/mavi-logo.png\",\"width\":301,\"height\":81,\"caption\":\"MAV\u0130 HABER\"},\"image\":{\"@id\":\"https:\\\/\\\/www.mavihaber.com.tr\\\/#\\\/schema\\\/logo\\\/image\\\/\"},\"sameAs\":[\"https:\\\/\\\/www.facebook.com\\\/ceyhan.mavi.142\\\/\",\"https:\\\/\\\/x.com\\\/ceyhanmavihaber\",\"https:\\\/\\\/www.instagram.com\\\/ceyhanmavihaber\\\/\",\"https:\\\/\\\/www.youtube.com\\\/channel\\\/UCJQ-0-AFgj2GjI269QDUwNw\"]},{\"@type\":\"Person\",\"@id\":\"https:\\\/\\\/www.mavihaber.com.tr\\\/#\\\/schema\\\/person\\\/dd7a0a39b6b2d5cc1609c32154b07a7d\",\"name\":\"\u0130zzet AYDEM\u0130R\",\"image\":{\"@type\":\"ImageObject\",\"inLanguage\":\"tr\",\"@id\":\"https:\\\/\\\/secure.gravatar.com\\\/avatar\\\/320a36bef556c371376115ba1e7491216472a73c7b42710d508168617c47b64f?s=96&d=mm&r=g\",\"url\":\"https:\\\/\\\/secure.gravatar.com\\\/avatar\\\/320a36bef556c371376115ba1e7491216472a73c7b42710d508168617c47b64f?s=96&d=mm&r=g\",\"contentUrl\":\"https:\\\/\\\/secure.gravatar.com\\\/avatar\\\/320a36bef556c371376115ba1e7491216472a73c7b42710d508168617c47b64f?s=96&d=mm&r=g\",\"caption\":\"\u0130zzet AYDEM\u0130R\"},\"sameAs\":[\"http:\\\/\\\/www.mavihaber.com.tr\"],\"url\":\"https:\\\/\\\/www.mavihaber.com.tr\\\/?author=5\"}]}<\/script>\n<!-- \/ Yoast SEO plugin. -->","yoast_head_json":{"title":"B\u00fcn\u00fcl\u2019e yeni g\u00f6rev - MAV\u0130 HABER","robots":{"index":"index","follow":"follow","max-snippet":"max-snippet:-1","max-image-preview":"max-image-preview:large","max-video-preview":"max-video-preview:-1"},"canonical":"https:\/\/www.mavihaber.com.tr\/?p=21692","og_locale":"tr_TR","og_type":"article","og_title":"B\u00fcn\u00fcl\u2019e yeni g\u00f6rev - MAV\u0130 HABER","og_description":"T\u00fcrkiye genelindeki f\u0131r\u0131nc\u0131 esnaf\u0131n\u0131n \u00e7at\u0131 kurulu\u015fu olan T\u00fcrkiye F\u0131r\u0131nc\u0131lar Federasyonu\u2019nun 8. Ola\u011fan Genel Kurulu\u2019nda yap\u0131lan se\u00e7imler sonucunda, Ceyhan F\u0131r\u0131nc\u0131lar ve","og_url":"https:\/\/www.mavihaber.com.tr\/?p=21692","og_site_name":"MAV\u0130 HABER","article_publisher":"https:\/\/www.facebook.com\/ceyhan.mavi.142\/","article_published_time":"2026-06-04T11:18:07+00:00","og_image":[{"width":1536,"height":1024,"url":"https:\/\/www.mavihaber.com.tr\/wp-content\/uploads\/2026\/06\/8C23F677-B078-4A2D-928D-1E1FA8CD583D.png","type":"image\/png"}],"author":"\u0130zzet AYDEM\u0130R","twitter_card":"summary_large_image","twitter_creator":"@ceyhanmavihaber","twitter_site":"@ceyhanmavihaber","twitter_misc":{"Yazan:":"\u0130zzet AYDEM\u0130R","Tahmini okuma s\u00fcresi":"1 dakika"},"schema":{"@context":"https:\/\/schema.org","@graph":[{"@type":"Article","@id":"https:\/\/www.mavihaber.com.tr\/?p=21692#article","isPartOf":{"@id":"https:\/\/www.mavihaber.com.tr\/?p=21692"},"author":{"name":"\u0130zzet AYDEM\u0130R","@id":"https:\/\/www.mavihaber.com.tr\/#\/schema\/person\/dd7a0a39b6b2d5cc1609c32154b07a7d"},"headline":"B\u00fcn\u00fcl\u2019e yeni g\u00f6rev","datePublished":"2026-06-04T11:18:07+00:00","mainEntityOfPage":{"@id":"https:\/\/www.mavihaber.com.tr\/?p=21692"},"wordCount":292,"commentCount":0,"publisher":{"@id":"https:\/\/www.mavihaber.com.tr\/#organization"},"image":{"@id":"https:\/\/www.mavihaber.com.tr\/?p=21692#primaryimage"},"thumbnailUrl":"https:\/\/www.mavihaber.com.tr\/wp-content\/uploads\/2026\/06\/8C23F677-B078-4A2D-928D-1E1FA8CD583D.png","articleSection":["Adana Kulis","Ceyhan","G\u00fcndem"],"inLanguage":"tr","potentialAction":[{"@type":"CommentAction","name":"Comment","target":["https:\/\/www.mavihaber.com.tr\/?p=21692#respond"]}]},{"@type":"WebPage","@id":"https:\/\/www.mavihaber.com.tr\/?p=21692","url":"https:\/\/www.mavihaber.com.tr\/?p=21692","name":"B\u00fcn\u00fcl\u2019e yeni g\u00f6rev - MAV\u0130 HABER","isPartOf":{"@id":"https:\/\/www.mavihaber.com.tr\/#website"},"primaryImageOfPage":{"@id":"https:\/\/www.mavihaber.com.tr\/?p=21692#primaryimage"},"image":{"@id":"https:\/\/www.mavihaber.com.tr\/?p=21692#primaryimage"},"thumbnailUrl":"https:\/\/www.mavihaber.com.tr\/wp-content\/uploads\/2026\/06\/8C23F677-B078-4A2D-928D-1E1FA8CD583D.png","datePublished":"2026-06-04T11:18:07+00:00","breadcrumb":{"@id":"https:\/\/www.mavihaber.com.tr\/?p=21692#breadcrumb"},"inLanguage":"tr","potentialAction":[{"@type":"ReadAction","target":["https:\/\/www.mavihaber.com.tr\/?p=21692"]}]},{"@type":"ImageObject","inLanguage":"tr","@id":"https:\/\/www.mavihaber.com.tr\/?p=21692#primaryimage","url":"https:\/\/www.mavihaber.com.tr\/wp-content\/uploads\/2026\/06\/8C23F677-B078-4A2D-928D-1E1FA8CD583D.png","contentUrl":"https:\/\/www.mavihaber.com.tr\/wp-content\/uploads\/2026\/06\/8C23F677-B078-4A2D-928D-1E1FA8CD583D.png","width":1536,"height":1024},{"@type":"BreadcrumbList","@id":"https:\/\/www.mavihaber.com.tr\/?p=21692#breadcrumb","itemListElement":[{"@type":"ListItem","position":1,"name":"Anasayfa","item":"https:\/\/www.mavihaber.com.tr\/"},{"@type":"ListItem","position":2,"name":"B\u00fcn\u00fcl\u2019e yeni g\u00f6rev"}]},{"@type":"WebSite","@id":"https:\/\/www.mavihaber.com.tr\/#website","url":"https:\/\/www.mavihaber.com.tr\/","name":"MAV\u0130 HABER","description":"S&Ouml;Z U&Ccedil;AR YAZI KALIR","publisher":{"@id":"https:\/\/www.mavihaber.com.tr\/#organization"},"potentialAction":[{"@type":"SearchAction","target":{"@type":"EntryPoint","urlTemplate":"https:\/\/www.mavihaber.com.tr\/?s={search_term_string}"},"query-input":{"@type":"PropertyValueSpecification","valueRequired":true,"valueName":"search_term_string"}}],"inLanguage":"tr"},{"@type":"Organization","@id":"https:\/\/www.mavihaber.com.tr\/#organization","name":"MAV\u0130 HABER","url":"https:\/\/www.mavihaber.com.tr\/","logo":{"@type":"ImageObject","inLanguage":"tr","@id":"https:\/\/www.mavihaber.com.tr\/#\/schema\/logo\/image\/","url":"http:\/\/www.mavihaber.com.tr\/wp-content\/uploads\/2022\/02\/mavi-logo.png","contentUrl":"http:\/\/www.mavihaber.com.tr\/wp-content\/uploads\/2022\/02\/mavi-logo.png","width":301,"height":81,"caption":"MAV\u0130 HABER"},"image":{"@id":"https:\/\/www.mavihaber.com.tr\/#\/schema\/logo\/image\/"},"sameAs":["https:\/\/www.facebook.com\/ceyhan.mavi.142\/","https:\/\/x.com\/ceyhanmavihaber","https:\/\/www.instagram.com\/ceyhanmavihaber\/","https:\/\/www.youtube.com\/channel\/UCJQ-0-AFgj2GjI269QDUwNw"]},{"@type":"Person","@id":"https:\/\/www.mavihaber.com.tr\/#\/schema\/person\/dd7a0a39b6b2d5cc1609c32154b07a7d","name":"\u0130zzet AYDEM\u0130R","image":{"@type":"ImageObject","inLanguage":"tr","@id":"https:\/\/secure.gravatar.com\/avatar\/320a36bef556c371376115ba1e7491216472a73c7b42710d508168617c47b64f?s=96&d=mm&r=g","url":"https:\/\/secure.gravatar.com\/avatar\/320a36bef556c371376115ba1e7491216472a73c7b42710d508168617c47b64f?s=96&d=mm&r=g","contentUrl":"https:\/\/secure.gravatar.com\/avatar\/320a36bef556c371376115ba1e7491216472a73c7b42710d508168617c47b64f?s=96&d=mm&r=g","caption":"\u0130zzet AYDEM\u0130R"},"sameAs":["http:\/\/www.mavihaber.com.tr"],"url":"https:\/\/www.mavihaber.com.tr\/?author=5"}]}},"views":128,"_links":{"self":[{"href":"https:\/\/www.mavihaber.com.tr\/index.php?rest_route=\/wp\/v2\/posts\/21692","targetHints":{"allow":["GET"]}}],"collection":[{"href":"https:\/\/www.mavihaber.com.tr\/index.php?rest_route=\/wp\/v2\/posts"}],"about":[{"href":"https:\/\/www.mavihaber.com.tr\/index.php?rest_route=\/wp\/v2\/types\/post"}],"author":[{"embeddable":true,"href":"https:\/\/www.mavihaber.com.tr\/index.php?rest_route=\/wp\/v2\/users\/5"}],"replies":[{"embeddable":true,"href":"https:\/\/www.mavihaber.com.tr\/index.php?rest_route=%2Fwp%2Fv2%2Fcomments&post=21692"}],"version-history":[{"count":1,"href":"https:\/\/www.mavihaber.com.tr\/index.php?rest_route=\/wp\/v2\/posts\/21692\/revisions"}],"predecessor-version":[{"id":21694,"href":"https:\/\/www.mavihaber.com.tr\/index.php?rest_route=\/wp\/v2\/posts\/21692\/revisions\/21694"}],"wp:featuredmedia":[{"embeddable":true,"href":"https:\/\/www.mavihaber.com.tr\/index.php?rest_route=\/wp\/v2\/media\/21693"}],"wp:attachment":[{"href":"https:\/\/www.mavihaber.com.tr\/index.php?rest_route=%2Fwp%2Fv2%2Fmedia&parent=21692"}],"wp:term":[{"taxonomy":"category","embeddable":true,"href":"https:\/\/www.mavihaber.com.tr\/index.php?rest_route=%2Fwp%2Fv2%2Fcategories&post=21692"},{"taxonomy":"post_tag","embeddable":true,"href":"https:\/\/www.mavihaber.com.tr\/index.php?rest_route=%2Fwp%2Fv2%2Ftags&post=21692"}],"curies":[{"name":"wp","href":"https:\/\/api.w.org\/{rel}","templated":true}]}}