{"id":21695,"date":"2026-06-05T10:55:48","date_gmt":"2026-06-05T10:55:48","guid":{"rendered":"https:\/\/www.mavihaber.com.tr\/?p=21695"},"modified":"2026-06-05T10:59:39","modified_gmt":"2026-06-05T10:59:39","slug":"ogrencilerin-mezuniyet-coskusu","status":"publish","type":"post","link":"https:\/\/www.mavihaber.com.tr\/?p=21695","title":{"rendered":"\u00d6\u011frencilerin mezuniyet co\u015fkusu"},"content":{"rendered":"<p><img loading=\"lazy\" decoding=\"async\" class=\"alignnone wp-image-21696 size-large\" src=\"https:\/\/www.mavihaber.com.tr\/wp-content\/uploads\/2026\/06\/E70E9D88-88E0-4C6E-9B6C-23C7B4BA2DD6-1024x683.png\" alt=\"\" width=\"1024\" height=\"683\" srcset=\"https:\/\/www.mavihaber.com.tr\/wp-content\/uploads\/2026\/06\/E70E9D88-88E0-4C6E-9B6C-23C7B4BA2DD6-1024x683.png 1024w, https:\/\/www.mavihaber.com.tr\/wp-content\/uploads\/2026\/06\/E70E9D88-88E0-4C6E-9B6C-23C7B4BA2DD6-300x200.png 300w, https:\/\/www.mavihaber.com.tr\/wp-content\/uploads\/2026\/06\/E70E9D88-88E0-4C6E-9B6C-23C7B4BA2DD6-768x512.png 768w, https:\/\/www.mavihaber.com.tr\/wp-content\/uploads\/2026\/06\/E70E9D88-88E0-4C6E-9B6C-23C7B4BA2DD6.png 1536w\" sizes=\"auto, (max-width: 1024px) 100vw, 1024px\" \/>\u015eehit Zeynep Sa\u011f\u0131r Anadolu Lisesi\u2019nde Mezuniyet Co\u015fkusu<\/p>\n<p>Ceyhan\u2019da e\u011fitim \u00f6\u011fretim y\u0131l\u0131n\u0131n sona ermesiyle birlikte mezuniyet heyecan\u0131 da ya\u015fand\u0131. \u015eehit Zeynep Sa\u011f\u0131r Anadolu Lisesi taraf\u0131ndan d\u00fczenlenen mezuniyet program\u0131, yo\u011fun kat\u0131l\u0131m ve renkli g\u00f6r\u00fcnt\u00fcler e\u015fli\u011finde ger\u00e7ekle\u015ftirildi.<\/p>\n<p>Programa; Ceyhan Kaymakam\u0131 Ramazan Kurtyemez, Ceyhan Belediye Ba\u015fkan Vekili Sevil Aydar Y\u0131ld\u0131z, AK Parti Ceyhan \u0130l\u00e7e Ba\u015fkan\u0131 B\u00fclent Demirel, protokol \u00fcyeleri, \u00f6\u011fretmenler, veliler ve \u00f6\u011frenciler kat\u0131ld\u0131.<\/p>\n<p>Sayg\u0131 duru\u015fu ve \u0130stiklal Mar\u015f\u0131\u2019n\u0131n okunmas\u0131yla ba\u015flayan programda okul m\u00fcd\u00fcr\u00fc Mehmet Edemen bir konu\u015fma yaparak mezun olan \u00f6\u011frencilere ba\u015far\u0131 dileklerini iletti. E\u011fitim hayatlar\u0131nda \u00f6nemli bir d\u00f6n\u00fcm noktas\u0131na ula\u015fan \u00f6\u011frencileri ve ailelerini tebrik eden Edemen, okulun ba\u015far\u0131lar\u0131na katk\u0131 sunan \u00f6\u011fretmenlere de te\u015fekk\u00fcr etti.<\/p>\n<p>Daha sonra k\u00fcrs\u00fcye gelen Kaymakam Ramazan Kurtyemez, \u00f6\u011frencilerin gelece\u011fin teminat\u0131 oldu\u011funu belirterek mezun olan gen\u00e7lere e\u011fitim ve ya\u015fam yolculuklar\u0131nda ba\u015far\u0131lar diledi.<\/p>\n<p>Konu\u015fmalar\u0131n ard\u0131ndan \u00f6\u011frenciler taraf\u0131ndan haz\u0131rlanan \u00e7e\u015fitli g\u00f6steriler sahnelendi. M\u00fczik dinletileri ve sahne performanslar\u0131yla devam eden program, kat\u0131l\u0131mc\u0131lardan b\u00fcy\u00fck be\u011feni toplad\u0131. Mezuniyet sevincini aileleriyle birlikte ya\u015fayan \u00f6\u011frenciler, unutulmaz anlar ya\u015farken program sonunda kep atarak mezuniyet co\u015fkusunu doyas\u0131ya kutlad\u0131.<\/p>\n<p>Gece boyunca duygusal ve gurur dolu anlar\u0131n ya\u015fand\u0131\u011f\u0131 mezuniyet program\u0131, toplu hat\u0131ra foto\u011fraflar\u0131n\u0131n \u00e7ekilmesiyle sona erdi.<\/p>\n<p><img loading=\"lazy\" decoding=\"async\" class=\"alignnone wp-image-21699 size-large\" src=\"https:\/\/www.mavihaber.com.tr\/wp-content\/uploads\/2026\/06\/920b5d10-4070-46c4-b685-e160dbc79c49-1024x683.jpeg\" alt=\"\" width=\"1024\" height=\"683\" srcset=\"https:\/\/www.mavihaber.com.tr\/wp-content\/uploads\/2026\/06\/920b5d10-4070-46c4-b685-e160dbc79c49-1024x683.jpeg 1024w, https:\/\/www.mavihaber.com.tr\/wp-content\/uploads\/2026\/06\/920b5d10-4070-46c4-b685-e160dbc79c49-300x200.jpeg 300w, https:\/\/www.mavihaber.com.tr\/wp-content\/uploads\/2026\/06\/920b5d10-4070-46c4-b685-e160dbc79c49-768x512.jpeg 768w, https:\/\/www.mavihaber.com.tr\/wp-content\/uploads\/2026\/06\/920b5d10-4070-46c4-b685-e160dbc79c49-1536x1025.jpeg 1536w, https:\/\/www.mavihaber.com.tr\/wp-content\/uploads\/2026\/06\/920b5d10-4070-46c4-b685-e160dbc79c49.jpeg 2048w\" sizes=\"auto, (max-width: 1024px) 100vw, 1024px\" \/> <img loading=\"lazy\" decoding=\"async\" class=\"alignnone wp-image-21700 size-large\" src=\"https:\/\/www.mavihaber.com.tr\/wp-content\/uploads\/2026\/06\/7c079da8-d566-4d26-9f2b-eb3d613b5e84-1024x683.jpeg\" alt=\"\" width=\"1024\" height=\"683\" srcset=\"https:\/\/www.mavihaber.com.tr\/wp-content\/uploads\/2026\/06\/7c079da8-d566-4d26-9f2b-eb3d613b5e84-1024x683.jpeg 1024w, https:\/\/www.mavihaber.com.tr\/wp-content\/uploads\/2026\/06\/7c079da8-d566-4d26-9f2b-eb3d613b5e84-300x200.jpeg 300w, https:\/\/www.mavihaber.com.tr\/wp-content\/uploads\/2026\/06\/7c079da8-d566-4d26-9f2b-eb3d613b5e84-768x512.jpeg 768w, https:\/\/www.mavihaber.com.tr\/wp-content\/uploads\/2026\/06\/7c079da8-d566-4d26-9f2b-eb3d613b5e84-1536x1025.jpeg 1536w, https:\/\/www.mavihaber.com.tr\/wp-content\/uploads\/2026\/06\/7c079da8-d566-4d26-9f2b-eb3d613b5e84.jpeg 2048w\" sizes=\"auto, (max-width: 1024px) 100vw, 1024px\" \/><\/p>\n","protected":false},"excerpt":{"rendered":"<p>\u015eehit Zeynep Sa\u011f\u0131r Anadolu Lisesi\u2019nde Mezuniyet Co\u015fkusu Ceyhan\u2019da e\u011fitim \u00f6\u011fretim y\u0131l\u0131n\u0131n sona ermesiyle birlikte mezuniyet heyecan\u0131 da ya\u015fand\u0131. \u015eehit Zeynep<\/p>\n","protected":false},"author":5,"featured_media":21696,"comment_status":"open","ping_status":"open","sticky":false,"template":"","format":"standard","meta":{"footnotes":""},"categories":[26,24,10,14],"tags":[],"class_list":["post-21695","post","type-post","status-publish","format-standard","has-post-thumbnail","hentry","category-ceyhan","category-egitim","category-gundem","category-son-dakika"],"yoast_head":"<!-- This site is optimized with the Yoast SEO plugin v28.2 - https:\/\/yoast.com\/product\/yoast-seo-wordpress\/ -->\n<title>\u00d6\u011frencilerin mezuniyet co\u015fkusu - MAV\u0130 HABER<\/title>\n<meta name=\"robots\" content=\"index, follow, max-snippet:-1, max-image-preview:large, max-video-preview:-1\" \/>\n<link rel=\"canonical\" href=\"https:\/\/www.mavihaber.com.tr\/?p=21695\" \/>\n<meta property=\"og:locale\" content=\"tr_TR\" \/>\n<meta property=\"og:type\" content=\"article\" \/>\n<meta property=\"og:title\" content=\"\u00d6\u011frencilerin mezuniyet co\u015fkusu - MAV\u0130 HABER\" \/>\n<meta property=\"og:description\" content=\"\u015eehit Zeynep Sa\u011f\u0131r Anadolu Lisesi\u2019nde Mezuniyet Co\u015fkusu Ceyhan\u2019da e\u011fitim \u00f6\u011fretim y\u0131l\u0131n\u0131n sona ermesiyle birlikte mezuniyet heyecan\u0131 da ya\u015fand\u0131. \u015eehit Zeynep\" \/>\n<meta property=\"og:url\" content=\"https:\/\/www.mavihaber.com.tr\/?p=21695\" \/>\n<meta property=\"og:site_name\" content=\"MAV\u0130 HABER\" \/>\n<meta property=\"article:publisher\" content=\"https:\/\/www.facebook.com\/ceyhan.mavi.142\/\" \/>\n<meta property=\"article:published_time\" content=\"2026-06-05T10:55:48+00:00\" \/>\n<meta property=\"article:modified_time\" content=\"2026-06-05T10:59:39+00:00\" \/>\n<meta property=\"og:image\" content=\"https:\/\/www.mavihaber.com.tr\/wp-content\/uploads\/2026\/06\/E70E9D88-88E0-4C6E-9B6C-23C7B4BA2DD6-1024x683.png\" \/>\n\t<meta property=\"og:image:width\" content=\"1024\" \/>\n\t<meta property=\"og:image:height\" content=\"683\" \/>\n\t<meta property=\"og:image:type\" content=\"image\/png\" \/>\n<meta name=\"author\" content=\"\u0130zzet AYDEM\u0130R\" \/>\n<meta name=\"twitter:card\" content=\"summary_large_image\" \/>\n<meta name=\"twitter:creator\" content=\"@ceyhanmavihaber\" \/>\n<meta name=\"twitter:site\" content=\"@ceyhanmavihaber\" \/>\n<meta name=\"twitter:label1\" content=\"Yazan:\" \/>\n\t<meta name=\"twitter:data1\" content=\"\u0130zzet AYDEM\u0130R\" \/>\n\t<meta name=\"twitter:label2\" content=\"Tahmini okuma s\u00fcresi\" \/>\n\t<meta name=\"twitter:data2\" content=\"1 dakika\" \/>\n<script type=\"application\/ld+json\" class=\"yoast-schema-graph\">{\"@context\":\"https:\\\/\\\/schema.org\",\"@graph\":[{\"@type\":\"Article\",\"@id\":\"https:\\\/\\\/www.mavihaber.com.tr\\\/?p=21695#article\",\"isPartOf\":{\"@id\":\"https:\\\/\\\/www.mavihaber.com.tr\\\/?p=21695\"},\"author\":{\"name\":\"\u0130zzet AYDEM\u0130R\",\"@id\":\"https:\\\/\\\/www.mavihaber.com.tr\\\/#\\\/schema\\\/person\\\/dd7a0a39b6b2d5cc1609c32154b07a7d\"},\"headline\":\"\u00d6\u011frencilerin mezuniyet co\u015fkusu\",\"datePublished\":\"2026-06-05T10:55:48+00:00\",\"dateModified\":\"2026-06-05T10:59:39+00:00\",\"mainEntityOfPage\":{\"@id\":\"https:\\\/\\\/www.mavihaber.com.tr\\\/?p=21695\"},\"wordCount\":264,\"commentCount\":0,\"publisher\":{\"@id\":\"https:\\\/\\\/www.mavihaber.com.tr\\\/#organization\"},\"image\":{\"@id\":\"https:\\\/\\\/www.mavihaber.com.tr\\\/?p=21695#primaryimage\"},\"thumbnailUrl\":\"https:\\\/\\\/www.mavihaber.com.tr\\\/wp-content\\\/uploads\\\/2026\\\/06\\\/E70E9D88-88E0-4C6E-9B6C-23C7B4BA2DD6.png\",\"articleSection\":[\"Ceyhan\",\"E\u011fitim\",\"G\u00fcndem\",\"Son Dakika\"],\"inLanguage\":\"tr\",\"potentialAction\":[{\"@type\":\"CommentAction\",\"name\":\"Comment\",\"target\":[\"https:\\\/\\\/www.mavihaber.com.tr\\\/?p=21695#respond\"]}]},{\"@type\":\"WebPage\",\"@id\":\"https:\\\/\\\/www.mavihaber.com.tr\\\/?p=21695\",\"url\":\"https:\\\/\\\/www.mavihaber.com.tr\\\/?p=21695\",\"name\":\"\u00d6\u011frencilerin mezuniyet co\u015fkusu - MAV\u0130 HABER\",\"isPartOf\":{\"@id\":\"https:\\\/\\\/www.mavihaber.com.tr\\\/#website\"},\"primaryImageOfPage\":{\"@id\":\"https:\\\/\\\/www.mavihaber.com.tr\\\/?p=21695#primaryimage\"},\"image\":{\"@id\":\"https:\\\/\\\/www.mavihaber.com.tr\\\/?p=21695#primaryimage\"},\"thumbnailUrl\":\"https:\\\/\\\/www.mavihaber.com.tr\\\/wp-content\\\/uploads\\\/2026\\\/06\\\/E70E9D88-88E0-4C6E-9B6C-23C7B4BA2DD6.png\",\"datePublished\":\"2026-06-05T10:55:48+00:00\",\"dateModified\":\"2026-06-05T10:59:39+00:00\",\"breadcrumb\":{\"@id\":\"https:\\\/\\\/www.mavihaber.com.tr\\\/?p=21695#breadcrumb\"},\"inLanguage\":\"tr\",\"potentialAction\":[{\"@type\":\"ReadAction\",\"target\":[\"https:\\\/\\\/www.mavihaber.com.tr\\\/?p=21695\"]}]},{\"@type\":\"ImageObject\",\"inLanguage\":\"tr\",\"@id\":\"https:\\\/\\\/www.mavihaber.com.tr\\\/?p=21695#primaryimage\",\"url\":\"https:\\\/\\\/www.mavihaber.com.tr\\\/wp-content\\\/uploads\\\/2026\\\/06\\\/E70E9D88-88E0-4C6E-9B6C-23C7B4BA2DD6.png\",\"contentUrl\":\"https:\\\/\\\/www.mavihaber.com.tr\\\/wp-content\\\/uploads\\\/2026\\\/06\\\/E70E9D88-88E0-4C6E-9B6C-23C7B4BA2DD6.png\",\"width\":1536,\"height\":1024},{\"@type\":\"BreadcrumbList\",\"@id\":\"https:\\\/\\\/www.mavihaber.com.tr\\\/?p=21695#breadcrumb\",\"itemListElement\":[{\"@type\":\"ListItem\",\"position\":1,\"name\":\"Anasayfa\",\"item\":\"https:\\\/\\\/www.mavihaber.com.tr\\\/\"},{\"@type\":\"ListItem\",\"position\":2,\"name\":\"\u00d6\u011frencilerin mezuniyet co\u015fkusu\"}]},{\"@type\":\"WebSite\",\"@id\":\"https:\\\/\\\/www.mavihaber.com.tr\\\/#website\",\"url\":\"https:\\\/\\\/www.mavihaber.com.tr\\\/\",\"name\":\"MAV\u0130 HABER\",\"description\":\"S&Ouml;Z U&Ccedil;AR YAZI KALIR\",\"publisher\":{\"@id\":\"https:\\\/\\\/www.mavihaber.com.tr\\\/#organization\"},\"potentialAction\":[{\"@type\":\"SearchAction\",\"target\":{\"@type\":\"EntryPoint\",\"urlTemplate\":\"https:\\\/\\\/www.mavihaber.com.tr\\\/?s={search_term_string}\"},\"query-input\":{\"@type\":\"PropertyValueSpecification\",\"valueRequired\":true,\"valueName\":\"search_term_string\"}}],\"inLanguage\":\"tr\"},{\"@type\":\"Organization\",\"@id\":\"https:\\\/\\\/www.mavihaber.com.tr\\\/#organization\",\"name\":\"MAV\u0130 HABER\",\"url\":\"https:\\\/\\\/www.mavihaber.com.tr\\\/\",\"logo\":{\"@type\":\"ImageObject\",\"inLanguage\":\"tr\",\"@id\":\"https:\\\/\\\/www.mavihaber.com.tr\\\/#\\\/schema\\\/logo\\\/image\\\/\",\"url\":\"http:\\\/\\\/www.mavihaber.com.tr\\\/wp-content\\\/uploads\\\/2022\\\/02\\\/mavi-logo.png\",\"contentUrl\":\"http:\\\/\\\/www.mavihaber.com.tr\\\/wp-content\\\/uploads\\\/2022\\\/02\\\/mavi-logo.png\",\"width\":301,\"height\":81,\"caption\":\"MAV\u0130 HABER\"},\"image\":{\"@id\":\"https:\\\/\\\/www.mavihaber.com.tr\\\/#\\\/schema\\\/logo\\\/image\\\/\"},\"sameAs\":[\"https:\\\/\\\/www.facebook.com\\\/ceyhan.mavi.142\\\/\",\"https:\\\/\\\/x.com\\\/ceyhanmavihaber\",\"https:\\\/\\\/www.instagram.com\\\/ceyhanmavihaber\\\/\",\"https:\\\/\\\/www.youtube.com\\\/channel\\\/UCJQ-0-AFgj2GjI269QDUwNw\"]},{\"@type\":\"Person\",\"@id\":\"https:\\\/\\\/www.mavihaber.com.tr\\\/#\\\/schema\\\/person\\\/dd7a0a39b6b2d5cc1609c32154b07a7d\",\"name\":\"\u0130zzet AYDEM\u0130R\",\"image\":{\"@type\":\"ImageObject\",\"inLanguage\":\"tr\",\"@id\":\"https:\\\/\\\/secure.gravatar.com\\\/avatar\\\/320a36bef556c371376115ba1e7491216472a73c7b42710d508168617c47b64f?s=96&d=mm&r=g\",\"url\":\"https:\\\/\\\/secure.gravatar.com\\\/avatar\\\/320a36bef556c371376115ba1e7491216472a73c7b42710d508168617c47b64f?s=96&d=mm&r=g\",\"contentUrl\":\"https:\\\/\\\/secure.gravatar.com\\\/avatar\\\/320a36bef556c371376115ba1e7491216472a73c7b42710d508168617c47b64f?s=96&d=mm&r=g\",\"caption\":\"\u0130zzet AYDEM\u0130R\"},\"sameAs\":[\"http:\\\/\\\/www.mavihaber.com.tr\"],\"url\":\"https:\\\/\\\/www.mavihaber.com.tr\\\/?author=5\"}]}<\/script>\n<!-- \/ Yoast SEO plugin. -->","yoast_head_json":{"title":"\u00d6\u011frencilerin mezuniyet co\u015fkusu - MAV\u0130 HABER","robots":{"index":"index","follow":"follow","max-snippet":"max-snippet:-1","max-image-preview":"max-image-preview:large","max-video-preview":"max-video-preview:-1"},"canonical":"https:\/\/www.mavihaber.com.tr\/?p=21695","og_locale":"tr_TR","og_type":"article","og_title":"\u00d6\u011frencilerin mezuniyet co\u015fkusu - MAV\u0130 HABER","og_description":"\u015eehit Zeynep Sa\u011f\u0131r Anadolu Lisesi\u2019nde Mezuniyet Co\u015fkusu Ceyhan\u2019da e\u011fitim \u00f6\u011fretim y\u0131l\u0131n\u0131n sona ermesiyle birlikte mezuniyet heyecan\u0131 da ya\u015fand\u0131. \u015eehit Zeynep","og_url":"https:\/\/www.mavihaber.com.tr\/?p=21695","og_site_name":"MAV\u0130 HABER","article_publisher":"https:\/\/www.facebook.com\/ceyhan.mavi.142\/","article_published_time":"2026-06-05T10:55:48+00:00","article_modified_time":"2026-06-05T10:59:39+00:00","og_image":[{"width":1024,"height":683,"url":"https:\/\/www.mavihaber.com.tr\/wp-content\/uploads\/2026\/06\/E70E9D88-88E0-4C6E-9B6C-23C7B4BA2DD6-1024x683.png","type":"image\/png"}],"author":"\u0130zzet AYDEM\u0130R","twitter_card":"summary_large_image","twitter_creator":"@ceyhanmavihaber","twitter_site":"@ceyhanmavihaber","twitter_misc":{"Yazan:":"\u0130zzet AYDEM\u0130R","Tahmini okuma s\u00fcresi":"1 dakika"},"schema":{"@context":"https:\/\/schema.org","@graph":[{"@type":"Article","@id":"https:\/\/www.mavihaber.com.tr\/?p=21695#article","isPartOf":{"@id":"https:\/\/www.mavihaber.com.tr\/?p=21695"},"author":{"name":"\u0130zzet AYDEM\u0130R","@id":"https:\/\/www.mavihaber.com.tr\/#\/schema\/person\/dd7a0a39b6b2d5cc1609c32154b07a7d"},"headline":"\u00d6\u011frencilerin mezuniyet co\u015fkusu","datePublished":"2026-06-05T10:55:48+00:00","dateModified":"2026-06-05T10:59:39+00:00","mainEntityOfPage":{"@id":"https:\/\/www.mavihaber.com.tr\/?p=21695"},"wordCount":264,"commentCount":0,"publisher":{"@id":"https:\/\/www.mavihaber.com.tr\/#organization"},"image":{"@id":"https:\/\/www.mavihaber.com.tr\/?p=21695#primaryimage"},"thumbnailUrl":"https:\/\/www.mavihaber.com.tr\/wp-content\/uploads\/2026\/06\/E70E9D88-88E0-4C6E-9B6C-23C7B4BA2DD6.png","articleSection":["Ceyhan","E\u011fitim","G\u00fcndem","Son Dakika"],"inLanguage":"tr","potentialAction":[{"@type":"CommentAction","name":"Comment","target":["https:\/\/www.mavihaber.com.tr\/?p=21695#respond"]}]},{"@type":"WebPage","@id":"https:\/\/www.mavihaber.com.tr\/?p=21695","url":"https:\/\/www.mavihaber.com.tr\/?p=21695","name":"\u00d6\u011frencilerin mezuniyet co\u015fkusu - MAV\u0130 HABER","isPartOf":{"@id":"https:\/\/www.mavihaber.com.tr\/#website"},"primaryImageOfPage":{"@id":"https:\/\/www.mavihaber.com.tr\/?p=21695#primaryimage"},"image":{"@id":"https:\/\/www.mavihaber.com.tr\/?p=21695#primaryimage"},"thumbnailUrl":"https:\/\/www.mavihaber.com.tr\/wp-content\/uploads\/2026\/06\/E70E9D88-88E0-4C6E-9B6C-23C7B4BA2DD6.png","datePublished":"2026-06-05T10:55:48+00:00","dateModified":"2026-06-05T10:59:39+00:00","breadcrumb":{"@id":"https:\/\/www.mavihaber.com.tr\/?p=21695#breadcrumb"},"inLanguage":"tr","potentialAction":[{"@type":"ReadAction","target":["https:\/\/www.mavihaber.com.tr\/?p=21695"]}]},{"@type":"ImageObject","inLanguage":"tr","@id":"https:\/\/www.mavihaber.com.tr\/?p=21695#primaryimage","url":"https:\/\/www.mavihaber.com.tr\/wp-content\/uploads\/2026\/06\/E70E9D88-88E0-4C6E-9B6C-23C7B4BA2DD6.png","contentUrl":"https:\/\/www.mavihaber.com.tr\/wp-content\/uploads\/2026\/06\/E70E9D88-88E0-4C6E-9B6C-23C7B4BA2DD6.png","width":1536,"height":1024},{"@type":"BreadcrumbList","@id":"https:\/\/www.mavihaber.com.tr\/?p=21695#breadcrumb","itemListElement":[{"@type":"ListItem","position":1,"name":"Anasayfa","item":"https:\/\/www.mavihaber.com.tr\/"},{"@type":"ListItem","position":2,"name":"\u00d6\u011frencilerin mezuniyet co\u015fkusu"}]},{"@type":"WebSite","@id":"https:\/\/www.mavihaber.com.tr\/#website","url":"https:\/\/www.mavihaber.com.tr\/","name":"MAV\u0130 HABER","description":"S&Ouml;Z U&Ccedil;AR YAZI KALIR","publisher":{"@id":"https:\/\/www.mavihaber.com.tr\/#organization"},"potentialAction":[{"@type":"SearchAction","target":{"@type":"EntryPoint","urlTemplate":"https:\/\/www.mavihaber.com.tr\/?s={search_term_string}"},"query-input":{"@type":"PropertyValueSpecification","valueRequired":true,"valueName":"search_term_string"}}],"inLanguage":"tr"},{"@type":"Organization","@id":"https:\/\/www.mavihaber.com.tr\/#organization","name":"MAV\u0130 HABER","url":"https:\/\/www.mavihaber.com.tr\/","logo":{"@type":"ImageObject","inLanguage":"tr","@id":"https:\/\/www.mavihaber.com.tr\/#\/schema\/logo\/image\/","url":"http:\/\/www.mavihaber.com.tr\/wp-content\/uploads\/2022\/02\/mavi-logo.png","contentUrl":"http:\/\/www.mavihaber.com.tr\/wp-content\/uploads\/2022\/02\/mavi-logo.png","width":301,"height":81,"caption":"MAV\u0130 HABER"},"image":{"@id":"https:\/\/www.mavihaber.com.tr\/#\/schema\/logo\/image\/"},"sameAs":["https:\/\/www.facebook.com\/ceyhan.mavi.142\/","https:\/\/x.com\/ceyhanmavihaber","https:\/\/www.instagram.com\/ceyhanmavihaber\/","https:\/\/www.youtube.com\/channel\/UCJQ-0-AFgj2GjI269QDUwNw"]},{"@type":"Person","@id":"https:\/\/www.mavihaber.com.tr\/#\/schema\/person\/dd7a0a39b6b2d5cc1609c32154b07a7d","name":"\u0130zzet AYDEM\u0130R","image":{"@type":"ImageObject","inLanguage":"tr","@id":"https:\/\/secure.gravatar.com\/avatar\/320a36bef556c371376115ba1e7491216472a73c7b42710d508168617c47b64f?s=96&d=mm&r=g","url":"https:\/\/secure.gravatar.com\/avatar\/320a36bef556c371376115ba1e7491216472a73c7b42710d508168617c47b64f?s=96&d=mm&r=g","contentUrl":"https:\/\/secure.gravatar.com\/avatar\/320a36bef556c371376115ba1e7491216472a73c7b42710d508168617c47b64f?s=96&d=mm&r=g","caption":"\u0130zzet AYDEM\u0130R"},"sameAs":["http:\/\/www.mavihaber.com.tr"],"url":"https:\/\/www.mavihaber.com.tr\/?author=5"}]}},"views":148,"_links":{"self":[{"href":"https:\/\/www.mavihaber.com.tr\/index.php?rest_route=\/wp\/v2\/posts\/21695","targetHints":{"allow":["GET"]}}],"collection":[{"href":"https:\/\/www.mavihaber.com.tr\/index.php?rest_route=\/wp\/v2\/posts"}],"about":[{"href":"https:\/\/www.mavihaber.com.tr\/index.php?rest_route=\/wp\/v2\/types\/post"}],"author":[{"embeddable":true,"href":"https:\/\/www.mavihaber.com.tr\/index.php?rest_route=\/wp\/v2\/users\/5"}],"replies":[{"embeddable":true,"href":"https:\/\/www.mavihaber.com.tr\/index.php?rest_route=%2Fwp%2Fv2%2Fcomments&post=21695"}],"version-history":[{"count":3,"href":"https:\/\/www.mavihaber.com.tr\/index.php?rest_route=\/wp\/v2\/posts\/21695\/revisions"}],"predecessor-version":[{"id":21701,"href":"https:\/\/www.mavihaber.com.tr\/index.php?rest_route=\/wp\/v2\/posts\/21695\/revisions\/21701"}],"wp:featuredmedia":[{"embeddable":true,"href":"https:\/\/www.mavihaber.com.tr\/index.php?rest_route=\/wp\/v2\/media\/21696"}],"wp:attachment":[{"href":"https:\/\/www.mavihaber.com.tr\/index.php?rest_route=%2Fwp%2Fv2%2Fmedia&parent=21695"}],"wp:term":[{"taxonomy":"category","embeddable":true,"href":"https:\/\/www.mavihaber.com.tr\/index.php?rest_route=%2Fwp%2Fv2%2Fcategories&post=21695"},{"taxonomy":"post_tag","embeddable":true,"href":"https:\/\/www.mavihaber.com.tr\/index.php?rest_route=%2Fwp%2Fv2%2Ftags&post=21695"}],"curies":[{"name":"wp","href":"https:\/\/api.w.org\/{rel}","templated":true}]}}