{"id":21702,"date":"2026-06-07T08:57:51","date_gmt":"2026-06-07T08:57:51","guid":{"rendered":"https:\/\/www.mavihaber.com.tr\/?p=21702"},"modified":"2026-06-07T09:51:55","modified_gmt":"2026-06-07T09:51:55","slug":"ceyhanin-iki-yakasi-birlesiyor","status":"publish","type":"post","link":"https:\/\/www.mavihaber.com.tr\/?p=21702","title":{"rendered":"Ceyhan\u2019\u0131n iki yakas\u0131 birle\u015fiyor"},"content":{"rendered":"<p class=\"p1\"><span class=\"s1\">Ceyhan Belediyesi taraf\u0131ndan hayata ge\u00e7irilen ve il\u00e7e tarihinin en b\u00fcy\u00fck belediye yat\u0131r\u0131mlar\u0131ndan biri olarak g\u00f6sterilen \u0130lk Ara\u00e7 \u00dcst Ge\u00e7it K\u00f6pr\u00fcs\u00fc\u2019n\u00fcn temeli d\u00fczenlenen t\u00f6renle at\u0131ld\u0131.<\/span><\/p>\n<p class=\"p1\"><span class=\"s1\">\u0130brahim Mete Bulvar\u0131 ile TOK\u0130 b\u00f6lgesini birbirine ba\u011flayacak proje tamamland\u0131\u011f\u0131nda Ulus, Mithatpa\u015fa, H\u00fcrriyet, \u0130stiklal, \u015eahin \u00d6zbilen, Cumhuriyet ve Nam\u0131k Kemal mahalleleri aras\u0131ndaki ula\u015f\u0131m kolayla\u015facak, \u015fehir i\u00e7i trafik \u00f6nemli \u00f6l\u00e7\u00fcde rahatlayacak.<\/span><\/p>\n<p class=\"p1\"><span class=\"s1\">Temel atma t\u00f6renine Adana B\u00fcy\u00fck\u015fehir Belediye Ba\u015fkan\u0131 Zeydan Karalar, Ceyhan Belediye Ba\u015fkan\u0131 Kadir Aydar, Belediye Ba\u015fkan Vekili Sevil Aydar Y\u0131ld\u0131z, CHP Genel Ba\u015fkan Yard\u0131mc\u0131s\u0131 Burhanettin Bulut, \u0130l Ba\u015fkan\u0131 An\u0131l Tanburo\u011flu ve \u00e7ok say\u0131da vatanda\u015f kat\u0131ld\u0131.<\/span><\/p>\n<p class=\"p1\"><span class=\"s2\"><img loading=\"lazy\" decoding=\"async\" class=\"alignnone wp-image-21706 size-large\" src=\"https:\/\/www.mavihaber.com.tr\/wp-content\/uploads\/2026\/06\/5da4b821-9715-4ccf-bd2e-a4738f07f0ee-1024x576.jpeg\" alt=\"\" width=\"1024\" height=\"576\" srcset=\"https:\/\/www.mavihaber.com.tr\/wp-content\/uploads\/2026\/06\/5da4b821-9715-4ccf-bd2e-a4738f07f0ee-1024x576.jpeg 1024w, https:\/\/www.mavihaber.com.tr\/wp-content\/uploads\/2026\/06\/5da4b821-9715-4ccf-bd2e-a4738f07f0ee-300x169.jpeg 300w, https:\/\/www.mavihaber.com.tr\/wp-content\/uploads\/2026\/06\/5da4b821-9715-4ccf-bd2e-a4738f07f0ee-768x432.jpeg 768w, https:\/\/www.mavihaber.com.tr\/wp-content\/uploads\/2026\/06\/5da4b821-9715-4ccf-bd2e-a4738f07f0ee-1536x864.jpeg 1536w, https:\/\/www.mavihaber.com.tr\/wp-content\/uploads\/2026\/06\/5da4b821-9715-4ccf-bd2e-a4738f07f0ee-2048x1152.jpeg 2048w\" sizes=\"auto, (max-width: 1024px) 100vw, 1024px\" \/>YILDIZ: B\u0130ZE NAS\u0130P OLDU<\/span><\/p>\n<p class=\"p1\"><span class=\"s1\">T\u00f6rende konu\u015fan Sevil Aydar Y\u0131ld\u0131z, projenin yaln\u0131zca bir ula\u015f\u0131m yat\u0131r\u0131m\u0131 de\u011fil, Ceyhan\u2019\u0131n gelece\u011fine duyulan g\u00fcvenin g\u00f6stergesi oldu\u011funu belirterek, \u201cKadir Ba\u015fkan s\u00f6z verdi, yerine getirmek bizlere nasip oldu\u201d dedi.<\/span><\/p>\n<p class=\"p1\"><span class=\"s1\">Projeye katk\u0131 sunan t\u00fcm teknik ekibe, belediye \u00e7al\u0131\u015fanlar\u0131na, meclis \u00fcyelerine ve muhtarlara te\u015fekk\u00fcr eden Y\u0131ld\u0131z, Ceyhan i\u00e7in \u00e7al\u0131\u015fmaya devam edeceklerini s\u00f6yledi.<\/span><\/p>\n<p class=\"p1\"><span class=\"s1\">KARALAR: LOJ\u0130ST\u0130K DESTEK SA\u011eLIYORUZ<\/span><\/p>\n<p class=\"p1\"><span class=\"s1\">Adana B\u00fcy\u00fck\u015fehir Belediye Ba\u015fkan\u0131 Zeydan Karalar ise bir il\u00e7e belediyesinin b\u00f6yle b\u00fcy\u00fck bir ula\u015f\u0131m projesini hayata ge\u00e7irmesinin takdire de\u011fer oldu\u011funu ifade ederek, B\u00fcy\u00fck\u015fehir olarak bizden lojistik destek istendi, bizde her t\u00fcrl\u00fc deste\u011fi veriyoruz ifadelerine yer verdi. <\/span><\/p>\n<p class=\"p1\"><span class=\"s1\"><img loading=\"lazy\" decoding=\"async\" class=\"alignnone wp-image-21705 size-large\" src=\"https:\/\/www.mavihaber.com.tr\/wp-content\/uploads\/2026\/06\/e801a7a4-03b6-4fd3-89bd-e592887ce5bd-1024x576.jpeg\" alt=\"\" width=\"1024\" height=\"576\" srcset=\"https:\/\/www.mavihaber.com.tr\/wp-content\/uploads\/2026\/06\/e801a7a4-03b6-4fd3-89bd-e592887ce5bd-1024x576.jpeg 1024w, https:\/\/www.mavihaber.com.tr\/wp-content\/uploads\/2026\/06\/e801a7a4-03b6-4fd3-89bd-e592887ce5bd-300x169.jpeg 300w, https:\/\/www.mavihaber.com.tr\/wp-content\/uploads\/2026\/06\/e801a7a4-03b6-4fd3-89bd-e592887ce5bd-768x432.jpeg 768w, https:\/\/www.mavihaber.com.tr\/wp-content\/uploads\/2026\/06\/e801a7a4-03b6-4fd3-89bd-e592887ce5bd-1536x864.jpeg 1536w, https:\/\/www.mavihaber.com.tr\/wp-content\/uploads\/2026\/06\/e801a7a4-03b6-4fd3-89bd-e592887ce5bd-2048x1152.jpeg 2048w\" sizes=\"auto, (max-width: 1024px) 100vw, 1024px\" \/>Yakla\u015f\u0131k 400 metre uzunlu\u011funda, 104 metre a\u00e7\u0131kl\u0131\u011f\u0131nda ve 11 metre geni\u015fli\u011finde projelendirilen k\u00f6pr\u00fcn\u00fcn 150 g\u00fcn i\u00e7inde tamamlanarak hizmete a\u00e7\u0131lmas\u0131 hedefleniyor.<\/span><\/p>\n","protected":false},"excerpt":{"rendered":"<p>Ceyhan Belediyesi taraf\u0131ndan hayata ge\u00e7irilen ve il\u00e7e tarihinin en b\u00fcy\u00fck belediye yat\u0131r\u0131mlar\u0131ndan biri olarak g\u00f6sterilen \u0130lk Ara\u00e7 \u00dcst Ge\u00e7it K\u00f6pr\u00fcs\u00fc\u2019n\u00fcn<\/p>\n","protected":false},"author":5,"featured_media":21704,"comment_status":"open","ping_status":"open","sticky":false,"template":"","format":"standard","meta":{"footnotes":""},"categories":[7,26,10],"tags":[],"class_list":["post-21702","post","type-post","status-publish","format-standard","has-post-thumbnail","hentry","category-belediye","category-ceyhan","category-gundem"],"yoast_head":"<!-- This site is optimized with the Yoast SEO plugin v28.2 - https:\/\/yoast.com\/product\/yoast-seo-wordpress\/ -->\n<title>Ceyhan\u2019\u0131n iki yakas\u0131 birle\u015fiyor - MAV\u0130 HABER<\/title>\n<meta name=\"robots\" content=\"index, follow, max-snippet:-1, max-image-preview:large, max-video-preview:-1\" \/>\n<link rel=\"canonical\" href=\"https:\/\/www.mavihaber.com.tr\/?p=21702\" \/>\n<meta property=\"og:locale\" content=\"tr_TR\" \/>\n<meta property=\"og:type\" content=\"article\" \/>\n<meta property=\"og:title\" content=\"Ceyhan\u2019\u0131n iki yakas\u0131 birle\u015fiyor - MAV\u0130 HABER\" \/>\n<meta property=\"og:description\" content=\"Ceyhan Belediyesi taraf\u0131ndan hayata ge\u00e7irilen ve il\u00e7e tarihinin en b\u00fcy\u00fck belediye yat\u0131r\u0131mlar\u0131ndan biri olarak g\u00f6sterilen \u0130lk Ara\u00e7 \u00dcst Ge\u00e7it K\u00f6pr\u00fcs\u00fc\u2019n\u00fcn\" \/>\n<meta property=\"og:url\" content=\"https:\/\/www.mavihaber.com.tr\/?p=21702\" \/>\n<meta property=\"og:site_name\" content=\"MAV\u0130 HABER\" \/>\n<meta property=\"article:publisher\" content=\"https:\/\/www.facebook.com\/ceyhan.mavi.142\/\" \/>\n<meta property=\"article:published_time\" content=\"2026-06-07T08:57:51+00:00\" \/>\n<meta property=\"article:modified_time\" content=\"2026-06-07T09:51:55+00:00\" \/>\n<meta property=\"og:image\" content=\"https:\/\/www.mavihaber.com.tr\/wp-content\/uploads\/2026\/06\/7E9AFC21-3633-47AD-AD5A-635CF41AC152-1024x683.png\" \/>\n\t<meta property=\"og:image:width\" content=\"1024\" \/>\n\t<meta property=\"og:image:height\" content=\"683\" \/>\n\t<meta property=\"og:image:type\" content=\"image\/png\" \/>\n<meta name=\"author\" content=\"\u0130zzet AYDEM\u0130R\" \/>\n<meta name=\"twitter:card\" content=\"summary_large_image\" \/>\n<meta name=\"twitter:creator\" content=\"@ceyhanmavihaber\" \/>\n<meta name=\"twitter:site\" content=\"@ceyhanmavihaber\" \/>\n<meta name=\"twitter:label1\" content=\"Yazan:\" \/>\n\t<meta name=\"twitter:data1\" content=\"\u0130zzet AYDEM\u0130R\" \/>\n\t<meta name=\"twitter:label2\" content=\"Tahmini okuma s\u00fcresi\" \/>\n\t<meta name=\"twitter:data2\" content=\"2 dakika\" \/>\n<script type=\"application\/ld+json\" class=\"yoast-schema-graph\">{\"@context\":\"https:\\\/\\\/schema.org\",\"@graph\":[{\"@type\":\"Article\",\"@id\":\"https:\\\/\\\/www.mavihaber.com.tr\\\/?p=21702#article\",\"isPartOf\":{\"@id\":\"https:\\\/\\\/www.mavihaber.com.tr\\\/?p=21702\"},\"author\":{\"name\":\"\u0130zzet AYDEM\u0130R\",\"@id\":\"https:\\\/\\\/www.mavihaber.com.tr\\\/#\\\/schema\\\/person\\\/dd7a0a39b6b2d5cc1609c32154b07a7d\"},\"headline\":\"Ceyhan\u2019\u0131n iki yakas\u0131 birle\u015fiyor\",\"datePublished\":\"2026-06-07T08:57:51+00:00\",\"dateModified\":\"2026-06-07T09:51:55+00:00\",\"mainEntityOfPage\":{\"@id\":\"https:\\\/\\\/www.mavihaber.com.tr\\\/?p=21702\"},\"wordCount\":309,\"commentCount\":0,\"publisher\":{\"@id\":\"https:\\\/\\\/www.mavihaber.com.tr\\\/#organization\"},\"image\":{\"@id\":\"https:\\\/\\\/www.mavihaber.com.tr\\\/?p=21702#primaryimage\"},\"thumbnailUrl\":\"https:\\\/\\\/www.mavihaber.com.tr\\\/wp-content\\\/uploads\\\/2026\\\/06\\\/7E9AFC21-3633-47AD-AD5A-635CF41AC152.png\",\"articleSection\":[\"Belediyeler\",\"Ceyhan\",\"G\u00fcndem\"],\"inLanguage\":\"tr\",\"potentialAction\":[{\"@type\":\"CommentAction\",\"name\":\"Comment\",\"target\":[\"https:\\\/\\\/www.mavihaber.com.tr\\\/?p=21702#respond\"]}]},{\"@type\":\"WebPage\",\"@id\":\"https:\\\/\\\/www.mavihaber.com.tr\\\/?p=21702\",\"url\":\"https:\\\/\\\/www.mavihaber.com.tr\\\/?p=21702\",\"name\":\"Ceyhan\u2019\u0131n iki yakas\u0131 birle\u015fiyor - MAV\u0130 HABER\",\"isPartOf\":{\"@id\":\"https:\\\/\\\/www.mavihaber.com.tr\\\/#website\"},\"primaryImageOfPage\":{\"@id\":\"https:\\\/\\\/www.mavihaber.com.tr\\\/?p=21702#primaryimage\"},\"image\":{\"@id\":\"https:\\\/\\\/www.mavihaber.com.tr\\\/?p=21702#primaryimage\"},\"thumbnailUrl\":\"https:\\\/\\\/www.mavihaber.com.tr\\\/wp-content\\\/uploads\\\/2026\\\/06\\\/7E9AFC21-3633-47AD-AD5A-635CF41AC152.png\",\"datePublished\":\"2026-06-07T08:57:51+00:00\",\"dateModified\":\"2026-06-07T09:51:55+00:00\",\"breadcrumb\":{\"@id\":\"https:\\\/\\\/www.mavihaber.com.tr\\\/?p=21702#breadcrumb\"},\"inLanguage\":\"tr\",\"potentialAction\":[{\"@type\":\"ReadAction\",\"target\":[\"https:\\\/\\\/www.mavihaber.com.tr\\\/?p=21702\"]}]},{\"@type\":\"ImageObject\",\"inLanguage\":\"tr\",\"@id\":\"https:\\\/\\\/www.mavihaber.com.tr\\\/?p=21702#primaryimage\",\"url\":\"https:\\\/\\\/www.mavihaber.com.tr\\\/wp-content\\\/uploads\\\/2026\\\/06\\\/7E9AFC21-3633-47AD-AD5A-635CF41AC152.png\",\"contentUrl\":\"https:\\\/\\\/www.mavihaber.com.tr\\\/wp-content\\\/uploads\\\/2026\\\/06\\\/7E9AFC21-3633-47AD-AD5A-635CF41AC152.png\",\"width\":1536,\"height\":1024},{\"@type\":\"BreadcrumbList\",\"@id\":\"https:\\\/\\\/www.mavihaber.com.tr\\\/?p=21702#breadcrumb\",\"itemListElement\":[{\"@type\":\"ListItem\",\"position\":1,\"name\":\"Anasayfa\",\"item\":\"https:\\\/\\\/www.mavihaber.com.tr\\\/\"},{\"@type\":\"ListItem\",\"position\":2,\"name\":\"Ceyhan\u2019\u0131n iki yakas\u0131 birle\u015fiyor\"}]},{\"@type\":\"WebSite\",\"@id\":\"https:\\\/\\\/www.mavihaber.com.tr\\\/#website\",\"url\":\"https:\\\/\\\/www.mavihaber.com.tr\\\/\",\"name\":\"MAV\u0130 HABER\",\"description\":\"S&Ouml;Z U&Ccedil;AR YAZI KALIR\",\"publisher\":{\"@id\":\"https:\\\/\\\/www.mavihaber.com.tr\\\/#organization\"},\"potentialAction\":[{\"@type\":\"SearchAction\",\"target\":{\"@type\":\"EntryPoint\",\"urlTemplate\":\"https:\\\/\\\/www.mavihaber.com.tr\\\/?s={search_term_string}\"},\"query-input\":{\"@type\":\"PropertyValueSpecification\",\"valueRequired\":true,\"valueName\":\"search_term_string\"}}],\"inLanguage\":\"tr\"},{\"@type\":\"Organization\",\"@id\":\"https:\\\/\\\/www.mavihaber.com.tr\\\/#organization\",\"name\":\"MAV\u0130 HABER\",\"url\":\"https:\\\/\\\/www.mavihaber.com.tr\\\/\",\"logo\":{\"@type\":\"ImageObject\",\"inLanguage\":\"tr\",\"@id\":\"https:\\\/\\\/www.mavihaber.com.tr\\\/#\\\/schema\\\/logo\\\/image\\\/\",\"url\":\"http:\\\/\\\/www.mavihaber.com.tr\\\/wp-content\\\/uploads\\\/2022\\\/02\\\/mavi-logo.png\",\"contentUrl\":\"http:\\\/\\\/www.mavihaber.com.tr\\\/wp-content\\\/uploads\\\/2022\\\/02\\\/mavi-logo.png\",\"width\":301,\"height\":81,\"caption\":\"MAV\u0130 HABER\"},\"image\":{\"@id\":\"https:\\\/\\\/www.mavihaber.com.tr\\\/#\\\/schema\\\/logo\\\/image\\\/\"},\"sameAs\":[\"https:\\\/\\\/www.facebook.com\\\/ceyhan.mavi.142\\\/\",\"https:\\\/\\\/x.com\\\/ceyhanmavihaber\",\"https:\\\/\\\/www.instagram.com\\\/ceyhanmavihaber\\\/\",\"https:\\\/\\\/www.youtube.com\\\/channel\\\/UCJQ-0-AFgj2GjI269QDUwNw\"]},{\"@type\":\"Person\",\"@id\":\"https:\\\/\\\/www.mavihaber.com.tr\\\/#\\\/schema\\\/person\\\/dd7a0a39b6b2d5cc1609c32154b07a7d\",\"name\":\"\u0130zzet AYDEM\u0130R\",\"image\":{\"@type\":\"ImageObject\",\"inLanguage\":\"tr\",\"@id\":\"https:\\\/\\\/secure.gravatar.com\\\/avatar\\\/320a36bef556c371376115ba1e7491216472a73c7b42710d508168617c47b64f?s=96&d=mm&r=g\",\"url\":\"https:\\\/\\\/secure.gravatar.com\\\/avatar\\\/320a36bef556c371376115ba1e7491216472a73c7b42710d508168617c47b64f?s=96&d=mm&r=g\",\"contentUrl\":\"https:\\\/\\\/secure.gravatar.com\\\/avatar\\\/320a36bef556c371376115ba1e7491216472a73c7b42710d508168617c47b64f?s=96&d=mm&r=g\",\"caption\":\"\u0130zzet AYDEM\u0130R\"},\"sameAs\":[\"http:\\\/\\\/www.mavihaber.com.tr\"],\"url\":\"https:\\\/\\\/www.mavihaber.com.tr\\\/?author=5\"}]}<\/script>\n<!-- \/ Yoast SEO plugin. -->","yoast_head_json":{"title":"Ceyhan\u2019\u0131n iki yakas\u0131 birle\u015fiyor - MAV\u0130 HABER","robots":{"index":"index","follow":"follow","max-snippet":"max-snippet:-1","max-image-preview":"max-image-preview:large","max-video-preview":"max-video-preview:-1"},"canonical":"https:\/\/www.mavihaber.com.tr\/?p=21702","og_locale":"tr_TR","og_type":"article","og_title":"Ceyhan\u2019\u0131n iki yakas\u0131 birle\u015fiyor - MAV\u0130 HABER","og_description":"Ceyhan Belediyesi taraf\u0131ndan hayata ge\u00e7irilen ve il\u00e7e tarihinin en b\u00fcy\u00fck belediye yat\u0131r\u0131mlar\u0131ndan biri olarak g\u00f6sterilen \u0130lk Ara\u00e7 \u00dcst Ge\u00e7it K\u00f6pr\u00fcs\u00fc\u2019n\u00fcn","og_url":"https:\/\/www.mavihaber.com.tr\/?p=21702","og_site_name":"MAV\u0130 HABER","article_publisher":"https:\/\/www.facebook.com\/ceyhan.mavi.142\/","article_published_time":"2026-06-07T08:57:51+00:00","article_modified_time":"2026-06-07T09:51:55+00:00","og_image":[{"width":1024,"height":683,"url":"https:\/\/www.mavihaber.com.tr\/wp-content\/uploads\/2026\/06\/7E9AFC21-3633-47AD-AD5A-635CF41AC152-1024x683.png","type":"image\/png"}],"author":"\u0130zzet AYDEM\u0130R","twitter_card":"summary_large_image","twitter_creator":"@ceyhanmavihaber","twitter_site":"@ceyhanmavihaber","twitter_misc":{"Yazan:":"\u0130zzet AYDEM\u0130R","Tahmini okuma s\u00fcresi":"2 dakika"},"schema":{"@context":"https:\/\/schema.org","@graph":[{"@type":"Article","@id":"https:\/\/www.mavihaber.com.tr\/?p=21702#article","isPartOf":{"@id":"https:\/\/www.mavihaber.com.tr\/?p=21702"},"author":{"name":"\u0130zzet AYDEM\u0130R","@id":"https:\/\/www.mavihaber.com.tr\/#\/schema\/person\/dd7a0a39b6b2d5cc1609c32154b07a7d"},"headline":"Ceyhan\u2019\u0131n iki yakas\u0131 birle\u015fiyor","datePublished":"2026-06-07T08:57:51+00:00","dateModified":"2026-06-07T09:51:55+00:00","mainEntityOfPage":{"@id":"https:\/\/www.mavihaber.com.tr\/?p=21702"},"wordCount":309,"commentCount":0,"publisher":{"@id":"https:\/\/www.mavihaber.com.tr\/#organization"},"image":{"@id":"https:\/\/www.mavihaber.com.tr\/?p=21702#primaryimage"},"thumbnailUrl":"https:\/\/www.mavihaber.com.tr\/wp-content\/uploads\/2026\/06\/7E9AFC21-3633-47AD-AD5A-635CF41AC152.png","articleSection":["Belediyeler","Ceyhan","G\u00fcndem"],"inLanguage":"tr","potentialAction":[{"@type":"CommentAction","name":"Comment","target":["https:\/\/www.mavihaber.com.tr\/?p=21702#respond"]}]},{"@type":"WebPage","@id":"https:\/\/www.mavihaber.com.tr\/?p=21702","url":"https:\/\/www.mavihaber.com.tr\/?p=21702","name":"Ceyhan\u2019\u0131n iki yakas\u0131 birle\u015fiyor - MAV\u0130 HABER","isPartOf":{"@id":"https:\/\/www.mavihaber.com.tr\/#website"},"primaryImageOfPage":{"@id":"https:\/\/www.mavihaber.com.tr\/?p=21702#primaryimage"},"image":{"@id":"https:\/\/www.mavihaber.com.tr\/?p=21702#primaryimage"},"thumbnailUrl":"https:\/\/www.mavihaber.com.tr\/wp-content\/uploads\/2026\/06\/7E9AFC21-3633-47AD-AD5A-635CF41AC152.png","datePublished":"2026-06-07T08:57:51+00:00","dateModified":"2026-06-07T09:51:55+00:00","breadcrumb":{"@id":"https:\/\/www.mavihaber.com.tr\/?p=21702#breadcrumb"},"inLanguage":"tr","potentialAction":[{"@type":"ReadAction","target":["https:\/\/www.mavihaber.com.tr\/?p=21702"]}]},{"@type":"ImageObject","inLanguage":"tr","@id":"https:\/\/www.mavihaber.com.tr\/?p=21702#primaryimage","url":"https:\/\/www.mavihaber.com.tr\/wp-content\/uploads\/2026\/06\/7E9AFC21-3633-47AD-AD5A-635CF41AC152.png","contentUrl":"https:\/\/www.mavihaber.com.tr\/wp-content\/uploads\/2026\/06\/7E9AFC21-3633-47AD-AD5A-635CF41AC152.png","width":1536,"height":1024},{"@type":"BreadcrumbList","@id":"https:\/\/www.mavihaber.com.tr\/?p=21702#breadcrumb","itemListElement":[{"@type":"ListItem","position":1,"name":"Anasayfa","item":"https:\/\/www.mavihaber.com.tr\/"},{"@type":"ListItem","position":2,"name":"Ceyhan\u2019\u0131n iki yakas\u0131 birle\u015fiyor"}]},{"@type":"WebSite","@id":"https:\/\/www.mavihaber.com.tr\/#website","url":"https:\/\/www.mavihaber.com.tr\/","name":"MAV\u0130 HABER","description":"S&Ouml;Z U&Ccedil;AR YAZI KALIR","publisher":{"@id":"https:\/\/www.mavihaber.com.tr\/#organization"},"potentialAction":[{"@type":"SearchAction","target":{"@type":"EntryPoint","urlTemplate":"https:\/\/www.mavihaber.com.tr\/?s={search_term_string}"},"query-input":{"@type":"PropertyValueSpecification","valueRequired":true,"valueName":"search_term_string"}}],"inLanguage":"tr"},{"@type":"Organization","@id":"https:\/\/www.mavihaber.com.tr\/#organization","name":"MAV\u0130 HABER","url":"https:\/\/www.mavihaber.com.tr\/","logo":{"@type":"ImageObject","inLanguage":"tr","@id":"https:\/\/www.mavihaber.com.tr\/#\/schema\/logo\/image\/","url":"http:\/\/www.mavihaber.com.tr\/wp-content\/uploads\/2022\/02\/mavi-logo.png","contentUrl":"http:\/\/www.mavihaber.com.tr\/wp-content\/uploads\/2022\/02\/mavi-logo.png","width":301,"height":81,"caption":"MAV\u0130 HABER"},"image":{"@id":"https:\/\/www.mavihaber.com.tr\/#\/schema\/logo\/image\/"},"sameAs":["https:\/\/www.facebook.com\/ceyhan.mavi.142\/","https:\/\/x.com\/ceyhanmavihaber","https:\/\/www.instagram.com\/ceyhanmavihaber\/","https:\/\/www.youtube.com\/channel\/UCJQ-0-AFgj2GjI269QDUwNw"]},{"@type":"Person","@id":"https:\/\/www.mavihaber.com.tr\/#\/schema\/person\/dd7a0a39b6b2d5cc1609c32154b07a7d","name":"\u0130zzet AYDEM\u0130R","image":{"@type":"ImageObject","inLanguage":"tr","@id":"https:\/\/secure.gravatar.com\/avatar\/320a36bef556c371376115ba1e7491216472a73c7b42710d508168617c47b64f?s=96&d=mm&r=g","url":"https:\/\/secure.gravatar.com\/avatar\/320a36bef556c371376115ba1e7491216472a73c7b42710d508168617c47b64f?s=96&d=mm&r=g","contentUrl":"https:\/\/secure.gravatar.com\/avatar\/320a36bef556c371376115ba1e7491216472a73c7b42710d508168617c47b64f?s=96&d=mm&r=g","caption":"\u0130zzet AYDEM\u0130R"},"sameAs":["http:\/\/www.mavihaber.com.tr"],"url":"https:\/\/www.mavihaber.com.tr\/?author=5"}]}},"views":109,"_links":{"self":[{"href":"https:\/\/www.mavihaber.com.tr\/index.php?rest_route=\/wp\/v2\/posts\/21702","targetHints":{"allow":["GET"]}}],"collection":[{"href":"https:\/\/www.mavihaber.com.tr\/index.php?rest_route=\/wp\/v2\/posts"}],"about":[{"href":"https:\/\/www.mavihaber.com.tr\/index.php?rest_route=\/wp\/v2\/types\/post"}],"author":[{"embeddable":true,"href":"https:\/\/www.mavihaber.com.tr\/index.php?rest_route=\/wp\/v2\/users\/5"}],"replies":[{"embeddable":true,"href":"https:\/\/www.mavihaber.com.tr\/index.php?rest_route=%2Fwp%2Fv2%2Fcomments&post=21702"}],"version-history":[{"count":4,"href":"https:\/\/www.mavihaber.com.tr\/index.php?rest_route=\/wp\/v2\/posts\/21702\/revisions"}],"predecessor-version":[{"id":21709,"href":"https:\/\/www.mavihaber.com.tr\/index.php?rest_route=\/wp\/v2\/posts\/21702\/revisions\/21709"}],"wp:featuredmedia":[{"embeddable":true,"href":"https:\/\/www.mavihaber.com.tr\/index.php?rest_route=\/wp\/v2\/media\/21704"}],"wp:attachment":[{"href":"https:\/\/www.mavihaber.com.tr\/index.php?rest_route=%2Fwp%2Fv2%2Fmedia&parent=21702"}],"wp:term":[{"taxonomy":"category","embeddable":true,"href":"https:\/\/www.mavihaber.com.tr\/index.php?rest_route=%2Fwp%2Fv2%2Fcategories&post=21702"},{"taxonomy":"post_tag","embeddable":true,"href":"https:\/\/www.mavihaber.com.tr\/index.php?rest_route=%2Fwp%2Fv2%2Ftags&post=21702"}],"curies":[{"name":"wp","href":"https:\/\/api.w.org\/{rel}","templated":true}]}}