{"id":21921,"date":"2026-07-14T11:55:20","date_gmt":"2026-07-14T11:55:20","guid":{"rendered":"https:\/\/www.mavihaber.com.tr\/?p=21921"},"modified":"2026-07-14T12:07:41","modified_gmt":"2026-07-14T12:07:41","slug":"3-karpuz-festivali-yapildi","status":"publish","type":"post","link":"https:\/\/www.mavihaber.com.tr\/?p=21921","title":{"rendered":"3. Karpuz Festivali yap\u0131ld\u0131"},"content":{"rendered":"<p><img loading=\"lazy\" decoding=\"async\" class=\"alignnone wp-image-21923 size-large\" src=\"https:\/\/www.mavihaber.com.tr\/wp-content\/uploads\/2026\/07\/8056471E-48BE-4376-9640-4B8FED629F9A-1024x683.png\" alt=\"\" width=\"1024\" height=\"683\" srcset=\"https:\/\/www.mavihaber.com.tr\/wp-content\/uploads\/2026\/07\/8056471E-48BE-4376-9640-4B8FED629F9A-1024x683.png 1024w, https:\/\/www.mavihaber.com.tr\/wp-content\/uploads\/2026\/07\/8056471E-48BE-4376-9640-4B8FED629F9A-300x200.png 300w, https:\/\/www.mavihaber.com.tr\/wp-content\/uploads\/2026\/07\/8056471E-48BE-4376-9640-4B8FED629F9A-768x512.png 768w, https:\/\/www.mavihaber.com.tr\/wp-content\/uploads\/2026\/07\/8056471E-48BE-4376-9640-4B8FED629F9A.png 1536w\" sizes=\"auto, (max-width: 1024px) 100vw, 1024px\" \/><\/p>\n<p>3. Ceyhan Karpuz Festivali B\u00fcy\u00fck Co\u015fkuyla Ger\u00e7ekle\u015ftirildi<\/p>\n<p>Ceyhan Aktif Gazeteciler Derne\u011fi taraf\u0131ndan bu y\u0131l \u00fc\u00e7\u00fcnc\u00fcs\u00fc d\u00fczenlenen 3. Ceyhan Karpuz Festivali, binlerce vatanda\u015f\u0131n kat\u0131l\u0131m\u0131yla ger\u00e7ekle\u015ftirildi. Trakt\u00f6r kortejiyle ba\u015flayan festival, halk oyunlar\u0131, konserler, \u00e7ocuk etkinlikleri ve karpuz ikram\u0131yla renkli g\u00f6r\u00fcnt\u00fclere sahne oldu.<\/p>\n<p>Festivalin a\u00e7\u0131l\u0131\u015f\u0131nda konu\u015fan Ceyhan Aktif Gazeteciler Derne\u011fi Komite Ba\u015fkan\u0131 Yal\u00e7\u0131n Arslan, Ceyhan karpuzunun il\u00e7enin en \u00f6nemli tar\u0131msal de\u011ferlerinden biri oldu\u011funu belirterek, \u00fcreticiyi desteklemek ve karpuzun marka de\u011ferini g\u00fc\u00e7lendirmek amac\u0131yla festivali d\u00fczenlediklerini s\u00f6yledi.<\/p>\n<p><img loading=\"lazy\" decoding=\"async\" class=\"alignnone wp-image-21928 size-large\" src=\"https:\/\/www.mavihaber.com.tr\/wp-content\/uploads\/2026\/07\/32598140-974e-4d81-9aba-b0086075a60d-1024x682.jpeg\" alt=\"\" width=\"1024\" height=\"682\" srcset=\"https:\/\/www.mavihaber.com.tr\/wp-content\/uploads\/2026\/07\/32598140-974e-4d81-9aba-b0086075a60d-1024x682.jpeg 1024w, https:\/\/www.mavihaber.com.tr\/wp-content\/uploads\/2026\/07\/32598140-974e-4d81-9aba-b0086075a60d-300x200.jpeg 300w, https:\/\/www.mavihaber.com.tr\/wp-content\/uploads\/2026\/07\/32598140-974e-4d81-9aba-b0086075a60d-768x512.jpeg 768w, https:\/\/www.mavihaber.com.tr\/wp-content\/uploads\/2026\/07\/32598140-974e-4d81-9aba-b0086075a60d-1536x1023.jpeg 1536w, https:\/\/www.mavihaber.com.tr\/wp-content\/uploads\/2026\/07\/32598140-974e-4d81-9aba-b0086075a60d.jpeg 1600w\" sizes=\"auto, (max-width: 1024px) 100vw, 1024px\" \/>Ceyhan Aktif Gazeteciler Derne\u011fi Onursal Ba\u015fkan\u0131 Muzaffer A\u00e7\u0131klar ise Ceyhan karpuzunun uluslararas\u0131 d\u00fczeyde tan\u0131nan \u00f6nemli bir marka oldu\u011funu vurgulad\u0131.<\/p>\n<p>Ceyhan Belediye Ba\u015fkan Yard\u0131mc\u0131s\u0131 Burhan Onuk ve Sar\u0131\u00e7am Belediyesi Gen\u00e7lik ve Spor Hizmetleri M\u00fcd\u00fcr\u00fc Kadir G\u00fcl de yapt\u0131klar\u0131 konu\u015fmalarda festivalin Ceyhan\u2019\u0131n tan\u0131t\u0131m\u0131na \u00f6nemli katk\u0131 sundu\u011funu ifade etti.<\/p>\n<figure id=\"attachment_21925\" aria-describedby=\"caption-attachment-21925\" style=\"width: 1024px\" class=\"wp-caption alignnone\"><img loading=\"lazy\" decoding=\"async\" class=\"wp-image-21925 size-large\" src=\"https:\/\/www.mavihaber.com.tr\/wp-content\/uploads\/2026\/07\/9c954d93-2e86-4c41-a5cf-757e53db9271-1024x682.jpeg\" alt=\"\" width=\"1024\" height=\"682\" srcset=\"https:\/\/www.mavihaber.com.tr\/wp-content\/uploads\/2026\/07\/9c954d93-2e86-4c41-a5cf-757e53db9271-1024x682.jpeg 1024w, https:\/\/www.mavihaber.com.tr\/wp-content\/uploads\/2026\/07\/9c954d93-2e86-4c41-a5cf-757e53db9271-300x200.jpeg 300w, https:\/\/www.mavihaber.com.tr\/wp-content\/uploads\/2026\/07\/9c954d93-2e86-4c41-a5cf-757e53db9271-768x512.jpeg 768w, https:\/\/www.mavihaber.com.tr\/wp-content\/uploads\/2026\/07\/9c954d93-2e86-4c41-a5cf-757e53db9271-1536x1023.jpeg 1536w, https:\/\/www.mavihaber.com.tr\/wp-content\/uploads\/2026\/07\/9c954d93-2e86-4c41-a5cf-757e53db9271.jpeg 1600w\" sizes=\"auto, (max-width: 1024px) 100vw, 1024px\" \/><figcaption id=\"caption-attachment-21925\" class=\"wp-caption-text\">Sanat\u00e7\u0131 \u015eahan b\u00fcy\u00fck be\u011feni g\u00f6rd\u00fc<\/figcaption><\/figure>\n<p>SANAT\u00c7ILAR SAHNE ALDI<\/p>\n<p>TRT sanat\u00e7\u0131s\u0131 Mehmet Kamer, Adanal\u0131 sanat\u00e7\u0131 \u015eahan ve Azerbaycanl\u0131 sanat\u00e7\u0131 G\u00fcnay Beylerg\u0131z\u0131\u2019n\u0131n konserleriyle sona eren festivalde, organizasyona katk\u0131 sa\u011flayan ki\u015fi ve kurumlara plaket takdim edildi.<\/p>\n<p>\u00d6te yandan; Ceyhan Aktif Gazeteciler Derne\u011fi taraf\u0131ndan d\u00fczenlenen Karpuz Festivali ile sanat\u00e7\u0131lar\u0131n sahne almas\u0131na Ceyhan halk\u0131n\u0131n yo\u011fun ilgi g\u00f6stermesi, il\u00e7ede sosyal etkinliklere duyulan \u00f6zlemi de g\u00f6z \u00f6n\u00fcne serdi.<img loading=\"lazy\" decoding=\"async\" class=\"alignnone wp-image-21924 size-large\" src=\"https:\/\/www.mavihaber.com.tr\/wp-content\/uploads\/2026\/07\/f0048d1f-d4e2-431e-a261-6ed920bca6b2-1024x682.jpeg\" alt=\"\" width=\"1024\" height=\"682\" srcset=\"https:\/\/www.mavihaber.com.tr\/wp-content\/uploads\/2026\/07\/f0048d1f-d4e2-431e-a261-6ed920bca6b2-1024x682.jpeg 1024w, https:\/\/www.mavihaber.com.tr\/wp-content\/uploads\/2026\/07\/f0048d1f-d4e2-431e-a261-6ed920bca6b2-300x200.jpeg 300w, https:\/\/www.mavihaber.com.tr\/wp-content\/uploads\/2026\/07\/f0048d1f-d4e2-431e-a261-6ed920bca6b2-768x512.jpeg 768w, https:\/\/www.mavihaber.com.tr\/wp-content\/uploads\/2026\/07\/f0048d1f-d4e2-431e-a261-6ed920bca6b2-1536x1023.jpeg 1536w, https:\/\/www.mavihaber.com.tr\/wp-content\/uploads\/2026\/07\/f0048d1f-d4e2-431e-a261-6ed920bca6b2.jpeg 1600w\" sizes=\"auto, (max-width: 1024px) 100vw, 1024px\" \/><\/p>\n<p><img loading=\"lazy\" decoding=\"async\" class=\"alignnone wp-image-21927 size-large\" src=\"https:\/\/www.mavihaber.com.tr\/wp-content\/uploads\/2026\/07\/9b2addda-49f5-449d-a88f-18c5d474a95b-1024x682.jpeg\" alt=\"\" width=\"1024\" height=\"682\" srcset=\"https:\/\/www.mavihaber.com.tr\/wp-content\/uploads\/2026\/07\/9b2addda-49f5-449d-a88f-18c5d474a95b-1024x682.jpeg 1024w, https:\/\/www.mavihaber.com.tr\/wp-content\/uploads\/2026\/07\/9b2addda-49f5-449d-a88f-18c5d474a95b-300x200.jpeg 300w, https:\/\/www.mavihaber.com.tr\/wp-content\/uploads\/2026\/07\/9b2addda-49f5-449d-a88f-18c5d474a95b-768x512.jpeg 768w, https:\/\/www.mavihaber.com.tr\/wp-content\/uploads\/2026\/07\/9b2addda-49f5-449d-a88f-18c5d474a95b-1536x1023.jpeg 1536w, https:\/\/www.mavihaber.com.tr\/wp-content\/uploads\/2026\/07\/9b2addda-49f5-449d-a88f-18c5d474a95b.jpeg 1600w\" sizes=\"auto, (max-width: 1024px) 100vw, 1024px\" \/><\/p>\n","protected":false},"excerpt":{"rendered":"<p>3. Ceyhan Karpuz Festivali B\u00fcy\u00fck Co\u015fkuyla Ger\u00e7ekle\u015ftirildi Ceyhan Aktif Gazeteciler Derne\u011fi taraf\u0131ndan bu y\u0131l \u00fc\u00e7\u00fcnc\u00fcs\u00fc d\u00fczenlenen 3. Ceyhan Karpuz Festivali,<\/p>\n","protected":false},"author":5,"featured_media":21923,"comment_status":"open","ping_status":"open","sticky":false,"template":"","format":"standard","meta":{"footnotes":""},"categories":[7,26,8,10],"tags":[],"class_list":["post-21921","post","type-post","status-publish","format-standard","has-post-thumbnail","hentry","category-belediye","category-ceyhan","category-ekonomi","category-gundem"],"yoast_head":"<!-- This site is optimized with the Yoast SEO plugin v28.2 - https:\/\/yoast.com\/product\/yoast-seo-wordpress\/ -->\n<title>3. Karpuz Festivali yap\u0131ld\u0131 - MAV\u0130 HABER<\/title>\n<meta name=\"robots\" content=\"index, follow, max-snippet:-1, max-image-preview:large, max-video-preview:-1\" \/>\n<link rel=\"canonical\" href=\"https:\/\/www.mavihaber.com.tr\/?p=21921\" \/>\n<meta property=\"og:locale\" content=\"tr_TR\" \/>\n<meta property=\"og:type\" content=\"article\" \/>\n<meta property=\"og:title\" content=\"3. Karpuz Festivali yap\u0131ld\u0131 - MAV\u0130 HABER\" \/>\n<meta property=\"og:description\" content=\"3. Ceyhan Karpuz Festivali B\u00fcy\u00fck Co\u015fkuyla Ger\u00e7ekle\u015ftirildi Ceyhan Aktif Gazeteciler Derne\u011fi taraf\u0131ndan bu y\u0131l \u00fc\u00e7\u00fcnc\u00fcs\u00fc d\u00fczenlenen 3. Ceyhan Karpuz Festivali,\" \/>\n<meta property=\"og:url\" content=\"https:\/\/www.mavihaber.com.tr\/?p=21921\" \/>\n<meta property=\"og:site_name\" content=\"MAV\u0130 HABER\" \/>\n<meta property=\"article:publisher\" content=\"https:\/\/www.facebook.com\/ceyhan.mavi.142\/\" \/>\n<meta property=\"article:published_time\" content=\"2026-07-14T11:55:20+00:00\" \/>\n<meta property=\"article:modified_time\" content=\"2026-07-14T12:07:41+00:00\" \/>\n<meta property=\"og:image\" content=\"https:\/\/www.mavihaber.com.tr\/wp-content\/uploads\/2026\/07\/8056471E-48BE-4376-9640-4B8FED629F9A-1024x683.png\" \/>\n\t<meta property=\"og:image:width\" content=\"1024\" \/>\n\t<meta property=\"og:image:height\" content=\"683\" \/>\n\t<meta property=\"og:image:type\" content=\"image\/png\" \/>\n<meta name=\"author\" content=\"\u0130zzet AYDEM\u0130R\" \/>\n<meta name=\"twitter:card\" content=\"summary_large_image\" \/>\n<meta name=\"twitter:creator\" content=\"@ceyhanmavihaber\" \/>\n<meta name=\"twitter:site\" content=\"@ceyhanmavihaber\" \/>\n<meta name=\"twitter:label1\" content=\"Yazan:\" \/>\n\t<meta name=\"twitter:data1\" content=\"\u0130zzet AYDEM\u0130R\" \/>\n\t<meta name=\"twitter:label2\" content=\"Tahmini okuma s\u00fcresi\" \/>\n\t<meta name=\"twitter:data2\" content=\"1 dakika\" \/>\n<script type=\"application\/ld+json\" class=\"yoast-schema-graph\">{\"@context\":\"https:\\\/\\\/schema.org\",\"@graph\":[{\"@type\":\"Article\",\"@id\":\"https:\\\/\\\/www.mavihaber.com.tr\\\/?p=21921#article\",\"isPartOf\":{\"@id\":\"https:\\\/\\\/www.mavihaber.com.tr\\\/?p=21921\"},\"author\":{\"name\":\"\u0130zzet AYDEM\u0130R\",\"@id\":\"https:\\\/\\\/www.mavihaber.com.tr\\\/#\\\/schema\\\/person\\\/dd7a0a39b6b2d5cc1609c32154b07a7d\"},\"headline\":\"3. Karpuz Festivali yap\u0131ld\u0131\",\"datePublished\":\"2026-07-14T11:55:20+00:00\",\"dateModified\":\"2026-07-14T12:07:41+00:00\",\"mainEntityOfPage\":{\"@id\":\"https:\\\/\\\/www.mavihaber.com.tr\\\/?p=21921\"},\"wordCount\":271,\"commentCount\":0,\"publisher\":{\"@id\":\"https:\\\/\\\/www.mavihaber.com.tr\\\/#organization\"},\"image\":{\"@id\":\"https:\\\/\\\/www.mavihaber.com.tr\\\/?p=21921#primaryimage\"},\"thumbnailUrl\":\"https:\\\/\\\/www.mavihaber.com.tr\\\/wp-content\\\/uploads\\\/2026\\\/07\\\/8056471E-48BE-4376-9640-4B8FED629F9A.png\",\"articleSection\":[\"Belediyeler\",\"Ceyhan\",\"Ekonomi\",\"G\u00fcndem\"],\"inLanguage\":\"tr\",\"potentialAction\":[{\"@type\":\"CommentAction\",\"name\":\"Comment\",\"target\":[\"https:\\\/\\\/www.mavihaber.com.tr\\\/?p=21921#respond\"]}]},{\"@type\":\"WebPage\",\"@id\":\"https:\\\/\\\/www.mavihaber.com.tr\\\/?p=21921\",\"url\":\"https:\\\/\\\/www.mavihaber.com.tr\\\/?p=21921\",\"name\":\"3. Karpuz Festivali yap\u0131ld\u0131 - MAV\u0130 HABER\",\"isPartOf\":{\"@id\":\"https:\\\/\\\/www.mavihaber.com.tr\\\/#website\"},\"primaryImageOfPage\":{\"@id\":\"https:\\\/\\\/www.mavihaber.com.tr\\\/?p=21921#primaryimage\"},\"image\":{\"@id\":\"https:\\\/\\\/www.mavihaber.com.tr\\\/?p=21921#primaryimage\"},\"thumbnailUrl\":\"https:\\\/\\\/www.mavihaber.com.tr\\\/wp-content\\\/uploads\\\/2026\\\/07\\\/8056471E-48BE-4376-9640-4B8FED629F9A.png\",\"datePublished\":\"2026-07-14T11:55:20+00:00\",\"dateModified\":\"2026-07-14T12:07:41+00:00\",\"breadcrumb\":{\"@id\":\"https:\\\/\\\/www.mavihaber.com.tr\\\/?p=21921#breadcrumb\"},\"inLanguage\":\"tr\",\"potentialAction\":[{\"@type\":\"ReadAction\",\"target\":[\"https:\\\/\\\/www.mavihaber.com.tr\\\/?p=21921\"]}]},{\"@type\":\"ImageObject\",\"inLanguage\":\"tr\",\"@id\":\"https:\\\/\\\/www.mavihaber.com.tr\\\/?p=21921#primaryimage\",\"url\":\"https:\\\/\\\/www.mavihaber.com.tr\\\/wp-content\\\/uploads\\\/2026\\\/07\\\/8056471E-48BE-4376-9640-4B8FED629F9A.png\",\"contentUrl\":\"https:\\\/\\\/www.mavihaber.com.tr\\\/wp-content\\\/uploads\\\/2026\\\/07\\\/8056471E-48BE-4376-9640-4B8FED629F9A.png\",\"width\":1536,\"height\":1024},{\"@type\":\"BreadcrumbList\",\"@id\":\"https:\\\/\\\/www.mavihaber.com.tr\\\/?p=21921#breadcrumb\",\"itemListElement\":[{\"@type\":\"ListItem\",\"position\":1,\"name\":\"Anasayfa\",\"item\":\"https:\\\/\\\/www.mavihaber.com.tr\\\/\"},{\"@type\":\"ListItem\",\"position\":2,\"name\":\"3. Karpuz Festivali yap\u0131ld\u0131\"}]},{\"@type\":\"WebSite\",\"@id\":\"https:\\\/\\\/www.mavihaber.com.tr\\\/#website\",\"url\":\"https:\\\/\\\/www.mavihaber.com.tr\\\/\",\"name\":\"MAV\u0130 HABER\",\"description\":\"S&Ouml;Z U&Ccedil;AR YAZI KALIR\",\"publisher\":{\"@id\":\"https:\\\/\\\/www.mavihaber.com.tr\\\/#organization\"},\"potentialAction\":[{\"@type\":\"SearchAction\",\"target\":{\"@type\":\"EntryPoint\",\"urlTemplate\":\"https:\\\/\\\/www.mavihaber.com.tr\\\/?s={search_term_string}\"},\"query-input\":{\"@type\":\"PropertyValueSpecification\",\"valueRequired\":true,\"valueName\":\"search_term_string\"}}],\"inLanguage\":\"tr\"},{\"@type\":\"Organization\",\"@id\":\"https:\\\/\\\/www.mavihaber.com.tr\\\/#organization\",\"name\":\"MAV\u0130 HABER\",\"url\":\"https:\\\/\\\/www.mavihaber.com.tr\\\/\",\"logo\":{\"@type\":\"ImageObject\",\"inLanguage\":\"tr\",\"@id\":\"https:\\\/\\\/www.mavihaber.com.tr\\\/#\\\/schema\\\/logo\\\/image\\\/\",\"url\":\"http:\\\/\\\/www.mavihaber.com.tr\\\/wp-content\\\/uploads\\\/2022\\\/02\\\/mavi-logo.png\",\"contentUrl\":\"http:\\\/\\\/www.mavihaber.com.tr\\\/wp-content\\\/uploads\\\/2022\\\/02\\\/mavi-logo.png\",\"width\":301,\"height\":81,\"caption\":\"MAV\u0130 HABER\"},\"image\":{\"@id\":\"https:\\\/\\\/www.mavihaber.com.tr\\\/#\\\/schema\\\/logo\\\/image\\\/\"},\"sameAs\":[\"https:\\\/\\\/www.facebook.com\\\/ceyhan.mavi.142\\\/\",\"https:\\\/\\\/x.com\\\/ceyhanmavihaber\",\"https:\\\/\\\/www.instagram.com\\\/ceyhanmavihaber\\\/\",\"https:\\\/\\\/www.youtube.com\\\/channel\\\/UCJQ-0-AFgj2GjI269QDUwNw\"]},{\"@type\":\"Person\",\"@id\":\"https:\\\/\\\/www.mavihaber.com.tr\\\/#\\\/schema\\\/person\\\/dd7a0a39b6b2d5cc1609c32154b07a7d\",\"name\":\"\u0130zzet AYDEM\u0130R\",\"image\":{\"@type\":\"ImageObject\",\"inLanguage\":\"tr\",\"@id\":\"https:\\\/\\\/secure.gravatar.com\\\/avatar\\\/320a36bef556c371376115ba1e7491216472a73c7b42710d508168617c47b64f?s=96&d=mm&r=g\",\"url\":\"https:\\\/\\\/secure.gravatar.com\\\/avatar\\\/320a36bef556c371376115ba1e7491216472a73c7b42710d508168617c47b64f?s=96&d=mm&r=g\",\"contentUrl\":\"https:\\\/\\\/secure.gravatar.com\\\/avatar\\\/320a36bef556c371376115ba1e7491216472a73c7b42710d508168617c47b64f?s=96&d=mm&r=g\",\"caption\":\"\u0130zzet AYDEM\u0130R\"},\"sameAs\":[\"http:\\\/\\\/www.mavihaber.com.tr\"],\"url\":\"https:\\\/\\\/www.mavihaber.com.tr\\\/?author=5\"}]}<\/script>\n<!-- \/ Yoast SEO plugin. -->","yoast_head_json":{"title":"3. Karpuz Festivali yap\u0131ld\u0131 - MAV\u0130 HABER","robots":{"index":"index","follow":"follow","max-snippet":"max-snippet:-1","max-image-preview":"max-image-preview:large","max-video-preview":"max-video-preview:-1"},"canonical":"https:\/\/www.mavihaber.com.tr\/?p=21921","og_locale":"tr_TR","og_type":"article","og_title":"3. Karpuz Festivali yap\u0131ld\u0131 - MAV\u0130 HABER","og_description":"3. Ceyhan Karpuz Festivali B\u00fcy\u00fck Co\u015fkuyla Ger\u00e7ekle\u015ftirildi Ceyhan Aktif Gazeteciler Derne\u011fi taraf\u0131ndan bu y\u0131l \u00fc\u00e7\u00fcnc\u00fcs\u00fc d\u00fczenlenen 3. Ceyhan Karpuz Festivali,","og_url":"https:\/\/www.mavihaber.com.tr\/?p=21921","og_site_name":"MAV\u0130 HABER","article_publisher":"https:\/\/www.facebook.com\/ceyhan.mavi.142\/","article_published_time":"2026-07-14T11:55:20+00:00","article_modified_time":"2026-07-14T12:07:41+00:00","og_image":[{"width":1024,"height":683,"url":"https:\/\/www.mavihaber.com.tr\/wp-content\/uploads\/2026\/07\/8056471E-48BE-4376-9640-4B8FED629F9A-1024x683.png","type":"image\/png"}],"author":"\u0130zzet AYDEM\u0130R","twitter_card":"summary_large_image","twitter_creator":"@ceyhanmavihaber","twitter_site":"@ceyhanmavihaber","twitter_misc":{"Yazan:":"\u0130zzet AYDEM\u0130R","Tahmini okuma s\u00fcresi":"1 dakika"},"schema":{"@context":"https:\/\/schema.org","@graph":[{"@type":"Article","@id":"https:\/\/www.mavihaber.com.tr\/?p=21921#article","isPartOf":{"@id":"https:\/\/www.mavihaber.com.tr\/?p=21921"},"author":{"name":"\u0130zzet AYDEM\u0130R","@id":"https:\/\/www.mavihaber.com.tr\/#\/schema\/person\/dd7a0a39b6b2d5cc1609c32154b07a7d"},"headline":"3. Karpuz Festivali yap\u0131ld\u0131","datePublished":"2026-07-14T11:55:20+00:00","dateModified":"2026-07-14T12:07:41+00:00","mainEntityOfPage":{"@id":"https:\/\/www.mavihaber.com.tr\/?p=21921"},"wordCount":271,"commentCount":0,"publisher":{"@id":"https:\/\/www.mavihaber.com.tr\/#organization"},"image":{"@id":"https:\/\/www.mavihaber.com.tr\/?p=21921#primaryimage"},"thumbnailUrl":"https:\/\/www.mavihaber.com.tr\/wp-content\/uploads\/2026\/07\/8056471E-48BE-4376-9640-4B8FED629F9A.png","articleSection":["Belediyeler","Ceyhan","Ekonomi","G\u00fcndem"],"inLanguage":"tr","potentialAction":[{"@type":"CommentAction","name":"Comment","target":["https:\/\/www.mavihaber.com.tr\/?p=21921#respond"]}]},{"@type":"WebPage","@id":"https:\/\/www.mavihaber.com.tr\/?p=21921","url":"https:\/\/www.mavihaber.com.tr\/?p=21921","name":"3. Karpuz Festivali yap\u0131ld\u0131 - MAV\u0130 HABER","isPartOf":{"@id":"https:\/\/www.mavihaber.com.tr\/#website"},"primaryImageOfPage":{"@id":"https:\/\/www.mavihaber.com.tr\/?p=21921#primaryimage"},"image":{"@id":"https:\/\/www.mavihaber.com.tr\/?p=21921#primaryimage"},"thumbnailUrl":"https:\/\/www.mavihaber.com.tr\/wp-content\/uploads\/2026\/07\/8056471E-48BE-4376-9640-4B8FED629F9A.png","datePublished":"2026-07-14T11:55:20+00:00","dateModified":"2026-07-14T12:07:41+00:00","breadcrumb":{"@id":"https:\/\/www.mavihaber.com.tr\/?p=21921#breadcrumb"},"inLanguage":"tr","potentialAction":[{"@type":"ReadAction","target":["https:\/\/www.mavihaber.com.tr\/?p=21921"]}]},{"@type":"ImageObject","inLanguage":"tr","@id":"https:\/\/www.mavihaber.com.tr\/?p=21921#primaryimage","url":"https:\/\/www.mavihaber.com.tr\/wp-content\/uploads\/2026\/07\/8056471E-48BE-4376-9640-4B8FED629F9A.png","contentUrl":"https:\/\/www.mavihaber.com.tr\/wp-content\/uploads\/2026\/07\/8056471E-48BE-4376-9640-4B8FED629F9A.png","width":1536,"height":1024},{"@type":"BreadcrumbList","@id":"https:\/\/www.mavihaber.com.tr\/?p=21921#breadcrumb","itemListElement":[{"@type":"ListItem","position":1,"name":"Anasayfa","item":"https:\/\/www.mavihaber.com.tr\/"},{"@type":"ListItem","position":2,"name":"3. Karpuz Festivali yap\u0131ld\u0131"}]},{"@type":"WebSite","@id":"https:\/\/www.mavihaber.com.tr\/#website","url":"https:\/\/www.mavihaber.com.tr\/","name":"MAV\u0130 HABER","description":"S&Ouml;Z U&Ccedil;AR YAZI KALIR","publisher":{"@id":"https:\/\/www.mavihaber.com.tr\/#organization"},"potentialAction":[{"@type":"SearchAction","target":{"@type":"EntryPoint","urlTemplate":"https:\/\/www.mavihaber.com.tr\/?s={search_term_string}"},"query-input":{"@type":"PropertyValueSpecification","valueRequired":true,"valueName":"search_term_string"}}],"inLanguage":"tr"},{"@type":"Organization","@id":"https:\/\/www.mavihaber.com.tr\/#organization","name":"MAV\u0130 HABER","url":"https:\/\/www.mavihaber.com.tr\/","logo":{"@type":"ImageObject","inLanguage":"tr","@id":"https:\/\/www.mavihaber.com.tr\/#\/schema\/logo\/image\/","url":"http:\/\/www.mavihaber.com.tr\/wp-content\/uploads\/2022\/02\/mavi-logo.png","contentUrl":"http:\/\/www.mavihaber.com.tr\/wp-content\/uploads\/2022\/02\/mavi-logo.png","width":301,"height":81,"caption":"MAV\u0130 HABER"},"image":{"@id":"https:\/\/www.mavihaber.com.tr\/#\/schema\/logo\/image\/"},"sameAs":["https:\/\/www.facebook.com\/ceyhan.mavi.142\/","https:\/\/x.com\/ceyhanmavihaber","https:\/\/www.instagram.com\/ceyhanmavihaber\/","https:\/\/www.youtube.com\/channel\/UCJQ-0-AFgj2GjI269QDUwNw"]},{"@type":"Person","@id":"https:\/\/www.mavihaber.com.tr\/#\/schema\/person\/dd7a0a39b6b2d5cc1609c32154b07a7d","name":"\u0130zzet AYDEM\u0130R","image":{"@type":"ImageObject","inLanguage":"tr","@id":"https:\/\/secure.gravatar.com\/avatar\/320a36bef556c371376115ba1e7491216472a73c7b42710d508168617c47b64f?s=96&d=mm&r=g","url":"https:\/\/secure.gravatar.com\/avatar\/320a36bef556c371376115ba1e7491216472a73c7b42710d508168617c47b64f?s=96&d=mm&r=g","contentUrl":"https:\/\/secure.gravatar.com\/avatar\/320a36bef556c371376115ba1e7491216472a73c7b42710d508168617c47b64f?s=96&d=mm&r=g","caption":"\u0130zzet AYDEM\u0130R"},"sameAs":["http:\/\/www.mavihaber.com.tr"],"url":"https:\/\/www.mavihaber.com.tr\/?author=5"}]}},"views":105,"_links":{"self":[{"href":"https:\/\/www.mavihaber.com.tr\/index.php?rest_route=\/wp\/v2\/posts\/21921","targetHints":{"allow":["GET"]}}],"collection":[{"href":"https:\/\/www.mavihaber.com.tr\/index.php?rest_route=\/wp\/v2\/posts"}],"about":[{"href":"https:\/\/www.mavihaber.com.tr\/index.php?rest_route=\/wp\/v2\/types\/post"}],"author":[{"embeddable":true,"href":"https:\/\/www.mavihaber.com.tr\/index.php?rest_route=\/wp\/v2\/users\/5"}],"replies":[{"embeddable":true,"href":"https:\/\/www.mavihaber.com.tr\/index.php?rest_route=%2Fwp%2Fv2%2Fcomments&post=21921"}],"version-history":[{"count":4,"href":"https:\/\/www.mavihaber.com.tr\/index.php?rest_route=\/wp\/v2\/posts\/21921\/revisions"}],"predecessor-version":[{"id":21931,"href":"https:\/\/www.mavihaber.com.tr\/index.php?rest_route=\/wp\/v2\/posts\/21921\/revisions\/21931"}],"wp:featuredmedia":[{"embeddable":true,"href":"https:\/\/www.mavihaber.com.tr\/index.php?rest_route=\/wp\/v2\/media\/21923"}],"wp:attachment":[{"href":"https:\/\/www.mavihaber.com.tr\/index.php?rest_route=%2Fwp%2Fv2%2Fmedia&parent=21921"}],"wp:term":[{"taxonomy":"category","embeddable":true,"href":"https:\/\/www.mavihaber.com.tr\/index.php?rest_route=%2Fwp%2Fv2%2Fcategories&post=21921"},{"taxonomy":"post_tag","embeddable":true,"href":"https:\/\/www.mavihaber.com.tr\/index.php?rest_route=%2Fwp%2Fv2%2Ftags&post=21921"}],"curies":[{"name":"wp","href":"https:\/\/api.w.org\/{rel}","templated":true}]}}