{"id":21942,"date":"2026-07-16T13:27:46","date_gmt":"2026-07-16T13:27:46","guid":{"rendered":"https:\/\/www.mavihaber.com.tr\/?p=21942"},"modified":"2026-07-16T13:27:46","modified_gmt":"2026-07-16T13:27:46","slug":"chp-adana-yonetimi-belli-oldu","status":"publish","type":"post","link":"https:\/\/www.mavihaber.com.tr\/?p=21942","title":{"rendered":"CHP Adana y\u00f6netimi belli oldu"},"content":{"rendered":"<p><img loading=\"lazy\" decoding=\"async\" class=\"alignnone wp-image-21943 size-large\" src=\"https:\/\/www.mavihaber.com.tr\/wp-content\/uploads\/2026\/07\/BAB75B43-9BF8-4A6C-B491-7446312A3F61-1024x563.png\" alt=\"\" width=\"1024\" height=\"563\" srcset=\"https:\/\/www.mavihaber.com.tr\/wp-content\/uploads\/2026\/07\/BAB75B43-9BF8-4A6C-B491-7446312A3F61-1024x563.png 1024w, https:\/\/www.mavihaber.com.tr\/wp-content\/uploads\/2026\/07\/BAB75B43-9BF8-4A6C-B491-7446312A3F61-300x165.png 300w, https:\/\/www.mavihaber.com.tr\/wp-content\/uploads\/2026\/07\/BAB75B43-9BF8-4A6C-B491-7446312A3F61-768x422.png 768w, https:\/\/www.mavihaber.com.tr\/wp-content\/uploads\/2026\/07\/BAB75B43-9BF8-4A6C-B491-7446312A3F61-1536x844.png 1536w, https:\/\/www.mavihaber.com.tr\/wp-content\/uploads\/2026\/07\/BAB75B43-9BF8-4A6C-B491-7446312A3F61.png 1692w\" sizes=\"auto, (max-width: 1024px) 100vw, 1024px\" \/><\/p>\n<p>CHP Adana Y\u00f6netiminde Ceyhanl\u0131 \u0130smail \u00d6n\u00fck de Yer Ald\u0131<\/p>\n<p>Cumhuriyet Halk Partisi (CHP) Adana \u0130l Ba\u015fkanl\u0131\u011f\u0131\u2019n\u0131n yeni \u0130l Y\u00f6netim Kurulu belli oldu. \u0130l Ba\u015fkan\u0131 Orhan Bayram ba\u015fkanl\u0131\u011f\u0131nda olu\u015fturulan yeni y\u00f6netimde, Ceyhanl\u0131 siyaset\u00e7i \u0130smail \u00d6n\u00fck de yer ald\u0131.<\/p>\n<p>A\u00e7\u0131klanan listeye g\u00f6re \u0130smail \u00d6n\u00fck, Adana\u2019n\u0131n merkez il\u00e7eleri (Seyhan, \u00c7ukurova, Y\u00fcre\u011fir ve Sar\u0131\u00e7am) d\u0131\u015f\u0131nda il y\u00f6netimine giren tek isim oldu. Bu durum, Ceyhan\u2019\u0131n CHP Adana \u0130l Y\u00f6netimi\u2019ndeki temsil g\u00fcc\u00fc a\u00e7\u0131s\u0131ndan dikkat \u00e7ekti.<\/p>\n<p>\u00d6n\u00fcm\u00fczdeki g\u00fcnlerde ilk toplant\u0131s\u0131n\u0131 ger\u00e7ekle\u015ftirmesi beklenen yeni il y\u00f6netiminin g\u00f6rev da\u011f\u0131l\u0131m\u0131n\u0131 yaparak \u00e7al\u0131\u015fmalar\u0131na ba\u015flamas\u0131 planlan\u0131yor. Yeni d\u00f6nemde \u00f6rg\u00fctlenme faaliyetleri ve yerel \u00e7al\u0131\u015fmalar\u0131n yol haritas\u0131n\u0131n belirlenmesi beklenirken, Ceyhanl\u0131 \u0130smail \u00d6n\u00fck\u2019\u00fcn de il y\u00f6netiminde aktif g\u00f6rev \u00fcstlenmesi bekleniyor.<\/p>\n","protected":false},"excerpt":{"rendered":"<p>CHP Adana Y\u00f6netiminde Ceyhanl\u0131 \u0130smail \u00d6n\u00fck de Yer Ald\u0131 Cumhuriyet Halk Partisi (CHP) Adana \u0130l Ba\u015fkanl\u0131\u011f\u0131\u2019n\u0131n yeni \u0130l Y\u00f6netim Kurulu<\/p>\n","protected":false},"author":5,"featured_media":21943,"comment_status":"open","ping_status":"open","sticky":false,"template":"","format":"standard","meta":{"footnotes":""},"categories":[26,10,13,18],"tags":[],"class_list":["post-21942","post","type-post","status-publish","format-standard","has-post-thumbnail","hentry","category-ceyhan","category-gundem","category-siyaset","category-yasam"],"yoast_head":"<!-- This site is optimized with the Yoast SEO plugin v28.2 - https:\/\/yoast.com\/product\/yoast-seo-wordpress\/ -->\n<title>CHP Adana y\u00f6netimi belli oldu - MAV\u0130 HABER<\/title>\n<meta name=\"robots\" content=\"index, follow, max-snippet:-1, max-image-preview:large, max-video-preview:-1\" \/>\n<link rel=\"canonical\" href=\"https:\/\/www.mavihaber.com.tr\/?p=21942\" \/>\n<meta property=\"og:locale\" content=\"tr_TR\" \/>\n<meta property=\"og:type\" content=\"article\" \/>\n<meta property=\"og:title\" content=\"CHP Adana y\u00f6netimi belli oldu - MAV\u0130 HABER\" \/>\n<meta property=\"og:description\" content=\"CHP Adana Y\u00f6netiminde Ceyhanl\u0131 \u0130smail \u00d6n\u00fck de Yer Ald\u0131 Cumhuriyet Halk Partisi (CHP) Adana \u0130l Ba\u015fkanl\u0131\u011f\u0131\u2019n\u0131n yeni \u0130l Y\u00f6netim Kurulu\" \/>\n<meta property=\"og:url\" content=\"https:\/\/www.mavihaber.com.tr\/?p=21942\" \/>\n<meta property=\"og:site_name\" content=\"MAV\u0130 HABER\" \/>\n<meta property=\"article:publisher\" content=\"https:\/\/www.facebook.com\/ceyhan.mavi.142\/\" \/>\n<meta property=\"article:published_time\" content=\"2026-07-16T13:27:46+00:00\" \/>\n<meta property=\"og:image\" content=\"https:\/\/www.mavihaber.com.tr\/wp-content\/uploads\/2026\/07\/BAB75B43-9BF8-4A6C-B491-7446312A3F61-1024x563.png\" \/>\n\t<meta property=\"og:image:width\" content=\"1024\" \/>\n\t<meta property=\"og:image:height\" content=\"563\" \/>\n\t<meta property=\"og:image:type\" content=\"image\/png\" \/>\n<meta name=\"author\" content=\"\u0130zzet AYDEM\u0130R\" \/>\n<meta name=\"twitter:card\" content=\"summary_large_image\" \/>\n<meta name=\"twitter:creator\" content=\"@ceyhanmavihaber\" \/>\n<meta name=\"twitter:site\" content=\"@ceyhanmavihaber\" \/>\n<meta name=\"twitter:label1\" content=\"Yazan:\" \/>\n\t<meta name=\"twitter:data1\" content=\"\u0130zzet AYDEM\u0130R\" \/>\n\t<meta name=\"twitter:label2\" content=\"Tahmini okuma s\u00fcresi\" \/>\n\t<meta name=\"twitter:data2\" content=\"1 dakika\" \/>\n<script type=\"application\/ld+json\" class=\"yoast-schema-graph\">{\"@context\":\"https:\\\/\\\/schema.org\",\"@graph\":[{\"@type\":\"Article\",\"@id\":\"https:\\\/\\\/www.mavihaber.com.tr\\\/?p=21942#article\",\"isPartOf\":{\"@id\":\"https:\\\/\\\/www.mavihaber.com.tr\\\/?p=21942\"},\"author\":{\"name\":\"\u0130zzet AYDEM\u0130R\",\"@id\":\"https:\\\/\\\/www.mavihaber.com.tr\\\/#\\\/schema\\\/person\\\/dd7a0a39b6b2d5cc1609c32154b07a7d\"},\"headline\":\"CHP Adana y\u00f6netimi belli oldu\",\"datePublished\":\"2026-07-16T13:27:46+00:00\",\"mainEntityOfPage\":{\"@id\":\"https:\\\/\\\/www.mavihaber.com.tr\\\/?p=21942\"},\"wordCount\":167,\"commentCount\":0,\"publisher\":{\"@id\":\"https:\\\/\\\/www.mavihaber.com.tr\\\/#organization\"},\"image\":{\"@id\":\"https:\\\/\\\/www.mavihaber.com.tr\\\/?p=21942#primaryimage\"},\"thumbnailUrl\":\"https:\\\/\\\/www.mavihaber.com.tr\\\/wp-content\\\/uploads\\\/2026\\\/07\\\/BAB75B43-9BF8-4A6C-B491-7446312A3F61.png\",\"articleSection\":[\"Ceyhan\",\"G\u00fcndem\",\"Siyaset\",\"Ya\u015fam\"],\"inLanguage\":\"tr\",\"potentialAction\":[{\"@type\":\"CommentAction\",\"name\":\"Comment\",\"target\":[\"https:\\\/\\\/www.mavihaber.com.tr\\\/?p=21942#respond\"]}]},{\"@type\":\"WebPage\",\"@id\":\"https:\\\/\\\/www.mavihaber.com.tr\\\/?p=21942\",\"url\":\"https:\\\/\\\/www.mavihaber.com.tr\\\/?p=21942\",\"name\":\"CHP Adana y\u00f6netimi belli oldu - MAV\u0130 HABER\",\"isPartOf\":{\"@id\":\"https:\\\/\\\/www.mavihaber.com.tr\\\/#website\"},\"primaryImageOfPage\":{\"@id\":\"https:\\\/\\\/www.mavihaber.com.tr\\\/?p=21942#primaryimage\"},\"image\":{\"@id\":\"https:\\\/\\\/www.mavihaber.com.tr\\\/?p=21942#primaryimage\"},\"thumbnailUrl\":\"https:\\\/\\\/www.mavihaber.com.tr\\\/wp-content\\\/uploads\\\/2026\\\/07\\\/BAB75B43-9BF8-4A6C-B491-7446312A3F61.png\",\"datePublished\":\"2026-07-16T13:27:46+00:00\",\"breadcrumb\":{\"@id\":\"https:\\\/\\\/www.mavihaber.com.tr\\\/?p=21942#breadcrumb\"},\"inLanguage\":\"tr\",\"potentialAction\":[{\"@type\":\"ReadAction\",\"target\":[\"https:\\\/\\\/www.mavihaber.com.tr\\\/?p=21942\"]}]},{\"@type\":\"ImageObject\",\"inLanguage\":\"tr\",\"@id\":\"https:\\\/\\\/www.mavihaber.com.tr\\\/?p=21942#primaryimage\",\"url\":\"https:\\\/\\\/www.mavihaber.com.tr\\\/wp-content\\\/uploads\\\/2026\\\/07\\\/BAB75B43-9BF8-4A6C-B491-7446312A3F61.png\",\"contentUrl\":\"https:\\\/\\\/www.mavihaber.com.tr\\\/wp-content\\\/uploads\\\/2026\\\/07\\\/BAB75B43-9BF8-4A6C-B491-7446312A3F61.png\",\"width\":1692,\"height\":930},{\"@type\":\"BreadcrumbList\",\"@id\":\"https:\\\/\\\/www.mavihaber.com.tr\\\/?p=21942#breadcrumb\",\"itemListElement\":[{\"@type\":\"ListItem\",\"position\":1,\"name\":\"Anasayfa\",\"item\":\"https:\\\/\\\/www.mavihaber.com.tr\\\/\"},{\"@type\":\"ListItem\",\"position\":2,\"name\":\"CHP Adana y\u00f6netimi belli oldu\"}]},{\"@type\":\"WebSite\",\"@id\":\"https:\\\/\\\/www.mavihaber.com.tr\\\/#website\",\"url\":\"https:\\\/\\\/www.mavihaber.com.tr\\\/\",\"name\":\"MAV\u0130 HABER\",\"description\":\"S&Ouml;Z U&Ccedil;AR YAZI KALIR\",\"publisher\":{\"@id\":\"https:\\\/\\\/www.mavihaber.com.tr\\\/#organization\"},\"potentialAction\":[{\"@type\":\"SearchAction\",\"target\":{\"@type\":\"EntryPoint\",\"urlTemplate\":\"https:\\\/\\\/www.mavihaber.com.tr\\\/?s={search_term_string}\"},\"query-input\":{\"@type\":\"PropertyValueSpecification\",\"valueRequired\":true,\"valueName\":\"search_term_string\"}}],\"inLanguage\":\"tr\"},{\"@type\":\"Organization\",\"@id\":\"https:\\\/\\\/www.mavihaber.com.tr\\\/#organization\",\"name\":\"MAV\u0130 HABER\",\"url\":\"https:\\\/\\\/www.mavihaber.com.tr\\\/\",\"logo\":{\"@type\":\"ImageObject\",\"inLanguage\":\"tr\",\"@id\":\"https:\\\/\\\/www.mavihaber.com.tr\\\/#\\\/schema\\\/logo\\\/image\\\/\",\"url\":\"http:\\\/\\\/www.mavihaber.com.tr\\\/wp-content\\\/uploads\\\/2022\\\/02\\\/mavi-logo.png\",\"contentUrl\":\"http:\\\/\\\/www.mavihaber.com.tr\\\/wp-content\\\/uploads\\\/2022\\\/02\\\/mavi-logo.png\",\"width\":301,\"height\":81,\"caption\":\"MAV\u0130 HABER\"},\"image\":{\"@id\":\"https:\\\/\\\/www.mavihaber.com.tr\\\/#\\\/schema\\\/logo\\\/image\\\/\"},\"sameAs\":[\"https:\\\/\\\/www.facebook.com\\\/ceyhan.mavi.142\\\/\",\"https:\\\/\\\/x.com\\\/ceyhanmavihaber\",\"https:\\\/\\\/www.instagram.com\\\/ceyhanmavihaber\\\/\",\"https:\\\/\\\/www.youtube.com\\\/channel\\\/UCJQ-0-AFgj2GjI269QDUwNw\"]},{\"@type\":\"Person\",\"@id\":\"https:\\\/\\\/www.mavihaber.com.tr\\\/#\\\/schema\\\/person\\\/dd7a0a39b6b2d5cc1609c32154b07a7d\",\"name\":\"\u0130zzet AYDEM\u0130R\",\"image\":{\"@type\":\"ImageObject\",\"inLanguage\":\"tr\",\"@id\":\"https:\\\/\\\/secure.gravatar.com\\\/avatar\\\/320a36bef556c371376115ba1e7491216472a73c7b42710d508168617c47b64f?s=96&d=mm&r=g\",\"url\":\"https:\\\/\\\/secure.gravatar.com\\\/avatar\\\/320a36bef556c371376115ba1e7491216472a73c7b42710d508168617c47b64f?s=96&d=mm&r=g\",\"contentUrl\":\"https:\\\/\\\/secure.gravatar.com\\\/avatar\\\/320a36bef556c371376115ba1e7491216472a73c7b42710d508168617c47b64f?s=96&d=mm&r=g\",\"caption\":\"\u0130zzet AYDEM\u0130R\"},\"sameAs\":[\"http:\\\/\\\/www.mavihaber.com.tr\"],\"url\":\"https:\\\/\\\/www.mavihaber.com.tr\\\/?author=5\"}]}<\/script>\n<!-- \/ Yoast SEO plugin. -->","yoast_head_json":{"title":"CHP Adana y\u00f6netimi belli oldu - MAV\u0130 HABER","robots":{"index":"index","follow":"follow","max-snippet":"max-snippet:-1","max-image-preview":"max-image-preview:large","max-video-preview":"max-video-preview:-1"},"canonical":"https:\/\/www.mavihaber.com.tr\/?p=21942","og_locale":"tr_TR","og_type":"article","og_title":"CHP Adana y\u00f6netimi belli oldu - MAV\u0130 HABER","og_description":"CHP Adana Y\u00f6netiminde Ceyhanl\u0131 \u0130smail \u00d6n\u00fck de Yer Ald\u0131 Cumhuriyet Halk Partisi (CHP) Adana \u0130l Ba\u015fkanl\u0131\u011f\u0131\u2019n\u0131n yeni \u0130l Y\u00f6netim Kurulu","og_url":"https:\/\/www.mavihaber.com.tr\/?p=21942","og_site_name":"MAV\u0130 HABER","article_publisher":"https:\/\/www.facebook.com\/ceyhan.mavi.142\/","article_published_time":"2026-07-16T13:27:46+00:00","og_image":[{"width":1024,"height":563,"url":"https:\/\/www.mavihaber.com.tr\/wp-content\/uploads\/2026\/07\/BAB75B43-9BF8-4A6C-B491-7446312A3F61-1024x563.png","type":"image\/png"}],"author":"\u0130zzet AYDEM\u0130R","twitter_card":"summary_large_image","twitter_creator":"@ceyhanmavihaber","twitter_site":"@ceyhanmavihaber","twitter_misc":{"Yazan:":"\u0130zzet AYDEM\u0130R","Tahmini okuma s\u00fcresi":"1 dakika"},"schema":{"@context":"https:\/\/schema.org","@graph":[{"@type":"Article","@id":"https:\/\/www.mavihaber.com.tr\/?p=21942#article","isPartOf":{"@id":"https:\/\/www.mavihaber.com.tr\/?p=21942"},"author":{"name":"\u0130zzet AYDEM\u0130R","@id":"https:\/\/www.mavihaber.com.tr\/#\/schema\/person\/dd7a0a39b6b2d5cc1609c32154b07a7d"},"headline":"CHP Adana y\u00f6netimi belli oldu","datePublished":"2026-07-16T13:27:46+00:00","mainEntityOfPage":{"@id":"https:\/\/www.mavihaber.com.tr\/?p=21942"},"wordCount":167,"commentCount":0,"publisher":{"@id":"https:\/\/www.mavihaber.com.tr\/#organization"},"image":{"@id":"https:\/\/www.mavihaber.com.tr\/?p=21942#primaryimage"},"thumbnailUrl":"https:\/\/www.mavihaber.com.tr\/wp-content\/uploads\/2026\/07\/BAB75B43-9BF8-4A6C-B491-7446312A3F61.png","articleSection":["Ceyhan","G\u00fcndem","Siyaset","Ya\u015fam"],"inLanguage":"tr","potentialAction":[{"@type":"CommentAction","name":"Comment","target":["https:\/\/www.mavihaber.com.tr\/?p=21942#respond"]}]},{"@type":"WebPage","@id":"https:\/\/www.mavihaber.com.tr\/?p=21942","url":"https:\/\/www.mavihaber.com.tr\/?p=21942","name":"CHP Adana y\u00f6netimi belli oldu - MAV\u0130 HABER","isPartOf":{"@id":"https:\/\/www.mavihaber.com.tr\/#website"},"primaryImageOfPage":{"@id":"https:\/\/www.mavihaber.com.tr\/?p=21942#primaryimage"},"image":{"@id":"https:\/\/www.mavihaber.com.tr\/?p=21942#primaryimage"},"thumbnailUrl":"https:\/\/www.mavihaber.com.tr\/wp-content\/uploads\/2026\/07\/BAB75B43-9BF8-4A6C-B491-7446312A3F61.png","datePublished":"2026-07-16T13:27:46+00:00","breadcrumb":{"@id":"https:\/\/www.mavihaber.com.tr\/?p=21942#breadcrumb"},"inLanguage":"tr","potentialAction":[{"@type":"ReadAction","target":["https:\/\/www.mavihaber.com.tr\/?p=21942"]}]},{"@type":"ImageObject","inLanguage":"tr","@id":"https:\/\/www.mavihaber.com.tr\/?p=21942#primaryimage","url":"https:\/\/www.mavihaber.com.tr\/wp-content\/uploads\/2026\/07\/BAB75B43-9BF8-4A6C-B491-7446312A3F61.png","contentUrl":"https:\/\/www.mavihaber.com.tr\/wp-content\/uploads\/2026\/07\/BAB75B43-9BF8-4A6C-B491-7446312A3F61.png","width":1692,"height":930},{"@type":"BreadcrumbList","@id":"https:\/\/www.mavihaber.com.tr\/?p=21942#breadcrumb","itemListElement":[{"@type":"ListItem","position":1,"name":"Anasayfa","item":"https:\/\/www.mavihaber.com.tr\/"},{"@type":"ListItem","position":2,"name":"CHP Adana y\u00f6netimi belli oldu"}]},{"@type":"WebSite","@id":"https:\/\/www.mavihaber.com.tr\/#website","url":"https:\/\/www.mavihaber.com.tr\/","name":"MAV\u0130 HABER","description":"S&Ouml;Z U&Ccedil;AR YAZI KALIR","publisher":{"@id":"https:\/\/www.mavihaber.com.tr\/#organization"},"potentialAction":[{"@type":"SearchAction","target":{"@type":"EntryPoint","urlTemplate":"https:\/\/www.mavihaber.com.tr\/?s={search_term_string}"},"query-input":{"@type":"PropertyValueSpecification","valueRequired":true,"valueName":"search_term_string"}}],"inLanguage":"tr"},{"@type":"Organization","@id":"https:\/\/www.mavihaber.com.tr\/#organization","name":"MAV\u0130 HABER","url":"https:\/\/www.mavihaber.com.tr\/","logo":{"@type":"ImageObject","inLanguage":"tr","@id":"https:\/\/www.mavihaber.com.tr\/#\/schema\/logo\/image\/","url":"http:\/\/www.mavihaber.com.tr\/wp-content\/uploads\/2022\/02\/mavi-logo.png","contentUrl":"http:\/\/www.mavihaber.com.tr\/wp-content\/uploads\/2022\/02\/mavi-logo.png","width":301,"height":81,"caption":"MAV\u0130 HABER"},"image":{"@id":"https:\/\/www.mavihaber.com.tr\/#\/schema\/logo\/image\/"},"sameAs":["https:\/\/www.facebook.com\/ceyhan.mavi.142\/","https:\/\/x.com\/ceyhanmavihaber","https:\/\/www.instagram.com\/ceyhanmavihaber\/","https:\/\/www.youtube.com\/channel\/UCJQ-0-AFgj2GjI269QDUwNw"]},{"@type":"Person","@id":"https:\/\/www.mavihaber.com.tr\/#\/schema\/person\/dd7a0a39b6b2d5cc1609c32154b07a7d","name":"\u0130zzet AYDEM\u0130R","image":{"@type":"ImageObject","inLanguage":"tr","@id":"https:\/\/secure.gravatar.com\/avatar\/320a36bef556c371376115ba1e7491216472a73c7b42710d508168617c47b64f?s=96&d=mm&r=g","url":"https:\/\/secure.gravatar.com\/avatar\/320a36bef556c371376115ba1e7491216472a73c7b42710d508168617c47b64f?s=96&d=mm&r=g","contentUrl":"https:\/\/secure.gravatar.com\/avatar\/320a36bef556c371376115ba1e7491216472a73c7b42710d508168617c47b64f?s=96&d=mm&r=g","caption":"\u0130zzet AYDEM\u0130R"},"sameAs":["http:\/\/www.mavihaber.com.tr"],"url":"https:\/\/www.mavihaber.com.tr\/?author=5"}]}},"views":131,"_links":{"self":[{"href":"https:\/\/www.mavihaber.com.tr\/index.php?rest_route=\/wp\/v2\/posts\/21942","targetHints":{"allow":["GET"]}}],"collection":[{"href":"https:\/\/www.mavihaber.com.tr\/index.php?rest_route=\/wp\/v2\/posts"}],"about":[{"href":"https:\/\/www.mavihaber.com.tr\/index.php?rest_route=\/wp\/v2\/types\/post"}],"author":[{"embeddable":true,"href":"https:\/\/www.mavihaber.com.tr\/index.php?rest_route=\/wp\/v2\/users\/5"}],"replies":[{"embeddable":true,"href":"https:\/\/www.mavihaber.com.tr\/index.php?rest_route=%2Fwp%2Fv2%2Fcomments&post=21942"}],"version-history":[{"count":1,"href":"https:\/\/www.mavihaber.com.tr\/index.php?rest_route=\/wp\/v2\/posts\/21942\/revisions"}],"predecessor-version":[{"id":21944,"href":"https:\/\/www.mavihaber.com.tr\/index.php?rest_route=\/wp\/v2\/posts\/21942\/revisions\/21944"}],"wp:featuredmedia":[{"embeddable":true,"href":"https:\/\/www.mavihaber.com.tr\/index.php?rest_route=\/wp\/v2\/media\/21943"}],"wp:attachment":[{"href":"https:\/\/www.mavihaber.com.tr\/index.php?rest_route=%2Fwp%2Fv2%2Fmedia&parent=21942"}],"wp:term":[{"taxonomy":"category","embeddable":true,"href":"https:\/\/www.mavihaber.com.tr\/index.php?rest_route=%2Fwp%2Fv2%2Fcategories&post=21942"},{"taxonomy":"post_tag","embeddable":true,"href":"https:\/\/www.mavihaber.com.tr\/index.php?rest_route=%2Fwp%2Fv2%2Ftags&post=21942"}],"curies":[{"name":"wp","href":"https:\/\/api.w.org\/{rel}","templated":true}]}}