{"id":21945,"date":"2026-07-16T13:43:54","date_gmt":"2026-07-16T13:43:54","guid":{"rendered":"https:\/\/www.mavihaber.com.tr\/?p=21945"},"modified":"2026-07-16T13:43:54","modified_gmt":"2026-07-16T13:43:54","slug":"cukurova-universitesi-guzel-sanatlar-fakultesinde-mezuniyet-sergisi-duzenlendi","status":"publish","type":"post","link":"https:\/\/www.mavihaber.com.tr\/?p=21945","title":{"rendered":"\u00c7ukurova \u00dcniversitesi G\u00fczel Sanatlar Fak\u00fcltesi&#8217;nde Mezuniyet Sergisi D\u00fczenlendi"},"content":{"rendered":"<p style=\"font-weight: 400;\"><strong>\u00c7ukurova \u00dcniversitesi G\u00fczel Sanatlar Fak\u00fcltesi&#8217;nde Mezuniyet Sergisi D\u00fczenlendi<\/strong><\/p>\n<p style=\"font-weight: 400;\">\u00c7ukurova \u00dcniversitesi (\u00c7\u00dc) G\u00fczel Sanatlar Fak\u00fcltesi Seramik B\u00f6l\u00fcm\u00fc ile Tekstil ve Moda Tasar\u0131m\u0131 B\u00f6l\u00fcm\u00fc \u00f6\u011frencilerinin mezuniyet \u00e7al\u0131\u015fmalar\u0131ndan olu\u015fan sergi, Mithat \u00d6zsan Amfisi fuaye alan\u0131nda ziyaret\u00e7ilerin be\u011fenisine sunuldu.<\/p>\n<p style=\"font-weight: 400;\">Sergide, \u00f6\u011frencilerin lisans e\u011fitimleri boyunca edindikleri bilgi, beceri ve sanatsal birikimlerini yans\u0131tan \u00f6zg\u00fcn eserler yer ald\u0131. Seramik ve tekstil alanlar\u0131nda haz\u0131rlanan \u00e7al\u0131\u015fmalar, farkl\u0131 malzeme, teknik ve tasar\u0131m yakla\u015f\u0131mlar\u0131n\u0131 bir araya getirerek gen\u00e7 sanat\u00e7\u0131 ve tasar\u0131mc\u0131lar\u0131n yarat\u0131c\u0131 \u00fcretim s\u00fcre\u00e7lerini g\u00f6zler \u00f6n\u00fcne serdi.<\/p>\n<p style=\"font-weight: 400;\">Sergide Seramik B\u00f6l\u00fcm\u00fc \u00f6\u011frencileri Yi\u011fit Ak\u0131n, Zeynep Sude Ate\u015f, \u0130layda Ayd\u0131n, J\u00fclide Gizir, Emine Merve Palal\u0131, Ay\u015fe Tok, Fayize \u00c7i\u00e7ek, Behiye Yaman, Tevfik G\u00f6kdemir, Ya\u011fmur Tok ve Adem Akda\u011f ile Tekstil ve Moda Tasar\u0131m\u0131 B\u00f6l\u00fcm\u00fc \u00f6\u011frencileri Elif Toy, Yasemin Ba\u015fak \u00c7erkez, K\u00fcbra Delen, Sudenaz Seven, Dilek \u0130\u011fde, \u0130remnur Bozkurt, Cennet Do\u011fan, \u00d6zlem \u00d6zyavuz ve Sevde Raziye Yakar&#8217;\u0131n \u00e7al\u0131\u015fmalar\u0131 sergilendi.<\/p>\n<p style=\"font-weight: 400;\">Mezuniyet t\u00f6renine kat\u0131lan \u00f6\u011frenciler, aileleri, akademisyenler ve davetliler taraf\u0131ndan ilgiyle gezilen sergi, gen\u00e7 sanat\u00e7\u0131 ve tasar\u0131mc\u0131lar\u0131n e\u011fitim s\u00fcre\u00e7leri boyunca ortaya koyduklar\u0131 \u00fcretimleri payla\u015fmalar\u0131na olanak sa\u011flad\u0131. \u00d6\u011frencilerin \u00f6zg\u00fcn bak\u0131\u015f a\u00e7\u0131lar\u0131n\u0131 yans\u0131tan eserler ziyaret\u00e7ilerden be\u011feni toplarken, \u00c7ukurova \u00dcniversitesi G\u00fczel Sanatlar Fak\u00fcltesinin sanat ve tasar\u0131m alan\u0131ndaki nitelikli e\u011fitim anlay\u0131\u015f\u0131n\u0131 da yans\u0131tt\u0131.<\/p>\n","protected":false},"excerpt":{"rendered":"<p>\u00c7ukurova \u00dcniversitesi G\u00fczel Sanatlar Fak\u00fcltesi&#8217;nde Mezuniyet Sergisi D\u00fczenlendi \u00c7ukurova \u00dcniversitesi (\u00c7\u00dc) G\u00fczel Sanatlar Fak\u00fcltesi Seramik B\u00f6l\u00fcm\u00fc ile Tekstil ve Moda<\/p>\n","protected":false},"author":5,"featured_media":21946,"comment_status":"open","ping_status":"open","sticky":false,"template":"","format":"standard","meta":{"footnotes":""},"categories":[1,7,24,10,18],"tags":[],"class_list":["post-21945","post","type-post","status-publish","format-standard","has-post-thumbnail","hentry","category-kulis","category-belediye","category-egitim","category-gundem","category-yasam"],"yoast_head":"<!-- This site is optimized with the Yoast SEO plugin v28.2 - https:\/\/yoast.com\/product\/yoast-seo-wordpress\/ -->\n<title>\u00c7ukurova \u00dcniversitesi G\u00fczel Sanatlar Fak\u00fcltesi&#039;nde Mezuniyet Sergisi D\u00fczenlendi - MAV\u0130 HABER<\/title>\n<meta name=\"robots\" content=\"index, follow, max-snippet:-1, max-image-preview:large, max-video-preview:-1\" \/>\n<link rel=\"canonical\" href=\"https:\/\/www.mavihaber.com.tr\/?p=21945\" \/>\n<meta property=\"og:locale\" content=\"tr_TR\" \/>\n<meta property=\"og:type\" content=\"article\" \/>\n<meta property=\"og:title\" content=\"\u00c7ukurova \u00dcniversitesi G\u00fczel Sanatlar Fak\u00fcltesi&#039;nde Mezuniyet Sergisi D\u00fczenlendi - MAV\u0130 HABER\" \/>\n<meta property=\"og:description\" content=\"\u00c7ukurova \u00dcniversitesi G\u00fczel Sanatlar Fak\u00fcltesi&#8217;nde Mezuniyet Sergisi D\u00fczenlendi \u00c7ukurova \u00dcniversitesi (\u00c7\u00dc) G\u00fczel Sanatlar Fak\u00fcltesi Seramik B\u00f6l\u00fcm\u00fc ile Tekstil ve Moda\" \/>\n<meta property=\"og:url\" content=\"https:\/\/www.mavihaber.com.tr\/?p=21945\" \/>\n<meta property=\"og:site_name\" content=\"MAV\u0130 HABER\" \/>\n<meta property=\"article:publisher\" content=\"https:\/\/www.facebook.com\/ceyhan.mavi.142\/\" \/>\n<meta property=\"article:published_time\" content=\"2026-07-16T13:43:54+00:00\" \/>\n<meta property=\"og:image\" content=\"https:\/\/www.mavihaber.com.tr\/wp-content\/uploads\/2026\/07\/91178DA0-E87A-4D13-B726-177CADDB93D0-1024x683.png\" \/>\n\t<meta property=\"og:image:width\" content=\"1024\" \/>\n\t<meta property=\"og:image:height\" content=\"683\" \/>\n\t<meta property=\"og:image:type\" content=\"image\/png\" \/>\n<meta name=\"author\" content=\"\u0130zzet AYDEM\u0130R\" \/>\n<meta name=\"twitter:card\" content=\"summary_large_image\" \/>\n<meta name=\"twitter:creator\" content=\"@ceyhanmavihaber\" \/>\n<meta name=\"twitter:site\" content=\"@ceyhanmavihaber\" \/>\n<meta name=\"twitter:label1\" content=\"Yazan:\" \/>\n\t<meta name=\"twitter:data1\" content=\"\u0130zzet AYDEM\u0130R\" \/>\n\t<meta name=\"twitter:label2\" content=\"Tahmini okuma s\u00fcresi\" \/>\n\t<meta name=\"twitter:data2\" content=\"1 dakika\" \/>\n<script type=\"application\/ld+json\" class=\"yoast-schema-graph\">{\"@context\":\"https:\\\/\\\/schema.org\",\"@graph\":[{\"@type\":\"Article\",\"@id\":\"https:\\\/\\\/www.mavihaber.com.tr\\\/?p=21945#article\",\"isPartOf\":{\"@id\":\"https:\\\/\\\/www.mavihaber.com.tr\\\/?p=21945\"},\"author\":{\"name\":\"\u0130zzet AYDEM\u0130R\",\"@id\":\"https:\\\/\\\/www.mavihaber.com.tr\\\/#\\\/schema\\\/person\\\/dd7a0a39b6b2d5cc1609c32154b07a7d\"},\"headline\":\"\u00c7ukurova \u00dcniversitesi G\u00fczel Sanatlar Fak\u00fcltesi&#8217;nde Mezuniyet Sergisi D\u00fczenlendi\",\"datePublished\":\"2026-07-16T13:43:54+00:00\",\"mainEntityOfPage\":{\"@id\":\"https:\\\/\\\/www.mavihaber.com.tr\\\/?p=21945\"},\"wordCount\":269,\"commentCount\":0,\"publisher\":{\"@id\":\"https:\\\/\\\/www.mavihaber.com.tr\\\/#organization\"},\"image\":{\"@id\":\"https:\\\/\\\/www.mavihaber.com.tr\\\/?p=21945#primaryimage\"},\"thumbnailUrl\":\"https:\\\/\\\/www.mavihaber.com.tr\\\/wp-content\\\/uploads\\\/2026\\\/07\\\/91178DA0-E87A-4D13-B726-177CADDB93D0.png\",\"articleSection\":[\"Adana Kulis\",\"Belediyeler\",\"E\u011fitim\",\"G\u00fcndem\",\"Ya\u015fam\"],\"inLanguage\":\"tr\",\"potentialAction\":[{\"@type\":\"CommentAction\",\"name\":\"Comment\",\"target\":[\"https:\\\/\\\/www.mavihaber.com.tr\\\/?p=21945#respond\"]}]},{\"@type\":\"WebPage\",\"@id\":\"https:\\\/\\\/www.mavihaber.com.tr\\\/?p=21945\",\"url\":\"https:\\\/\\\/www.mavihaber.com.tr\\\/?p=21945\",\"name\":\"\u00c7ukurova \u00dcniversitesi G\u00fczel Sanatlar Fak\u00fcltesi'nde Mezuniyet Sergisi D\u00fczenlendi - MAV\u0130 HABER\",\"isPartOf\":{\"@id\":\"https:\\\/\\\/www.mavihaber.com.tr\\\/#website\"},\"primaryImageOfPage\":{\"@id\":\"https:\\\/\\\/www.mavihaber.com.tr\\\/?p=21945#primaryimage\"},\"image\":{\"@id\":\"https:\\\/\\\/www.mavihaber.com.tr\\\/?p=21945#primaryimage\"},\"thumbnailUrl\":\"https:\\\/\\\/www.mavihaber.com.tr\\\/wp-content\\\/uploads\\\/2026\\\/07\\\/91178DA0-E87A-4D13-B726-177CADDB93D0.png\",\"datePublished\":\"2026-07-16T13:43:54+00:00\",\"breadcrumb\":{\"@id\":\"https:\\\/\\\/www.mavihaber.com.tr\\\/?p=21945#breadcrumb\"},\"inLanguage\":\"tr\",\"potentialAction\":[{\"@type\":\"ReadAction\",\"target\":[\"https:\\\/\\\/www.mavihaber.com.tr\\\/?p=21945\"]}]},{\"@type\":\"ImageObject\",\"inLanguage\":\"tr\",\"@id\":\"https:\\\/\\\/www.mavihaber.com.tr\\\/?p=21945#primaryimage\",\"url\":\"https:\\\/\\\/www.mavihaber.com.tr\\\/wp-content\\\/uploads\\\/2026\\\/07\\\/91178DA0-E87A-4D13-B726-177CADDB93D0.png\",\"contentUrl\":\"https:\\\/\\\/www.mavihaber.com.tr\\\/wp-content\\\/uploads\\\/2026\\\/07\\\/91178DA0-E87A-4D13-B726-177CADDB93D0.png\",\"width\":1536,\"height\":1024},{\"@type\":\"BreadcrumbList\",\"@id\":\"https:\\\/\\\/www.mavihaber.com.tr\\\/?p=21945#breadcrumb\",\"itemListElement\":[{\"@type\":\"ListItem\",\"position\":1,\"name\":\"Anasayfa\",\"item\":\"https:\\\/\\\/www.mavihaber.com.tr\\\/\"},{\"@type\":\"ListItem\",\"position\":2,\"name\":\"\u00c7ukurova \u00dcniversitesi G\u00fczel Sanatlar Fak\u00fcltesi&#8217;nde Mezuniyet Sergisi D\u00fczenlendi\"}]},{\"@type\":\"WebSite\",\"@id\":\"https:\\\/\\\/www.mavihaber.com.tr\\\/#website\",\"url\":\"https:\\\/\\\/www.mavihaber.com.tr\\\/\",\"name\":\"MAV\u0130 HABER\",\"description\":\"S&Ouml;Z U&Ccedil;AR YAZI KALIR\",\"publisher\":{\"@id\":\"https:\\\/\\\/www.mavihaber.com.tr\\\/#organization\"},\"potentialAction\":[{\"@type\":\"SearchAction\",\"target\":{\"@type\":\"EntryPoint\",\"urlTemplate\":\"https:\\\/\\\/www.mavihaber.com.tr\\\/?s={search_term_string}\"},\"query-input\":{\"@type\":\"PropertyValueSpecification\",\"valueRequired\":true,\"valueName\":\"search_term_string\"}}],\"inLanguage\":\"tr\"},{\"@type\":\"Organization\",\"@id\":\"https:\\\/\\\/www.mavihaber.com.tr\\\/#organization\",\"name\":\"MAV\u0130 HABER\",\"url\":\"https:\\\/\\\/www.mavihaber.com.tr\\\/\",\"logo\":{\"@type\":\"ImageObject\",\"inLanguage\":\"tr\",\"@id\":\"https:\\\/\\\/www.mavihaber.com.tr\\\/#\\\/schema\\\/logo\\\/image\\\/\",\"url\":\"http:\\\/\\\/www.mavihaber.com.tr\\\/wp-content\\\/uploads\\\/2022\\\/02\\\/mavi-logo.png\",\"contentUrl\":\"http:\\\/\\\/www.mavihaber.com.tr\\\/wp-content\\\/uploads\\\/2022\\\/02\\\/mavi-logo.png\",\"width\":301,\"height\":81,\"caption\":\"MAV\u0130 HABER\"},\"image\":{\"@id\":\"https:\\\/\\\/www.mavihaber.com.tr\\\/#\\\/schema\\\/logo\\\/image\\\/\"},\"sameAs\":[\"https:\\\/\\\/www.facebook.com\\\/ceyhan.mavi.142\\\/\",\"https:\\\/\\\/x.com\\\/ceyhanmavihaber\",\"https:\\\/\\\/www.instagram.com\\\/ceyhanmavihaber\\\/\",\"https:\\\/\\\/www.youtube.com\\\/channel\\\/UCJQ-0-AFgj2GjI269QDUwNw\"]},{\"@type\":\"Person\",\"@id\":\"https:\\\/\\\/www.mavihaber.com.tr\\\/#\\\/schema\\\/person\\\/dd7a0a39b6b2d5cc1609c32154b07a7d\",\"name\":\"\u0130zzet AYDEM\u0130R\",\"image\":{\"@type\":\"ImageObject\",\"inLanguage\":\"tr\",\"@id\":\"https:\\\/\\\/secure.gravatar.com\\\/avatar\\\/320a36bef556c371376115ba1e7491216472a73c7b42710d508168617c47b64f?s=96&d=mm&r=g\",\"url\":\"https:\\\/\\\/secure.gravatar.com\\\/avatar\\\/320a36bef556c371376115ba1e7491216472a73c7b42710d508168617c47b64f?s=96&d=mm&r=g\",\"contentUrl\":\"https:\\\/\\\/secure.gravatar.com\\\/avatar\\\/320a36bef556c371376115ba1e7491216472a73c7b42710d508168617c47b64f?s=96&d=mm&r=g\",\"caption\":\"\u0130zzet AYDEM\u0130R\"},\"sameAs\":[\"http:\\\/\\\/www.mavihaber.com.tr\"],\"url\":\"https:\\\/\\\/www.mavihaber.com.tr\\\/?author=5\"}]}<\/script>\n<!-- \/ Yoast SEO plugin. -->","yoast_head_json":{"title":"\u00c7ukurova \u00dcniversitesi G\u00fczel Sanatlar Fak\u00fcltesi'nde Mezuniyet Sergisi D\u00fczenlendi - MAV\u0130 HABER","robots":{"index":"index","follow":"follow","max-snippet":"max-snippet:-1","max-image-preview":"max-image-preview:large","max-video-preview":"max-video-preview:-1"},"canonical":"https:\/\/www.mavihaber.com.tr\/?p=21945","og_locale":"tr_TR","og_type":"article","og_title":"\u00c7ukurova \u00dcniversitesi G\u00fczel Sanatlar Fak\u00fcltesi'nde Mezuniyet Sergisi D\u00fczenlendi - MAV\u0130 HABER","og_description":"\u00c7ukurova \u00dcniversitesi G\u00fczel Sanatlar Fak\u00fcltesi&#8217;nde Mezuniyet Sergisi D\u00fczenlendi \u00c7ukurova \u00dcniversitesi (\u00c7\u00dc) G\u00fczel Sanatlar Fak\u00fcltesi Seramik B\u00f6l\u00fcm\u00fc ile Tekstil ve Moda","og_url":"https:\/\/www.mavihaber.com.tr\/?p=21945","og_site_name":"MAV\u0130 HABER","article_publisher":"https:\/\/www.facebook.com\/ceyhan.mavi.142\/","article_published_time":"2026-07-16T13:43:54+00:00","og_image":[{"width":1024,"height":683,"url":"https:\/\/www.mavihaber.com.tr\/wp-content\/uploads\/2026\/07\/91178DA0-E87A-4D13-B726-177CADDB93D0-1024x683.png","type":"image\/png"}],"author":"\u0130zzet AYDEM\u0130R","twitter_card":"summary_large_image","twitter_creator":"@ceyhanmavihaber","twitter_site":"@ceyhanmavihaber","twitter_misc":{"Yazan:":"\u0130zzet AYDEM\u0130R","Tahmini okuma s\u00fcresi":"1 dakika"},"schema":{"@context":"https:\/\/schema.org","@graph":[{"@type":"Article","@id":"https:\/\/www.mavihaber.com.tr\/?p=21945#article","isPartOf":{"@id":"https:\/\/www.mavihaber.com.tr\/?p=21945"},"author":{"name":"\u0130zzet AYDEM\u0130R","@id":"https:\/\/www.mavihaber.com.tr\/#\/schema\/person\/dd7a0a39b6b2d5cc1609c32154b07a7d"},"headline":"\u00c7ukurova \u00dcniversitesi G\u00fczel Sanatlar Fak\u00fcltesi&#8217;nde Mezuniyet Sergisi D\u00fczenlendi","datePublished":"2026-07-16T13:43:54+00:00","mainEntityOfPage":{"@id":"https:\/\/www.mavihaber.com.tr\/?p=21945"},"wordCount":269,"commentCount":0,"publisher":{"@id":"https:\/\/www.mavihaber.com.tr\/#organization"},"image":{"@id":"https:\/\/www.mavihaber.com.tr\/?p=21945#primaryimage"},"thumbnailUrl":"https:\/\/www.mavihaber.com.tr\/wp-content\/uploads\/2026\/07\/91178DA0-E87A-4D13-B726-177CADDB93D0.png","articleSection":["Adana Kulis","Belediyeler","E\u011fitim","G\u00fcndem","Ya\u015fam"],"inLanguage":"tr","potentialAction":[{"@type":"CommentAction","name":"Comment","target":["https:\/\/www.mavihaber.com.tr\/?p=21945#respond"]}]},{"@type":"WebPage","@id":"https:\/\/www.mavihaber.com.tr\/?p=21945","url":"https:\/\/www.mavihaber.com.tr\/?p=21945","name":"\u00c7ukurova \u00dcniversitesi G\u00fczel Sanatlar Fak\u00fcltesi'nde Mezuniyet Sergisi D\u00fczenlendi - MAV\u0130 HABER","isPartOf":{"@id":"https:\/\/www.mavihaber.com.tr\/#website"},"primaryImageOfPage":{"@id":"https:\/\/www.mavihaber.com.tr\/?p=21945#primaryimage"},"image":{"@id":"https:\/\/www.mavihaber.com.tr\/?p=21945#primaryimage"},"thumbnailUrl":"https:\/\/www.mavihaber.com.tr\/wp-content\/uploads\/2026\/07\/91178DA0-E87A-4D13-B726-177CADDB93D0.png","datePublished":"2026-07-16T13:43:54+00:00","breadcrumb":{"@id":"https:\/\/www.mavihaber.com.tr\/?p=21945#breadcrumb"},"inLanguage":"tr","potentialAction":[{"@type":"ReadAction","target":["https:\/\/www.mavihaber.com.tr\/?p=21945"]}]},{"@type":"ImageObject","inLanguage":"tr","@id":"https:\/\/www.mavihaber.com.tr\/?p=21945#primaryimage","url":"https:\/\/www.mavihaber.com.tr\/wp-content\/uploads\/2026\/07\/91178DA0-E87A-4D13-B726-177CADDB93D0.png","contentUrl":"https:\/\/www.mavihaber.com.tr\/wp-content\/uploads\/2026\/07\/91178DA0-E87A-4D13-B726-177CADDB93D0.png","width":1536,"height":1024},{"@type":"BreadcrumbList","@id":"https:\/\/www.mavihaber.com.tr\/?p=21945#breadcrumb","itemListElement":[{"@type":"ListItem","position":1,"name":"Anasayfa","item":"https:\/\/www.mavihaber.com.tr\/"},{"@type":"ListItem","position":2,"name":"\u00c7ukurova \u00dcniversitesi G\u00fczel Sanatlar Fak\u00fcltesi&#8217;nde Mezuniyet Sergisi D\u00fczenlendi"}]},{"@type":"WebSite","@id":"https:\/\/www.mavihaber.com.tr\/#website","url":"https:\/\/www.mavihaber.com.tr\/","name":"MAV\u0130 HABER","description":"S&Ouml;Z U&Ccedil;AR YAZI KALIR","publisher":{"@id":"https:\/\/www.mavihaber.com.tr\/#organization"},"potentialAction":[{"@type":"SearchAction","target":{"@type":"EntryPoint","urlTemplate":"https:\/\/www.mavihaber.com.tr\/?s={search_term_string}"},"query-input":{"@type":"PropertyValueSpecification","valueRequired":true,"valueName":"search_term_string"}}],"inLanguage":"tr"},{"@type":"Organization","@id":"https:\/\/www.mavihaber.com.tr\/#organization","name":"MAV\u0130 HABER","url":"https:\/\/www.mavihaber.com.tr\/","logo":{"@type":"ImageObject","inLanguage":"tr","@id":"https:\/\/www.mavihaber.com.tr\/#\/schema\/logo\/image\/","url":"http:\/\/www.mavihaber.com.tr\/wp-content\/uploads\/2022\/02\/mavi-logo.png","contentUrl":"http:\/\/www.mavihaber.com.tr\/wp-content\/uploads\/2022\/02\/mavi-logo.png","width":301,"height":81,"caption":"MAV\u0130 HABER"},"image":{"@id":"https:\/\/www.mavihaber.com.tr\/#\/schema\/logo\/image\/"},"sameAs":["https:\/\/www.facebook.com\/ceyhan.mavi.142\/","https:\/\/x.com\/ceyhanmavihaber","https:\/\/www.instagram.com\/ceyhanmavihaber\/","https:\/\/www.youtube.com\/channel\/UCJQ-0-AFgj2GjI269QDUwNw"]},{"@type":"Person","@id":"https:\/\/www.mavihaber.com.tr\/#\/schema\/person\/dd7a0a39b6b2d5cc1609c32154b07a7d","name":"\u0130zzet AYDEM\u0130R","image":{"@type":"ImageObject","inLanguage":"tr","@id":"https:\/\/secure.gravatar.com\/avatar\/320a36bef556c371376115ba1e7491216472a73c7b42710d508168617c47b64f?s=96&d=mm&r=g","url":"https:\/\/secure.gravatar.com\/avatar\/320a36bef556c371376115ba1e7491216472a73c7b42710d508168617c47b64f?s=96&d=mm&r=g","contentUrl":"https:\/\/secure.gravatar.com\/avatar\/320a36bef556c371376115ba1e7491216472a73c7b42710d508168617c47b64f?s=96&d=mm&r=g","caption":"\u0130zzet AYDEM\u0130R"},"sameAs":["http:\/\/www.mavihaber.com.tr"],"url":"https:\/\/www.mavihaber.com.tr\/?author=5"}]}},"views":141,"_links":{"self":[{"href":"https:\/\/www.mavihaber.com.tr\/index.php?rest_route=\/wp\/v2\/posts\/21945","targetHints":{"allow":["GET"]}}],"collection":[{"href":"https:\/\/www.mavihaber.com.tr\/index.php?rest_route=\/wp\/v2\/posts"}],"about":[{"href":"https:\/\/www.mavihaber.com.tr\/index.php?rest_route=\/wp\/v2\/types\/post"}],"author":[{"embeddable":true,"href":"https:\/\/www.mavihaber.com.tr\/index.php?rest_route=\/wp\/v2\/users\/5"}],"replies":[{"embeddable":true,"href":"https:\/\/www.mavihaber.com.tr\/index.php?rest_route=%2Fwp%2Fv2%2Fcomments&post=21945"}],"version-history":[{"count":1,"href":"https:\/\/www.mavihaber.com.tr\/index.php?rest_route=\/wp\/v2\/posts\/21945\/revisions"}],"predecessor-version":[{"id":21947,"href":"https:\/\/www.mavihaber.com.tr\/index.php?rest_route=\/wp\/v2\/posts\/21945\/revisions\/21947"}],"wp:featuredmedia":[{"embeddable":true,"href":"https:\/\/www.mavihaber.com.tr\/index.php?rest_route=\/wp\/v2\/media\/21946"}],"wp:attachment":[{"href":"https:\/\/www.mavihaber.com.tr\/index.php?rest_route=%2Fwp%2Fv2%2Fmedia&parent=21945"}],"wp:term":[{"taxonomy":"category","embeddable":true,"href":"https:\/\/www.mavihaber.com.tr\/index.php?rest_route=%2Fwp%2Fv2%2Fcategories&post=21945"},{"taxonomy":"post_tag","embeddable":true,"href":"https:\/\/www.mavihaber.com.tr\/index.php?rest_route=%2Fwp%2Fv2%2Ftags&post=21945"}],"curies":[{"name":"wp","href":"https:\/\/api.w.org\/{rel}","templated":true}]}}