{"id":21952,"date":"2026-07-16T13:49:39","date_gmt":"2026-07-16T13:49:39","guid":{"rendered":"https:\/\/www.mavihaber.com.tr\/?p=21952"},"modified":"2026-07-16T14:09:32","modified_gmt":"2026-07-16T14:09:32","slug":"yumurtalik-belediyesi-halk-sagligi-ve-turizm-icin-kesintisiz-hizmet-sunuyor","status":"publish","type":"post","link":"https:\/\/www.mavihaber.com.tr\/?p=21952","title":{"rendered":"Yumurtal\u0131k Belediyesi yaza haz\u0131r"},"content":{"rendered":"<p style=\"font-weight: 400;\">\n<p style=\"font-weight: 400;\"><strong>ADANA<\/strong> \u2013 Yumurtal\u0131k Belediyesi, yaz sezonunda artan ziyaret\u00e7i yo\u011funlu\u011funu da g\u00f6z \u00f6n\u00fcnde bulundurarak il\u00e7e genelindeki temizlik \u00e7al\u0131\u015fmalar\u0131n\u0131 aral\u0131ks\u0131z s\u00fcrd\u00fcr\u00fcyor. Temizlik \u0130\u015fleri M\u00fcd\u00fcrl\u00fc\u011f\u00fc ekipleri taraf\u0131ndan plajlar, parklar ve ortak kullan\u0131m alanlar\u0131nda kapsaml\u0131 temizlik \u00e7al\u0131\u015fmalar\u0131 ger\u00e7ekle\u015ftirilirken, vatanda\u015flar\u0131n daha sa\u011fl\u0131kl\u0131 ve huzurlu bir ortamda vakit ge\u00e7irebilmesi i\u00e7in \u00e7al\u0131\u015fmalar titizlikle y\u00fcr\u00fct\u00fcl\u00fcyor. Yumurtal\u0131k Belediyesi, \u00e7evre temizli\u011fini yaln\u0131zca g\u00fcnl\u00fck hizmet olarak de\u011fil, s\u00fcrd\u00fcr\u00fclebilir ve ya\u015fanabilir bir kent anlay\u0131\u015f\u0131n\u0131n \u00f6nemli bir par\u00e7as\u0131 olarak de\u011ferlendirerek \u00e7al\u0131\u015fmalar\u0131na devam ediyor.<\/p>\n<p style=\"font-weight: 400;\"><strong>OTELLERDE H\u0130JYEN VE RUHSAT DENET\u0130M\u0130<\/strong><\/p>\n<p style=\"font-weight: 400;\">Adana B\u00fcy\u00fck\u015fehir Belediyesi ile koordinasyon i\u00e7erisinde \u00e7al\u0131\u015fmalar\u0131n\u0131 s\u00fcrd\u00fcren Yumurtal\u0131k Belediyesi Zab\u0131ta M\u00fcd\u00fcrl\u00fc\u011f\u00fc ekipleri de il\u00e7ede faaliyet g\u00f6steren otellerde kapsaml\u0131 denetimler ger\u00e7ekle\u015ftirdi. Denetimlerde genel hijyen \u015fartlar\u0131, i\u015f yeri ruhsat\u0131 ve gerekli belgelerin uygunlu\u011fu ile oda ve mutfaklar\u0131n hijyen kurallar\u0131na uygunlu\u011fu ayr\u0131nt\u0131l\u0131 \u015fekilde kontrol edildi.<\/p>\n<p style=\"font-weight: 400;\"><strong>KASAP VE TAVUK SATI\u015e NOKTALARI DA DENETLEND\u0130<\/strong><\/p>\n<p style=\"font-weight: 400;\">Zab\u0131ta M\u00fcd\u00fcrl\u00fc\u011f\u00fc ekipleri, belediyenin G\u0131da Teknikeri ile birlikte halk sa\u011fl\u0131\u011f\u0131n\u0131 korumak amac\u0131yla il\u00e7ede faaliyet g\u00f6steren kasap ve tavuk sat\u0131\u015f i\u015fletmelerinde de denetimler ger\u00e7ekle\u015ftirdi. Denetimlerde \u00fcr\u00fcnlerin son kullanma tarihleri (SKT), hijyen ko\u015fullar\u0131, fiyat etiketleri ve i\u015f yeri ruhsatlar\u0131 titizlikle incelendi.<\/p>\n<p style=\"font-weight: 400;\">Yumurtal\u0131k Belediye Ba\u015fkan\u0131 Erdin\u00e7 Alt\u0131ok, vatanda\u015flar\u0131n g\u00fcvenli ve sa\u011fl\u0131kl\u0131 g\u0131daya ula\u015fabilmesi i\u00e7in g\u0131da denetimlerinin d\u00fczenli olarak s\u00fcrd\u00fcr\u00fclece\u011fini belirterek, &#8220;Halk\u0131m\u0131z\u0131n g\u00fcvenle ve sa\u011fl\u0131kl\u0131 bir \u015fekilde al\u0131\u015fveri\u015f yapabilmesi i\u00e7in denetimlerimiz aral\u0131ks\u0131z devam edecektir.&#8221; dedi.<\/p>\n<p style=\"font-weight: 400;\"><strong>ALTIOK: \u201c\u00c7EVREM\u0130Z\u0130 HEP B\u0130RL\u0130KTE KORUYALIM\u201d<\/strong><\/p>\n<p style=\"font-weight: 400;\">Yumurtal\u0131k Belediye Ba\u015fkan\u0131 Erdin\u00e7 Alt\u0131ok, temiz ve sa\u011fl\u0131kl\u0131 bir kent olu\u015fturman\u0131n belediye ile vatanda\u015flar\u0131n ortak sorumlulu\u011fu oldu\u011funa dikkat \u00e7ekerek \u015funlar\u0131 s\u00f6yledi:<\/p>\n<p style=\"font-weight: 400;\">&#8220;Hem\u015fehrilerimizin daha temiz, sa\u011fl\u0131kl\u0131 ve g\u00fcvenli bir \u00e7evrede vakit ge\u00e7irebilmesi i\u00e7in temizlik \u00e7al\u0131\u015fmalar\u0131m\u0131z aral\u0131ks\u0131z devam etmektedir. Plajlar\u0131m\u0131z\u0131, parklar\u0131m\u0131z\u0131 ve ortak ya\u015fam alanlar\u0131m\u0131z\u0131 d\u00fczenli olarak temizliyor, zab\u0131ta ekiplerimizle de i\u015fletmelerimizde hijyen denetimlerini s\u00fcrd\u00fcr\u00fcyoruz. Temiz bir Yumurtal\u0131k i\u00e7in hep birlikte \u00e7evremizi koruyal\u0131m.&#8221;<\/p>\n<p style=\"font-weight: 400;\"><strong>HALK SA\u011eLI\u011eI VE TUR\u0130ZM \u0130\u00c7\u0130N KES\u0130NT\u0130S\u0130Z H\u0130ZMET<\/strong><\/p>\n<p style=\"font-weight: 400;\">Yaz aylar\u0131nda yerli ve yabanc\u0131 ziyaret\u00e7ilerin yo\u011fun ilgi g\u00f6sterdi\u011fi Yumurtal\u0131k&#8217;ta belediye ekipleri, hem \u00e7evre temizli\u011fi hem de konaklama ve g\u0131da i\u015fletmelerindeki hijyen standartlar\u0131n\u0131n korunmas\u0131na y\u00f6nelik \u00e7al\u0131\u015fmalar\u0131n\u0131 aral\u0131ks\u0131z s\u00fcrd\u00fcr\u00fcyor. Yumurtal\u0131k Belediye Ba\u015fkan\u0131 Erdin\u00e7 Alt\u0131ok, vatanda\u015flar\u0131n ve tatilcilerin g\u00fcvenli, sa\u011fl\u0131kl\u0131 ve temiz bir ortamda zaman ge\u00e7irebilmesi i\u00e7in temizlik, hijyen ve g\u0131da denetimlerine kararl\u0131l\u0131kla devam edeceklerini vurgulad\u0131.<\/p>\n","protected":false},"excerpt":{"rendered":"<p>ADANA \u2013 Yumurtal\u0131k Belediyesi, yaz sezonunda artan ziyaret\u00e7i yo\u011funlu\u011funu da g\u00f6z \u00f6n\u00fcnde bulundurarak il\u00e7e genelindeki temizlik \u00e7al\u0131\u015fmalar\u0131n\u0131 aral\u0131ks\u0131z s\u00fcrd\u00fcr\u00fcyor. Temizlik<\/p>\n","protected":false},"author":5,"featured_media":21953,"comment_status":"open","ping_status":"open","sticky":false,"template":"","format":"standard","meta":{"footnotes":""},"categories":[7,26,12,18],"tags":[],"class_list":["post-21952","post","type-post","status-publish","format-standard","has-post-thumbnail","hentry","category-belediye","category-ceyhan","category-saglik","category-yasam"],"yoast_head":"<!-- This site is optimized with the Yoast SEO plugin v28.2 - https:\/\/yoast.com\/product\/yoast-seo-wordpress\/ -->\n<title>Yumurtal\u0131k Belediyesi yaza haz\u0131r - MAV\u0130 HABER<\/title>\n<meta name=\"robots\" content=\"index, follow, max-snippet:-1, max-image-preview:large, max-video-preview:-1\" \/>\n<link rel=\"canonical\" href=\"https:\/\/www.mavihaber.com.tr\/?p=21952\" \/>\n<meta property=\"og:locale\" content=\"tr_TR\" \/>\n<meta property=\"og:type\" content=\"article\" \/>\n<meta property=\"og:title\" content=\"Yumurtal\u0131k Belediyesi yaza haz\u0131r - MAV\u0130 HABER\" \/>\n<meta property=\"og:description\" content=\"ADANA \u2013 Yumurtal\u0131k Belediyesi, yaz sezonunda artan ziyaret\u00e7i yo\u011funlu\u011funu da g\u00f6z \u00f6n\u00fcnde bulundurarak il\u00e7e genelindeki temizlik \u00e7al\u0131\u015fmalar\u0131n\u0131 aral\u0131ks\u0131z s\u00fcrd\u00fcr\u00fcyor. Temizlik\" \/>\n<meta property=\"og:url\" content=\"https:\/\/www.mavihaber.com.tr\/?p=21952\" \/>\n<meta property=\"og:site_name\" content=\"MAV\u0130 HABER\" \/>\n<meta property=\"article:publisher\" content=\"https:\/\/www.facebook.com\/ceyhan.mavi.142\/\" \/>\n<meta property=\"article:published_time\" content=\"2026-07-16T13:49:39+00:00\" \/>\n<meta property=\"article:modified_time\" content=\"2026-07-16T14:09:32+00:00\" \/>\n<meta property=\"og:image\" content=\"https:\/\/www.mavihaber.com.tr\/wp-content\/uploads\/2026\/07\/2CC245BE-345F-486C-B8E8-52700B2AFEA4-1024x683.png\" \/>\n\t<meta property=\"og:image:width\" content=\"1024\" \/>\n\t<meta property=\"og:image:height\" content=\"683\" \/>\n\t<meta property=\"og:image:type\" content=\"image\/png\" \/>\n<meta name=\"author\" content=\"\u0130zzet AYDEM\u0130R\" \/>\n<meta name=\"twitter:card\" content=\"summary_large_image\" \/>\n<meta name=\"twitter:creator\" content=\"@ceyhanmavihaber\" \/>\n<meta name=\"twitter:site\" content=\"@ceyhanmavihaber\" \/>\n<meta name=\"twitter:label1\" content=\"Yazan:\" \/>\n\t<meta name=\"twitter:data1\" content=\"\u0130zzet AYDEM\u0130R\" \/>\n\t<meta name=\"twitter:label2\" content=\"Tahmini okuma s\u00fcresi\" \/>\n\t<meta name=\"twitter:data2\" content=\"3 dakika\" \/>\n<script type=\"application\/ld+json\" class=\"yoast-schema-graph\">{\"@context\":\"https:\\\/\\\/schema.org\",\"@graph\":[{\"@type\":\"Article\",\"@id\":\"https:\\\/\\\/www.mavihaber.com.tr\\\/?p=21952#article\",\"isPartOf\":{\"@id\":\"https:\\\/\\\/www.mavihaber.com.tr\\\/?p=21952\"},\"author\":{\"name\":\"\u0130zzet AYDEM\u0130R\",\"@id\":\"https:\\\/\\\/www.mavihaber.com.tr\\\/#\\\/schema\\\/person\\\/dd7a0a39b6b2d5cc1609c32154b07a7d\"},\"headline\":\"Yumurtal\u0131k Belediyesi yaza haz\u0131r\",\"datePublished\":\"2026-07-16T13:49:39+00:00\",\"dateModified\":\"2026-07-16T14:09:32+00:00\",\"mainEntityOfPage\":{\"@id\":\"https:\\\/\\\/www.mavihaber.com.tr\\\/?p=21952\"},\"wordCount\":524,\"commentCount\":0,\"publisher\":{\"@id\":\"https:\\\/\\\/www.mavihaber.com.tr\\\/#organization\"},\"image\":{\"@id\":\"https:\\\/\\\/www.mavihaber.com.tr\\\/?p=21952#primaryimage\"},\"thumbnailUrl\":\"https:\\\/\\\/www.mavihaber.com.tr\\\/wp-content\\\/uploads\\\/2026\\\/07\\\/2CC245BE-345F-486C-B8E8-52700B2AFEA4.png\",\"articleSection\":[\"Belediyeler\",\"Ceyhan\",\"Sa\u011fl\u0131k\",\"Ya\u015fam\"],\"inLanguage\":\"tr\",\"potentialAction\":[{\"@type\":\"CommentAction\",\"name\":\"Comment\",\"target\":[\"https:\\\/\\\/www.mavihaber.com.tr\\\/?p=21952#respond\"]}]},{\"@type\":\"WebPage\",\"@id\":\"https:\\\/\\\/www.mavihaber.com.tr\\\/?p=21952\",\"url\":\"https:\\\/\\\/www.mavihaber.com.tr\\\/?p=21952\",\"name\":\"Yumurtal\u0131k Belediyesi yaza haz\u0131r - MAV\u0130 HABER\",\"isPartOf\":{\"@id\":\"https:\\\/\\\/www.mavihaber.com.tr\\\/#website\"},\"primaryImageOfPage\":{\"@id\":\"https:\\\/\\\/www.mavihaber.com.tr\\\/?p=21952#primaryimage\"},\"image\":{\"@id\":\"https:\\\/\\\/www.mavihaber.com.tr\\\/?p=21952#primaryimage\"},\"thumbnailUrl\":\"https:\\\/\\\/www.mavihaber.com.tr\\\/wp-content\\\/uploads\\\/2026\\\/07\\\/2CC245BE-345F-486C-B8E8-52700B2AFEA4.png\",\"datePublished\":\"2026-07-16T13:49:39+00:00\",\"dateModified\":\"2026-07-16T14:09:32+00:00\",\"breadcrumb\":{\"@id\":\"https:\\\/\\\/www.mavihaber.com.tr\\\/?p=21952#breadcrumb\"},\"inLanguage\":\"tr\",\"potentialAction\":[{\"@type\":\"ReadAction\",\"target\":[\"https:\\\/\\\/www.mavihaber.com.tr\\\/?p=21952\"]}]},{\"@type\":\"ImageObject\",\"inLanguage\":\"tr\",\"@id\":\"https:\\\/\\\/www.mavihaber.com.tr\\\/?p=21952#primaryimage\",\"url\":\"https:\\\/\\\/www.mavihaber.com.tr\\\/wp-content\\\/uploads\\\/2026\\\/07\\\/2CC245BE-345F-486C-B8E8-52700B2AFEA4.png\",\"contentUrl\":\"https:\\\/\\\/www.mavihaber.com.tr\\\/wp-content\\\/uploads\\\/2026\\\/07\\\/2CC245BE-345F-486C-B8E8-52700B2AFEA4.png\",\"width\":1536,\"height\":1024},{\"@type\":\"BreadcrumbList\",\"@id\":\"https:\\\/\\\/www.mavihaber.com.tr\\\/?p=21952#breadcrumb\",\"itemListElement\":[{\"@type\":\"ListItem\",\"position\":1,\"name\":\"Anasayfa\",\"item\":\"https:\\\/\\\/www.mavihaber.com.tr\\\/\"},{\"@type\":\"ListItem\",\"position\":2,\"name\":\"Yumurtal\u0131k Belediyesi yaza haz\u0131r\"}]},{\"@type\":\"WebSite\",\"@id\":\"https:\\\/\\\/www.mavihaber.com.tr\\\/#website\",\"url\":\"https:\\\/\\\/www.mavihaber.com.tr\\\/\",\"name\":\"MAV\u0130 HABER\",\"description\":\"S&Ouml;Z U&Ccedil;AR YAZI KALIR\",\"publisher\":{\"@id\":\"https:\\\/\\\/www.mavihaber.com.tr\\\/#organization\"},\"potentialAction\":[{\"@type\":\"SearchAction\",\"target\":{\"@type\":\"EntryPoint\",\"urlTemplate\":\"https:\\\/\\\/www.mavihaber.com.tr\\\/?s={search_term_string}\"},\"query-input\":{\"@type\":\"PropertyValueSpecification\",\"valueRequired\":true,\"valueName\":\"search_term_string\"}}],\"inLanguage\":\"tr\"},{\"@type\":\"Organization\",\"@id\":\"https:\\\/\\\/www.mavihaber.com.tr\\\/#organization\",\"name\":\"MAV\u0130 HABER\",\"url\":\"https:\\\/\\\/www.mavihaber.com.tr\\\/\",\"logo\":{\"@type\":\"ImageObject\",\"inLanguage\":\"tr\",\"@id\":\"https:\\\/\\\/www.mavihaber.com.tr\\\/#\\\/schema\\\/logo\\\/image\\\/\",\"url\":\"http:\\\/\\\/www.mavihaber.com.tr\\\/wp-content\\\/uploads\\\/2022\\\/02\\\/mavi-logo.png\",\"contentUrl\":\"http:\\\/\\\/www.mavihaber.com.tr\\\/wp-content\\\/uploads\\\/2022\\\/02\\\/mavi-logo.png\",\"width\":301,\"height\":81,\"caption\":\"MAV\u0130 HABER\"},\"image\":{\"@id\":\"https:\\\/\\\/www.mavihaber.com.tr\\\/#\\\/schema\\\/logo\\\/image\\\/\"},\"sameAs\":[\"https:\\\/\\\/www.facebook.com\\\/ceyhan.mavi.142\\\/\",\"https:\\\/\\\/x.com\\\/ceyhanmavihaber\",\"https:\\\/\\\/www.instagram.com\\\/ceyhanmavihaber\\\/\",\"https:\\\/\\\/www.youtube.com\\\/channel\\\/UCJQ-0-AFgj2GjI269QDUwNw\"]},{\"@type\":\"Person\",\"@id\":\"https:\\\/\\\/www.mavihaber.com.tr\\\/#\\\/schema\\\/person\\\/dd7a0a39b6b2d5cc1609c32154b07a7d\",\"name\":\"\u0130zzet AYDEM\u0130R\",\"image\":{\"@type\":\"ImageObject\",\"inLanguage\":\"tr\",\"@id\":\"https:\\\/\\\/secure.gravatar.com\\\/avatar\\\/320a36bef556c371376115ba1e7491216472a73c7b42710d508168617c47b64f?s=96&d=mm&r=g\",\"url\":\"https:\\\/\\\/secure.gravatar.com\\\/avatar\\\/320a36bef556c371376115ba1e7491216472a73c7b42710d508168617c47b64f?s=96&d=mm&r=g\",\"contentUrl\":\"https:\\\/\\\/secure.gravatar.com\\\/avatar\\\/320a36bef556c371376115ba1e7491216472a73c7b42710d508168617c47b64f?s=96&d=mm&r=g\",\"caption\":\"\u0130zzet AYDEM\u0130R\"},\"sameAs\":[\"http:\\\/\\\/www.mavihaber.com.tr\"],\"url\":\"https:\\\/\\\/www.mavihaber.com.tr\\\/?author=5\"}]}<\/script>\n<!-- \/ Yoast SEO plugin. -->","yoast_head_json":{"title":"Yumurtal\u0131k Belediyesi yaza haz\u0131r - MAV\u0130 HABER","robots":{"index":"index","follow":"follow","max-snippet":"max-snippet:-1","max-image-preview":"max-image-preview:large","max-video-preview":"max-video-preview:-1"},"canonical":"https:\/\/www.mavihaber.com.tr\/?p=21952","og_locale":"tr_TR","og_type":"article","og_title":"Yumurtal\u0131k Belediyesi yaza haz\u0131r - MAV\u0130 HABER","og_description":"ADANA \u2013 Yumurtal\u0131k Belediyesi, yaz sezonunda artan ziyaret\u00e7i yo\u011funlu\u011funu da g\u00f6z \u00f6n\u00fcnde bulundurarak il\u00e7e genelindeki temizlik \u00e7al\u0131\u015fmalar\u0131n\u0131 aral\u0131ks\u0131z s\u00fcrd\u00fcr\u00fcyor. Temizlik","og_url":"https:\/\/www.mavihaber.com.tr\/?p=21952","og_site_name":"MAV\u0130 HABER","article_publisher":"https:\/\/www.facebook.com\/ceyhan.mavi.142\/","article_published_time":"2026-07-16T13:49:39+00:00","article_modified_time":"2026-07-16T14:09:32+00:00","og_image":[{"width":1024,"height":683,"url":"https:\/\/www.mavihaber.com.tr\/wp-content\/uploads\/2026\/07\/2CC245BE-345F-486C-B8E8-52700B2AFEA4-1024x683.png","type":"image\/png"}],"author":"\u0130zzet AYDEM\u0130R","twitter_card":"summary_large_image","twitter_creator":"@ceyhanmavihaber","twitter_site":"@ceyhanmavihaber","twitter_misc":{"Yazan:":"\u0130zzet AYDEM\u0130R","Tahmini okuma s\u00fcresi":"3 dakika"},"schema":{"@context":"https:\/\/schema.org","@graph":[{"@type":"Article","@id":"https:\/\/www.mavihaber.com.tr\/?p=21952#article","isPartOf":{"@id":"https:\/\/www.mavihaber.com.tr\/?p=21952"},"author":{"name":"\u0130zzet AYDEM\u0130R","@id":"https:\/\/www.mavihaber.com.tr\/#\/schema\/person\/dd7a0a39b6b2d5cc1609c32154b07a7d"},"headline":"Yumurtal\u0131k Belediyesi yaza haz\u0131r","datePublished":"2026-07-16T13:49:39+00:00","dateModified":"2026-07-16T14:09:32+00:00","mainEntityOfPage":{"@id":"https:\/\/www.mavihaber.com.tr\/?p=21952"},"wordCount":524,"commentCount":0,"publisher":{"@id":"https:\/\/www.mavihaber.com.tr\/#organization"},"image":{"@id":"https:\/\/www.mavihaber.com.tr\/?p=21952#primaryimage"},"thumbnailUrl":"https:\/\/www.mavihaber.com.tr\/wp-content\/uploads\/2026\/07\/2CC245BE-345F-486C-B8E8-52700B2AFEA4.png","articleSection":["Belediyeler","Ceyhan","Sa\u011fl\u0131k","Ya\u015fam"],"inLanguage":"tr","potentialAction":[{"@type":"CommentAction","name":"Comment","target":["https:\/\/www.mavihaber.com.tr\/?p=21952#respond"]}]},{"@type":"WebPage","@id":"https:\/\/www.mavihaber.com.tr\/?p=21952","url":"https:\/\/www.mavihaber.com.tr\/?p=21952","name":"Yumurtal\u0131k Belediyesi yaza haz\u0131r - MAV\u0130 HABER","isPartOf":{"@id":"https:\/\/www.mavihaber.com.tr\/#website"},"primaryImageOfPage":{"@id":"https:\/\/www.mavihaber.com.tr\/?p=21952#primaryimage"},"image":{"@id":"https:\/\/www.mavihaber.com.tr\/?p=21952#primaryimage"},"thumbnailUrl":"https:\/\/www.mavihaber.com.tr\/wp-content\/uploads\/2026\/07\/2CC245BE-345F-486C-B8E8-52700B2AFEA4.png","datePublished":"2026-07-16T13:49:39+00:00","dateModified":"2026-07-16T14:09:32+00:00","breadcrumb":{"@id":"https:\/\/www.mavihaber.com.tr\/?p=21952#breadcrumb"},"inLanguage":"tr","potentialAction":[{"@type":"ReadAction","target":["https:\/\/www.mavihaber.com.tr\/?p=21952"]}]},{"@type":"ImageObject","inLanguage":"tr","@id":"https:\/\/www.mavihaber.com.tr\/?p=21952#primaryimage","url":"https:\/\/www.mavihaber.com.tr\/wp-content\/uploads\/2026\/07\/2CC245BE-345F-486C-B8E8-52700B2AFEA4.png","contentUrl":"https:\/\/www.mavihaber.com.tr\/wp-content\/uploads\/2026\/07\/2CC245BE-345F-486C-B8E8-52700B2AFEA4.png","width":1536,"height":1024},{"@type":"BreadcrumbList","@id":"https:\/\/www.mavihaber.com.tr\/?p=21952#breadcrumb","itemListElement":[{"@type":"ListItem","position":1,"name":"Anasayfa","item":"https:\/\/www.mavihaber.com.tr\/"},{"@type":"ListItem","position":2,"name":"Yumurtal\u0131k Belediyesi yaza haz\u0131r"}]},{"@type":"WebSite","@id":"https:\/\/www.mavihaber.com.tr\/#website","url":"https:\/\/www.mavihaber.com.tr\/","name":"MAV\u0130 HABER","description":"S&Ouml;Z U&Ccedil;AR YAZI KALIR","publisher":{"@id":"https:\/\/www.mavihaber.com.tr\/#organization"},"potentialAction":[{"@type":"SearchAction","target":{"@type":"EntryPoint","urlTemplate":"https:\/\/www.mavihaber.com.tr\/?s={search_term_string}"},"query-input":{"@type":"PropertyValueSpecification","valueRequired":true,"valueName":"search_term_string"}}],"inLanguage":"tr"},{"@type":"Organization","@id":"https:\/\/www.mavihaber.com.tr\/#organization","name":"MAV\u0130 HABER","url":"https:\/\/www.mavihaber.com.tr\/","logo":{"@type":"ImageObject","inLanguage":"tr","@id":"https:\/\/www.mavihaber.com.tr\/#\/schema\/logo\/image\/","url":"http:\/\/www.mavihaber.com.tr\/wp-content\/uploads\/2022\/02\/mavi-logo.png","contentUrl":"http:\/\/www.mavihaber.com.tr\/wp-content\/uploads\/2022\/02\/mavi-logo.png","width":301,"height":81,"caption":"MAV\u0130 HABER"},"image":{"@id":"https:\/\/www.mavihaber.com.tr\/#\/schema\/logo\/image\/"},"sameAs":["https:\/\/www.facebook.com\/ceyhan.mavi.142\/","https:\/\/x.com\/ceyhanmavihaber","https:\/\/www.instagram.com\/ceyhanmavihaber\/","https:\/\/www.youtube.com\/channel\/UCJQ-0-AFgj2GjI269QDUwNw"]},{"@type":"Person","@id":"https:\/\/www.mavihaber.com.tr\/#\/schema\/person\/dd7a0a39b6b2d5cc1609c32154b07a7d","name":"\u0130zzet AYDEM\u0130R","image":{"@type":"ImageObject","inLanguage":"tr","@id":"https:\/\/secure.gravatar.com\/avatar\/320a36bef556c371376115ba1e7491216472a73c7b42710d508168617c47b64f?s=96&d=mm&r=g","url":"https:\/\/secure.gravatar.com\/avatar\/320a36bef556c371376115ba1e7491216472a73c7b42710d508168617c47b64f?s=96&d=mm&r=g","contentUrl":"https:\/\/secure.gravatar.com\/avatar\/320a36bef556c371376115ba1e7491216472a73c7b42710d508168617c47b64f?s=96&d=mm&r=g","caption":"\u0130zzet AYDEM\u0130R"},"sameAs":["http:\/\/www.mavihaber.com.tr"],"url":"https:\/\/www.mavihaber.com.tr\/?author=5"}]}},"views":158,"_links":{"self":[{"href":"https:\/\/www.mavihaber.com.tr\/index.php?rest_route=\/wp\/v2\/posts\/21952","targetHints":{"allow":["GET"]}}],"collection":[{"href":"https:\/\/www.mavihaber.com.tr\/index.php?rest_route=\/wp\/v2\/posts"}],"about":[{"href":"https:\/\/www.mavihaber.com.tr\/index.php?rest_route=\/wp\/v2\/types\/post"}],"author":[{"embeddable":true,"href":"https:\/\/www.mavihaber.com.tr\/index.php?rest_route=\/wp\/v2\/users\/5"}],"replies":[{"embeddable":true,"href":"https:\/\/www.mavihaber.com.tr\/index.php?rest_route=%2Fwp%2Fv2%2Fcomments&post=21952"}],"version-history":[{"count":2,"href":"https:\/\/www.mavihaber.com.tr\/index.php?rest_route=\/wp\/v2\/posts\/21952\/revisions"}],"predecessor-version":[{"id":21955,"href":"https:\/\/www.mavihaber.com.tr\/index.php?rest_route=\/wp\/v2\/posts\/21952\/revisions\/21955"}],"wp:featuredmedia":[{"embeddable":true,"href":"https:\/\/www.mavihaber.com.tr\/index.php?rest_route=\/wp\/v2\/media\/21953"}],"wp:attachment":[{"href":"https:\/\/www.mavihaber.com.tr\/index.php?rest_route=%2Fwp%2Fv2%2Fmedia&parent=21952"}],"wp:term":[{"taxonomy":"category","embeddable":true,"href":"https:\/\/www.mavihaber.com.tr\/index.php?rest_route=%2Fwp%2Fv2%2Fcategories&post=21952"},{"taxonomy":"post_tag","embeddable":true,"href":"https:\/\/www.mavihaber.com.tr\/index.php?rest_route=%2Fwp%2Fv2%2Ftags&post=21952"}],"curies":[{"name":"wp","href":"https:\/\/api.w.org\/{rel}","templated":true}]}}