{"id":21956,"date":"2026-07-18T11:04:51","date_gmt":"2026-07-18T11:04:51","guid":{"rendered":"https:\/\/www.mavihaber.com.tr\/?p=21956"},"modified":"2026-07-18T11:04:51","modified_gmt":"2026-07-18T11:04:51","slug":"ctoda-baskanlik-yarisi-kizisti","status":"publish","type":"post","link":"https:\/\/www.mavihaber.com.tr\/?p=21956","title":{"rendered":"CTO\u2019da Ba\u015fkanl\u0131k Yar\u0131\u015f\u0131 K\u0131z\u0131\u015ft\u0131"},"content":{"rendered":"<p><img loading=\"lazy\" decoding=\"async\" class=\"alignnone wp-image-21957 size-large\" src=\"https:\/\/www.mavihaber.com.tr\/wp-content\/uploads\/2026\/07\/989E32D0-79B5-469A-9932-AF4E9A239969-1024x576.png\" alt=\"\" width=\"1024\" height=\"576\" srcset=\"https:\/\/www.mavihaber.com.tr\/wp-content\/uploads\/2026\/07\/989E32D0-79B5-469A-9932-AF4E9A239969-1024x576.png 1024w, https:\/\/www.mavihaber.com.tr\/wp-content\/uploads\/2026\/07\/989E32D0-79B5-469A-9932-AF4E9A239969-300x169.png 300w, https:\/\/www.mavihaber.com.tr\/wp-content\/uploads\/2026\/07\/989E32D0-79B5-469A-9932-AF4E9A239969-768x432.png 768w, https:\/\/www.mavihaber.com.tr\/wp-content\/uploads\/2026\/07\/989E32D0-79B5-469A-9932-AF4E9A239969-1536x864.png 1536w, https:\/\/www.mavihaber.com.tr\/wp-content\/uploads\/2026\/07\/989E32D0-79B5-469A-9932-AF4E9A239969.png 1672w\" sizes=\"auto, (max-width: 1024px) 100vw, 1024px\" \/><\/p>\n<p>Ceyhan Ticaret Odas\u0131\u2019nda (CTO) se\u00e7im heyecan\u0131 giderek artarken, ba\u015fkanl\u0131k yar\u0131\u015f\u0131nda \u00fc\u00e7 g\u00fc\u00e7l\u00fc ismin aday olmas\u0131 bekleniyor. Mevcut Ba\u015fkan \u015eeref Can, Ba\u015fkan Yard\u0131mc\u0131s\u0131 Cengiz \u00d6zal ve Y\u00f6netim Kurulu \u00dcyesi Ayhan Apak\u2019\u0131n, yap\u0131lacak se\u00e7imlerde ba\u015fkanl\u0131k koltu\u011fu i\u00e7in yar\u0131\u015faca\u011f\u0131 kulislerde konu\u015fuluyor.<\/p>\n<p>2013 y\u0131l\u0131ndan bu yana Ceyhan Ticaret Odas\u0131 Ba\u015fkanl\u0131\u011f\u0131 g\u00f6revini s\u00fcrd\u00fcren \u015eeref Can, g\u00f6rev s\u00fcresi boyunca ba\u015flat\u0131lan projelerin tamamlanmas\u0131 ve devam eden \u00e7al\u0131\u015fmalar\u0131n sonu\u00e7land\u0131r\u0131lmas\u0131 gerekti\u011fini belirterek yeniden aday olma karar\u0131 ald\u0131. Can\u2019\u0131n se\u00e7im s\u00fcrecinde \u201cistikrar ve devaml\u0131l\u0131k\u201d vurgusunu \u00f6n plana \u00e7\u0131karmas\u0131 bekleniyor.<\/p>\n<p>Ba\u015fkan adaylar\u0131ndan Cengiz \u00d6zal ile Ayhan Apak ise CTO\u2019da yeni bir d\u00f6nemin ba\u015flamas\u0131 gerekti\u011fini savunuyor. Her iki isim de se\u00e7im \u00e7al\u0131\u015fmalar\u0131nda de\u011fi\u015fim, yenilik ve daha aktif bir y\u00f6netim anlay\u0131\u015f\u0131n\u0131 \u00f6ne \u00e7\u0131kar\u0131rken, Ceyhan i\u015f d\u00fcnyas\u0131n\u0131n beklentilerine daha h\u0131zl\u0131 cevap verecek bir y\u00f6netim modeli vaat ediyor.<\/p>\n<p>Se\u00e7im s\u00fcrecinin \u00f6n\u00fcm\u00fczdeki g\u00fcnlerde daha da hareketlenmesi beklenirken, meclis \u00fcyeli\u011fi ve meslek komitesi se\u00e7imleriyle birlikte gruplarda da yo\u011fun bir \u00e7al\u0131\u015fma y\u00fcr\u00fct\u00fcl\u00fcyor. Ba\u015fkan adaylar\u0131n\u0131n ziyaretlerini art\u0131rmas\u0131 ve projelerini kamuoyuyla payla\u015fmas\u0131 bekleniyor.<\/p>\n<p>Ceyhan Ticaret Odas\u0131 se\u00e7imleri yaln\u0131zca oda y\u00f6netiminin belirlenmesi a\u00e7\u0131s\u0131ndan de\u011fil, il\u00e7enin ticari hayat\u0131, yat\u0131r\u0131m ortam\u0131 ve ekonomik gelece\u011fi a\u00e7\u0131s\u0131ndan da b\u00fcy\u00fck \u00f6nem ta\u015f\u0131yor. \u0130\u015f d\u00fcnyas\u0131, se\u00e7ilecek yeni y\u00f6netimin Ceyhan\u2019\u0131n ekonomik potansiyelini daha ileriye ta\u015f\u0131yacak projeler \u00fcretmesini ve \u00fcyelerin sorunlar\u0131na \u00e7\u00f6z\u00fcm odakl\u0131 yakla\u015fmas\u0131n\u0131 bekliyor.<\/p>\n<p>\u00d6n\u00fcm\u00fczdeki aylarda yap\u0131lacak se\u00e7imlerin, Ceyhan i\u015f d\u00fcnyas\u0131n\u0131n gelecek d\u00f6rt y\u0131l\u0131n\u0131 \u015fekillendirecek en \u00f6nemli s\u00fcre\u00e7lerden biri olmas\u0131 beklenirken, g\u00f6zler \u00fc\u00e7 ba\u015fkan aday\u0131n\u0131n ortaya koyaca\u011f\u0131 projelere ve se\u00e7im kampanyalar\u0131na \u00e7evrilmi\u015f durumda.<\/p>\n","protected":false},"excerpt":{"rendered":"<p>Ceyhan Ticaret Odas\u0131\u2019nda (CTO) se\u00e7im heyecan\u0131 giderek artarken, ba\u015fkanl\u0131k yar\u0131\u015f\u0131nda \u00fc\u00e7 g\u00fc\u00e7l\u00fc ismin aday olmas\u0131 bekleniyor. Mevcut Ba\u015fkan \u015eeref Can,<\/p>\n","protected":false},"author":5,"featured_media":21957,"comment_status":"open","ping_status":"open","sticky":false,"template":"","format":"standard","meta":{"footnotes":""},"categories":[26,8,10,14],"tags":[],"class_list":["post-21956","post","type-post","status-publish","format-standard","has-post-thumbnail","hentry","category-ceyhan","category-ekonomi","category-gundem","category-son-dakika"],"yoast_head":"<!-- This site is optimized with the Yoast SEO plugin v28.2 - https:\/\/yoast.com\/product\/yoast-seo-wordpress\/ -->\n<title>CTO\u2019da Ba\u015fkanl\u0131k Yar\u0131\u015f\u0131 K\u0131z\u0131\u015ft\u0131 - MAV\u0130 HABER<\/title>\n<meta name=\"robots\" content=\"index, follow, max-snippet:-1, max-image-preview:large, max-video-preview:-1\" \/>\n<link rel=\"canonical\" href=\"https:\/\/www.mavihaber.com.tr\/?p=21956\" \/>\n<meta property=\"og:locale\" content=\"tr_TR\" \/>\n<meta property=\"og:type\" content=\"article\" \/>\n<meta property=\"og:title\" content=\"CTO\u2019da Ba\u015fkanl\u0131k Yar\u0131\u015f\u0131 K\u0131z\u0131\u015ft\u0131 - MAV\u0130 HABER\" \/>\n<meta property=\"og:description\" content=\"Ceyhan Ticaret Odas\u0131\u2019nda (CTO) se\u00e7im heyecan\u0131 giderek artarken, ba\u015fkanl\u0131k yar\u0131\u015f\u0131nda \u00fc\u00e7 g\u00fc\u00e7l\u00fc ismin aday olmas\u0131 bekleniyor. Mevcut Ba\u015fkan \u015eeref Can,\" \/>\n<meta property=\"og:url\" content=\"https:\/\/www.mavihaber.com.tr\/?p=21956\" \/>\n<meta property=\"og:site_name\" content=\"MAV\u0130 HABER\" \/>\n<meta property=\"article:publisher\" content=\"https:\/\/www.facebook.com\/ceyhan.mavi.142\/\" \/>\n<meta property=\"article:published_time\" content=\"2026-07-18T11:04:51+00:00\" \/>\n<meta property=\"og:image\" content=\"https:\/\/www.mavihaber.com.tr\/wp-content\/uploads\/2026\/07\/989E32D0-79B5-469A-9932-AF4E9A239969-1024x576.png\" \/>\n\t<meta property=\"og:image:width\" content=\"1024\" \/>\n\t<meta property=\"og:image:height\" content=\"576\" \/>\n\t<meta property=\"og:image:type\" content=\"image\/png\" \/>\n<meta name=\"author\" content=\"\u0130zzet AYDEM\u0130R\" \/>\n<meta name=\"twitter:card\" content=\"summary_large_image\" \/>\n<meta name=\"twitter:creator\" content=\"@ceyhanmavihaber\" \/>\n<meta name=\"twitter:site\" content=\"@ceyhanmavihaber\" \/>\n<meta name=\"twitter:label1\" content=\"Yazan:\" \/>\n\t<meta name=\"twitter:data1\" content=\"\u0130zzet AYDEM\u0130R\" \/>\n\t<meta name=\"twitter:label2\" content=\"Tahmini okuma s\u00fcresi\" \/>\n\t<meta name=\"twitter:data2\" content=\"2 dakika\" \/>\n<script type=\"application\/ld+json\" class=\"yoast-schema-graph\">{\"@context\":\"https:\\\/\\\/schema.org\",\"@graph\":[{\"@type\":\"Article\",\"@id\":\"https:\\\/\\\/www.mavihaber.com.tr\\\/?p=21956#article\",\"isPartOf\":{\"@id\":\"https:\\\/\\\/www.mavihaber.com.tr\\\/?p=21956\"},\"author\":{\"name\":\"\u0130zzet AYDEM\u0130R\",\"@id\":\"https:\\\/\\\/www.mavihaber.com.tr\\\/#\\\/schema\\\/person\\\/dd7a0a39b6b2d5cc1609c32154b07a7d\"},\"headline\":\"CTO\u2019da Ba\u015fkanl\u0131k Yar\u0131\u015f\u0131 K\u0131z\u0131\u015ft\u0131\",\"datePublished\":\"2026-07-18T11:04:51+00:00\",\"mainEntityOfPage\":{\"@id\":\"https:\\\/\\\/www.mavihaber.com.tr\\\/?p=21956\"},\"wordCount\":350,\"commentCount\":0,\"publisher\":{\"@id\":\"https:\\\/\\\/www.mavihaber.com.tr\\\/#organization\"},\"image\":{\"@id\":\"https:\\\/\\\/www.mavihaber.com.tr\\\/?p=21956#primaryimage\"},\"thumbnailUrl\":\"https:\\\/\\\/www.mavihaber.com.tr\\\/wp-content\\\/uploads\\\/2026\\\/07\\\/989E32D0-79B5-469A-9932-AF4E9A239969.png\",\"articleSection\":[\"Ceyhan\",\"Ekonomi\",\"G\u00fcndem\",\"Son Dakika\"],\"inLanguage\":\"tr\",\"potentialAction\":[{\"@type\":\"CommentAction\",\"name\":\"Comment\",\"target\":[\"https:\\\/\\\/www.mavihaber.com.tr\\\/?p=21956#respond\"]}]},{\"@type\":\"WebPage\",\"@id\":\"https:\\\/\\\/www.mavihaber.com.tr\\\/?p=21956\",\"url\":\"https:\\\/\\\/www.mavihaber.com.tr\\\/?p=21956\",\"name\":\"CTO\u2019da Ba\u015fkanl\u0131k Yar\u0131\u015f\u0131 K\u0131z\u0131\u015ft\u0131 - MAV\u0130 HABER\",\"isPartOf\":{\"@id\":\"https:\\\/\\\/www.mavihaber.com.tr\\\/#website\"},\"primaryImageOfPage\":{\"@id\":\"https:\\\/\\\/www.mavihaber.com.tr\\\/?p=21956#primaryimage\"},\"image\":{\"@id\":\"https:\\\/\\\/www.mavihaber.com.tr\\\/?p=21956#primaryimage\"},\"thumbnailUrl\":\"https:\\\/\\\/www.mavihaber.com.tr\\\/wp-content\\\/uploads\\\/2026\\\/07\\\/989E32D0-79B5-469A-9932-AF4E9A239969.png\",\"datePublished\":\"2026-07-18T11:04:51+00:00\",\"breadcrumb\":{\"@id\":\"https:\\\/\\\/www.mavihaber.com.tr\\\/?p=21956#breadcrumb\"},\"inLanguage\":\"tr\",\"potentialAction\":[{\"@type\":\"ReadAction\",\"target\":[\"https:\\\/\\\/www.mavihaber.com.tr\\\/?p=21956\"]}]},{\"@type\":\"ImageObject\",\"inLanguage\":\"tr\",\"@id\":\"https:\\\/\\\/www.mavihaber.com.tr\\\/?p=21956#primaryimage\",\"url\":\"https:\\\/\\\/www.mavihaber.com.tr\\\/wp-content\\\/uploads\\\/2026\\\/07\\\/989E32D0-79B5-469A-9932-AF4E9A239969.png\",\"contentUrl\":\"https:\\\/\\\/www.mavihaber.com.tr\\\/wp-content\\\/uploads\\\/2026\\\/07\\\/989E32D0-79B5-469A-9932-AF4E9A239969.png\",\"width\":1672,\"height\":941},{\"@type\":\"BreadcrumbList\",\"@id\":\"https:\\\/\\\/www.mavihaber.com.tr\\\/?p=21956#breadcrumb\",\"itemListElement\":[{\"@type\":\"ListItem\",\"position\":1,\"name\":\"Anasayfa\",\"item\":\"https:\\\/\\\/www.mavihaber.com.tr\\\/\"},{\"@type\":\"ListItem\",\"position\":2,\"name\":\"CTO\u2019da Ba\u015fkanl\u0131k Yar\u0131\u015f\u0131 K\u0131z\u0131\u015ft\u0131\"}]},{\"@type\":\"WebSite\",\"@id\":\"https:\\\/\\\/www.mavihaber.com.tr\\\/#website\",\"url\":\"https:\\\/\\\/www.mavihaber.com.tr\\\/\",\"name\":\"MAV\u0130 HABER\",\"description\":\"S&Ouml;Z U&Ccedil;AR YAZI KALIR\",\"publisher\":{\"@id\":\"https:\\\/\\\/www.mavihaber.com.tr\\\/#organization\"},\"potentialAction\":[{\"@type\":\"SearchAction\",\"target\":{\"@type\":\"EntryPoint\",\"urlTemplate\":\"https:\\\/\\\/www.mavihaber.com.tr\\\/?s={search_term_string}\"},\"query-input\":{\"@type\":\"PropertyValueSpecification\",\"valueRequired\":true,\"valueName\":\"search_term_string\"}}],\"inLanguage\":\"tr\"},{\"@type\":\"Organization\",\"@id\":\"https:\\\/\\\/www.mavihaber.com.tr\\\/#organization\",\"name\":\"MAV\u0130 HABER\",\"url\":\"https:\\\/\\\/www.mavihaber.com.tr\\\/\",\"logo\":{\"@type\":\"ImageObject\",\"inLanguage\":\"tr\",\"@id\":\"https:\\\/\\\/www.mavihaber.com.tr\\\/#\\\/schema\\\/logo\\\/image\\\/\",\"url\":\"http:\\\/\\\/www.mavihaber.com.tr\\\/wp-content\\\/uploads\\\/2022\\\/02\\\/mavi-logo.png\",\"contentUrl\":\"http:\\\/\\\/www.mavihaber.com.tr\\\/wp-content\\\/uploads\\\/2022\\\/02\\\/mavi-logo.png\",\"width\":301,\"height\":81,\"caption\":\"MAV\u0130 HABER\"},\"image\":{\"@id\":\"https:\\\/\\\/www.mavihaber.com.tr\\\/#\\\/schema\\\/logo\\\/image\\\/\"},\"sameAs\":[\"https:\\\/\\\/www.facebook.com\\\/ceyhan.mavi.142\\\/\",\"https:\\\/\\\/x.com\\\/ceyhanmavihaber\",\"https:\\\/\\\/www.instagram.com\\\/ceyhanmavihaber\\\/\",\"https:\\\/\\\/www.youtube.com\\\/channel\\\/UCJQ-0-AFgj2GjI269QDUwNw\"]},{\"@type\":\"Person\",\"@id\":\"https:\\\/\\\/www.mavihaber.com.tr\\\/#\\\/schema\\\/person\\\/dd7a0a39b6b2d5cc1609c32154b07a7d\",\"name\":\"\u0130zzet AYDEM\u0130R\",\"image\":{\"@type\":\"ImageObject\",\"inLanguage\":\"tr\",\"@id\":\"https:\\\/\\\/secure.gravatar.com\\\/avatar\\\/320a36bef556c371376115ba1e7491216472a73c7b42710d508168617c47b64f?s=96&d=mm&r=g\",\"url\":\"https:\\\/\\\/secure.gravatar.com\\\/avatar\\\/320a36bef556c371376115ba1e7491216472a73c7b42710d508168617c47b64f?s=96&d=mm&r=g\",\"contentUrl\":\"https:\\\/\\\/secure.gravatar.com\\\/avatar\\\/320a36bef556c371376115ba1e7491216472a73c7b42710d508168617c47b64f?s=96&d=mm&r=g\",\"caption\":\"\u0130zzet AYDEM\u0130R\"},\"sameAs\":[\"http:\\\/\\\/www.mavihaber.com.tr\"],\"url\":\"https:\\\/\\\/www.mavihaber.com.tr\\\/?author=5\"}]}<\/script>\n<!-- \/ Yoast SEO plugin. -->","yoast_head_json":{"title":"CTO\u2019da Ba\u015fkanl\u0131k Yar\u0131\u015f\u0131 K\u0131z\u0131\u015ft\u0131 - MAV\u0130 HABER","robots":{"index":"index","follow":"follow","max-snippet":"max-snippet:-1","max-image-preview":"max-image-preview:large","max-video-preview":"max-video-preview:-1"},"canonical":"https:\/\/www.mavihaber.com.tr\/?p=21956","og_locale":"tr_TR","og_type":"article","og_title":"CTO\u2019da Ba\u015fkanl\u0131k Yar\u0131\u015f\u0131 K\u0131z\u0131\u015ft\u0131 - MAV\u0130 HABER","og_description":"Ceyhan Ticaret Odas\u0131\u2019nda (CTO) se\u00e7im heyecan\u0131 giderek artarken, ba\u015fkanl\u0131k yar\u0131\u015f\u0131nda \u00fc\u00e7 g\u00fc\u00e7l\u00fc ismin aday olmas\u0131 bekleniyor. Mevcut Ba\u015fkan \u015eeref Can,","og_url":"https:\/\/www.mavihaber.com.tr\/?p=21956","og_site_name":"MAV\u0130 HABER","article_publisher":"https:\/\/www.facebook.com\/ceyhan.mavi.142\/","article_published_time":"2026-07-18T11:04:51+00:00","og_image":[{"width":1024,"height":576,"url":"https:\/\/www.mavihaber.com.tr\/wp-content\/uploads\/2026\/07\/989E32D0-79B5-469A-9932-AF4E9A239969-1024x576.png","type":"image\/png"}],"author":"\u0130zzet AYDEM\u0130R","twitter_card":"summary_large_image","twitter_creator":"@ceyhanmavihaber","twitter_site":"@ceyhanmavihaber","twitter_misc":{"Yazan:":"\u0130zzet AYDEM\u0130R","Tahmini okuma s\u00fcresi":"2 dakika"},"schema":{"@context":"https:\/\/schema.org","@graph":[{"@type":"Article","@id":"https:\/\/www.mavihaber.com.tr\/?p=21956#article","isPartOf":{"@id":"https:\/\/www.mavihaber.com.tr\/?p=21956"},"author":{"name":"\u0130zzet AYDEM\u0130R","@id":"https:\/\/www.mavihaber.com.tr\/#\/schema\/person\/dd7a0a39b6b2d5cc1609c32154b07a7d"},"headline":"CTO\u2019da Ba\u015fkanl\u0131k Yar\u0131\u015f\u0131 K\u0131z\u0131\u015ft\u0131","datePublished":"2026-07-18T11:04:51+00:00","mainEntityOfPage":{"@id":"https:\/\/www.mavihaber.com.tr\/?p=21956"},"wordCount":350,"commentCount":0,"publisher":{"@id":"https:\/\/www.mavihaber.com.tr\/#organization"},"image":{"@id":"https:\/\/www.mavihaber.com.tr\/?p=21956#primaryimage"},"thumbnailUrl":"https:\/\/www.mavihaber.com.tr\/wp-content\/uploads\/2026\/07\/989E32D0-79B5-469A-9932-AF4E9A239969.png","articleSection":["Ceyhan","Ekonomi","G\u00fcndem","Son Dakika"],"inLanguage":"tr","potentialAction":[{"@type":"CommentAction","name":"Comment","target":["https:\/\/www.mavihaber.com.tr\/?p=21956#respond"]}]},{"@type":"WebPage","@id":"https:\/\/www.mavihaber.com.tr\/?p=21956","url":"https:\/\/www.mavihaber.com.tr\/?p=21956","name":"CTO\u2019da Ba\u015fkanl\u0131k Yar\u0131\u015f\u0131 K\u0131z\u0131\u015ft\u0131 - MAV\u0130 HABER","isPartOf":{"@id":"https:\/\/www.mavihaber.com.tr\/#website"},"primaryImageOfPage":{"@id":"https:\/\/www.mavihaber.com.tr\/?p=21956#primaryimage"},"image":{"@id":"https:\/\/www.mavihaber.com.tr\/?p=21956#primaryimage"},"thumbnailUrl":"https:\/\/www.mavihaber.com.tr\/wp-content\/uploads\/2026\/07\/989E32D0-79B5-469A-9932-AF4E9A239969.png","datePublished":"2026-07-18T11:04:51+00:00","breadcrumb":{"@id":"https:\/\/www.mavihaber.com.tr\/?p=21956#breadcrumb"},"inLanguage":"tr","potentialAction":[{"@type":"ReadAction","target":["https:\/\/www.mavihaber.com.tr\/?p=21956"]}]},{"@type":"ImageObject","inLanguage":"tr","@id":"https:\/\/www.mavihaber.com.tr\/?p=21956#primaryimage","url":"https:\/\/www.mavihaber.com.tr\/wp-content\/uploads\/2026\/07\/989E32D0-79B5-469A-9932-AF4E9A239969.png","contentUrl":"https:\/\/www.mavihaber.com.tr\/wp-content\/uploads\/2026\/07\/989E32D0-79B5-469A-9932-AF4E9A239969.png","width":1672,"height":941},{"@type":"BreadcrumbList","@id":"https:\/\/www.mavihaber.com.tr\/?p=21956#breadcrumb","itemListElement":[{"@type":"ListItem","position":1,"name":"Anasayfa","item":"https:\/\/www.mavihaber.com.tr\/"},{"@type":"ListItem","position":2,"name":"CTO\u2019da Ba\u015fkanl\u0131k Yar\u0131\u015f\u0131 K\u0131z\u0131\u015ft\u0131"}]},{"@type":"WebSite","@id":"https:\/\/www.mavihaber.com.tr\/#website","url":"https:\/\/www.mavihaber.com.tr\/","name":"MAV\u0130 HABER","description":"S&Ouml;Z U&Ccedil;AR YAZI KALIR","publisher":{"@id":"https:\/\/www.mavihaber.com.tr\/#organization"},"potentialAction":[{"@type":"SearchAction","target":{"@type":"EntryPoint","urlTemplate":"https:\/\/www.mavihaber.com.tr\/?s={search_term_string}"},"query-input":{"@type":"PropertyValueSpecification","valueRequired":true,"valueName":"search_term_string"}}],"inLanguage":"tr"},{"@type":"Organization","@id":"https:\/\/www.mavihaber.com.tr\/#organization","name":"MAV\u0130 HABER","url":"https:\/\/www.mavihaber.com.tr\/","logo":{"@type":"ImageObject","inLanguage":"tr","@id":"https:\/\/www.mavihaber.com.tr\/#\/schema\/logo\/image\/","url":"http:\/\/www.mavihaber.com.tr\/wp-content\/uploads\/2022\/02\/mavi-logo.png","contentUrl":"http:\/\/www.mavihaber.com.tr\/wp-content\/uploads\/2022\/02\/mavi-logo.png","width":301,"height":81,"caption":"MAV\u0130 HABER"},"image":{"@id":"https:\/\/www.mavihaber.com.tr\/#\/schema\/logo\/image\/"},"sameAs":["https:\/\/www.facebook.com\/ceyhan.mavi.142\/","https:\/\/x.com\/ceyhanmavihaber","https:\/\/www.instagram.com\/ceyhanmavihaber\/","https:\/\/www.youtube.com\/channel\/UCJQ-0-AFgj2GjI269QDUwNw"]},{"@type":"Person","@id":"https:\/\/www.mavihaber.com.tr\/#\/schema\/person\/dd7a0a39b6b2d5cc1609c32154b07a7d","name":"\u0130zzet AYDEM\u0130R","image":{"@type":"ImageObject","inLanguage":"tr","@id":"https:\/\/secure.gravatar.com\/avatar\/320a36bef556c371376115ba1e7491216472a73c7b42710d508168617c47b64f?s=96&d=mm&r=g","url":"https:\/\/secure.gravatar.com\/avatar\/320a36bef556c371376115ba1e7491216472a73c7b42710d508168617c47b64f?s=96&d=mm&r=g","contentUrl":"https:\/\/secure.gravatar.com\/avatar\/320a36bef556c371376115ba1e7491216472a73c7b42710d508168617c47b64f?s=96&d=mm&r=g","caption":"\u0130zzet AYDEM\u0130R"},"sameAs":["http:\/\/www.mavihaber.com.tr"],"url":"https:\/\/www.mavihaber.com.tr\/?author=5"}]}},"views":144,"_links":{"self":[{"href":"https:\/\/www.mavihaber.com.tr\/index.php?rest_route=\/wp\/v2\/posts\/21956","targetHints":{"allow":["GET"]}}],"collection":[{"href":"https:\/\/www.mavihaber.com.tr\/index.php?rest_route=\/wp\/v2\/posts"}],"about":[{"href":"https:\/\/www.mavihaber.com.tr\/index.php?rest_route=\/wp\/v2\/types\/post"}],"author":[{"embeddable":true,"href":"https:\/\/www.mavihaber.com.tr\/index.php?rest_route=\/wp\/v2\/users\/5"}],"replies":[{"embeddable":true,"href":"https:\/\/www.mavihaber.com.tr\/index.php?rest_route=%2Fwp%2Fv2%2Fcomments&post=21956"}],"version-history":[{"count":1,"href":"https:\/\/www.mavihaber.com.tr\/index.php?rest_route=\/wp\/v2\/posts\/21956\/revisions"}],"predecessor-version":[{"id":21958,"href":"https:\/\/www.mavihaber.com.tr\/index.php?rest_route=\/wp\/v2\/posts\/21956\/revisions\/21958"}],"wp:featuredmedia":[{"embeddable":true,"href":"https:\/\/www.mavihaber.com.tr\/index.php?rest_route=\/wp\/v2\/media\/21957"}],"wp:attachment":[{"href":"https:\/\/www.mavihaber.com.tr\/index.php?rest_route=%2Fwp%2Fv2%2Fmedia&parent=21956"}],"wp:term":[{"taxonomy":"category","embeddable":true,"href":"https:\/\/www.mavihaber.com.tr\/index.php?rest_route=%2Fwp%2Fv2%2Fcategories&post=21956"},{"taxonomy":"post_tag","embeddable":true,"href":"https:\/\/www.mavihaber.com.tr\/index.php?rest_route=%2Fwp%2Fv2%2Ftags&post=21956"}],"curies":[{"name":"wp","href":"https:\/\/api.w.org\/{rel}","templated":true}]}}