{"id":21971,"date":"2026-07-20T12:17:19","date_gmt":"2026-07-20T12:17:19","guid":{"rendered":"https:\/\/www.mavihaber.com.tr\/?p=21971"},"modified":"2026-07-20T13:20:42","modified_gmt":"2026-07-20T13:20:42","slug":"aydin-ceyhana-sahip-cikacagiz","status":"publish","type":"post","link":"https:\/\/www.mavihaber.com.tr\/?p=21971","title":{"rendered":"Ayd\u0131n: Ceyhan\u2019a sahip \u00e7\u0131kaca\u011f\u0131z"},"content":{"rendered":"<p><img loading=\"lazy\" decoding=\"async\" class=\"alignnone wp-image-21976 size-large\" src=\"https:\/\/www.mavihaber.com.tr\/wp-content\/uploads\/2026\/07\/F6E41BD7-4E64-4F8F-A308-35FD54D3D68E-1024x683.png\" alt=\"\" width=\"1024\" height=\"683\" srcset=\"https:\/\/www.mavihaber.com.tr\/wp-content\/uploads\/2026\/07\/F6E41BD7-4E64-4F8F-A308-35FD54D3D68E-1024x683.png 1024w, https:\/\/www.mavihaber.com.tr\/wp-content\/uploads\/2026\/07\/F6E41BD7-4E64-4F8F-A308-35FD54D3D68E-300x200.png 300w, https:\/\/www.mavihaber.com.tr\/wp-content\/uploads\/2026\/07\/F6E41BD7-4E64-4F8F-A308-35FD54D3D68E-768x512.png 768w, https:\/\/www.mavihaber.com.tr\/wp-content\/uploads\/2026\/07\/F6E41BD7-4E64-4F8F-A308-35FD54D3D68E.png 1535w\" sizes=\"auto, (max-width: 1024px) 100vw, 1024px\" \/>Mehmet Can Ayd\u0131n: \u201cGen\u00e7lere de Sporda da Ticarete de Sahip \u00c7\u0131kaca\u011f\u0131z\u201d<\/p>\n<p>Ceyhan Ticaret Odas\u0131 Ba\u015fkan Aday\u0131 Mehmet Can Ayd\u0131n, yakla\u015fan Ceyhan Ticaret Odas\u0131 se\u00e7imleri \u00f6ncesinde yapt\u0131\u011f\u0131 a\u00e7\u0131klamada, sadece ticaretin de\u011fil, \u015fehrin sosyal ve sportif gelece\u011finin de \u00f6nem ta\u015f\u0131d\u0131\u011f\u0131na dikkat \u00e7ekti.<\/p>\n<p>Ayd\u0131n, se\u00e7imleri kazanmalar\u0131 halinde yaln\u0131zca bir makam\u0131 de\u011fil, Ceyhan\u2019\u0131n gelece\u011fine y\u00f6nelik b\u00fcy\u00fck bir sorumlulu\u011fu \u00fcstleneceklerini belirterek, gen\u00e7lere daha fazla f\u0131rsat sunacak projeler \u00fczerinde \u00e7al\u0131\u015facaklar\u0131n\u0131 ifade etti.<\/p>\n<p>\u00d6zellikle Ceyhanspor ve il\u00e7edeki amat\u00f6r spor kul\u00fcplerine destek vereceklerini vurgulayan Ayd\u0131n, \u201cGen\u00e7lere de sporda da ticarette de sahip \u00e7\u0131kaca\u011f\u0131z. Spor, gen\u00e7lerimizin gelece\u011fi, \u015fehrimizin birlik ve beraberli\u011finin en \u00f6nemli unsurlar\u0131ndan biridir.\u201d dedi.<\/p>\n<p>G\u00f6revden hi\u00e7bir zaman ka\u00e7mad\u0131klar\u0131n\u0131 belirten Mehmet Can Ayd\u0131n, bundan sonraki s\u00fcre\u00e7te de sorunlar kar\u015f\u0131s\u0131nda susmayacaklar\u0131n\u0131 ve sorumluluk almaktan geri durmayacaklar\u0131n\u0131 s\u00f6yledi.<\/p>\n<p>Ayd\u0131n, a\u00e7\u0131klamas\u0131n\u0131 \u015fu s\u00f6zlerle tamamlad\u0131:<\/p>\n<p>\u201cCeyhan i\u00e7in, Ceyhanl\u0131lar i\u00e7in, \u015fehrimizin gelece\u011fi i\u00e7in hep birlikte \u00e7al\u0131\u015faca\u011f\u0131z. Ceyhan\u2019\u0131n yan\u0131nda, Ceyhan\u2019\u0131n hizmetinde olmaya devam edece\u011fiz.\u201d<\/p>\n","protected":false},"excerpt":{"rendered":"<p>Mehmet Can Ayd\u0131n: \u201cGen\u00e7lere de Sporda da Ticarete de Sahip \u00c7\u0131kaca\u011f\u0131z\u201d Ceyhan Ticaret Odas\u0131 Ba\u015fkan Aday\u0131 Mehmet Can Ayd\u0131n, yakla\u015fan<\/p>\n","protected":false},"author":5,"featured_media":21976,"comment_status":"open","ping_status":"open","sticky":false,"template":"","format":"standard","meta":{"footnotes":""},"categories":[26,8,10,14],"tags":[],"class_list":["post-21971","post","type-post","status-publish","format-standard","has-post-thumbnail","hentry","category-ceyhan","category-ekonomi","category-gundem","category-son-dakika"],"yoast_head":"<!-- This site is optimized with the Yoast SEO plugin v28.2 - https:\/\/yoast.com\/product\/yoast-seo-wordpress\/ -->\n<title>Ayd\u0131n: Ceyhan\u2019a sahip \u00e7\u0131kaca\u011f\u0131z - MAV\u0130 HABER<\/title>\n<meta name=\"robots\" content=\"index, follow, max-snippet:-1, max-image-preview:large, max-video-preview:-1\" \/>\n<link rel=\"canonical\" href=\"https:\/\/www.mavihaber.com.tr\/?p=21971\" \/>\n<meta property=\"og:locale\" content=\"tr_TR\" \/>\n<meta property=\"og:type\" content=\"article\" \/>\n<meta property=\"og:title\" content=\"Ayd\u0131n: Ceyhan\u2019a sahip \u00e7\u0131kaca\u011f\u0131z - MAV\u0130 HABER\" \/>\n<meta property=\"og:description\" content=\"Mehmet Can Ayd\u0131n: \u201cGen\u00e7lere de Sporda da Ticarete de Sahip \u00c7\u0131kaca\u011f\u0131z\u201d Ceyhan Ticaret Odas\u0131 Ba\u015fkan Aday\u0131 Mehmet Can Ayd\u0131n, yakla\u015fan\" \/>\n<meta property=\"og:url\" content=\"https:\/\/www.mavihaber.com.tr\/?p=21971\" \/>\n<meta property=\"og:site_name\" content=\"MAV\u0130 HABER\" \/>\n<meta property=\"article:publisher\" content=\"https:\/\/www.facebook.com\/ceyhan.mavi.142\/\" \/>\n<meta property=\"article:published_time\" content=\"2026-07-20T12:17:19+00:00\" \/>\n<meta property=\"article:modified_time\" content=\"2026-07-20T13:20:42+00:00\" \/>\n<meta property=\"og:image\" content=\"https:\/\/www.mavihaber.com.tr\/wp-content\/uploads\/2026\/07\/F6E41BD7-4E64-4F8F-A308-35FD54D3D68E-1024x683.png\" \/>\n\t<meta property=\"og:image:width\" content=\"1024\" \/>\n\t<meta property=\"og:image:height\" content=\"683\" \/>\n\t<meta property=\"og:image:type\" content=\"image\/png\" \/>\n<meta name=\"author\" content=\"\u0130zzet AYDEM\u0130R\" \/>\n<meta name=\"twitter:card\" content=\"summary_large_image\" \/>\n<meta name=\"twitter:creator\" content=\"@ceyhanmavihaber\" \/>\n<meta name=\"twitter:site\" content=\"@ceyhanmavihaber\" \/>\n<meta name=\"twitter:label1\" content=\"Yazan:\" \/>\n\t<meta name=\"twitter:data1\" content=\"\u0130zzet AYDEM\u0130R\" \/>\n\t<meta name=\"twitter:label2\" content=\"Tahmini okuma s\u00fcresi\" \/>\n\t<meta name=\"twitter:data2\" content=\"1 dakika\" \/>\n<script type=\"application\/ld+json\" class=\"yoast-schema-graph\">{\"@context\":\"https:\\\/\\\/schema.org\",\"@graph\":[{\"@type\":\"Article\",\"@id\":\"https:\\\/\\\/www.mavihaber.com.tr\\\/?p=21971#article\",\"isPartOf\":{\"@id\":\"https:\\\/\\\/www.mavihaber.com.tr\\\/?p=21971\"},\"author\":{\"name\":\"\u0130zzet AYDEM\u0130R\",\"@id\":\"https:\\\/\\\/www.mavihaber.com.tr\\\/#\\\/schema\\\/person\\\/dd7a0a39b6b2d5cc1609c32154b07a7d\"},\"headline\":\"Ayd\u0131n: Ceyhan\u2019a sahip \u00e7\u0131kaca\u011f\u0131z\",\"datePublished\":\"2026-07-20T12:17:19+00:00\",\"dateModified\":\"2026-07-20T13:20:42+00:00\",\"mainEntityOfPage\":{\"@id\":\"https:\\\/\\\/www.mavihaber.com.tr\\\/?p=21971\"},\"wordCount\":211,\"commentCount\":0,\"publisher\":{\"@id\":\"https:\\\/\\\/www.mavihaber.com.tr\\\/#organization\"},\"image\":{\"@id\":\"https:\\\/\\\/www.mavihaber.com.tr\\\/?p=21971#primaryimage\"},\"thumbnailUrl\":\"https:\\\/\\\/www.mavihaber.com.tr\\\/wp-content\\\/uploads\\\/2026\\\/07\\\/F6E41BD7-4E64-4F8F-A308-35FD54D3D68E.png\",\"articleSection\":[\"Ceyhan\",\"Ekonomi\",\"G\u00fcndem\",\"Son Dakika\"],\"inLanguage\":\"tr\",\"potentialAction\":[{\"@type\":\"CommentAction\",\"name\":\"Comment\",\"target\":[\"https:\\\/\\\/www.mavihaber.com.tr\\\/?p=21971#respond\"]}]},{\"@type\":\"WebPage\",\"@id\":\"https:\\\/\\\/www.mavihaber.com.tr\\\/?p=21971\",\"url\":\"https:\\\/\\\/www.mavihaber.com.tr\\\/?p=21971\",\"name\":\"Ayd\u0131n: Ceyhan\u2019a sahip \u00e7\u0131kaca\u011f\u0131z - MAV\u0130 HABER\",\"isPartOf\":{\"@id\":\"https:\\\/\\\/www.mavihaber.com.tr\\\/#website\"},\"primaryImageOfPage\":{\"@id\":\"https:\\\/\\\/www.mavihaber.com.tr\\\/?p=21971#primaryimage\"},\"image\":{\"@id\":\"https:\\\/\\\/www.mavihaber.com.tr\\\/?p=21971#primaryimage\"},\"thumbnailUrl\":\"https:\\\/\\\/www.mavihaber.com.tr\\\/wp-content\\\/uploads\\\/2026\\\/07\\\/F6E41BD7-4E64-4F8F-A308-35FD54D3D68E.png\",\"datePublished\":\"2026-07-20T12:17:19+00:00\",\"dateModified\":\"2026-07-20T13:20:42+00:00\",\"breadcrumb\":{\"@id\":\"https:\\\/\\\/www.mavihaber.com.tr\\\/?p=21971#breadcrumb\"},\"inLanguage\":\"tr\",\"potentialAction\":[{\"@type\":\"ReadAction\",\"target\":[\"https:\\\/\\\/www.mavihaber.com.tr\\\/?p=21971\"]}]},{\"@type\":\"ImageObject\",\"inLanguage\":\"tr\",\"@id\":\"https:\\\/\\\/www.mavihaber.com.tr\\\/?p=21971#primaryimage\",\"url\":\"https:\\\/\\\/www.mavihaber.com.tr\\\/wp-content\\\/uploads\\\/2026\\\/07\\\/F6E41BD7-4E64-4F8F-A308-35FD54D3D68E.png\",\"contentUrl\":\"https:\\\/\\\/www.mavihaber.com.tr\\\/wp-content\\\/uploads\\\/2026\\\/07\\\/F6E41BD7-4E64-4F8F-A308-35FD54D3D68E.png\",\"width\":1535,\"height\":1024},{\"@type\":\"BreadcrumbList\",\"@id\":\"https:\\\/\\\/www.mavihaber.com.tr\\\/?p=21971#breadcrumb\",\"itemListElement\":[{\"@type\":\"ListItem\",\"position\":1,\"name\":\"Anasayfa\",\"item\":\"https:\\\/\\\/www.mavihaber.com.tr\\\/\"},{\"@type\":\"ListItem\",\"position\":2,\"name\":\"Ayd\u0131n: Ceyhan\u2019a sahip \u00e7\u0131kaca\u011f\u0131z\"}]},{\"@type\":\"WebSite\",\"@id\":\"https:\\\/\\\/www.mavihaber.com.tr\\\/#website\",\"url\":\"https:\\\/\\\/www.mavihaber.com.tr\\\/\",\"name\":\"MAV\u0130 HABER\",\"description\":\"S&Ouml;Z U&Ccedil;AR YAZI KALIR\",\"publisher\":{\"@id\":\"https:\\\/\\\/www.mavihaber.com.tr\\\/#organization\"},\"potentialAction\":[{\"@type\":\"SearchAction\",\"target\":{\"@type\":\"EntryPoint\",\"urlTemplate\":\"https:\\\/\\\/www.mavihaber.com.tr\\\/?s={search_term_string}\"},\"query-input\":{\"@type\":\"PropertyValueSpecification\",\"valueRequired\":true,\"valueName\":\"search_term_string\"}}],\"inLanguage\":\"tr\"},{\"@type\":\"Organization\",\"@id\":\"https:\\\/\\\/www.mavihaber.com.tr\\\/#organization\",\"name\":\"MAV\u0130 HABER\",\"url\":\"https:\\\/\\\/www.mavihaber.com.tr\\\/\",\"logo\":{\"@type\":\"ImageObject\",\"inLanguage\":\"tr\",\"@id\":\"https:\\\/\\\/www.mavihaber.com.tr\\\/#\\\/schema\\\/logo\\\/image\\\/\",\"url\":\"http:\\\/\\\/www.mavihaber.com.tr\\\/wp-content\\\/uploads\\\/2022\\\/02\\\/mavi-logo.png\",\"contentUrl\":\"http:\\\/\\\/www.mavihaber.com.tr\\\/wp-content\\\/uploads\\\/2022\\\/02\\\/mavi-logo.png\",\"width\":301,\"height\":81,\"caption\":\"MAV\u0130 HABER\"},\"image\":{\"@id\":\"https:\\\/\\\/www.mavihaber.com.tr\\\/#\\\/schema\\\/logo\\\/image\\\/\"},\"sameAs\":[\"https:\\\/\\\/www.facebook.com\\\/ceyhan.mavi.142\\\/\",\"https:\\\/\\\/x.com\\\/ceyhanmavihaber\",\"https:\\\/\\\/www.instagram.com\\\/ceyhanmavihaber\\\/\",\"https:\\\/\\\/www.youtube.com\\\/channel\\\/UCJQ-0-AFgj2GjI269QDUwNw\"]},{\"@type\":\"Person\",\"@id\":\"https:\\\/\\\/www.mavihaber.com.tr\\\/#\\\/schema\\\/person\\\/dd7a0a39b6b2d5cc1609c32154b07a7d\",\"name\":\"\u0130zzet AYDEM\u0130R\",\"image\":{\"@type\":\"ImageObject\",\"inLanguage\":\"tr\",\"@id\":\"https:\\\/\\\/secure.gravatar.com\\\/avatar\\\/320a36bef556c371376115ba1e7491216472a73c7b42710d508168617c47b64f?s=96&d=mm&r=g\",\"url\":\"https:\\\/\\\/secure.gravatar.com\\\/avatar\\\/320a36bef556c371376115ba1e7491216472a73c7b42710d508168617c47b64f?s=96&d=mm&r=g\",\"contentUrl\":\"https:\\\/\\\/secure.gravatar.com\\\/avatar\\\/320a36bef556c371376115ba1e7491216472a73c7b42710d508168617c47b64f?s=96&d=mm&r=g\",\"caption\":\"\u0130zzet AYDEM\u0130R\"},\"sameAs\":[\"http:\\\/\\\/www.mavihaber.com.tr\"],\"url\":\"https:\\\/\\\/www.mavihaber.com.tr\\\/?author=5\"}]}<\/script>\n<!-- \/ Yoast SEO plugin. -->","yoast_head_json":{"title":"Ayd\u0131n: Ceyhan\u2019a sahip \u00e7\u0131kaca\u011f\u0131z - MAV\u0130 HABER","robots":{"index":"index","follow":"follow","max-snippet":"max-snippet:-1","max-image-preview":"max-image-preview:large","max-video-preview":"max-video-preview:-1"},"canonical":"https:\/\/www.mavihaber.com.tr\/?p=21971","og_locale":"tr_TR","og_type":"article","og_title":"Ayd\u0131n: Ceyhan\u2019a sahip \u00e7\u0131kaca\u011f\u0131z - MAV\u0130 HABER","og_description":"Mehmet Can Ayd\u0131n: \u201cGen\u00e7lere de Sporda da Ticarete de Sahip \u00c7\u0131kaca\u011f\u0131z\u201d Ceyhan Ticaret Odas\u0131 Ba\u015fkan Aday\u0131 Mehmet Can Ayd\u0131n, yakla\u015fan","og_url":"https:\/\/www.mavihaber.com.tr\/?p=21971","og_site_name":"MAV\u0130 HABER","article_publisher":"https:\/\/www.facebook.com\/ceyhan.mavi.142\/","article_published_time":"2026-07-20T12:17:19+00:00","article_modified_time":"2026-07-20T13:20:42+00:00","og_image":[{"width":1024,"height":683,"url":"https:\/\/www.mavihaber.com.tr\/wp-content\/uploads\/2026\/07\/F6E41BD7-4E64-4F8F-A308-35FD54D3D68E-1024x683.png","type":"image\/png"}],"author":"\u0130zzet AYDEM\u0130R","twitter_card":"summary_large_image","twitter_creator":"@ceyhanmavihaber","twitter_site":"@ceyhanmavihaber","twitter_misc":{"Yazan:":"\u0130zzet AYDEM\u0130R","Tahmini okuma s\u00fcresi":"1 dakika"},"schema":{"@context":"https:\/\/schema.org","@graph":[{"@type":"Article","@id":"https:\/\/www.mavihaber.com.tr\/?p=21971#article","isPartOf":{"@id":"https:\/\/www.mavihaber.com.tr\/?p=21971"},"author":{"name":"\u0130zzet AYDEM\u0130R","@id":"https:\/\/www.mavihaber.com.tr\/#\/schema\/person\/dd7a0a39b6b2d5cc1609c32154b07a7d"},"headline":"Ayd\u0131n: Ceyhan\u2019a sahip \u00e7\u0131kaca\u011f\u0131z","datePublished":"2026-07-20T12:17:19+00:00","dateModified":"2026-07-20T13:20:42+00:00","mainEntityOfPage":{"@id":"https:\/\/www.mavihaber.com.tr\/?p=21971"},"wordCount":211,"commentCount":0,"publisher":{"@id":"https:\/\/www.mavihaber.com.tr\/#organization"},"image":{"@id":"https:\/\/www.mavihaber.com.tr\/?p=21971#primaryimage"},"thumbnailUrl":"https:\/\/www.mavihaber.com.tr\/wp-content\/uploads\/2026\/07\/F6E41BD7-4E64-4F8F-A308-35FD54D3D68E.png","articleSection":["Ceyhan","Ekonomi","G\u00fcndem","Son Dakika"],"inLanguage":"tr","potentialAction":[{"@type":"CommentAction","name":"Comment","target":["https:\/\/www.mavihaber.com.tr\/?p=21971#respond"]}]},{"@type":"WebPage","@id":"https:\/\/www.mavihaber.com.tr\/?p=21971","url":"https:\/\/www.mavihaber.com.tr\/?p=21971","name":"Ayd\u0131n: Ceyhan\u2019a sahip \u00e7\u0131kaca\u011f\u0131z - MAV\u0130 HABER","isPartOf":{"@id":"https:\/\/www.mavihaber.com.tr\/#website"},"primaryImageOfPage":{"@id":"https:\/\/www.mavihaber.com.tr\/?p=21971#primaryimage"},"image":{"@id":"https:\/\/www.mavihaber.com.tr\/?p=21971#primaryimage"},"thumbnailUrl":"https:\/\/www.mavihaber.com.tr\/wp-content\/uploads\/2026\/07\/F6E41BD7-4E64-4F8F-A308-35FD54D3D68E.png","datePublished":"2026-07-20T12:17:19+00:00","dateModified":"2026-07-20T13:20:42+00:00","breadcrumb":{"@id":"https:\/\/www.mavihaber.com.tr\/?p=21971#breadcrumb"},"inLanguage":"tr","potentialAction":[{"@type":"ReadAction","target":["https:\/\/www.mavihaber.com.tr\/?p=21971"]}]},{"@type":"ImageObject","inLanguage":"tr","@id":"https:\/\/www.mavihaber.com.tr\/?p=21971#primaryimage","url":"https:\/\/www.mavihaber.com.tr\/wp-content\/uploads\/2026\/07\/F6E41BD7-4E64-4F8F-A308-35FD54D3D68E.png","contentUrl":"https:\/\/www.mavihaber.com.tr\/wp-content\/uploads\/2026\/07\/F6E41BD7-4E64-4F8F-A308-35FD54D3D68E.png","width":1535,"height":1024},{"@type":"BreadcrumbList","@id":"https:\/\/www.mavihaber.com.tr\/?p=21971#breadcrumb","itemListElement":[{"@type":"ListItem","position":1,"name":"Anasayfa","item":"https:\/\/www.mavihaber.com.tr\/"},{"@type":"ListItem","position":2,"name":"Ayd\u0131n: Ceyhan\u2019a sahip \u00e7\u0131kaca\u011f\u0131z"}]},{"@type":"WebSite","@id":"https:\/\/www.mavihaber.com.tr\/#website","url":"https:\/\/www.mavihaber.com.tr\/","name":"MAV\u0130 HABER","description":"S&Ouml;Z U&Ccedil;AR YAZI KALIR","publisher":{"@id":"https:\/\/www.mavihaber.com.tr\/#organization"},"potentialAction":[{"@type":"SearchAction","target":{"@type":"EntryPoint","urlTemplate":"https:\/\/www.mavihaber.com.tr\/?s={search_term_string}"},"query-input":{"@type":"PropertyValueSpecification","valueRequired":true,"valueName":"search_term_string"}}],"inLanguage":"tr"},{"@type":"Organization","@id":"https:\/\/www.mavihaber.com.tr\/#organization","name":"MAV\u0130 HABER","url":"https:\/\/www.mavihaber.com.tr\/","logo":{"@type":"ImageObject","inLanguage":"tr","@id":"https:\/\/www.mavihaber.com.tr\/#\/schema\/logo\/image\/","url":"http:\/\/www.mavihaber.com.tr\/wp-content\/uploads\/2022\/02\/mavi-logo.png","contentUrl":"http:\/\/www.mavihaber.com.tr\/wp-content\/uploads\/2022\/02\/mavi-logo.png","width":301,"height":81,"caption":"MAV\u0130 HABER"},"image":{"@id":"https:\/\/www.mavihaber.com.tr\/#\/schema\/logo\/image\/"},"sameAs":["https:\/\/www.facebook.com\/ceyhan.mavi.142\/","https:\/\/x.com\/ceyhanmavihaber","https:\/\/www.instagram.com\/ceyhanmavihaber\/","https:\/\/www.youtube.com\/channel\/UCJQ-0-AFgj2GjI269QDUwNw"]},{"@type":"Person","@id":"https:\/\/www.mavihaber.com.tr\/#\/schema\/person\/dd7a0a39b6b2d5cc1609c32154b07a7d","name":"\u0130zzet AYDEM\u0130R","image":{"@type":"ImageObject","inLanguage":"tr","@id":"https:\/\/secure.gravatar.com\/avatar\/320a36bef556c371376115ba1e7491216472a73c7b42710d508168617c47b64f?s=96&d=mm&r=g","url":"https:\/\/secure.gravatar.com\/avatar\/320a36bef556c371376115ba1e7491216472a73c7b42710d508168617c47b64f?s=96&d=mm&r=g","contentUrl":"https:\/\/secure.gravatar.com\/avatar\/320a36bef556c371376115ba1e7491216472a73c7b42710d508168617c47b64f?s=96&d=mm&r=g","caption":"\u0130zzet AYDEM\u0130R"},"sameAs":["http:\/\/www.mavihaber.com.tr"],"url":"https:\/\/www.mavihaber.com.tr\/?author=5"}]}},"views":149,"_links":{"self":[{"href":"https:\/\/www.mavihaber.com.tr\/index.php?rest_route=\/wp\/v2\/posts\/21971","targetHints":{"allow":["GET"]}}],"collection":[{"href":"https:\/\/www.mavihaber.com.tr\/index.php?rest_route=\/wp\/v2\/posts"}],"about":[{"href":"https:\/\/www.mavihaber.com.tr\/index.php?rest_route=\/wp\/v2\/types\/post"}],"author":[{"embeddable":true,"href":"https:\/\/www.mavihaber.com.tr\/index.php?rest_route=\/wp\/v2\/users\/5"}],"replies":[{"embeddable":true,"href":"https:\/\/www.mavihaber.com.tr\/index.php?rest_route=%2Fwp%2Fv2%2Fcomments&post=21971"}],"version-history":[{"count":4,"href":"https:\/\/www.mavihaber.com.tr\/index.php?rest_route=\/wp\/v2\/posts\/21971\/revisions"}],"predecessor-version":[{"id":21978,"href":"https:\/\/www.mavihaber.com.tr\/index.php?rest_route=\/wp\/v2\/posts\/21971\/revisions\/21978"}],"wp:featuredmedia":[{"embeddable":true,"href":"https:\/\/www.mavihaber.com.tr\/index.php?rest_route=\/wp\/v2\/media\/21976"}],"wp:attachment":[{"href":"https:\/\/www.mavihaber.com.tr\/index.php?rest_route=%2Fwp%2Fv2%2Fmedia&parent=21971"}],"wp:term":[{"taxonomy":"category","embeddable":true,"href":"https:\/\/www.mavihaber.com.tr\/index.php?rest_route=%2Fwp%2Fv2%2Fcategories&post=21971"},{"taxonomy":"post_tag","embeddable":true,"href":"https:\/\/www.mavihaber.com.tr\/index.php?rest_route=%2Fwp%2Fv2%2Ftags&post=21971"}],"curies":[{"name":"wp","href":"https:\/\/api.w.org\/{rel}","templated":true}]}}