{"id":21996,"date":"2026-07-23T13:55:15","date_gmt":"2026-07-23T13:55:15","guid":{"rendered":"https:\/\/www.mavihaber.com.tr\/?p=21996"},"modified":"2026-07-23T13:55:15","modified_gmt":"2026-07-23T13:55:15","slug":"saricam-meclisinde-birlik","status":"publish","type":"post","link":"https:\/\/www.mavihaber.com.tr\/?p=21996","title":{"rendered":"Sar\u0131\u00e7am meclisinde Birlik"},"content":{"rendered":"<p style=\"font-weight: 400;\"><img loading=\"lazy\" decoding=\"async\" class=\"alignnone wp-image-21997 size-large\" src=\"https:\/\/www.mavihaber.com.tr\/wp-content\/uploads\/2026\/07\/C516869B-8536-4DE5-8F82-95DB3F845B92-1024x562.png\" alt=\"\" width=\"1024\" height=\"562\" srcset=\"https:\/\/www.mavihaber.com.tr\/wp-content\/uploads\/2026\/07\/C516869B-8536-4DE5-8F82-95DB3F845B92-1024x562.png 1024w, https:\/\/www.mavihaber.com.tr\/wp-content\/uploads\/2026\/07\/C516869B-8536-4DE5-8F82-95DB3F845B92-300x165.png 300w, https:\/\/www.mavihaber.com.tr\/wp-content\/uploads\/2026\/07\/C516869B-8536-4DE5-8F82-95DB3F845B92-768x421.png 768w, https:\/\/www.mavihaber.com.tr\/wp-content\/uploads\/2026\/07\/C516869B-8536-4DE5-8F82-95DB3F845B92-1536x843.png 1536w, https:\/\/www.mavihaber.com.tr\/wp-content\/uploads\/2026\/07\/C516869B-8536-4DE5-8F82-95DB3F845B92.png 1693w\" sizes=\"auto, (max-width: 1024px) 100vw, 1024px\" \/><\/p>\n<p style=\"font-weight: 400;\">Sar\u0131\u00e7am Belediyesi, iklim de\u011fi\u015fikli\u011fiyle m\u00fccadelede \u00f6rnek olacak \u00f6nemli bir ad\u0131m\u0131 daha hayata ge\u00e7irdi. Kat\u0131l\u0131mc\u0131 bir anlay\u0131\u015fla haz\u0131rlanan Sar\u0131\u00e7am \u0130klim Eylem Plan\u0131, 10 Temmuz 2026 tarihinde Sar\u0131\u00e7am Belediye Meclisi\u2019nde oy birli\u011fiyle kabul edilerek y\u00fcr\u00fcrl\u00fc\u011fe girdi.<\/p>\n<p style=\"font-weight: 400;\">20 May\u0131s 2026 tarihinde kamu kurumlar\u0131, \u00fcniversiteler, uzmanlar, sivil toplum kurulu\u015flar\u0131 ve ilgili payda\u015flar\u0131n kat\u0131l\u0131m\u0131yla ger\u00e7ekle\u015ftirilen Sar\u0131\u00e7am \u0130klim Eylem Plan\u0131 \u00c7al\u0131\u015ftay\u0131 ile ba\u015flayan s\u00fcre\u00e7, bilimsel analizler, teknik de\u011ferlendirmeler ve ortak ak\u0131l do\u011frultusunda tamamland\u0131. Haz\u0131rlanan plan, sera gaz\u0131 emisyonlar\u0131n\u0131n azalt\u0131lmas\u0131ndan su kaynaklar\u0131n\u0131n korunmas\u0131na, iklim risklerinin y\u00f6netiminden s\u00fcrd\u00fcr\u00fclebilir kentle\u015fmeye kadar geni\u015f bir perspektifte, Sar\u0131\u00e7am\u2019\u0131n gelecek vizyonunu ortaya koyuyor.<\/p>\n<p style=\"font-weight: 400;\">BA\u015eKAN B\u0130LAL ULUDA\u011e \u201c\u00c7OCUKLARIMIZA DAHA YA\u015eANAB\u0130L\u0130R B\u0130R SARI\u00c7AM BIRAKACA\u011eIZ\u201d<\/p>\n<p style=\"font-weight: 400;\">Sar\u0131\u00e7am Belediye Ba\u015fkan\u0131 Bilal Uluda\u011f, konuyla ilgili yapt\u0131\u011f\u0131 a\u00e7\u0131klamada, iklim de\u011fi\u015fikli\u011fiyle m\u00fccadelenin art\u0131k t\u00fcm yerel y\u00f6netimlerin \u00f6ncelikli sorumluluklar\u0131ndan biri oldu\u011funu belirterek, haz\u0131rlanan plan\u0131n sadece bug\u00fcn\u00fc de\u011fil, gelecek nesilleri de ilgilendiren stratejik bir vizyon belgesi oldu\u011funu s\u00f6yledi.<\/p>\n<p style=\"font-weight: 400;\">Ba\u015fkan Uluda\u011f \u201c\u015eehirler art\u0131k yaln\u0131zca b\u00fcy\u00fcmekle de\u011fil, de\u011fi\u015fen iklim \u015fartlar\u0131na kar\u015f\u0131 diren\u00e7 kazanmakla da y\u00fck\u00fcml\u00fcd\u00fcr. Biz de Sar\u0131\u00e7am Belediyesi olarak g\u00fcn\u00fc kurtaran de\u011fil, gelece\u011fi planlayan bir anlay\u0131\u015fla hareket ediyoruz. Ortak ak\u0131l ve bilimsel veriler \u0131\u015f\u0131\u011f\u0131nda haz\u0131rlad\u0131\u011f\u0131m\u0131z \u0130klim Eylem Plan\u0131m\u0131z\u0131n Belediye Meclisimiz taraf\u0131ndan kabul edilmesi, il\u00e7emizin s\u00fcrd\u00fcr\u00fclebilir gelece\u011fi ad\u0131na tarihi bir ad\u0131md\u0131r\u201d dedi.<\/p>\n<p style=\"font-weight: 400;\">\u0130klim de\u011fi\u015fikli\u011fiyle m\u00fccadelede yerel y\u00f6netimlerin \u00fcstlenece\u011fi rol\u00fcn her ge\u00e7en g\u00fcn daha da \u00f6nem kazand\u0131\u011f\u0131n\u0131 ifade eden Sar\u0131\u00e7am Belediye Ba\u015fkan\u0131 Bilal Uluda\u011f, a\u00e7\u0131klamas\u0131nda \u201cAmac\u0131m\u0131z yaln\u0131zca \u00e7evreyi korumak de\u011fil; su kaynaklar\u0131m\u0131z\u0131 g\u00fcvence alt\u0131na alan, enerji verimlili\u011fini art\u0131ran, karbon sal\u0131n\u0131m\u0131n\u0131 azaltan, ye\u015fil alanlar\u0131n\u0131 \u00e7o\u011faltan ve afetlere kar\u015f\u0131 daha diren\u00e7li bir \u015fehir olu\u015fturmakt\u0131r. \u00c7ocuklar\u0131m\u0131za ve gelecek nesillerimize daha ya\u015fanabilir bir Sar\u0131\u00e7am b\u0131rakmak en b\u00fcy\u00fck sorumlulu\u011fumuzdur\u201d ifadelerini kulland\u0131.<\/p>\n<p style=\"font-weight: 400;\">2030 VE 2050 HEDEFLER\u0130 BEL\u0130RLEND\u0130<\/p>\n<p style=\"font-weight: 400;\">Haz\u0131rlanan plan kapsam\u0131nda Sar\u0131\u00e7am\u2019\u0131n mevcut iklim g\u00f6stergeleri, sera gaz\u0131 envanteri, enerji g\u00f6r\u00fcn\u00fcm\u00fc, do\u011fal kaynaklar\u0131, iklim risk haritalar\u0131 ve \u00f6ncelikli m\u00fcdahale alanlar\u0131 ayr\u0131nt\u0131l\u0131 \u015fekilde ortaya konulurken; 2030 \u0130klim Vizyonu ile 2050 Karbon N\u00f6tr ve \u0130klim Diren\u00e7li Sar\u0131\u00e7am Vizyonu da belirlendi. Plan do\u011frultusunda kaynaklar\u0131n\u0131 verimli kullanan, su g\u00fcvenli\u011fini g\u00fc\u00e7lendiren, yenilenebilir enerji kullan\u0131m\u0131n\u0131 art\u0131ran, karbon emisyonlar\u0131n\u0131 azaltan ve toplumsal kat\u0131l\u0131m\u0131 esas alan \u00f6rnek bir kent modeli hedefleniyor.<\/p>\n<p style=\"font-weight: 400;\">Sar\u0131\u00e7am Belediyesi, \u0130klim Eylem Plan\u0131 do\u011frultusunda belirlenen hedefleri ilgili kurumlar ve t\u00fcm payda\u015flarla i\u015f birli\u011fi i\u00e7erisinde hayata ge\u00e7irerek, iklim de\u011fi\u015fikli\u011finin olumsuz etkilerini en aza indirmeyi ve s\u00fcrd\u00fcr\u00fclebilir kalk\u0131nma hedeflerine katk\u0131 sunmay\u0131 ama\u00e7l\u0131yor.<\/p>\n","protected":false},"excerpt":{"rendered":"<p>Sar\u0131\u00e7am Belediyesi, iklim de\u011fi\u015fikli\u011fiyle m\u00fccadelede \u00f6rnek olacak \u00f6nemli bir ad\u0131m\u0131 daha hayata ge\u00e7irdi. Kat\u0131l\u0131mc\u0131 bir anlay\u0131\u015fla haz\u0131rlanan Sar\u0131\u00e7am \u0130klim Eylem<\/p>\n","protected":false},"author":5,"featured_media":21997,"comment_status":"open","ping_status":"open","sticky":false,"template":"","format":"standard","meta":{"footnotes":""},"categories":[7,10,13,14,18],"tags":[],"class_list":["post-21996","post","type-post","status-publish","format-standard","has-post-thumbnail","hentry","category-belediye","category-gundem","category-siyaset","category-son-dakika","category-yasam"],"yoast_head":"<!-- This site is optimized with the Yoast SEO plugin v28.2 - https:\/\/yoast.com\/product\/yoast-seo-wordpress\/ -->\n<title>Sar\u0131\u00e7am meclisinde Birlik - MAV\u0130 HABER<\/title>\n<meta name=\"robots\" content=\"index, follow, max-snippet:-1, max-image-preview:large, max-video-preview:-1\" \/>\n<link rel=\"canonical\" href=\"https:\/\/www.mavihaber.com.tr\/?p=21996\" \/>\n<meta property=\"og:locale\" content=\"tr_TR\" \/>\n<meta property=\"og:type\" content=\"article\" \/>\n<meta property=\"og:title\" content=\"Sar\u0131\u00e7am meclisinde Birlik - MAV\u0130 HABER\" \/>\n<meta property=\"og:description\" content=\"Sar\u0131\u00e7am Belediyesi, iklim de\u011fi\u015fikli\u011fiyle m\u00fccadelede \u00f6rnek olacak \u00f6nemli bir ad\u0131m\u0131 daha hayata ge\u00e7irdi. Kat\u0131l\u0131mc\u0131 bir anlay\u0131\u015fla haz\u0131rlanan Sar\u0131\u00e7am \u0130klim Eylem\" \/>\n<meta property=\"og:url\" content=\"https:\/\/www.mavihaber.com.tr\/?p=21996\" \/>\n<meta property=\"og:site_name\" content=\"MAV\u0130 HABER\" \/>\n<meta property=\"article:publisher\" content=\"https:\/\/www.facebook.com\/ceyhan.mavi.142\/\" \/>\n<meta property=\"article:published_time\" content=\"2026-07-23T13:55:15+00:00\" \/>\n<meta property=\"og:image\" content=\"https:\/\/www.mavihaber.com.tr\/wp-content\/uploads\/2026\/07\/C516869B-8536-4DE5-8F82-95DB3F845B92.png\" \/>\n\t<meta property=\"og:image:width\" content=\"1693\" \/>\n\t<meta property=\"og:image:height\" content=\"929\" \/>\n\t<meta property=\"og:image:type\" content=\"image\/png\" \/>\n<meta name=\"author\" content=\"\u0130zzet AYDEM\u0130R\" \/>\n<meta name=\"twitter:card\" content=\"summary_large_image\" \/>\n<meta name=\"twitter:creator\" content=\"@ceyhanmavihaber\" \/>\n<meta name=\"twitter:site\" content=\"@ceyhanmavihaber\" \/>\n<meta name=\"twitter:label1\" content=\"Yazan:\" \/>\n\t<meta name=\"twitter:data1\" content=\"\u0130zzet AYDEM\u0130R\" \/>\n\t<meta name=\"twitter:label2\" content=\"Tahmini okuma s\u00fcresi\" \/>\n\t<meta name=\"twitter:data2\" content=\"3 dakika\" \/>\n<script type=\"application\/ld+json\" class=\"yoast-schema-graph\">{\"@context\":\"https:\\\/\\\/schema.org\",\"@graph\":[{\"@type\":\"Article\",\"@id\":\"https:\\\/\\\/www.mavihaber.com.tr\\\/?p=21996#article\",\"isPartOf\":{\"@id\":\"https:\\\/\\\/www.mavihaber.com.tr\\\/?p=21996\"},\"author\":{\"name\":\"\u0130zzet AYDEM\u0130R\",\"@id\":\"https:\\\/\\\/www.mavihaber.com.tr\\\/#\\\/schema\\\/person\\\/dd7a0a39b6b2d5cc1609c32154b07a7d\"},\"headline\":\"Sar\u0131\u00e7am meclisinde Birlik\",\"datePublished\":\"2026-07-23T13:55:15+00:00\",\"mainEntityOfPage\":{\"@id\":\"https:\\\/\\\/www.mavihaber.com.tr\\\/?p=21996\"},\"wordCount\":540,\"commentCount\":0,\"publisher\":{\"@id\":\"https:\\\/\\\/www.mavihaber.com.tr\\\/#organization\"},\"image\":{\"@id\":\"https:\\\/\\\/www.mavihaber.com.tr\\\/?p=21996#primaryimage\"},\"thumbnailUrl\":\"https:\\\/\\\/www.mavihaber.com.tr\\\/wp-content\\\/uploads\\\/2026\\\/07\\\/C516869B-8536-4DE5-8F82-95DB3F845B92.png\",\"articleSection\":[\"Belediyeler\",\"G\u00fcndem\",\"Siyaset\",\"Son Dakika\",\"Ya\u015fam\"],\"inLanguage\":\"tr\",\"potentialAction\":[{\"@type\":\"CommentAction\",\"name\":\"Comment\",\"target\":[\"https:\\\/\\\/www.mavihaber.com.tr\\\/?p=21996#respond\"]}]},{\"@type\":\"WebPage\",\"@id\":\"https:\\\/\\\/www.mavihaber.com.tr\\\/?p=21996\",\"url\":\"https:\\\/\\\/www.mavihaber.com.tr\\\/?p=21996\",\"name\":\"Sar\u0131\u00e7am meclisinde Birlik - MAV\u0130 HABER\",\"isPartOf\":{\"@id\":\"https:\\\/\\\/www.mavihaber.com.tr\\\/#website\"},\"primaryImageOfPage\":{\"@id\":\"https:\\\/\\\/www.mavihaber.com.tr\\\/?p=21996#primaryimage\"},\"image\":{\"@id\":\"https:\\\/\\\/www.mavihaber.com.tr\\\/?p=21996#primaryimage\"},\"thumbnailUrl\":\"https:\\\/\\\/www.mavihaber.com.tr\\\/wp-content\\\/uploads\\\/2026\\\/07\\\/C516869B-8536-4DE5-8F82-95DB3F845B92.png\",\"datePublished\":\"2026-07-23T13:55:15+00:00\",\"breadcrumb\":{\"@id\":\"https:\\\/\\\/www.mavihaber.com.tr\\\/?p=21996#breadcrumb\"},\"inLanguage\":\"tr\",\"potentialAction\":[{\"@type\":\"ReadAction\",\"target\":[\"https:\\\/\\\/www.mavihaber.com.tr\\\/?p=21996\"]}]},{\"@type\":\"ImageObject\",\"inLanguage\":\"tr\",\"@id\":\"https:\\\/\\\/www.mavihaber.com.tr\\\/?p=21996#primaryimage\",\"url\":\"https:\\\/\\\/www.mavihaber.com.tr\\\/wp-content\\\/uploads\\\/2026\\\/07\\\/C516869B-8536-4DE5-8F82-95DB3F845B92.png\",\"contentUrl\":\"https:\\\/\\\/www.mavihaber.com.tr\\\/wp-content\\\/uploads\\\/2026\\\/07\\\/C516869B-8536-4DE5-8F82-95DB3F845B92.png\",\"width\":1693,\"height\":929},{\"@type\":\"BreadcrumbList\",\"@id\":\"https:\\\/\\\/www.mavihaber.com.tr\\\/?p=21996#breadcrumb\",\"itemListElement\":[{\"@type\":\"ListItem\",\"position\":1,\"name\":\"Anasayfa\",\"item\":\"https:\\\/\\\/www.mavihaber.com.tr\\\/\"},{\"@type\":\"ListItem\",\"position\":2,\"name\":\"Sar\u0131\u00e7am meclisinde Birlik\"}]},{\"@type\":\"WebSite\",\"@id\":\"https:\\\/\\\/www.mavihaber.com.tr\\\/#website\",\"url\":\"https:\\\/\\\/www.mavihaber.com.tr\\\/\",\"name\":\"MAV\u0130 HABER\",\"description\":\"S&Ouml;Z U&Ccedil;AR YAZI KALIR\",\"publisher\":{\"@id\":\"https:\\\/\\\/www.mavihaber.com.tr\\\/#organization\"},\"potentialAction\":[{\"@type\":\"SearchAction\",\"target\":{\"@type\":\"EntryPoint\",\"urlTemplate\":\"https:\\\/\\\/www.mavihaber.com.tr\\\/?s={search_term_string}\"},\"query-input\":{\"@type\":\"PropertyValueSpecification\",\"valueRequired\":true,\"valueName\":\"search_term_string\"}}],\"inLanguage\":\"tr\"},{\"@type\":\"Organization\",\"@id\":\"https:\\\/\\\/www.mavihaber.com.tr\\\/#organization\",\"name\":\"MAV\u0130 HABER\",\"url\":\"https:\\\/\\\/www.mavihaber.com.tr\\\/\",\"logo\":{\"@type\":\"ImageObject\",\"inLanguage\":\"tr\",\"@id\":\"https:\\\/\\\/www.mavihaber.com.tr\\\/#\\\/schema\\\/logo\\\/image\\\/\",\"url\":\"http:\\\/\\\/www.mavihaber.com.tr\\\/wp-content\\\/uploads\\\/2022\\\/02\\\/mavi-logo.png\",\"contentUrl\":\"http:\\\/\\\/www.mavihaber.com.tr\\\/wp-content\\\/uploads\\\/2022\\\/02\\\/mavi-logo.png\",\"width\":301,\"height\":81,\"caption\":\"MAV\u0130 HABER\"},\"image\":{\"@id\":\"https:\\\/\\\/www.mavihaber.com.tr\\\/#\\\/schema\\\/logo\\\/image\\\/\"},\"sameAs\":[\"https:\\\/\\\/www.facebook.com\\\/ceyhan.mavi.142\\\/\",\"https:\\\/\\\/x.com\\\/ceyhanmavihaber\",\"https:\\\/\\\/www.instagram.com\\\/ceyhanmavihaber\\\/\",\"https:\\\/\\\/www.youtube.com\\\/channel\\\/UCJQ-0-AFgj2GjI269QDUwNw\"]},{\"@type\":\"Person\",\"@id\":\"https:\\\/\\\/www.mavihaber.com.tr\\\/#\\\/schema\\\/person\\\/dd7a0a39b6b2d5cc1609c32154b07a7d\",\"name\":\"\u0130zzet AYDEM\u0130R\",\"image\":{\"@type\":\"ImageObject\",\"inLanguage\":\"tr\",\"@id\":\"https:\\\/\\\/secure.gravatar.com\\\/avatar\\\/320a36bef556c371376115ba1e7491216472a73c7b42710d508168617c47b64f?s=96&d=mm&r=g\",\"url\":\"https:\\\/\\\/secure.gravatar.com\\\/avatar\\\/320a36bef556c371376115ba1e7491216472a73c7b42710d508168617c47b64f?s=96&d=mm&r=g\",\"contentUrl\":\"https:\\\/\\\/secure.gravatar.com\\\/avatar\\\/320a36bef556c371376115ba1e7491216472a73c7b42710d508168617c47b64f?s=96&d=mm&r=g\",\"caption\":\"\u0130zzet AYDEM\u0130R\"},\"sameAs\":[\"http:\\\/\\\/www.mavihaber.com.tr\"],\"url\":\"https:\\\/\\\/www.mavihaber.com.tr\\\/?author=5\"}]}<\/script>\n<!-- \/ Yoast SEO plugin. -->","yoast_head_json":{"title":"Sar\u0131\u00e7am meclisinde Birlik - MAV\u0130 HABER","robots":{"index":"index","follow":"follow","max-snippet":"max-snippet:-1","max-image-preview":"max-image-preview:large","max-video-preview":"max-video-preview:-1"},"canonical":"https:\/\/www.mavihaber.com.tr\/?p=21996","og_locale":"tr_TR","og_type":"article","og_title":"Sar\u0131\u00e7am meclisinde Birlik - MAV\u0130 HABER","og_description":"Sar\u0131\u00e7am Belediyesi, iklim de\u011fi\u015fikli\u011fiyle m\u00fccadelede \u00f6rnek olacak \u00f6nemli bir ad\u0131m\u0131 daha hayata ge\u00e7irdi. Kat\u0131l\u0131mc\u0131 bir anlay\u0131\u015fla haz\u0131rlanan Sar\u0131\u00e7am \u0130klim Eylem","og_url":"https:\/\/www.mavihaber.com.tr\/?p=21996","og_site_name":"MAV\u0130 HABER","article_publisher":"https:\/\/www.facebook.com\/ceyhan.mavi.142\/","article_published_time":"2026-07-23T13:55:15+00:00","og_image":[{"width":1693,"height":929,"url":"https:\/\/www.mavihaber.com.tr\/wp-content\/uploads\/2026\/07\/C516869B-8536-4DE5-8F82-95DB3F845B92.png","type":"image\/png"}],"author":"\u0130zzet AYDEM\u0130R","twitter_card":"summary_large_image","twitter_creator":"@ceyhanmavihaber","twitter_site":"@ceyhanmavihaber","twitter_misc":{"Yazan:":"\u0130zzet AYDEM\u0130R","Tahmini okuma s\u00fcresi":"3 dakika"},"schema":{"@context":"https:\/\/schema.org","@graph":[{"@type":"Article","@id":"https:\/\/www.mavihaber.com.tr\/?p=21996#article","isPartOf":{"@id":"https:\/\/www.mavihaber.com.tr\/?p=21996"},"author":{"name":"\u0130zzet AYDEM\u0130R","@id":"https:\/\/www.mavihaber.com.tr\/#\/schema\/person\/dd7a0a39b6b2d5cc1609c32154b07a7d"},"headline":"Sar\u0131\u00e7am meclisinde Birlik","datePublished":"2026-07-23T13:55:15+00:00","mainEntityOfPage":{"@id":"https:\/\/www.mavihaber.com.tr\/?p=21996"},"wordCount":540,"commentCount":0,"publisher":{"@id":"https:\/\/www.mavihaber.com.tr\/#organization"},"image":{"@id":"https:\/\/www.mavihaber.com.tr\/?p=21996#primaryimage"},"thumbnailUrl":"https:\/\/www.mavihaber.com.tr\/wp-content\/uploads\/2026\/07\/C516869B-8536-4DE5-8F82-95DB3F845B92.png","articleSection":["Belediyeler","G\u00fcndem","Siyaset","Son Dakika","Ya\u015fam"],"inLanguage":"tr","potentialAction":[{"@type":"CommentAction","name":"Comment","target":["https:\/\/www.mavihaber.com.tr\/?p=21996#respond"]}]},{"@type":"WebPage","@id":"https:\/\/www.mavihaber.com.tr\/?p=21996","url":"https:\/\/www.mavihaber.com.tr\/?p=21996","name":"Sar\u0131\u00e7am meclisinde Birlik - MAV\u0130 HABER","isPartOf":{"@id":"https:\/\/www.mavihaber.com.tr\/#website"},"primaryImageOfPage":{"@id":"https:\/\/www.mavihaber.com.tr\/?p=21996#primaryimage"},"image":{"@id":"https:\/\/www.mavihaber.com.tr\/?p=21996#primaryimage"},"thumbnailUrl":"https:\/\/www.mavihaber.com.tr\/wp-content\/uploads\/2026\/07\/C516869B-8536-4DE5-8F82-95DB3F845B92.png","datePublished":"2026-07-23T13:55:15+00:00","breadcrumb":{"@id":"https:\/\/www.mavihaber.com.tr\/?p=21996#breadcrumb"},"inLanguage":"tr","potentialAction":[{"@type":"ReadAction","target":["https:\/\/www.mavihaber.com.tr\/?p=21996"]}]},{"@type":"ImageObject","inLanguage":"tr","@id":"https:\/\/www.mavihaber.com.tr\/?p=21996#primaryimage","url":"https:\/\/www.mavihaber.com.tr\/wp-content\/uploads\/2026\/07\/C516869B-8536-4DE5-8F82-95DB3F845B92.png","contentUrl":"https:\/\/www.mavihaber.com.tr\/wp-content\/uploads\/2026\/07\/C516869B-8536-4DE5-8F82-95DB3F845B92.png","width":1693,"height":929},{"@type":"BreadcrumbList","@id":"https:\/\/www.mavihaber.com.tr\/?p=21996#breadcrumb","itemListElement":[{"@type":"ListItem","position":1,"name":"Anasayfa","item":"https:\/\/www.mavihaber.com.tr\/"},{"@type":"ListItem","position":2,"name":"Sar\u0131\u00e7am meclisinde Birlik"}]},{"@type":"WebSite","@id":"https:\/\/www.mavihaber.com.tr\/#website","url":"https:\/\/www.mavihaber.com.tr\/","name":"MAV\u0130 HABER","description":"S&Ouml;Z U&Ccedil;AR YAZI KALIR","publisher":{"@id":"https:\/\/www.mavihaber.com.tr\/#organization"},"potentialAction":[{"@type":"SearchAction","target":{"@type":"EntryPoint","urlTemplate":"https:\/\/www.mavihaber.com.tr\/?s={search_term_string}"},"query-input":{"@type":"PropertyValueSpecification","valueRequired":true,"valueName":"search_term_string"}}],"inLanguage":"tr"},{"@type":"Organization","@id":"https:\/\/www.mavihaber.com.tr\/#organization","name":"MAV\u0130 HABER","url":"https:\/\/www.mavihaber.com.tr\/","logo":{"@type":"ImageObject","inLanguage":"tr","@id":"https:\/\/www.mavihaber.com.tr\/#\/schema\/logo\/image\/","url":"http:\/\/www.mavihaber.com.tr\/wp-content\/uploads\/2022\/02\/mavi-logo.png","contentUrl":"http:\/\/www.mavihaber.com.tr\/wp-content\/uploads\/2022\/02\/mavi-logo.png","width":301,"height":81,"caption":"MAV\u0130 HABER"},"image":{"@id":"https:\/\/www.mavihaber.com.tr\/#\/schema\/logo\/image\/"},"sameAs":["https:\/\/www.facebook.com\/ceyhan.mavi.142\/","https:\/\/x.com\/ceyhanmavihaber","https:\/\/www.instagram.com\/ceyhanmavihaber\/","https:\/\/www.youtube.com\/channel\/UCJQ-0-AFgj2GjI269QDUwNw"]},{"@type":"Person","@id":"https:\/\/www.mavihaber.com.tr\/#\/schema\/person\/dd7a0a39b6b2d5cc1609c32154b07a7d","name":"\u0130zzet AYDEM\u0130R","image":{"@type":"ImageObject","inLanguage":"tr","@id":"https:\/\/secure.gravatar.com\/avatar\/320a36bef556c371376115ba1e7491216472a73c7b42710d508168617c47b64f?s=96&d=mm&r=g","url":"https:\/\/secure.gravatar.com\/avatar\/320a36bef556c371376115ba1e7491216472a73c7b42710d508168617c47b64f?s=96&d=mm&r=g","contentUrl":"https:\/\/secure.gravatar.com\/avatar\/320a36bef556c371376115ba1e7491216472a73c7b42710d508168617c47b64f?s=96&d=mm&r=g","caption":"\u0130zzet AYDEM\u0130R"},"sameAs":["http:\/\/www.mavihaber.com.tr"],"url":"https:\/\/www.mavihaber.com.tr\/?author=5"}]}},"views":230,"_links":{"self":[{"href":"https:\/\/www.mavihaber.com.tr\/index.php?rest_route=\/wp\/v2\/posts\/21996","targetHints":{"allow":["GET"]}}],"collection":[{"href":"https:\/\/www.mavihaber.com.tr\/index.php?rest_route=\/wp\/v2\/posts"}],"about":[{"href":"https:\/\/www.mavihaber.com.tr\/index.php?rest_route=\/wp\/v2\/types\/post"}],"author":[{"embeddable":true,"href":"https:\/\/www.mavihaber.com.tr\/index.php?rest_route=\/wp\/v2\/users\/5"}],"replies":[{"embeddable":true,"href":"https:\/\/www.mavihaber.com.tr\/index.php?rest_route=%2Fwp%2Fv2%2Fcomments&post=21996"}],"version-history":[{"count":1,"href":"https:\/\/www.mavihaber.com.tr\/index.php?rest_route=\/wp\/v2\/posts\/21996\/revisions"}],"predecessor-version":[{"id":21998,"href":"https:\/\/www.mavihaber.com.tr\/index.php?rest_route=\/wp\/v2\/posts\/21996\/revisions\/21998"}],"wp:featuredmedia":[{"embeddable":true,"href":"https:\/\/www.mavihaber.com.tr\/index.php?rest_route=\/wp\/v2\/media\/21997"}],"wp:attachment":[{"href":"https:\/\/www.mavihaber.com.tr\/index.php?rest_route=%2Fwp%2Fv2%2Fmedia&parent=21996"}],"wp:term":[{"taxonomy":"category","embeddable":true,"href":"https:\/\/www.mavihaber.com.tr\/index.php?rest_route=%2Fwp%2Fv2%2Fcategories&post=21996"},{"taxonomy":"post_tag","embeddable":true,"href":"https:\/\/www.mavihaber.com.tr\/index.php?rest_route=%2Fwp%2Fv2%2Ftags&post=21996"}],"curies":[{"name":"wp","href":"https:\/\/api.w.org\/{rel}","templated":true}]}}