{"id":2230,"date":"2022-05-14T11:40:34","date_gmt":"2022-05-14T11:40:34","guid":{"rendered":"http:\/\/www.mavihaber.com.tr\/?p=2230"},"modified":"2022-05-14T11:40:34","modified_gmt":"2022-05-14T11:40:34","slug":"zaman-adananin-aleyhine-islemis","status":"publish","type":"post","link":"https:\/\/www.mavihaber.com.tr\/?p=2230","title":{"rendered":"\u201cZaman Adana\u2019n\u0131n aleyhine i\u015flemi\u015f\u201d"},"content":{"rendered":"<p>\u00c7ukurova Gazeteciler Cemiyeti Sosyal Tesisleri\u2019nde, \u00c7GC Ba\u015fkan\u0131 Cafer Esendemir\u2019le bir araya gelen Memleket Partisi Genel Ba\u015fkan\u0131 Muharrem \u0130nce;<\/p>\n<p>Memleket Partisi Genel Ba\u015fkan Muharrem \u0130nce, MYK \u00dcyesi ve Genel Ba\u015fkan Yard\u0131mc\u0131s\u0131 Mevl\u00fct Dudu, Genel Merkez Disiplin Kurulu Ba\u015fkan\u0131 Mustafa \u00c7a\u011flayan, Hatay \u0130l Ba\u015fkan\u0131 Hasan H\u00fcseyin Ata, Adana \u0130l Ba\u015fkan\u0131 Celal G\u00fcven, Y\u00fcre\u011fir \u0130l\u00e7e Ba\u015fkan\u0131 Sait Do\u011fan, \u00c7ukurova \u0130l\u00e7e Ba\u015fkan\u0131 Murat Aravi, \u00c7ukurova Gazeteciler Cemiyeti (\u00c7GC) Ba\u015fkan\u0131 Cafer Esendemir\u2019i ziyaret etti.<\/p>\n<p>Genel Ba\u015fkan Muharrem \u0130nce, \u00c7GC Ba\u015fkan\u0131 Cafer Esendemir\u2019e nazik evsahipli\u011finden dolay\u0131 te\u015fekk\u00fcr etti. Hatay D\u00f6rtyol\u2019daki pro\u011fram\u0131n\u0131n ard\u0131ndan, \u00c7GC K\u00fclt\u00fcr ve Sosyal Tesisleri\u2019nde 5 Ocak TV\u2019ye konuk olan Ba\u015fkan \u0130nce; g\u00fcndeme dair a\u00e7\u0131klamalarda bulundu.<\/p>\n<p>G\u00fcndeme dair a\u00e7\u0131klamalarda da bulunan \u0130nce; CHP \u0130stanbul \u0130l Ba\u015fkan\u0131 Canan Kaftanc\u0131o\u011flu\u2019na ceza verilip, siyasi yasak getirilmesine tepki g\u00f6sterdi. Kaftanc\u0131o\u011flu\u2019nun bunu hak etmedi\u011fini savundu.<\/p>\n<p>Adana\u2019n\u0131n 1980\u2019lerden g\u00fcn\u00fcm\u00fcze \u00e7ok geriledi\u011fine dikkat \u00e7eken Ba\u015fkan \u0130nce; \u201c1980\u2019lerde Ye\u015fil\u00e7am Filmlerinin \u00e7o\u011funda Adanal\u0131 a\u011falar, fabrikat\u00f6rler, sanayiciler vard\u0131. Pamuk t\u00fcccarlar\u0131 vard\u0131. Bize o d\u00f6nemde \u00f6\u011fretmenlerimiz; T\u00fcrkiye\u2019nin kendi kendine yeten 7 \u00fclkeden biri oldu\u011funu s\u00f6ylerdi. \u0130stanbul, Ankara, \u0130zmir\u2019den sonra 4.b\u00fcy\u00fck kent olarak da Adana\u2019y\u0131 g\u00f6sterirlerdi.<\/p>\n<p>Bunlar \u015fimdi yok\u2026 Bursa, Kahramanmara\u015f, Gaziantep, Adana\u2019y\u0131 geride b\u0131rakt\u0131. Y\u0131lda 3 \u00fcr\u00fcn alabilecek bereketli topraklar\u0131n ba\u015fkentidir Adana\u2026 Nas\u0131l olurda 40 y\u0131lda bu kadar geriye gider? 1980 ile 2022 Adana\u2019s\u0131n\u0131 k\u0131yaslayamazs\u0131n\u0131z. Zaman Adana\u2019n\u0131n aleyhine i\u015flemi\u015f. Ben bir su\u00e7lama yapm\u0131yorum. Bir tesbitte bulunuyorum. Adanal\u0131lar\u2019\u0131n siyaset\u00e7ilerini, y\u00f6neticilerini sorgulamas\u0131 laz\u0131m\u201d dedi.<\/p>\n<p>Adanal\u0131lar\u2019a selamlar\u0131n\u0131 g\u00f6nderen Memleket Partisi Genel Ba\u015fkan\u0131 \u0130nce; \u201cT\u00fcrkiye\u2019nin bereketli topraklar\u0131nday\u0131z. Bu yoksullu\u011fu hak etmeyen insanlar\u0131z. \u00dclkemizin en bereketli topraklar\u0131ndan t\u00fcm Adanal\u0131lar\u2019a refah ve bolluk diliyorum, selamlar\u0131m\u0131 g\u00f6nderiyorum\u201d diye konu\u015ftu.<\/p>\n<p>\u00c7ukurova Gazeteciler Cemiyeti Ba\u015fkan\u0131 Cafer Esendemir de konu\u015fmas\u0131nda; Memleket Partisi Genel Ba\u015fkan\u0131 Say\u0131n Muharrem \u0130nce\u2019yi a\u011f\u0131rlamaktan b\u00fcy\u00fck mutluluk duydu\u011funu ifade ederek, \u00dclkenin g\u00fcndeminin \u00f6ncelikle ekonomi oldu\u011funu, i\u015fsizli\u011fin bas\u0131n sekt\u00f6r\u00fcnde de b\u00fcy\u00fck bir sorun haline geldi\u011fini, maliyet art\u0131\u015flar\u0131n\u0131n aksine gelirlerin azald\u0131\u011f\u0131n\u0131 ve bas\u0131n \u00e7al\u0131\u015fanlar\u0131n\u0131n \u00e7ok zor \u015fartlar alt\u0131nda g\u00f6rev yapt\u0131\u011f\u0131n\u0131 dile getirdi.<\/p>\n","protected":false},"excerpt":{"rendered":"<p>\u00c7ukurova Gazeteciler Cemiyeti Sosyal Tesisleri\u2019nde, \u00c7GC Ba\u015fkan\u0131 Cafer Esendemir\u2019le bir araya gelen Memleket Partisi Genel Ba\u015fkan\u0131 Muharrem \u0130nce; Memleket Partisi<\/p>\n","protected":false},"author":1,"featured_media":0,"comment_status":"open","ping_status":"open","sticky":false,"template":"","format":"standard","meta":{"footnotes":""},"categories":[8,10,13],"tags":[],"class_list":["post-2230","post","type-post","status-publish","format-standard","hentry","category-ekonomi","category-gundem","category-siyaset"],"yoast_head":"<!-- This site is optimized with the Yoast SEO plugin v28.2 - https:\/\/yoast.com\/product\/yoast-seo-wordpress\/ -->\n<title>\u201cZaman Adana\u2019n\u0131n aleyhine i\u015flemi\u015f\u201d - MAV\u0130 HABER<\/title>\n<meta name=\"robots\" content=\"index, follow, max-snippet:-1, max-image-preview:large, max-video-preview:-1\" \/>\n<link rel=\"canonical\" href=\"https:\/\/www.mavihaber.com.tr\/?p=2230\" \/>\n<meta property=\"og:locale\" content=\"tr_TR\" \/>\n<meta property=\"og:type\" content=\"article\" \/>\n<meta property=\"og:title\" content=\"\u201cZaman Adana\u2019n\u0131n aleyhine i\u015flemi\u015f\u201d - MAV\u0130 HABER\" \/>\n<meta property=\"og:description\" content=\"\u00c7ukurova Gazeteciler Cemiyeti Sosyal Tesisleri\u2019nde, \u00c7GC Ba\u015fkan\u0131 Cafer Esendemir\u2019le bir araya gelen Memleket Partisi Genel Ba\u015fkan\u0131 Muharrem \u0130nce; Memleket Partisi\" \/>\n<meta property=\"og:url\" content=\"https:\/\/www.mavihaber.com.tr\/?p=2230\" \/>\n<meta property=\"og:site_name\" content=\"MAV\u0130 HABER\" \/>\n<meta property=\"article:publisher\" content=\"https:\/\/www.facebook.com\/ceyhan.mavi.142\/\" \/>\n<meta property=\"article:published_time\" content=\"2022-05-14T11:40:34+00:00\" \/>\n<meta name=\"author\" content=\"MAV\u0130 HABER\" \/>\n<meta name=\"twitter:card\" content=\"summary_large_image\" \/>\n<meta name=\"twitter:creator\" content=\"@ceyhanmavihaber\" \/>\n<meta name=\"twitter:site\" content=\"@ceyhanmavihaber\" \/>\n<meta name=\"twitter:label1\" content=\"Yazan:\" \/>\n\t<meta name=\"twitter:data1\" content=\"MAV\u0130 HABER\" \/>\n\t<meta name=\"twitter:label2\" content=\"Tahmini okuma s\u00fcresi\" \/>\n\t<meta name=\"twitter:data2\" content=\"2 dakika\" \/>\n<script type=\"application\/ld+json\" class=\"yoast-schema-graph\">{\"@context\":\"https:\\\/\\\/schema.org\",\"@graph\":[{\"@type\":\"Article\",\"@id\":\"https:\\\/\\\/www.mavihaber.com.tr\\\/?p=2230#article\",\"isPartOf\":{\"@id\":\"https:\\\/\\\/www.mavihaber.com.tr\\\/?p=2230\"},\"author\":{\"name\":\"MAV\u0130 HABER\",\"@id\":\"https:\\\/\\\/www.mavihaber.com.tr\\\/#\\\/schema\\\/person\\\/6b483c36decdaf2ea80ccc7e00592ec5\"},\"headline\":\"\u201cZaman Adana\u2019n\u0131n aleyhine i\u015flemi\u015f\u201d\",\"datePublished\":\"2022-05-14T11:40:34+00:00\",\"mainEntityOfPage\":{\"@id\":\"https:\\\/\\\/www.mavihaber.com.tr\\\/?p=2230\"},\"wordCount\":448,\"commentCount\":0,\"publisher\":{\"@id\":\"https:\\\/\\\/www.mavihaber.com.tr\\\/#organization\"},\"articleSection\":[\"Ekonomi\",\"G\u00fcndem\",\"Siyaset\"],\"inLanguage\":\"tr\",\"potentialAction\":[{\"@type\":\"CommentAction\",\"name\":\"Comment\",\"target\":[\"https:\\\/\\\/www.mavihaber.com.tr\\\/?p=2230#respond\"]}]},{\"@type\":\"WebPage\",\"@id\":\"https:\\\/\\\/www.mavihaber.com.tr\\\/?p=2230\",\"url\":\"https:\\\/\\\/www.mavihaber.com.tr\\\/?p=2230\",\"name\":\"\u201cZaman Adana\u2019n\u0131n aleyhine i\u015flemi\u015f\u201d - MAV\u0130 HABER\",\"isPartOf\":{\"@id\":\"https:\\\/\\\/www.mavihaber.com.tr\\\/#website\"},\"datePublished\":\"2022-05-14T11:40:34+00:00\",\"breadcrumb\":{\"@id\":\"https:\\\/\\\/www.mavihaber.com.tr\\\/?p=2230#breadcrumb\"},\"inLanguage\":\"tr\",\"potentialAction\":[{\"@type\":\"ReadAction\",\"target\":[\"https:\\\/\\\/www.mavihaber.com.tr\\\/?p=2230\"]}]},{\"@type\":\"BreadcrumbList\",\"@id\":\"https:\\\/\\\/www.mavihaber.com.tr\\\/?p=2230#breadcrumb\",\"itemListElement\":[{\"@type\":\"ListItem\",\"position\":1,\"name\":\"Anasayfa\",\"item\":\"https:\\\/\\\/www.mavihaber.com.tr\\\/\"},{\"@type\":\"ListItem\",\"position\":2,\"name\":\"\u201cZaman Adana\u2019n\u0131n aleyhine i\u015flemi\u015f\u201d\"}]},{\"@type\":\"WebSite\",\"@id\":\"https:\\\/\\\/www.mavihaber.com.tr\\\/#website\",\"url\":\"https:\\\/\\\/www.mavihaber.com.tr\\\/\",\"name\":\"MAV\u0130 HABER\",\"description\":\"S&Ouml;Z U&Ccedil;AR YAZI KALIR\",\"publisher\":{\"@id\":\"https:\\\/\\\/www.mavihaber.com.tr\\\/#organization\"},\"potentialAction\":[{\"@type\":\"SearchAction\",\"target\":{\"@type\":\"EntryPoint\",\"urlTemplate\":\"https:\\\/\\\/www.mavihaber.com.tr\\\/?s={search_term_string}\"},\"query-input\":{\"@type\":\"PropertyValueSpecification\",\"valueRequired\":true,\"valueName\":\"search_term_string\"}}],\"inLanguage\":\"tr\"},{\"@type\":\"Organization\",\"@id\":\"https:\\\/\\\/www.mavihaber.com.tr\\\/#organization\",\"name\":\"MAV\u0130 HABER\",\"url\":\"https:\\\/\\\/www.mavihaber.com.tr\\\/\",\"logo\":{\"@type\":\"ImageObject\",\"inLanguage\":\"tr\",\"@id\":\"https:\\\/\\\/www.mavihaber.com.tr\\\/#\\\/schema\\\/logo\\\/image\\\/\",\"url\":\"http:\\\/\\\/www.mavihaber.com.tr\\\/wp-content\\\/uploads\\\/2022\\\/02\\\/mavi-logo.png\",\"contentUrl\":\"http:\\\/\\\/www.mavihaber.com.tr\\\/wp-content\\\/uploads\\\/2022\\\/02\\\/mavi-logo.png\",\"width\":301,\"height\":81,\"caption\":\"MAV\u0130 HABER\"},\"image\":{\"@id\":\"https:\\\/\\\/www.mavihaber.com.tr\\\/#\\\/schema\\\/logo\\\/image\\\/\"},\"sameAs\":[\"https:\\\/\\\/www.facebook.com\\\/ceyhan.mavi.142\\\/\",\"https:\\\/\\\/x.com\\\/ceyhanmavihaber\",\"https:\\\/\\\/www.instagram.com\\\/ceyhanmavihaber\\\/\",\"https:\\\/\\\/www.youtube.com\\\/channel\\\/UCJQ-0-AFgj2GjI269QDUwNw\"]},{\"@type\":\"Person\",\"@id\":\"https:\\\/\\\/www.mavihaber.com.tr\\\/#\\\/schema\\\/person\\\/6b483c36decdaf2ea80ccc7e00592ec5\",\"name\":\"MAV\u0130 HABER\",\"image\":{\"@type\":\"ImageObject\",\"inLanguage\":\"tr\",\"@id\":\"https:\\\/\\\/secure.gravatar.com\\\/avatar\\\/8ec447ff07537b3472bb74c7b4212a4d84d9e722e01a066cab36264a08dd2a23?s=96&d=mm&r=g\",\"url\":\"https:\\\/\\\/secure.gravatar.com\\\/avatar\\\/8ec447ff07537b3472bb74c7b4212a4d84d9e722e01a066cab36264a08dd2a23?s=96&d=mm&r=g\",\"contentUrl\":\"https:\\\/\\\/secure.gravatar.com\\\/avatar\\\/8ec447ff07537b3472bb74c7b4212a4d84d9e722e01a066cab36264a08dd2a23?s=96&d=mm&r=g\",\"caption\":\"MAV\u0130 HABER\"},\"sameAs\":[\"http:\\\/\\\/www.mavihaber.com.tr\"],\"url\":\"https:\\\/\\\/www.mavihaber.com.tr\\\/?author=1\"}]}<\/script>\n<!-- \/ Yoast SEO plugin. -->","yoast_head_json":{"title":"\u201cZaman Adana\u2019n\u0131n aleyhine i\u015flemi\u015f\u201d - MAV\u0130 HABER","robots":{"index":"index","follow":"follow","max-snippet":"max-snippet:-1","max-image-preview":"max-image-preview:large","max-video-preview":"max-video-preview:-1"},"canonical":"https:\/\/www.mavihaber.com.tr\/?p=2230","og_locale":"tr_TR","og_type":"article","og_title":"\u201cZaman Adana\u2019n\u0131n aleyhine i\u015flemi\u015f\u201d - MAV\u0130 HABER","og_description":"\u00c7ukurova Gazeteciler Cemiyeti Sosyal Tesisleri\u2019nde, \u00c7GC Ba\u015fkan\u0131 Cafer Esendemir\u2019le bir araya gelen Memleket Partisi Genel Ba\u015fkan\u0131 Muharrem \u0130nce; Memleket Partisi","og_url":"https:\/\/www.mavihaber.com.tr\/?p=2230","og_site_name":"MAV\u0130 HABER","article_publisher":"https:\/\/www.facebook.com\/ceyhan.mavi.142\/","article_published_time":"2022-05-14T11:40:34+00:00","author":"MAV\u0130 HABER","twitter_card":"summary_large_image","twitter_creator":"@ceyhanmavihaber","twitter_site":"@ceyhanmavihaber","twitter_misc":{"Yazan:":"MAV\u0130 HABER","Tahmini okuma s\u00fcresi":"2 dakika"},"schema":{"@context":"https:\/\/schema.org","@graph":[{"@type":"Article","@id":"https:\/\/www.mavihaber.com.tr\/?p=2230#article","isPartOf":{"@id":"https:\/\/www.mavihaber.com.tr\/?p=2230"},"author":{"name":"MAV\u0130 HABER","@id":"https:\/\/www.mavihaber.com.tr\/#\/schema\/person\/6b483c36decdaf2ea80ccc7e00592ec5"},"headline":"\u201cZaman Adana\u2019n\u0131n aleyhine i\u015flemi\u015f\u201d","datePublished":"2022-05-14T11:40:34+00:00","mainEntityOfPage":{"@id":"https:\/\/www.mavihaber.com.tr\/?p=2230"},"wordCount":448,"commentCount":0,"publisher":{"@id":"https:\/\/www.mavihaber.com.tr\/#organization"},"articleSection":["Ekonomi","G\u00fcndem","Siyaset"],"inLanguage":"tr","potentialAction":[{"@type":"CommentAction","name":"Comment","target":["https:\/\/www.mavihaber.com.tr\/?p=2230#respond"]}]},{"@type":"WebPage","@id":"https:\/\/www.mavihaber.com.tr\/?p=2230","url":"https:\/\/www.mavihaber.com.tr\/?p=2230","name":"\u201cZaman Adana\u2019n\u0131n aleyhine i\u015flemi\u015f\u201d - MAV\u0130 HABER","isPartOf":{"@id":"https:\/\/www.mavihaber.com.tr\/#website"},"datePublished":"2022-05-14T11:40:34+00:00","breadcrumb":{"@id":"https:\/\/www.mavihaber.com.tr\/?p=2230#breadcrumb"},"inLanguage":"tr","potentialAction":[{"@type":"ReadAction","target":["https:\/\/www.mavihaber.com.tr\/?p=2230"]}]},{"@type":"BreadcrumbList","@id":"https:\/\/www.mavihaber.com.tr\/?p=2230#breadcrumb","itemListElement":[{"@type":"ListItem","position":1,"name":"Anasayfa","item":"https:\/\/www.mavihaber.com.tr\/"},{"@type":"ListItem","position":2,"name":"\u201cZaman Adana\u2019n\u0131n aleyhine i\u015flemi\u015f\u201d"}]},{"@type":"WebSite","@id":"https:\/\/www.mavihaber.com.tr\/#website","url":"https:\/\/www.mavihaber.com.tr\/","name":"MAV\u0130 HABER","description":"S&Ouml;Z U&Ccedil;AR YAZI KALIR","publisher":{"@id":"https:\/\/www.mavihaber.com.tr\/#organization"},"potentialAction":[{"@type":"SearchAction","target":{"@type":"EntryPoint","urlTemplate":"https:\/\/www.mavihaber.com.tr\/?s={search_term_string}"},"query-input":{"@type":"PropertyValueSpecification","valueRequired":true,"valueName":"search_term_string"}}],"inLanguage":"tr"},{"@type":"Organization","@id":"https:\/\/www.mavihaber.com.tr\/#organization","name":"MAV\u0130 HABER","url":"https:\/\/www.mavihaber.com.tr\/","logo":{"@type":"ImageObject","inLanguage":"tr","@id":"https:\/\/www.mavihaber.com.tr\/#\/schema\/logo\/image\/","url":"http:\/\/www.mavihaber.com.tr\/wp-content\/uploads\/2022\/02\/mavi-logo.png","contentUrl":"http:\/\/www.mavihaber.com.tr\/wp-content\/uploads\/2022\/02\/mavi-logo.png","width":301,"height":81,"caption":"MAV\u0130 HABER"},"image":{"@id":"https:\/\/www.mavihaber.com.tr\/#\/schema\/logo\/image\/"},"sameAs":["https:\/\/www.facebook.com\/ceyhan.mavi.142\/","https:\/\/x.com\/ceyhanmavihaber","https:\/\/www.instagram.com\/ceyhanmavihaber\/","https:\/\/www.youtube.com\/channel\/UCJQ-0-AFgj2GjI269QDUwNw"]},{"@type":"Person","@id":"https:\/\/www.mavihaber.com.tr\/#\/schema\/person\/6b483c36decdaf2ea80ccc7e00592ec5","name":"MAV\u0130 HABER","image":{"@type":"ImageObject","inLanguage":"tr","@id":"https:\/\/secure.gravatar.com\/avatar\/8ec447ff07537b3472bb74c7b4212a4d84d9e722e01a066cab36264a08dd2a23?s=96&d=mm&r=g","url":"https:\/\/secure.gravatar.com\/avatar\/8ec447ff07537b3472bb74c7b4212a4d84d9e722e01a066cab36264a08dd2a23?s=96&d=mm&r=g","contentUrl":"https:\/\/secure.gravatar.com\/avatar\/8ec447ff07537b3472bb74c7b4212a4d84d9e722e01a066cab36264a08dd2a23?s=96&d=mm&r=g","caption":"MAV\u0130 HABER"},"sameAs":["http:\/\/www.mavihaber.com.tr"],"url":"https:\/\/www.mavihaber.com.tr\/?author=1"}]}},"views":334,"_links":{"self":[{"href":"https:\/\/www.mavihaber.com.tr\/index.php?rest_route=\/wp\/v2\/posts\/2230","targetHints":{"allow":["GET"]}}],"collection":[{"href":"https:\/\/www.mavihaber.com.tr\/index.php?rest_route=\/wp\/v2\/posts"}],"about":[{"href":"https:\/\/www.mavihaber.com.tr\/index.php?rest_route=\/wp\/v2\/types\/post"}],"author":[{"embeddable":true,"href":"https:\/\/www.mavihaber.com.tr\/index.php?rest_route=\/wp\/v2\/users\/1"}],"replies":[{"embeddable":true,"href":"https:\/\/www.mavihaber.com.tr\/index.php?rest_route=%2Fwp%2Fv2%2Fcomments&post=2230"}],"version-history":[{"count":1,"href":"https:\/\/www.mavihaber.com.tr\/index.php?rest_route=\/wp\/v2\/posts\/2230\/revisions"}],"predecessor-version":[{"id":2232,"href":"https:\/\/www.mavihaber.com.tr\/index.php?rest_route=\/wp\/v2\/posts\/2230\/revisions\/2232"}],"wp:attachment":[{"href":"https:\/\/www.mavihaber.com.tr\/index.php?rest_route=%2Fwp%2Fv2%2Fmedia&parent=2230"}],"wp:term":[{"taxonomy":"category","embeddable":true,"href":"https:\/\/www.mavihaber.com.tr\/index.php?rest_route=%2Fwp%2Fv2%2Fcategories&post=2230"},{"taxonomy":"post_tag","embeddable":true,"href":"https:\/\/www.mavihaber.com.tr\/index.php?rest_route=%2Fwp%2Fv2%2Ftags&post=2230"}],"curies":[{"name":"wp","href":"https:\/\/api.w.org\/{rel}","templated":true}]}}