{"id":2233,"date":"2022-05-14T13:01:54","date_gmt":"2022-05-14T13:01:54","guid":{"rendered":"http:\/\/www.mavihaber.com.tr\/?p=2233"},"modified":"2022-05-14T13:05:17","modified_gmt":"2022-05-14T13:05:17","slug":"2233","status":"publish","type":"post","link":"https:\/\/www.mavihaber.com.tr\/?p=2233","title":{"rendered":""},"content":{"rendered":"<h2 id=\"spot\" class=\"mt10 haber_ozet\"><span style=\"font-size: 16px;\">K\u00f6pek g\u00fczellik yar\u0131\u015fmas\u0131nda deh\u015fet&#8230;.Yar\u0131\u015fmaya kat\u0131lan k\u00f6pek, k\u00fc\u00e7\u00fck \u00e7ocu\u011fun y\u00fcz\u00fcn\u00fc par\u00e7alad\u0131 <\/span><span style=\"font-size: 16px;\">Adana&#8217;n\u0131n Ceyhan il\u00e7esinde d\u00fczenlenen k\u00f6pek g\u00fczellik yar\u0131\u015fmas\u0131nda, bir k\u00f6pe\u011fin sald\u0131r\u0131s\u0131na u\u011frayan 3 ya\u015f\u0131ndaki Atabey Ery\u00fcrekli tedavi alt\u0131na al\u0131nd\u0131<\/span><\/h2>\n<div class=\"wrapper detay-v3_3 haber_metni pad-bot-20\">\n<p>Baba Fatih Ery\u00fcrekli, k\u00f6pe\u011fin sahibi ile organizasyona ev sahipli\u011fi yapan belediye hakk\u0131nda su\u00e7 duyurusunda bulundu<\/p>\n<p>ADANA &#8211; Adana&#8217;n\u0131n Ceyhan il\u00e7esinde d\u00fczenlenen k\u00f6pek g\u00fczellik yar\u0131\u015fmas\u0131nda, bir k\u00f6pe\u011fin sald\u0131r\u0131s\u0131na u\u011frayan 3 ya\u015f\u0131ndaki Atabey Ery\u00fcrekli yaraland\u0131. \u00c7ocu\u011fun babas\u0131, k\u00f6pe\u011fin sahibi ile organizasyona ev sahipli\u011fi yapan belediye hakk\u0131nda su\u00e7 duyurusunda bulundu.<\/p>\n<p>Ceyhan Belediyesi koordinat\u00f6rl\u00fc\u011f\u00fcnde D\u00fcnya Anadolu K\u00f6pek Irklar\u0131 ve Kinoloji Derne\u011fi ile Uluslararas\u0131 Avrasya K\u00f6pek Irklar\u0131 Kinoloji Federasyonu i\u015f birli\u011finde 7 May\u0131s tarihinde B\u00fcy\u00fck Atat\u00fcrk Park\u0131&#8217;nda &#8220;Patili Dostlar G\u00fczellik Yar\u0131\u015fmas\u0131&#8221; d\u00fczenlendi.<\/p>\n<p>Yar\u0131\u015fma i\u00e7in parka getirilen k\u00f6peklerden biri, a\u011faca zincirli olmas\u0131na ra\u011fmen Atabey Ery\u00fcrekli&#8217;ye sald\u0131rd\u0131. Sald\u0131r\u0131n\u0131n hemen ard\u0131ndan ya\u015fananlar bir vatanda\u015f\u0131n sosyal medyadan yapt\u0131\u011f\u0131 canl\u0131 yay\u0131na yans\u0131d\u0131. Y\u00fcz\u00fcnden yaralanan k\u00fc\u00e7\u00fck \u00e7ocuk, Ceyhan Devlet Hastanesi&#8217;ne g\u00f6t\u00fcr\u00fcld\u00fc. K\u00fc\u00e7\u00fck Atabey, buradaki m\u00fcdahalenin ard\u0131ndan Adana \u015eehir Hastanesi Plastik Cerrah\u0131 Servisine sevk edildi.<\/p>\n<p>&#8220;En ciddi yaras\u0131 g\u00f6z kapa\u011f\u0131 y\u0131rt\u0131lmas\u0131&#8221;<\/p>\n<p>Baba Fatih Ery\u00fcrekli, \u00e7ok talihsiz bir olay ya\u015fad\u0131klar\u0131n\u0131 belirterek, &#8220;Rabbim evlad\u0131m\u0131z\u0131 bize ba\u011f\u0131\u015flad\u0131 \u015f\u00fck\u00fcrler olsun. Olay neticesinde yavrumuz yaraland\u0131. K\u00f6pek sald\u0131r\u0131s\u0131ndan sonra u\u011frad\u0131ktan sonra Adana \u015eehir Hastanesinde gerekli m\u00fcdahaleler yap\u0131ld\u0131. Evlad\u0131m\u0131z\u0131n en \u00f6nemlisi, en ciddi yaras\u0131 g\u00f6z kapa\u011f\u0131 y\u0131rt\u0131lmas\u0131 ve \u015f\u00fck\u00fcrler olsun ki g\u00f6z\u00fcnde \u015fuanda ilk verilere g\u00f6re her hangi bir \u015fey yok. Kafas\u0131nda, yana\u011f\u0131nda 2 adet yaras\u0131 var, kolunda ve aya\u011f\u0131nda \u00e7e\u015fitli yaralar meydana geldi. \u015e\u00fck\u00fcr duac\u0131y\u0131z, sa\u011fl\u0131k durumu her ge\u00e7en g\u00fcn iyiye gitmekte, in\u015fallah \u00e7ok daha iyiye gidece\u011fiz. \u00c7e\u015fitli psikolojik desteklerimizi al\u0131yoruz. En k\u0131sa zamanda atlataca\u011f\u0131m\u0131za inan\u0131yoruz&#8221; dedi.<\/p>\n<p>&#8220;Kimse bizimle ileti\u015fime ge\u00e7medi&#8221;<\/p>\n<p>K\u00f6pe\u011fin sahibi ve organizasyona ev sahipli\u011fi yapan Ceyhan Belediyesi g\u00f6revlileri hakk\u0131nda su\u00e7 duyurusunda bulunduklar\u0131n\u0131 belirten Ery\u00fcrekli, \u015funlar\u0131 kaydetti:<\/p>\n<p>&#8220;Bu konunun pe\u015fini b\u0131rakmayaca\u011f\u0131z, derdimiz her hangi bir \u015fey de\u011fil. Bir daha bu olay ya\u015fanmas\u0131n, kimsenin can\u0131 yanmas\u0131n aileler \u00fcz\u00fclmesin. Olayla ilgili \u00e7e\u015fitli \u015feyler duyduk, cam k\u0131r\u0131\u011f\u0131 batmas\u0131 gibi ifadeler verilmi\u015f. B\u00f6yle bir \u015fey kesinlikle yok, raporlarda da belirtiliyor, tamam\u0131yla k\u00f6pek sald\u0131r\u0131s\u0131yla olu\u015fan yaralar. Yetkililerden kimse bizimle ileti\u015fime ge\u00e7medi, en b\u00fcy\u00fck \u00fcz\u00fcnt\u00fcm\u00fcz bu. \u0130leti\u015fime ge\u00e7medikleri i\u00e7in \u00e7ok \u00fcz\u00fcl\u00fcyoruz.&#8221;<\/p>\n<p>&#8220;Hi\u00e7bir \u015fey olmam\u0131\u015f gibi etkinlik devam etti&#8221;<\/p>\n<p>Avukat Burcu Ery\u00fcrekL\u0130 ise en h\u0131zl\u0131 \u015fekilde sorumlular\u0131n ceza almas\u0131n\u0131 sa\u011flamak istediklerini belirterek, &#8220;Olay an\u0131n\u0131 sosyal medya \u00fczerinden canl\u0131 yay\u0131n yapan ki\u015fi Atabey&#8217;e k\u00f6pe\u011fin nas\u0131l sald\u0131rd\u0131\u011f\u0131n\u0131 korkulu bir \u015fekilde etrafa s\u00f6yleyip, k\u00f6peklerden uzakla\u015fmalar\u0131n\u0131 s\u00f6yl\u00fcyor. Olay esnas\u0131nda etkinli\u011fin devam etti\u011fini sunucunun k\u00f6pek sald\u0131r\u0131s\u0131 olmad\u0131\u011f\u0131n\u0131, \u00e7ocu\u011fun yere d\u00fc\u015f\u00fcp ba\u015f\u0131n\u0131 vurdu\u011funu s\u00f6yleyerek hi\u00e7 bir \u015fey olmam\u0131\u015f gibi etkinlik devam etti. Cep telefonu ile yay\u0131n yapan vatanda\u015f da sunucuya hitaben, yalan\u0131n\u0131z bats\u0131n Allah&#8217;tan ki canl\u0131 yay\u0131n a\u00e7\u0131kt\u0131 herkes g\u00f6rd\u00fc k\u00f6pe\u011fin \u00e7ocu\u011fa sald\u0131rd\u0131\u011f\u0131n\u0131 y\u00fcz\u00fcn\u00fc par\u00e7alad\u0131\u011f\u0131n\u0131 diyerek tepkisini g\u00f6sterdi&#8221; dedi.<\/p>\n<\/div>\n","protected":false},"excerpt":{"rendered":"<p>K\u00f6pek g\u00fczellik yar\u0131\u015fmas\u0131nda deh\u015fet&#8230;.Yar\u0131\u015fmaya kat\u0131lan k\u00f6pek, k\u00fc\u00e7\u00fck \u00e7ocu\u011fun y\u00fcz\u00fcn\u00fc par\u00e7alad\u0131 Adana&#8217;n\u0131n Ceyhan il\u00e7esinde d\u00fczenlenen k\u00f6pek g\u00fczellik yar\u0131\u015fmas\u0131nda, bir k\u00f6pe\u011fin sald\u0131r\u0131s\u0131na<\/p>\n","protected":false},"author":1,"featured_media":0,"comment_status":"open","ping_status":"open","sticky":false,"template":"","format":"standard","meta":{"footnotes":""},"categories":[10,14],"tags":[],"class_list":["post-2233","post","type-post","status-publish","format-standard","hentry","category-gundem","category-son-dakika"],"yoast_head":"<!-- This site is optimized with the Yoast SEO plugin v28.2 - https:\/\/yoast.com\/product\/yoast-seo-wordpress\/ -->\n<title>- MAV\u0130 HABER<\/title>\n<meta name=\"robots\" content=\"index, follow, max-snippet:-1, max-image-preview:large, max-video-preview:-1\" \/>\n<link rel=\"canonical\" href=\"https:\/\/www.mavihaber.com.tr\/?p=2233\" \/>\n<meta property=\"og:locale\" content=\"tr_TR\" \/>\n<meta property=\"og:type\" content=\"article\" \/>\n<meta property=\"og:title\" content=\"- MAV\u0130 HABER\" \/>\n<meta property=\"og:description\" content=\"K\u00f6pek g\u00fczellik yar\u0131\u015fmas\u0131nda deh\u015fet&#8230;.Yar\u0131\u015fmaya kat\u0131lan k\u00f6pek, k\u00fc\u00e7\u00fck \u00e7ocu\u011fun y\u00fcz\u00fcn\u00fc par\u00e7alad\u0131 Adana&#8217;n\u0131n Ceyhan il\u00e7esinde d\u00fczenlenen k\u00f6pek g\u00fczellik yar\u0131\u015fmas\u0131nda, bir k\u00f6pe\u011fin sald\u0131r\u0131s\u0131na\" \/>\n<meta property=\"og:url\" content=\"https:\/\/www.mavihaber.com.tr\/?p=2233\" \/>\n<meta property=\"og:site_name\" content=\"MAV\u0130 HABER\" \/>\n<meta property=\"article:publisher\" content=\"https:\/\/www.facebook.com\/ceyhan.mavi.142\/\" \/>\n<meta property=\"article:published_time\" content=\"2022-05-14T13:01:54+00:00\" \/>\n<meta property=\"article:modified_time\" content=\"2022-05-14T13:05:17+00:00\" \/>\n<meta name=\"author\" content=\"MAV\u0130 HABER\" \/>\n<meta name=\"twitter:card\" content=\"summary_large_image\" \/>\n<meta name=\"twitter:creator\" content=\"@ceyhanmavihaber\" \/>\n<meta name=\"twitter:site\" content=\"@ceyhanmavihaber\" \/>\n<meta name=\"twitter:label1\" content=\"Yazan:\" \/>\n\t<meta name=\"twitter:data1\" content=\"MAV\u0130 HABER\" \/>\n\t<meta name=\"twitter:label2\" content=\"Tahmini okuma s\u00fcresi\" \/>\n\t<meta name=\"twitter:data2\" content=\"3 dakika\" \/>\n<script type=\"application\/ld+json\" class=\"yoast-schema-graph\">{\"@context\":\"https:\\\/\\\/schema.org\",\"@graph\":[{\"@type\":\"Article\",\"@id\":\"https:\\\/\\\/www.mavihaber.com.tr\\\/?p=2233#article\",\"isPartOf\":{\"@id\":\"https:\\\/\\\/www.mavihaber.com.tr\\\/?p=2233\"},\"author\":{\"name\":\"MAV\u0130 HABER\",\"@id\":\"https:\\\/\\\/www.mavihaber.com.tr\\\/#\\\/schema\\\/person\\\/6b483c36decdaf2ea80ccc7e00592ec5\"},\"headline\":\"Ba\u015fl\u0131k yok\",\"datePublished\":\"2022-05-14T13:01:54+00:00\",\"dateModified\":\"2022-05-14T13:05:17+00:00\",\"mainEntityOfPage\":{\"@id\":\"https:\\\/\\\/www.mavihaber.com.tr\\\/?p=2233\"},\"wordCount\":645,\"commentCount\":0,\"publisher\":{\"@id\":\"https:\\\/\\\/www.mavihaber.com.tr\\\/#organization\"},\"articleSection\":[\"G\u00fcndem\",\"Son Dakika\"],\"inLanguage\":\"tr\",\"potentialAction\":[{\"@type\":\"CommentAction\",\"name\":\"Comment\",\"target\":[\"https:\\\/\\\/www.mavihaber.com.tr\\\/?p=2233#respond\"]}]},{\"@type\":\"WebPage\",\"@id\":\"https:\\\/\\\/www.mavihaber.com.tr\\\/?p=2233\",\"url\":\"https:\\\/\\\/www.mavihaber.com.tr\\\/?p=2233\",\"name\":\"- MAV\u0130 HABER\",\"isPartOf\":{\"@id\":\"https:\\\/\\\/www.mavihaber.com.tr\\\/#website\"},\"datePublished\":\"2022-05-14T13:01:54+00:00\",\"dateModified\":\"2022-05-14T13:05:17+00:00\",\"inLanguage\":\"tr\",\"potentialAction\":[{\"@type\":\"ReadAction\",\"target\":[\"https:\\\/\\\/www.mavihaber.com.tr\\\/?p=2233\"]}]},{\"@type\":\"WebSite\",\"@id\":\"https:\\\/\\\/www.mavihaber.com.tr\\\/#website\",\"url\":\"https:\\\/\\\/www.mavihaber.com.tr\\\/\",\"name\":\"MAV\u0130 HABER\",\"description\":\"S&Ouml;Z U&Ccedil;AR YAZI KALIR\",\"publisher\":{\"@id\":\"https:\\\/\\\/www.mavihaber.com.tr\\\/#organization\"},\"potentialAction\":[{\"@type\":\"SearchAction\",\"target\":{\"@type\":\"EntryPoint\",\"urlTemplate\":\"https:\\\/\\\/www.mavihaber.com.tr\\\/?s={search_term_string}\"},\"query-input\":{\"@type\":\"PropertyValueSpecification\",\"valueRequired\":true,\"valueName\":\"search_term_string\"}}],\"inLanguage\":\"tr\"},{\"@type\":\"Organization\",\"@id\":\"https:\\\/\\\/www.mavihaber.com.tr\\\/#organization\",\"name\":\"MAV\u0130 HABER\",\"url\":\"https:\\\/\\\/www.mavihaber.com.tr\\\/\",\"logo\":{\"@type\":\"ImageObject\",\"inLanguage\":\"tr\",\"@id\":\"https:\\\/\\\/www.mavihaber.com.tr\\\/#\\\/schema\\\/logo\\\/image\\\/\",\"url\":\"http:\\\/\\\/www.mavihaber.com.tr\\\/wp-content\\\/uploads\\\/2022\\\/02\\\/mavi-logo.png\",\"contentUrl\":\"http:\\\/\\\/www.mavihaber.com.tr\\\/wp-content\\\/uploads\\\/2022\\\/02\\\/mavi-logo.png\",\"width\":301,\"height\":81,\"caption\":\"MAV\u0130 HABER\"},\"image\":{\"@id\":\"https:\\\/\\\/www.mavihaber.com.tr\\\/#\\\/schema\\\/logo\\\/image\\\/\"},\"sameAs\":[\"https:\\\/\\\/www.facebook.com\\\/ceyhan.mavi.142\\\/\",\"https:\\\/\\\/x.com\\\/ceyhanmavihaber\",\"https:\\\/\\\/www.instagram.com\\\/ceyhanmavihaber\\\/\",\"https:\\\/\\\/www.youtube.com\\\/channel\\\/UCJQ-0-AFgj2GjI269QDUwNw\"]},{\"@type\":\"Person\",\"@id\":\"https:\\\/\\\/www.mavihaber.com.tr\\\/#\\\/schema\\\/person\\\/6b483c36decdaf2ea80ccc7e00592ec5\",\"name\":\"MAV\u0130 HABER\",\"image\":{\"@type\":\"ImageObject\",\"inLanguage\":\"tr\",\"@id\":\"https:\\\/\\\/secure.gravatar.com\\\/avatar\\\/8ec447ff07537b3472bb74c7b4212a4d84d9e722e01a066cab36264a08dd2a23?s=96&d=mm&r=g\",\"url\":\"https:\\\/\\\/secure.gravatar.com\\\/avatar\\\/8ec447ff07537b3472bb74c7b4212a4d84d9e722e01a066cab36264a08dd2a23?s=96&d=mm&r=g\",\"contentUrl\":\"https:\\\/\\\/secure.gravatar.com\\\/avatar\\\/8ec447ff07537b3472bb74c7b4212a4d84d9e722e01a066cab36264a08dd2a23?s=96&d=mm&r=g\",\"caption\":\"MAV\u0130 HABER\"},\"sameAs\":[\"http:\\\/\\\/www.mavihaber.com.tr\"],\"url\":\"https:\\\/\\\/www.mavihaber.com.tr\\\/?author=1\"}]}<\/script>\n<!-- \/ Yoast SEO plugin. -->","yoast_head_json":{"title":"- MAV\u0130 HABER","robots":{"index":"index","follow":"follow","max-snippet":"max-snippet:-1","max-image-preview":"max-image-preview:large","max-video-preview":"max-video-preview:-1"},"canonical":"https:\/\/www.mavihaber.com.tr\/?p=2233","og_locale":"tr_TR","og_type":"article","og_title":"- MAV\u0130 HABER","og_description":"K\u00f6pek g\u00fczellik yar\u0131\u015fmas\u0131nda deh\u015fet&#8230;.Yar\u0131\u015fmaya kat\u0131lan k\u00f6pek, k\u00fc\u00e7\u00fck \u00e7ocu\u011fun y\u00fcz\u00fcn\u00fc par\u00e7alad\u0131 Adana&#8217;n\u0131n Ceyhan il\u00e7esinde d\u00fczenlenen k\u00f6pek g\u00fczellik yar\u0131\u015fmas\u0131nda, bir k\u00f6pe\u011fin sald\u0131r\u0131s\u0131na","og_url":"https:\/\/www.mavihaber.com.tr\/?p=2233","og_site_name":"MAV\u0130 HABER","article_publisher":"https:\/\/www.facebook.com\/ceyhan.mavi.142\/","article_published_time":"2022-05-14T13:01:54+00:00","article_modified_time":"2022-05-14T13:05:17+00:00","author":"MAV\u0130 HABER","twitter_card":"summary_large_image","twitter_creator":"@ceyhanmavihaber","twitter_site":"@ceyhanmavihaber","twitter_misc":{"Yazan:":"MAV\u0130 HABER","Tahmini okuma s\u00fcresi":"3 dakika"},"schema":{"@context":"https:\/\/schema.org","@graph":[{"@type":"Article","@id":"https:\/\/www.mavihaber.com.tr\/?p=2233#article","isPartOf":{"@id":"https:\/\/www.mavihaber.com.tr\/?p=2233"},"author":{"name":"MAV\u0130 HABER","@id":"https:\/\/www.mavihaber.com.tr\/#\/schema\/person\/6b483c36decdaf2ea80ccc7e00592ec5"},"headline":"Ba\u015fl\u0131k yok","datePublished":"2022-05-14T13:01:54+00:00","dateModified":"2022-05-14T13:05:17+00:00","mainEntityOfPage":{"@id":"https:\/\/www.mavihaber.com.tr\/?p=2233"},"wordCount":645,"commentCount":0,"publisher":{"@id":"https:\/\/www.mavihaber.com.tr\/#organization"},"articleSection":["G\u00fcndem","Son Dakika"],"inLanguage":"tr","potentialAction":[{"@type":"CommentAction","name":"Comment","target":["https:\/\/www.mavihaber.com.tr\/?p=2233#respond"]}]},{"@type":"WebPage","@id":"https:\/\/www.mavihaber.com.tr\/?p=2233","url":"https:\/\/www.mavihaber.com.tr\/?p=2233","name":"- MAV\u0130 HABER","isPartOf":{"@id":"https:\/\/www.mavihaber.com.tr\/#website"},"datePublished":"2022-05-14T13:01:54+00:00","dateModified":"2022-05-14T13:05:17+00:00","inLanguage":"tr","potentialAction":[{"@type":"ReadAction","target":["https:\/\/www.mavihaber.com.tr\/?p=2233"]}]},{"@type":"WebSite","@id":"https:\/\/www.mavihaber.com.tr\/#website","url":"https:\/\/www.mavihaber.com.tr\/","name":"MAV\u0130 HABER","description":"S&Ouml;Z U&Ccedil;AR YAZI KALIR","publisher":{"@id":"https:\/\/www.mavihaber.com.tr\/#organization"},"potentialAction":[{"@type":"SearchAction","target":{"@type":"EntryPoint","urlTemplate":"https:\/\/www.mavihaber.com.tr\/?s={search_term_string}"},"query-input":{"@type":"PropertyValueSpecification","valueRequired":true,"valueName":"search_term_string"}}],"inLanguage":"tr"},{"@type":"Organization","@id":"https:\/\/www.mavihaber.com.tr\/#organization","name":"MAV\u0130 HABER","url":"https:\/\/www.mavihaber.com.tr\/","logo":{"@type":"ImageObject","inLanguage":"tr","@id":"https:\/\/www.mavihaber.com.tr\/#\/schema\/logo\/image\/","url":"http:\/\/www.mavihaber.com.tr\/wp-content\/uploads\/2022\/02\/mavi-logo.png","contentUrl":"http:\/\/www.mavihaber.com.tr\/wp-content\/uploads\/2022\/02\/mavi-logo.png","width":301,"height":81,"caption":"MAV\u0130 HABER"},"image":{"@id":"https:\/\/www.mavihaber.com.tr\/#\/schema\/logo\/image\/"},"sameAs":["https:\/\/www.facebook.com\/ceyhan.mavi.142\/","https:\/\/x.com\/ceyhanmavihaber","https:\/\/www.instagram.com\/ceyhanmavihaber\/","https:\/\/www.youtube.com\/channel\/UCJQ-0-AFgj2GjI269QDUwNw"]},{"@type":"Person","@id":"https:\/\/www.mavihaber.com.tr\/#\/schema\/person\/6b483c36decdaf2ea80ccc7e00592ec5","name":"MAV\u0130 HABER","image":{"@type":"ImageObject","inLanguage":"tr","@id":"https:\/\/secure.gravatar.com\/avatar\/8ec447ff07537b3472bb74c7b4212a4d84d9e722e01a066cab36264a08dd2a23?s=96&d=mm&r=g","url":"https:\/\/secure.gravatar.com\/avatar\/8ec447ff07537b3472bb74c7b4212a4d84d9e722e01a066cab36264a08dd2a23?s=96&d=mm&r=g","contentUrl":"https:\/\/secure.gravatar.com\/avatar\/8ec447ff07537b3472bb74c7b4212a4d84d9e722e01a066cab36264a08dd2a23?s=96&d=mm&r=g","caption":"MAV\u0130 HABER"},"sameAs":["http:\/\/www.mavihaber.com.tr"],"url":"https:\/\/www.mavihaber.com.tr\/?author=1"}]}},"views":349,"_links":{"self":[{"href":"https:\/\/www.mavihaber.com.tr\/index.php?rest_route=\/wp\/v2\/posts\/2233","targetHints":{"allow":["GET"]}}],"collection":[{"href":"https:\/\/www.mavihaber.com.tr\/index.php?rest_route=\/wp\/v2\/posts"}],"about":[{"href":"https:\/\/www.mavihaber.com.tr\/index.php?rest_route=\/wp\/v2\/types\/post"}],"author":[{"embeddable":true,"href":"https:\/\/www.mavihaber.com.tr\/index.php?rest_route=\/wp\/v2\/users\/1"}],"replies":[{"embeddable":true,"href":"https:\/\/www.mavihaber.com.tr\/index.php?rest_route=%2Fwp%2Fv2%2Fcomments&post=2233"}],"version-history":[{"count":1,"href":"https:\/\/www.mavihaber.com.tr\/index.php?rest_route=\/wp\/v2\/posts\/2233\/revisions"}],"predecessor-version":[{"id":2235,"href":"https:\/\/www.mavihaber.com.tr\/index.php?rest_route=\/wp\/v2\/posts\/2233\/revisions\/2235"}],"wp:attachment":[{"href":"https:\/\/www.mavihaber.com.tr\/index.php?rest_route=%2Fwp%2Fv2%2Fmedia&parent=2233"}],"wp:term":[{"taxonomy":"category","embeddable":true,"href":"https:\/\/www.mavihaber.com.tr\/index.php?rest_route=%2Fwp%2Fv2%2Fcategories&post=2233"},{"taxonomy":"post_tag","embeddable":true,"href":"https:\/\/www.mavihaber.com.tr\/index.php?rest_route=%2Fwp%2Fv2%2Ftags&post=2233"}],"curies":[{"name":"wp","href":"https:\/\/api.w.org\/{rel}","templated":true}]}}