{"id":2237,"date":"2022-05-14T13:27:47","date_gmt":"2022-05-14T13:27:47","guid":{"rendered":"http:\/\/www.mavihaber.com.tr\/?p=2237"},"modified":"2022-05-14T13:27:47","modified_gmt":"2022-05-14T13:27:47","slug":"2237","status":"publish","type":"post","link":"https:\/\/www.mavihaber.com.tr\/?p=2237","title":{"rendered":""},"content":{"rendered":"<p id=\"spot\" class=\"mt10 haber_ozet\">Adana&#8217;n\u0131n Ceyhan il\u00e7esinde 3 g\u00fcn \u00f6nce serinlemek amac\u0131yla nehre girdikten sonra ak\u0131nt\u0131ya kap\u0131larak kaybolan 16 ya\u015f\u0131ndaki \u00e7ocu\u011fu arama \u00e7al\u0131\u015fmalar\u0131 s\u00fcr\u00fcyor il\u00e7esinde 3 g\u00fcn \u00f6nce serinlemek amac\u0131yla nehre girdikten sonra ak\u0131nt\u0131ya kap\u0131larak kaybolan 16 ya\u015f\u0131ndaki \u00e7ocu\u011fu arama \u00e7al\u0131\u015fmalar\u0131 s\u00fcr\u00fcyor.<\/p>\n<div class=\"wrapper detay-v3_3 haber_metni pad-bot-20\">\n<p>Olay, D-400 Karayolu, B\u00f6lge Trafik M\u00fcd\u00fcrl\u00fc\u011f\u00fc yak\u0131nlar\u0131nda meydana geldi. Tar\u0131m i\u015f\u00e7ili\u011fi yapan ailesiyle \u00e7ilek toplamaya giden 16 ya\u015f\u0131ndaki Ferhat Batur, Ceyhan Nehri&#8217;ne girdi. G\u00f6rg\u00fc tan\u0131klar\u0131n\u0131n ifadesine g\u00f6re, nehirde y\u00fczen Ferhat Batur ak\u0131nt\u0131ya kap\u0131larak g\u00f6zden kayboldu.<\/p>\n<p>\u0130hbar \u00fczerine olay yerine polis ve itfaiye ekipleri sevk edildi. Aile kendi imkanlar\u0131yla da sandalla arama \u00e7al\u0131\u015fmas\u0131 yapt\u0131. Dalg\u0131\u00e7lar, \u00e7ocu\u011fun girdi\u011fi b\u00f6lge ve \u00e7al\u0131 diplerinde arama \u00e7al\u0131\u015fmalar\u0131n\u0131 3 g\u00fcnd\u00fcr aral\u0131ks\u0131z bir \u015fekilde devam ettiriyor. Ferhat Batur&#8217;un halas\u0131 Halime Aksu, &#8220;Sabah saat 11 gibi \u00e7ad\u0131rc\u0131lar\u0131n \u00e7ocuklar\u0131 orada \u00e7imiyorlard\u0131. Dedi ki, hala bak \u00e7ocuklar 10 ya\u015f\u0131ndalar nas\u0131l \u00e7imiyorlar. Ben de dedim o\u011flum sak\u0131n gitme, yok vallahi hala gitmeyece\u011fim dedi. Amcamlar\u0131n orada gitmi\u015f onlara kola g\u00f6t\u00fcrd\u00fc\u011f\u00fcnde demi\u015f amca onlar \u00e7imiyorsa ben de \u00e7immek isterim. O da sak\u0131n o\u011flum sen gitme demi\u015f. Biz de saat 3 oldu biz eve gidece\u011fiz o ben gelmiyorum dedi. Hepimiz annesi de dedi gel eve gidelim diye o yok ben burada kalaca\u011f\u0131m day\u0131lar\u0131mla gelece\u011fim dedi. Biz de nereden bilelim \u00e7ad\u0131rc\u0131lar\u0131n \u00e7ocuklar\u0131 suyun i\u00e7inde \u00e7imiyor. O da gitmi\u015f heves etmi\u015f kaza\u011f\u0131n\u0131, sporunu, \u015fapkas\u0131n\u0131 oraya \u00e7\u0131kar\u0131p suya girmi\u015f. \u00c7ocuklar g\u00f6rm\u00fc\u015f day\u0131 ko\u015f Ferhat suda eli g\u00f6r\u00fcn\u00fcyor, galiba suda bo\u011fuluyor. Abim de kalkm\u0131\u015f iki defa atlam\u0131\u015f bulamam\u0131\u015f g\u00f6zden \u00f6yle kayboldu. Bu 3 g\u00fcnd\u00fcr de aran\u0131yor. Ama kim g\u00f6r\u00fcrse Allah onlardan raz\u0131 olsun, haber versin. Bir an \u00f6nce suyun \u00fcst\u00fcne \u00e7\u0131kar in\u015fallah&#8221; dedi.<\/p>\n<\/div>\n","protected":false},"excerpt":{"rendered":"<p>Adana&#8217;n\u0131n Ceyhan il\u00e7esinde 3 g\u00fcn \u00f6nce serinlemek amac\u0131yla nehre girdikten sonra ak\u0131nt\u0131ya kap\u0131larak kaybolan 16 ya\u015f\u0131ndaki \u00e7ocu\u011fu arama \u00e7al\u0131\u015fmalar\u0131 s\u00fcr\u00fcyor<\/p>\n","protected":false},"author":1,"featured_media":0,"comment_status":"open","ping_status":"open","sticky":false,"template":"","format":"standard","meta":{"footnotes":""},"categories":[10,14],"tags":[],"class_list":["post-2237","post","type-post","status-publish","format-standard","hentry","category-gundem","category-son-dakika"],"yoast_head":"<!-- This site is optimized with the Yoast SEO plugin v28.2 - https:\/\/yoast.com\/product\/yoast-seo-wordpress\/ -->\n<title>- MAV\u0130 HABER<\/title>\n<meta name=\"robots\" content=\"index, follow, max-snippet:-1, max-image-preview:large, max-video-preview:-1\" \/>\n<link rel=\"canonical\" href=\"https:\/\/www.mavihaber.com.tr\/?p=2237\" \/>\n<meta property=\"og:locale\" content=\"tr_TR\" \/>\n<meta property=\"og:type\" content=\"article\" \/>\n<meta property=\"og:title\" content=\"- MAV\u0130 HABER\" \/>\n<meta property=\"og:description\" content=\"Adana&#8217;n\u0131n Ceyhan il\u00e7esinde 3 g\u00fcn \u00f6nce serinlemek amac\u0131yla nehre girdikten sonra ak\u0131nt\u0131ya kap\u0131larak kaybolan 16 ya\u015f\u0131ndaki \u00e7ocu\u011fu arama \u00e7al\u0131\u015fmalar\u0131 s\u00fcr\u00fcyor\" \/>\n<meta property=\"og:url\" content=\"https:\/\/www.mavihaber.com.tr\/?p=2237\" \/>\n<meta property=\"og:site_name\" content=\"MAV\u0130 HABER\" \/>\n<meta property=\"article:publisher\" content=\"https:\/\/www.facebook.com\/ceyhan.mavi.142\/\" \/>\n<meta property=\"article:published_time\" content=\"2022-05-14T13:27:47+00:00\" \/>\n<meta name=\"author\" content=\"MAV\u0130 HABER\" \/>\n<meta name=\"twitter:card\" content=\"summary_large_image\" \/>\n<meta name=\"twitter:creator\" content=\"@ceyhanmavihaber\" \/>\n<meta name=\"twitter:site\" content=\"@ceyhanmavihaber\" \/>\n<meta name=\"twitter:label1\" content=\"Yazan:\" \/>\n\t<meta name=\"twitter:data1\" content=\"MAV\u0130 HABER\" \/>\n\t<meta name=\"twitter:label2\" content=\"Tahmini okuma s\u00fcresi\" \/>\n\t<meta name=\"twitter:data2\" content=\"2 dakika\" \/>\n<script type=\"application\/ld+json\" class=\"yoast-schema-graph\">{\"@context\":\"https:\\\/\\\/schema.org\",\"@graph\":[{\"@type\":\"Article\",\"@id\":\"https:\\\/\\\/www.mavihaber.com.tr\\\/?p=2237#article\",\"isPartOf\":{\"@id\":\"https:\\\/\\\/www.mavihaber.com.tr\\\/?p=2237\"},\"author\":{\"name\":\"MAV\u0130 HABER\",\"@id\":\"https:\\\/\\\/www.mavihaber.com.tr\\\/#\\\/schema\\\/person\\\/6b483c36decdaf2ea80ccc7e00592ec5\"},\"headline\":\"Ba\u015fl\u0131k yok\",\"datePublished\":\"2022-05-14T13:27:47+00:00\",\"mainEntityOfPage\":{\"@id\":\"https:\\\/\\\/www.mavihaber.com.tr\\\/?p=2237\"},\"wordCount\":336,\"commentCount\":0,\"publisher\":{\"@id\":\"https:\\\/\\\/www.mavihaber.com.tr\\\/#organization\"},\"articleSection\":[\"G\u00fcndem\",\"Son Dakika\"],\"inLanguage\":\"tr\",\"potentialAction\":[{\"@type\":\"CommentAction\",\"name\":\"Comment\",\"target\":[\"https:\\\/\\\/www.mavihaber.com.tr\\\/?p=2237#respond\"]}]},{\"@type\":\"WebPage\",\"@id\":\"https:\\\/\\\/www.mavihaber.com.tr\\\/?p=2237\",\"url\":\"https:\\\/\\\/www.mavihaber.com.tr\\\/?p=2237\",\"name\":\"- MAV\u0130 HABER\",\"isPartOf\":{\"@id\":\"https:\\\/\\\/www.mavihaber.com.tr\\\/#website\"},\"datePublished\":\"2022-05-14T13:27:47+00:00\",\"inLanguage\":\"tr\",\"potentialAction\":[{\"@type\":\"ReadAction\",\"target\":[\"https:\\\/\\\/www.mavihaber.com.tr\\\/?p=2237\"]}]},{\"@type\":\"WebSite\",\"@id\":\"https:\\\/\\\/www.mavihaber.com.tr\\\/#website\",\"url\":\"https:\\\/\\\/www.mavihaber.com.tr\\\/\",\"name\":\"MAV\u0130 HABER\",\"description\":\"S&Ouml;Z U&Ccedil;AR YAZI KALIR\",\"publisher\":{\"@id\":\"https:\\\/\\\/www.mavihaber.com.tr\\\/#organization\"},\"potentialAction\":[{\"@type\":\"SearchAction\",\"target\":{\"@type\":\"EntryPoint\",\"urlTemplate\":\"https:\\\/\\\/www.mavihaber.com.tr\\\/?s={search_term_string}\"},\"query-input\":{\"@type\":\"PropertyValueSpecification\",\"valueRequired\":true,\"valueName\":\"search_term_string\"}}],\"inLanguage\":\"tr\"},{\"@type\":\"Organization\",\"@id\":\"https:\\\/\\\/www.mavihaber.com.tr\\\/#organization\",\"name\":\"MAV\u0130 HABER\",\"url\":\"https:\\\/\\\/www.mavihaber.com.tr\\\/\",\"logo\":{\"@type\":\"ImageObject\",\"inLanguage\":\"tr\",\"@id\":\"https:\\\/\\\/www.mavihaber.com.tr\\\/#\\\/schema\\\/logo\\\/image\\\/\",\"url\":\"http:\\\/\\\/www.mavihaber.com.tr\\\/wp-content\\\/uploads\\\/2022\\\/02\\\/mavi-logo.png\",\"contentUrl\":\"http:\\\/\\\/www.mavihaber.com.tr\\\/wp-content\\\/uploads\\\/2022\\\/02\\\/mavi-logo.png\",\"width\":301,\"height\":81,\"caption\":\"MAV\u0130 HABER\"},\"image\":{\"@id\":\"https:\\\/\\\/www.mavihaber.com.tr\\\/#\\\/schema\\\/logo\\\/image\\\/\"},\"sameAs\":[\"https:\\\/\\\/www.facebook.com\\\/ceyhan.mavi.142\\\/\",\"https:\\\/\\\/x.com\\\/ceyhanmavihaber\",\"https:\\\/\\\/www.instagram.com\\\/ceyhanmavihaber\\\/\",\"https:\\\/\\\/www.youtube.com\\\/channel\\\/UCJQ-0-AFgj2GjI269QDUwNw\"]},{\"@type\":\"Person\",\"@id\":\"https:\\\/\\\/www.mavihaber.com.tr\\\/#\\\/schema\\\/person\\\/6b483c36decdaf2ea80ccc7e00592ec5\",\"name\":\"MAV\u0130 HABER\",\"image\":{\"@type\":\"ImageObject\",\"inLanguage\":\"tr\",\"@id\":\"https:\\\/\\\/secure.gravatar.com\\\/avatar\\\/8ec447ff07537b3472bb74c7b4212a4d84d9e722e01a066cab36264a08dd2a23?s=96&d=mm&r=g\",\"url\":\"https:\\\/\\\/secure.gravatar.com\\\/avatar\\\/8ec447ff07537b3472bb74c7b4212a4d84d9e722e01a066cab36264a08dd2a23?s=96&d=mm&r=g\",\"contentUrl\":\"https:\\\/\\\/secure.gravatar.com\\\/avatar\\\/8ec447ff07537b3472bb74c7b4212a4d84d9e722e01a066cab36264a08dd2a23?s=96&d=mm&r=g\",\"caption\":\"MAV\u0130 HABER\"},\"sameAs\":[\"http:\\\/\\\/www.mavihaber.com.tr\"],\"url\":\"https:\\\/\\\/www.mavihaber.com.tr\\\/?author=1\"}]}<\/script>\n<!-- \/ Yoast SEO plugin. -->","yoast_head_json":{"title":"- MAV\u0130 HABER","robots":{"index":"index","follow":"follow","max-snippet":"max-snippet:-1","max-image-preview":"max-image-preview:large","max-video-preview":"max-video-preview:-1"},"canonical":"https:\/\/www.mavihaber.com.tr\/?p=2237","og_locale":"tr_TR","og_type":"article","og_title":"- MAV\u0130 HABER","og_description":"Adana&#8217;n\u0131n Ceyhan il\u00e7esinde 3 g\u00fcn \u00f6nce serinlemek amac\u0131yla nehre girdikten sonra ak\u0131nt\u0131ya kap\u0131larak kaybolan 16 ya\u015f\u0131ndaki \u00e7ocu\u011fu arama \u00e7al\u0131\u015fmalar\u0131 s\u00fcr\u00fcyor","og_url":"https:\/\/www.mavihaber.com.tr\/?p=2237","og_site_name":"MAV\u0130 HABER","article_publisher":"https:\/\/www.facebook.com\/ceyhan.mavi.142\/","article_published_time":"2022-05-14T13:27:47+00:00","author":"MAV\u0130 HABER","twitter_card":"summary_large_image","twitter_creator":"@ceyhanmavihaber","twitter_site":"@ceyhanmavihaber","twitter_misc":{"Yazan:":"MAV\u0130 HABER","Tahmini okuma s\u00fcresi":"2 dakika"},"schema":{"@context":"https:\/\/schema.org","@graph":[{"@type":"Article","@id":"https:\/\/www.mavihaber.com.tr\/?p=2237#article","isPartOf":{"@id":"https:\/\/www.mavihaber.com.tr\/?p=2237"},"author":{"name":"MAV\u0130 HABER","@id":"https:\/\/www.mavihaber.com.tr\/#\/schema\/person\/6b483c36decdaf2ea80ccc7e00592ec5"},"headline":"Ba\u015fl\u0131k yok","datePublished":"2022-05-14T13:27:47+00:00","mainEntityOfPage":{"@id":"https:\/\/www.mavihaber.com.tr\/?p=2237"},"wordCount":336,"commentCount":0,"publisher":{"@id":"https:\/\/www.mavihaber.com.tr\/#organization"},"articleSection":["G\u00fcndem","Son Dakika"],"inLanguage":"tr","potentialAction":[{"@type":"CommentAction","name":"Comment","target":["https:\/\/www.mavihaber.com.tr\/?p=2237#respond"]}]},{"@type":"WebPage","@id":"https:\/\/www.mavihaber.com.tr\/?p=2237","url":"https:\/\/www.mavihaber.com.tr\/?p=2237","name":"- MAV\u0130 HABER","isPartOf":{"@id":"https:\/\/www.mavihaber.com.tr\/#website"},"datePublished":"2022-05-14T13:27:47+00:00","inLanguage":"tr","potentialAction":[{"@type":"ReadAction","target":["https:\/\/www.mavihaber.com.tr\/?p=2237"]}]},{"@type":"WebSite","@id":"https:\/\/www.mavihaber.com.tr\/#website","url":"https:\/\/www.mavihaber.com.tr\/","name":"MAV\u0130 HABER","description":"S&Ouml;Z U&Ccedil;AR YAZI KALIR","publisher":{"@id":"https:\/\/www.mavihaber.com.tr\/#organization"},"potentialAction":[{"@type":"SearchAction","target":{"@type":"EntryPoint","urlTemplate":"https:\/\/www.mavihaber.com.tr\/?s={search_term_string}"},"query-input":{"@type":"PropertyValueSpecification","valueRequired":true,"valueName":"search_term_string"}}],"inLanguage":"tr"},{"@type":"Organization","@id":"https:\/\/www.mavihaber.com.tr\/#organization","name":"MAV\u0130 HABER","url":"https:\/\/www.mavihaber.com.tr\/","logo":{"@type":"ImageObject","inLanguage":"tr","@id":"https:\/\/www.mavihaber.com.tr\/#\/schema\/logo\/image\/","url":"http:\/\/www.mavihaber.com.tr\/wp-content\/uploads\/2022\/02\/mavi-logo.png","contentUrl":"http:\/\/www.mavihaber.com.tr\/wp-content\/uploads\/2022\/02\/mavi-logo.png","width":301,"height":81,"caption":"MAV\u0130 HABER"},"image":{"@id":"https:\/\/www.mavihaber.com.tr\/#\/schema\/logo\/image\/"},"sameAs":["https:\/\/www.facebook.com\/ceyhan.mavi.142\/","https:\/\/x.com\/ceyhanmavihaber","https:\/\/www.instagram.com\/ceyhanmavihaber\/","https:\/\/www.youtube.com\/channel\/UCJQ-0-AFgj2GjI269QDUwNw"]},{"@type":"Person","@id":"https:\/\/www.mavihaber.com.tr\/#\/schema\/person\/6b483c36decdaf2ea80ccc7e00592ec5","name":"MAV\u0130 HABER","image":{"@type":"ImageObject","inLanguage":"tr","@id":"https:\/\/secure.gravatar.com\/avatar\/8ec447ff07537b3472bb74c7b4212a4d84d9e722e01a066cab36264a08dd2a23?s=96&d=mm&r=g","url":"https:\/\/secure.gravatar.com\/avatar\/8ec447ff07537b3472bb74c7b4212a4d84d9e722e01a066cab36264a08dd2a23?s=96&d=mm&r=g","contentUrl":"https:\/\/secure.gravatar.com\/avatar\/8ec447ff07537b3472bb74c7b4212a4d84d9e722e01a066cab36264a08dd2a23?s=96&d=mm&r=g","caption":"MAV\u0130 HABER"},"sameAs":["http:\/\/www.mavihaber.com.tr"],"url":"https:\/\/www.mavihaber.com.tr\/?author=1"}]}},"views":402,"_links":{"self":[{"href":"https:\/\/www.mavihaber.com.tr\/index.php?rest_route=\/wp\/v2\/posts\/2237","targetHints":{"allow":["GET"]}}],"collection":[{"href":"https:\/\/www.mavihaber.com.tr\/index.php?rest_route=\/wp\/v2\/posts"}],"about":[{"href":"https:\/\/www.mavihaber.com.tr\/index.php?rest_route=\/wp\/v2\/types\/post"}],"author":[{"embeddable":true,"href":"https:\/\/www.mavihaber.com.tr\/index.php?rest_route=\/wp\/v2\/users\/1"}],"replies":[{"embeddable":true,"href":"https:\/\/www.mavihaber.com.tr\/index.php?rest_route=%2Fwp%2Fv2%2Fcomments&post=2237"}],"version-history":[{"count":1,"href":"https:\/\/www.mavihaber.com.tr\/index.php?rest_route=\/wp\/v2\/posts\/2237\/revisions"}],"predecessor-version":[{"id":2239,"href":"https:\/\/www.mavihaber.com.tr\/index.php?rest_route=\/wp\/v2\/posts\/2237\/revisions\/2239"}],"wp:attachment":[{"href":"https:\/\/www.mavihaber.com.tr\/index.php?rest_route=%2Fwp%2Fv2%2Fmedia&parent=2237"}],"wp:term":[{"taxonomy":"category","embeddable":true,"href":"https:\/\/www.mavihaber.com.tr\/index.php?rest_route=%2Fwp%2Fv2%2Fcategories&post=2237"},{"taxonomy":"post_tag","embeddable":true,"href":"https:\/\/www.mavihaber.com.tr\/index.php?rest_route=%2Fwp%2Fv2%2Ftags&post=2237"}],"curies":[{"name":"wp","href":"https:\/\/api.w.org\/{rel}","templated":true}]}}