{"id":2259,"date":"2022-05-17T12:34:22","date_gmt":"2022-05-17T12:34:22","guid":{"rendered":"http:\/\/www.mavihaber.com.tr\/?p=2259"},"modified":"2022-05-17T12:37:17","modified_gmt":"2022-05-17T12:37:17","slug":"2259","status":"publish","type":"post","link":"https:\/\/www.mavihaber.com.tr\/?p=2259","title":{"rendered":""},"content":{"rendered":"<p>SAM\u0130 \u00d6ZSOY\u2019DAN GEN\u00c7L\u0130K \u015e\u00d6LEN\u0130NE DAVET<\/p>\n<p>AK Parti Ceyhan \u0130l\u00e7e Ba\u015fkan\u0131 Sami \u00d6zsoy, Cumhurba\u015fkan\u0131 Sn. Recep Tayyip Erdo\u011fan\u2019\u0131n te\u015frifleriyle ger\u00e7ekle\u015ftirilecek \u201cGen\u00e7lik \u015e\u00f6leni\u2019ne\u201d t\u00fcm hem\u015fehrilerini davet etti.<\/p>\n<p>Cumhurba\u015fkan\u0131m\u0131z Sn. Recep Tayyip Erdo\u011fan\u2019\u0131 en son 9 Ekim 2021\u2019de Ceyhan\u2019\u0131m\u0131zda ve Adana\u2019m\u0131zda misafir etmenin gururunu ve mutlulu\u011funu ya\u015fam\u0131\u015ft\u0131k. \u015eimdi de hep birlikte Yeni Adana Stad\u0131\u2019nda d\u00fczenlenecek olan \u201cBir Gen\u00e7lik \u015e\u00f6leni\u201d program\u0131nda Say\u0131n Cumhurba\u015fkan\u0131m\u0131z Adanal\u0131 hem\u015fehrilerimizle bir araya gelecekler. 21 May\u0131s 2022 Cumartesi g\u00fcn\u00fc, saat 17.00\u2019de, Yeni Adana Stadyumu\u2019nda d\u00fczenlenecek olan bu b\u00fcy\u00fck \u015f\u00f6lende birbirinden k\u0131ymetli sanat\u00e7\u0131lar\u0131m\u0131z sahne alacaklar. 7\u2019den 70\u2019e t\u00fcm hem\u015fehrilerimizin keyifle vakit ge\u00e7irece\u011fi bir program olacak. Ayn\u0131 zamanda say\u0131n Cumhurba\u015fkan\u0131m\u0131z\u0131n da te\u015frifleriyle daha da anlaml\u0131 bir hale gelecek olan bu g\u00fczel organizasyona Adana olarak ev sahipli\u011fi yapmak bizler i\u00e7in ayr\u0131 bir gurur kayna\u011f\u0131.<br \/>\nSay\u0131n Cumhurba\u015fkan\u0131m\u0131zla Adanal\u0131 hem\u015fehrilerimizin bir kez daha kucakla\u015faca\u011f\u0131, \u00f6zlem duydu\u011fumuz b\u00fcy\u00fck bir etkinli\u011fi ya\u015fayaca\u011f\u0131z. Gen\u00e7lerimiz bizim g\u00f6zbebe\u011fimiz. \u00d6zellikle say\u0131n Cumhurba\u015fkan\u0131m\u0131z i\u00e7in gen\u00e7 karde\u015flerimizin yerleri bamba\u015fka. Bizler de bu anlay\u0131\u015fla her f\u0131rsatta gen\u00e7 karde\u015flerimizle bir araya gelerek onlarla birlikte yol y\u00fcr\u00fcmeye devam ettik. \u015eimdi ise gen\u00e7lerimiz ve hem\u015fehrilerimizle Genel Ba\u015fkan\u0131m\u0131z, Cumhurba\u015fkan\u0131m\u0131z Say\u0131n Recep Tayyip Erdo\u011fan\u2019\u0131 bir araya getirecek olman\u0131n heyecan\u0131n\u0131 ya\u015f\u0131yoruz\u201d dedi.<\/p>\n<p>Gen\u00e7lik \u015e\u00f6leni\u2019nde sevilen sanat\u00e7\u0131lar O\u011fuzhan Ko\u00e7, U\u011fur I\u015f\u0131lak, Tu\u011f\u00e7e Kandemir ve Erdem K\u0131nay\u2019\u0131n sahne alaca\u011f\u0131n\u0131 belirten Ba\u015fkan \u00d6zsoy, \u201cT\u00fcrkiye\u2019nin en g\u00f6zde sanat\u00e7\u0131lar\u0131n\u0131n sahne alaca\u011f\u0131 heyecan ve co\u015fku dolu Gen\u00e7lik \u015e\u00f6lenimizde hep birlikte orada olaca\u011f\u0131z. Cumartesi G\u00fcn\u00fc saat 14:30\u2019da \u0130l\u00e7e Ba\u015fkanl\u0131\u011f\u0131m\u0131zdan Gen\u00e7lik \u015eenli\u011fimize kat\u0131lmak isteyen vatanda\u015flar\u0131m\u0131z i\u00e7in ara\u00e7lar\u0131m\u0131z hareket edecektir. T\u00fcm Ceyhanl\u0131 hem\u015fehrilerimizi 21 May\u0131s\u2019ta Yeni Adana Stadyumu\u2019nda g\u00f6rmekten mutluluk duyar\u0131z. \u201d ifadelerini kulland\u0131<\/p>\n","protected":false},"excerpt":{"rendered":"<p>SAM\u0130 \u00d6ZSOY\u2019DAN GEN\u00c7L\u0130K \u015e\u00d6LEN\u0130NE DAVET AK Parti Ceyhan \u0130l\u00e7e Ba\u015fkan\u0131 Sami \u00d6zsoy, Cumhurba\u015fkan\u0131 Sn. Recep Tayyip Erdo\u011fan\u2019\u0131n te\u015frifleriyle ger\u00e7ekle\u015ftirilecek \u201cGen\u00e7lik<\/p>\n","protected":false},"author":1,"featured_media":0,"comment_status":"open","ping_status":"open","sticky":false,"template":"","format":"standard","meta":{"footnotes":""},"categories":[8,10,13,14],"tags":[],"class_list":["post-2259","post","type-post","status-publish","format-standard","hentry","category-ekonomi","category-gundem","category-siyaset","category-son-dakika"],"yoast_head":"<!-- This site is optimized with the Yoast SEO plugin v28.2 - https:\/\/yoast.com\/product\/yoast-seo-wordpress\/ -->\n<title>- MAV\u0130 HABER<\/title>\n<meta name=\"robots\" content=\"index, follow, max-snippet:-1, max-image-preview:large, max-video-preview:-1\" \/>\n<link rel=\"canonical\" href=\"https:\/\/www.mavihaber.com.tr\/?p=2259\" \/>\n<meta property=\"og:locale\" content=\"tr_TR\" \/>\n<meta property=\"og:type\" content=\"article\" \/>\n<meta property=\"og:title\" content=\"- MAV\u0130 HABER\" \/>\n<meta property=\"og:description\" content=\"SAM\u0130 \u00d6ZSOY\u2019DAN GEN\u00c7L\u0130K \u015e\u00d6LEN\u0130NE DAVET AK Parti Ceyhan \u0130l\u00e7e Ba\u015fkan\u0131 Sami \u00d6zsoy, Cumhurba\u015fkan\u0131 Sn. Recep Tayyip Erdo\u011fan\u2019\u0131n te\u015frifleriyle ger\u00e7ekle\u015ftirilecek \u201cGen\u00e7lik\" \/>\n<meta property=\"og:url\" content=\"https:\/\/www.mavihaber.com.tr\/?p=2259\" \/>\n<meta property=\"og:site_name\" content=\"MAV\u0130 HABER\" \/>\n<meta property=\"article:publisher\" content=\"https:\/\/www.facebook.com\/ceyhan.mavi.142\/\" \/>\n<meta property=\"article:published_time\" content=\"2022-05-17T12:34:22+00:00\" \/>\n<meta property=\"article:modified_time\" content=\"2022-05-17T12:37:17+00:00\" \/>\n<meta name=\"author\" content=\"MAV\u0130 HABER\" \/>\n<meta name=\"twitter:card\" content=\"summary_large_image\" \/>\n<meta name=\"twitter:creator\" content=\"@ceyhanmavihaber\" \/>\n<meta name=\"twitter:site\" content=\"@ceyhanmavihaber\" \/>\n<meta name=\"twitter:label1\" content=\"Yazan:\" \/>\n\t<meta name=\"twitter:data1\" content=\"MAV\u0130 HABER\" \/>\n\t<meta name=\"twitter:label2\" content=\"Tahmini okuma s\u00fcresi\" \/>\n\t<meta name=\"twitter:data2\" content=\"2 dakika\" \/>\n<script type=\"application\/ld+json\" class=\"yoast-schema-graph\">{\"@context\":\"https:\\\/\\\/schema.org\",\"@graph\":[{\"@type\":\"Article\",\"@id\":\"https:\\\/\\\/www.mavihaber.com.tr\\\/?p=2259#article\",\"isPartOf\":{\"@id\":\"https:\\\/\\\/www.mavihaber.com.tr\\\/?p=2259\"},\"author\":{\"name\":\"MAV\u0130 HABER\",\"@id\":\"https:\\\/\\\/www.mavihaber.com.tr\\\/#\\\/schema\\\/person\\\/6b483c36decdaf2ea80ccc7e00592ec5\"},\"headline\":\"Ba\u015fl\u0131k yok\",\"datePublished\":\"2022-05-17T12:34:22+00:00\",\"dateModified\":\"2022-05-17T12:37:17+00:00\",\"mainEntityOfPage\":{\"@id\":\"https:\\\/\\\/www.mavihaber.com.tr\\\/?p=2259\"},\"wordCount\":382,\"commentCount\":0,\"publisher\":{\"@id\":\"https:\\\/\\\/www.mavihaber.com.tr\\\/#organization\"},\"articleSection\":[\"Ekonomi\",\"G\u00fcndem\",\"Siyaset\",\"Son Dakika\"],\"inLanguage\":\"tr\",\"potentialAction\":[{\"@type\":\"CommentAction\",\"name\":\"Comment\",\"target\":[\"https:\\\/\\\/www.mavihaber.com.tr\\\/?p=2259#respond\"]}]},{\"@type\":\"WebPage\",\"@id\":\"https:\\\/\\\/www.mavihaber.com.tr\\\/?p=2259\",\"url\":\"https:\\\/\\\/www.mavihaber.com.tr\\\/?p=2259\",\"name\":\"- MAV\u0130 HABER\",\"isPartOf\":{\"@id\":\"https:\\\/\\\/www.mavihaber.com.tr\\\/#website\"},\"datePublished\":\"2022-05-17T12:34:22+00:00\",\"dateModified\":\"2022-05-17T12:37:17+00:00\",\"inLanguage\":\"tr\",\"potentialAction\":[{\"@type\":\"ReadAction\",\"target\":[\"https:\\\/\\\/www.mavihaber.com.tr\\\/?p=2259\"]}]},{\"@type\":\"WebSite\",\"@id\":\"https:\\\/\\\/www.mavihaber.com.tr\\\/#website\",\"url\":\"https:\\\/\\\/www.mavihaber.com.tr\\\/\",\"name\":\"MAV\u0130 HABER\",\"description\":\"S&Ouml;Z U&Ccedil;AR YAZI KALIR\",\"publisher\":{\"@id\":\"https:\\\/\\\/www.mavihaber.com.tr\\\/#organization\"},\"potentialAction\":[{\"@type\":\"SearchAction\",\"target\":{\"@type\":\"EntryPoint\",\"urlTemplate\":\"https:\\\/\\\/www.mavihaber.com.tr\\\/?s={search_term_string}\"},\"query-input\":{\"@type\":\"PropertyValueSpecification\",\"valueRequired\":true,\"valueName\":\"search_term_string\"}}],\"inLanguage\":\"tr\"},{\"@type\":\"Organization\",\"@id\":\"https:\\\/\\\/www.mavihaber.com.tr\\\/#organization\",\"name\":\"MAV\u0130 HABER\",\"url\":\"https:\\\/\\\/www.mavihaber.com.tr\\\/\",\"logo\":{\"@type\":\"ImageObject\",\"inLanguage\":\"tr\",\"@id\":\"https:\\\/\\\/www.mavihaber.com.tr\\\/#\\\/schema\\\/logo\\\/image\\\/\",\"url\":\"http:\\\/\\\/www.mavihaber.com.tr\\\/wp-content\\\/uploads\\\/2022\\\/02\\\/mavi-logo.png\",\"contentUrl\":\"http:\\\/\\\/www.mavihaber.com.tr\\\/wp-content\\\/uploads\\\/2022\\\/02\\\/mavi-logo.png\",\"width\":301,\"height\":81,\"caption\":\"MAV\u0130 HABER\"},\"image\":{\"@id\":\"https:\\\/\\\/www.mavihaber.com.tr\\\/#\\\/schema\\\/logo\\\/image\\\/\"},\"sameAs\":[\"https:\\\/\\\/www.facebook.com\\\/ceyhan.mavi.142\\\/\",\"https:\\\/\\\/x.com\\\/ceyhanmavihaber\",\"https:\\\/\\\/www.instagram.com\\\/ceyhanmavihaber\\\/\",\"https:\\\/\\\/www.youtube.com\\\/channel\\\/UCJQ-0-AFgj2GjI269QDUwNw\"]},{\"@type\":\"Person\",\"@id\":\"https:\\\/\\\/www.mavihaber.com.tr\\\/#\\\/schema\\\/person\\\/6b483c36decdaf2ea80ccc7e00592ec5\",\"name\":\"MAV\u0130 HABER\",\"image\":{\"@type\":\"ImageObject\",\"inLanguage\":\"tr\",\"@id\":\"https:\\\/\\\/secure.gravatar.com\\\/avatar\\\/8ec447ff07537b3472bb74c7b4212a4d84d9e722e01a066cab36264a08dd2a23?s=96&d=mm&r=g\",\"url\":\"https:\\\/\\\/secure.gravatar.com\\\/avatar\\\/8ec447ff07537b3472bb74c7b4212a4d84d9e722e01a066cab36264a08dd2a23?s=96&d=mm&r=g\",\"contentUrl\":\"https:\\\/\\\/secure.gravatar.com\\\/avatar\\\/8ec447ff07537b3472bb74c7b4212a4d84d9e722e01a066cab36264a08dd2a23?s=96&d=mm&r=g\",\"caption\":\"MAV\u0130 HABER\"},\"sameAs\":[\"http:\\\/\\\/www.mavihaber.com.tr\"],\"url\":\"https:\\\/\\\/www.mavihaber.com.tr\\\/?author=1\"}]}<\/script>\n<!-- \/ Yoast SEO plugin. -->","yoast_head_json":{"title":"- MAV\u0130 HABER","robots":{"index":"index","follow":"follow","max-snippet":"max-snippet:-1","max-image-preview":"max-image-preview:large","max-video-preview":"max-video-preview:-1"},"canonical":"https:\/\/www.mavihaber.com.tr\/?p=2259","og_locale":"tr_TR","og_type":"article","og_title":"- MAV\u0130 HABER","og_description":"SAM\u0130 \u00d6ZSOY\u2019DAN GEN\u00c7L\u0130K \u015e\u00d6LEN\u0130NE DAVET AK Parti Ceyhan \u0130l\u00e7e Ba\u015fkan\u0131 Sami \u00d6zsoy, Cumhurba\u015fkan\u0131 Sn. Recep Tayyip Erdo\u011fan\u2019\u0131n te\u015frifleriyle ger\u00e7ekle\u015ftirilecek \u201cGen\u00e7lik","og_url":"https:\/\/www.mavihaber.com.tr\/?p=2259","og_site_name":"MAV\u0130 HABER","article_publisher":"https:\/\/www.facebook.com\/ceyhan.mavi.142\/","article_published_time":"2022-05-17T12:34:22+00:00","article_modified_time":"2022-05-17T12:37:17+00:00","author":"MAV\u0130 HABER","twitter_card":"summary_large_image","twitter_creator":"@ceyhanmavihaber","twitter_site":"@ceyhanmavihaber","twitter_misc":{"Yazan:":"MAV\u0130 HABER","Tahmini okuma s\u00fcresi":"2 dakika"},"schema":{"@context":"https:\/\/schema.org","@graph":[{"@type":"Article","@id":"https:\/\/www.mavihaber.com.tr\/?p=2259#article","isPartOf":{"@id":"https:\/\/www.mavihaber.com.tr\/?p=2259"},"author":{"name":"MAV\u0130 HABER","@id":"https:\/\/www.mavihaber.com.tr\/#\/schema\/person\/6b483c36decdaf2ea80ccc7e00592ec5"},"headline":"Ba\u015fl\u0131k yok","datePublished":"2022-05-17T12:34:22+00:00","dateModified":"2022-05-17T12:37:17+00:00","mainEntityOfPage":{"@id":"https:\/\/www.mavihaber.com.tr\/?p=2259"},"wordCount":382,"commentCount":0,"publisher":{"@id":"https:\/\/www.mavihaber.com.tr\/#organization"},"articleSection":["Ekonomi","G\u00fcndem","Siyaset","Son Dakika"],"inLanguage":"tr","potentialAction":[{"@type":"CommentAction","name":"Comment","target":["https:\/\/www.mavihaber.com.tr\/?p=2259#respond"]}]},{"@type":"WebPage","@id":"https:\/\/www.mavihaber.com.tr\/?p=2259","url":"https:\/\/www.mavihaber.com.tr\/?p=2259","name":"- MAV\u0130 HABER","isPartOf":{"@id":"https:\/\/www.mavihaber.com.tr\/#website"},"datePublished":"2022-05-17T12:34:22+00:00","dateModified":"2022-05-17T12:37:17+00:00","inLanguage":"tr","potentialAction":[{"@type":"ReadAction","target":["https:\/\/www.mavihaber.com.tr\/?p=2259"]}]},{"@type":"WebSite","@id":"https:\/\/www.mavihaber.com.tr\/#website","url":"https:\/\/www.mavihaber.com.tr\/","name":"MAV\u0130 HABER","description":"S&Ouml;Z U&Ccedil;AR YAZI KALIR","publisher":{"@id":"https:\/\/www.mavihaber.com.tr\/#organization"},"potentialAction":[{"@type":"SearchAction","target":{"@type":"EntryPoint","urlTemplate":"https:\/\/www.mavihaber.com.tr\/?s={search_term_string}"},"query-input":{"@type":"PropertyValueSpecification","valueRequired":true,"valueName":"search_term_string"}}],"inLanguage":"tr"},{"@type":"Organization","@id":"https:\/\/www.mavihaber.com.tr\/#organization","name":"MAV\u0130 HABER","url":"https:\/\/www.mavihaber.com.tr\/","logo":{"@type":"ImageObject","inLanguage":"tr","@id":"https:\/\/www.mavihaber.com.tr\/#\/schema\/logo\/image\/","url":"http:\/\/www.mavihaber.com.tr\/wp-content\/uploads\/2022\/02\/mavi-logo.png","contentUrl":"http:\/\/www.mavihaber.com.tr\/wp-content\/uploads\/2022\/02\/mavi-logo.png","width":301,"height":81,"caption":"MAV\u0130 HABER"},"image":{"@id":"https:\/\/www.mavihaber.com.tr\/#\/schema\/logo\/image\/"},"sameAs":["https:\/\/www.facebook.com\/ceyhan.mavi.142\/","https:\/\/x.com\/ceyhanmavihaber","https:\/\/www.instagram.com\/ceyhanmavihaber\/","https:\/\/www.youtube.com\/channel\/UCJQ-0-AFgj2GjI269QDUwNw"]},{"@type":"Person","@id":"https:\/\/www.mavihaber.com.tr\/#\/schema\/person\/6b483c36decdaf2ea80ccc7e00592ec5","name":"MAV\u0130 HABER","image":{"@type":"ImageObject","inLanguage":"tr","@id":"https:\/\/secure.gravatar.com\/avatar\/8ec447ff07537b3472bb74c7b4212a4d84d9e722e01a066cab36264a08dd2a23?s=96&d=mm&r=g","url":"https:\/\/secure.gravatar.com\/avatar\/8ec447ff07537b3472bb74c7b4212a4d84d9e722e01a066cab36264a08dd2a23?s=96&d=mm&r=g","contentUrl":"https:\/\/secure.gravatar.com\/avatar\/8ec447ff07537b3472bb74c7b4212a4d84d9e722e01a066cab36264a08dd2a23?s=96&d=mm&r=g","caption":"MAV\u0130 HABER"},"sameAs":["http:\/\/www.mavihaber.com.tr"],"url":"https:\/\/www.mavihaber.com.tr\/?author=1"}]}},"views":344,"_links":{"self":[{"href":"https:\/\/www.mavihaber.com.tr\/index.php?rest_route=\/wp\/v2\/posts\/2259","targetHints":{"allow":["GET"]}}],"collection":[{"href":"https:\/\/www.mavihaber.com.tr\/index.php?rest_route=\/wp\/v2\/posts"}],"about":[{"href":"https:\/\/www.mavihaber.com.tr\/index.php?rest_route=\/wp\/v2\/types\/post"}],"author":[{"embeddable":true,"href":"https:\/\/www.mavihaber.com.tr\/index.php?rest_route=\/wp\/v2\/users\/1"}],"replies":[{"embeddable":true,"href":"https:\/\/www.mavihaber.com.tr\/index.php?rest_route=%2Fwp%2Fv2%2Fcomments&post=2259"}],"version-history":[{"count":1,"href":"https:\/\/www.mavihaber.com.tr\/index.php?rest_route=\/wp\/v2\/posts\/2259\/revisions"}],"predecessor-version":[{"id":2262,"href":"https:\/\/www.mavihaber.com.tr\/index.php?rest_route=\/wp\/v2\/posts\/2259\/revisions\/2262"}],"wp:attachment":[{"href":"https:\/\/www.mavihaber.com.tr\/index.php?rest_route=%2Fwp%2Fv2%2Fmedia&parent=2259"}],"wp:term":[{"taxonomy":"category","embeddable":true,"href":"https:\/\/www.mavihaber.com.tr\/index.php?rest_route=%2Fwp%2Fv2%2Fcategories&post=2259"},{"taxonomy":"post_tag","embeddable":true,"href":"https:\/\/www.mavihaber.com.tr\/index.php?rest_route=%2Fwp%2Fv2%2Ftags&post=2259"}],"curies":[{"name":"wp","href":"https:\/\/api.w.org\/{rel}","templated":true}]}}