{"id":238,"date":"2022-02-03T21:22:41","date_gmt":"2022-02-03T21:22:41","guid":{"rendered":"http:\/\/www.mavihaber.com.tr\/?p=238"},"modified":"2022-02-03T21:22:41","modified_gmt":"2022-02-03T21:22:41","slug":"baskan-uludagdan-regaip-kandili-mesaji","status":"publish","type":"post","link":"https:\/\/www.mavihaber.com.tr\/?p=238","title":{"rendered":"BA\u015eKAN ULUDA\u011e\u2019DAN REGA\u0130P KAND\u0130L\u0130 MESAJI"},"content":{"rendered":"<p class=\"x_MsoNormal\"><b>BA\u015eKAN ULUDA\u011e\u2019DAN REGA\u0130P KAND\u0130L\u0130 MESAJI<\/b><\/p>\n<p class=\"x_MsoNormal\"><b>Sar\u0131\u00e7am Belediye Ba\u015fkan\u0131 Bilal Uluda\u011f,\u00a0 \u00fc\u00e7 aylar ve Regaip kandili dolay\u0131s\u0131yla bir mesaj yay\u0131mlad\u0131. Mesaj\u0131nda, m\u00fcbarek \u00fc\u00e7 aylar\u0131n ba\u015flang\u0131c\u0131 olan Regaip Kandilinin Ramazan-\u0131 \u015eerif&#8217;in m\u00fcjdecisi oldu\u011funu belirten Ba\u015fkan Uluda\u011f, bu aylarda sevgi, ho\u015fg\u00f6r\u00fc, payla\u015fma ve dayan\u0131\u015fma duygular\u0131n\u0131n en \u00fcst seviyeye \u00e7\u0131kt\u0131\u011f\u0131 sayg\u0131 ve yard\u0131mla\u015fma duygular\u0131n\u0131n doru\u011fa ula\u015ft\u0131\u011f\u0131 m\u00fcstesna gecelerden biri oldu\u011funu belirtti.<\/b><\/p>\n<p class=\"x_MsoNormal\"><b>Ba\u015fkan Uluda\u011f mesaj\u0131nda Recep ay\u0131 ile ba\u015flayan \u015eaban ve Ramazan aylar\u0131 ile devam eden \u00fc\u00e7 aylar\u0131n, rahmet ve ma\u011ffiret kap\u0131lar\u0131n\u0131n a\u00e7\u0131ld\u0131\u011f\u0131, i\u00e7erisinde bin aydan daha hay\u0131rl\u0131 Kadir gecesinin bulundu\u011fu geceyle zirveye ula\u015fan, Ramazan bayram\u0131yla da madd\u00ee ve manev\u00ee alanda bayrama d\u00f6n\u00fc\u015fen manevi y\u00fckseli\u015f, ba\u011f\u0131\u015flanma ve f\u0131rsat aylar\u0131 oldu\u011funu kaydetti.<\/b><\/p>\n<p class=\"x_MsoNormal\"><b>\u201cT\u00dcM \u0130NSANLI\u011eA KAR\u015eI G\u00d6REV VE SORUMLULUKLARIMIZIN OLDU\u011eUNU HATIRLAMALIYIZ\u201d<\/b><\/p>\n<p class=\"x_MsoNormal\"><b>Regaip Kandilinde, Peygamber Efendimiz Hz. Muhammed\u2019in (S.A.V.) kutlu yolculu\u011funun \u0131\u015f\u0131\u011f\u0131nda, Y\u00fcce Yaradan\u2019a, ailemize, milletimize ve t\u00fcm insanl\u0131\u011fa kar\u015f\u0131 g\u00f6rev ve sorumluluklar\u0131m\u0131z\u0131n oldu\u011funu bir kez daha hat\u0131rlamal\u0131y\u0131z diyen Sar\u0131\u00e7am Belediye Ba\u015fkan\u0131 Bilal Uluda\u011f, s\u00f6zlerine \u015f\u00f6yle devam etti; \u201cRamazan-\u0131 \u015eerif&#8217;in m\u00fcjdecisi, m\u00fcbarek \u00fc\u00e7 aylar\u0131n ba\u015flang\u0131c\u0131nday\u0131z. B\u00f6ylesine mana y\u00fckl\u00fc, manevi duygular\u0131n doruk yapt\u0131\u011f\u0131, ba\u011f\u0131\u015flanma ve f\u0131rsat aylar\u0131 olan \u00fc\u00e7 aylar i\u00e7erisinde kandillerimizi \u00f6z\u00fcne yak\u0131\u015f\u0131r \u015fekilde idrak etmeliyiz. Bu gecede vicdan muhasebesi yaparak kendimizi sorgulamal\u0131, yanl\u0131\u015f ve kusurlar\u0131m\u0131zdan d\u00f6nme konusunda \u00e7aba sarf etmeliyiz. K\u00fcsl\u00fck ve darg\u0131nl\u0131klara son vermeli, bu anlaml\u0131 g\u00fcn\u00fcn bar\u0131\u015fa, dostlu\u011fa, karde\u015fli\u011fe vesile olmas\u0131 i\u00e7in \u00fczerimize d\u00fc\u015fen g\u00f6revi yerine getirmeliyiz.\u00a0 Bu duygu ve d\u00fc\u015f\u00fcncelerle, t\u00fcm \u0130slam \u00e2leminin Regaip Kandilini ve \u00fc\u00e7 aylar\u0131n\u0131 tebrik ediyor, millet\u00e7e birlik ve beraberlik i\u00e7inde daha nice kandillere kavu\u015fmay\u0131, b\u00fct\u00fcn insanl\u0131\u011f\u0131n bar\u0131\u015f ve huzur i\u00e7inde olmas\u0131n\u0131 Cenab-\u0131 Allah&#8217;tan niyaz ediyorum&#8221;<\/b><\/p>\n","protected":false},"excerpt":{"rendered":"<p>BA\u015eKAN ULUDA\u011e\u2019DAN REGA\u0130P KAND\u0130L\u0130 MESAJI Sar\u0131\u00e7am Belediye Ba\u015fkan\u0131 Bilal Uluda\u011f,\u00a0 \u00fc\u00e7 aylar ve Regaip kandili dolay\u0131s\u0131yla bir mesaj yay\u0131mlad\u0131. Mesaj\u0131nda,<\/p>\n","protected":false},"author":1,"featured_media":0,"comment_status":"open","ping_status":"open","sticky":false,"template":"","format":"standard","meta":{"footnotes":""},"categories":[13],"tags":[],"class_list":["post-238","post","type-post","status-publish","format-standard","hentry","category-siyaset"],"yoast_head":"<!-- This site is optimized with the Yoast SEO plugin v28.2 - https:\/\/yoast.com\/product\/yoast-seo-wordpress\/ -->\n<title>BA\u015eKAN ULUDA\u011e\u2019DAN REGA\u0130P KAND\u0130L\u0130 MESAJI - MAV\u0130 HABER<\/title>\n<meta name=\"robots\" content=\"index, follow, max-snippet:-1, max-image-preview:large, max-video-preview:-1\" \/>\n<link rel=\"canonical\" href=\"https:\/\/www.mavihaber.com.tr\/?p=238\" \/>\n<meta property=\"og:locale\" content=\"tr_TR\" \/>\n<meta property=\"og:type\" content=\"article\" \/>\n<meta property=\"og:title\" content=\"BA\u015eKAN ULUDA\u011e\u2019DAN REGA\u0130P KAND\u0130L\u0130 MESAJI - MAV\u0130 HABER\" \/>\n<meta property=\"og:description\" content=\"BA\u015eKAN ULUDA\u011e\u2019DAN REGA\u0130P KAND\u0130L\u0130 MESAJI Sar\u0131\u00e7am Belediye Ba\u015fkan\u0131 Bilal Uluda\u011f,\u00a0 \u00fc\u00e7 aylar ve Regaip kandili dolay\u0131s\u0131yla bir mesaj yay\u0131mlad\u0131. Mesaj\u0131nda,\" \/>\n<meta property=\"og:url\" content=\"https:\/\/www.mavihaber.com.tr\/?p=238\" \/>\n<meta property=\"og:site_name\" content=\"MAV\u0130 HABER\" \/>\n<meta property=\"article:publisher\" content=\"https:\/\/www.facebook.com\/ceyhan.mavi.142\/\" \/>\n<meta property=\"article:published_time\" content=\"2022-02-03T21:22:41+00:00\" \/>\n<meta name=\"author\" content=\"MAV\u0130 HABER\" \/>\n<meta name=\"twitter:card\" content=\"summary_large_image\" \/>\n<meta name=\"twitter:creator\" content=\"@ceyhanmavihaber\" \/>\n<meta name=\"twitter:site\" content=\"@ceyhanmavihaber\" \/>\n<meta name=\"twitter:label1\" content=\"Yazan:\" \/>\n\t<meta name=\"twitter:data1\" content=\"MAV\u0130 HABER\" \/>\n\t<meta name=\"twitter:label2\" content=\"Tahmini okuma s\u00fcresi\" \/>\n\t<meta name=\"twitter:data2\" content=\"2 dakika\" \/>\n<script type=\"application\/ld+json\" class=\"yoast-schema-graph\">{\"@context\":\"https:\\\/\\\/schema.org\",\"@graph\":[{\"@type\":\"Article\",\"@id\":\"https:\\\/\\\/www.mavihaber.com.tr\\\/?p=238#article\",\"isPartOf\":{\"@id\":\"https:\\\/\\\/www.mavihaber.com.tr\\\/?p=238\"},\"author\":{\"name\":\"MAV\u0130 HABER\",\"@id\":\"https:\\\/\\\/www.mavihaber.com.tr\\\/#\\\/schema\\\/person\\\/6b483c36decdaf2ea80ccc7e00592ec5\"},\"headline\":\"BA\u015eKAN ULUDA\u011e\u2019DAN REGA\u0130P KAND\u0130L\u0130 MESAJI\",\"datePublished\":\"2022-02-03T21:22:41+00:00\",\"mainEntityOfPage\":{\"@id\":\"https:\\\/\\\/www.mavihaber.com.tr\\\/?p=238\"},\"wordCount\":366,\"commentCount\":0,\"publisher\":{\"@id\":\"https:\\\/\\\/www.mavihaber.com.tr\\\/#organization\"},\"articleSection\":[\"Siyaset\"],\"inLanguage\":\"tr\",\"potentialAction\":[{\"@type\":\"CommentAction\",\"name\":\"Comment\",\"target\":[\"https:\\\/\\\/www.mavihaber.com.tr\\\/?p=238#respond\"]}]},{\"@type\":\"WebPage\",\"@id\":\"https:\\\/\\\/www.mavihaber.com.tr\\\/?p=238\",\"url\":\"https:\\\/\\\/www.mavihaber.com.tr\\\/?p=238\",\"name\":\"BA\u015eKAN ULUDA\u011e\u2019DAN REGA\u0130P KAND\u0130L\u0130 MESAJI - MAV\u0130 HABER\",\"isPartOf\":{\"@id\":\"https:\\\/\\\/www.mavihaber.com.tr\\\/#website\"},\"datePublished\":\"2022-02-03T21:22:41+00:00\",\"breadcrumb\":{\"@id\":\"https:\\\/\\\/www.mavihaber.com.tr\\\/?p=238#breadcrumb\"},\"inLanguage\":\"tr\",\"potentialAction\":[{\"@type\":\"ReadAction\",\"target\":[\"https:\\\/\\\/www.mavihaber.com.tr\\\/?p=238\"]}]},{\"@type\":\"BreadcrumbList\",\"@id\":\"https:\\\/\\\/www.mavihaber.com.tr\\\/?p=238#breadcrumb\",\"itemListElement\":[{\"@type\":\"ListItem\",\"position\":1,\"name\":\"Anasayfa\",\"item\":\"https:\\\/\\\/www.mavihaber.com.tr\\\/\"},{\"@type\":\"ListItem\",\"position\":2,\"name\":\"BA\u015eKAN ULUDA\u011e\u2019DAN REGA\u0130P KAND\u0130L\u0130 MESAJI\"}]},{\"@type\":\"WebSite\",\"@id\":\"https:\\\/\\\/www.mavihaber.com.tr\\\/#website\",\"url\":\"https:\\\/\\\/www.mavihaber.com.tr\\\/\",\"name\":\"MAV\u0130 HABER\",\"description\":\"S&Ouml;Z U&Ccedil;AR YAZI KALIR\",\"publisher\":{\"@id\":\"https:\\\/\\\/www.mavihaber.com.tr\\\/#organization\"},\"potentialAction\":[{\"@type\":\"SearchAction\",\"target\":{\"@type\":\"EntryPoint\",\"urlTemplate\":\"https:\\\/\\\/www.mavihaber.com.tr\\\/?s={search_term_string}\"},\"query-input\":{\"@type\":\"PropertyValueSpecification\",\"valueRequired\":true,\"valueName\":\"search_term_string\"}}],\"inLanguage\":\"tr\"},{\"@type\":\"Organization\",\"@id\":\"https:\\\/\\\/www.mavihaber.com.tr\\\/#organization\",\"name\":\"MAV\u0130 HABER\",\"url\":\"https:\\\/\\\/www.mavihaber.com.tr\\\/\",\"logo\":{\"@type\":\"ImageObject\",\"inLanguage\":\"tr\",\"@id\":\"https:\\\/\\\/www.mavihaber.com.tr\\\/#\\\/schema\\\/logo\\\/image\\\/\",\"url\":\"http:\\\/\\\/www.mavihaber.com.tr\\\/wp-content\\\/uploads\\\/2022\\\/02\\\/mavi-logo.png\",\"contentUrl\":\"http:\\\/\\\/www.mavihaber.com.tr\\\/wp-content\\\/uploads\\\/2022\\\/02\\\/mavi-logo.png\",\"width\":301,\"height\":81,\"caption\":\"MAV\u0130 HABER\"},\"image\":{\"@id\":\"https:\\\/\\\/www.mavihaber.com.tr\\\/#\\\/schema\\\/logo\\\/image\\\/\"},\"sameAs\":[\"https:\\\/\\\/www.facebook.com\\\/ceyhan.mavi.142\\\/\",\"https:\\\/\\\/x.com\\\/ceyhanmavihaber\",\"https:\\\/\\\/www.instagram.com\\\/ceyhanmavihaber\\\/\",\"https:\\\/\\\/www.youtube.com\\\/channel\\\/UCJQ-0-AFgj2GjI269QDUwNw\"]},{\"@type\":\"Person\",\"@id\":\"https:\\\/\\\/www.mavihaber.com.tr\\\/#\\\/schema\\\/person\\\/6b483c36decdaf2ea80ccc7e00592ec5\",\"name\":\"MAV\u0130 HABER\",\"image\":{\"@type\":\"ImageObject\",\"inLanguage\":\"tr\",\"@id\":\"https:\\\/\\\/secure.gravatar.com\\\/avatar\\\/8ec447ff07537b3472bb74c7b4212a4d84d9e722e01a066cab36264a08dd2a23?s=96&d=mm&r=g\",\"url\":\"https:\\\/\\\/secure.gravatar.com\\\/avatar\\\/8ec447ff07537b3472bb74c7b4212a4d84d9e722e01a066cab36264a08dd2a23?s=96&d=mm&r=g\",\"contentUrl\":\"https:\\\/\\\/secure.gravatar.com\\\/avatar\\\/8ec447ff07537b3472bb74c7b4212a4d84d9e722e01a066cab36264a08dd2a23?s=96&d=mm&r=g\",\"caption\":\"MAV\u0130 HABER\"},\"sameAs\":[\"http:\\\/\\\/www.mavihaber.com.tr\"],\"url\":\"https:\\\/\\\/www.mavihaber.com.tr\\\/?author=1\"}]}<\/script>\n<!-- \/ Yoast SEO plugin. -->","yoast_head_json":{"title":"BA\u015eKAN ULUDA\u011e\u2019DAN REGA\u0130P KAND\u0130L\u0130 MESAJI - MAV\u0130 HABER","robots":{"index":"index","follow":"follow","max-snippet":"max-snippet:-1","max-image-preview":"max-image-preview:large","max-video-preview":"max-video-preview:-1"},"canonical":"https:\/\/www.mavihaber.com.tr\/?p=238","og_locale":"tr_TR","og_type":"article","og_title":"BA\u015eKAN ULUDA\u011e\u2019DAN REGA\u0130P KAND\u0130L\u0130 MESAJI - MAV\u0130 HABER","og_description":"BA\u015eKAN ULUDA\u011e\u2019DAN REGA\u0130P KAND\u0130L\u0130 MESAJI Sar\u0131\u00e7am Belediye Ba\u015fkan\u0131 Bilal Uluda\u011f,\u00a0 \u00fc\u00e7 aylar ve Regaip kandili dolay\u0131s\u0131yla bir mesaj yay\u0131mlad\u0131. Mesaj\u0131nda,","og_url":"https:\/\/www.mavihaber.com.tr\/?p=238","og_site_name":"MAV\u0130 HABER","article_publisher":"https:\/\/www.facebook.com\/ceyhan.mavi.142\/","article_published_time":"2022-02-03T21:22:41+00:00","author":"MAV\u0130 HABER","twitter_card":"summary_large_image","twitter_creator":"@ceyhanmavihaber","twitter_site":"@ceyhanmavihaber","twitter_misc":{"Yazan:":"MAV\u0130 HABER","Tahmini okuma s\u00fcresi":"2 dakika"},"schema":{"@context":"https:\/\/schema.org","@graph":[{"@type":"Article","@id":"https:\/\/www.mavihaber.com.tr\/?p=238#article","isPartOf":{"@id":"https:\/\/www.mavihaber.com.tr\/?p=238"},"author":{"name":"MAV\u0130 HABER","@id":"https:\/\/www.mavihaber.com.tr\/#\/schema\/person\/6b483c36decdaf2ea80ccc7e00592ec5"},"headline":"BA\u015eKAN ULUDA\u011e\u2019DAN REGA\u0130P KAND\u0130L\u0130 MESAJI","datePublished":"2022-02-03T21:22:41+00:00","mainEntityOfPage":{"@id":"https:\/\/www.mavihaber.com.tr\/?p=238"},"wordCount":366,"commentCount":0,"publisher":{"@id":"https:\/\/www.mavihaber.com.tr\/#organization"},"articleSection":["Siyaset"],"inLanguage":"tr","potentialAction":[{"@type":"CommentAction","name":"Comment","target":["https:\/\/www.mavihaber.com.tr\/?p=238#respond"]}]},{"@type":"WebPage","@id":"https:\/\/www.mavihaber.com.tr\/?p=238","url":"https:\/\/www.mavihaber.com.tr\/?p=238","name":"BA\u015eKAN ULUDA\u011e\u2019DAN REGA\u0130P KAND\u0130L\u0130 MESAJI - MAV\u0130 HABER","isPartOf":{"@id":"https:\/\/www.mavihaber.com.tr\/#website"},"datePublished":"2022-02-03T21:22:41+00:00","breadcrumb":{"@id":"https:\/\/www.mavihaber.com.tr\/?p=238#breadcrumb"},"inLanguage":"tr","potentialAction":[{"@type":"ReadAction","target":["https:\/\/www.mavihaber.com.tr\/?p=238"]}]},{"@type":"BreadcrumbList","@id":"https:\/\/www.mavihaber.com.tr\/?p=238#breadcrumb","itemListElement":[{"@type":"ListItem","position":1,"name":"Anasayfa","item":"https:\/\/www.mavihaber.com.tr\/"},{"@type":"ListItem","position":2,"name":"BA\u015eKAN ULUDA\u011e\u2019DAN REGA\u0130P KAND\u0130L\u0130 MESAJI"}]},{"@type":"WebSite","@id":"https:\/\/www.mavihaber.com.tr\/#website","url":"https:\/\/www.mavihaber.com.tr\/","name":"MAV\u0130 HABER","description":"S&Ouml;Z U&Ccedil;AR YAZI KALIR","publisher":{"@id":"https:\/\/www.mavihaber.com.tr\/#organization"},"potentialAction":[{"@type":"SearchAction","target":{"@type":"EntryPoint","urlTemplate":"https:\/\/www.mavihaber.com.tr\/?s={search_term_string}"},"query-input":{"@type":"PropertyValueSpecification","valueRequired":true,"valueName":"search_term_string"}}],"inLanguage":"tr"},{"@type":"Organization","@id":"https:\/\/www.mavihaber.com.tr\/#organization","name":"MAV\u0130 HABER","url":"https:\/\/www.mavihaber.com.tr\/","logo":{"@type":"ImageObject","inLanguage":"tr","@id":"https:\/\/www.mavihaber.com.tr\/#\/schema\/logo\/image\/","url":"http:\/\/www.mavihaber.com.tr\/wp-content\/uploads\/2022\/02\/mavi-logo.png","contentUrl":"http:\/\/www.mavihaber.com.tr\/wp-content\/uploads\/2022\/02\/mavi-logo.png","width":301,"height":81,"caption":"MAV\u0130 HABER"},"image":{"@id":"https:\/\/www.mavihaber.com.tr\/#\/schema\/logo\/image\/"},"sameAs":["https:\/\/www.facebook.com\/ceyhan.mavi.142\/","https:\/\/x.com\/ceyhanmavihaber","https:\/\/www.instagram.com\/ceyhanmavihaber\/","https:\/\/www.youtube.com\/channel\/UCJQ-0-AFgj2GjI269QDUwNw"]},{"@type":"Person","@id":"https:\/\/www.mavihaber.com.tr\/#\/schema\/person\/6b483c36decdaf2ea80ccc7e00592ec5","name":"MAV\u0130 HABER","image":{"@type":"ImageObject","inLanguage":"tr","@id":"https:\/\/secure.gravatar.com\/avatar\/8ec447ff07537b3472bb74c7b4212a4d84d9e722e01a066cab36264a08dd2a23?s=96&d=mm&r=g","url":"https:\/\/secure.gravatar.com\/avatar\/8ec447ff07537b3472bb74c7b4212a4d84d9e722e01a066cab36264a08dd2a23?s=96&d=mm&r=g","contentUrl":"https:\/\/secure.gravatar.com\/avatar\/8ec447ff07537b3472bb74c7b4212a4d84d9e722e01a066cab36264a08dd2a23?s=96&d=mm&r=g","caption":"MAV\u0130 HABER"},"sameAs":["http:\/\/www.mavihaber.com.tr"],"url":"https:\/\/www.mavihaber.com.tr\/?author=1"}]}},"views":373,"_links":{"self":[{"href":"https:\/\/www.mavihaber.com.tr\/index.php?rest_route=\/wp\/v2\/posts\/238","targetHints":{"allow":["GET"]}}],"collection":[{"href":"https:\/\/www.mavihaber.com.tr\/index.php?rest_route=\/wp\/v2\/posts"}],"about":[{"href":"https:\/\/www.mavihaber.com.tr\/index.php?rest_route=\/wp\/v2\/types\/post"}],"author":[{"embeddable":true,"href":"https:\/\/www.mavihaber.com.tr\/index.php?rest_route=\/wp\/v2\/users\/1"}],"replies":[{"embeddable":true,"href":"https:\/\/www.mavihaber.com.tr\/index.php?rest_route=%2Fwp%2Fv2%2Fcomments&post=238"}],"version-history":[{"count":1,"href":"https:\/\/www.mavihaber.com.tr\/index.php?rest_route=\/wp\/v2\/posts\/238\/revisions"}],"predecessor-version":[{"id":240,"href":"https:\/\/www.mavihaber.com.tr\/index.php?rest_route=\/wp\/v2\/posts\/238\/revisions\/240"}],"wp:attachment":[{"href":"https:\/\/www.mavihaber.com.tr\/index.php?rest_route=%2Fwp%2Fv2%2Fmedia&parent=238"}],"wp:term":[{"taxonomy":"category","embeddable":true,"href":"https:\/\/www.mavihaber.com.tr\/index.php?rest_route=%2Fwp%2Fv2%2Fcategories&post=238"},{"taxonomy":"post_tag","embeddable":true,"href":"https:\/\/www.mavihaber.com.tr\/index.php?rest_route=%2Fwp%2Fv2%2Ftags&post=238"}],"curies":[{"name":"wp","href":"https:\/\/api.w.org\/{rel}","templated":true}]}}