{"id":2398,"date":"2022-05-27T09:47:26","date_gmt":"2022-05-27T09:47:26","guid":{"rendered":"http:\/\/www.mavihaber.com.tr\/?p=2398"},"modified":"2022-05-27T09:47:26","modified_gmt":"2022-05-27T09:47:26","slug":"ogretmenler-yaz-tatilinden-olacak","status":"publish","type":"post","link":"https:\/\/www.mavihaber.com.tr\/?p=2398","title":{"rendered":"\u201c\u00d6\u011fretmenler yaz tatilinden olacak\u201d"},"content":{"rendered":"<p>CHP Adana Milletvekili Dr. M\u00fczeyyen \u015eevkin, MEB\u2019in \u00f6\u011fretmenlere y\u00f6nelik yaz tatili boyunca e\u011fitim program\u0131 d\u00fczenlemesini meclise ta\u015f\u0131d\u0131<\/p>\n<p>CHP\u2019li \u015eevkin, MEB\u2019i yanl\u0131\u015ftan d\u00f6nmeye \u00e7a\u011f\u0131rd\u0131<\/p>\n<p>\u201cMEB, yaz tatilinde e\u011fitim d\u00fczenleyecek, \u00f6\u011fretmenler tatilden olacak\u201d<\/p>\n<p>ANKARA &#8211; Cumhuriyet Halk Partisi (CHP) Adana Milletvekili Dr. M\u00fczeyyen \u015eevkin, T\u00fcrkiye B\u00fcy\u00fck Millet Meclisi (TBMM) Genel Kurulu\u2019nda yapt\u0131\u011f\u0131 konu\u015fmada, \u00f6\u011fretmenlerin yaz tatilinde e\u011fitim program\u0131na al\u0131nmas\u0131n\u0131 ele\u015ftirdi. Mill\u00ee E\u011fitim Bakanl\u0131\u011f\u0131\u2019n\u0131n (MEB) \u00f6\u011fretmenlerin yaz tatilini hesaba almadan uzman \u00f6\u011fretmenlik ve ba\u015f\u00f6\u011fretmenlik i\u00e7in 18 Temmuz ve 5 Eyl\u00fcl tarihleri aras\u0131na e\u011fitim program\u0131 yapt\u0131\u011f\u0131n\u0131 kaydeden Dr. \u015eevkin, e\u011fitimlerin y\u00fcz y\u00fcze mi yoksa uzaktan e\u011fitimle mi yap\u0131laca\u011f\u0131n\u0131n h\u00e2len netlik kazanmad\u0131\u011f\u0131n\u0131, yaz tatilinde k\u00f6y\u00fcne, memleketine, anne babas\u0131n\u0131n yan\u0131na gidecek \u00f6\u011fretmenlerin durumunun g\u00f6z \u00f6n\u00fcne al\u0131nmamas\u0131n\u0131n yanl\u0131\u015fl\u0131\u011f\u0131na i\u015faret etti.<\/p>\n<p>\u201cYANLI\u015eTAN D\u00d6N\u00dcN\u201d E\u011fitimin eyl\u00fcl ay\u0131ndan ba\u015flayarak ak\u015fam saatlerinde ger\u00e7ekle\u015ftirilebilece\u011fini ancak MEB\u2019in maalesef bu y\u00f6ntemi denemedi\u011fini kaydeden CHP\u2019li Dr. \u015eevkin, \u201cBu nedenle \u00f6\u011fretmenlerin tatil haklar\u0131 da engellenmi\u015ftir\u201d dedi. S\u0131nav i\u00e7in yine \u015fartl\u0131 kurs d\u00fczenlenmesinin de yanl\u0131\u015fl\u0131\u011f\u0131na dikkat \u00e7eken Dr. \u015eevkin, \u201c\u0130lk defa y\u00f6netici olacak \u00f6\u011fretmenlerin ise son d\u00f6rt y\u0131l i\u00e7inde ald\u0131klar\u0131 \u00f6d\u00fcller g\u00f6z \u00f6n\u00fcnde bulundurulacak, bu da \u00f6nceki y\u0131llarda \u00f6d\u00fcl alan \u00f6\u011fretmenlere kar\u015f\u0131 b\u00fcy\u00fck bir haks\u0131zl\u0131kt\u0131r\u201d diye konu\u015ftu. CHP\u2019li Dr. \u015eevkin, \u201cMEB&#8217;i yanl\u0131\u015flar\u0131n\u0131 d\u00fczeltmeye davet ediyorum\u201d ifadesini kulland\u0131.<\/p>\n","protected":false},"excerpt":{"rendered":"<p>CHP Adana Milletvekili Dr. M\u00fczeyyen \u015eevkin, MEB\u2019in \u00f6\u011fretmenlere y\u00f6nelik yaz tatili boyunca e\u011fitim program\u0131 d\u00fczenlemesini meclise ta\u015f\u0131d\u0131 CHP\u2019li \u015eevkin, MEB\u2019i<\/p>\n","protected":false},"author":1,"featured_media":0,"comment_status":"open","ping_status":"open","sticky":false,"template":"","format":"standard","meta":{"footnotes":""},"categories":[24,10,13],"tags":[],"class_list":["post-2398","post","type-post","status-publish","format-standard","hentry","category-egitim","category-gundem","category-siyaset"],"yoast_head":"<!-- This site is optimized with the Yoast SEO plugin v28.2 - https:\/\/yoast.com\/product\/yoast-seo-wordpress\/ -->\n<title>\u201c\u00d6\u011fretmenler yaz tatilinden olacak\u201d - MAV\u0130 HABER<\/title>\n<meta name=\"robots\" content=\"index, follow, max-snippet:-1, max-image-preview:large, max-video-preview:-1\" \/>\n<link rel=\"canonical\" href=\"https:\/\/www.mavihaber.com.tr\/?p=2398\" \/>\n<meta property=\"og:locale\" content=\"tr_TR\" \/>\n<meta property=\"og:type\" content=\"article\" \/>\n<meta property=\"og:title\" content=\"\u201c\u00d6\u011fretmenler yaz tatilinden olacak\u201d - MAV\u0130 HABER\" \/>\n<meta property=\"og:description\" content=\"CHP Adana Milletvekili Dr. M\u00fczeyyen \u015eevkin, MEB\u2019in \u00f6\u011fretmenlere y\u00f6nelik yaz tatili boyunca e\u011fitim program\u0131 d\u00fczenlemesini meclise ta\u015f\u0131d\u0131 CHP\u2019li \u015eevkin, MEB\u2019i\" \/>\n<meta property=\"og:url\" content=\"https:\/\/www.mavihaber.com.tr\/?p=2398\" \/>\n<meta property=\"og:site_name\" content=\"MAV\u0130 HABER\" \/>\n<meta property=\"article:publisher\" content=\"https:\/\/www.facebook.com\/ceyhan.mavi.142\/\" \/>\n<meta property=\"article:published_time\" content=\"2022-05-27T09:47:26+00:00\" \/>\n<meta name=\"author\" content=\"MAV\u0130 HABER\" \/>\n<meta name=\"twitter:card\" content=\"summary_large_image\" \/>\n<meta name=\"twitter:creator\" content=\"@ceyhanmavihaber\" \/>\n<meta name=\"twitter:site\" content=\"@ceyhanmavihaber\" \/>\n<meta name=\"twitter:label1\" content=\"Yazan:\" \/>\n\t<meta name=\"twitter:data1\" content=\"MAV\u0130 HABER\" \/>\n\t<meta name=\"twitter:label2\" content=\"Tahmini okuma s\u00fcresi\" \/>\n\t<meta name=\"twitter:data2\" content=\"1 dakika\" \/>\n<script type=\"application\/ld+json\" class=\"yoast-schema-graph\">{\"@context\":\"https:\\\/\\\/schema.org\",\"@graph\":[{\"@type\":\"Article\",\"@id\":\"https:\\\/\\\/www.mavihaber.com.tr\\\/?p=2398#article\",\"isPartOf\":{\"@id\":\"https:\\\/\\\/www.mavihaber.com.tr\\\/?p=2398\"},\"author\":{\"name\":\"MAV\u0130 HABER\",\"@id\":\"https:\\\/\\\/www.mavihaber.com.tr\\\/#\\\/schema\\\/person\\\/6b483c36decdaf2ea80ccc7e00592ec5\"},\"headline\":\"\u201c\u00d6\u011fretmenler yaz tatilinden olacak\u201d\",\"datePublished\":\"2022-05-27T09:47:26+00:00\",\"mainEntityOfPage\":{\"@id\":\"https:\\\/\\\/www.mavihaber.com.tr\\\/?p=2398\"},\"wordCount\":288,\"commentCount\":0,\"publisher\":{\"@id\":\"https:\\\/\\\/www.mavihaber.com.tr\\\/#organization\"},\"articleSection\":[\"E\u011fitim\",\"G\u00fcndem\",\"Siyaset\"],\"inLanguage\":\"tr\",\"potentialAction\":[{\"@type\":\"CommentAction\",\"name\":\"Comment\",\"target\":[\"https:\\\/\\\/www.mavihaber.com.tr\\\/?p=2398#respond\"]}]},{\"@type\":\"WebPage\",\"@id\":\"https:\\\/\\\/www.mavihaber.com.tr\\\/?p=2398\",\"url\":\"https:\\\/\\\/www.mavihaber.com.tr\\\/?p=2398\",\"name\":\"\u201c\u00d6\u011fretmenler yaz tatilinden olacak\u201d - MAV\u0130 HABER\",\"isPartOf\":{\"@id\":\"https:\\\/\\\/www.mavihaber.com.tr\\\/#website\"},\"datePublished\":\"2022-05-27T09:47:26+00:00\",\"breadcrumb\":{\"@id\":\"https:\\\/\\\/www.mavihaber.com.tr\\\/?p=2398#breadcrumb\"},\"inLanguage\":\"tr\",\"potentialAction\":[{\"@type\":\"ReadAction\",\"target\":[\"https:\\\/\\\/www.mavihaber.com.tr\\\/?p=2398\"]}]},{\"@type\":\"BreadcrumbList\",\"@id\":\"https:\\\/\\\/www.mavihaber.com.tr\\\/?p=2398#breadcrumb\",\"itemListElement\":[{\"@type\":\"ListItem\",\"position\":1,\"name\":\"Anasayfa\",\"item\":\"https:\\\/\\\/www.mavihaber.com.tr\\\/\"},{\"@type\":\"ListItem\",\"position\":2,\"name\":\"\u201c\u00d6\u011fretmenler yaz tatilinden olacak\u201d\"}]},{\"@type\":\"WebSite\",\"@id\":\"https:\\\/\\\/www.mavihaber.com.tr\\\/#website\",\"url\":\"https:\\\/\\\/www.mavihaber.com.tr\\\/\",\"name\":\"MAV\u0130 HABER\",\"description\":\"S&Ouml;Z U&Ccedil;AR YAZI KALIR\",\"publisher\":{\"@id\":\"https:\\\/\\\/www.mavihaber.com.tr\\\/#organization\"},\"potentialAction\":[{\"@type\":\"SearchAction\",\"target\":{\"@type\":\"EntryPoint\",\"urlTemplate\":\"https:\\\/\\\/www.mavihaber.com.tr\\\/?s={search_term_string}\"},\"query-input\":{\"@type\":\"PropertyValueSpecification\",\"valueRequired\":true,\"valueName\":\"search_term_string\"}}],\"inLanguage\":\"tr\"},{\"@type\":\"Organization\",\"@id\":\"https:\\\/\\\/www.mavihaber.com.tr\\\/#organization\",\"name\":\"MAV\u0130 HABER\",\"url\":\"https:\\\/\\\/www.mavihaber.com.tr\\\/\",\"logo\":{\"@type\":\"ImageObject\",\"inLanguage\":\"tr\",\"@id\":\"https:\\\/\\\/www.mavihaber.com.tr\\\/#\\\/schema\\\/logo\\\/image\\\/\",\"url\":\"http:\\\/\\\/www.mavihaber.com.tr\\\/wp-content\\\/uploads\\\/2022\\\/02\\\/mavi-logo.png\",\"contentUrl\":\"http:\\\/\\\/www.mavihaber.com.tr\\\/wp-content\\\/uploads\\\/2022\\\/02\\\/mavi-logo.png\",\"width\":301,\"height\":81,\"caption\":\"MAV\u0130 HABER\"},\"image\":{\"@id\":\"https:\\\/\\\/www.mavihaber.com.tr\\\/#\\\/schema\\\/logo\\\/image\\\/\"},\"sameAs\":[\"https:\\\/\\\/www.facebook.com\\\/ceyhan.mavi.142\\\/\",\"https:\\\/\\\/x.com\\\/ceyhanmavihaber\",\"https:\\\/\\\/www.instagram.com\\\/ceyhanmavihaber\\\/\",\"https:\\\/\\\/www.youtube.com\\\/channel\\\/UCJQ-0-AFgj2GjI269QDUwNw\"]},{\"@type\":\"Person\",\"@id\":\"https:\\\/\\\/www.mavihaber.com.tr\\\/#\\\/schema\\\/person\\\/6b483c36decdaf2ea80ccc7e00592ec5\",\"name\":\"MAV\u0130 HABER\",\"image\":{\"@type\":\"ImageObject\",\"inLanguage\":\"tr\",\"@id\":\"https:\\\/\\\/secure.gravatar.com\\\/avatar\\\/8ec447ff07537b3472bb74c7b4212a4d84d9e722e01a066cab36264a08dd2a23?s=96&d=mm&r=g\",\"url\":\"https:\\\/\\\/secure.gravatar.com\\\/avatar\\\/8ec447ff07537b3472bb74c7b4212a4d84d9e722e01a066cab36264a08dd2a23?s=96&d=mm&r=g\",\"contentUrl\":\"https:\\\/\\\/secure.gravatar.com\\\/avatar\\\/8ec447ff07537b3472bb74c7b4212a4d84d9e722e01a066cab36264a08dd2a23?s=96&d=mm&r=g\",\"caption\":\"MAV\u0130 HABER\"},\"sameAs\":[\"http:\\\/\\\/www.mavihaber.com.tr\"],\"url\":\"https:\\\/\\\/www.mavihaber.com.tr\\\/?author=1\"}]}<\/script>\n<!-- \/ Yoast SEO plugin. -->","yoast_head_json":{"title":"\u201c\u00d6\u011fretmenler yaz tatilinden olacak\u201d - MAV\u0130 HABER","robots":{"index":"index","follow":"follow","max-snippet":"max-snippet:-1","max-image-preview":"max-image-preview:large","max-video-preview":"max-video-preview:-1"},"canonical":"https:\/\/www.mavihaber.com.tr\/?p=2398","og_locale":"tr_TR","og_type":"article","og_title":"\u201c\u00d6\u011fretmenler yaz tatilinden olacak\u201d - MAV\u0130 HABER","og_description":"CHP Adana Milletvekili Dr. M\u00fczeyyen \u015eevkin, MEB\u2019in \u00f6\u011fretmenlere y\u00f6nelik yaz tatili boyunca e\u011fitim program\u0131 d\u00fczenlemesini meclise ta\u015f\u0131d\u0131 CHP\u2019li \u015eevkin, MEB\u2019i","og_url":"https:\/\/www.mavihaber.com.tr\/?p=2398","og_site_name":"MAV\u0130 HABER","article_publisher":"https:\/\/www.facebook.com\/ceyhan.mavi.142\/","article_published_time":"2022-05-27T09:47:26+00:00","author":"MAV\u0130 HABER","twitter_card":"summary_large_image","twitter_creator":"@ceyhanmavihaber","twitter_site":"@ceyhanmavihaber","twitter_misc":{"Yazan:":"MAV\u0130 HABER","Tahmini okuma s\u00fcresi":"1 dakika"},"schema":{"@context":"https:\/\/schema.org","@graph":[{"@type":"Article","@id":"https:\/\/www.mavihaber.com.tr\/?p=2398#article","isPartOf":{"@id":"https:\/\/www.mavihaber.com.tr\/?p=2398"},"author":{"name":"MAV\u0130 HABER","@id":"https:\/\/www.mavihaber.com.tr\/#\/schema\/person\/6b483c36decdaf2ea80ccc7e00592ec5"},"headline":"\u201c\u00d6\u011fretmenler yaz tatilinden olacak\u201d","datePublished":"2022-05-27T09:47:26+00:00","mainEntityOfPage":{"@id":"https:\/\/www.mavihaber.com.tr\/?p=2398"},"wordCount":288,"commentCount":0,"publisher":{"@id":"https:\/\/www.mavihaber.com.tr\/#organization"},"articleSection":["E\u011fitim","G\u00fcndem","Siyaset"],"inLanguage":"tr","potentialAction":[{"@type":"CommentAction","name":"Comment","target":["https:\/\/www.mavihaber.com.tr\/?p=2398#respond"]}]},{"@type":"WebPage","@id":"https:\/\/www.mavihaber.com.tr\/?p=2398","url":"https:\/\/www.mavihaber.com.tr\/?p=2398","name":"\u201c\u00d6\u011fretmenler yaz tatilinden olacak\u201d - MAV\u0130 HABER","isPartOf":{"@id":"https:\/\/www.mavihaber.com.tr\/#website"},"datePublished":"2022-05-27T09:47:26+00:00","breadcrumb":{"@id":"https:\/\/www.mavihaber.com.tr\/?p=2398#breadcrumb"},"inLanguage":"tr","potentialAction":[{"@type":"ReadAction","target":["https:\/\/www.mavihaber.com.tr\/?p=2398"]}]},{"@type":"BreadcrumbList","@id":"https:\/\/www.mavihaber.com.tr\/?p=2398#breadcrumb","itemListElement":[{"@type":"ListItem","position":1,"name":"Anasayfa","item":"https:\/\/www.mavihaber.com.tr\/"},{"@type":"ListItem","position":2,"name":"\u201c\u00d6\u011fretmenler yaz tatilinden olacak\u201d"}]},{"@type":"WebSite","@id":"https:\/\/www.mavihaber.com.tr\/#website","url":"https:\/\/www.mavihaber.com.tr\/","name":"MAV\u0130 HABER","description":"S&Ouml;Z U&Ccedil;AR YAZI KALIR","publisher":{"@id":"https:\/\/www.mavihaber.com.tr\/#organization"},"potentialAction":[{"@type":"SearchAction","target":{"@type":"EntryPoint","urlTemplate":"https:\/\/www.mavihaber.com.tr\/?s={search_term_string}"},"query-input":{"@type":"PropertyValueSpecification","valueRequired":true,"valueName":"search_term_string"}}],"inLanguage":"tr"},{"@type":"Organization","@id":"https:\/\/www.mavihaber.com.tr\/#organization","name":"MAV\u0130 HABER","url":"https:\/\/www.mavihaber.com.tr\/","logo":{"@type":"ImageObject","inLanguage":"tr","@id":"https:\/\/www.mavihaber.com.tr\/#\/schema\/logo\/image\/","url":"http:\/\/www.mavihaber.com.tr\/wp-content\/uploads\/2022\/02\/mavi-logo.png","contentUrl":"http:\/\/www.mavihaber.com.tr\/wp-content\/uploads\/2022\/02\/mavi-logo.png","width":301,"height":81,"caption":"MAV\u0130 HABER"},"image":{"@id":"https:\/\/www.mavihaber.com.tr\/#\/schema\/logo\/image\/"},"sameAs":["https:\/\/www.facebook.com\/ceyhan.mavi.142\/","https:\/\/x.com\/ceyhanmavihaber","https:\/\/www.instagram.com\/ceyhanmavihaber\/","https:\/\/www.youtube.com\/channel\/UCJQ-0-AFgj2GjI269QDUwNw"]},{"@type":"Person","@id":"https:\/\/www.mavihaber.com.tr\/#\/schema\/person\/6b483c36decdaf2ea80ccc7e00592ec5","name":"MAV\u0130 HABER","image":{"@type":"ImageObject","inLanguage":"tr","@id":"https:\/\/secure.gravatar.com\/avatar\/8ec447ff07537b3472bb74c7b4212a4d84d9e722e01a066cab36264a08dd2a23?s=96&d=mm&r=g","url":"https:\/\/secure.gravatar.com\/avatar\/8ec447ff07537b3472bb74c7b4212a4d84d9e722e01a066cab36264a08dd2a23?s=96&d=mm&r=g","contentUrl":"https:\/\/secure.gravatar.com\/avatar\/8ec447ff07537b3472bb74c7b4212a4d84d9e722e01a066cab36264a08dd2a23?s=96&d=mm&r=g","caption":"MAV\u0130 HABER"},"sameAs":["http:\/\/www.mavihaber.com.tr"],"url":"https:\/\/www.mavihaber.com.tr\/?author=1"}]}},"views":351,"_links":{"self":[{"href":"https:\/\/www.mavihaber.com.tr\/index.php?rest_route=\/wp\/v2\/posts\/2398","targetHints":{"allow":["GET"]}}],"collection":[{"href":"https:\/\/www.mavihaber.com.tr\/index.php?rest_route=\/wp\/v2\/posts"}],"about":[{"href":"https:\/\/www.mavihaber.com.tr\/index.php?rest_route=\/wp\/v2\/types\/post"}],"author":[{"embeddable":true,"href":"https:\/\/www.mavihaber.com.tr\/index.php?rest_route=\/wp\/v2\/users\/1"}],"replies":[{"embeddable":true,"href":"https:\/\/www.mavihaber.com.tr\/index.php?rest_route=%2Fwp%2Fv2%2Fcomments&post=2398"}],"version-history":[{"count":1,"href":"https:\/\/www.mavihaber.com.tr\/index.php?rest_route=\/wp\/v2\/posts\/2398\/revisions"}],"predecessor-version":[{"id":2400,"href":"https:\/\/www.mavihaber.com.tr\/index.php?rest_route=\/wp\/v2\/posts\/2398\/revisions\/2400"}],"wp:attachment":[{"href":"https:\/\/www.mavihaber.com.tr\/index.php?rest_route=%2Fwp%2Fv2%2Fmedia&parent=2398"}],"wp:term":[{"taxonomy":"category","embeddable":true,"href":"https:\/\/www.mavihaber.com.tr\/index.php?rest_route=%2Fwp%2Fv2%2Fcategories&post=2398"},{"taxonomy":"post_tag","embeddable":true,"href":"https:\/\/www.mavihaber.com.tr\/index.php?rest_route=%2Fwp%2Fv2%2Ftags&post=2398"}],"curies":[{"name":"wp","href":"https:\/\/api.w.org\/{rel}","templated":true}]}}