{"id":242,"date":"2022-02-03T22:27:39","date_gmt":"2022-02-03T22:27:39","guid":{"rendered":"http:\/\/www.mavihaber.com.tr\/?p=242"},"modified":"2022-02-03T22:27:51","modified_gmt":"2022-02-03T22:27:51","slug":"adanada-hijyenik-urunler-ureten-fabrikanin-deposunda-yangin-cikti","status":"publish","type":"post","link":"https:\/\/www.mavihaber.com.tr\/?p=242","title":{"rendered":"Adana&#8217;da hijyenik \u00fcr\u00fcnler \u00fcreten fabrikan\u0131n deposunda yang\u0131n \u00e7\u0131kt\u0131."},"content":{"rendered":"<p><a class=\"keyword-sd\" title=\"Adana\" href=\"https:\/\/www.sondakika.com\/adana\/\">Adana<\/a>&#8216;da hijyenik \u00fcr\u00fcnler \u00fcreten fabrikan\u0131n deposunda yang\u0131n \u00e7\u0131kt\u0131. H\u0131zla b\u00fcy\u00fcyen yang\u0131na itfaiye ekiplerinin m\u00fcdahalesi devam ediyor.<\/p>\n<p>Yang\u0131n, saat 22.30 s\u0131ralar\u0131nda\u00a0<a class=\"keyword-sd\" title=\"Sar\u0131\u00e7am\" href=\"https:\/\/www.sondakika.com\/saricam\/\">Sar\u0131\u00e7am<\/a>\u00a0il\u00e7esine ba\u011fl\u0131\u00a0<a class=\"keyword-sd\" title=\"Hac\u0131 Sabanc\u0131\" href=\"https:\/\/www.sondakika.com\/haci-sabanci\/\">Hac\u0131 Sabanc\u0131<\/a>\u00a0Organize Sanayi B\u00f6lgesinde bulunan bir hijyenik \u00fcr\u00fcnleri \u00fcreten fabrikan\u0131n deposunda meydana geldi. Al\u0131nan bilgiye g\u00f6re, fabrikan\u0131n g\u00fcvenli\u011fi depo k\u0131sm\u0131ndan dumanlar\u0131n y\u00fckseldi\u011fi g\u00f6rmesi \u00fczerine durumu itfaiye ekiplerine bildirdi. Bu s\u0131rada k\u0131v\u0131lc\u0131mlar biranda b\u00fcy\u00fcyerek alev topuna d\u00f6n\u00fc\u015ft\u00fc.<\/p>\n<p>Olay yerine \u00e7ok say\u0131da itfaiye ekibi geldi.\u00a0<a class=\"keyword-sd\" title=\"\u0130tfaiye\" href=\"https:\/\/www.sondakika.com\/itfaiye\/\">\u0130tfaiye<\/a>\u00a0ekipleri yang\u0131na m\u00fcdahaleye etmeye ba\u015flad\u0131. Ancak i\u00e7erideki hijyenik \u00fcr\u00fcnlerinde bulunan kimyasallardan dolay\u0131 yang\u0131n b\u00fcy\u00fcyerek depoyu tamamen sard\u0131. Yakla\u015f\u0131k 2 saatlik m\u00fcdahalenin ard\u0131ndan itfaiye ekipleri yang\u0131n\u0131 kontrol alt\u0131na alarak etrafta bulunan fabrikalara s\u0131\u00e7ramas\u0131n\u0131 \u00f6nledi.<\/p>\n<p>\u0130tfaiyenin \u00e7\u0131kan yang\u0131n\u0131 s\u00f6nd\u00fcrme \u00e7al\u0131\u015fmalar\u0131 devam ediyor<\/p>\n","protected":false},"excerpt":{"rendered":"<p>Adana&#8216;da hijyenik \u00fcr\u00fcnler \u00fcreten fabrikan\u0131n deposunda yang\u0131n \u00e7\u0131kt\u0131. H\u0131zla b\u00fcy\u00fcyen yang\u0131na itfaiye ekiplerinin m\u00fcdahalesi devam ediyor. Yang\u0131n, saat 22.30 s\u0131ralar\u0131nda\u00a0Sar\u0131\u00e7am\u00a0il\u00e7esine<\/p>\n","protected":false},"author":1,"featured_media":0,"comment_status":"open","ping_status":"open","sticky":false,"template":"","format":"standard","meta":{"footnotes":""},"categories":[14],"tags":[],"class_list":["post-242","post","type-post","status-publish","format-standard","hentry","category-son-dakika"],"yoast_head":"<!-- This site is optimized with the Yoast SEO plugin v28.2 - https:\/\/yoast.com\/product\/yoast-seo-wordpress\/ -->\n<title>Adana&#039;da hijyenik \u00fcr\u00fcnler \u00fcreten fabrikan\u0131n deposunda yang\u0131n \u00e7\u0131kt\u0131. - MAV\u0130 HABER<\/title>\n<meta name=\"robots\" content=\"index, follow, max-snippet:-1, max-image-preview:large, max-video-preview:-1\" \/>\n<link rel=\"canonical\" href=\"https:\/\/www.mavihaber.com.tr\/?p=242\" \/>\n<meta property=\"og:locale\" content=\"tr_TR\" \/>\n<meta property=\"og:type\" content=\"article\" \/>\n<meta property=\"og:title\" content=\"ADANA DA FABR\u0130KADA YANGIN \u00c7IKTI\" \/>\n<meta property=\"og:description\" content=\"Yang\u0131n, saat 22.30 s\u0131ralar\u0131nda\u00a0Sar\u0131\u00e7am\u00a0il\u00e7esine ba\u011fl\u0131\u00a0Hac\u0131 Sabanc\u0131\u00a0Organize Sanayi B\u00f6lgesinde bulunan bir hijyenik \u00fcr\u00fcnleri \u00fcreten fabrikan\u0131n deposunda meydana geldi.\" \/>\n<meta property=\"og:url\" content=\"https:\/\/www.mavihaber.com.tr\/?p=242\" \/>\n<meta property=\"og:site_name\" content=\"MAV\u0130 HABER\" \/>\n<meta property=\"article:publisher\" content=\"https:\/\/www.facebook.com\/ceyhan.mavi.142\/\" \/>\n<meta property=\"article:published_time\" content=\"2022-02-03T22:27:39+00:00\" \/>\n<meta property=\"article:modified_time\" content=\"2022-02-03T22:27:51+00:00\" \/>\n<meta name=\"author\" content=\"MAV\u0130 HABER\" \/>\n<meta name=\"twitter:card\" content=\"summary_large_image\" \/>\n<meta name=\"twitter:creator\" content=\"@ceyhanmavihaber\" \/>\n<meta name=\"twitter:site\" content=\"@ceyhanmavihaber\" \/>\n<meta name=\"twitter:label1\" content=\"Yazan:\" \/>\n\t<meta name=\"twitter:data1\" content=\"MAV\u0130 HABER\" \/>\n\t<meta name=\"twitter:label2\" content=\"Tahmini okuma s\u00fcresi\" \/>\n\t<meta name=\"twitter:data2\" content=\"1 dakika\" \/>\n<script type=\"application\/ld+json\" class=\"yoast-schema-graph\">{\"@context\":\"https:\\\/\\\/schema.org\",\"@graph\":[{\"@type\":\"Article\",\"@id\":\"https:\\\/\\\/www.mavihaber.com.tr\\\/?p=242#article\",\"isPartOf\":{\"@id\":\"https:\\\/\\\/www.mavihaber.com.tr\\\/?p=242\"},\"author\":{\"name\":\"MAV\u0130 HABER\",\"@id\":\"https:\\\/\\\/www.mavihaber.com.tr\\\/#\\\/schema\\\/person\\\/6b483c36decdaf2ea80ccc7e00592ec5\"},\"headline\":\"Adana&#8217;da hijyenik \u00fcr\u00fcnler \u00fcreten fabrikan\u0131n deposunda yang\u0131n \u00e7\u0131kt\u0131.\",\"datePublished\":\"2022-02-03T22:27:39+00:00\",\"dateModified\":\"2022-02-03T22:27:51+00:00\",\"mainEntityOfPage\":{\"@id\":\"https:\\\/\\\/www.mavihaber.com.tr\\\/?p=242\"},\"wordCount\":173,\"commentCount\":0,\"publisher\":{\"@id\":\"https:\\\/\\\/www.mavihaber.com.tr\\\/#organization\"},\"articleSection\":[\"Son Dakika\"],\"inLanguage\":\"tr\",\"potentialAction\":[{\"@type\":\"CommentAction\",\"name\":\"Comment\",\"target\":[\"https:\\\/\\\/www.mavihaber.com.tr\\\/?p=242#respond\"]}]},{\"@type\":\"WebPage\",\"@id\":\"https:\\\/\\\/www.mavihaber.com.tr\\\/?p=242\",\"url\":\"https:\\\/\\\/www.mavihaber.com.tr\\\/?p=242\",\"name\":\"Adana'da hijyenik \u00fcr\u00fcnler \u00fcreten fabrikan\u0131n deposunda yang\u0131n \u00e7\u0131kt\u0131. - MAV\u0130 HABER\",\"isPartOf\":{\"@id\":\"https:\\\/\\\/www.mavihaber.com.tr\\\/#website\"},\"datePublished\":\"2022-02-03T22:27:39+00:00\",\"dateModified\":\"2022-02-03T22:27:51+00:00\",\"breadcrumb\":{\"@id\":\"https:\\\/\\\/www.mavihaber.com.tr\\\/?p=242#breadcrumb\"},\"inLanguage\":\"tr\",\"potentialAction\":[{\"@type\":\"ReadAction\",\"target\":[\"https:\\\/\\\/www.mavihaber.com.tr\\\/?p=242\"]}]},{\"@type\":\"BreadcrumbList\",\"@id\":\"https:\\\/\\\/www.mavihaber.com.tr\\\/?p=242#breadcrumb\",\"itemListElement\":[{\"@type\":\"ListItem\",\"position\":1,\"name\":\"Anasayfa\",\"item\":\"https:\\\/\\\/www.mavihaber.com.tr\\\/\"},{\"@type\":\"ListItem\",\"position\":2,\"name\":\"Adana&#8217;da hijyenik \u00fcr\u00fcnler \u00fcreten fabrikan\u0131n deposunda yang\u0131n \u00e7\u0131kt\u0131.\"}]},{\"@type\":\"WebSite\",\"@id\":\"https:\\\/\\\/www.mavihaber.com.tr\\\/#website\",\"url\":\"https:\\\/\\\/www.mavihaber.com.tr\\\/\",\"name\":\"MAV\u0130 HABER\",\"description\":\"S&Ouml;Z U&Ccedil;AR YAZI KALIR\",\"publisher\":{\"@id\":\"https:\\\/\\\/www.mavihaber.com.tr\\\/#organization\"},\"potentialAction\":[{\"@type\":\"SearchAction\",\"target\":{\"@type\":\"EntryPoint\",\"urlTemplate\":\"https:\\\/\\\/www.mavihaber.com.tr\\\/?s={search_term_string}\"},\"query-input\":{\"@type\":\"PropertyValueSpecification\",\"valueRequired\":true,\"valueName\":\"search_term_string\"}}],\"inLanguage\":\"tr\"},{\"@type\":\"Organization\",\"@id\":\"https:\\\/\\\/www.mavihaber.com.tr\\\/#organization\",\"name\":\"MAV\u0130 HABER\",\"url\":\"https:\\\/\\\/www.mavihaber.com.tr\\\/\",\"logo\":{\"@type\":\"ImageObject\",\"inLanguage\":\"tr\",\"@id\":\"https:\\\/\\\/www.mavihaber.com.tr\\\/#\\\/schema\\\/logo\\\/image\\\/\",\"url\":\"http:\\\/\\\/www.mavihaber.com.tr\\\/wp-content\\\/uploads\\\/2022\\\/02\\\/mavi-logo.png\",\"contentUrl\":\"http:\\\/\\\/www.mavihaber.com.tr\\\/wp-content\\\/uploads\\\/2022\\\/02\\\/mavi-logo.png\",\"width\":301,\"height\":81,\"caption\":\"MAV\u0130 HABER\"},\"image\":{\"@id\":\"https:\\\/\\\/www.mavihaber.com.tr\\\/#\\\/schema\\\/logo\\\/image\\\/\"},\"sameAs\":[\"https:\\\/\\\/www.facebook.com\\\/ceyhan.mavi.142\\\/\",\"https:\\\/\\\/x.com\\\/ceyhanmavihaber\",\"https:\\\/\\\/www.instagram.com\\\/ceyhanmavihaber\\\/\",\"https:\\\/\\\/www.youtube.com\\\/channel\\\/UCJQ-0-AFgj2GjI269QDUwNw\"]},{\"@type\":\"Person\",\"@id\":\"https:\\\/\\\/www.mavihaber.com.tr\\\/#\\\/schema\\\/person\\\/6b483c36decdaf2ea80ccc7e00592ec5\",\"name\":\"MAV\u0130 HABER\",\"image\":{\"@type\":\"ImageObject\",\"inLanguage\":\"tr\",\"@id\":\"https:\\\/\\\/secure.gravatar.com\\\/avatar\\\/8ec447ff07537b3472bb74c7b4212a4d84d9e722e01a066cab36264a08dd2a23?s=96&d=mm&r=g\",\"url\":\"https:\\\/\\\/secure.gravatar.com\\\/avatar\\\/8ec447ff07537b3472bb74c7b4212a4d84d9e722e01a066cab36264a08dd2a23?s=96&d=mm&r=g\",\"contentUrl\":\"https:\\\/\\\/secure.gravatar.com\\\/avatar\\\/8ec447ff07537b3472bb74c7b4212a4d84d9e722e01a066cab36264a08dd2a23?s=96&d=mm&r=g\",\"caption\":\"MAV\u0130 HABER\"},\"sameAs\":[\"http:\\\/\\\/www.mavihaber.com.tr\"],\"url\":\"https:\\\/\\\/www.mavihaber.com.tr\\\/?author=1\"}]}<\/script>\n<!-- \/ Yoast SEO plugin. -->","yoast_head_json":{"title":"Adana'da hijyenik \u00fcr\u00fcnler \u00fcreten fabrikan\u0131n deposunda yang\u0131n \u00e7\u0131kt\u0131. - MAV\u0130 HABER","robots":{"index":"index","follow":"follow","max-snippet":"max-snippet:-1","max-image-preview":"max-image-preview:large","max-video-preview":"max-video-preview:-1"},"canonical":"https:\/\/www.mavihaber.com.tr\/?p=242","og_locale":"tr_TR","og_type":"article","og_title":"ADANA DA FABR\u0130KADA YANGIN \u00c7IKTI","og_description":"Yang\u0131n, saat 22.30 s\u0131ralar\u0131nda\u00a0Sar\u0131\u00e7am\u00a0il\u00e7esine ba\u011fl\u0131\u00a0Hac\u0131 Sabanc\u0131\u00a0Organize Sanayi B\u00f6lgesinde bulunan bir hijyenik \u00fcr\u00fcnleri \u00fcreten fabrikan\u0131n deposunda meydana geldi.","og_url":"https:\/\/www.mavihaber.com.tr\/?p=242","og_site_name":"MAV\u0130 HABER","article_publisher":"https:\/\/www.facebook.com\/ceyhan.mavi.142\/","article_published_time":"2022-02-03T22:27:39+00:00","article_modified_time":"2022-02-03T22:27:51+00:00","author":"MAV\u0130 HABER","twitter_card":"summary_large_image","twitter_creator":"@ceyhanmavihaber","twitter_site":"@ceyhanmavihaber","twitter_misc":{"Yazan:":"MAV\u0130 HABER","Tahmini okuma s\u00fcresi":"1 dakika"},"schema":{"@context":"https:\/\/schema.org","@graph":[{"@type":"Article","@id":"https:\/\/www.mavihaber.com.tr\/?p=242#article","isPartOf":{"@id":"https:\/\/www.mavihaber.com.tr\/?p=242"},"author":{"name":"MAV\u0130 HABER","@id":"https:\/\/www.mavihaber.com.tr\/#\/schema\/person\/6b483c36decdaf2ea80ccc7e00592ec5"},"headline":"Adana&#8217;da hijyenik \u00fcr\u00fcnler \u00fcreten fabrikan\u0131n deposunda yang\u0131n \u00e7\u0131kt\u0131.","datePublished":"2022-02-03T22:27:39+00:00","dateModified":"2022-02-03T22:27:51+00:00","mainEntityOfPage":{"@id":"https:\/\/www.mavihaber.com.tr\/?p=242"},"wordCount":173,"commentCount":0,"publisher":{"@id":"https:\/\/www.mavihaber.com.tr\/#organization"},"articleSection":["Son Dakika"],"inLanguage":"tr","potentialAction":[{"@type":"CommentAction","name":"Comment","target":["https:\/\/www.mavihaber.com.tr\/?p=242#respond"]}]},{"@type":"WebPage","@id":"https:\/\/www.mavihaber.com.tr\/?p=242","url":"https:\/\/www.mavihaber.com.tr\/?p=242","name":"Adana'da hijyenik \u00fcr\u00fcnler \u00fcreten fabrikan\u0131n deposunda yang\u0131n \u00e7\u0131kt\u0131. - MAV\u0130 HABER","isPartOf":{"@id":"https:\/\/www.mavihaber.com.tr\/#website"},"datePublished":"2022-02-03T22:27:39+00:00","dateModified":"2022-02-03T22:27:51+00:00","breadcrumb":{"@id":"https:\/\/www.mavihaber.com.tr\/?p=242#breadcrumb"},"inLanguage":"tr","potentialAction":[{"@type":"ReadAction","target":["https:\/\/www.mavihaber.com.tr\/?p=242"]}]},{"@type":"BreadcrumbList","@id":"https:\/\/www.mavihaber.com.tr\/?p=242#breadcrumb","itemListElement":[{"@type":"ListItem","position":1,"name":"Anasayfa","item":"https:\/\/www.mavihaber.com.tr\/"},{"@type":"ListItem","position":2,"name":"Adana&#8217;da hijyenik \u00fcr\u00fcnler \u00fcreten fabrikan\u0131n deposunda yang\u0131n \u00e7\u0131kt\u0131."}]},{"@type":"WebSite","@id":"https:\/\/www.mavihaber.com.tr\/#website","url":"https:\/\/www.mavihaber.com.tr\/","name":"MAV\u0130 HABER","description":"S&Ouml;Z U&Ccedil;AR YAZI KALIR","publisher":{"@id":"https:\/\/www.mavihaber.com.tr\/#organization"},"potentialAction":[{"@type":"SearchAction","target":{"@type":"EntryPoint","urlTemplate":"https:\/\/www.mavihaber.com.tr\/?s={search_term_string}"},"query-input":{"@type":"PropertyValueSpecification","valueRequired":true,"valueName":"search_term_string"}}],"inLanguage":"tr"},{"@type":"Organization","@id":"https:\/\/www.mavihaber.com.tr\/#organization","name":"MAV\u0130 HABER","url":"https:\/\/www.mavihaber.com.tr\/","logo":{"@type":"ImageObject","inLanguage":"tr","@id":"https:\/\/www.mavihaber.com.tr\/#\/schema\/logo\/image\/","url":"http:\/\/www.mavihaber.com.tr\/wp-content\/uploads\/2022\/02\/mavi-logo.png","contentUrl":"http:\/\/www.mavihaber.com.tr\/wp-content\/uploads\/2022\/02\/mavi-logo.png","width":301,"height":81,"caption":"MAV\u0130 HABER"},"image":{"@id":"https:\/\/www.mavihaber.com.tr\/#\/schema\/logo\/image\/"},"sameAs":["https:\/\/www.facebook.com\/ceyhan.mavi.142\/","https:\/\/x.com\/ceyhanmavihaber","https:\/\/www.instagram.com\/ceyhanmavihaber\/","https:\/\/www.youtube.com\/channel\/UCJQ-0-AFgj2GjI269QDUwNw"]},{"@type":"Person","@id":"https:\/\/www.mavihaber.com.tr\/#\/schema\/person\/6b483c36decdaf2ea80ccc7e00592ec5","name":"MAV\u0130 HABER","image":{"@type":"ImageObject","inLanguage":"tr","@id":"https:\/\/secure.gravatar.com\/avatar\/8ec447ff07537b3472bb74c7b4212a4d84d9e722e01a066cab36264a08dd2a23?s=96&d=mm&r=g","url":"https:\/\/secure.gravatar.com\/avatar\/8ec447ff07537b3472bb74c7b4212a4d84d9e722e01a066cab36264a08dd2a23?s=96&d=mm&r=g","contentUrl":"https:\/\/secure.gravatar.com\/avatar\/8ec447ff07537b3472bb74c7b4212a4d84d9e722e01a066cab36264a08dd2a23?s=96&d=mm&r=g","caption":"MAV\u0130 HABER"},"sameAs":["http:\/\/www.mavihaber.com.tr"],"url":"https:\/\/www.mavihaber.com.tr\/?author=1"}]}},"views":423,"_links":{"self":[{"href":"https:\/\/www.mavihaber.com.tr\/index.php?rest_route=\/wp\/v2\/posts\/242","targetHints":{"allow":["GET"]}}],"collection":[{"href":"https:\/\/www.mavihaber.com.tr\/index.php?rest_route=\/wp\/v2\/posts"}],"about":[{"href":"https:\/\/www.mavihaber.com.tr\/index.php?rest_route=\/wp\/v2\/types\/post"}],"author":[{"embeddable":true,"href":"https:\/\/www.mavihaber.com.tr\/index.php?rest_route=\/wp\/v2\/users\/1"}],"replies":[{"embeddable":true,"href":"https:\/\/www.mavihaber.com.tr\/index.php?rest_route=%2Fwp%2Fv2%2Fcomments&post=242"}],"version-history":[{"count":2,"href":"https:\/\/www.mavihaber.com.tr\/index.php?rest_route=\/wp\/v2\/posts\/242\/revisions"}],"predecessor-version":[{"id":245,"href":"https:\/\/www.mavihaber.com.tr\/index.php?rest_route=\/wp\/v2\/posts\/242\/revisions\/245"}],"wp:attachment":[{"href":"https:\/\/www.mavihaber.com.tr\/index.php?rest_route=%2Fwp%2Fv2%2Fmedia&parent=242"}],"wp:term":[{"taxonomy":"category","embeddable":true,"href":"https:\/\/www.mavihaber.com.tr\/index.php?rest_route=%2Fwp%2Fv2%2Fcategories&post=242"},{"taxonomy":"post_tag","embeddable":true,"href":"https:\/\/www.mavihaber.com.tr\/index.php?rest_route=%2Fwp%2Fv2%2Ftags&post=242"}],"curies":[{"name":"wp","href":"https:\/\/api.w.org\/{rel}","templated":true}]}}