{"id":2484,"date":"2022-05-31T08:29:51","date_gmt":"2022-05-31T08:29:51","guid":{"rendered":"http:\/\/www.mavihaber.com.tr\/?p=2484"},"modified":"2022-05-31T08:29:51","modified_gmt":"2022-05-31T08:29:51","slug":"tarsim-aba-altindan-sopa-mi-gosteriyor","status":"publish","type":"post","link":"https:\/\/www.mavihaber.com.tr\/?p=2484","title":{"rendered":"\u201cTARS\u0130M, aba alt\u0131ndan sopa m\u0131 g\u00f6steriyor?\u201d"},"content":{"rendered":"<p>Meclise soru \u00f6nergesi sunan CHP Adana Milletvekili Dr. M\u00fczeyyen \u015eevkin, her defas\u0131nda medya kurulu\u015flar\u0131na dayanaktan yoksun tekzip metni g\u00f6nderen TARS\u0130M\u2019e sert tepki g\u00f6sterdi<\/p>\n<p>CHP\u2019li Dr. \u015eevkin, TARS\u0130M\u2019e tepki g\u00f6sterdi Bakan\u0131 soru ya\u011fmuruna tuttu<\/p>\n<p>TARS\u0130M\u2019in \u00e7ift\u00e7iye ve medyaya olan tavr\u0131 meclise ta\u015f\u0131nd\u0131<\/p>\n<p>\u201cTARS\u0130M, medyan\u0131n pe\u015fini b\u0131rak, zarar g\u00f6ren \u00e7ift\u00e7iye \u00f6deme yap!\u201d<\/p>\n<p>ANKARA \u2013 Cumhuriyet Halk Partisi (CHP) Adana Milletvekili Dr. M\u00fczeyyen \u015eevkin, Adana ba\u015fta olmak \u00fczere Akdeniz B\u00f6lgesi\u2019nde ya\u015fanan zirai don nedeniyle \u00fcr\u00fcnleri zarar g\u00f6ren \u00e7ift\u00e7inin hakk\u0131n\u0131 korumak i\u00e7in yapt\u0131\u011f\u0131 a\u00e7\u0131klamalar nedeniyle yaz\u0131l\u0131, g\u00f6rsel ve i\u015fitsel medyaya \u2018tekzip\u2019 metni g\u00f6nderen Tar\u0131m Sigortalar\u0131 Havuzu (TARS\u0130M) yetkililerine sert tepki g\u00f6sterdi. \u201cTARS\u0130M, ABA ALTNDA SOPAG\u00d6STERMEY\u0130 BIRAKSIN\u201d<\/p>\n<p>Akdeniz B\u00f6lgesi\u2019nde 20 Mart 2022\u2019de etkili olan \u2018zirai don\u2019un \u00f6zellikle Adana ve Mersin\u2019de binlerce narenciye bah\u00e7esi ve bu\u011fday tarlas\u0131na zarar verdi\u011fini an\u0131msatan Dr. \u015eevkin, TARS\u0130M\u2019in sorumluluktan ka\u00e7ma mant\u0131\u011f\u0131 ve anla\u015f\u0131lmaz tutumu nedeniyle Tar\u0131m ve Orman Bakan\u0131 Vahit Kiri\u015f\u00e7i\u2019nin yan\u0131tlamas\u0131 istemiyle meclise soru \u00f6nergesi sundu. Zirai dondan ayr\u0131ca \u015feftali ve sert \u00e7ekirdekli meyve bah\u00e7elerinin de olumsuz etkilendi\u011fini, karpuz, m\u0131s\u0131r, domates ve patates ekili alanlarda da ciddi zararlar olu\u015ftu\u011funu dile getiren Dr. \u015eevkin, Bakan Kiri\u015f\u00e7i\u2019ye, \u201cTARS\u0130M\u2019in milletvekillerinin yapt\u0131\u011f\u0131 her a\u00e7\u0131klamada ya da T\u00fcrkiye B\u00fcy\u00fck Millet Meclisi\u2019ne sundu\u011fu soru \u00f6nergelerinin bas\u0131na yans\u0131mas\u0131n\u0131n yan\u0131 s\u0131ra \u00fcretici \u00f6rg\u00fctlerinin yapt\u0131\u011f\u0131 a\u00e7\u0131klamalar\u0131n hemen ard\u0131ndan medya kurulu\u015flar\u0131na aba alt\u0131ndan sopa g\u00f6sterir gibi, dayanaktan yoksun \u2018tekzip\u2019 metni g\u00f6ndermesinin nedenleri nelerdir?\u201d sorusunu y\u00f6neltti.<\/p>\n<p>\u201c\u00c7\u0130FT\u00c7\u0130, UMDU\u011eUNU BULAMIYOR\u201d<\/p>\n<p>\u00c7ift\u00e7ilerin yapraklar\u0131 sararan, dallar\u0131 kuruyan narenciye a\u011fa\u00e7lar\u0131n\u0131 kesti\u011fini, zarar g\u00f6ren tarla, sera veya bah\u00e7elerindeki \u00fcr\u00fcnleri s\u00f6k\u00fcp yerine yenisini ekmek durumunda kald\u0131\u011f\u0131n\u0131 vurgulayan Dr. \u015eevin, \u201cAyr\u0131ca zarar g\u00f6ren bah\u00e7e ve tarlalar\u0131n kurtar\u0131lmas\u0131 amac\u0131yla sulama yap\u0131lm\u0131\u015f ancak \u00e7ift\u00e7i umdu\u011funu bulamam\u0131\u015ft\u0131r.<\/p>\n<p>T\u00fcm bunlar ya\u015fan\u0131rken \u00e7ift\u00e7ilerin \u00fcr\u00fcnlerini sigortalatt\u0131\u011f\u0131 Tar\u0131m Sigortalar\u0131 Havuzu (TARS\u0130M) t\u00fcrl\u00fc bahanelerle, izah\u0131 m\u00fcmk\u00fcn olmayan gerek\u00e7elerle \u00e7ift\u00e7iyi oyalam\u0131\u015f, \u00f6deme yapmaman\u0131n yollar\u0131n\u0131 aram\u0131\u015ft\u0131r. \u00dcr\u00fcn\u00fc zarar g\u00f6ren \u00e7ift\u00e7ilerin \u00e7e\u015fitli ulusal ve yerel televizyonlarda, yaz\u0131l\u0131, g\u00f6rsel ya da internet medyas\u0131na yans\u0131yan tepkileri kamuoyunca da bilinmektedir\u201d diye konu\u015ftu.<\/p>\n<p>\u201cTARS\u0130M\u2019\u0130 BAKANLI\u011eA \u015e\u0130KAYET EDEN \u00c7\u0130FT\u00c7\u0130 VAR MI?\u201d<\/p>\n<p>Bakan Kiri\u015f\u00e7i\u2019ye, \u201c\u00dcr\u00fcn\u00fc hasar g\u00f6ren ancak sigorta yapt\u0131rmas\u0131na ra\u011fmen zarar\u0131 kar\u015f\u0131lanmayan \u00e7ift\u00e7i var m\u0131d\u0131r? TARS\u0130M\u2019i Bakanl\u0131\u011f\u0131n\u0131za \u015fikayet eden, zarar\u0131n\u0131n TARS\u0130M taraf\u0131ndan tanzim edilmesini isteyen \u00fcretici var m\u0131d\u0131r? Varsa ka\u00e7 ki\u015fidir?\u201d sorusunu da y\u00f6nelten Dr. \u015eevkin, daha \u00f6nce \u2018poyraz\u2019\u0131 kapsama almayan ancak \u00e7ift\u00e7inin b\u00fcy\u00fck \u00e7abas\u0131 sonucu kapsam\u0131 geni\u015fleten TARS\u0130M\u2019in \u015fimdi de May\u0131s ay\u0131ndan \u00f6nce ger\u00e7ekle\u015fecek \u2018zirai don\u2019un \u00fcr\u00fcnlere verece\u011fi zarar\u0131 kapsam d\u0131\u015f\u0131nda tuttu\u011funu vurgulad\u0131.<\/p>\n<p>Adana ba\u015fta olmak \u00fczere Akdeniz B\u00f6lgesi\u2019nde \u00e7ift\u00e7inin sigortal\u0131 \u00fcr\u00fcnlerinin May\u0131s ay\u0131nda zirai don nedeniyle zarar g\u00f6rmesini beklemenin ve ancak bu yolla \u00f6deme yap\u0131lmas\u0131n\u0131 planlaman\u0131n ak\u0131llara durgunluk verdi\u011fini kaydeden Dr. \u015eevkin, \u201cDevlet garantisindeki TARS\u0130M, \u00e7ift\u00e7iyi oyalamaktan \u00f6te bir i\u015f yapm\u0131yor. Ayr\u0131ca, TARS\u0130M; milletvekillerinin ya da \u00fcretici \u00f6rg\u00fctlerinin yapt\u0131\u011f\u0131 a\u00e7\u0131klamalar\u0131 derhal \u2018yalanlama\u2019 al\u0131\u015fkanl\u0131\u011f\u0131ndan vazge\u00e7melidir. Yaz\u0131l\u0131, g\u00f6rsel, i\u015fitsel ve internet medyas\u0131na uyduruk gerek\u00e7elerle ve aba alt\u0131ndan sopa g\u00f6sterircesine \u2018tekzip\u2019 metni g\u00f6ndermek sorumluluktan ka\u00e7ma anlam\u0131 ta\u015f\u0131maktad\u0131r\u201d diye konu\u015ftu.<\/p>\n<p>\u0130\u015eTE SORULAR\u2026<\/p>\n<p>T\u00fcm girdi, mazot, g\u00fcbre fiyatlar\u0131n\u0131n fahi\u015f oranda zamlanmas\u0131na ra\u011fmen \u00fcretimi esas alan \u00e7ift\u00e7iyi desteklemesi, kara g\u00fcnde yan\u0131nda olmas\u0131 beklenen TARS\u0130M yetkililerinin bu anla\u015f\u0131lmaz tutumunun Tar\u0131m ve Orman Bakanl\u0131\u011f\u0131 taraf\u0131ndan da kabul edilmemesi gerekti\u011fini dile getiren CHP\u2019li Dr. M\u00fczeyyen \u015eevkin, \u015fu sorulara yan\u0131t ar\u0131yor:<\/p>\n<p>SORULAR<\/p>\n<p>1- 20 Mart 2022\u2019de Adana ba\u015fta olmak \u00fczere Akdeniz B\u00f6lgesi\u2019nde meydana gelen zirai don nedeniyle toplam ka\u00e7 dekar arazi, bah\u00e7e ve serada hangi \u00fcr\u00fcnler zarar g\u00f6rm\u00fc\u015ft\u00fcr? Bakanl\u0131\u011f\u0131n\u0131z ve TARS\u0130M, bu konuda bir \u00e7al\u0131\u015fma yapm\u0131\u015f m\u0131d\u0131r?<\/p>\n<p>2- Ya\u015fanan zirai don nedeniyle \u00f6zellikle narenciye bah\u00e7elerinde TARS\u0130M\u2019in yapt\u0131\u011f\u0131 detayl\u0131 inceleme, raporlama var m\u0131d\u0131r? Varsa sonu\u00e7lar\u0131 nelerdir? Olumsuz etkilenen toplam ka\u00e7 \u00fcreticinin ka\u00e7 liral\u0131k zarar\u0131 kar\u015f\u0131lanm\u0131\u015ft\u0131r?<\/p>\n<p>3- \u00dcr\u00fcn\u00fc hasar g\u00f6ren ancak sigorta yapt\u0131rmas\u0131na ra\u011fmen zarar\u0131 kar\u015f\u0131lanmayan \u00e7ift\u00e7i var m\u0131d\u0131r? TARS\u0130M\u2019i Bakanl\u0131\u011f\u0131n\u0131za \u015fikayet eden, zarar\u0131n\u0131n TARS\u0130M taraf\u0131ndan tanzim edilmesini isteyen \u00fcretici var m\u0131d\u0131r? Varsa ka\u00e7 ki\u015fidir?<\/p>\n<p>4- \u00dcr\u00fcnler zarar g\u00f6rmesine ra\u011fmen TARS\u0130M eksperlerinin yapt\u0131\u011f\u0131 incelemelerde \u00f6deme yap\u0131lmayaca\u011f\u0131na y\u00f6nelik rapor d\u00fczenlenen bah\u00e7e, sera ya da tarla var m\u0131d\u0131r? Varsa olumsuz rapor ya da raporlar\u0131n gerek\u00e7eleri nelerdir?<\/p>\n<p>5- TARS\u0130M\u2019in milletvekillerinin yapt\u0131\u011f\u0131 her a\u00e7\u0131klamada ya da T\u00fcrkiye B\u00fcy\u00fck Millet Meclisi\u2019ne sundu\u011fu soru \u00f6nergelerinin bas\u0131na yans\u0131mas\u0131n\u0131n yan\u0131 s\u0131ra \u00fcretici \u00f6rg\u00fctlerinin yapt\u0131\u011f\u0131 a\u00e7\u0131klamalar\u0131n hemen ard\u0131ndan medya kurulu\u015flar\u0131na aba alt\u0131ndan sopa g\u00f6sterir gibi, dayanaktan yoksun \u2018tekzip\u2019 metni g\u00f6ndermesinin nedenleri nelerdir?<\/p>\n<p>6- Ya\u015fanan afet olaylar\u0131nda TARS\u0130M\u2019e sigorta yapt\u0131ran ve eksperlerin haz\u0131rlad\u0131\u011f\u0131 hasar raporlar\u0131n\u0131 uygun bulmayan \u00fcretici var m\u0131d\u0131r? Varsa hangi ilde ka\u00e7 ki\u015fidir? Zarar g\u00f6ren \u00e7ift\u00e7iler i\u00e7in yeniden ve do\u011fru bir raporlama i\u015flemi ger\u00e7ekle\u015ftirilecek midir?<\/p>\n<p>7- Avrupa \u00fclkelerinde \u00fcr\u00fcn\u00fcn\u00fc sigortalatan \u00e7ift\u00e7i say\u0131s\u0131 ka\u00e7t\u0131r? \u00dclkelere g\u00f6re ayr\u0131 ayr\u0131 a\u00e7\u0131klar m\u0131s\u0131n\u0131z? T\u00fcrkiye\u2019de TARS\u0130M\u2019e \u00fcr\u00fcn sigortas\u0131 yapt\u0131ran \u00e7ift\u00e7i say\u0131s\u0131 ka\u00e7t\u0131r?<\/p>\n<p>8- Tar\u0131m ve Orman Bakanl\u0131\u011f\u0131, \u00e7ift\u00e7inin borcunun ertelenmesinin d\u0131\u015f\u0131nda b\u00fcy\u00fck oranda destekleme vermeyi d\u00fc\u015f\u00fcn\u00fcyor mu? D\u00fc\u015f\u00fcn\u00fcyorsa belirlenen bir tarih aral\u0131\u011f\u0131 var m\u0131d\u0131r?<\/p>\n<p>9- Girdi fiyatlar\u0131n\u0131n y\u00fczde 200 ila 400 oran\u0131nda artt\u0131\u011f\u0131 g\u00f6z \u00f6n\u00fcne al\u0131nd\u0131\u011f\u0131nda kurakl\u0131k desteklerinin 2022 y\u0131l\u0131 i\u00e7in daha fazla verilmesine dair bir \u00e7al\u0131\u015fma var m\u0131d\u0131r?<\/p>\n<p>10- \u00c7ift\u00e7inin kulland\u0131\u011f\u0131 elektrik enerjisi fiyat\u0131n\u0131n d\u00fc\u015f\u00fcr\u00fclmesine y\u00f6nelik bir \u00e7al\u0131\u015fma var m\u0131d\u0131r? Varsa bu oran y\u00fczde ka\u00e7 olacakt\u0131r?<\/p>\n","protected":false},"excerpt":{"rendered":"<p>Meclise soru \u00f6nergesi sunan CHP Adana Milletvekili Dr. M\u00fczeyyen \u015eevkin, her defas\u0131nda medya kurulu\u015flar\u0131na dayanaktan yoksun tekzip metni g\u00f6nderen TARS\u0130M\u2019e<\/p>\n","protected":false},"author":1,"featured_media":0,"comment_status":"open","ping_status":"open","sticky":false,"template":"","format":"standard","meta":{"footnotes":""},"categories":[8,10,13],"tags":[],"class_list":["post-2484","post","type-post","status-publish","format-standard","hentry","category-ekonomi","category-gundem","category-siyaset"],"yoast_head":"<!-- This site is optimized with the Yoast SEO plugin v28.2 - https:\/\/yoast.com\/product\/yoast-seo-wordpress\/ -->\n<title>\u201cTARS\u0130M, aba alt\u0131ndan sopa m\u0131 g\u00f6steriyor?\u201d - MAV\u0130 HABER<\/title>\n<meta name=\"robots\" content=\"index, follow, max-snippet:-1, max-image-preview:large, max-video-preview:-1\" \/>\n<link rel=\"canonical\" href=\"https:\/\/www.mavihaber.com.tr\/?p=2484\" \/>\n<meta property=\"og:locale\" content=\"tr_TR\" \/>\n<meta property=\"og:type\" content=\"article\" \/>\n<meta property=\"og:title\" content=\"\u201cTARS\u0130M, aba alt\u0131ndan sopa m\u0131 g\u00f6steriyor?\u201d - MAV\u0130 HABER\" \/>\n<meta property=\"og:description\" content=\"Meclise soru \u00f6nergesi sunan CHP Adana Milletvekili Dr. M\u00fczeyyen \u015eevkin, her defas\u0131nda medya kurulu\u015flar\u0131na dayanaktan yoksun tekzip metni g\u00f6nderen TARS\u0130M\u2019e\" \/>\n<meta property=\"og:url\" content=\"https:\/\/www.mavihaber.com.tr\/?p=2484\" \/>\n<meta property=\"og:site_name\" content=\"MAV\u0130 HABER\" \/>\n<meta property=\"article:publisher\" content=\"https:\/\/www.facebook.com\/ceyhan.mavi.142\/\" \/>\n<meta property=\"article:published_time\" content=\"2022-05-31T08:29:51+00:00\" \/>\n<meta name=\"author\" content=\"MAV\u0130 HABER\" \/>\n<meta name=\"twitter:card\" content=\"summary_large_image\" \/>\n<meta name=\"twitter:creator\" content=\"@ceyhanmavihaber\" \/>\n<meta name=\"twitter:site\" content=\"@ceyhanmavihaber\" \/>\n<meta name=\"twitter:label1\" content=\"Yazan:\" \/>\n\t<meta name=\"twitter:data1\" content=\"MAV\u0130 HABER\" \/>\n\t<meta name=\"twitter:label2\" content=\"Tahmini okuma s\u00fcresi\" \/>\n\t<meta name=\"twitter:data2\" content=\"5 dakika\" \/>\n<script type=\"application\/ld+json\" class=\"yoast-schema-graph\">{\"@context\":\"https:\\\/\\\/schema.org\",\"@graph\":[{\"@type\":\"Article\",\"@id\":\"https:\\\/\\\/www.mavihaber.com.tr\\\/?p=2484#article\",\"isPartOf\":{\"@id\":\"https:\\\/\\\/www.mavihaber.com.tr\\\/?p=2484\"},\"author\":{\"name\":\"MAV\u0130 HABER\",\"@id\":\"https:\\\/\\\/www.mavihaber.com.tr\\\/#\\\/schema\\\/person\\\/6b483c36decdaf2ea80ccc7e00592ec5\"},\"headline\":\"\u201cTARS\u0130M, aba alt\u0131ndan sopa m\u0131 g\u00f6steriyor?\u201d\",\"datePublished\":\"2022-05-31T08:29:51+00:00\",\"mainEntityOfPage\":{\"@id\":\"https:\\\/\\\/www.mavihaber.com.tr\\\/?p=2484\"},\"wordCount\":1160,\"commentCount\":0,\"publisher\":{\"@id\":\"https:\\\/\\\/www.mavihaber.com.tr\\\/#organization\"},\"articleSection\":[\"Ekonomi\",\"G\u00fcndem\",\"Siyaset\"],\"inLanguage\":\"tr\",\"potentialAction\":[{\"@type\":\"CommentAction\",\"name\":\"Comment\",\"target\":[\"https:\\\/\\\/www.mavihaber.com.tr\\\/?p=2484#respond\"]}]},{\"@type\":\"WebPage\",\"@id\":\"https:\\\/\\\/www.mavihaber.com.tr\\\/?p=2484\",\"url\":\"https:\\\/\\\/www.mavihaber.com.tr\\\/?p=2484\",\"name\":\"\u201cTARS\u0130M, aba alt\u0131ndan sopa m\u0131 g\u00f6steriyor?\u201d - MAV\u0130 HABER\",\"isPartOf\":{\"@id\":\"https:\\\/\\\/www.mavihaber.com.tr\\\/#website\"},\"datePublished\":\"2022-05-31T08:29:51+00:00\",\"breadcrumb\":{\"@id\":\"https:\\\/\\\/www.mavihaber.com.tr\\\/?p=2484#breadcrumb\"},\"inLanguage\":\"tr\",\"potentialAction\":[{\"@type\":\"ReadAction\",\"target\":[\"https:\\\/\\\/www.mavihaber.com.tr\\\/?p=2484\"]}]},{\"@type\":\"BreadcrumbList\",\"@id\":\"https:\\\/\\\/www.mavihaber.com.tr\\\/?p=2484#breadcrumb\",\"itemListElement\":[{\"@type\":\"ListItem\",\"position\":1,\"name\":\"Anasayfa\",\"item\":\"https:\\\/\\\/www.mavihaber.com.tr\\\/\"},{\"@type\":\"ListItem\",\"position\":2,\"name\":\"\u201cTARS\u0130M, aba alt\u0131ndan sopa m\u0131 g\u00f6steriyor?\u201d\"}]},{\"@type\":\"WebSite\",\"@id\":\"https:\\\/\\\/www.mavihaber.com.tr\\\/#website\",\"url\":\"https:\\\/\\\/www.mavihaber.com.tr\\\/\",\"name\":\"MAV\u0130 HABER\",\"description\":\"S&Ouml;Z U&Ccedil;AR YAZI KALIR\",\"publisher\":{\"@id\":\"https:\\\/\\\/www.mavihaber.com.tr\\\/#organization\"},\"potentialAction\":[{\"@type\":\"SearchAction\",\"target\":{\"@type\":\"EntryPoint\",\"urlTemplate\":\"https:\\\/\\\/www.mavihaber.com.tr\\\/?s={search_term_string}\"},\"query-input\":{\"@type\":\"PropertyValueSpecification\",\"valueRequired\":true,\"valueName\":\"search_term_string\"}}],\"inLanguage\":\"tr\"},{\"@type\":\"Organization\",\"@id\":\"https:\\\/\\\/www.mavihaber.com.tr\\\/#organization\",\"name\":\"MAV\u0130 HABER\",\"url\":\"https:\\\/\\\/www.mavihaber.com.tr\\\/\",\"logo\":{\"@type\":\"ImageObject\",\"inLanguage\":\"tr\",\"@id\":\"https:\\\/\\\/www.mavihaber.com.tr\\\/#\\\/schema\\\/logo\\\/image\\\/\",\"url\":\"http:\\\/\\\/www.mavihaber.com.tr\\\/wp-content\\\/uploads\\\/2022\\\/02\\\/mavi-logo.png\",\"contentUrl\":\"http:\\\/\\\/www.mavihaber.com.tr\\\/wp-content\\\/uploads\\\/2022\\\/02\\\/mavi-logo.png\",\"width\":301,\"height\":81,\"caption\":\"MAV\u0130 HABER\"},\"image\":{\"@id\":\"https:\\\/\\\/www.mavihaber.com.tr\\\/#\\\/schema\\\/logo\\\/image\\\/\"},\"sameAs\":[\"https:\\\/\\\/www.facebook.com\\\/ceyhan.mavi.142\\\/\",\"https:\\\/\\\/x.com\\\/ceyhanmavihaber\",\"https:\\\/\\\/www.instagram.com\\\/ceyhanmavihaber\\\/\",\"https:\\\/\\\/www.youtube.com\\\/channel\\\/UCJQ-0-AFgj2GjI269QDUwNw\"]},{\"@type\":\"Person\",\"@id\":\"https:\\\/\\\/www.mavihaber.com.tr\\\/#\\\/schema\\\/person\\\/6b483c36decdaf2ea80ccc7e00592ec5\",\"name\":\"MAV\u0130 HABER\",\"image\":{\"@type\":\"ImageObject\",\"inLanguage\":\"tr\",\"@id\":\"https:\\\/\\\/secure.gravatar.com\\\/avatar\\\/8ec447ff07537b3472bb74c7b4212a4d84d9e722e01a066cab36264a08dd2a23?s=96&d=mm&r=g\",\"url\":\"https:\\\/\\\/secure.gravatar.com\\\/avatar\\\/8ec447ff07537b3472bb74c7b4212a4d84d9e722e01a066cab36264a08dd2a23?s=96&d=mm&r=g\",\"contentUrl\":\"https:\\\/\\\/secure.gravatar.com\\\/avatar\\\/8ec447ff07537b3472bb74c7b4212a4d84d9e722e01a066cab36264a08dd2a23?s=96&d=mm&r=g\",\"caption\":\"MAV\u0130 HABER\"},\"sameAs\":[\"http:\\\/\\\/www.mavihaber.com.tr\"],\"url\":\"https:\\\/\\\/www.mavihaber.com.tr\\\/?author=1\"}]}<\/script>\n<!-- \/ Yoast SEO plugin. -->","yoast_head_json":{"title":"\u201cTARS\u0130M, aba alt\u0131ndan sopa m\u0131 g\u00f6steriyor?\u201d - MAV\u0130 HABER","robots":{"index":"index","follow":"follow","max-snippet":"max-snippet:-1","max-image-preview":"max-image-preview:large","max-video-preview":"max-video-preview:-1"},"canonical":"https:\/\/www.mavihaber.com.tr\/?p=2484","og_locale":"tr_TR","og_type":"article","og_title":"\u201cTARS\u0130M, aba alt\u0131ndan sopa m\u0131 g\u00f6steriyor?\u201d - MAV\u0130 HABER","og_description":"Meclise soru \u00f6nergesi sunan CHP Adana Milletvekili Dr. M\u00fczeyyen \u015eevkin, her defas\u0131nda medya kurulu\u015flar\u0131na dayanaktan yoksun tekzip metni g\u00f6nderen TARS\u0130M\u2019e","og_url":"https:\/\/www.mavihaber.com.tr\/?p=2484","og_site_name":"MAV\u0130 HABER","article_publisher":"https:\/\/www.facebook.com\/ceyhan.mavi.142\/","article_published_time":"2022-05-31T08:29:51+00:00","author":"MAV\u0130 HABER","twitter_card":"summary_large_image","twitter_creator":"@ceyhanmavihaber","twitter_site":"@ceyhanmavihaber","twitter_misc":{"Yazan:":"MAV\u0130 HABER","Tahmini okuma s\u00fcresi":"5 dakika"},"schema":{"@context":"https:\/\/schema.org","@graph":[{"@type":"Article","@id":"https:\/\/www.mavihaber.com.tr\/?p=2484#article","isPartOf":{"@id":"https:\/\/www.mavihaber.com.tr\/?p=2484"},"author":{"name":"MAV\u0130 HABER","@id":"https:\/\/www.mavihaber.com.tr\/#\/schema\/person\/6b483c36decdaf2ea80ccc7e00592ec5"},"headline":"\u201cTARS\u0130M, aba alt\u0131ndan sopa m\u0131 g\u00f6steriyor?\u201d","datePublished":"2022-05-31T08:29:51+00:00","mainEntityOfPage":{"@id":"https:\/\/www.mavihaber.com.tr\/?p=2484"},"wordCount":1160,"commentCount":0,"publisher":{"@id":"https:\/\/www.mavihaber.com.tr\/#organization"},"articleSection":["Ekonomi","G\u00fcndem","Siyaset"],"inLanguage":"tr","potentialAction":[{"@type":"CommentAction","name":"Comment","target":["https:\/\/www.mavihaber.com.tr\/?p=2484#respond"]}]},{"@type":"WebPage","@id":"https:\/\/www.mavihaber.com.tr\/?p=2484","url":"https:\/\/www.mavihaber.com.tr\/?p=2484","name":"\u201cTARS\u0130M, aba alt\u0131ndan sopa m\u0131 g\u00f6steriyor?\u201d - MAV\u0130 HABER","isPartOf":{"@id":"https:\/\/www.mavihaber.com.tr\/#website"},"datePublished":"2022-05-31T08:29:51+00:00","breadcrumb":{"@id":"https:\/\/www.mavihaber.com.tr\/?p=2484#breadcrumb"},"inLanguage":"tr","potentialAction":[{"@type":"ReadAction","target":["https:\/\/www.mavihaber.com.tr\/?p=2484"]}]},{"@type":"BreadcrumbList","@id":"https:\/\/www.mavihaber.com.tr\/?p=2484#breadcrumb","itemListElement":[{"@type":"ListItem","position":1,"name":"Anasayfa","item":"https:\/\/www.mavihaber.com.tr\/"},{"@type":"ListItem","position":2,"name":"\u201cTARS\u0130M, aba alt\u0131ndan sopa m\u0131 g\u00f6steriyor?\u201d"}]},{"@type":"WebSite","@id":"https:\/\/www.mavihaber.com.tr\/#website","url":"https:\/\/www.mavihaber.com.tr\/","name":"MAV\u0130 HABER","description":"S&Ouml;Z U&Ccedil;AR YAZI KALIR","publisher":{"@id":"https:\/\/www.mavihaber.com.tr\/#organization"},"potentialAction":[{"@type":"SearchAction","target":{"@type":"EntryPoint","urlTemplate":"https:\/\/www.mavihaber.com.tr\/?s={search_term_string}"},"query-input":{"@type":"PropertyValueSpecification","valueRequired":true,"valueName":"search_term_string"}}],"inLanguage":"tr"},{"@type":"Organization","@id":"https:\/\/www.mavihaber.com.tr\/#organization","name":"MAV\u0130 HABER","url":"https:\/\/www.mavihaber.com.tr\/","logo":{"@type":"ImageObject","inLanguage":"tr","@id":"https:\/\/www.mavihaber.com.tr\/#\/schema\/logo\/image\/","url":"http:\/\/www.mavihaber.com.tr\/wp-content\/uploads\/2022\/02\/mavi-logo.png","contentUrl":"http:\/\/www.mavihaber.com.tr\/wp-content\/uploads\/2022\/02\/mavi-logo.png","width":301,"height":81,"caption":"MAV\u0130 HABER"},"image":{"@id":"https:\/\/www.mavihaber.com.tr\/#\/schema\/logo\/image\/"},"sameAs":["https:\/\/www.facebook.com\/ceyhan.mavi.142\/","https:\/\/x.com\/ceyhanmavihaber","https:\/\/www.instagram.com\/ceyhanmavihaber\/","https:\/\/www.youtube.com\/channel\/UCJQ-0-AFgj2GjI269QDUwNw"]},{"@type":"Person","@id":"https:\/\/www.mavihaber.com.tr\/#\/schema\/person\/6b483c36decdaf2ea80ccc7e00592ec5","name":"MAV\u0130 HABER","image":{"@type":"ImageObject","inLanguage":"tr","@id":"https:\/\/secure.gravatar.com\/avatar\/8ec447ff07537b3472bb74c7b4212a4d84d9e722e01a066cab36264a08dd2a23?s=96&d=mm&r=g","url":"https:\/\/secure.gravatar.com\/avatar\/8ec447ff07537b3472bb74c7b4212a4d84d9e722e01a066cab36264a08dd2a23?s=96&d=mm&r=g","contentUrl":"https:\/\/secure.gravatar.com\/avatar\/8ec447ff07537b3472bb74c7b4212a4d84d9e722e01a066cab36264a08dd2a23?s=96&d=mm&r=g","caption":"MAV\u0130 HABER"},"sameAs":["http:\/\/www.mavihaber.com.tr"],"url":"https:\/\/www.mavihaber.com.tr\/?author=1"}]}},"views":322,"_links":{"self":[{"href":"https:\/\/www.mavihaber.com.tr\/index.php?rest_route=\/wp\/v2\/posts\/2484","targetHints":{"allow":["GET"]}}],"collection":[{"href":"https:\/\/www.mavihaber.com.tr\/index.php?rest_route=\/wp\/v2\/posts"}],"about":[{"href":"https:\/\/www.mavihaber.com.tr\/index.php?rest_route=\/wp\/v2\/types\/post"}],"author":[{"embeddable":true,"href":"https:\/\/www.mavihaber.com.tr\/index.php?rest_route=\/wp\/v2\/users\/1"}],"replies":[{"embeddable":true,"href":"https:\/\/www.mavihaber.com.tr\/index.php?rest_route=%2Fwp%2Fv2%2Fcomments&post=2484"}],"version-history":[{"count":1,"href":"https:\/\/www.mavihaber.com.tr\/index.php?rest_route=\/wp\/v2\/posts\/2484\/revisions"}],"predecessor-version":[{"id":2486,"href":"https:\/\/www.mavihaber.com.tr\/index.php?rest_route=\/wp\/v2\/posts\/2484\/revisions\/2486"}],"wp:attachment":[{"href":"https:\/\/www.mavihaber.com.tr\/index.php?rest_route=%2Fwp%2Fv2%2Fmedia&parent=2484"}],"wp:term":[{"taxonomy":"category","embeddable":true,"href":"https:\/\/www.mavihaber.com.tr\/index.php?rest_route=%2Fwp%2Fv2%2Fcategories&post=2484"},{"taxonomy":"post_tag","embeddable":true,"href":"https:\/\/www.mavihaber.com.tr\/index.php?rest_route=%2Fwp%2Fv2%2Ftags&post=2484"}],"curies":[{"name":"wp","href":"https:\/\/api.w.org\/{rel}","templated":true}]}}